{"id":36819,"date":"2026-04-25T17:28:59","date_gmt":"2026-04-25T17:28:59","guid":{"rendered":"https:\/\/lequotidien.mr\/?p=36819"},"modified":"2026-04-25T17:28:59","modified_gmt":"2026-04-25T17:28:59","slug":"boubacar-ould-messaoud-ne-esclave-mort-en-pourvoyeur-de-liberte","status":"publish","type":"post","link":"https:\/\/lequotidien.mr\/?p=36819&lang=fr","title":{"rendered":"Boubacar Ould Messaoud, n\u00e9 esclave, mort en pourvoyeur de libert\u00e9 !"},"content":{"rendered":"<p><strong>Cher Bouba,<\/strong><\/p>\n<p><strong>\u00a0<\/strong>Ainsi t\u2019appelait affectueusement notre cher ami commun Bebbaha Ould Ahmed Youra, lors de notre cheminement ensemble au sein de la d\u00e9funte Union des Forces D\u00e9mocratiques (UFD).<\/p>\n<p>L\u2019aventure de ce parti n\u2019aura dur\u00e9, pour nous, qu\u2019un peu moins de quatre ans.<\/p>\n<p>Pourtant, ce fut un prolifique compagnonnage politique qui nous a tous durablement marqu\u00e9s.<\/p>\n<p>Les ann\u00e9es UFD, furent une (belle) tranche de vie adulte !<\/p>\n<p><strong>L\u2019ambiance UFD <\/strong><\/p>\n<p>Je me suis souvent, silencieusement et d\u00e9licieusement, d\u00e9lect\u00e9 du privil\u00e8ge de vous voir, Bebbaha et toi, chacun de son c\u00f4t\u00e9, si repr\u00e9sentatif, si illustratif de la richesse et de l\u2019extraordinaire vari\u00e9t\u00e9 de la (des?) culture(s) de votre si f\u00e9cond Trarza natal.<\/p>\n<p>Vous, franc, direct, intransigeant, sinc\u00e8re, transparent \u2026 bref , l\u2019incarnation vivante de la figure de la fascinante culture de Lebzougueu.<\/p>\n<p>Lui, allusif, nuanc\u00e9, mod\u00e9r\u00e9, mesur\u00e9, subtil\u2026 bref , la personnification absolue de la passionnante culture des gens de l\u2019Iguidi.<\/p>\n<p>A bien y r\u00e9fl\u00e9chir, ces deux cultures encadrent la r\u00e9gion : chaque ensemble humain du Trarza, par son temp\u00e9rament collectif dominant, se situe, peu ou prou , sur un point de curseur , entre ces deux p\u00f4les , empreint de leurs influences crois\u00e9es .<\/p>\n<p>Vous vous entendiez merveilleusement bien, Bebbaha et toi, dans un duo complice pour le moins insolite.<\/p>\n<p>J\u2019\u00e9tais alors tellement admiratif de votre ind\u00e9fectible amiti\u00e9 personnelle, malgr\u00e9 vos irr\u00e9ductibles diff\u00e9rences d\u2019ascendances culturelles.<\/p>\n<p>Alterner entre vous deux , vous , maniant le verbe haut , direct , percutant , intransigeant et lui , usant de circonvolutions faites d\u2019insinuations , d\u2019allusions et de sous-entendus, bref accommodant-alternant , dis-je , entre vous deux \u00e9tait , au d\u00e9but , pour moi, presque un tourment. C\u2019est devenu, avec le temps, un moment particuli\u00e8rement savoureux.<\/p>\n<p>Au sein de l\u2019UFD, lors des innombrables d\u00e9bats et m\u00e9morables pugilats oratoires , tu \u00e9tais toujours enclin \u00e0 \u00eatre avec tes opinions, pas n\u00e9cessairement avec ton groupuscule.<\/p>\n<p>Tu \u00e9tais d\u00e9j\u00e0 r\u00e9solument ind\u00e9pendant, farouchement\u2026<\/p>\n<p>Tu d\u00e9rogeais caract\u00e9riellement \u00e0 la discipline des groupes politiques et au sectarisme ambiant qu\u2019elle g\u00e9n\u00e8re.<\/p>\n<p>Lors d\u2019un b\u00e9nin malentendu entre notre groupe ( le Mouvement des D\u00e9mocrates Ind\u00e9pendants, MDI ) et le susdit Bebbaha, le tr\u00e8s fin et m\u00e9thodique Moussa Fall me fit un jour cette remarque : \u00ab Abdallahi ne vous y trompez pas avec Bebbaha. Pour vous, dire ce qu\u2019on pense, c\u2019est un devoir. Lui, vient d\u2019un milieu o\u00f9 dire ce qu\u2019on pense, c\u2019est une faiblesse ! \u00bb.<\/p>\n<p>Tu r\u00e9alises alors combien ta solide amiti\u00e9 avec Bebbaha \u00e9tait improbable, d\u00e9routante et paradoxalement rassurante !<\/p>\n<p>Ce n\u2019est s\u00fbrement pas le moindre des miracles de l\u2019UFD, ni le plus surprenant des ressorts de tol\u00e9rance et de convivialit\u00e9 de la soci\u00e9t\u00e9 mauritanienne.<\/p>\n<p><strong>Visite chez nos r\u00e9fugi\u00e9s au S\u00e9n\u00e9gal <\/strong><\/p>\n<p>En 1993 , d\u00e8s la reprise des liaisons a\u00e9riennes entre la Mauritanie et le S\u00e9n\u00e9gal, dans la foul\u00e9e de la r\u00e9conciliation post-1989 , l\u2019UFD avait d\u00e9cid\u00e9 de mandater une d\u00e9l\u00e9gation de haut niveau pour visiter les camps de r\u00e9fugi\u00e9s mauritaniens au S\u00e9n\u00e9gal.<\/p>\n<p>Pr\u00e9sid\u00e9e par feu Diop Mamadou Amadou, deuxi\u00e8me coordinateur de l\u2019UFD, l\u2019honneur nous a \u00e9galement \u00e9chu , \u00e0 toi et moi , d\u2019\u00eatre membres de cette d\u00e9l\u00e9gation pionni\u00e8re.<\/p>\n<p>Nous \u00e9tions alors arriv\u00e9s \u00e0 Dakar par les airs, puis nous avions pris la route pour N\u2019dar (Saint-Louis) o\u00f9 nous avions d\u00e9jeun\u00e9 et largement convers\u00e9 avec le v\u00e9n\u00e9rable Sid\u2019El Mokhtar N\u2019diaye, alors physiquement tr\u00e8s affaibli, mais encore absolument ma\u00eetre de son brillant et vif esprit.<\/p>\n<p>Nous entamions de l\u00e0 , une longue tourn\u00e9e des camps de r\u00e9fugi\u00e9s : de Dagana , \u00e0 c\u00f4t\u00e9 de Doueyra ( Podor ) , jusqu\u2019\u00e0 Matam , en passant par N\u2019dioum, le camp probablement le plus politis\u00e9 de tous .<\/p>\n<p>Nous portions la parole apaisante, conciliante, solidaire et bienveillante de la Nation mauritanienne \u00e0 ceux de ses enfants que les errements de 1989 ont jet\u00e9s hors des fronti\u00e8res nationales.<\/p>\n<p>J\u2019ai v\u00e9cu \u00e0 Nouakchott ces ann\u00e9es 80, annonciatrices de cette trag\u00e9die, o\u00f9 j\u2019ai vu les mauritaniens se mettre \u00e0 ne plus s\u2019aimer.<\/p>\n<p>Notre venue \u00e9tait partout appr\u00e9ci\u00e9e, c\u00e9l\u00e9br\u00e9e, glorifi\u00e9e.<\/p>\n<p>Submerg\u00e9s par l\u2019\u00e9motion des retrouvailles, nos compatriotes r\u00e9fugi\u00e9s en oubliaient presque parfois d\u2019\u00e9voquer leurs reproches \u00e0 la m\u00e8re &#8211; patrie, pr\u00e9f\u00e9rant l\u2019espoir du retour digne que faisait na\u00eetre notre venue.<\/p>\n<p>Cette attente sera fort heureusement honor\u00e9e en 2008 par un retour organis\u00e9 sous les auspices du Haut-commissariat au R\u00e9fugi\u00e9s (HCR).<\/p>\n<p>Cette visite fut probablement le moment o\u00f9 les blessures ouvertes depuis 1989 ont commenc\u00e9 \u00e0 \u00eatre pans\u00e9es et recousues \u2026<\/p>\n<p><strong>La cr\u00e9ation de SOS Esclaves<\/strong><\/p>\n<p>Mon cher cousin, pr\u00e9cieux ami et in\u00e9narrable compagnon de route, Abdel Nasser Outhman Sid\u2019Ahmed El Yessa alias Jemal, a rigoureusement racont\u00e9 cette histoire dans le bel article \u00e9pitaphe qu\u2019il t\u2019a consacr\u00e9.<\/p>\n<p>Je confirme absolument son r\u00e9cit et y ajouterai probablement un autre bout.<\/p>\n<p>Lors des deux r\u00e9unions secr\u00e8tes tenues chez toi en janvier ou f\u00e9vrier 1994, nous \u00e9tions quatre : Messaoud Ould Boulkheir, Boubacar Ould Messaoud, Jemal Yessa et moi .<\/p>\n<p><strong>En politique, il y a aussi, quelquefois, de vertueuses conspirations\u2026<\/strong><\/p>\n<p>\u00c9voquant la figure de Pierre Beregovoy, Fran\u00e7ois Mitterrand disait : \u00ab Cet homme qui a accompli, \u00e0 mes c\u00f4t\u00e9s, tant de t\u00e2ches dures et obscures\u00a0\u00bb.<\/p>\n<p>Lors de ce premier conclave \u00e0 quatre, nous avions alors partag\u00e9 un constat : sauf \u00e0 \u00eatre au pouvoir, les partis politiques ne sont pas le meilleur instrument de lutte contre les permanences de l\u2019esclavage.<\/p>\n<p>\u00c0 chaque fois qu\u2019\u00e0 l\u2019UFD, nous d\u00e9noncions un cas de mise en servitude, le pouvoir nous collait une r\u00e9plique commode et relativement efficace : les faits ne sont pas vraiment av\u00e9r\u00e9s et le propos est simplement celui d\u2019opposants politiques en mal de sujets de mobilisation.<\/p>\n<p>Il \u00e9tait devenu urgent de cr\u00e9er une ONG, une association, bref un vecteur de la soci\u00e9t\u00e9 civile, pour se consacrer \u00e0 ce combat : pouvoir d\u00e9velopper dessus une expertise incontestable et en parler \u00e0 partir d\u2019une posture l\u00e9gitime.<\/p>\n<p>Nous convergions aussi sur l\u2019imp\u00e9rieuse exigence d\u2019ind\u00e9pendance d\u2019une telle organisation et de son dirigeant.<\/p>\n<p>La norme en d\u00e9mocratie est d\u2019\u00e9tablir une fronti\u00e8re claire, une discontinuit\u00e9 organique entre les organisations de la soci\u00e9t\u00e9 civile et les partis politiques : la distanciation organique n\u2019excluant pas les convergences intellectuelles et philosophiques.<\/p>\n<p>Au bout de la premi\u00e8re rencontre, j\u2019ai \u00e9t\u00e9 charg\u00e9 de r\u00e9diger la note conceptuelle, le projet des statuts et du r\u00e8glement int\u00e9rieur de ladite association et (le plus dur) de lui trouver un nom !<\/p>\n<p>A la seconde r\u00e9union, je suis revenu avec lesdits documents et un premier nom : positivement marqu\u00e9 par l\u2019aventure de SOS Racisme en France, j\u2019ai sugg\u00e9r\u00e9 SOS Esclavage.<\/p>\n<p>Notre assembl\u00e9e a tout adopt\u00e9 mais a tiqu\u00e9 sur le nom : s\u00e9ance tenante, je l\u2019ai reformul\u00e9 en un SOS Esclaves qui a emport\u00e9 votre enthousiaste adh\u00e9sion.<\/p>\n<p>Ainsi \u00e9tait cr\u00e9\u00e9e SOS Esclaves et mandat a \u00e9t\u00e9 donn\u00e9 \u00e0 Boubacar de se consacrer \u00e0 son \u00e9closion publique.<\/p>\n<p>C\u2019est un immense sacrifice qu\u2019il a consenti ici : sortir du champ politique dans un pays o\u00f9 tout en d\u00e9pend est une preuve suppl\u00e9mentaire de la solidit\u00e9 de ses convictions.<\/p>\n<p>Il \u00e9tait absolument conscient qu\u2019il renon\u00e7ait ainsi \u00e0 la perspective de devenir un jour d\u00e9put\u00e9, ministre \u00a0s\u2019il avait continu\u00e9 avec ses amis politiques du groupe El Hor \u2026<\/p>\n<p>Mais seul le combat contre l\u2019esclavage, la main lib\u00e9ratrice tendue aux esclaves lui importait.<\/p>\n<p>Les r\u00e9volutionnaires r\u00e9dacteurs de la d\u00e9claration universelle des droits de l\u2019homme et du citoyen ont imagin\u00e9 en 1789, les hommes naissant libres et \u00e9gaux.<\/p>\n<p>Bien plus tard, en 1945, dans la plantation familiale de Tnowguendi dans les environs de Rosso, Boubacar Ould Messaoud est bien n\u00e9 esclave. Mais par un extraordinaire accomplissement d\u2019un destin hors du commun, il a v\u00e9cu et est mort, non seulement en homme libre mais, bien mieux, en pourvoyeur de libert\u00e9 \u00e0 ses compatriotes encore asservis \u2026<\/p>\n<p><strong>Une anecdote pour te faire sourire <\/strong><\/p>\n<p>En plus des responsables politiques qui y sont au quotidien, le si\u00e8ge de l\u2019UFD, g\u00e9n\u00e9reusement offert par le perp\u00e9tuel opposant Bamba Ould Sidi Badi, attirait une vari\u00e9t\u00e9 de bouffons, grouillait souvent de personnages passablement d\u00e9s\u00e9quilibr\u00e9s psychiquement, de qu\u00e9mandeurs \u00e0 l\u2019aff\u00fbt d\u2019une g\u00e9n\u00e9rosit\u00e9 de passage et d\u2019individus en qu\u00eate d\u2019univers de socialisation.<\/p>\n<p>Le jeune (feu) Youssef Hnini \u00e9tait de ceux-l\u00e0.<\/p>\n<p><strong>Sa vie \u00e9tait une autre trag\u00e9die<\/strong><\/p>\n<p>Il avait pour habitude d\u2019aborder certains d\u2019entre nous, ceux qui lui \u00e9taient les plus sympathiques, en s\u2019exclamant \u00e0 la cantonade : \u00ab Un tel je vous aime \u00ab !<\/p>\n<p>Un jour il s\u2019adressa ainsi \u00e0 toi : Boubacar je t\u2019aime !<\/p>\n<p>Tu avais alors bougonn\u00e9, passablement g\u00ean\u00e9 et contrari\u00e9, dans un moment rare de Bizguitude attendrissante : Eh Youssef un homme ne devrait pas dire \u00e7a \u00e0 un homme comme lui !<\/p>\n<p>S\u2019ensuivit pour nous autres, t\u00e9moins privil\u00e9gi\u00e9s de cet instant d\u2019anthologie, un moment de franche et joyeuse hilarit\u00e9 collective\u2026<\/p>\n<p>Qu\u2019Allah te prenne en Son Infinie Mis\u00e9ricorde.<\/p>\n<p><strong>\u0627\u0644\u0644\u0647\u0645 \u0627\u0631\u062d\u0645 \u0628\u0628\u0643\u0631 \u0648\u0644\u062f \u0645\u0633\u0639\u0648\u062f \u0648 \u0627\u063a\u0641\u0631 \u0644\u0647 \u0648 \u0639\u0627\u0641\u0647<\/strong><\/p>\n<p><strong>\u0625\u0646\u0627 \u0644\u0644\u0647 \u0648 \u0625\u0646\u0651\u0627 \u0625\u0644\u064a\u0647 \u0631\u0627\u062c\u0639\u0648\u0646<\/strong><\/p>\n<p><strong>Abdellahi Bah Nagi Kebd<\/strong><\/p>\n<p><strong>Ambassadeur de Mauritanie au Japon<\/strong><\/p>\n<p><strong>Tokyo, le samedi 25 avril 2026<\/strong><\/p>\n","protected":false},"excerpt":{"rendered":"<p>Cher Bouba, \u00a0Ainsi t\u2019appelait affectueusement notre cher ami commun Bebbaha Ould Ahmed Youra, lors de notre cheminement ensemble au sein de la d\u00e9funte Union des Forces D\u00e9mocratiques (UFD). L\u2019aventure de ce parti n\u2019aura dur\u00e9, pour nous, qu\u2019un peu moins de quatre ans. Pourtant, ce fut un prolifique compagnonnage politique qui nous a tous durablement marqu\u00e9s&#8230;&#8230;<\/p>\n","protected":false},"author":12,"featured_media":36823,"comment_status":"open","ping_status":"open","sticky":false,"template":"","format":"standard","meta":{"footnotes":""},"categories":[23,55,59],"tags":[],"class_list":["post-36819","post","type-post","status-publish","format-standard","has-post-thumbnail","hentry","category-actualite","category-culture","category-opinion"],"yoast_head":"<!-- This site is optimized with the Yoast SEO plugin v27.5 - https:\/\/yoast.com\/product\/yoast-seo-wordpress\/ -->\n<title>Boubacar Ould Messaoud, n\u00e9 esclave, mort en pourvoyeur de libert\u00e9 ! - Le Quotidien de Nouakchott<\/title>\n<meta name=\"robots\" content=\"index, follow, max-snippet:-1, max-image-preview:large, max-video-preview:-1\" \/>\n<link rel=\"canonical\" href=\"https:\/\/lequotidien.mr\/?p=36819&lang=fr\" \/>\n<meta property=\"og:locale\" content=\"ar_AR\" \/>\n<meta property=\"og:type\" content=\"article\" \/>\n<meta property=\"og:title\" content=\"Boubacar Ould Messaoud, n\u00e9 esclave, mort en pourvoyeur de libert\u00e9 ! - Le Quotidien de Nouakchott\" \/>\n<meta property=\"og:description\" content=\"Cher Bouba, \u00a0Ainsi t\u2019appelait affectueusement notre cher ami commun Bebbaha Ould Ahmed Youra, lors de notre cheminement ensemble au sein de la d\u00e9funte Union des Forces D\u00e9mocratiques (UFD). L\u2019aventure de ce parti n\u2019aura dur\u00e9, pour nous, qu\u2019un peu moins de quatre ans. Pourtant, ce fut un prolifique compagnonnage politique qui nous a tous durablement marqu\u00e9s......\" \/>\n<meta property=\"og:url\" content=\"https:\/\/lequotidien.mr\/?p=36819&amp;lang=fr\" \/>\n<meta property=\"og:site_name\" content=\"Le Quotidien de Nouakchott\" \/>\n<meta property=\"article:publisher\" content=\"https:\/\/web.facebook.com\/lequotidienmr\" \/>\n<meta property=\"article:published_time\" content=\"2026-04-25T17:28:59+00:00\" \/>\n<meta property=\"og:image\" content=\"https:\/\/lequotidien.mr\/wp-content\/uploads\/2026\/04\/photo-Boubacar-Messaoud-2.jpg\" \/>\n\t<meta property=\"og:image:width\" content=\"640\" \/>\n\t<meta property=\"og:image:height\" content=\"415\" \/>\n\t<meta property=\"og:image:type\" content=\"image\/jpeg\" \/>\n<meta name=\"author\" content=\"Med Ahmed\" \/>\n<meta name=\"twitter:card\" content=\"summary_large_image\" \/>\n<meta name=\"twitter:creator\" content=\"@lequotidienmr\" \/>\n<meta name=\"twitter:site\" content=\"@lequotidienmr\" \/>\n<meta name=\"twitter:label1\" content=\"\u0643\u064f\u062a\u0628 \u0628\u0648\u0627\u0633\u0637\u0629\" \/>\n\t<meta name=\"twitter:data1\" content=\"Med Ahmed\" \/>\n\t<meta name=\"twitter:label2\" content=\"\u0648\u0642\u062a \u0627\u0644\u0642\u0631\u0627\u0621\u0629 \u0627\u0644\u0645\u064f\u0642\u062f\u0651\u0631\" \/>\n\t<meta name=\"twitter:data2\" content=\"11 \u062f\u0642\u064a\u0642\u0629\" \/>\n<script type=\"application\/ld+json\" class=\"yoast-schema-graph\">{\"@context\":\"https:\\\/\\\/schema.org\",\"@graph\":[{\"@type\":\"Article\",\"@id\":\"https:\\\/\\\/lequotidien.mr\\\/?p=36819&lang=fr#article\",\"isPartOf\":{\"@id\":\"https:\\\/\\\/lequotidien.mr\\\/?p=36819&lang=fr\"},\"author\":{\"name\":\"Med Ahmed\",\"@id\":\"https:\\\/\\\/lequotidien.mr\\\/#\\\/schema\\\/person\\\/d2d350202a4d599685ed8abc25f97596\"},\"headline\":\"Boubacar Ould Messaoud, n\u00e9 esclave, mort en pourvoyeur de libert\u00e9 !\",\"datePublished\":\"2026-04-25T17:28:59+00:00\",\"mainEntityOfPage\":{\"@id\":\"https:\\\/\\\/lequotidien.mr\\\/?p=36819&lang=fr\"},\"wordCount\":1592,\"commentCount\":0,\"publisher\":{\"@id\":\"https:\\\/\\\/lequotidien.mr\\\/#organization\"},\"image\":{\"@id\":\"https:\\\/\\\/lequotidien.mr\\\/?p=36819&lang=fr#primaryimage\"},\"thumbnailUrl\":\"https:\\\/\\\/lequotidien.mr\\\/wp-content\\\/uploads\\\/2026\\\/04\\\/photo-Boubacar-Messaoud-2.jpg\",\"articleSection\":[\"ACTUALIT\u00c9\",\"Culture\",\"Opinion\"],\"inLanguage\":\"ar\",\"potentialAction\":[{\"@type\":\"CommentAction\",\"name\":\"Comment\",\"target\":[\"https:\\\/\\\/lequotidien.mr\\\/?p=36819&lang=fr#respond\"]}]},{\"@type\":\"WebPage\",\"@id\":\"https:\\\/\\\/lequotidien.mr\\\/?p=36819&lang=fr\",\"url\":\"https:\\\/\\\/lequotidien.mr\\\/?p=36819&lang=fr\",\"name\":\"Boubacar Ould Messaoud, n\u00e9 esclave, mort en pourvoyeur de libert\u00e9 ! - Le Quotidien de Nouakchott\",\"isPartOf\":{\"@id\":\"https:\\\/\\\/lequotidien.mr\\\/#website\"},\"primaryImageOfPage\":{\"@id\":\"https:\\\/\\\/lequotidien.mr\\\/?p=36819&lang=fr#primaryimage\"},\"image\":{\"@id\":\"https:\\\/\\\/lequotidien.mr\\\/?p=36819&lang=fr#primaryimage\"},\"thumbnailUrl\":\"https:\\\/\\\/lequotidien.mr\\\/wp-content\\\/uploads\\\/2026\\\/04\\\/photo-Boubacar-Messaoud-2.jpg\",\"datePublished\":\"2026-04-25T17:28:59+00:00\",\"breadcrumb\":{\"@id\":\"https:\\\/\\\/lequotidien.mr\\\/?p=36819&lang=fr#breadcrumb\"},\"inLanguage\":\"ar\",\"potentialAction\":[{\"@type\":\"ReadAction\",\"target\":[\"https:\\\/\\\/lequotidien.mr\\\/?p=36819&lang=fr\"]}]},{\"@type\":\"ImageObject\",\"inLanguage\":\"ar\",\"@id\":\"https:\\\/\\\/lequotidien.mr\\\/?p=36819&lang=fr#primaryimage\",\"url\":\"https:\\\/\\\/lequotidien.mr\\\/wp-content\\\/uploads\\\/2026\\\/04\\\/photo-Boubacar-Messaoud-2.jpg\",\"contentUrl\":\"https:\\\/\\\/lequotidien.mr\\\/wp-content\\\/uploads\\\/2026\\\/04\\\/photo-Boubacar-Messaoud-2.jpg\",\"width\":640,\"height\":415},{\"@type\":\"BreadcrumbList\",\"@id\":\"https:\\\/\\\/lequotidien.mr\\\/?p=36819&lang=fr#breadcrumb\",\"itemListElement\":[{\"@type\":\"ListItem\",\"position\":1,\"name\":\"Home\",\"item\":\"https:\\\/\\\/lequotidien.mr\\\/\"},{\"@type\":\"ListItem\",\"position\":2,\"name\":\"Boubacar Ould Messaoud, n\u00e9 esclave, mort en pourvoyeur de libert\u00e9 !\"}]},{\"@type\":\"WebSite\",\"@id\":\"https:\\\/\\\/lequotidien.mr\\\/#website\",\"url\":\"https:\\\/\\\/lequotidien.mr\\\/\",\"name\":\"Le Quotidien de Nouakchott\",\"description\":\"\u0625\u062e\u0628\u0627\u0631\u064a\u0629 \u0645\u0633\u062a\u0642\u0644\u0629 \u0644\u0644\u0623\u0646\u0628\u0627\u0621 \u0627\u0644\u0639\u0627\u0645\u0629\",\"publisher\":{\"@id\":\"https:\\\/\\\/lequotidien.mr\\\/#organization\"},\"potentialAction\":[{\"@type\":\"SearchAction\",\"target\":{\"@type\":\"EntryPoint\",\"urlTemplate\":\"https:\\\/\\\/lequotidien.mr\\\/?s={search_term_string}\"},\"query-input\":{\"@type\":\"PropertyValueSpecification\",\"valueRequired\":true,\"valueName\":\"search_term_string\"}}],\"inLanguage\":\"ar\"},{\"@type\":\"Organization\",\"@id\":\"https:\\\/\\\/lequotidien.mr\\\/#organization\",\"name\":\"Le Quotidien de Nouakchott\",\"url\":\"https:\\\/\\\/lequotidien.mr\\\/\",\"logo\":{\"@type\":\"ImageObject\",\"inLanguage\":\"ar\",\"@id\":\"https:\\\/\\\/lequotidien.mr\\\/#\\\/schema\\\/logo\\\/image\\\/\",\"url\":\"https:\\\/\\\/lequotidien.mr\\\/wp-content\\\/uploads\\\/2022\\\/11\\\/logolequotidien.jpg\",\"contentUrl\":\"https:\\\/\\\/lequotidien.mr\\\/wp-content\\\/uploads\\\/2022\\\/11\\\/logolequotidien.jpg\",\"width\":290,\"height\":65,\"caption\":\"Le Quotidien de Nouakchott\"},\"image\":{\"@id\":\"https:\\\/\\\/lequotidien.mr\\\/#\\\/schema\\\/logo\\\/image\\\/\"},\"sameAs\":[\"https:\\\/\\\/web.facebook.com\\\/lequotidienmr\",\"https:\\\/\\\/x.com\\\/lequotidienmr\"]},{\"@type\":\"Person\",\"@id\":\"https:\\\/\\\/lequotidien.mr\\\/#\\\/schema\\\/person\\\/d2d350202a4d599685ed8abc25f97596\",\"name\":\"Med Ahmed\",\"image\":{\"@type\":\"ImageObject\",\"inLanguage\":\"ar\",\"@id\":\"https:\\\/\\\/secure.gravatar.com\\\/avatar\\\/fd2acc62ed50732923d1d39c17172c9b04149f142be92310ecc69e1358f94b52?s=96&d=mm&r=g\",\"url\":\"https:\\\/\\\/secure.gravatar.com\\\/avatar\\\/fd2acc62ed50732923d1d39c17172c9b04149f142be92310ecc69e1358f94b52?s=96&d=mm&r=g\",\"contentUrl\":\"https:\\\/\\\/secure.gravatar.com\\\/avatar\\\/fd2acc62ed50732923d1d39c17172c9b04149f142be92310ecc69e1358f94b52?s=96&d=mm&r=g\",\"caption\":\"Med Ahmed\"},\"url\":\"https:\\\/\\\/lequotidien.mr\\\/?author=12\"}]}<\/script>\n<!-- \/ Yoast SEO plugin. -->","yoast_head_json":{"title":"Boubacar Ould Messaoud, n\u00e9 esclave, mort en pourvoyeur de libert\u00e9 ! - Le Quotidien de Nouakchott","robots":{"index":"index","follow":"follow","max-snippet":"max-snippet:-1","max-image-preview":"max-image-preview:large","max-video-preview":"max-video-preview:-1"},"canonical":"https:\/\/lequotidien.mr\/?p=36819&lang=fr","og_locale":"ar_AR","og_type":"article","og_title":"Boubacar Ould Messaoud, n\u00e9 esclave, mort en pourvoyeur de libert\u00e9 ! - Le Quotidien de Nouakchott","og_description":"Cher Bouba, \u00a0Ainsi t\u2019appelait affectueusement notre cher ami commun Bebbaha Ould Ahmed Youra, lors de notre cheminement ensemble au sein de la d\u00e9funte Union des Forces D\u00e9mocratiques (UFD). L\u2019aventure de ce parti n\u2019aura dur\u00e9, pour nous, qu\u2019un peu moins de quatre ans. Pourtant, ce fut un prolifique compagnonnage politique qui nous a tous durablement marqu\u00e9s......","og_url":"https:\/\/lequotidien.mr\/?p=36819&lang=fr","og_site_name":"Le Quotidien de Nouakchott","article_publisher":"https:\/\/web.facebook.com\/lequotidienmr","article_published_time":"2026-04-25T17:28:59+00:00","og_image":[{"width":640,"height":415,"url":"https:\/\/lequotidien.mr\/wp-content\/uploads\/2026\/04\/photo-Boubacar-Messaoud-2.jpg","type":"image\/jpeg"}],"author":"Med Ahmed","twitter_card":"summary_large_image","twitter_creator":"@lequotidienmr","twitter_site":"@lequotidienmr","twitter_misc":{"\u0643\u064f\u062a\u0628 \u0628\u0648\u0627\u0633\u0637\u0629":"Med Ahmed","\u0648\u0642\u062a \u0627\u0644\u0642\u0631\u0627\u0621\u0629 \u0627\u0644\u0645\u064f\u0642\u062f\u0651\u0631":"11 \u062f\u0642\u064a\u0642\u0629"},"schema":{"@context":"https:\/\/schema.org","@graph":[{"@type":"Article","@id":"https:\/\/lequotidien.mr\/?p=36819&lang=fr#article","isPartOf":{"@id":"https:\/\/lequotidien.mr\/?p=36819&lang=fr"},"author":{"name":"Med Ahmed","@id":"https:\/\/lequotidien.mr\/#\/schema\/person\/d2d350202a4d599685ed8abc25f97596"},"headline":"Boubacar Ould Messaoud, n\u00e9 esclave, mort en pourvoyeur de libert\u00e9 !","datePublished":"2026-04-25T17:28:59+00:00","mainEntityOfPage":{"@id":"https:\/\/lequotidien.mr\/?p=36819&lang=fr"},"wordCount":1592,"commentCount":0,"publisher":{"@id":"https:\/\/lequotidien.mr\/#organization"},"image":{"@id":"https:\/\/lequotidien.mr\/?p=36819&lang=fr#primaryimage"},"thumbnailUrl":"https:\/\/lequotidien.mr\/wp-content\/uploads\/2026\/04\/photo-Boubacar-Messaoud-2.jpg","articleSection":["ACTUALIT\u00c9","Culture","Opinion"],"inLanguage":"ar","potentialAction":[{"@type":"CommentAction","name":"Comment","target":["https:\/\/lequotidien.mr\/?p=36819&lang=fr#respond"]}]},{"@type":"WebPage","@id":"https:\/\/lequotidien.mr\/?p=36819&lang=fr","url":"https:\/\/lequotidien.mr\/?p=36819&lang=fr","name":"Boubacar Ould Messaoud, n\u00e9 esclave, mort en pourvoyeur de libert\u00e9 ! - Le Quotidien de Nouakchott","isPartOf":{"@id":"https:\/\/lequotidien.mr\/#website"},"primaryImageOfPage":{"@id":"https:\/\/lequotidien.mr\/?p=36819&lang=fr#primaryimage"},"image":{"@id":"https:\/\/lequotidien.mr\/?p=36819&lang=fr#primaryimage"},"thumbnailUrl":"https:\/\/lequotidien.mr\/wp-content\/uploads\/2026\/04\/photo-Boubacar-Messaoud-2.jpg","datePublished":"2026-04-25T17:28:59+00:00","breadcrumb":{"@id":"https:\/\/lequotidien.mr\/?p=36819&lang=fr#breadcrumb"},"inLanguage":"ar","potentialAction":[{"@type":"ReadAction","target":["https:\/\/lequotidien.mr\/?p=36819&lang=fr"]}]},{"@type":"ImageObject","inLanguage":"ar","@id":"https:\/\/lequotidien.mr\/?p=36819&lang=fr#primaryimage","url":"https:\/\/lequotidien.mr\/wp-content\/uploads\/2026\/04\/photo-Boubacar-Messaoud-2.jpg","contentUrl":"https:\/\/lequotidien.mr\/wp-content\/uploads\/2026\/04\/photo-Boubacar-Messaoud-2.jpg","width":640,"height":415},{"@type":"BreadcrumbList","@id":"https:\/\/lequotidien.mr\/?p=36819&lang=fr#breadcrumb","itemListElement":[{"@type":"ListItem","position":1,"name":"Home","item":"https:\/\/lequotidien.mr\/"},{"@type":"ListItem","position":2,"name":"Boubacar Ould Messaoud, n\u00e9 esclave, mort en pourvoyeur de libert\u00e9 !"}]},{"@type":"WebSite","@id":"https:\/\/lequotidien.mr\/#website","url":"https:\/\/lequotidien.mr\/","name":"Le Quotidien de Nouakchott","description":"\u0625\u062e\u0628\u0627\u0631\u064a\u0629 \u0645\u0633\u062a\u0642\u0644\u0629 \u0644\u0644\u0623\u0646\u0628\u0627\u0621 \u0627\u0644\u0639\u0627\u0645\u0629","publisher":{"@id":"https:\/\/lequotidien.mr\/#organization"},"potentialAction":[{"@type":"SearchAction","target":{"@type":"EntryPoint","urlTemplate":"https:\/\/lequotidien.mr\/?s={search_term_string}"},"query-input":{"@type":"PropertyValueSpecification","valueRequired":true,"valueName":"search_term_string"}}],"inLanguage":"ar"},{"@type":"Organization","@id":"https:\/\/lequotidien.mr\/#organization","name":"Le Quotidien de Nouakchott","url":"https:\/\/lequotidien.mr\/","logo":{"@type":"ImageObject","inLanguage":"ar","@id":"https:\/\/lequotidien.mr\/#\/schema\/logo\/image\/","url":"https:\/\/lequotidien.mr\/wp-content\/uploads\/2022\/11\/logolequotidien.jpg","contentUrl":"https:\/\/lequotidien.mr\/wp-content\/uploads\/2022\/11\/logolequotidien.jpg","width":290,"height":65,"caption":"Le Quotidien de Nouakchott"},"image":{"@id":"https:\/\/lequotidien.mr\/#\/schema\/logo\/image\/"},"sameAs":["https:\/\/web.facebook.com\/lequotidienmr","https:\/\/x.com\/lequotidienmr"]},{"@type":"Person","@id":"https:\/\/lequotidien.mr\/#\/schema\/person\/d2d350202a4d599685ed8abc25f97596","name":"Med Ahmed","image":{"@type":"ImageObject","inLanguage":"ar","@id":"https:\/\/secure.gravatar.com\/avatar\/fd2acc62ed50732923d1d39c17172c9b04149f142be92310ecc69e1358f94b52?s=96&d=mm&r=g","url":"https:\/\/secure.gravatar.com\/avatar\/fd2acc62ed50732923d1d39c17172c9b04149f142be92310ecc69e1358f94b52?s=96&d=mm&r=g","contentUrl":"https:\/\/secure.gravatar.com\/avatar\/fd2acc62ed50732923d1d39c17172c9b04149f142be92310ecc69e1358f94b52?s=96&d=mm&r=g","caption":"Med Ahmed"},"url":"https:\/\/lequotidien.mr\/?author=12"}]}},"_links":{"self":[{"href":"https:\/\/lequotidien.mr\/index.php?rest_route=\/wp\/v2\/posts\/36819","targetHints":{"allow":["GET"]}}],"collection":[{"href":"https:\/\/lequotidien.mr\/index.php?rest_route=\/wp\/v2\/posts"}],"about":[{"href":"https:\/\/lequotidien.mr\/index.php?rest_route=\/wp\/v2\/types\/post"}],"author":[{"embeddable":true,"href":"https:\/\/lequotidien.mr\/index.php?rest_route=\/wp\/v2\/users\/12"}],"replies":[{"embeddable":true,"href":"https:\/\/lequotidien.mr\/index.php?rest_route=%2Fwp%2Fv2%2Fcomments&post=36819"}],"version-history":[{"count":1,"href":"https:\/\/lequotidien.mr\/index.php?rest_route=\/wp\/v2\/posts\/36819\/revisions"}],"predecessor-version":[{"id":36824,"href":"https:\/\/lequotidien.mr\/index.php?rest_route=\/wp\/v2\/posts\/36819\/revisions\/36824"}],"wp:featuredmedia":[{"embeddable":true,"href":"https:\/\/lequotidien.mr\/index.php?rest_route=\/wp\/v2\/media\/36823"}],"wp:attachment":[{"href":"https:\/\/lequotidien.mr\/index.php?rest_route=%2Fwp%2Fv2%2Fmedia&parent=36819"}],"wp:term":[{"taxonomy":"category","embeddable":true,"href":"https:\/\/lequotidien.mr\/index.php?rest_route=%2Fwp%2Fv2%2Fcategories&post=36819"},{"taxonomy":"post_tag","embeddable":true,"href":"https:\/\/lequotidien.mr\/index.php?rest_route=%2Fwp%2Fv2%2Ftags&post=36819"}],"curies":[{"name":"wp","href":"https:\/\/api.w.org\/{rel}","templated":true}]}}