{"id":36816,"date":"2026-04-24T18:16:38","date_gmt":"2026-04-24T18:16:38","guid":{"rendered":"https:\/\/lequotidien.mr\/?p=36816"},"modified":"2026-04-24T18:16:38","modified_gmt":"2026-04-24T18:16:38","slug":"mauritanie-nomination-de-nouveaux-membres-a-lautorite-anticorruption","status":"publish","type":"post","link":"https:\/\/lequotidien.mr\/?p=36816&lang=fr","title":{"rendered":"Mauritanie : nomination de nouveaux membres \u00e0 l\u2019Autorit\u00e9 anticorruption"},"content":{"rendered":"<p data-start=\"77\" data-end=\"387\">La Pr\u00e9sidence de la R\u00e9publique de <span class=\"hover:entity-accent entity-underline inline cursor-pointer align-baseline\"><span class=\"whitespace-normal\">Mauritanie<\/span><\/span> a annonc\u00e9, \u00e0 travers un d\u00e9cret publi\u00e9 aujourd\u2019hui, la nomination de nouveaux membres au sein du Conseil de l\u2019Autorit\u00e9 nationale de lutte contre la corruption, dans le cadre du renforcement des m\u00e9canismes de gouvernance et de transparence.<\/p>\n<p data-start=\"389\" data-end=\"504\">Selon le communiqu\u00e9 officiel, les personnalit\u00e9s suivantes ont \u00e9t\u00e9 d\u00e9sign\u00e9es membres de cette instance strat\u00e9gique :<\/p>\n<ul data-start=\"506\" data-end=\"757\">\n<li data-section-id=\"17wgcs5\" data-start=\"506\" data-end=\"547\"><span class=\"hover:entity-accent entity-underline inline cursor-pointer align-baseline\"><span class=\"whitespace-normal\">Ahmed Mohamed Salem Massoud<\/span><\/span><\/li>\n<li data-section-id=\"1gcjogl\" data-start=\"548\" data-end=\"589\"><span class=\"hover:entity-accent entity-underline inline cursor-pointer align-baseline\"><span class=\"whitespace-normal\">Baba Amadou Ndiaye<\/span><\/span><\/li>\n<li data-section-id=\"cgv1px\" data-start=\"590\" data-end=\"631\"><span class=\"hover:entity-accent entity-underline inline cursor-pointer align-baseline\"><span class=\"whitespace-normal\">Sidi Abdallahi Mohamed El Mokhtar El Bechir<\/span><\/span><\/li>\n<li data-section-id=\"eyrt5h\" data-start=\"632\" data-end=\"673\"><span class=\"hover:entity-accent entity-underline inline cursor-pointer align-baseline\"><span class=\"whitespace-normal\">Amar Mohamed Lemine El Moch<\/span><\/span><\/li>\n<li data-section-id=\"hjs5dh\" data-start=\"674\" data-end=\"715\"><span class=\"hover:entity-accent entity-underline inline cursor-pointer align-baseline\"><span class=\"whitespace-normal\">Mohamed Ejeh Sidaty Mohamed El Mahfoudh<\/span><\/span><\/li>\n<li data-section-id=\"pzvh1x\" data-start=\"716\" data-end=\"757\"><span class=\"hover:entity-accent entity-underline inline cursor-pointer align-baseline\"><span class=\"whitespace-normal\">Mariam Bilal Salem<\/span><\/span><\/li>\n<\/ul>\n<p data-start=\"759\" data-end=\"983\">Cette d\u00e9cision s\u2019inscrit dans une dynamique visant \u00e0 consolider le r\u00f4le de l\u2019Autorit\u00e9 en tant qu\u2019organe cl\u00e9 dans la pr\u00e9vention et la lutte contre la corruption, ainsi que dans la promotion des principes de bonne gouvernance.<\/p>\n<p data-start=\"985\" data-end=\"1305\">Le renouvellement ou le renforcement de la composition du Conseil devrait permettre d\u2019insuffler une nouvelle impulsion aux politiques publiques en mati\u00e8re de transparence, dans un contexte o\u00f9 les enjeux li\u00e9s \u00e0 la gestion des ressources publiques et \u00e0 la redevabilit\u00e9 occupent une place croissante dans le d\u00e9bat national.<\/p>\n<p data-start=\"1307\" data-end=\"1586\" data-is-last-node=\"\" data-is-only-node=\"\">\u00c0 travers ces nominations, les autorit\u00e9s mauritaniennes r\u00e9affirment leur volont\u00e9 de renforcer les institutions de contr\u00f4le et d\u2019am\u00e9liorer l\u2019efficacit\u00e9 des dispositifs de lutte contre la corruption, en phase avec les exigences nationales et les engagements internationaux du pays.<\/p>\n","protected":false},"excerpt":{"rendered":"<p>La Pr\u00e9sidence de la R\u00e9publique de Mauritanie a annonc\u00e9, \u00e0 travers un d\u00e9cret publi\u00e9 aujourd\u2019hui, la nomination de nouveaux membres au sein du Conseil de l\u2019Autorit\u00e9 nationale de lutte contre la corruption, dans le cadre du renforcement des m\u00e9canismes de gouvernance et de transparence. Selon le communiqu\u00e9 officiel, les personnalit\u00e9s suivantes ont \u00e9t\u00e9 d\u00e9sign\u00e9es membres&#8230;..<\/p>\n","protected":false},"author":13,"featured_media":23808,"comment_status":"open","ping_status":"open","sticky":false,"template":"","format":"standard","meta":{"footnotes":""},"categories":[23],"tags":[],"class_list":["post-36816","post","type-post","status-publish","format-standard","has-post-thumbnail","hentry","category-actualite"],"yoast_head":"<!-- This site is optimized with the Yoast SEO plugin v27.5 - https:\/\/yoast.com\/product\/yoast-seo-wordpress\/ -->\n<title>Mauritanie : nomination de nouveaux membres \u00e0 l\u2019Autorit\u00e9 anticorruption - Le Quotidien de Nouakchott<\/title>\n<meta name=\"robots\" content=\"index, follow, max-snippet:-1, max-image-preview:large, max-video-preview:-1\" \/>\n<link rel=\"canonical\" href=\"https:\/\/lequotidien.mr\/?p=36816&lang=fr\" \/>\n<meta property=\"og:locale\" content=\"ar_AR\" \/>\n<meta property=\"og:type\" content=\"article\" \/>\n<meta property=\"og:title\" content=\"Mauritanie : nomination de nouveaux membres \u00e0 l\u2019Autorit\u00e9 anticorruption - Le Quotidien de Nouakchott\" \/>\n<meta property=\"og:description\" content=\"La Pr\u00e9sidence de la R\u00e9publique de Mauritanie a annonc\u00e9, \u00e0 travers un d\u00e9cret publi\u00e9 aujourd\u2019hui, la nomination de nouveaux membres au sein du Conseil de l\u2019Autorit\u00e9 nationale de lutte contre la corruption, dans le cadre du renforcement des m\u00e9canismes de gouvernance et de transparence. Selon le communiqu\u00e9 officiel, les personnalit\u00e9s suivantes ont \u00e9t\u00e9 d\u00e9sign\u00e9es membres.....\" \/>\n<meta property=\"og:url\" content=\"https:\/\/lequotidien.mr\/?p=36816&amp;lang=fr\" \/>\n<meta property=\"og:site_name\" content=\"Le Quotidien de Nouakchott\" \/>\n<meta property=\"article:publisher\" content=\"https:\/\/web.facebook.com\/lequotidienmr\" \/>\n<meta property=\"article:published_time\" content=\"2026-04-24T18:16:38+00:00\" \/>\n<meta property=\"og:image\" content=\"https:\/\/lequotidien.mr\/wp-content\/uploads\/2024\/12\/photo-palais-preidentiel-new.jpg\" \/>\n\t<meta property=\"og:image:width\" content=\"640\" \/>\n\t<meta property=\"og:image:height\" content=\"392\" \/>\n\t<meta property=\"og:image:type\" content=\"image\/jpeg\" \/>\n<meta name=\"author\" content=\"Fatimetou Ethemane\" \/>\n<meta name=\"twitter:card\" content=\"summary_large_image\" \/>\n<meta name=\"twitter:creator\" content=\"@lequotidienmr\" \/>\n<meta name=\"twitter:site\" content=\"@lequotidienmr\" \/>\n<meta name=\"twitter:label1\" content=\"\u0643\u064f\u062a\u0628 \u0628\u0648\u0627\u0633\u0637\u0629\" \/>\n\t<meta name=\"twitter:data1\" content=\"Fatimetou Ethemane\" \/>\n\t<meta name=\"twitter:label2\" content=\"\u0648\u0642\u062a \u0627\u0644\u0642\u0631\u0627\u0621\u0629 \u0627\u0644\u0645\u064f\u0642\u062f\u0651\u0631\" \/>\n\t<meta name=\"twitter:data2\" content=\"\u062f\u0642\u064a\u0642\u062a\u0627\u0646\" \/>\n<script type=\"application\/ld+json\" class=\"yoast-schema-graph\">{\"@context\":\"https:\\\/\\\/schema.org\",\"@graph\":[{\"@type\":\"Article\",\"@id\":\"https:\\\/\\\/lequotidien.mr\\\/?p=36816&lang=fr#article\",\"isPartOf\":{\"@id\":\"https:\\\/\\\/lequotidien.mr\\\/?p=36816&lang=fr\"},\"author\":{\"name\":\"Fatimetou Ethemane\",\"@id\":\"https:\\\/\\\/lequotidien.mr\\\/#\\\/schema\\\/person\\\/0926dbaf41ffa88b64cf66855b9b2826\"},\"headline\":\"Mauritanie : nomination de nouveaux membres \u00e0 l\u2019Autorit\u00e9 anticorruption\",\"datePublished\":\"2026-04-24T18:16:38+00:00\",\"mainEntityOfPage\":{\"@id\":\"https:\\\/\\\/lequotidien.mr\\\/?p=36816&lang=fr\"},\"wordCount\":238,\"commentCount\":0,\"publisher\":{\"@id\":\"https:\\\/\\\/lequotidien.mr\\\/#organization\"},\"image\":{\"@id\":\"https:\\\/\\\/lequotidien.mr\\\/?p=36816&lang=fr#primaryimage\"},\"thumbnailUrl\":\"https:\\\/\\\/lequotidien.mr\\\/wp-content\\\/uploads\\\/2024\\\/12\\\/photo-palais-preidentiel-new.jpg\",\"articleSection\":[\"ACTUALIT\u00c9\"],\"inLanguage\":\"ar\",\"potentialAction\":[{\"@type\":\"CommentAction\",\"name\":\"Comment\",\"target\":[\"https:\\\/\\\/lequotidien.mr\\\/?p=36816&lang=fr#respond\"]}]},{\"@type\":\"WebPage\",\"@id\":\"https:\\\/\\\/lequotidien.mr\\\/?p=36816&lang=fr\",\"url\":\"https:\\\/\\\/lequotidien.mr\\\/?p=36816&lang=fr\",\"name\":\"Mauritanie : nomination de nouveaux membres \u00e0 l\u2019Autorit\u00e9 anticorruption - Le Quotidien de Nouakchott\",\"isPartOf\":{\"@id\":\"https:\\\/\\\/lequotidien.mr\\\/#website\"},\"primaryImageOfPage\":{\"@id\":\"https:\\\/\\\/lequotidien.mr\\\/?p=36816&lang=fr#primaryimage\"},\"image\":{\"@id\":\"https:\\\/\\\/lequotidien.mr\\\/?p=36816&lang=fr#primaryimage\"},\"thumbnailUrl\":\"https:\\\/\\\/lequotidien.mr\\\/wp-content\\\/uploads\\\/2024\\\/12\\\/photo-palais-preidentiel-new.jpg\",\"datePublished\":\"2026-04-24T18:16:38+00:00\",\"breadcrumb\":{\"@id\":\"https:\\\/\\\/lequotidien.mr\\\/?p=36816&lang=fr#breadcrumb\"},\"inLanguage\":\"ar\",\"potentialAction\":[{\"@type\":\"ReadAction\",\"target\":[\"https:\\\/\\\/lequotidien.mr\\\/?p=36816&lang=fr\"]}]},{\"@type\":\"ImageObject\",\"inLanguage\":\"ar\",\"@id\":\"https:\\\/\\\/lequotidien.mr\\\/?p=36816&lang=fr#primaryimage\",\"url\":\"https:\\\/\\\/lequotidien.mr\\\/wp-content\\\/uploads\\\/2024\\\/12\\\/photo-palais-preidentiel-new.jpg\",\"contentUrl\":\"https:\\\/\\\/lequotidien.mr\\\/wp-content\\\/uploads\\\/2024\\\/12\\\/photo-palais-preidentiel-new.jpg\",\"width\":640,\"height\":392},{\"@type\":\"BreadcrumbList\",\"@id\":\"https:\\\/\\\/lequotidien.mr\\\/?p=36816&lang=fr#breadcrumb\",\"itemListElement\":[{\"@type\":\"ListItem\",\"position\":1,\"name\":\"Home\",\"item\":\"https:\\\/\\\/lequotidien.mr\\\/\"},{\"@type\":\"ListItem\",\"position\":2,\"name\":\"Mauritanie : nomination de nouveaux membres \u00e0 l\u2019Autorit\u00e9 anticorruption\"}]},{\"@type\":\"WebSite\",\"@id\":\"https:\\\/\\\/lequotidien.mr\\\/#website\",\"url\":\"https:\\\/\\\/lequotidien.mr\\\/\",\"name\":\"Le Quotidien de Nouakchott\",\"description\":\"\u0625\u062e\u0628\u0627\u0631\u064a\u0629 \u0645\u0633\u062a\u0642\u0644\u0629 \u0644\u0644\u0623\u0646\u0628\u0627\u0621 \u0627\u0644\u0639\u0627\u0645\u0629\",\"publisher\":{\"@id\":\"https:\\\/\\\/lequotidien.mr\\\/#organization\"},\"potentialAction\":[{\"@type\":\"SearchAction\",\"target\":{\"@type\":\"EntryPoint\",\"urlTemplate\":\"https:\\\/\\\/lequotidien.mr\\\/?s={search_term_string}\"},\"query-input\":{\"@type\":\"PropertyValueSpecification\",\"valueRequired\":true,\"valueName\":\"search_term_string\"}}],\"inLanguage\":\"ar\"},{\"@type\":\"Organization\",\"@id\":\"https:\\\/\\\/lequotidien.mr\\\/#organization\",\"name\":\"Le Quotidien de Nouakchott\",\"url\":\"https:\\\/\\\/lequotidien.mr\\\/\",\"logo\":{\"@type\":\"ImageObject\",\"inLanguage\":\"ar\",\"@id\":\"https:\\\/\\\/lequotidien.mr\\\/#\\\/schema\\\/logo\\\/image\\\/\",\"url\":\"https:\\\/\\\/lequotidien.mr\\\/wp-content\\\/uploads\\\/2022\\\/11\\\/logolequotidien.jpg\",\"contentUrl\":\"https:\\\/\\\/lequotidien.mr\\\/wp-content\\\/uploads\\\/2022\\\/11\\\/logolequotidien.jpg\",\"width\":290,\"height\":65,\"caption\":\"Le Quotidien de Nouakchott\"},\"image\":{\"@id\":\"https:\\\/\\\/lequotidien.mr\\\/#\\\/schema\\\/logo\\\/image\\\/\"},\"sameAs\":[\"https:\\\/\\\/web.facebook.com\\\/lequotidienmr\",\"https:\\\/\\\/x.com\\\/lequotidienmr\"]},{\"@type\":\"Person\",\"@id\":\"https:\\\/\\\/lequotidien.mr\\\/#\\\/schema\\\/person\\\/0926dbaf41ffa88b64cf66855b9b2826\",\"name\":\"Fatimetou Ethemane\",\"image\":{\"@type\":\"ImageObject\",\"inLanguage\":\"ar\",\"@id\":\"https:\\\/\\\/secure.gravatar.com\\\/avatar\\\/38fea9097a5e574debe9801202088f6f4429fdac0912587175811aad50d9706e?s=96&d=mm&r=g\",\"url\":\"https:\\\/\\\/secure.gravatar.com\\\/avatar\\\/38fea9097a5e574debe9801202088f6f4429fdac0912587175811aad50d9706e?s=96&d=mm&r=g\",\"contentUrl\":\"https:\\\/\\\/secure.gravatar.com\\\/avatar\\\/38fea9097a5e574debe9801202088f6f4429fdac0912587175811aad50d9706e?s=96&d=mm&r=g\",\"caption\":\"Fatimetou Ethemane\"},\"sameAs\":[\"http:\\\/\\\/lequotidien.mr\"],\"url\":\"https:\\\/\\\/lequotidien.mr\\\/?author=13\"}]}<\/script>\n<!-- \/ Yoast SEO plugin. -->","yoast_head_json":{"title":"Mauritanie : nomination de nouveaux membres \u00e0 l\u2019Autorit\u00e9 anticorruption - Le Quotidien de Nouakchott","robots":{"index":"index","follow":"follow","max-snippet":"max-snippet:-1","max-image-preview":"max-image-preview:large","max-video-preview":"max-video-preview:-1"},"canonical":"https:\/\/lequotidien.mr\/?p=36816&lang=fr","og_locale":"ar_AR","og_type":"article","og_title":"Mauritanie : nomination de nouveaux membres \u00e0 l\u2019Autorit\u00e9 anticorruption - Le Quotidien de Nouakchott","og_description":"La Pr\u00e9sidence de la R\u00e9publique de Mauritanie a annonc\u00e9, \u00e0 travers un d\u00e9cret publi\u00e9 aujourd\u2019hui, la nomination de nouveaux membres au sein du Conseil de l\u2019Autorit\u00e9 nationale de lutte contre la corruption, dans le cadre du renforcement des m\u00e9canismes de gouvernance et de transparence. Selon le communiqu\u00e9 officiel, les personnalit\u00e9s suivantes ont \u00e9t\u00e9 d\u00e9sign\u00e9es membres.....","og_url":"https:\/\/lequotidien.mr\/?p=36816&lang=fr","og_site_name":"Le Quotidien de Nouakchott","article_publisher":"https:\/\/web.facebook.com\/lequotidienmr","article_published_time":"2026-04-24T18:16:38+00:00","og_image":[{"width":640,"height":392,"url":"https:\/\/lequotidien.mr\/wp-content\/uploads\/2024\/12\/photo-palais-preidentiel-new.jpg","type":"image\/jpeg"}],"author":"Fatimetou Ethemane","twitter_card":"summary_large_image","twitter_creator":"@lequotidienmr","twitter_site":"@lequotidienmr","twitter_misc":{"\u0643\u064f\u062a\u0628 \u0628\u0648\u0627\u0633\u0637\u0629":"Fatimetou Ethemane","\u0648\u0642\u062a \u0627\u0644\u0642\u0631\u0627\u0621\u0629 \u0627\u0644\u0645\u064f\u0642\u062f\u0651\u0631":"\u062f\u0642\u064a\u0642\u062a\u0627\u0646"},"schema":{"@context":"https:\/\/schema.org","@graph":[{"@type":"Article","@id":"https:\/\/lequotidien.mr\/?p=36816&lang=fr#article","isPartOf":{"@id":"https:\/\/lequotidien.mr\/?p=36816&lang=fr"},"author":{"name":"Fatimetou Ethemane","@id":"https:\/\/lequotidien.mr\/#\/schema\/person\/0926dbaf41ffa88b64cf66855b9b2826"},"headline":"Mauritanie : nomination de nouveaux membres \u00e0 l\u2019Autorit\u00e9 anticorruption","datePublished":"2026-04-24T18:16:38+00:00","mainEntityOfPage":{"@id":"https:\/\/lequotidien.mr\/?p=36816&lang=fr"},"wordCount":238,"commentCount":0,"publisher":{"@id":"https:\/\/lequotidien.mr\/#organization"},"image":{"@id":"https:\/\/lequotidien.mr\/?p=36816&lang=fr#primaryimage"},"thumbnailUrl":"https:\/\/lequotidien.mr\/wp-content\/uploads\/2024\/12\/photo-palais-preidentiel-new.jpg","articleSection":["ACTUALIT\u00c9"],"inLanguage":"ar","potentialAction":[{"@type":"CommentAction","name":"Comment","target":["https:\/\/lequotidien.mr\/?p=36816&lang=fr#respond"]}]},{"@type":"WebPage","@id":"https:\/\/lequotidien.mr\/?p=36816&lang=fr","url":"https:\/\/lequotidien.mr\/?p=36816&lang=fr","name":"Mauritanie : nomination de nouveaux membres \u00e0 l\u2019Autorit\u00e9 anticorruption - Le Quotidien de Nouakchott","isPartOf":{"@id":"https:\/\/lequotidien.mr\/#website"},"primaryImageOfPage":{"@id":"https:\/\/lequotidien.mr\/?p=36816&lang=fr#primaryimage"},"image":{"@id":"https:\/\/lequotidien.mr\/?p=36816&lang=fr#primaryimage"},"thumbnailUrl":"https:\/\/lequotidien.mr\/wp-content\/uploads\/2024\/12\/photo-palais-preidentiel-new.jpg","datePublished":"2026-04-24T18:16:38+00:00","breadcrumb":{"@id":"https:\/\/lequotidien.mr\/?p=36816&lang=fr#breadcrumb"},"inLanguage":"ar","potentialAction":[{"@type":"ReadAction","target":["https:\/\/lequotidien.mr\/?p=36816&lang=fr"]}]},{"@type":"ImageObject","inLanguage":"ar","@id":"https:\/\/lequotidien.mr\/?p=36816&lang=fr#primaryimage","url":"https:\/\/lequotidien.mr\/wp-content\/uploads\/2024\/12\/photo-palais-preidentiel-new.jpg","contentUrl":"https:\/\/lequotidien.mr\/wp-content\/uploads\/2024\/12\/photo-palais-preidentiel-new.jpg","width":640,"height":392},{"@type":"BreadcrumbList","@id":"https:\/\/lequotidien.mr\/?p=36816&lang=fr#breadcrumb","itemListElement":[{"@type":"ListItem","position":1,"name":"Home","item":"https:\/\/lequotidien.mr\/"},{"@type":"ListItem","position":2,"name":"Mauritanie : nomination de nouveaux membres \u00e0 l\u2019Autorit\u00e9 anticorruption"}]},{"@type":"WebSite","@id":"https:\/\/lequotidien.mr\/#website","url":"https:\/\/lequotidien.mr\/","name":"Le Quotidien de Nouakchott","description":"\u0625\u062e\u0628\u0627\u0631\u064a\u0629 \u0645\u0633\u062a\u0642\u0644\u0629 \u0644\u0644\u0623\u0646\u0628\u0627\u0621 \u0627\u0644\u0639\u0627\u0645\u0629","publisher":{"@id":"https:\/\/lequotidien.mr\/#organization"},"potentialAction":[{"@type":"SearchAction","target":{"@type":"EntryPoint","urlTemplate":"https:\/\/lequotidien.mr\/?s={search_term_string}"},"query-input":{"@type":"PropertyValueSpecification","valueRequired":true,"valueName":"search_term_string"}}],"inLanguage":"ar"},{"@type":"Organization","@id":"https:\/\/lequotidien.mr\/#organization","name":"Le Quotidien de Nouakchott","url":"https:\/\/lequotidien.mr\/","logo":{"@type":"ImageObject","inLanguage":"ar","@id":"https:\/\/lequotidien.mr\/#\/schema\/logo\/image\/","url":"https:\/\/lequotidien.mr\/wp-content\/uploads\/2022\/11\/logolequotidien.jpg","contentUrl":"https:\/\/lequotidien.mr\/wp-content\/uploads\/2022\/11\/logolequotidien.jpg","width":290,"height":65,"caption":"Le Quotidien de Nouakchott"},"image":{"@id":"https:\/\/lequotidien.mr\/#\/schema\/logo\/image\/"},"sameAs":["https:\/\/web.facebook.com\/lequotidienmr","https:\/\/x.com\/lequotidienmr"]},{"@type":"Person","@id":"https:\/\/lequotidien.mr\/#\/schema\/person\/0926dbaf41ffa88b64cf66855b9b2826","name":"Fatimetou Ethemane","image":{"@type":"ImageObject","inLanguage":"ar","@id":"https:\/\/secure.gravatar.com\/avatar\/38fea9097a5e574debe9801202088f6f4429fdac0912587175811aad50d9706e?s=96&d=mm&r=g","url":"https:\/\/secure.gravatar.com\/avatar\/38fea9097a5e574debe9801202088f6f4429fdac0912587175811aad50d9706e?s=96&d=mm&r=g","contentUrl":"https:\/\/secure.gravatar.com\/avatar\/38fea9097a5e574debe9801202088f6f4429fdac0912587175811aad50d9706e?s=96&d=mm&r=g","caption":"Fatimetou Ethemane"},"sameAs":["http:\/\/lequotidien.mr"],"url":"https:\/\/lequotidien.mr\/?author=13"}]}},"_links":{"self":[{"href":"https:\/\/lequotidien.mr\/index.php?rest_route=\/wp\/v2\/posts\/36816","targetHints":{"allow":["GET"]}}],"collection":[{"href":"https:\/\/lequotidien.mr\/index.php?rest_route=\/wp\/v2\/posts"}],"about":[{"href":"https:\/\/lequotidien.mr\/index.php?rest_route=\/wp\/v2\/types\/post"}],"author":[{"embeddable":true,"href":"https:\/\/lequotidien.mr\/index.php?rest_route=\/wp\/v2\/users\/13"}],"replies":[{"embeddable":true,"href":"https:\/\/lequotidien.mr\/index.php?rest_route=%2Fwp%2Fv2%2Fcomments&post=36816"}],"version-history":[{"count":1,"href":"https:\/\/lequotidien.mr\/index.php?rest_route=\/wp\/v2\/posts\/36816\/revisions"}],"predecessor-version":[{"id":36817,"href":"https:\/\/lequotidien.mr\/index.php?rest_route=\/wp\/v2\/posts\/36816\/revisions\/36817"}],"wp:featuredmedia":[{"embeddable":true,"href":"https:\/\/lequotidien.mr\/index.php?rest_route=\/wp\/v2\/media\/23808"}],"wp:attachment":[{"href":"https:\/\/lequotidien.mr\/index.php?rest_route=%2Fwp%2Fv2%2Fmedia&parent=36816"}],"wp:term":[{"taxonomy":"category","embeddable":true,"href":"https:\/\/lequotidien.mr\/index.php?rest_route=%2Fwp%2Fv2%2Fcategories&post=36816"},{"taxonomy":"post_tag","embeddable":true,"href":"https:\/\/lequotidien.mr\/index.php?rest_route=%2Fwp%2Fv2%2Ftags&post=36816"}],"curies":[{"name":"wp","href":"https:\/\/api.w.org\/{rel}","templated":true}]}}