{"id":36810,"date":"2026-04-24T18:11:39","date_gmt":"2026-04-24T18:11:39","guid":{"rendered":"https:\/\/lequotidien.mr\/?p=36810"},"modified":"2026-04-24T18:11:39","modified_gmt":"2026-04-24T18:11:39","slug":"bruxelles-des-militants-denoncent-la-repression-et-reclament-des-liberations","status":"publish","type":"post","link":"https:\/\/lequotidien.mr\/?p=36810&lang=fr","title":{"rendered":"Bruxelles : des militants d\u00e9noncent la r\u00e9pression et r\u00e9clament des lib\u00e9rations"},"content":{"rendered":"<p data-start=\"84\" data-end=\"410\">Des jeunes militants issus de plusieurs mouvements, dont <span class=\"hover:entity-accent entity-underline inline cursor-pointer align-baseline\"><span class=\"whitespace-normal\">Initiative pour la R\u00e9surgence Abolitionniste<\/span><\/span>, <span class=\"hover:entity-accent entity-underline inline cursor-pointer align-baseline\"><span class=\"whitespace-normal\">Kevana<\/span><\/span> et <span class=\"hover:entity-accent entity-underline inline cursor-pointer align-baseline\"><span class=\"whitespace-normal\">Touche pas \u00e0 ma nationalit\u00e9<\/span><\/span>, ont organis\u00e9 jeudi 23 avril 2026 un rassemblement devant l\u2019ambassade de <span class=\"hover:entity-accent entity-underline inline cursor-pointer align-baseline\"><span class=\"whitespace-normal\">Mauritanie<\/span><\/span> \u00e0 <span class=\"hover:entity-accent entity-underline inline cursor-pointer align-baseline\"><span class=\"whitespace-normal\">Bruxelles<\/span><\/span>.<\/p>\n<p data-start=\"412\" data-end=\"871\">Les manifestants ont affich\u00e9 des photos des deux parlementaires d\u00e9tenues, <span class=\"hover:entity-accent entity-underline inline cursor-pointer align-baseline\"><span class=\"whitespace-normal\">Mariam Cheikh<\/span><\/span> et <span class=\"hover:entity-accent entity-underline inline cursor-pointer align-baseline\"><span class=\"whitespace-normal\">Gamou Achour<\/span><\/span>, ainsi que celle du fils de la premi\u00e8re, pr\u00e9sent avec elle sur son lieu de d\u00e9tention. Des images de <span class=\"hover:entity-accent entity-underline inline cursor-pointer align-baseline\"><span class=\"whitespace-normal\">Fatima Hamadi Ba<\/span><\/span>, dont le corps a \u00e9t\u00e9 retrouv\u00e9 r\u00e9cemment \u00e0 <span class=\"hover:entity-accent entity-underline inline cursor-pointer align-baseline\"><span class=\"whitespace-normal\">Dar Naim<\/span><\/span>, ont \u00e9galement \u00e9t\u00e9 brandies, en plus de portraits de plusieurs d\u00e9tenus affili\u00e9s \u00e0 l\u2019IRA.<\/p>\n<p data-start=\"873\" data-end=\"1149\">Au cours de ce sit-in, les participants ont d\u00e9nonc\u00e9 ce qu\u2019ils qualifient de \u00ab r\u00e9pression brutale \u00bb de manifestations pacifiques et d\u2019arrestations extrajudiciaires. Ils ont exig\u00e9 la lib\u00e9ration imm\u00e9diate et inconditionnelle de l\u2019ensemble des personnes d\u00e9tenues dans ce contexte.<\/p>\n<p data-start=\"1151\" data-end=\"1438\">Les protestataires ont par ailleurs appel\u00e9 \u00e0 une prise en charge m\u00e9dicale des bless\u00e9s, \u00e9voquant notamment le cas du chef du mouvement Kevana, <span class=\"hover:entity-accent entity-underline inline cursor-pointer align-baseline\"><span class=\"whitespace-normal\">Yacoub Ould Lemrabott<\/span><\/span>, transf\u00e9r\u00e9 \u00e0 l\u2019\u00e9tranger pour y recevoir des soins apr\u00e8s avoir \u00e9t\u00e9 bless\u00e9 lors d\u2019interventions s\u00e9curitaires.<\/p>\n<p data-start=\"1440\" data-end=\"1831\">Dans leurs d\u00e9clarations, les militants ont \u00e9galement critiqu\u00e9 ce qu\u2019ils consid\u00e8rent comme des restrictions croissantes des libert\u00e9s publiques, citant notamment la convocation nocturne du directeur g\u00e9n\u00e9ral de l\u2019agence ind\u00e9pendante <span class=\"hover:entity-accent entity-underline inline cursor-pointer align-baseline\"><span class=\"whitespace-normal\">Alakhbar<\/span><\/span> ainsi que celle du militant <span class=\"hover:entity-accent entity-underline inline cursor-pointer align-baseline\"><span class=\"whitespace-normal\">Oumar Ba<\/span><\/span> par les services de lutte contre la cybercriminalit\u00e9.<\/p>\n<p data-start=\"1833\" data-end=\"2198\">Ils ont accus\u00e9 ce service d\u2019\u00eatre devenu, selon leurs propos, un outil d\u2019intimidation visant \u00e0 faire taire les voix critiques. Enfin, les manifestants ont appel\u00e9 \u00e0 une mobilisation citoyenne en faveur d\u2019un changement politique, plaidant pour un \u00c9tat fond\u00e9 sur l\u2019\u00e9galit\u00e9, les libert\u00e9s et les principes civils, tout en insistant sur le recours \u00e0 des moyens pacifiques.<\/p>\n<p data-start=\"2200\" data-end=\"2445\" data-is-last-node=\"\" data-is-only-node=\"\">Cette mobilisation \u00e0 <span class=\"hover:entity-accent entity-underline inline cursor-pointer align-baseline\"><span class=\"whitespace-normal\">Bruxelles<\/span><\/span> illustre l\u2019\u00e9cho international des d\u00e9bats politiques et sociaux en Mauritanie, dans un contexte marqu\u00e9 par des tensions autour des libert\u00e9s publiques et de la gestion des contestations.<\/p>\n","protected":false},"excerpt":{"rendered":"<p>Des jeunes militants issus de plusieurs mouvements, dont Initiative pour la R\u00e9surgence Abolitionniste, Kevana et Touche pas \u00e0 ma nationalit\u00e9, ont organis\u00e9 jeudi 23 avril 2026 un rassemblement devant l\u2019ambassade de Mauritanie \u00e0 Bruxelles. Les manifestants ont affich\u00e9 des photos des deux parlementaires d\u00e9tenues, Mariam Cheikh et Gamou Achour, ainsi que celle du fils de&#8230;..<\/p>\n","protected":false},"author":13,"featured_media":36811,"comment_status":"open","ping_status":"open","sticky":false,"template":"","format":"standard","meta":{"footnotes":""},"categories":[23],"tags":[],"class_list":["post-36810","post","type-post","status-publish","format-standard","has-post-thumbnail","hentry","category-actualite"],"yoast_head":"<!-- This site is optimized with the Yoast SEO plugin v27.5 - https:\/\/yoast.com\/product\/yoast-seo-wordpress\/ -->\n<title>Bruxelles : des militants d\u00e9noncent la r\u00e9pression et r\u00e9clament des lib\u00e9rations - Le Quotidien de Nouakchott<\/title>\n<meta name=\"robots\" content=\"index, follow, max-snippet:-1, max-image-preview:large, max-video-preview:-1\" \/>\n<link rel=\"canonical\" href=\"https:\/\/lequotidien.mr\/?p=36810&lang=fr\" \/>\n<meta property=\"og:locale\" content=\"ar_AR\" \/>\n<meta property=\"og:type\" content=\"article\" \/>\n<meta property=\"og:title\" content=\"Bruxelles : des militants d\u00e9noncent la r\u00e9pression et r\u00e9clament des lib\u00e9rations - Le Quotidien de Nouakchott\" \/>\n<meta property=\"og:description\" content=\"Des jeunes militants issus de plusieurs mouvements, dont Initiative pour la R\u00e9surgence Abolitionniste, Kevana et Touche pas \u00e0 ma nationalit\u00e9, ont organis\u00e9 jeudi 23 avril 2026 un rassemblement devant l\u2019ambassade de Mauritanie \u00e0 Bruxelles. Les manifestants ont affich\u00e9 des photos des deux parlementaires d\u00e9tenues, Mariam Cheikh et Gamou Achour, ainsi que celle du fils de.....\" \/>\n<meta property=\"og:url\" content=\"https:\/\/lequotidien.mr\/?p=36810&amp;lang=fr\" \/>\n<meta property=\"og:site_name\" content=\"Le Quotidien de Nouakchott\" \/>\n<meta property=\"article:publisher\" content=\"https:\/\/web.facebook.com\/lequotidienmr\" \/>\n<meta property=\"article:published_time\" content=\"2026-04-24T18:11:39+00:00\" \/>\n<meta property=\"og:image\" content=\"https:\/\/lequotidien.mr\/wp-content\/uploads\/2026\/04\/brux.png\" \/>\n\t<meta property=\"og:image:width\" content=\"715\" \/>\n\t<meta property=\"og:image:height\" content=\"425\" \/>\n\t<meta property=\"og:image:type\" content=\"image\/png\" \/>\n<meta name=\"author\" content=\"Fatimetou Ethemane\" \/>\n<meta name=\"twitter:card\" content=\"summary_large_image\" \/>\n<meta name=\"twitter:creator\" content=\"@lequotidienmr\" \/>\n<meta name=\"twitter:site\" content=\"@lequotidienmr\" \/>\n<meta name=\"twitter:label1\" content=\"\u0643\u064f\u062a\u0628 \u0628\u0648\u0627\u0633\u0637\u0629\" \/>\n\t<meta name=\"twitter:data1\" content=\"Fatimetou Ethemane\" \/>\n\t<meta name=\"twitter:label2\" content=\"\u0648\u0642\u062a \u0627\u0644\u0642\u0631\u0627\u0621\u0629 \u0627\u0644\u0645\u064f\u0642\u062f\u0651\u0631\" \/>\n\t<meta name=\"twitter:data2\" content=\"3 \u062f\u0642\u0627\u0626\u0642\" \/>\n<script type=\"application\/ld+json\" class=\"yoast-schema-graph\">{\"@context\":\"https:\\\/\\\/schema.org\",\"@graph\":[{\"@type\":\"Article\",\"@id\":\"https:\\\/\\\/lequotidien.mr\\\/?p=36810&lang=fr#article\",\"isPartOf\":{\"@id\":\"https:\\\/\\\/lequotidien.mr\\\/?p=36810&lang=fr\"},\"author\":{\"name\":\"Fatimetou Ethemane\",\"@id\":\"https:\\\/\\\/lequotidien.mr\\\/#\\\/schema\\\/person\\\/0926dbaf41ffa88b64cf66855b9b2826\"},\"headline\":\"Bruxelles : des militants d\u00e9noncent la r\u00e9pression et r\u00e9clament des lib\u00e9rations\",\"datePublished\":\"2026-04-24T18:11:39+00:00\",\"mainEntityOfPage\":{\"@id\":\"https:\\\/\\\/lequotidien.mr\\\/?p=36810&lang=fr\"},\"wordCount\":349,\"commentCount\":0,\"publisher\":{\"@id\":\"https:\\\/\\\/lequotidien.mr\\\/#organization\"},\"image\":{\"@id\":\"https:\\\/\\\/lequotidien.mr\\\/?p=36810&lang=fr#primaryimage\"},\"thumbnailUrl\":\"https:\\\/\\\/lequotidien.mr\\\/wp-content\\\/uploads\\\/2026\\\/04\\\/brux.png\",\"articleSection\":[\"ACTUALIT\u00c9\"],\"inLanguage\":\"ar\",\"potentialAction\":[{\"@type\":\"CommentAction\",\"name\":\"Comment\",\"target\":[\"https:\\\/\\\/lequotidien.mr\\\/?p=36810&lang=fr#respond\"]}]},{\"@type\":\"WebPage\",\"@id\":\"https:\\\/\\\/lequotidien.mr\\\/?p=36810&lang=fr\",\"url\":\"https:\\\/\\\/lequotidien.mr\\\/?p=36810&lang=fr\",\"name\":\"Bruxelles : des militants d\u00e9noncent la r\u00e9pression et r\u00e9clament des lib\u00e9rations - Le Quotidien de Nouakchott\",\"isPartOf\":{\"@id\":\"https:\\\/\\\/lequotidien.mr\\\/#website\"},\"primaryImageOfPage\":{\"@id\":\"https:\\\/\\\/lequotidien.mr\\\/?p=36810&lang=fr#primaryimage\"},\"image\":{\"@id\":\"https:\\\/\\\/lequotidien.mr\\\/?p=36810&lang=fr#primaryimage\"},\"thumbnailUrl\":\"https:\\\/\\\/lequotidien.mr\\\/wp-content\\\/uploads\\\/2026\\\/04\\\/brux.png\",\"datePublished\":\"2026-04-24T18:11:39+00:00\",\"breadcrumb\":{\"@id\":\"https:\\\/\\\/lequotidien.mr\\\/?p=36810&lang=fr#breadcrumb\"},\"inLanguage\":\"ar\",\"potentialAction\":[{\"@type\":\"ReadAction\",\"target\":[\"https:\\\/\\\/lequotidien.mr\\\/?p=36810&lang=fr\"]}]},{\"@type\":\"ImageObject\",\"inLanguage\":\"ar\",\"@id\":\"https:\\\/\\\/lequotidien.mr\\\/?p=36810&lang=fr#primaryimage\",\"url\":\"https:\\\/\\\/lequotidien.mr\\\/wp-content\\\/uploads\\\/2026\\\/04\\\/brux.png\",\"contentUrl\":\"https:\\\/\\\/lequotidien.mr\\\/wp-content\\\/uploads\\\/2026\\\/04\\\/brux.png\",\"width\":715,\"height\":425},{\"@type\":\"BreadcrumbList\",\"@id\":\"https:\\\/\\\/lequotidien.mr\\\/?p=36810&lang=fr#breadcrumb\",\"itemListElement\":[{\"@type\":\"ListItem\",\"position\":1,\"name\":\"Home\",\"item\":\"https:\\\/\\\/lequotidien.mr\\\/\"},{\"@type\":\"ListItem\",\"position\":2,\"name\":\"Bruxelles : des militants d\u00e9noncent la r\u00e9pression et r\u00e9clament des lib\u00e9rations\"}]},{\"@type\":\"WebSite\",\"@id\":\"https:\\\/\\\/lequotidien.mr\\\/#website\",\"url\":\"https:\\\/\\\/lequotidien.mr\\\/\",\"name\":\"Le Quotidien de Nouakchott\",\"description\":\"\u0625\u062e\u0628\u0627\u0631\u064a\u0629 \u0645\u0633\u062a\u0642\u0644\u0629 \u0644\u0644\u0623\u0646\u0628\u0627\u0621 \u0627\u0644\u0639\u0627\u0645\u0629\",\"publisher\":{\"@id\":\"https:\\\/\\\/lequotidien.mr\\\/#organization\"},\"potentialAction\":[{\"@type\":\"SearchAction\",\"target\":{\"@type\":\"EntryPoint\",\"urlTemplate\":\"https:\\\/\\\/lequotidien.mr\\\/?s={search_term_string}\"},\"query-input\":{\"@type\":\"PropertyValueSpecification\",\"valueRequired\":true,\"valueName\":\"search_term_string\"}}],\"inLanguage\":\"ar\"},{\"@type\":\"Organization\",\"@id\":\"https:\\\/\\\/lequotidien.mr\\\/#organization\",\"name\":\"Le Quotidien de Nouakchott\",\"url\":\"https:\\\/\\\/lequotidien.mr\\\/\",\"logo\":{\"@type\":\"ImageObject\",\"inLanguage\":\"ar\",\"@id\":\"https:\\\/\\\/lequotidien.mr\\\/#\\\/schema\\\/logo\\\/image\\\/\",\"url\":\"https:\\\/\\\/lequotidien.mr\\\/wp-content\\\/uploads\\\/2022\\\/11\\\/logolequotidien.jpg\",\"contentUrl\":\"https:\\\/\\\/lequotidien.mr\\\/wp-content\\\/uploads\\\/2022\\\/11\\\/logolequotidien.jpg\",\"width\":290,\"height\":65,\"caption\":\"Le Quotidien de Nouakchott\"},\"image\":{\"@id\":\"https:\\\/\\\/lequotidien.mr\\\/#\\\/schema\\\/logo\\\/image\\\/\"},\"sameAs\":[\"https:\\\/\\\/web.facebook.com\\\/lequotidienmr\",\"https:\\\/\\\/x.com\\\/lequotidienmr\"]},{\"@type\":\"Person\",\"@id\":\"https:\\\/\\\/lequotidien.mr\\\/#\\\/schema\\\/person\\\/0926dbaf41ffa88b64cf66855b9b2826\",\"name\":\"Fatimetou Ethemane\",\"image\":{\"@type\":\"ImageObject\",\"inLanguage\":\"ar\",\"@id\":\"https:\\\/\\\/secure.gravatar.com\\\/avatar\\\/38fea9097a5e574debe9801202088f6f4429fdac0912587175811aad50d9706e?s=96&d=mm&r=g\",\"url\":\"https:\\\/\\\/secure.gravatar.com\\\/avatar\\\/38fea9097a5e574debe9801202088f6f4429fdac0912587175811aad50d9706e?s=96&d=mm&r=g\",\"contentUrl\":\"https:\\\/\\\/secure.gravatar.com\\\/avatar\\\/38fea9097a5e574debe9801202088f6f4429fdac0912587175811aad50d9706e?s=96&d=mm&r=g\",\"caption\":\"Fatimetou Ethemane\"},\"sameAs\":[\"http:\\\/\\\/lequotidien.mr\"],\"url\":\"https:\\\/\\\/lequotidien.mr\\\/?author=13\"}]}<\/script>\n<!-- \/ Yoast SEO plugin. -->","yoast_head_json":{"title":"Bruxelles : des militants d\u00e9noncent la r\u00e9pression et r\u00e9clament des lib\u00e9rations - Le Quotidien de Nouakchott","robots":{"index":"index","follow":"follow","max-snippet":"max-snippet:-1","max-image-preview":"max-image-preview:large","max-video-preview":"max-video-preview:-1"},"canonical":"https:\/\/lequotidien.mr\/?p=36810&lang=fr","og_locale":"ar_AR","og_type":"article","og_title":"Bruxelles : des militants d\u00e9noncent la r\u00e9pression et r\u00e9clament des lib\u00e9rations - Le Quotidien de Nouakchott","og_description":"Des jeunes militants issus de plusieurs mouvements, dont Initiative pour la R\u00e9surgence Abolitionniste, Kevana et Touche pas \u00e0 ma nationalit\u00e9, ont organis\u00e9 jeudi 23 avril 2026 un rassemblement devant l\u2019ambassade de Mauritanie \u00e0 Bruxelles. Les manifestants ont affich\u00e9 des photos des deux parlementaires d\u00e9tenues, Mariam Cheikh et Gamou Achour, ainsi que celle du fils de.....","og_url":"https:\/\/lequotidien.mr\/?p=36810&lang=fr","og_site_name":"Le Quotidien de Nouakchott","article_publisher":"https:\/\/web.facebook.com\/lequotidienmr","article_published_time":"2026-04-24T18:11:39+00:00","og_image":[{"width":715,"height":425,"url":"https:\/\/lequotidien.mr\/wp-content\/uploads\/2026\/04\/brux.png","type":"image\/png"}],"author":"Fatimetou Ethemane","twitter_card":"summary_large_image","twitter_creator":"@lequotidienmr","twitter_site":"@lequotidienmr","twitter_misc":{"\u0643\u064f\u062a\u0628 \u0628\u0648\u0627\u0633\u0637\u0629":"Fatimetou Ethemane","\u0648\u0642\u062a \u0627\u0644\u0642\u0631\u0627\u0621\u0629 \u0627\u0644\u0645\u064f\u0642\u062f\u0651\u0631":"3 \u062f\u0642\u0627\u0626\u0642"},"schema":{"@context":"https:\/\/schema.org","@graph":[{"@type":"Article","@id":"https:\/\/lequotidien.mr\/?p=36810&lang=fr#article","isPartOf":{"@id":"https:\/\/lequotidien.mr\/?p=36810&lang=fr"},"author":{"name":"Fatimetou Ethemane","@id":"https:\/\/lequotidien.mr\/#\/schema\/person\/0926dbaf41ffa88b64cf66855b9b2826"},"headline":"Bruxelles : des militants d\u00e9noncent la r\u00e9pression et r\u00e9clament des lib\u00e9rations","datePublished":"2026-04-24T18:11:39+00:00","mainEntityOfPage":{"@id":"https:\/\/lequotidien.mr\/?p=36810&lang=fr"},"wordCount":349,"commentCount":0,"publisher":{"@id":"https:\/\/lequotidien.mr\/#organization"},"image":{"@id":"https:\/\/lequotidien.mr\/?p=36810&lang=fr#primaryimage"},"thumbnailUrl":"https:\/\/lequotidien.mr\/wp-content\/uploads\/2026\/04\/brux.png","articleSection":["ACTUALIT\u00c9"],"inLanguage":"ar","potentialAction":[{"@type":"CommentAction","name":"Comment","target":["https:\/\/lequotidien.mr\/?p=36810&lang=fr#respond"]}]},{"@type":"WebPage","@id":"https:\/\/lequotidien.mr\/?p=36810&lang=fr","url":"https:\/\/lequotidien.mr\/?p=36810&lang=fr","name":"Bruxelles : des militants d\u00e9noncent la r\u00e9pression et r\u00e9clament des lib\u00e9rations - Le Quotidien de Nouakchott","isPartOf":{"@id":"https:\/\/lequotidien.mr\/#website"},"primaryImageOfPage":{"@id":"https:\/\/lequotidien.mr\/?p=36810&lang=fr#primaryimage"},"image":{"@id":"https:\/\/lequotidien.mr\/?p=36810&lang=fr#primaryimage"},"thumbnailUrl":"https:\/\/lequotidien.mr\/wp-content\/uploads\/2026\/04\/brux.png","datePublished":"2026-04-24T18:11:39+00:00","breadcrumb":{"@id":"https:\/\/lequotidien.mr\/?p=36810&lang=fr#breadcrumb"},"inLanguage":"ar","potentialAction":[{"@type":"ReadAction","target":["https:\/\/lequotidien.mr\/?p=36810&lang=fr"]}]},{"@type":"ImageObject","inLanguage":"ar","@id":"https:\/\/lequotidien.mr\/?p=36810&lang=fr#primaryimage","url":"https:\/\/lequotidien.mr\/wp-content\/uploads\/2026\/04\/brux.png","contentUrl":"https:\/\/lequotidien.mr\/wp-content\/uploads\/2026\/04\/brux.png","width":715,"height":425},{"@type":"BreadcrumbList","@id":"https:\/\/lequotidien.mr\/?p=36810&lang=fr#breadcrumb","itemListElement":[{"@type":"ListItem","position":1,"name":"Home","item":"https:\/\/lequotidien.mr\/"},{"@type":"ListItem","position":2,"name":"Bruxelles : des militants d\u00e9noncent la r\u00e9pression et r\u00e9clament des lib\u00e9rations"}]},{"@type":"WebSite","@id":"https:\/\/lequotidien.mr\/#website","url":"https:\/\/lequotidien.mr\/","name":"Le Quotidien de Nouakchott","description":"\u0625\u062e\u0628\u0627\u0631\u064a\u0629 \u0645\u0633\u062a\u0642\u0644\u0629 \u0644\u0644\u0623\u0646\u0628\u0627\u0621 \u0627\u0644\u0639\u0627\u0645\u0629","publisher":{"@id":"https:\/\/lequotidien.mr\/#organization"},"potentialAction":[{"@type":"SearchAction","target":{"@type":"EntryPoint","urlTemplate":"https:\/\/lequotidien.mr\/?s={search_term_string}"},"query-input":{"@type":"PropertyValueSpecification","valueRequired":true,"valueName":"search_term_string"}}],"inLanguage":"ar"},{"@type":"Organization","@id":"https:\/\/lequotidien.mr\/#organization","name":"Le Quotidien de Nouakchott","url":"https:\/\/lequotidien.mr\/","logo":{"@type":"ImageObject","inLanguage":"ar","@id":"https:\/\/lequotidien.mr\/#\/schema\/logo\/image\/","url":"https:\/\/lequotidien.mr\/wp-content\/uploads\/2022\/11\/logolequotidien.jpg","contentUrl":"https:\/\/lequotidien.mr\/wp-content\/uploads\/2022\/11\/logolequotidien.jpg","width":290,"height":65,"caption":"Le Quotidien de Nouakchott"},"image":{"@id":"https:\/\/lequotidien.mr\/#\/schema\/logo\/image\/"},"sameAs":["https:\/\/web.facebook.com\/lequotidienmr","https:\/\/x.com\/lequotidienmr"]},{"@type":"Person","@id":"https:\/\/lequotidien.mr\/#\/schema\/person\/0926dbaf41ffa88b64cf66855b9b2826","name":"Fatimetou Ethemane","image":{"@type":"ImageObject","inLanguage":"ar","@id":"https:\/\/secure.gravatar.com\/avatar\/38fea9097a5e574debe9801202088f6f4429fdac0912587175811aad50d9706e?s=96&d=mm&r=g","url":"https:\/\/secure.gravatar.com\/avatar\/38fea9097a5e574debe9801202088f6f4429fdac0912587175811aad50d9706e?s=96&d=mm&r=g","contentUrl":"https:\/\/secure.gravatar.com\/avatar\/38fea9097a5e574debe9801202088f6f4429fdac0912587175811aad50d9706e?s=96&d=mm&r=g","caption":"Fatimetou Ethemane"},"sameAs":["http:\/\/lequotidien.mr"],"url":"https:\/\/lequotidien.mr\/?author=13"}]}},"_links":{"self":[{"href":"https:\/\/lequotidien.mr\/index.php?rest_route=\/wp\/v2\/posts\/36810","targetHints":{"allow":["GET"]}}],"collection":[{"href":"https:\/\/lequotidien.mr\/index.php?rest_route=\/wp\/v2\/posts"}],"about":[{"href":"https:\/\/lequotidien.mr\/index.php?rest_route=\/wp\/v2\/types\/post"}],"author":[{"embeddable":true,"href":"https:\/\/lequotidien.mr\/index.php?rest_route=\/wp\/v2\/users\/13"}],"replies":[{"embeddable":true,"href":"https:\/\/lequotidien.mr\/index.php?rest_route=%2Fwp%2Fv2%2Fcomments&post=36810"}],"version-history":[{"count":1,"href":"https:\/\/lequotidien.mr\/index.php?rest_route=\/wp\/v2\/posts\/36810\/revisions"}],"predecessor-version":[{"id":36812,"href":"https:\/\/lequotidien.mr\/index.php?rest_route=\/wp\/v2\/posts\/36810\/revisions\/36812"}],"wp:featuredmedia":[{"embeddable":true,"href":"https:\/\/lequotidien.mr\/index.php?rest_route=\/wp\/v2\/media\/36811"}],"wp:attachment":[{"href":"https:\/\/lequotidien.mr\/index.php?rest_route=%2Fwp%2Fv2%2Fmedia&parent=36810"}],"wp:term":[{"taxonomy":"category","embeddable":true,"href":"https:\/\/lequotidien.mr\/index.php?rest_route=%2Fwp%2Fv2%2Fcategories&post=36810"},{"taxonomy":"post_tag","embeddable":true,"href":"https:\/\/lequotidien.mr\/index.php?rest_route=%2Fwp%2Fv2%2Ftags&post=36810"}],"curies":[{"name":"wp","href":"https:\/\/api.w.org\/{rel}","templated":true}]}}