{"id":36807,"date":"2026-04-24T18:10:11","date_gmt":"2026-04-24T18:10:11","guid":{"rendered":"https:\/\/lequotidien.mr\/?p=36807"},"modified":"2026-04-24T18:10:11","modified_gmt":"2026-04-24T18:10:11","slug":"mauritanie-et-mali-frontieres-indefinies-lutte-de-pouvoir-et-crises-heritees","status":"publish","type":"post","link":"https:\/\/lequotidien.mr\/?p=36807&lang=fr","title":{"rendered":"Mauritanie et Mali : Fronti\u00e8res ind\u00e9finies, lutte de pouvoir et crises h\u00e9rit\u00e9es"},"content":{"rendered":"<p>L\u2019escalade des tensions \u00e0 la fronti\u00e8re entre le Mali et la Mauritanie depuis 2024 ne se limite pas, selon les experts, \u00e0 des incidents s\u00e9curitaires isol\u00e9s, mais refl\u00e8te plut\u00f4t des probl\u00e8mes structurels complexes li\u00e9s \u00e0 l\u2019absence de d\u00e9marcation de la fronti\u00e8re,<\/p>\n<p>au chevauchement des territoires pastoraux et ethniques, et \u00e0 la mont\u00e9e de la concurrence r\u00e9gionale et internationale au Sahel.<\/p>\n<p>Si certains consid\u00e8rent ces tensions comme une extension d\u2019anciens conflits li\u00e9s \u00e0 l\u2019h\u00e9ritage du colonialisme et aux fronti\u00e8res de l\u2019\u00ab\u00a0\u00c9tat-nation\u00a0\u00bb dans les r\u00e9gions d\u00e9sertiques, exacerb\u00e9s par l\u2019arriv\u00e9e de nouveaux acteurs, d\u2019autres excluent la possibilit\u00e9 d\u2019une confrontation ouverte, pr\u00e9voyant qu\u2019elle restera cantonn\u00e9e \u00e0 des affrontements limit\u00e9s malgr\u00e9 les risques s\u00e9curitaires et \u00e9conomiques.<\/p>\n<p>La fronti\u00e8re entre le Mali et la Mauritanie est le th\u00e9\u00e2tre de tensions croissantes, sur fond d\u2019incursions des forces maliennes soutenues par leurs alli\u00e9s \u00e0 Moscou, qui ont fait des victimes civiles et entra\u00een\u00e9 la destruction d\u2019infrastructures vitales en territoire mauritanien.<\/p>\n<p>Bamako affirme que ces op\u00e9rations s&#8217;inscrivent dans le cadre de sa lutte contre le terrorisme, tandis que Nouakchott les consid\u00e8re comme des violations de sa souverainet\u00e9.<\/p>\n<p>Ces deux derni\u00e8res ann\u00e9es, des incidents r\u00e9p\u00e9t\u00e9s ont \u00e9t\u00e9 recens\u00e9s dans les zones frontali\u00e8res telles que Madallah et Fassala (en Mauritanie) et Gargando et Tin Andanda (au Mali), notamment \u2013 \u200b\u200bselon des sources locales \u2013 des meurtres, des pillages et la destruction de points d&#8217;eau.<\/p>\n<p>Le 20 mars, deux \u00e9leveurs mauritaniens ont \u00e9t\u00e9 enlev\u00e9s dans la r\u00e9gion de Yakna avant d&#8217;\u00eatre d\u00e9clar\u00e9s morts. Quelques jours plus tard, cinq civils ont \u00e9t\u00e9 tu\u00e9s dans la r\u00e9gion de Hodh El Gharbi, ce qui a incit\u00e9 la Mauritanie \u00e0 convoquer \u00e0 plusieurs reprises l&#8217;ambassadeur du Mali pour protester.<\/p>\n<p>Parall\u00e8lement, le Mali est confront\u00e9 \u00e0 des d\u00e9fis s\u00e9curitaires et \u00e9conomiques croissants, notamment depuis le blocus des convois de carburant impos\u00e9 par le groupe Jama&#8217;at Nusrat al-Islam wal-Muslimin (JNIM) depuis septembre 2015.<\/p>\n<p>Conflits profond\u00e9ment enracin\u00e9s<\/p>\n<p>Kamal Ben Younes, ancien directeur de la Revue d&#8217;\u00e9tudes internationales bas\u00e9e \u00e0 Tunis, estime que les causes profondes des tensions d\u00e9passent le cadre des diff\u00e9rends frontaliers temporaires, tant dans les pays africains en g\u00e9n\u00e9ral que dans les anciennes colonies fran\u00e7aises en particulier.<\/p>\n<p>Ces tensions \u00ab sont li\u00e9es \u00e0 un conflit plus profond concernant la l\u00e9gitimit\u00e9 des fronti\u00e8res trac\u00e9es par le colonialisme europ\u00e9en apr\u00e8s la Seconde Guerre mondiale \u00bb, a-t-il d\u00e9clar\u00e9 \u00e0 l&#8217;agence Anadolu.<\/p>\n<p>Il a soulign\u00e9 que ces probl\u00e8mes ont \u00e9merg\u00e9 apr\u00e8s l&#8217;ind\u00e9pendance des pays de la r\u00e9gion dans les ann\u00e9es 1960, car les nouvelles fronti\u00e8res politiques n&#8217;ont pas mis fin \u00e0 l&#8217;interd\u00e9pendance sociale et \u00e9conomique entre les tribus et les communaut\u00e9s locales, en particulier dans les r\u00e9gions d\u00e9sertiques.<\/p>\n<p>Ben Younes ajoute : \u00ab L\u2019implication d\u2019acteurs internationaux dans les conflits entre les pays du Sahel et du Sahara ces derni\u00e8res ann\u00e9es a complexifi\u00e9 certains diff\u00e9rends bilat\u00e9raux entre la Mauritanie et le Mali, d\u2019une part, et d\u2019autres pays de la r\u00e9gion, d\u2019autre part. \u00bb<\/p>\n<p>Il poursuit : \u00ab L\u2019importance de ces diff\u00e9rends s\u2019est accrue suite \u00e0 la concurrence croissante entre la France, les \u00c9tats-Unis, la Russie et la Chine pour la r\u00e9gion et ses ressources, notamment apr\u00e8s la d\u00e9couverte de mati\u00e8res premi\u00e8res et d\u2019hydrocarbures en Mauritanie. \u00bb<\/p>\n<p>Tensions temporaires<\/p>\n<p>Ben Younes estime que ces tensions pourraient affecter temporairement la stabilit\u00e9 s\u00e9curitaire en Afrique de l\u2019Ouest, mais qu\u2019elles resteront de courte dur\u00e9e, compte tenu des efforts internationaux d\u00e9ploy\u00e9s pour contenir les crises r\u00e9gionales.<\/p>\n<p>Il souligne \u00e9galement le r\u00f4le limit\u00e9 de l\u2019Union africaine dans l\u2019imposition de solutions, compar\u00e9 \u00e0 l\u2019influence de certains pays de la r\u00e9gion.<\/p>\n<p>Fronti\u00e8res floues et chevauchement ethnique<\/p>\n<p>Pour sa part, l\u2019expert mauritanien en s\u00e9curit\u00e9, Souleymane Cheikh Hamdi, explique que le contexte de ces tensions est \u00ab complexe \u00bb, en raison de l\u2019absence de fronti\u00e8res clairement d\u00e9finies et de la pr\u00e9sence d\u2019un m\u00e9lange de tribus et de groupes ethniques qui se chevauchent de part et d\u2019autre.<\/p>\n<p>Il ajoute que le caract\u00e8re pastoral de l&#8217;\u00e9conomie a historiquement maintenu les fronti\u00e8res ouvertes, les populations circulant librement entre les deux pays pour s&#8217;approvisionner et mener leurs activit\u00e9s.<\/p>\n<p>Cheikh Hamdi estime que la situation a \u00e9volu\u00e9 avec l&#8217;escalade des tensions s\u00e9curitaires et l&#8217;\u00e9mergence de nouveaux acteurs, tels que le groupe Wagner russe et des groupes arm\u00e9s, ce qui complexifie davantage la situation \u00e0 la fronti\u00e8re.<\/p>\n<p>Il souligne la difficult\u00e9, dans certains cas, de distinguer les civils des combattants, notamment en raison des liens de certains groupes arm\u00e9s avec des r\u00e9seaux ethniques transnationaux.<\/p>\n<p>Crise malienne et retenue mauritanienne<\/p>\n<p>Cheikh Hamdi indique que la situation int\u00e9rieure au Mali peut parfois le pousser \u00e0 exporter ses crises \u00e0 la fronti\u00e8re, sous la pression s\u00e9curitaire croissante.<\/p>\n<p>\u00c0 l&#8217;inverse, il note que la Mauritanie m\u00e8ne une politique de retenue pour \u00e9viter toute escalade, malgr\u00e9 les critiques internes, afin de pr\u00e9server sa stabilit\u00e9.<\/p>\n<p>Intervention russe<\/p>\n<p>Concernant le r\u00f4le de la Russie, Cheikh Hamdi explique que Moscou a renforc\u00e9 sa pr\u00e9sence au Mali apr\u00e8s le d\u00e9clin de l&#8217;influence fran\u00e7aise, par le biais de groupes comme Wagner, qui ont particip\u00e9 \u00e0 des op\u00e9rations militaires.<\/p>\n<p>Il estime que cette strat\u00e9gie a donn\u00e9 des r\u00e9sultats au d\u00e9but, mais a ensuite \u00e9chou\u00e9 face \u00e0 la complexification de la situation sur le terrain et au d\u00e9clin du soutien russe durant la guerre en Ukraine.<\/p>\n<p>Concernant le r\u00f4le de l&#8217;Union africaine dans la r\u00e9solution de la crise, il d\u00e9clare\u00a0: \u00ab\u00a0L&#8217;Union africaine n&#8217;a aucun r\u00f4le r\u00e9el \u00e0 jouer dans cette crise, car elle demeure trop faible pour affirmer sa pr\u00e9sence sur de tels sujets, d&#8217;autant plus que ces tensions sont anciennes et profond\u00e9ment ancr\u00e9es dans le tissu politique et g\u00e9ostrat\u00e9gique de la r\u00e9gion.\u00bb<\/p>\n<p>Accumulations structurelles<\/p>\n<p>Pour sa part, le chercheur en relations internationales Bashir al-Juwayni estime que les tensions actuelles ne sont pas conjoncturelles, mais plut\u00f4t le r\u00e9sultat d&#8217;accumulations structurelles et s\u00e9curitaires profondes, que l&#8217;on peut r\u00e9sumer en trois dimensions. La premi\u00e8re est l&#8217;absence de d\u00e9marcation des fronti\u00e8res, qui cr\u00e9e des zones grises o\u00f9 chaque camp interpr\u00e8te les mouvements militaires de l&#8217;autre de mani\u00e8re contradictoire.<\/p>\n<p>La deuxi\u00e8me dimension, selon al-Juwayni, est \u00ab\u00a0la convergence entre pastoralisme et consid\u00e9rations s\u00e9curitaires. Les \u00e9leveurs mauritaniens sont contraints de franchir la fronti\u00e8re \u00e0 la recherche de p\u00e2turages pendant la saison s\u00e8che, tandis que Bamako a interdit la migration pastorale \u00e9trang\u00e8re depuis septembre 2015, ce qui a engendr\u00e9 des affrontements sanglants document\u00e9s.\u00bb<\/p>\n<p>La troisi\u00e8me dimension est la comp\u00e9tition r\u00e9gionale pour l&#8217;influence, les incursions r\u00e9p\u00e9t\u00e9es s&#8217;inscrivant dans un contexte d&#8217;escalade diplomatique plus large, li\u00e9e au r\u00e9alignement des alliances dans la r\u00e9gion.<\/p>\n<p>R\u00e9cits contradictoires<\/p>\n<p>Al-Juwayni souligne qu&#8217;il demeure difficile de d\u00e9terminer la v\u00e9rit\u00e9 sur les incidents frontaliers, compte tenu des deux r\u00e9cits contradictoires\u00a0: l&#8217;un, provenant du Mali, affirme que les op\u00e9rations se d\u00e9roulent sur son territoire\u00a0; l&#8217;autre, de la Mauritanie, s&#8217;appuie sur des t\u00e9moignages de terrain et des rapports faisant \u00e9tat de violations contre des civils.<\/p>\n<p>Risques multiples<\/p>\n<p>Concernant les risques d&#8217;escalade, Al-Juwayni indique qu&#8217;ils \u00ab\u00a0d\u00e9passent largement le cadre bilat\u00e9ral malien-mauritanien et se r\u00e9partissent sur quatre niveaux, dont le premier est\u2026\u00a0\u00bb<\/p>\n<p>\u00ab Cela ouvre un nouveau front de conflit qui \u00e9puisera les ressources et d\u00e9tournera l&#8217;attention de la lutte commune contre les groupes violents et extr\u00e9mistes actifs dans les deux pays. \u00bb<\/p>\n<p>Il ajoute : \u00ab Le second niveau concerne la menace qui p\u00e8se sur le commerce et les cha\u00eenes d&#8217;approvisionnement, le port de Nouakchott \u00e9tant l&#8217;une des portes d&#8217;entr\u00e9e vitales du Mali. Or, des saisies de camions et des blocages de routes ont d\u00e9j\u00e0 \u00e9t\u00e9 constat\u00e9s \u00e0 plusieurs reprises. \u00bb<\/p>\n<p>Il poursuit : \u00ab Il existe \u00e9galement des risques li\u00e9s \u00e0 la cr\u00e9ation d&#8217;un vide s\u00e9curitaire qui pourrait \u00eatre exploit\u00e9 par des groupes arm\u00e9s violents et extr\u00e9mistes, comme le confirment les rapports de l&#8217;ONU concernant l&#8217;expansion de l&#8217;influence de plusieurs de ces groupes dans la r\u00e9gion. S&#8217;ajoute \u00e0 cela la possibilit\u00e9 d&#8217;une propagation du conflit aux pays voisins, ce qui pourrait reproduire d&#8217;anciennes divisions r\u00e9gionales sous de nouveaux pr\u00e9textes et avec le soutien de nouveaux acteurs. \u00bb<\/p>\n<p>Concernant le r\u00f4le de la Russie, il explique\u00a0: \u00ab\u00a0Il n\u2019existe aucune preuve directe de l\u2019implication d\u2019\u00e9l\u00e9ments russes dans les tensions frontali\u00e8res sp\u00e9cifiques entre le Mali et la Mauritanie. Toutefois, la pr\u00e9sence de forces russes au Mali, au sein d\u2019une formation appel\u00e9e \u00ab\u00a0Africa Corps\u00a0\u00bb, est av\u00e9r\u00e9e. Elles participent \u00e0 des op\u00e9rations militaires et patrouillent le long de la fronti\u00e8re avec la Mauritanie, ce qui a suscit\u00e9 l\u2019inqui\u00e9tude des civils et contribu\u00e9 \u00e0 des vagues de d\u00e9placements de population.\u00a0\u00bb<\/p>\n<p>Al-Juwayni conclut\u00a0: \u00ab\u00a0Ce qui frappe, c\u2019est l\u2019absence manifeste de l\u2019Union africaine dans la gestion de cette crise. Aucune action officielle n\u2019a \u00e9t\u00e9 enregistr\u00e9e ces derniers mois, ni en termes de m\u00e9diation directe, ni par la publication de d\u00e9clarations ou la nomination d\u2019envoy\u00e9s.\u00bb<\/p>\n<p style=\"text-align: center;\"><em><strong>(Anadolu)<\/strong><\/em><\/p>\n","protected":false},"excerpt":{"rendered":"<p>L\u2019escalade des tensions \u00e0 la fronti\u00e8re entre le Mali et la Mauritanie depuis 2024 ne se limite pas, selon les experts, \u00e0 des incidents s\u00e9curitaires isol\u00e9s, mais refl\u00e8te plut\u00f4t des probl\u00e8mes structurels complexes li\u00e9s \u00e0 l\u2019absence de d\u00e9marcation de la fronti\u00e8re, au chevauchement des territoires pastoraux et ethniques, et \u00e0 la mont\u00e9e de la concurrence&#8230;..<\/p>\n","protected":false},"author":13,"featured_media":36808,"comment_status":"open","ping_status":"open","sticky":false,"template":"","format":"standard","meta":{"footnotes":""},"categories":[23,59],"tags":[],"class_list":["post-36807","post","type-post","status-publish","format-standard","has-post-thumbnail","hentry","category-actualite","category-opinion"],"yoast_head":"<!-- This site is optimized with the Yoast SEO plugin v27.5 - https:\/\/yoast.com\/product\/yoast-seo-wordpress\/ -->\n<title>Mauritanie et Mali : Fronti\u00e8res ind\u00e9finies, lutte de pouvoir et crises h\u00e9rit\u00e9es - Le Quotidien de Nouakchott<\/title>\n<meta name=\"robots\" content=\"index, follow, max-snippet:-1, max-image-preview:large, max-video-preview:-1\" \/>\n<link rel=\"canonical\" href=\"https:\/\/lequotidien.mr\/?p=36807&lang=fr\" \/>\n<meta property=\"og:locale\" content=\"ar_AR\" \/>\n<meta property=\"og:type\" content=\"article\" \/>\n<meta property=\"og:title\" content=\"Mauritanie et Mali : Fronti\u00e8res ind\u00e9finies, lutte de pouvoir et crises h\u00e9rit\u00e9es - Le Quotidien de Nouakchott\" \/>\n<meta property=\"og:description\" content=\"L\u2019escalade des tensions \u00e0 la fronti\u00e8re entre le Mali et la Mauritanie depuis 2024 ne se limite pas, selon les experts, \u00e0 des incidents s\u00e9curitaires isol\u00e9s, mais refl\u00e8te plut\u00f4t des probl\u00e8mes structurels complexes li\u00e9s \u00e0 l\u2019absence de d\u00e9marcation de la fronti\u00e8re, au chevauchement des territoires pastoraux et ethniques, et \u00e0 la mont\u00e9e de la concurrence.....\" \/>\n<meta property=\"og:url\" content=\"https:\/\/lequotidien.mr\/?p=36807&amp;lang=fr\" \/>\n<meta property=\"og:site_name\" content=\"Le Quotidien de Nouakchott\" \/>\n<meta property=\"article:publisher\" content=\"https:\/\/web.facebook.com\/lequotidienmr\" \/>\n<meta property=\"article:published_time\" content=\"2026-04-24T18:10:11+00:00\" \/>\n<meta property=\"og:image\" content=\"https:\/\/lequotidien.mr\/wp-content\/uploads\/2026\/04\/Mali_3.png\" \/>\n\t<meta property=\"og:image:width\" content=\"463\" \/>\n\t<meta property=\"og:image:height\" content=\"320\" \/>\n\t<meta property=\"og:image:type\" content=\"image\/png\" \/>\n<meta name=\"author\" content=\"Fatimetou Ethemane\" \/>\n<meta name=\"twitter:card\" content=\"summary_large_image\" \/>\n<meta name=\"twitter:creator\" content=\"@lequotidienmr\" \/>\n<meta name=\"twitter:site\" content=\"@lequotidienmr\" \/>\n<meta name=\"twitter:label1\" content=\"\u0643\u064f\u062a\u0628 \u0628\u0648\u0627\u0633\u0637\u0629\" \/>\n\t<meta name=\"twitter:data1\" content=\"Fatimetou Ethemane\" \/>\n\t<meta name=\"twitter:label2\" content=\"\u0648\u0642\u062a \u0627\u0644\u0642\u0631\u0627\u0621\u0629 \u0627\u0644\u0645\u064f\u0642\u062f\u0651\u0631\" \/>\n\t<meta name=\"twitter:data2\" content=\"11 \u062f\u0642\u064a\u0642\u0629\" \/>\n<script type=\"application\/ld+json\" class=\"yoast-schema-graph\">{\"@context\":\"https:\\\/\\\/schema.org\",\"@graph\":[{\"@type\":\"Article\",\"@id\":\"https:\\\/\\\/lequotidien.mr\\\/?p=36807&lang=fr#article\",\"isPartOf\":{\"@id\":\"https:\\\/\\\/lequotidien.mr\\\/?p=36807&lang=fr\"},\"author\":{\"name\":\"Fatimetou Ethemane\",\"@id\":\"https:\\\/\\\/lequotidien.mr\\\/#\\\/schema\\\/person\\\/0926dbaf41ffa88b64cf66855b9b2826\"},\"headline\":\"Mauritanie et Mali : Fronti\u00e8res ind\u00e9finies, lutte de pouvoir et crises h\u00e9rit\u00e9es\",\"datePublished\":\"2026-04-24T18:10:11+00:00\",\"mainEntityOfPage\":{\"@id\":\"https:\\\/\\\/lequotidien.mr\\\/?p=36807&lang=fr\"},\"wordCount\":1639,\"commentCount\":0,\"publisher\":{\"@id\":\"https:\\\/\\\/lequotidien.mr\\\/#organization\"},\"image\":{\"@id\":\"https:\\\/\\\/lequotidien.mr\\\/?p=36807&lang=fr#primaryimage\"},\"thumbnailUrl\":\"https:\\\/\\\/lequotidien.mr\\\/wp-content\\\/uploads\\\/2026\\\/04\\\/Mali_3.png\",\"articleSection\":[\"ACTUALIT\u00c9\",\"Opinion\"],\"inLanguage\":\"ar\",\"potentialAction\":[{\"@type\":\"CommentAction\",\"name\":\"Comment\",\"target\":[\"https:\\\/\\\/lequotidien.mr\\\/?p=36807&lang=fr#respond\"]}]},{\"@type\":\"WebPage\",\"@id\":\"https:\\\/\\\/lequotidien.mr\\\/?p=36807&lang=fr\",\"url\":\"https:\\\/\\\/lequotidien.mr\\\/?p=36807&lang=fr\",\"name\":\"Mauritanie et Mali : Fronti\u00e8res ind\u00e9finies, lutte de pouvoir et crises h\u00e9rit\u00e9es - Le Quotidien de Nouakchott\",\"isPartOf\":{\"@id\":\"https:\\\/\\\/lequotidien.mr\\\/#website\"},\"primaryImageOfPage\":{\"@id\":\"https:\\\/\\\/lequotidien.mr\\\/?p=36807&lang=fr#primaryimage\"},\"image\":{\"@id\":\"https:\\\/\\\/lequotidien.mr\\\/?p=36807&lang=fr#primaryimage\"},\"thumbnailUrl\":\"https:\\\/\\\/lequotidien.mr\\\/wp-content\\\/uploads\\\/2026\\\/04\\\/Mali_3.png\",\"datePublished\":\"2026-04-24T18:10:11+00:00\",\"breadcrumb\":{\"@id\":\"https:\\\/\\\/lequotidien.mr\\\/?p=36807&lang=fr#breadcrumb\"},\"inLanguage\":\"ar\",\"potentialAction\":[{\"@type\":\"ReadAction\",\"target\":[\"https:\\\/\\\/lequotidien.mr\\\/?p=36807&lang=fr\"]}]},{\"@type\":\"ImageObject\",\"inLanguage\":\"ar\",\"@id\":\"https:\\\/\\\/lequotidien.mr\\\/?p=36807&lang=fr#primaryimage\",\"url\":\"https:\\\/\\\/lequotidien.mr\\\/wp-content\\\/uploads\\\/2026\\\/04\\\/Mali_3.png\",\"contentUrl\":\"https:\\\/\\\/lequotidien.mr\\\/wp-content\\\/uploads\\\/2026\\\/04\\\/Mali_3.png\",\"width\":463,\"height\":320},{\"@type\":\"BreadcrumbList\",\"@id\":\"https:\\\/\\\/lequotidien.mr\\\/?p=36807&lang=fr#breadcrumb\",\"itemListElement\":[{\"@type\":\"ListItem\",\"position\":1,\"name\":\"Home\",\"item\":\"https:\\\/\\\/lequotidien.mr\\\/\"},{\"@type\":\"ListItem\",\"position\":2,\"name\":\"Mauritanie et Mali : Fronti\u00e8res ind\u00e9finies, lutte de pouvoir et crises h\u00e9rit\u00e9es\"}]},{\"@type\":\"WebSite\",\"@id\":\"https:\\\/\\\/lequotidien.mr\\\/#website\",\"url\":\"https:\\\/\\\/lequotidien.mr\\\/\",\"name\":\"Le Quotidien de Nouakchott\",\"description\":\"\u0625\u062e\u0628\u0627\u0631\u064a\u0629 \u0645\u0633\u062a\u0642\u0644\u0629 \u0644\u0644\u0623\u0646\u0628\u0627\u0621 \u0627\u0644\u0639\u0627\u0645\u0629\",\"publisher\":{\"@id\":\"https:\\\/\\\/lequotidien.mr\\\/#organization\"},\"potentialAction\":[{\"@type\":\"SearchAction\",\"target\":{\"@type\":\"EntryPoint\",\"urlTemplate\":\"https:\\\/\\\/lequotidien.mr\\\/?s={search_term_string}\"},\"query-input\":{\"@type\":\"PropertyValueSpecification\",\"valueRequired\":true,\"valueName\":\"search_term_string\"}}],\"inLanguage\":\"ar\"},{\"@type\":\"Organization\",\"@id\":\"https:\\\/\\\/lequotidien.mr\\\/#organization\",\"name\":\"Le Quotidien de Nouakchott\",\"url\":\"https:\\\/\\\/lequotidien.mr\\\/\",\"logo\":{\"@type\":\"ImageObject\",\"inLanguage\":\"ar\",\"@id\":\"https:\\\/\\\/lequotidien.mr\\\/#\\\/schema\\\/logo\\\/image\\\/\",\"url\":\"https:\\\/\\\/lequotidien.mr\\\/wp-content\\\/uploads\\\/2022\\\/11\\\/logolequotidien.jpg\",\"contentUrl\":\"https:\\\/\\\/lequotidien.mr\\\/wp-content\\\/uploads\\\/2022\\\/11\\\/logolequotidien.jpg\",\"width\":290,\"height\":65,\"caption\":\"Le Quotidien de Nouakchott\"},\"image\":{\"@id\":\"https:\\\/\\\/lequotidien.mr\\\/#\\\/schema\\\/logo\\\/image\\\/\"},\"sameAs\":[\"https:\\\/\\\/web.facebook.com\\\/lequotidienmr\",\"https:\\\/\\\/x.com\\\/lequotidienmr\"]},{\"@type\":\"Person\",\"@id\":\"https:\\\/\\\/lequotidien.mr\\\/#\\\/schema\\\/person\\\/0926dbaf41ffa88b64cf66855b9b2826\",\"name\":\"Fatimetou Ethemane\",\"image\":{\"@type\":\"ImageObject\",\"inLanguage\":\"ar\",\"@id\":\"https:\\\/\\\/secure.gravatar.com\\\/avatar\\\/38fea9097a5e574debe9801202088f6f4429fdac0912587175811aad50d9706e?s=96&d=mm&r=g\",\"url\":\"https:\\\/\\\/secure.gravatar.com\\\/avatar\\\/38fea9097a5e574debe9801202088f6f4429fdac0912587175811aad50d9706e?s=96&d=mm&r=g\",\"contentUrl\":\"https:\\\/\\\/secure.gravatar.com\\\/avatar\\\/38fea9097a5e574debe9801202088f6f4429fdac0912587175811aad50d9706e?s=96&d=mm&r=g\",\"caption\":\"Fatimetou Ethemane\"},\"sameAs\":[\"http:\\\/\\\/lequotidien.mr\"],\"url\":\"https:\\\/\\\/lequotidien.mr\\\/?author=13\"}]}<\/script>\n<!-- \/ Yoast SEO plugin. -->","yoast_head_json":{"title":"Mauritanie et Mali : Fronti\u00e8res ind\u00e9finies, lutte de pouvoir et crises h\u00e9rit\u00e9es - Le Quotidien de Nouakchott","robots":{"index":"index","follow":"follow","max-snippet":"max-snippet:-1","max-image-preview":"max-image-preview:large","max-video-preview":"max-video-preview:-1"},"canonical":"https:\/\/lequotidien.mr\/?p=36807&lang=fr","og_locale":"ar_AR","og_type":"article","og_title":"Mauritanie et Mali : Fronti\u00e8res ind\u00e9finies, lutte de pouvoir et crises h\u00e9rit\u00e9es - Le Quotidien de Nouakchott","og_description":"L\u2019escalade des tensions \u00e0 la fronti\u00e8re entre le Mali et la Mauritanie depuis 2024 ne se limite pas, selon les experts, \u00e0 des incidents s\u00e9curitaires isol\u00e9s, mais refl\u00e8te plut\u00f4t des probl\u00e8mes structurels complexes li\u00e9s \u00e0 l\u2019absence de d\u00e9marcation de la fronti\u00e8re, au chevauchement des territoires pastoraux et ethniques, et \u00e0 la mont\u00e9e de la concurrence.....","og_url":"https:\/\/lequotidien.mr\/?p=36807&lang=fr","og_site_name":"Le Quotidien de Nouakchott","article_publisher":"https:\/\/web.facebook.com\/lequotidienmr","article_published_time":"2026-04-24T18:10:11+00:00","og_image":[{"width":463,"height":320,"url":"https:\/\/lequotidien.mr\/wp-content\/uploads\/2026\/04\/Mali_3.png","type":"image\/png"}],"author":"Fatimetou Ethemane","twitter_card":"summary_large_image","twitter_creator":"@lequotidienmr","twitter_site":"@lequotidienmr","twitter_misc":{"\u0643\u064f\u062a\u0628 \u0628\u0648\u0627\u0633\u0637\u0629":"Fatimetou Ethemane","\u0648\u0642\u062a \u0627\u0644\u0642\u0631\u0627\u0621\u0629 \u0627\u0644\u0645\u064f\u0642\u062f\u0651\u0631":"11 \u062f\u0642\u064a\u0642\u0629"},"schema":{"@context":"https:\/\/schema.org","@graph":[{"@type":"Article","@id":"https:\/\/lequotidien.mr\/?p=36807&lang=fr#article","isPartOf":{"@id":"https:\/\/lequotidien.mr\/?p=36807&lang=fr"},"author":{"name":"Fatimetou Ethemane","@id":"https:\/\/lequotidien.mr\/#\/schema\/person\/0926dbaf41ffa88b64cf66855b9b2826"},"headline":"Mauritanie et Mali : Fronti\u00e8res ind\u00e9finies, lutte de pouvoir et crises h\u00e9rit\u00e9es","datePublished":"2026-04-24T18:10:11+00:00","mainEntityOfPage":{"@id":"https:\/\/lequotidien.mr\/?p=36807&lang=fr"},"wordCount":1639,"commentCount":0,"publisher":{"@id":"https:\/\/lequotidien.mr\/#organization"},"image":{"@id":"https:\/\/lequotidien.mr\/?p=36807&lang=fr#primaryimage"},"thumbnailUrl":"https:\/\/lequotidien.mr\/wp-content\/uploads\/2026\/04\/Mali_3.png","articleSection":["ACTUALIT\u00c9","Opinion"],"inLanguage":"ar","potentialAction":[{"@type":"CommentAction","name":"Comment","target":["https:\/\/lequotidien.mr\/?p=36807&lang=fr#respond"]}]},{"@type":"WebPage","@id":"https:\/\/lequotidien.mr\/?p=36807&lang=fr","url":"https:\/\/lequotidien.mr\/?p=36807&lang=fr","name":"Mauritanie et Mali : Fronti\u00e8res ind\u00e9finies, lutte de pouvoir et crises h\u00e9rit\u00e9es - Le Quotidien de Nouakchott","isPartOf":{"@id":"https:\/\/lequotidien.mr\/#website"},"primaryImageOfPage":{"@id":"https:\/\/lequotidien.mr\/?p=36807&lang=fr#primaryimage"},"image":{"@id":"https:\/\/lequotidien.mr\/?p=36807&lang=fr#primaryimage"},"thumbnailUrl":"https:\/\/lequotidien.mr\/wp-content\/uploads\/2026\/04\/Mali_3.png","datePublished":"2026-04-24T18:10:11+00:00","breadcrumb":{"@id":"https:\/\/lequotidien.mr\/?p=36807&lang=fr#breadcrumb"},"inLanguage":"ar","potentialAction":[{"@type":"ReadAction","target":["https:\/\/lequotidien.mr\/?p=36807&lang=fr"]}]},{"@type":"ImageObject","inLanguage":"ar","@id":"https:\/\/lequotidien.mr\/?p=36807&lang=fr#primaryimage","url":"https:\/\/lequotidien.mr\/wp-content\/uploads\/2026\/04\/Mali_3.png","contentUrl":"https:\/\/lequotidien.mr\/wp-content\/uploads\/2026\/04\/Mali_3.png","width":463,"height":320},{"@type":"BreadcrumbList","@id":"https:\/\/lequotidien.mr\/?p=36807&lang=fr#breadcrumb","itemListElement":[{"@type":"ListItem","position":1,"name":"Home","item":"https:\/\/lequotidien.mr\/"},{"@type":"ListItem","position":2,"name":"Mauritanie et Mali : Fronti\u00e8res ind\u00e9finies, lutte de pouvoir et crises h\u00e9rit\u00e9es"}]},{"@type":"WebSite","@id":"https:\/\/lequotidien.mr\/#website","url":"https:\/\/lequotidien.mr\/","name":"Le Quotidien de Nouakchott","description":"\u0625\u062e\u0628\u0627\u0631\u064a\u0629 \u0645\u0633\u062a\u0642\u0644\u0629 \u0644\u0644\u0623\u0646\u0628\u0627\u0621 \u0627\u0644\u0639\u0627\u0645\u0629","publisher":{"@id":"https:\/\/lequotidien.mr\/#organization"},"potentialAction":[{"@type":"SearchAction","target":{"@type":"EntryPoint","urlTemplate":"https:\/\/lequotidien.mr\/?s={search_term_string}"},"query-input":{"@type":"PropertyValueSpecification","valueRequired":true,"valueName":"search_term_string"}}],"inLanguage":"ar"},{"@type":"Organization","@id":"https:\/\/lequotidien.mr\/#organization","name":"Le Quotidien de Nouakchott","url":"https:\/\/lequotidien.mr\/","logo":{"@type":"ImageObject","inLanguage":"ar","@id":"https:\/\/lequotidien.mr\/#\/schema\/logo\/image\/","url":"https:\/\/lequotidien.mr\/wp-content\/uploads\/2022\/11\/logolequotidien.jpg","contentUrl":"https:\/\/lequotidien.mr\/wp-content\/uploads\/2022\/11\/logolequotidien.jpg","width":290,"height":65,"caption":"Le Quotidien de Nouakchott"},"image":{"@id":"https:\/\/lequotidien.mr\/#\/schema\/logo\/image\/"},"sameAs":["https:\/\/web.facebook.com\/lequotidienmr","https:\/\/x.com\/lequotidienmr"]},{"@type":"Person","@id":"https:\/\/lequotidien.mr\/#\/schema\/person\/0926dbaf41ffa88b64cf66855b9b2826","name":"Fatimetou Ethemane","image":{"@type":"ImageObject","inLanguage":"ar","@id":"https:\/\/secure.gravatar.com\/avatar\/38fea9097a5e574debe9801202088f6f4429fdac0912587175811aad50d9706e?s=96&d=mm&r=g","url":"https:\/\/secure.gravatar.com\/avatar\/38fea9097a5e574debe9801202088f6f4429fdac0912587175811aad50d9706e?s=96&d=mm&r=g","contentUrl":"https:\/\/secure.gravatar.com\/avatar\/38fea9097a5e574debe9801202088f6f4429fdac0912587175811aad50d9706e?s=96&d=mm&r=g","caption":"Fatimetou Ethemane"},"sameAs":["http:\/\/lequotidien.mr"],"url":"https:\/\/lequotidien.mr\/?author=13"}]}},"_links":{"self":[{"href":"https:\/\/lequotidien.mr\/index.php?rest_route=\/wp\/v2\/posts\/36807","targetHints":{"allow":["GET"]}}],"collection":[{"href":"https:\/\/lequotidien.mr\/index.php?rest_route=\/wp\/v2\/posts"}],"about":[{"href":"https:\/\/lequotidien.mr\/index.php?rest_route=\/wp\/v2\/types\/post"}],"author":[{"embeddable":true,"href":"https:\/\/lequotidien.mr\/index.php?rest_route=\/wp\/v2\/users\/13"}],"replies":[{"embeddable":true,"href":"https:\/\/lequotidien.mr\/index.php?rest_route=%2Fwp%2Fv2%2Fcomments&post=36807"}],"version-history":[{"count":1,"href":"https:\/\/lequotidien.mr\/index.php?rest_route=\/wp\/v2\/posts\/36807\/revisions"}],"predecessor-version":[{"id":36809,"href":"https:\/\/lequotidien.mr\/index.php?rest_route=\/wp\/v2\/posts\/36807\/revisions\/36809"}],"wp:featuredmedia":[{"embeddable":true,"href":"https:\/\/lequotidien.mr\/index.php?rest_route=\/wp\/v2\/media\/36808"}],"wp:attachment":[{"href":"https:\/\/lequotidien.mr\/index.php?rest_route=%2Fwp%2Fv2%2Fmedia&parent=36807"}],"wp:term":[{"taxonomy":"category","embeddable":true,"href":"https:\/\/lequotidien.mr\/index.php?rest_route=%2Fwp%2Fv2%2Fcategories&post=36807"},{"taxonomy":"post_tag","embeddable":true,"href":"https:\/\/lequotidien.mr\/index.php?rest_route=%2Fwp%2Fv2%2Ftags&post=36807"}],"curies":[{"name":"wp","href":"https:\/\/api.w.org\/{rel}","templated":true}]}}