{"id":36804,"date":"2026-04-24T18:08:56","date_gmt":"2026-04-24T18:08:56","guid":{"rendered":"https:\/\/lequotidien.mr\/?p=36804"},"modified":"2026-04-24T18:08:56","modified_gmt":"2026-04-24T18:08:56","slug":"expo-mauritanie-2026-ghazouani-met-en-avant-lessor-industriel-et-le-pari-energetique","status":"publish","type":"post","link":"https:\/\/lequotidien.mr\/?p=36804&lang=fr","title":{"rendered":"Expo Mauritanie 2026 : Ghazouani met en avant l\u2019essor industriel et le pari \u00e9nerg\u00e9tique"},"content":{"rendered":"<p data-start=\"93\" data-end=\"422\">Le secteur industriel mauritanien affiche des signes de progression encourageants. Le Pr\u00e9sident de la R\u00e9publique, <span class=\"hover:entity-accent entity-underline inline cursor-pointer align-baseline\"><span class=\"whitespace-normal\">Mohamed Ould Cheikh El Ghazouani<\/span><\/span>, a exprim\u00e9 sa satisfaction quant \u00e0 l\u2019\u00e9volution de ce secteur, soulignant qu\u2019il avance \u00e0 un rythme positif et qu\u2019il offre des perspectives prometteuses pour l\u2019\u00e9conomie nationale.<\/p>\n<p data-start=\"424\" data-end=\"719\">Ces d\u00e9clarations ont \u00e9t\u00e9 faites \u00e0 l\u2019issue de la visite pr\u00e9sidentielle \u00e0 l\u2019<span class=\"hover:entity-accent entity-underline inline cursor-pointer align-baseline\"><span class=\"whitespace-normal\">Expo Mauritanie 2026<\/span><\/span>, organis\u00e9e jeudi soir au <span class=\"hover:entity-accent entity-underline inline cursor-pointer align-baseline\"><span class=\"whitespace-normal\">Complexe olympique de Nouakchott<\/span><\/span>. Une manifestation qui a r\u00e9uni acteurs publics et priv\u00e9s autour de la valorisation des capacit\u00e9s productives nationales.<\/p>\n<p data-start=\"721\" data-end=\"1072\">Selon le Chef de l\u2019\u00c9tat, les projets et produits expos\u00e9s lors de cette \u00e9dition traduisent une \u00e9volution notable par rapport aux pr\u00e9c\u00e9dentes, r\u00e9v\u00e9lant une prise de conscience accrue du secteur priv\u00e9 quant \u00e0 l\u2019importance de tirer profit des r\u00e9formes engag\u00e9es par le gouvernement pour am\u00e9liorer le climat des affaires et renforcer l\u2019attractivit\u00e9 du pays.<\/p>\n<p data-start=\"1074\" data-end=\"1382\"><span class=\"hover:entity-accent entity-underline inline cursor-pointer align-baseline\"><span class=\"whitespace-normal\">Mohamed Ould Cheikh El Ghazouani<\/span><\/span> a toutefois rappel\u00e9 que le principal obstacle au d\u00e9veloppement industriel demeurait le d\u00e9ficit en \u00e9nergie \u00e9lectrique. Il a soulign\u00e9 que cette probl\u00e9matique figure d\u00e9sormais parmi les priorit\u00e9s du gouvernement, avec des solutions concr\u00e8tes d\u00e9j\u00e0 en cours de mise en \u0153uvre.<\/p>\n<p data-start=\"1384\" data-end=\"1740\">Dans ce cadre, deux centrales \u00e9lectriques d\u2019une capacit\u00e9 respective de 72 m\u00e9gawatts et de 225 \u00e0 230 m\u00e9gawatts sont en phase d\u2019ach\u00e8vement et devraient entrer en service au d\u00e9but de l\u2019ann\u00e9e prochaine. L\u2019une de ces infrastructures est r\u00e9alis\u00e9e dans le cadre d\u2019un partenariat public-priv\u00e9, traduisant l\u2019ouverture du pays \u00e0 des mod\u00e8les de financement innovants.<\/p>\n<p data-start=\"1742\" data-end=\"2114\">Le Pr\u00e9sident a \u00e9galement annonc\u00e9 le lancement, avant la fin de l\u2019ann\u00e9e en cours, des travaux d\u2019une troisi\u00e8me centrale \u00e0 gaz de capacit\u00e9 similaire, destin\u00e9e \u00e0 renforcer davantage l\u2019offre \u00e9nerg\u00e9tique nationale. L\u2019ensemble de ces projets devrait permettre de garantir un approvisionnement stable en \u00e9lectricit\u00e9, condition essentielle pour soutenir la croissance industrielle.<\/p>\n<p data-start=\"2116\" data-end=\"2418\">Par ailleurs, le Chef de l\u2019\u00c9tat a indiqu\u00e9 que la centrale de 72 m\u00e9gawatts, d\u2019un co\u00fbt estim\u00e9 \u00e0 30 milliards d\u2019ouguiyas anciennes, constitue le premier projet de ce type enti\u00e8rement financ\u00e9 par le budget national, marquant une \u00e9tape importante dans le renforcement de la souverainet\u00e9 \u00e9nerg\u00e9tique du pays.<\/p>\n<p data-start=\"2420\" data-end=\"2901\">Au-del\u00e0 de l\u2019\u00e9nergie, <span class=\"hover:entity-accent entity-underline inline cursor-pointer align-baseline\"><span class=\"whitespace-normal\">Mohamed Ould Cheikh El Ghazouani<\/span><\/span> a \u00e9voqu\u00e9 d\u2019autres projets structurants, notamment dans le domaine de l\u2019assainissement, dont le co\u00fbt d\u00e9passe 70 milliards d\u2019ouguiyas anciennes. Il a \u00e9galement mis en avant le projet strat\u00e9gique de transport d\u2019\u00e9lectricit\u00e9 entre <span class=\"hover:entity-accent entity-underline inline cursor-pointer align-baseline\"><span class=\"whitespace-normal\">Nouakchott<\/span><\/span> et <span class=\"hover:entity-accent entity-underline inline cursor-pointer align-baseline\"><span class=\"whitespace-normal\">N\u00e9ma<\/span><\/span>, consid\u00e9r\u00e9 comme le plus important \u00e0 l\u2019\u00e9chelle nationale, avec un financement d\u00e9passant les 800 millions de dollars.<\/p>\n<p data-start=\"2903\" data-end=\"3272\">Enfin, le Pr\u00e9sident a salu\u00e9 le r\u00f4le croissant du secteur priv\u00e9 dans la dynamique \u00e9conomique, r\u00e9affirmant l\u2019engagement de l\u2019\u00c9tat \u00e0 l\u2019accompagner davantage. Il a appel\u00e9 les op\u00e9rateurs \u00e9conomiques \u00e0 privil\u00e9gier la qualit\u00e9 de la production, \u00e0 investir dans la formation et l\u2019emploi de la main-d\u2019\u0153uvre nationale, tout en veillant \u00e0 pr\u00e9server le pouvoir d\u2019achat des citoyens.<\/p>\n<p data-start=\"3274\" data-end=\"3487\" data-is-last-node=\"\" data-is-only-node=\"\">\u00c0 travers ces orientations, la Mauritanie ambitionne de consolider les bases d\u2019un secteur industriel comp\u00e9titif, capable de contribuer efficacement au d\u00e9veloppement \u00e9conomique et \u00e0 la cr\u00e9ation de richesse durable.<\/p>\n","protected":false},"excerpt":{"rendered":"<p>Le secteur industriel mauritanien affiche des signes de progression encourageants. Le Pr\u00e9sident de la R\u00e9publique, Mohamed Ould Cheikh El Ghazouani, a exprim\u00e9 sa satisfaction quant \u00e0 l\u2019\u00e9volution de ce secteur, soulignant qu\u2019il avance \u00e0 un rythme positif et qu\u2019il offre des perspectives prometteuses pour l\u2019\u00e9conomie nationale. Ces d\u00e9clarations ont \u00e9t\u00e9 faites \u00e0 l\u2019issue de la&#8230;..<\/p>\n","protected":false},"author":13,"featured_media":36805,"comment_status":"open","ping_status":"open","sticky":false,"template":"","format":"standard","meta":{"footnotes":""},"categories":[23,49,57],"tags":[],"class_list":["post-36804","post","type-post","status-publish","format-standard","has-post-thumbnail","hentry","category-actualite","category-economie","category-couverture-specilale"],"yoast_head":"<!-- This site is optimized with the Yoast SEO plugin v27.5 - https:\/\/yoast.com\/product\/yoast-seo-wordpress\/ -->\n<title>Expo Mauritanie 2026 : Ghazouani met en avant l\u2019essor industriel et le pari \u00e9nerg\u00e9tique - Le Quotidien de Nouakchott<\/title>\n<meta name=\"robots\" content=\"index, follow, max-snippet:-1, max-image-preview:large, max-video-preview:-1\" \/>\n<link rel=\"canonical\" href=\"https:\/\/lequotidien.mr\/?p=36804&lang=fr\" \/>\n<meta property=\"og:locale\" content=\"ar_AR\" \/>\n<meta property=\"og:type\" content=\"article\" \/>\n<meta property=\"og:title\" content=\"Expo Mauritanie 2026 : Ghazouani met en avant l\u2019essor industriel et le pari \u00e9nerg\u00e9tique - Le Quotidien de Nouakchott\" \/>\n<meta property=\"og:description\" content=\"Le secteur industriel mauritanien affiche des signes de progression encourageants. Le Pr\u00e9sident de la R\u00e9publique, Mohamed Ould Cheikh El Ghazouani, a exprim\u00e9 sa satisfaction quant \u00e0 l\u2019\u00e9volution de ce secteur, soulignant qu\u2019il avance \u00e0 un rythme positif et qu\u2019il offre des perspectives prometteuses pour l\u2019\u00e9conomie nationale. Ces d\u00e9clarations ont \u00e9t\u00e9 faites \u00e0 l\u2019issue de la.....\" \/>\n<meta property=\"og:url\" content=\"https:\/\/lequotidien.mr\/?p=36804&amp;lang=fr\" \/>\n<meta property=\"og:site_name\" content=\"Le Quotidien de Nouakchott\" \/>\n<meta property=\"article:publisher\" content=\"https:\/\/web.facebook.com\/lequotidienmr\" \/>\n<meta property=\"article:published_time\" content=\"2026-04-24T18:08:56+00:00\" \/>\n<meta property=\"og:image\" content=\"https:\/\/lequotidien.mr\/wp-content\/uploads\/2026\/04\/ghazo_5.png\" \/>\n\t<meta property=\"og:image:width\" content=\"454\" \/>\n\t<meta property=\"og:image:height\" content=\"322\" \/>\n\t<meta property=\"og:image:type\" content=\"image\/png\" \/>\n<meta name=\"author\" content=\"Fatimetou Ethemane\" \/>\n<meta name=\"twitter:card\" content=\"summary_large_image\" \/>\n<meta name=\"twitter:creator\" content=\"@lequotidienmr\" \/>\n<meta name=\"twitter:site\" content=\"@lequotidienmr\" \/>\n<meta name=\"twitter:label1\" content=\"\u0643\u064f\u062a\u0628 \u0628\u0648\u0627\u0633\u0637\u0629\" \/>\n\t<meta name=\"twitter:data1\" content=\"Fatimetou Ethemane\" \/>\n\t<meta name=\"twitter:label2\" content=\"\u0648\u0642\u062a \u0627\u0644\u0642\u0631\u0627\u0621\u0629 \u0627\u0644\u0645\u064f\u0642\u062f\u0651\u0631\" \/>\n\t<meta name=\"twitter:data2\" content=\"4 \u062f\u0642\u0627\u0626\u0642\" \/>\n<script type=\"application\/ld+json\" class=\"yoast-schema-graph\">{\"@context\":\"https:\\\/\\\/schema.org\",\"@graph\":[{\"@type\":\"Article\",\"@id\":\"https:\\\/\\\/lequotidien.mr\\\/?p=36804&lang=fr#article\",\"isPartOf\":{\"@id\":\"https:\\\/\\\/lequotidien.mr\\\/?p=36804&lang=fr\"},\"author\":{\"name\":\"Fatimetou Ethemane\",\"@id\":\"https:\\\/\\\/lequotidien.mr\\\/#\\\/schema\\\/person\\\/0926dbaf41ffa88b64cf66855b9b2826\"},\"headline\":\"Expo Mauritanie 2026 : Ghazouani met en avant l\u2019essor industriel et le pari \u00e9nerg\u00e9tique\",\"datePublished\":\"2026-04-24T18:08:56+00:00\",\"mainEntityOfPage\":{\"@id\":\"https:\\\/\\\/lequotidien.mr\\\/?p=36804&lang=fr\"},\"wordCount\":562,\"commentCount\":0,\"publisher\":{\"@id\":\"https:\\\/\\\/lequotidien.mr\\\/#organization\"},\"image\":{\"@id\":\"https:\\\/\\\/lequotidien.mr\\\/?p=36804&lang=fr#primaryimage\"},\"thumbnailUrl\":\"https:\\\/\\\/lequotidien.mr\\\/wp-content\\\/uploads\\\/2026\\\/04\\\/ghazo_5.png\",\"articleSection\":[\"ACTUALIT\u00c9\",\"Economie\",\"Couverture sp\u00e9cilale\"],\"inLanguage\":\"ar\",\"potentialAction\":[{\"@type\":\"CommentAction\",\"name\":\"Comment\",\"target\":[\"https:\\\/\\\/lequotidien.mr\\\/?p=36804&lang=fr#respond\"]}]},{\"@type\":\"WebPage\",\"@id\":\"https:\\\/\\\/lequotidien.mr\\\/?p=36804&lang=fr\",\"url\":\"https:\\\/\\\/lequotidien.mr\\\/?p=36804&lang=fr\",\"name\":\"Expo Mauritanie 2026 : Ghazouani met en avant l\u2019essor industriel et le pari \u00e9nerg\u00e9tique - Le Quotidien de Nouakchott\",\"isPartOf\":{\"@id\":\"https:\\\/\\\/lequotidien.mr\\\/#website\"},\"primaryImageOfPage\":{\"@id\":\"https:\\\/\\\/lequotidien.mr\\\/?p=36804&lang=fr#primaryimage\"},\"image\":{\"@id\":\"https:\\\/\\\/lequotidien.mr\\\/?p=36804&lang=fr#primaryimage\"},\"thumbnailUrl\":\"https:\\\/\\\/lequotidien.mr\\\/wp-content\\\/uploads\\\/2026\\\/04\\\/ghazo_5.png\",\"datePublished\":\"2026-04-24T18:08:56+00:00\",\"breadcrumb\":{\"@id\":\"https:\\\/\\\/lequotidien.mr\\\/?p=36804&lang=fr#breadcrumb\"},\"inLanguage\":\"ar\",\"potentialAction\":[{\"@type\":\"ReadAction\",\"target\":[\"https:\\\/\\\/lequotidien.mr\\\/?p=36804&lang=fr\"]}]},{\"@type\":\"ImageObject\",\"inLanguage\":\"ar\",\"@id\":\"https:\\\/\\\/lequotidien.mr\\\/?p=36804&lang=fr#primaryimage\",\"url\":\"https:\\\/\\\/lequotidien.mr\\\/wp-content\\\/uploads\\\/2026\\\/04\\\/ghazo_5.png\",\"contentUrl\":\"https:\\\/\\\/lequotidien.mr\\\/wp-content\\\/uploads\\\/2026\\\/04\\\/ghazo_5.png\",\"width\":454,\"height\":322,\"caption\":\"Le Pr\u00e9sident mauritanien Monsieur Mohamed Ould Cheikh El Ghazouani\"},{\"@type\":\"BreadcrumbList\",\"@id\":\"https:\\\/\\\/lequotidien.mr\\\/?p=36804&lang=fr#breadcrumb\",\"itemListElement\":[{\"@type\":\"ListItem\",\"position\":1,\"name\":\"Home\",\"item\":\"https:\\\/\\\/lequotidien.mr\\\/\"},{\"@type\":\"ListItem\",\"position\":2,\"name\":\"Expo Mauritanie 2026 : Ghazouani met en avant l\u2019essor industriel et le pari \u00e9nerg\u00e9tique\"}]},{\"@type\":\"WebSite\",\"@id\":\"https:\\\/\\\/lequotidien.mr\\\/#website\",\"url\":\"https:\\\/\\\/lequotidien.mr\\\/\",\"name\":\"Le Quotidien de Nouakchott\",\"description\":\"\u0625\u062e\u0628\u0627\u0631\u064a\u0629 \u0645\u0633\u062a\u0642\u0644\u0629 \u0644\u0644\u0623\u0646\u0628\u0627\u0621 \u0627\u0644\u0639\u0627\u0645\u0629\",\"publisher\":{\"@id\":\"https:\\\/\\\/lequotidien.mr\\\/#organization\"},\"potentialAction\":[{\"@type\":\"SearchAction\",\"target\":{\"@type\":\"EntryPoint\",\"urlTemplate\":\"https:\\\/\\\/lequotidien.mr\\\/?s={search_term_string}\"},\"query-input\":{\"@type\":\"PropertyValueSpecification\",\"valueRequired\":true,\"valueName\":\"search_term_string\"}}],\"inLanguage\":\"ar\"},{\"@type\":\"Organization\",\"@id\":\"https:\\\/\\\/lequotidien.mr\\\/#organization\",\"name\":\"Le Quotidien de Nouakchott\",\"url\":\"https:\\\/\\\/lequotidien.mr\\\/\",\"logo\":{\"@type\":\"ImageObject\",\"inLanguage\":\"ar\",\"@id\":\"https:\\\/\\\/lequotidien.mr\\\/#\\\/schema\\\/logo\\\/image\\\/\",\"url\":\"https:\\\/\\\/lequotidien.mr\\\/wp-content\\\/uploads\\\/2022\\\/11\\\/logolequotidien.jpg\",\"contentUrl\":\"https:\\\/\\\/lequotidien.mr\\\/wp-content\\\/uploads\\\/2022\\\/11\\\/logolequotidien.jpg\",\"width\":290,\"height\":65,\"caption\":\"Le Quotidien de Nouakchott\"},\"image\":{\"@id\":\"https:\\\/\\\/lequotidien.mr\\\/#\\\/schema\\\/logo\\\/image\\\/\"},\"sameAs\":[\"https:\\\/\\\/web.facebook.com\\\/lequotidienmr\",\"https:\\\/\\\/x.com\\\/lequotidienmr\"]},{\"@type\":\"Person\",\"@id\":\"https:\\\/\\\/lequotidien.mr\\\/#\\\/schema\\\/person\\\/0926dbaf41ffa88b64cf66855b9b2826\",\"name\":\"Fatimetou Ethemane\",\"image\":{\"@type\":\"ImageObject\",\"inLanguage\":\"ar\",\"@id\":\"https:\\\/\\\/secure.gravatar.com\\\/avatar\\\/38fea9097a5e574debe9801202088f6f4429fdac0912587175811aad50d9706e?s=96&d=mm&r=g\",\"url\":\"https:\\\/\\\/secure.gravatar.com\\\/avatar\\\/38fea9097a5e574debe9801202088f6f4429fdac0912587175811aad50d9706e?s=96&d=mm&r=g\",\"contentUrl\":\"https:\\\/\\\/secure.gravatar.com\\\/avatar\\\/38fea9097a5e574debe9801202088f6f4429fdac0912587175811aad50d9706e?s=96&d=mm&r=g\",\"caption\":\"Fatimetou Ethemane\"},\"sameAs\":[\"http:\\\/\\\/lequotidien.mr\"],\"url\":\"https:\\\/\\\/lequotidien.mr\\\/?author=13\"}]}<\/script>\n<!-- \/ Yoast SEO plugin. -->","yoast_head_json":{"title":"Expo Mauritanie 2026 : Ghazouani met en avant l\u2019essor industriel et le pari \u00e9nerg\u00e9tique - Le Quotidien de Nouakchott","robots":{"index":"index","follow":"follow","max-snippet":"max-snippet:-1","max-image-preview":"max-image-preview:large","max-video-preview":"max-video-preview:-1"},"canonical":"https:\/\/lequotidien.mr\/?p=36804&lang=fr","og_locale":"ar_AR","og_type":"article","og_title":"Expo Mauritanie 2026 : Ghazouani met en avant l\u2019essor industriel et le pari \u00e9nerg\u00e9tique - Le Quotidien de Nouakchott","og_description":"Le secteur industriel mauritanien affiche des signes de progression encourageants. Le Pr\u00e9sident de la R\u00e9publique, Mohamed Ould Cheikh El Ghazouani, a exprim\u00e9 sa satisfaction quant \u00e0 l\u2019\u00e9volution de ce secteur, soulignant qu\u2019il avance \u00e0 un rythme positif et qu\u2019il offre des perspectives prometteuses pour l\u2019\u00e9conomie nationale. Ces d\u00e9clarations ont \u00e9t\u00e9 faites \u00e0 l\u2019issue de la.....","og_url":"https:\/\/lequotidien.mr\/?p=36804&lang=fr","og_site_name":"Le Quotidien de Nouakchott","article_publisher":"https:\/\/web.facebook.com\/lequotidienmr","article_published_time":"2026-04-24T18:08:56+00:00","og_image":[{"width":454,"height":322,"url":"https:\/\/lequotidien.mr\/wp-content\/uploads\/2026\/04\/ghazo_5.png","type":"image\/png"}],"author":"Fatimetou Ethemane","twitter_card":"summary_large_image","twitter_creator":"@lequotidienmr","twitter_site":"@lequotidienmr","twitter_misc":{"\u0643\u064f\u062a\u0628 \u0628\u0648\u0627\u0633\u0637\u0629":"Fatimetou Ethemane","\u0648\u0642\u062a \u0627\u0644\u0642\u0631\u0627\u0621\u0629 \u0627\u0644\u0645\u064f\u0642\u062f\u0651\u0631":"4 \u062f\u0642\u0627\u0626\u0642"},"schema":{"@context":"https:\/\/schema.org","@graph":[{"@type":"Article","@id":"https:\/\/lequotidien.mr\/?p=36804&lang=fr#article","isPartOf":{"@id":"https:\/\/lequotidien.mr\/?p=36804&lang=fr"},"author":{"name":"Fatimetou Ethemane","@id":"https:\/\/lequotidien.mr\/#\/schema\/person\/0926dbaf41ffa88b64cf66855b9b2826"},"headline":"Expo Mauritanie 2026 : Ghazouani met en avant l\u2019essor industriel et le pari \u00e9nerg\u00e9tique","datePublished":"2026-04-24T18:08:56+00:00","mainEntityOfPage":{"@id":"https:\/\/lequotidien.mr\/?p=36804&lang=fr"},"wordCount":562,"commentCount":0,"publisher":{"@id":"https:\/\/lequotidien.mr\/#organization"},"image":{"@id":"https:\/\/lequotidien.mr\/?p=36804&lang=fr#primaryimage"},"thumbnailUrl":"https:\/\/lequotidien.mr\/wp-content\/uploads\/2026\/04\/ghazo_5.png","articleSection":["ACTUALIT\u00c9","Economie","Couverture sp\u00e9cilale"],"inLanguage":"ar","potentialAction":[{"@type":"CommentAction","name":"Comment","target":["https:\/\/lequotidien.mr\/?p=36804&lang=fr#respond"]}]},{"@type":"WebPage","@id":"https:\/\/lequotidien.mr\/?p=36804&lang=fr","url":"https:\/\/lequotidien.mr\/?p=36804&lang=fr","name":"Expo Mauritanie 2026 : Ghazouani met en avant l\u2019essor industriel et le pari \u00e9nerg\u00e9tique - Le Quotidien de Nouakchott","isPartOf":{"@id":"https:\/\/lequotidien.mr\/#website"},"primaryImageOfPage":{"@id":"https:\/\/lequotidien.mr\/?p=36804&lang=fr#primaryimage"},"image":{"@id":"https:\/\/lequotidien.mr\/?p=36804&lang=fr#primaryimage"},"thumbnailUrl":"https:\/\/lequotidien.mr\/wp-content\/uploads\/2026\/04\/ghazo_5.png","datePublished":"2026-04-24T18:08:56+00:00","breadcrumb":{"@id":"https:\/\/lequotidien.mr\/?p=36804&lang=fr#breadcrumb"},"inLanguage":"ar","potentialAction":[{"@type":"ReadAction","target":["https:\/\/lequotidien.mr\/?p=36804&lang=fr"]}]},{"@type":"ImageObject","inLanguage":"ar","@id":"https:\/\/lequotidien.mr\/?p=36804&lang=fr#primaryimage","url":"https:\/\/lequotidien.mr\/wp-content\/uploads\/2026\/04\/ghazo_5.png","contentUrl":"https:\/\/lequotidien.mr\/wp-content\/uploads\/2026\/04\/ghazo_5.png","width":454,"height":322,"caption":"Le Pr\u00e9sident mauritanien Monsieur Mohamed Ould Cheikh El Ghazouani"},{"@type":"BreadcrumbList","@id":"https:\/\/lequotidien.mr\/?p=36804&lang=fr#breadcrumb","itemListElement":[{"@type":"ListItem","position":1,"name":"Home","item":"https:\/\/lequotidien.mr\/"},{"@type":"ListItem","position":2,"name":"Expo Mauritanie 2026 : Ghazouani met en avant l\u2019essor industriel et le pari \u00e9nerg\u00e9tique"}]},{"@type":"WebSite","@id":"https:\/\/lequotidien.mr\/#website","url":"https:\/\/lequotidien.mr\/","name":"Le Quotidien de Nouakchott","description":"\u0625\u062e\u0628\u0627\u0631\u064a\u0629 \u0645\u0633\u062a\u0642\u0644\u0629 \u0644\u0644\u0623\u0646\u0628\u0627\u0621 \u0627\u0644\u0639\u0627\u0645\u0629","publisher":{"@id":"https:\/\/lequotidien.mr\/#organization"},"potentialAction":[{"@type":"SearchAction","target":{"@type":"EntryPoint","urlTemplate":"https:\/\/lequotidien.mr\/?s={search_term_string}"},"query-input":{"@type":"PropertyValueSpecification","valueRequired":true,"valueName":"search_term_string"}}],"inLanguage":"ar"},{"@type":"Organization","@id":"https:\/\/lequotidien.mr\/#organization","name":"Le Quotidien de Nouakchott","url":"https:\/\/lequotidien.mr\/","logo":{"@type":"ImageObject","inLanguage":"ar","@id":"https:\/\/lequotidien.mr\/#\/schema\/logo\/image\/","url":"https:\/\/lequotidien.mr\/wp-content\/uploads\/2022\/11\/logolequotidien.jpg","contentUrl":"https:\/\/lequotidien.mr\/wp-content\/uploads\/2022\/11\/logolequotidien.jpg","width":290,"height":65,"caption":"Le Quotidien de Nouakchott"},"image":{"@id":"https:\/\/lequotidien.mr\/#\/schema\/logo\/image\/"},"sameAs":["https:\/\/web.facebook.com\/lequotidienmr","https:\/\/x.com\/lequotidienmr"]},{"@type":"Person","@id":"https:\/\/lequotidien.mr\/#\/schema\/person\/0926dbaf41ffa88b64cf66855b9b2826","name":"Fatimetou Ethemane","image":{"@type":"ImageObject","inLanguage":"ar","@id":"https:\/\/secure.gravatar.com\/avatar\/38fea9097a5e574debe9801202088f6f4429fdac0912587175811aad50d9706e?s=96&d=mm&r=g","url":"https:\/\/secure.gravatar.com\/avatar\/38fea9097a5e574debe9801202088f6f4429fdac0912587175811aad50d9706e?s=96&d=mm&r=g","contentUrl":"https:\/\/secure.gravatar.com\/avatar\/38fea9097a5e574debe9801202088f6f4429fdac0912587175811aad50d9706e?s=96&d=mm&r=g","caption":"Fatimetou Ethemane"},"sameAs":["http:\/\/lequotidien.mr"],"url":"https:\/\/lequotidien.mr\/?author=13"}]}},"_links":{"self":[{"href":"https:\/\/lequotidien.mr\/index.php?rest_route=\/wp\/v2\/posts\/36804","targetHints":{"allow":["GET"]}}],"collection":[{"href":"https:\/\/lequotidien.mr\/index.php?rest_route=\/wp\/v2\/posts"}],"about":[{"href":"https:\/\/lequotidien.mr\/index.php?rest_route=\/wp\/v2\/types\/post"}],"author":[{"embeddable":true,"href":"https:\/\/lequotidien.mr\/index.php?rest_route=\/wp\/v2\/users\/13"}],"replies":[{"embeddable":true,"href":"https:\/\/lequotidien.mr\/index.php?rest_route=%2Fwp%2Fv2%2Fcomments&post=36804"}],"version-history":[{"count":1,"href":"https:\/\/lequotidien.mr\/index.php?rest_route=\/wp\/v2\/posts\/36804\/revisions"}],"predecessor-version":[{"id":36806,"href":"https:\/\/lequotidien.mr\/index.php?rest_route=\/wp\/v2\/posts\/36804\/revisions\/36806"}],"wp:featuredmedia":[{"embeddable":true,"href":"https:\/\/lequotidien.mr\/index.php?rest_route=\/wp\/v2\/media\/36805"}],"wp:attachment":[{"href":"https:\/\/lequotidien.mr\/index.php?rest_route=%2Fwp%2Fv2%2Fmedia&parent=36804"}],"wp:term":[{"taxonomy":"category","embeddable":true,"href":"https:\/\/lequotidien.mr\/index.php?rest_route=%2Fwp%2Fv2%2Fcategories&post=36804"},{"taxonomy":"post_tag","embeddable":true,"href":"https:\/\/lequotidien.mr\/index.php?rest_route=%2Fwp%2Fv2%2Ftags&post=36804"}],"curies":[{"name":"wp","href":"https:\/\/api.w.org\/{rel}","templated":true}]}}