{"id":3615,"date":"2023-01-23T11:28:30","date_gmt":"2023-01-23T11:28:30","guid":{"rendered":"https:\/\/lequotidien.mr\/?p=3615"},"modified":"2023-01-23T11:31:34","modified_gmt":"2023-01-23T11:31:34","slug":"droit-de-reponse-au-site-senalioune","status":"publish","type":"post","link":"https:\/\/lequotidien.mr\/?p=3615&lang=fr","title":{"rendered":"Droit de r\u00e9ponse au site SENALIOUNE"},"content":{"rendered":"<p><strong>Senalioune<\/strong>\u00a0&#8211; En r\u00e9action \u00e0 l\u2019article https:\/\/vu.fr\/IpIO publi\u00e9 le 19 janvier 2023 sur le site SENALIOUNE, j\u2019ai l\u2019honneur au nom du Gouvernement mauritanien, d\u2019apporter les pr\u00e9cisions suivantes en guise de droit de r\u00e9ponse:<\/p>\n<p>L\u2019esclavage est criminalis\u00e9, \u00e9rig\u00e9 en crime contre l\u2019humanit\u00e9, imprescriptible et s\u00e9v\u00e8rement r\u00e9prim\u00e9, par la loi en Mauritanie. La position du Gouvernement mauritanien \u00e0 ce sujet, est claire et ne souffre d\u2019aucune ambigu\u00eft\u00e9.<\/p>\n<p>Les Mauritaniens vivant \u00e0 l\u2019\u00e9tranger et se d\u00e9clarant expos\u00e9s \u00e0 l\u2019esclavage au retour dans leur pays, peuvent et doivent, porter plainte directement ou indirectement, \u00e0 travers des associations. Le Gouvernement mauritanien est pr\u00eat \u00e0 ouvrir des enqu\u00eates sur leurs plaintes.<\/p>\n<p>Et le suivi du traitement de ces plaintes peut \u00eatre assur\u00e9 par des institutions internationales, comme le Bureau-Mauritanie du Haut-commissariat des Nations Unies aux Droits de l\u2019Homme, l\u2019Ambassade des Etats-Unis d\u2019Am\u00e9rique en Mauritanie, ou toute ONG nationale ou internationale.<\/p>\n<p>Le Rapporteur sp\u00e9cial des Nations Unies sur les formes contemporaines de l\u2019esclavage a salu\u00e9 \u00e0 l\u2019issue de sa visite effectu\u00e9e en Mauritanie du 4 au 13 mai 2022, les avanc\u00e9es enregistr\u00e9es par notre pays dans la lutte contre l\u2019esclavage dans toutes ses formes : https:\/\/vu.fr\/LZvs .<\/p>\n<p>l a invit\u00e9 les organisations de d\u00e9fense des droits de l\u2019homme, les plus actives dans le domaine de la lutte contre l\u2019esclavage, qu\u2019il a rencontr\u00e9es \u00e0 lui pr\u00e9senter les cas d\u2019esclavage av\u00e9r\u00e9s ou suppos\u00e9s. Ces derni\u00e8res n\u2019ont pu lui pr\u00e9senter que deux (2) cas d\u2019esclavage pr\u00e9sum\u00e9, d\u00e9j\u00e0 pendants devant la justice.<\/p>\n<p>Le Commissariat aux Droits de l\u2019Homme, \u00e0 l\u2019Action Humanitaire et aux Relations avec la Soci\u00e9t\u00e9 Civile (CDHAHRSC) a lanc\u00e9 du 13 octobre au 18 novembre 2022 une campagne nationale de sensibilisation sur les lois incriminant l\u2019esclavage, la traite des personnes et de recherche des cas d\u2019esclavage.<\/p>\n<p>Cette campagne, la derni\u00e8re parmi tant d\u2019autres, a \u00e9t\u00e9 organis\u00e9e en collaboration avec les organisations de la soci\u00e9t\u00e9 civile et des ONG pionni\u00e8res dans la lutte contre l\u2019esclavage, telles de SOS-Esclaves pr\u00e9sid\u00e9e par M. Boubacar Ould Messoud , la Fondation Sahel pr\u00e9sid\u00e9e par M. Brahim Bilal Ramdhane , l\u2019Association Mauritanienne des Droits de l\u2019Homme pr\u00e9sid\u00e9e par Me Fatimata M\u2019Baye. Cette campagne a sillonn\u00e9 l\u2019ensemble du territoire national pendant un mois et aucun cas d\u2019esclavage n\u2019a \u00e9t\u00e9 signal\u00e9 \u00e0 sa cl\u00f4ture.<\/p>\n<p>La Mauritanie a \u00e9t\u00e9 pl\u00e9biscit\u00e9e par les ONG fondatrices du R\u00e9seau G 5 Sahel contre l\u2019esclavage lors d\u2019un forum r\u00e9gional organis\u00e9 en mars 2022 dans lequel notre pays a \u00e9t\u00e9 pr\u00e9sent\u00e9 en mod\u00e8le de r\u00e9f\u00e9rence en mati\u00e8re de lutte contre l\u2019esclavage.<\/p>\n<p>Un t\u00e9moignage largement partag\u00e9 par les anti-esclavagistes de Mauritanie, du Mali, du Niger, du Tchad, du Burkina Faso, de la Guin\u00e9e Conakry, du S\u00e9n\u00e9gal et du Ghana, d\u2019Europe et des Etats-Unis. Les participants se sont f\u00e9licit\u00e9s au cours de ce forum des progr\u00e8s significatifs enregistr\u00e9s dans le domaine des droits de l\u2019homme en Mauritanie depuis l\u2019accession au pouvoir du Pr\u00e9sident de la R\u00e9publique SEM Mohamed Ould Cheikh Ghazouani. Les interdits, les exactions et les emprisonnements qui frappaient les militants sont d\u00e9sormais r\u00e9volus ont-ils d\u00e9clar\u00e9 \u00e0 cette occasion, soulignant que tous les dossiers d\u2019esclavage ont \u00e9t\u00e9 s\u00e9rieusement trait\u00e9s par les parquets.<\/p>\n<p>En conclusion, l\u2019article objet de notre droit de r\u00e9ponse ne comporte aucun \u00e9l\u00e9ment de preuve sur les risques encourus par des personnes vivant aux Etats-Unis et pouvant \u00eatre victimes de discriminations ou r\u00e9duites en esclavage si elles sont renvoy\u00e9es en Mauritanie. Il ressemble plut\u00f4t, \u00e0 un plaidoyer destin\u00e9 \u00e0 faciliter la r\u00e9gularisation de la situation des migrants en situation irr\u00e9guli\u00e8re, afin de leur \u00e9viter l\u2019expulsion . Une approche qui pourra cr\u00e9er des vocations.<\/p>\n<p>Enfin, nous restons ouverts pour donner suite \u00e0 toute demande d\u2019information ou de visite relatives \u00e0 cette question, afin d\u2019en donner la situation r\u00e9elle, en toute objectivit\u00e9.<\/p>\n<p><strong>Cheikh Ahmedou Ould SIDI<\/strong><\/p>\n<p>Commissaire aux Droits de l\u2019Homme \u00e0 l\u2019Action Humanitaire et aux Relations avec la Soci\u00e9t\u00e9 Civile.<\/p>\n","protected":false},"excerpt":{"rendered":"<p>Senalioune\u00a0&#8211; En r\u00e9action \u00e0 l\u2019article https:\/\/vu.fr\/IpIO publi\u00e9 le 19 janvier 2023 sur le site SENALIOUNE, j\u2019ai l\u2019honneur au nom du Gouvernement mauritanien, d\u2019apporter les pr\u00e9cisions suivantes en guise de droit de r\u00e9ponse: L\u2019esclavage est criminalis\u00e9, \u00e9rig\u00e9 en crime contre l\u2019humanit\u00e9, imprescriptible et s\u00e9v\u00e8rement r\u00e9prim\u00e9, par la loi en Mauritanie. La position du Gouvernement mauritanien \u00e0&#8230;..<\/p>\n","protected":false},"author":3,"featured_media":3616,"comment_status":"open","ping_status":"open","sticky":false,"template":"","format":"standard","meta":{"footnotes":""},"categories":[23,59],"tags":[],"class_list":["post-3615","post","type-post","status-publish","format-standard","has-post-thumbnail","hentry","category-actualite","category-opinion"],"yoast_head":"<!-- This site is optimized with the Yoast SEO plugin v27.5 - https:\/\/yoast.com\/product\/yoast-seo-wordpress\/ -->\n<title>Droit de r\u00e9ponse au site SENALIOUNE - Le Quotidien de Nouakchott<\/title>\n<meta name=\"robots\" content=\"index, follow, max-snippet:-1, max-image-preview:large, max-video-preview:-1\" \/>\n<link rel=\"canonical\" href=\"https:\/\/lequotidien.mr\/?p=3615&lang=fr\" \/>\n<meta property=\"og:locale\" content=\"ar_AR\" \/>\n<meta property=\"og:type\" content=\"article\" \/>\n<meta property=\"og:title\" content=\"Droit de r\u00e9ponse au site SENALIOUNE - Le Quotidien de Nouakchott\" \/>\n<meta property=\"og:description\" content=\"Senalioune\u00a0&#8211; En r\u00e9action \u00e0 l\u2019article https:\/\/vu.fr\/IpIO publi\u00e9 le 19 janvier 2023 sur le site SENALIOUNE, j\u2019ai l\u2019honneur au nom du Gouvernement mauritanien, d\u2019apporter les pr\u00e9cisions suivantes en guise de droit de r\u00e9ponse: L\u2019esclavage est criminalis\u00e9, \u00e9rig\u00e9 en crime contre l\u2019humanit\u00e9, imprescriptible et s\u00e9v\u00e8rement r\u00e9prim\u00e9, par la loi en Mauritanie. La position du Gouvernement mauritanien \u00e0.....\" \/>\n<meta property=\"og:url\" content=\"https:\/\/lequotidien.mr\/?p=3615&amp;lang=fr\" \/>\n<meta property=\"og:site_name\" content=\"Le Quotidien de Nouakchott\" \/>\n<meta property=\"article:publisher\" content=\"https:\/\/web.facebook.com\/lequotidienmr\" \/>\n<meta property=\"article:author\" content=\"https:\/\/web.facebook.com\/a.mleiwih\" \/>\n<meta property=\"article:published_time\" content=\"2023-01-23T11:28:30+00:00\" \/>\n<meta property=\"article:modified_time\" content=\"2023-01-23T11:31:34+00:00\" \/>\n<meta property=\"og:image\" content=\"https:\/\/lequotidien.mr\/wp-content\/uploads\/2023\/01\/commissaire_droits_de_lhomme_08_07_2021_M_002.jpg\" \/>\n\t<meta property=\"og:image:width\" content=\"300\" \/>\n\t<meta property=\"og:image:height\" content=\"200\" \/>\n\t<meta property=\"og:image:type\" content=\"image\/jpeg\" \/>\n<meta name=\"author\" content=\"Alioun M&#039;leiwih\" \/>\n<meta name=\"twitter:card\" content=\"summary_large_image\" \/>\n<meta name=\"twitter:creator\" content=\"@lequotidienmr\" \/>\n<meta name=\"twitter:site\" content=\"@lequotidienmr\" \/>\n<meta name=\"twitter:label1\" content=\"\u0643\u064f\u062a\u0628 \u0628\u0648\u0627\u0633\u0637\u0629\" \/>\n\t<meta name=\"twitter:data1\" content=\"Alioun M&#039;leiwih\" \/>\n\t<meta name=\"twitter:label2\" content=\"\u0648\u0642\u062a \u0627\u0644\u0642\u0631\u0627\u0621\u0629 \u0627\u0644\u0645\u064f\u0642\u062f\u0651\u0631\" \/>\n\t<meta name=\"twitter:data2\" content=\"3 \u062f\u0642\u0627\u0626\u0642\" \/>\n<script type=\"application\/ld+json\" class=\"yoast-schema-graph\">{\"@context\":\"https:\\\/\\\/schema.org\",\"@graph\":[{\"@type\":\"Article\",\"@id\":\"https:\\\/\\\/lequotidien.mr\\\/?p=3615&lang=fr#article\",\"isPartOf\":{\"@id\":\"https:\\\/\\\/lequotidien.mr\\\/?p=3615&lang=fr\"},\"author\":{\"name\":\"Alioun M'leiwih\",\"@id\":\"https:\\\/\\\/lequotidien.mr\\\/#\\\/schema\\\/person\\\/69d1518c74c9137087929a20b1272cb0\"},\"headline\":\"Droit de r\u00e9ponse au site SENALIOUNE\",\"datePublished\":\"2023-01-23T11:28:30+00:00\",\"dateModified\":\"2023-01-23T11:31:34+00:00\",\"mainEntityOfPage\":{\"@id\":\"https:\\\/\\\/lequotidien.mr\\\/?p=3615&lang=fr\"},\"wordCount\":727,\"commentCount\":0,\"publisher\":{\"@id\":\"https:\\\/\\\/lequotidien.mr\\\/#organization\"},\"image\":{\"@id\":\"https:\\\/\\\/lequotidien.mr\\\/?p=3615&lang=fr#primaryimage\"},\"thumbnailUrl\":\"https:\\\/\\\/lequotidien.mr\\\/wp-content\\\/uploads\\\/2023\\\/01\\\/commissaire_droits_de_lhomme_08_07_2021_M_002.jpg\",\"articleSection\":[\"ACTUALIT\u00c9\",\"Opinion\"],\"inLanguage\":\"ar\",\"potentialAction\":[{\"@type\":\"CommentAction\",\"name\":\"Comment\",\"target\":[\"https:\\\/\\\/lequotidien.mr\\\/?p=3615&lang=fr#respond\"]}]},{\"@type\":\"WebPage\",\"@id\":\"https:\\\/\\\/lequotidien.mr\\\/?p=3615&lang=fr\",\"url\":\"https:\\\/\\\/lequotidien.mr\\\/?p=3615&lang=fr\",\"name\":\"Droit de r\u00e9ponse au site SENALIOUNE - Le Quotidien de Nouakchott\",\"isPartOf\":{\"@id\":\"https:\\\/\\\/lequotidien.mr\\\/#website\"},\"primaryImageOfPage\":{\"@id\":\"https:\\\/\\\/lequotidien.mr\\\/?p=3615&lang=fr#primaryimage\"},\"image\":{\"@id\":\"https:\\\/\\\/lequotidien.mr\\\/?p=3615&lang=fr#primaryimage\"},\"thumbnailUrl\":\"https:\\\/\\\/lequotidien.mr\\\/wp-content\\\/uploads\\\/2023\\\/01\\\/commissaire_droits_de_lhomme_08_07_2021_M_002.jpg\",\"datePublished\":\"2023-01-23T11:28:30+00:00\",\"dateModified\":\"2023-01-23T11:31:34+00:00\",\"breadcrumb\":{\"@id\":\"https:\\\/\\\/lequotidien.mr\\\/?p=3615&lang=fr#breadcrumb\"},\"inLanguage\":\"ar\",\"potentialAction\":[{\"@type\":\"ReadAction\",\"target\":[\"https:\\\/\\\/lequotidien.mr\\\/?p=3615&lang=fr\"]}]},{\"@type\":\"ImageObject\",\"inLanguage\":\"ar\",\"@id\":\"https:\\\/\\\/lequotidien.mr\\\/?p=3615&lang=fr#primaryimage\",\"url\":\"https:\\\/\\\/lequotidien.mr\\\/wp-content\\\/uploads\\\/2023\\\/01\\\/commissaire_droits_de_lhomme_08_07_2021_M_002.jpg\",\"contentUrl\":\"https:\\\/\\\/lequotidien.mr\\\/wp-content\\\/uploads\\\/2023\\\/01\\\/commissaire_droits_de_lhomme_08_07_2021_M_002.jpg\",\"width\":300,\"height\":200},{\"@type\":\"BreadcrumbList\",\"@id\":\"https:\\\/\\\/lequotidien.mr\\\/?p=3615&lang=fr#breadcrumb\",\"itemListElement\":[{\"@type\":\"ListItem\",\"position\":1,\"name\":\"Home\",\"item\":\"https:\\\/\\\/lequotidien.mr\\\/\"},{\"@type\":\"ListItem\",\"position\":2,\"name\":\"Droit de r\u00e9ponse au site SENALIOUNE\"}]},{\"@type\":\"WebSite\",\"@id\":\"https:\\\/\\\/lequotidien.mr\\\/#website\",\"url\":\"https:\\\/\\\/lequotidien.mr\\\/\",\"name\":\"Le Quotidien de Nouakchott\",\"description\":\"\u0625\u062e\u0628\u0627\u0631\u064a\u0629 \u0645\u0633\u062a\u0642\u0644\u0629 \u0644\u0644\u0623\u0646\u0628\u0627\u0621 \u0627\u0644\u0639\u0627\u0645\u0629\",\"publisher\":{\"@id\":\"https:\\\/\\\/lequotidien.mr\\\/#organization\"},\"potentialAction\":[{\"@type\":\"SearchAction\",\"target\":{\"@type\":\"EntryPoint\",\"urlTemplate\":\"https:\\\/\\\/lequotidien.mr\\\/?s={search_term_string}\"},\"query-input\":{\"@type\":\"PropertyValueSpecification\",\"valueRequired\":true,\"valueName\":\"search_term_string\"}}],\"inLanguage\":\"ar\"},{\"@type\":\"Organization\",\"@id\":\"https:\\\/\\\/lequotidien.mr\\\/#organization\",\"name\":\"Le Quotidien de Nouakchott\",\"url\":\"https:\\\/\\\/lequotidien.mr\\\/\",\"logo\":{\"@type\":\"ImageObject\",\"inLanguage\":\"ar\",\"@id\":\"https:\\\/\\\/lequotidien.mr\\\/#\\\/schema\\\/logo\\\/image\\\/\",\"url\":\"https:\\\/\\\/lequotidien.mr\\\/wp-content\\\/uploads\\\/2022\\\/11\\\/logolequotidien.jpg\",\"contentUrl\":\"https:\\\/\\\/lequotidien.mr\\\/wp-content\\\/uploads\\\/2022\\\/11\\\/logolequotidien.jpg\",\"width\":290,\"height\":65,\"caption\":\"Le Quotidien de Nouakchott\"},\"image\":{\"@id\":\"https:\\\/\\\/lequotidien.mr\\\/#\\\/schema\\\/logo\\\/image\\\/\"},\"sameAs\":[\"https:\\\/\\\/web.facebook.com\\\/lequotidienmr\",\"https:\\\/\\\/x.com\\\/lequotidienmr\"]},{\"@type\":\"Person\",\"@id\":\"https:\\\/\\\/lequotidien.mr\\\/#\\\/schema\\\/person\\\/69d1518c74c9137087929a20b1272cb0\",\"name\":\"Alioun M'leiwih\",\"image\":{\"@type\":\"ImageObject\",\"inLanguage\":\"ar\",\"@id\":\"https:\\\/\\\/secure.gravatar.com\\\/avatar\\\/01f9d357222d7d4ca8f71662f4b081718f06d25b11fc45662ecca0622d507e51?s=96&d=mm&r=g\",\"url\":\"https:\\\/\\\/secure.gravatar.com\\\/avatar\\\/01f9d357222d7d4ca8f71662f4b081718f06d25b11fc45662ecca0622d507e51?s=96&d=mm&r=g\",\"contentUrl\":\"https:\\\/\\\/secure.gravatar.com\\\/avatar\\\/01f9d357222d7d4ca8f71662f4b081718f06d25b11fc45662ecca0622d507e51?s=96&d=mm&r=g\",\"caption\":\"Alioun M'leiwih\"},\"sameAs\":[\"https:\\\/\\\/lequotidien.mr\\\/\",\"https:\\\/\\\/web.facebook.com\\\/a.mleiwih\",\"https:\\\/\\\/www.linkedin.com\\\/in\\\/alimlewih\\\/\"],\"url\":\"https:\\\/\\\/lequotidien.mr\\\/?author=3\"}]}<\/script>\n<!-- \/ Yoast SEO plugin. -->","yoast_head_json":{"title":"Droit de r\u00e9ponse au site SENALIOUNE - Le Quotidien de Nouakchott","robots":{"index":"index","follow":"follow","max-snippet":"max-snippet:-1","max-image-preview":"max-image-preview:large","max-video-preview":"max-video-preview:-1"},"canonical":"https:\/\/lequotidien.mr\/?p=3615&lang=fr","og_locale":"ar_AR","og_type":"article","og_title":"Droit de r\u00e9ponse au site SENALIOUNE - Le Quotidien de Nouakchott","og_description":"Senalioune\u00a0&#8211; En r\u00e9action \u00e0 l\u2019article https:\/\/vu.fr\/IpIO publi\u00e9 le 19 janvier 2023 sur le site SENALIOUNE, j\u2019ai l\u2019honneur au nom du Gouvernement mauritanien, d\u2019apporter les pr\u00e9cisions suivantes en guise de droit de r\u00e9ponse: L\u2019esclavage est criminalis\u00e9, \u00e9rig\u00e9 en crime contre l\u2019humanit\u00e9, imprescriptible et s\u00e9v\u00e8rement r\u00e9prim\u00e9, par la loi en Mauritanie. La position du Gouvernement mauritanien \u00e0.....","og_url":"https:\/\/lequotidien.mr\/?p=3615&lang=fr","og_site_name":"Le Quotidien de Nouakchott","article_publisher":"https:\/\/web.facebook.com\/lequotidienmr","article_author":"https:\/\/web.facebook.com\/a.mleiwih","article_published_time":"2023-01-23T11:28:30+00:00","article_modified_time":"2023-01-23T11:31:34+00:00","og_image":[{"width":300,"height":200,"url":"https:\/\/lequotidien.mr\/wp-content\/uploads\/2023\/01\/commissaire_droits_de_lhomme_08_07_2021_M_002.jpg","type":"image\/jpeg"}],"author":"Alioun M'leiwih","twitter_card":"summary_large_image","twitter_creator":"@lequotidienmr","twitter_site":"@lequotidienmr","twitter_misc":{"\u0643\u064f\u062a\u0628 \u0628\u0648\u0627\u0633\u0637\u0629":"Alioun M'leiwih","\u0648\u0642\u062a \u0627\u0644\u0642\u0631\u0627\u0621\u0629 \u0627\u0644\u0645\u064f\u0642\u062f\u0651\u0631":"3 \u062f\u0642\u0627\u0626\u0642"},"schema":{"@context":"https:\/\/schema.org","@graph":[{"@type":"Article","@id":"https:\/\/lequotidien.mr\/?p=3615&lang=fr#article","isPartOf":{"@id":"https:\/\/lequotidien.mr\/?p=3615&lang=fr"},"author":{"name":"Alioun M'leiwih","@id":"https:\/\/lequotidien.mr\/#\/schema\/person\/69d1518c74c9137087929a20b1272cb0"},"headline":"Droit de r\u00e9ponse au site SENALIOUNE","datePublished":"2023-01-23T11:28:30+00:00","dateModified":"2023-01-23T11:31:34+00:00","mainEntityOfPage":{"@id":"https:\/\/lequotidien.mr\/?p=3615&lang=fr"},"wordCount":727,"commentCount":0,"publisher":{"@id":"https:\/\/lequotidien.mr\/#organization"},"image":{"@id":"https:\/\/lequotidien.mr\/?p=3615&lang=fr#primaryimage"},"thumbnailUrl":"https:\/\/lequotidien.mr\/wp-content\/uploads\/2023\/01\/commissaire_droits_de_lhomme_08_07_2021_M_002.jpg","articleSection":["ACTUALIT\u00c9","Opinion"],"inLanguage":"ar","potentialAction":[{"@type":"CommentAction","name":"Comment","target":["https:\/\/lequotidien.mr\/?p=3615&lang=fr#respond"]}]},{"@type":"WebPage","@id":"https:\/\/lequotidien.mr\/?p=3615&lang=fr","url":"https:\/\/lequotidien.mr\/?p=3615&lang=fr","name":"Droit de r\u00e9ponse au site SENALIOUNE - Le Quotidien de Nouakchott","isPartOf":{"@id":"https:\/\/lequotidien.mr\/#website"},"primaryImageOfPage":{"@id":"https:\/\/lequotidien.mr\/?p=3615&lang=fr#primaryimage"},"image":{"@id":"https:\/\/lequotidien.mr\/?p=3615&lang=fr#primaryimage"},"thumbnailUrl":"https:\/\/lequotidien.mr\/wp-content\/uploads\/2023\/01\/commissaire_droits_de_lhomme_08_07_2021_M_002.jpg","datePublished":"2023-01-23T11:28:30+00:00","dateModified":"2023-01-23T11:31:34+00:00","breadcrumb":{"@id":"https:\/\/lequotidien.mr\/?p=3615&lang=fr#breadcrumb"},"inLanguage":"ar","potentialAction":[{"@type":"ReadAction","target":["https:\/\/lequotidien.mr\/?p=3615&lang=fr"]}]},{"@type":"ImageObject","inLanguage":"ar","@id":"https:\/\/lequotidien.mr\/?p=3615&lang=fr#primaryimage","url":"https:\/\/lequotidien.mr\/wp-content\/uploads\/2023\/01\/commissaire_droits_de_lhomme_08_07_2021_M_002.jpg","contentUrl":"https:\/\/lequotidien.mr\/wp-content\/uploads\/2023\/01\/commissaire_droits_de_lhomme_08_07_2021_M_002.jpg","width":300,"height":200},{"@type":"BreadcrumbList","@id":"https:\/\/lequotidien.mr\/?p=3615&lang=fr#breadcrumb","itemListElement":[{"@type":"ListItem","position":1,"name":"Home","item":"https:\/\/lequotidien.mr\/"},{"@type":"ListItem","position":2,"name":"Droit de r\u00e9ponse au site SENALIOUNE"}]},{"@type":"WebSite","@id":"https:\/\/lequotidien.mr\/#website","url":"https:\/\/lequotidien.mr\/","name":"Le Quotidien de Nouakchott","description":"\u0625\u062e\u0628\u0627\u0631\u064a\u0629 \u0645\u0633\u062a\u0642\u0644\u0629 \u0644\u0644\u0623\u0646\u0628\u0627\u0621 \u0627\u0644\u0639\u0627\u0645\u0629","publisher":{"@id":"https:\/\/lequotidien.mr\/#organization"},"potentialAction":[{"@type":"SearchAction","target":{"@type":"EntryPoint","urlTemplate":"https:\/\/lequotidien.mr\/?s={search_term_string}"},"query-input":{"@type":"PropertyValueSpecification","valueRequired":true,"valueName":"search_term_string"}}],"inLanguage":"ar"},{"@type":"Organization","@id":"https:\/\/lequotidien.mr\/#organization","name":"Le Quotidien de Nouakchott","url":"https:\/\/lequotidien.mr\/","logo":{"@type":"ImageObject","inLanguage":"ar","@id":"https:\/\/lequotidien.mr\/#\/schema\/logo\/image\/","url":"https:\/\/lequotidien.mr\/wp-content\/uploads\/2022\/11\/logolequotidien.jpg","contentUrl":"https:\/\/lequotidien.mr\/wp-content\/uploads\/2022\/11\/logolequotidien.jpg","width":290,"height":65,"caption":"Le Quotidien de Nouakchott"},"image":{"@id":"https:\/\/lequotidien.mr\/#\/schema\/logo\/image\/"},"sameAs":["https:\/\/web.facebook.com\/lequotidienmr","https:\/\/x.com\/lequotidienmr"]},{"@type":"Person","@id":"https:\/\/lequotidien.mr\/#\/schema\/person\/69d1518c74c9137087929a20b1272cb0","name":"Alioun M'leiwih","image":{"@type":"ImageObject","inLanguage":"ar","@id":"https:\/\/secure.gravatar.com\/avatar\/01f9d357222d7d4ca8f71662f4b081718f06d25b11fc45662ecca0622d507e51?s=96&d=mm&r=g","url":"https:\/\/secure.gravatar.com\/avatar\/01f9d357222d7d4ca8f71662f4b081718f06d25b11fc45662ecca0622d507e51?s=96&d=mm&r=g","contentUrl":"https:\/\/secure.gravatar.com\/avatar\/01f9d357222d7d4ca8f71662f4b081718f06d25b11fc45662ecca0622d507e51?s=96&d=mm&r=g","caption":"Alioun M'leiwih"},"sameAs":["https:\/\/lequotidien.mr\/","https:\/\/web.facebook.com\/a.mleiwih","https:\/\/www.linkedin.com\/in\/alimlewih\/"],"url":"https:\/\/lequotidien.mr\/?author=3"}]}},"_links":{"self":[{"href":"https:\/\/lequotidien.mr\/index.php?rest_route=\/wp\/v2\/posts\/3615","targetHints":{"allow":["GET"]}}],"collection":[{"href":"https:\/\/lequotidien.mr\/index.php?rest_route=\/wp\/v2\/posts"}],"about":[{"href":"https:\/\/lequotidien.mr\/index.php?rest_route=\/wp\/v2\/types\/post"}],"author":[{"embeddable":true,"href":"https:\/\/lequotidien.mr\/index.php?rest_route=\/wp\/v2\/users\/3"}],"replies":[{"embeddable":true,"href":"https:\/\/lequotidien.mr\/index.php?rest_route=%2Fwp%2Fv2%2Fcomments&post=3615"}],"version-history":[{"count":1,"href":"https:\/\/lequotidien.mr\/index.php?rest_route=\/wp\/v2\/posts\/3615\/revisions"}],"predecessor-version":[{"id":3617,"href":"https:\/\/lequotidien.mr\/index.php?rest_route=\/wp\/v2\/posts\/3615\/revisions\/3617"}],"wp:featuredmedia":[{"embeddable":true,"href":"https:\/\/lequotidien.mr\/index.php?rest_route=\/wp\/v2\/media\/3616"}],"wp:attachment":[{"href":"https:\/\/lequotidien.mr\/index.php?rest_route=%2Fwp%2Fv2%2Fmedia&parent=3615"}],"wp:term":[{"taxonomy":"category","embeddable":true,"href":"https:\/\/lequotidien.mr\/index.php?rest_route=%2Fwp%2Fv2%2Fcategories&post=3615"},{"taxonomy":"post_tag","embeddable":true,"href":"https:\/\/lequotidien.mr\/index.php?rest_route=%2Fwp%2Fv2%2Ftags&post=3615"}],"curies":[{"name":"wp","href":"https:\/\/api.w.org\/{rel}","templated":true}]}}