{"id":3567,"date":"2023-01-22T13:25:35","date_gmt":"2023-01-22T13:25:35","guid":{"rendered":"https:\/\/lequotidien.mr\/?p=3567"},"modified":"2023-01-22T13:25:35","modified_gmt":"2023-01-22T13:25:35","slug":"la-mauritanie-participe-a-djeddah-a-la-45eme-session-des-delegues-de-loci-preparant-la-reunion-du-conseil-des-ministres-des-affaires-etrangeres","status":"publish","type":"post","link":"https:\/\/lequotidien.mr\/?p=3567&lang=fr","title":{"rendered":"La Mauritanie participe \u00e0 Djeddah \u00e0 la 45\u00e8me session des d\u00e9l\u00e9gu\u00e9s de l\u2019OCI, pr\u00e9parant la r\u00e9union du Conseil des ministres des Affaires \u00e9trang\u00e8res"},"content":{"rendered":"<div class=\"entry-content clearfix single-post-content\">\n<p>Les travaux de la 45\u00e8me session des d\u00e9l\u00e9gu\u00e9s permanents de l\u2019Organisation de la Coop\u00e9ration Islamique (OCI) ont d\u00e9marr\u00e9 dimanche \u00e0 Djeddah, en Arabie Saoudite.<\/p>\n<p>Cette r\u00e9union, qui se tient avec la participation d\u2019une d\u00e9l\u00e9gation de notre pays dirig\u00e9e par l\u2019ambassadrice et secr\u00e9taire g\u00e9n\u00e9rale du minist\u00e8re des Affaires Etrang\u00e8res, de la Coop\u00e9ration et des Mauritaniens de l\u2019Ext\u00e9rieur, Madame Alia Mint Yahya Ould Menkous, pr\u00e9pare la 49\u00e8me session du Conseil des ministres des Affaires \u00e9trang\u00e8res des Etats membres de l\u2019OCI dont la tenue est pr\u00e9vue les 16 et 17 mars prochains \u00e0 Nouakchott.<\/p>\n<p>Au cours de la r\u00e9union, l\u2019ambassadrice et secr\u00e9taire g\u00e9n\u00e9rale a r\u00e9ceptionn\u00e9 la pr\u00e9sidence au nom de notre pays et a conduit les travaux de la 45\u00e8me session de la commission islamique des affaires \u00e9conomiques, culturelles et sociales, qui se poursuivront pendant trois jours.<\/p>\n<p>Au d\u00e9but de la r\u00e9union, elle a exprim\u00e9 ses sinc\u00e8res remerciements \u00e0 la R\u00e9publique islamique du Pakistan pour sa bonne gestion de la quarante-huiti\u00e8me session de l\u2019organisation, appr\u00e9ciant les efforts consid\u00e9rables d\u00e9ploy\u00e9s par le secr\u00e9tariat g\u00e9n\u00e9ral de l\u2019organisation afin de surmonter les difficult\u00e9s et faciliter la conduite de l\u2019action islamique commune.<\/p>\n<p>Elle a soulign\u00e9 que la Mauritanie est pr\u00eate \u00e0 abriter la quarante-neuvi\u00e8me session du Conseil des ministres des Affaires \u00e9trang\u00e8res de l\u2019Organisation, notant sa volont\u00e9 de coop\u00e9rer pour le succ\u00e8s de la session.<\/p>\n<p>Le repr\u00e9sentant permanent de la R\u00e9publique du Pakistan, M. Syed Mohammad Fawad Sher, a exprim\u00e9, lors de sa passation de la pr\u00e9sidence de la session \u00e0 la Mauritanie, la disponibilit\u00e9 de son pays \u00e0 tout mettre en \u0153uvre pour contribuer au renforcement de la coop\u00e9ration islamique, remerciant les repr\u00e9sentants des Etats membres pour leurs efforts qui ont contribu\u00e9 \u00e0 surmonter toutes les difficult\u00e9s pour le succ\u00e8s de la derni\u00e8re session.<\/p>\n<p>A son tour, le secr\u00e9taire g\u00e9n\u00e9ral de l\u2019organisation, M. Hussein Ibrahim Taha, a soulign\u00e9 les objectifs de la r\u00e9union et la n\u00e9cessit\u00e9 de prendre en compte les recommandations \u00e9mises par celle-ci.<\/p>\n<p>Une d\u00e9l\u00e9gation de haut rang du minist\u00e8re des Affaires \u00e9trang\u00e8res a particip\u00e9 \u00e0 cette rencontre, comprenant l\u2019ambassadeur de notre pays \u00e0 Riyad, M. Sidi Ali Ould Sidi Ali, l\u2019ambassadeur charg\u00e9 de mission au minist\u00e8re, M. Mohamed Saleck Ould Brahim, l\u2019ambassadeur, directeur g\u00e9n\u00e9ral de la coop\u00e9ration multilat\u00e9rale, M. Mohamed Lemine Ould Moulaye Ely, l\u2019ambassadeur directeur de la Ligue des \u00c9tats arabes et des organisations islamiques au minist\u00e8re, M. Cheikh Sidi Ahmed Ould Mohamed Saleck et le conseiller \u00e0 l\u2019ambassade de notre pays \u00e0 Riyad, M. Mohameden Ould Abouda.<\/p>\n<\/div>\n","protected":false},"excerpt":{"rendered":"<p>Les travaux de la 45\u00e8me session des d\u00e9l\u00e9gu\u00e9s permanents de l\u2019Organisation de la Coop\u00e9ration Islamique (OCI) ont d\u00e9marr\u00e9 dimanche \u00e0 Djeddah, en Arabie Saoudite. Cette r\u00e9union, qui se tient avec la participation d\u2019une d\u00e9l\u00e9gation de notre pays dirig\u00e9e par l\u2019ambassadrice et secr\u00e9taire g\u00e9n\u00e9rale du minist\u00e8re des Affaires Etrang\u00e8res, de la Coop\u00e9ration et des Mauritaniens de&#8230;..<\/p>\n","protected":false},"author":3,"featured_media":3568,"comment_status":"open","ping_status":"open","sticky":false,"template":"","format":"standard","meta":{"footnotes":""},"categories":[23,49,57],"tags":[],"class_list":["post-3567","post","type-post","status-publish","format-standard","has-post-thumbnail","hentry","category-actualite","category-economie","category-couverture-specilale"],"yoast_head":"<!-- This site is optimized with the Yoast SEO plugin v27.5 - https:\/\/yoast.com\/product\/yoast-seo-wordpress\/ -->\n<title>La Mauritanie participe \u00e0 Djeddah \u00e0 la 45\u00e8me session des d\u00e9l\u00e9gu\u00e9s de l\u2019OCI, pr\u00e9parant la r\u00e9union du Conseil des ministres des Affaires \u00e9trang\u00e8res - Le Quotidien de Nouakchott<\/title>\n<meta name=\"robots\" content=\"index, follow, max-snippet:-1, max-image-preview:large, max-video-preview:-1\" \/>\n<link rel=\"canonical\" href=\"https:\/\/lequotidien.mr\/?p=3567&lang=fr\" \/>\n<meta property=\"og:locale\" content=\"ar_AR\" \/>\n<meta property=\"og:type\" content=\"article\" \/>\n<meta property=\"og:title\" content=\"La Mauritanie participe \u00e0 Djeddah \u00e0 la 45\u00e8me session des d\u00e9l\u00e9gu\u00e9s de l\u2019OCI, pr\u00e9parant la r\u00e9union du Conseil des ministres des Affaires \u00e9trang\u00e8res - Le Quotidien de Nouakchott\" \/>\n<meta property=\"og:description\" content=\"Les travaux de la 45\u00e8me session des d\u00e9l\u00e9gu\u00e9s permanents de l\u2019Organisation de la Coop\u00e9ration Islamique (OCI) ont d\u00e9marr\u00e9 dimanche \u00e0 Djeddah, en Arabie Saoudite. Cette r\u00e9union, qui se tient avec la participation d\u2019une d\u00e9l\u00e9gation de notre pays dirig\u00e9e par l\u2019ambassadrice et secr\u00e9taire g\u00e9n\u00e9rale du minist\u00e8re des Affaires Etrang\u00e8res, de la Coop\u00e9ration et des Mauritaniens de.....\" \/>\n<meta property=\"og:url\" content=\"https:\/\/lequotidien.mr\/?p=3567&amp;lang=fr\" \/>\n<meta property=\"og:site_name\" content=\"Le Quotidien de Nouakchott\" \/>\n<meta property=\"article:publisher\" content=\"https:\/\/web.facebook.com\/lequotidienmr\" \/>\n<meta property=\"article:author\" content=\"https:\/\/web.facebook.com\/a.mleiwih\" \/>\n<meta property=\"article:published_time\" content=\"2023-01-22T13:25:35+00:00\" \/>\n<meta property=\"og:image\" content=\"https:\/\/lequotidien.mr\/wp-content\/uploads\/2023\/01\/Untitled-1-3-750x430-1.jpg\" \/>\n\t<meta property=\"og:image:width\" content=\"750\" \/>\n\t<meta property=\"og:image:height\" content=\"430\" \/>\n\t<meta property=\"og:image:type\" content=\"image\/jpeg\" \/>\n<meta name=\"author\" content=\"Alioun M&#039;leiwih\" \/>\n<meta name=\"twitter:card\" content=\"summary_large_image\" \/>\n<meta name=\"twitter:creator\" content=\"@lequotidienmr\" \/>\n<meta name=\"twitter:site\" content=\"@lequotidienmr\" \/>\n<meta name=\"twitter:label1\" content=\"\u0643\u064f\u062a\u0628 \u0628\u0648\u0627\u0633\u0637\u0629\" \/>\n\t<meta name=\"twitter:data1\" content=\"Alioun M&#039;leiwih\" \/>\n\t<meta name=\"twitter:label2\" content=\"\u0648\u0642\u062a \u0627\u0644\u0642\u0631\u0627\u0621\u0629 \u0627\u0644\u0645\u064f\u0642\u062f\u0651\u0631\" \/>\n\t<meta name=\"twitter:data2\" content=\"\u062f\u0642\u064a\u0642\u062a\u0627\u0646\" \/>\n<script type=\"application\/ld+json\" class=\"yoast-schema-graph\">{\"@context\":\"https:\\\/\\\/schema.org\",\"@graph\":[{\"@type\":\"Article\",\"@id\":\"https:\\\/\\\/lequotidien.mr\\\/?p=3567&lang=fr#article\",\"isPartOf\":{\"@id\":\"https:\\\/\\\/lequotidien.mr\\\/?p=3567&lang=fr\"},\"author\":{\"name\":\"Alioun M'leiwih\",\"@id\":\"https:\\\/\\\/lequotidien.mr\\\/#\\\/schema\\\/person\\\/69d1518c74c9137087929a20b1272cb0\"},\"headline\":\"La Mauritanie participe \u00e0 Djeddah \u00e0 la 45\u00e8me session des d\u00e9l\u00e9gu\u00e9s de l\u2019OCI, pr\u00e9parant la r\u00e9union du Conseil des ministres des Affaires \u00e9trang\u00e8res\",\"datePublished\":\"2023-01-22T13:25:35+00:00\",\"mainEntityOfPage\":{\"@id\":\"https:\\\/\\\/lequotidien.mr\\\/?p=3567&lang=fr\"},\"wordCount\":503,\"commentCount\":0,\"publisher\":{\"@id\":\"https:\\\/\\\/lequotidien.mr\\\/#organization\"},\"image\":{\"@id\":\"https:\\\/\\\/lequotidien.mr\\\/?p=3567&lang=fr#primaryimage\"},\"thumbnailUrl\":\"https:\\\/\\\/lequotidien.mr\\\/wp-content\\\/uploads\\\/2023\\\/01\\\/Untitled-1-3-750x430-1.jpg\",\"articleSection\":[\"ACTUALIT\u00c9\",\"Economie\",\"Couverture sp\u00e9cilale\"],\"inLanguage\":\"ar\",\"potentialAction\":[{\"@type\":\"CommentAction\",\"name\":\"Comment\",\"target\":[\"https:\\\/\\\/lequotidien.mr\\\/?p=3567&lang=fr#respond\"]}]},{\"@type\":\"WebPage\",\"@id\":\"https:\\\/\\\/lequotidien.mr\\\/?p=3567&lang=fr\",\"url\":\"https:\\\/\\\/lequotidien.mr\\\/?p=3567&lang=fr\",\"name\":\"La Mauritanie participe \u00e0 Djeddah \u00e0 la 45\u00e8me session des d\u00e9l\u00e9gu\u00e9s de l\u2019OCI, pr\u00e9parant la r\u00e9union du Conseil des ministres des Affaires \u00e9trang\u00e8res - Le Quotidien de Nouakchott\",\"isPartOf\":{\"@id\":\"https:\\\/\\\/lequotidien.mr\\\/#website\"},\"primaryImageOfPage\":{\"@id\":\"https:\\\/\\\/lequotidien.mr\\\/?p=3567&lang=fr#primaryimage\"},\"image\":{\"@id\":\"https:\\\/\\\/lequotidien.mr\\\/?p=3567&lang=fr#primaryimage\"},\"thumbnailUrl\":\"https:\\\/\\\/lequotidien.mr\\\/wp-content\\\/uploads\\\/2023\\\/01\\\/Untitled-1-3-750x430-1.jpg\",\"datePublished\":\"2023-01-22T13:25:35+00:00\",\"breadcrumb\":{\"@id\":\"https:\\\/\\\/lequotidien.mr\\\/?p=3567&lang=fr#breadcrumb\"},\"inLanguage\":\"ar\",\"potentialAction\":[{\"@type\":\"ReadAction\",\"target\":[\"https:\\\/\\\/lequotidien.mr\\\/?p=3567&lang=fr\"]}]},{\"@type\":\"ImageObject\",\"inLanguage\":\"ar\",\"@id\":\"https:\\\/\\\/lequotidien.mr\\\/?p=3567&lang=fr#primaryimage\",\"url\":\"https:\\\/\\\/lequotidien.mr\\\/wp-content\\\/uploads\\\/2023\\\/01\\\/Untitled-1-3-750x430-1.jpg\",\"contentUrl\":\"https:\\\/\\\/lequotidien.mr\\\/wp-content\\\/uploads\\\/2023\\\/01\\\/Untitled-1-3-750x430-1.jpg\",\"width\":750,\"height\":430},{\"@type\":\"BreadcrumbList\",\"@id\":\"https:\\\/\\\/lequotidien.mr\\\/?p=3567&lang=fr#breadcrumb\",\"itemListElement\":[{\"@type\":\"ListItem\",\"position\":1,\"name\":\"Home\",\"item\":\"https:\\\/\\\/lequotidien.mr\\\/\"},{\"@type\":\"ListItem\",\"position\":2,\"name\":\"La Mauritanie participe \u00e0 Djeddah \u00e0 la 45\u00e8me session des d\u00e9l\u00e9gu\u00e9s de l\u2019OCI, pr\u00e9parant la r\u00e9union du Conseil des ministres des Affaires \u00e9trang\u00e8res\"}]},{\"@type\":\"WebSite\",\"@id\":\"https:\\\/\\\/lequotidien.mr\\\/#website\",\"url\":\"https:\\\/\\\/lequotidien.mr\\\/\",\"name\":\"Le Quotidien de Nouakchott\",\"description\":\"\u0625\u062e\u0628\u0627\u0631\u064a\u0629 \u0645\u0633\u062a\u0642\u0644\u0629 \u0644\u0644\u0623\u0646\u0628\u0627\u0621 \u0627\u0644\u0639\u0627\u0645\u0629\",\"publisher\":{\"@id\":\"https:\\\/\\\/lequotidien.mr\\\/#organization\"},\"potentialAction\":[{\"@type\":\"SearchAction\",\"target\":{\"@type\":\"EntryPoint\",\"urlTemplate\":\"https:\\\/\\\/lequotidien.mr\\\/?s={search_term_string}\"},\"query-input\":{\"@type\":\"PropertyValueSpecification\",\"valueRequired\":true,\"valueName\":\"search_term_string\"}}],\"inLanguage\":\"ar\"},{\"@type\":\"Organization\",\"@id\":\"https:\\\/\\\/lequotidien.mr\\\/#organization\",\"name\":\"Le Quotidien de Nouakchott\",\"url\":\"https:\\\/\\\/lequotidien.mr\\\/\",\"logo\":{\"@type\":\"ImageObject\",\"inLanguage\":\"ar\",\"@id\":\"https:\\\/\\\/lequotidien.mr\\\/#\\\/schema\\\/logo\\\/image\\\/\",\"url\":\"https:\\\/\\\/lequotidien.mr\\\/wp-content\\\/uploads\\\/2022\\\/11\\\/logolequotidien.jpg\",\"contentUrl\":\"https:\\\/\\\/lequotidien.mr\\\/wp-content\\\/uploads\\\/2022\\\/11\\\/logolequotidien.jpg\",\"width\":290,\"height\":65,\"caption\":\"Le Quotidien de Nouakchott\"},\"image\":{\"@id\":\"https:\\\/\\\/lequotidien.mr\\\/#\\\/schema\\\/logo\\\/image\\\/\"},\"sameAs\":[\"https:\\\/\\\/web.facebook.com\\\/lequotidienmr\",\"https:\\\/\\\/x.com\\\/lequotidienmr\"]},{\"@type\":\"Person\",\"@id\":\"https:\\\/\\\/lequotidien.mr\\\/#\\\/schema\\\/person\\\/69d1518c74c9137087929a20b1272cb0\",\"name\":\"Alioun M'leiwih\",\"image\":{\"@type\":\"ImageObject\",\"inLanguage\":\"ar\",\"@id\":\"https:\\\/\\\/secure.gravatar.com\\\/avatar\\\/01f9d357222d7d4ca8f71662f4b081718f06d25b11fc45662ecca0622d507e51?s=96&d=mm&r=g\",\"url\":\"https:\\\/\\\/secure.gravatar.com\\\/avatar\\\/01f9d357222d7d4ca8f71662f4b081718f06d25b11fc45662ecca0622d507e51?s=96&d=mm&r=g\",\"contentUrl\":\"https:\\\/\\\/secure.gravatar.com\\\/avatar\\\/01f9d357222d7d4ca8f71662f4b081718f06d25b11fc45662ecca0622d507e51?s=96&d=mm&r=g\",\"caption\":\"Alioun M'leiwih\"},\"sameAs\":[\"https:\\\/\\\/lequotidien.mr\\\/\",\"https:\\\/\\\/web.facebook.com\\\/a.mleiwih\",\"https:\\\/\\\/www.linkedin.com\\\/in\\\/alimlewih\\\/\"],\"url\":\"https:\\\/\\\/lequotidien.mr\\\/?author=3\"}]}<\/script>\n<!-- \/ Yoast SEO plugin. -->","yoast_head_json":{"title":"La Mauritanie participe \u00e0 Djeddah \u00e0 la 45\u00e8me session des d\u00e9l\u00e9gu\u00e9s de l\u2019OCI, pr\u00e9parant la r\u00e9union du Conseil des ministres des Affaires \u00e9trang\u00e8res - Le Quotidien de Nouakchott","robots":{"index":"index","follow":"follow","max-snippet":"max-snippet:-1","max-image-preview":"max-image-preview:large","max-video-preview":"max-video-preview:-1"},"canonical":"https:\/\/lequotidien.mr\/?p=3567&lang=fr","og_locale":"ar_AR","og_type":"article","og_title":"La Mauritanie participe \u00e0 Djeddah \u00e0 la 45\u00e8me session des d\u00e9l\u00e9gu\u00e9s de l\u2019OCI, pr\u00e9parant la r\u00e9union du Conseil des ministres des Affaires \u00e9trang\u00e8res - Le Quotidien de Nouakchott","og_description":"Les travaux de la 45\u00e8me session des d\u00e9l\u00e9gu\u00e9s permanents de l\u2019Organisation de la Coop\u00e9ration Islamique (OCI) ont d\u00e9marr\u00e9 dimanche \u00e0 Djeddah, en Arabie Saoudite. Cette r\u00e9union, qui se tient avec la participation d\u2019une d\u00e9l\u00e9gation de notre pays dirig\u00e9e par l\u2019ambassadrice et secr\u00e9taire g\u00e9n\u00e9rale du minist\u00e8re des Affaires Etrang\u00e8res, de la Coop\u00e9ration et des Mauritaniens de.....","og_url":"https:\/\/lequotidien.mr\/?p=3567&lang=fr","og_site_name":"Le Quotidien de Nouakchott","article_publisher":"https:\/\/web.facebook.com\/lequotidienmr","article_author":"https:\/\/web.facebook.com\/a.mleiwih","article_published_time":"2023-01-22T13:25:35+00:00","og_image":[{"width":750,"height":430,"url":"https:\/\/lequotidien.mr\/wp-content\/uploads\/2023\/01\/Untitled-1-3-750x430-1.jpg","type":"image\/jpeg"}],"author":"Alioun M'leiwih","twitter_card":"summary_large_image","twitter_creator":"@lequotidienmr","twitter_site":"@lequotidienmr","twitter_misc":{"\u0643\u064f\u062a\u0628 \u0628\u0648\u0627\u0633\u0637\u0629":"Alioun M'leiwih","\u0648\u0642\u062a \u0627\u0644\u0642\u0631\u0627\u0621\u0629 \u0627\u0644\u0645\u064f\u0642\u062f\u0651\u0631":"\u062f\u0642\u064a\u0642\u062a\u0627\u0646"},"schema":{"@context":"https:\/\/schema.org","@graph":[{"@type":"Article","@id":"https:\/\/lequotidien.mr\/?p=3567&lang=fr#article","isPartOf":{"@id":"https:\/\/lequotidien.mr\/?p=3567&lang=fr"},"author":{"name":"Alioun M'leiwih","@id":"https:\/\/lequotidien.mr\/#\/schema\/person\/69d1518c74c9137087929a20b1272cb0"},"headline":"La Mauritanie participe \u00e0 Djeddah \u00e0 la 45\u00e8me session des d\u00e9l\u00e9gu\u00e9s de l\u2019OCI, pr\u00e9parant la r\u00e9union du Conseil des ministres des Affaires \u00e9trang\u00e8res","datePublished":"2023-01-22T13:25:35+00:00","mainEntityOfPage":{"@id":"https:\/\/lequotidien.mr\/?p=3567&lang=fr"},"wordCount":503,"commentCount":0,"publisher":{"@id":"https:\/\/lequotidien.mr\/#organization"},"image":{"@id":"https:\/\/lequotidien.mr\/?p=3567&lang=fr#primaryimage"},"thumbnailUrl":"https:\/\/lequotidien.mr\/wp-content\/uploads\/2023\/01\/Untitled-1-3-750x430-1.jpg","articleSection":["ACTUALIT\u00c9","Economie","Couverture sp\u00e9cilale"],"inLanguage":"ar","potentialAction":[{"@type":"CommentAction","name":"Comment","target":["https:\/\/lequotidien.mr\/?p=3567&lang=fr#respond"]}]},{"@type":"WebPage","@id":"https:\/\/lequotidien.mr\/?p=3567&lang=fr","url":"https:\/\/lequotidien.mr\/?p=3567&lang=fr","name":"La Mauritanie participe \u00e0 Djeddah \u00e0 la 45\u00e8me session des d\u00e9l\u00e9gu\u00e9s de l\u2019OCI, pr\u00e9parant la r\u00e9union du Conseil des ministres des Affaires \u00e9trang\u00e8res - Le Quotidien de Nouakchott","isPartOf":{"@id":"https:\/\/lequotidien.mr\/#website"},"primaryImageOfPage":{"@id":"https:\/\/lequotidien.mr\/?p=3567&lang=fr#primaryimage"},"image":{"@id":"https:\/\/lequotidien.mr\/?p=3567&lang=fr#primaryimage"},"thumbnailUrl":"https:\/\/lequotidien.mr\/wp-content\/uploads\/2023\/01\/Untitled-1-3-750x430-1.jpg","datePublished":"2023-01-22T13:25:35+00:00","breadcrumb":{"@id":"https:\/\/lequotidien.mr\/?p=3567&lang=fr#breadcrumb"},"inLanguage":"ar","potentialAction":[{"@type":"ReadAction","target":["https:\/\/lequotidien.mr\/?p=3567&lang=fr"]}]},{"@type":"ImageObject","inLanguage":"ar","@id":"https:\/\/lequotidien.mr\/?p=3567&lang=fr#primaryimage","url":"https:\/\/lequotidien.mr\/wp-content\/uploads\/2023\/01\/Untitled-1-3-750x430-1.jpg","contentUrl":"https:\/\/lequotidien.mr\/wp-content\/uploads\/2023\/01\/Untitled-1-3-750x430-1.jpg","width":750,"height":430},{"@type":"BreadcrumbList","@id":"https:\/\/lequotidien.mr\/?p=3567&lang=fr#breadcrumb","itemListElement":[{"@type":"ListItem","position":1,"name":"Home","item":"https:\/\/lequotidien.mr\/"},{"@type":"ListItem","position":2,"name":"La Mauritanie participe \u00e0 Djeddah \u00e0 la 45\u00e8me session des d\u00e9l\u00e9gu\u00e9s de l\u2019OCI, pr\u00e9parant la r\u00e9union du Conseil des ministres des Affaires \u00e9trang\u00e8res"}]},{"@type":"WebSite","@id":"https:\/\/lequotidien.mr\/#website","url":"https:\/\/lequotidien.mr\/","name":"Le Quotidien de Nouakchott","description":"\u0625\u062e\u0628\u0627\u0631\u064a\u0629 \u0645\u0633\u062a\u0642\u0644\u0629 \u0644\u0644\u0623\u0646\u0628\u0627\u0621 \u0627\u0644\u0639\u0627\u0645\u0629","publisher":{"@id":"https:\/\/lequotidien.mr\/#organization"},"potentialAction":[{"@type":"SearchAction","target":{"@type":"EntryPoint","urlTemplate":"https:\/\/lequotidien.mr\/?s={search_term_string}"},"query-input":{"@type":"PropertyValueSpecification","valueRequired":true,"valueName":"search_term_string"}}],"inLanguage":"ar"},{"@type":"Organization","@id":"https:\/\/lequotidien.mr\/#organization","name":"Le Quotidien de Nouakchott","url":"https:\/\/lequotidien.mr\/","logo":{"@type":"ImageObject","inLanguage":"ar","@id":"https:\/\/lequotidien.mr\/#\/schema\/logo\/image\/","url":"https:\/\/lequotidien.mr\/wp-content\/uploads\/2022\/11\/logolequotidien.jpg","contentUrl":"https:\/\/lequotidien.mr\/wp-content\/uploads\/2022\/11\/logolequotidien.jpg","width":290,"height":65,"caption":"Le Quotidien de Nouakchott"},"image":{"@id":"https:\/\/lequotidien.mr\/#\/schema\/logo\/image\/"},"sameAs":["https:\/\/web.facebook.com\/lequotidienmr","https:\/\/x.com\/lequotidienmr"]},{"@type":"Person","@id":"https:\/\/lequotidien.mr\/#\/schema\/person\/69d1518c74c9137087929a20b1272cb0","name":"Alioun M'leiwih","image":{"@type":"ImageObject","inLanguage":"ar","@id":"https:\/\/secure.gravatar.com\/avatar\/01f9d357222d7d4ca8f71662f4b081718f06d25b11fc45662ecca0622d507e51?s=96&d=mm&r=g","url":"https:\/\/secure.gravatar.com\/avatar\/01f9d357222d7d4ca8f71662f4b081718f06d25b11fc45662ecca0622d507e51?s=96&d=mm&r=g","contentUrl":"https:\/\/secure.gravatar.com\/avatar\/01f9d357222d7d4ca8f71662f4b081718f06d25b11fc45662ecca0622d507e51?s=96&d=mm&r=g","caption":"Alioun M'leiwih"},"sameAs":["https:\/\/lequotidien.mr\/","https:\/\/web.facebook.com\/a.mleiwih","https:\/\/www.linkedin.com\/in\/alimlewih\/"],"url":"https:\/\/lequotidien.mr\/?author=3"}]}},"_links":{"self":[{"href":"https:\/\/lequotidien.mr\/index.php?rest_route=\/wp\/v2\/posts\/3567","targetHints":{"allow":["GET"]}}],"collection":[{"href":"https:\/\/lequotidien.mr\/index.php?rest_route=\/wp\/v2\/posts"}],"about":[{"href":"https:\/\/lequotidien.mr\/index.php?rest_route=\/wp\/v2\/types\/post"}],"author":[{"embeddable":true,"href":"https:\/\/lequotidien.mr\/index.php?rest_route=\/wp\/v2\/users\/3"}],"replies":[{"embeddable":true,"href":"https:\/\/lequotidien.mr\/index.php?rest_route=%2Fwp%2Fv2%2Fcomments&post=3567"}],"version-history":[{"count":1,"href":"https:\/\/lequotidien.mr\/index.php?rest_route=\/wp\/v2\/posts\/3567\/revisions"}],"predecessor-version":[{"id":3569,"href":"https:\/\/lequotidien.mr\/index.php?rest_route=\/wp\/v2\/posts\/3567\/revisions\/3569"}],"wp:featuredmedia":[{"embeddable":true,"href":"https:\/\/lequotidien.mr\/index.php?rest_route=\/wp\/v2\/media\/3568"}],"wp:attachment":[{"href":"https:\/\/lequotidien.mr\/index.php?rest_route=%2Fwp%2Fv2%2Fmedia&parent=3567"}],"wp:term":[{"taxonomy":"category","embeddable":true,"href":"https:\/\/lequotidien.mr\/index.php?rest_route=%2Fwp%2Fv2%2Fcategories&post=3567"},{"taxonomy":"post_tag","embeddable":true,"href":"https:\/\/lequotidien.mr\/index.php?rest_route=%2Fwp%2Fv2%2Ftags&post=3567"}],"curies":[{"name":"wp","href":"https:\/\/api.w.org\/{rel}","templated":true}]}}