{"id":35165,"date":"2026-03-10T14:27:42","date_gmt":"2026-03-10T14:27:42","guid":{"rendered":"https:\/\/lequotidien.mr\/?p=35165"},"modified":"2026-03-10T15:19:55","modified_gmt":"2026-03-10T15:19:55","slug":"coupe-du-president-2026-1er-et-2eme-tour-le-verdict-est-tombe","status":"publish","type":"post","link":"https:\/\/lequotidien.mr\/?p=35165&lang=fr","title":{"rendered":"Coupe du Pr\u00e9sident 2026\/ 1er et 2\u00e8me tour : Le verdict est tomb\u00e9 !"},"content":{"rendered":"<p>Le tirage au sort int\u00e9gral du premier et du second tour de la Coupe du Pr\u00e9sident 2026 a \u00e9t\u00e9 effectu\u00e9 ce mardi 10 mars 2026, au si\u00e8ge de la FFRIM, en pr\u00e9sence des repr\u00e9sentants des \u00e9quipes engag\u00e9es. Il faut noter que ces deux premiers rounds sont exclusivement r\u00e9serv\u00e9s aux formations \u00e9voluant en r\u00e9gional, celles de la SUPER D2 et de la SUPER D3.<\/p>\n<p>La premi\u00e8re rencontre de cette prestigieuse comp\u00e9tition opposera Amiti\u00e9 2020 et \u00a0Olympique de Sebkha. Tandis que le second match mettra aux prises la jeune formation du CSJ M\u2019BOUT (Gorgol) \u00e0 l\u2019AS Arm\u00e9e Nationale.<\/p>\n<p>La formation M\u2019Boutoise cr\u00e9\u00e9e en 2025 fera ainsi son bapt\u00eame de feu en comp\u00e9tition nationale face \u00e0 une \u00e9quipe de l\u2019AS Arm\u00e9e aguerrie et qui \u00e9volue actuellement en SUPER D2. Le match aura lieu au stade municipal de Ka\u00e9di et les hommes du coach Waiga Abdoulaye (SARRA) tenteront de rentrer avec fracas dans cette comp\u00e9tition. Le troisi\u00e8me match opposera l\u2019ASC Riadh et LAR 9. La formation de Kedia de Zouerate est exempt\u00e9e de ce premier tour.<\/p>\n<p>Pour ce qui est de la configuration du deuxi\u00e8me tour, le vainqueur du match N\u00b0 2 (CSJ M\u2019Bout- AS Arm\u00e9e) croisera le fer avec l\u2019\u00e9quipe de la K\u00e9dia de Zouerate (exempte du premier tour). Tandis le vainqueurs du match N\u00b0 1 (Amiti\u00e9 2020- Olympique de Sebkha) croisera le fer avec le vainqueur du match N\u00b0 3 ( ASC Riadh- LAR 9).<\/p>\n<p>Il faut noter que le premier tour se jouera le 26, 27 et 28 Mars et le second se disputera les 10, 11 et 12 Avril prochain.<\/p>\n","protected":false},"excerpt":{"rendered":"<p>Le tirage au sort int\u00e9gral du premier et du second tour de la Coupe du Pr\u00e9sident 2026 a \u00e9t\u00e9 effectu\u00e9 ce mardi 10 mars 2026, au si\u00e8ge de la FFRIM, en pr\u00e9sence des repr\u00e9sentants des \u00e9quipes engag\u00e9es. Il faut noter que ces deux premiers rounds sont exclusivement r\u00e9serv\u00e9s aux formations \u00e9voluant en r\u00e9gional, celles de&#8230;..<\/p>\n","protected":false},"author":7,"featured_media":35169,"comment_status":"open","ping_status":"open","sticky":false,"template":"","format":"standard","meta":{"footnotes":""},"categories":[23,51],"tags":[],"class_list":["post-35165","post","type-post","status-publish","format-standard","has-post-thumbnail","hentry","category-actualite","category-sport"],"yoast_head":"<!-- This site is optimized with the Yoast SEO plugin v27.5 - https:\/\/yoast.com\/product\/yoast-seo-wordpress\/ -->\n<title>Coupe du Pr\u00e9sident 2026\/ 1er et 2\u00e8me tour : Le verdict est tomb\u00e9 ! - Le Quotidien de Nouakchott<\/title>\n<meta name=\"robots\" content=\"index, follow, max-snippet:-1, max-image-preview:large, max-video-preview:-1\" \/>\n<link rel=\"canonical\" href=\"https:\/\/lequotidien.mr\/?p=35165&lang=fr\" \/>\n<meta property=\"og:locale\" content=\"ar_AR\" \/>\n<meta property=\"og:type\" content=\"article\" \/>\n<meta property=\"og:title\" content=\"Coupe du Pr\u00e9sident 2026\/ 1er et 2\u00e8me tour : Le verdict est tomb\u00e9 ! - Le Quotidien de Nouakchott\" \/>\n<meta property=\"og:description\" content=\"Le tirage au sort int\u00e9gral du premier et du second tour de la Coupe du Pr\u00e9sident 2026 a \u00e9t\u00e9 effectu\u00e9 ce mardi 10 mars 2026, au si\u00e8ge de la FFRIM, en pr\u00e9sence des repr\u00e9sentants des \u00e9quipes engag\u00e9es. Il faut noter que ces deux premiers rounds sont exclusivement r\u00e9serv\u00e9s aux formations \u00e9voluant en r\u00e9gional, celles de.....\" \/>\n<meta property=\"og:url\" content=\"https:\/\/lequotidien.mr\/?p=35165&amp;lang=fr\" \/>\n<meta property=\"og:site_name\" content=\"Le Quotidien de Nouakchott\" \/>\n<meta property=\"article:publisher\" content=\"https:\/\/web.facebook.com\/lequotidienmr\" \/>\n<meta property=\"article:published_time\" content=\"2026-03-10T14:27:42+00:00\" \/>\n<meta property=\"article:modified_time\" content=\"2026-03-10T15:19:55+00:00\" \/>\n<meta property=\"og:image\" content=\"https:\/\/lequotidien.mr\/wp-content\/uploads\/2026\/03\/JJJJJJJJJJJJJJJJJJJJJJJJJJJJJJJJJJ-Copie.jpg\" \/>\n\t<meta property=\"og:image:width\" content=\"1080\" \/>\n\t<meta property=\"og:image:height\" content=\"719\" \/>\n\t<meta property=\"og:image:type\" content=\"image\/jpeg\" \/>\n<meta name=\"author\" content=\"Hachim El Yemani\" \/>\n<meta name=\"twitter:card\" content=\"summary_large_image\" \/>\n<meta name=\"twitter:creator\" content=\"@lequotidienmr\" \/>\n<meta name=\"twitter:site\" content=\"@lequotidienmr\" \/>\n<meta name=\"twitter:label1\" content=\"\u0643\u064f\u062a\u0628 \u0628\u0648\u0627\u0633\u0637\u0629\" \/>\n\t<meta name=\"twitter:data1\" content=\"Hachim El Yemani\" \/>\n\t<meta name=\"twitter:label2\" content=\"\u0648\u0642\u062a \u0627\u0644\u0642\u0631\u0627\u0621\u0629 \u0627\u0644\u0645\u064f\u0642\u062f\u0651\u0631\" \/>\n\t<meta name=\"twitter:data2\" content=\"3 \u062f\u0642\u0627\u0626\u0642\" \/>\n<script type=\"application\/ld+json\" class=\"yoast-schema-graph\">{\"@context\":\"https:\\\/\\\/schema.org\",\"@graph\":[{\"@type\":\"Article\",\"@id\":\"https:\\\/\\\/lequotidien.mr\\\/?p=35165&lang=fr#article\",\"isPartOf\":{\"@id\":\"https:\\\/\\\/lequotidien.mr\\\/?p=35165&lang=fr\"},\"author\":{\"name\":\"Hachim El Yemani\",\"@id\":\"https:\\\/\\\/lequotidien.mr\\\/#\\\/schema\\\/person\\\/084fc8a65780dd82fc2dc1b6606ccd93\"},\"headline\":\"Coupe du Pr\u00e9sident 2026\\\/ 1er et 2\u00e8me tour : Le verdict est tomb\u00e9 !\",\"datePublished\":\"2026-03-10T14:27:42+00:00\",\"dateModified\":\"2026-03-10T15:19:55+00:00\",\"mainEntityOfPage\":{\"@id\":\"https:\\\/\\\/lequotidien.mr\\\/?p=35165&lang=fr\"},\"wordCount\":283,\"commentCount\":0,\"publisher\":{\"@id\":\"https:\\\/\\\/lequotidien.mr\\\/#organization\"},\"image\":{\"@id\":\"https:\\\/\\\/lequotidien.mr\\\/?p=35165&lang=fr#primaryimage\"},\"thumbnailUrl\":\"https:\\\/\\\/lequotidien.mr\\\/wp-content\\\/uploads\\\/2026\\\/03\\\/JJJJJJJJJJJJJJJJJJJJJJJJJJJJJJJJJJ-Copie.jpg\",\"articleSection\":[\"ACTUALIT\u00c9\",\"SPORT\"],\"inLanguage\":\"ar\",\"potentialAction\":[{\"@type\":\"CommentAction\",\"name\":\"Comment\",\"target\":[\"https:\\\/\\\/lequotidien.mr\\\/?p=35165&lang=fr#respond\"]}]},{\"@type\":\"WebPage\",\"@id\":\"https:\\\/\\\/lequotidien.mr\\\/?p=35165&lang=fr\",\"url\":\"https:\\\/\\\/lequotidien.mr\\\/?p=35165&lang=fr\",\"name\":\"Coupe du Pr\u00e9sident 2026\\\/ 1er et 2\u00e8me tour : Le verdict est tomb\u00e9 ! - Le Quotidien de Nouakchott\",\"isPartOf\":{\"@id\":\"https:\\\/\\\/lequotidien.mr\\\/#website\"},\"primaryImageOfPage\":{\"@id\":\"https:\\\/\\\/lequotidien.mr\\\/?p=35165&lang=fr#primaryimage\"},\"image\":{\"@id\":\"https:\\\/\\\/lequotidien.mr\\\/?p=35165&lang=fr#primaryimage\"},\"thumbnailUrl\":\"https:\\\/\\\/lequotidien.mr\\\/wp-content\\\/uploads\\\/2026\\\/03\\\/JJJJJJJJJJJJJJJJJJJJJJJJJJJJJJJJJJ-Copie.jpg\",\"datePublished\":\"2026-03-10T14:27:42+00:00\",\"dateModified\":\"2026-03-10T15:19:55+00:00\",\"breadcrumb\":{\"@id\":\"https:\\\/\\\/lequotidien.mr\\\/?p=35165&lang=fr#breadcrumb\"},\"inLanguage\":\"ar\",\"potentialAction\":[{\"@type\":\"ReadAction\",\"target\":[\"https:\\\/\\\/lequotidien.mr\\\/?p=35165&lang=fr\"]}]},{\"@type\":\"ImageObject\",\"inLanguage\":\"ar\",\"@id\":\"https:\\\/\\\/lequotidien.mr\\\/?p=35165&lang=fr#primaryimage\",\"url\":\"https:\\\/\\\/lequotidien.mr\\\/wp-content\\\/uploads\\\/2026\\\/03\\\/JJJJJJJJJJJJJJJJJJJJJJJJJJJJJJJJJJ-Copie.jpg\",\"contentUrl\":\"https:\\\/\\\/lequotidien.mr\\\/wp-content\\\/uploads\\\/2026\\\/03\\\/JJJJJJJJJJJJJJJJJJJJJJJJJJJJJJJJJJ-Copie.jpg\",\"width\":1080,\"height\":719},{\"@type\":\"BreadcrumbList\",\"@id\":\"https:\\\/\\\/lequotidien.mr\\\/?p=35165&lang=fr#breadcrumb\",\"itemListElement\":[{\"@type\":\"ListItem\",\"position\":1,\"name\":\"Home\",\"item\":\"https:\\\/\\\/lequotidien.mr\\\/\"},{\"@type\":\"ListItem\",\"position\":2,\"name\":\"Coupe du Pr\u00e9sident 2026\\\/ 1er et 2\u00e8me tour : Le verdict est tomb\u00e9 !\"}]},{\"@type\":\"WebSite\",\"@id\":\"https:\\\/\\\/lequotidien.mr\\\/#website\",\"url\":\"https:\\\/\\\/lequotidien.mr\\\/\",\"name\":\"Le Quotidien de Nouakchott\",\"description\":\"\u0625\u062e\u0628\u0627\u0631\u064a\u0629 \u0645\u0633\u062a\u0642\u0644\u0629 \u0644\u0644\u0623\u0646\u0628\u0627\u0621 \u0627\u0644\u0639\u0627\u0645\u0629\",\"publisher\":{\"@id\":\"https:\\\/\\\/lequotidien.mr\\\/#organization\"},\"potentialAction\":[{\"@type\":\"SearchAction\",\"target\":{\"@type\":\"EntryPoint\",\"urlTemplate\":\"https:\\\/\\\/lequotidien.mr\\\/?s={search_term_string}\"},\"query-input\":{\"@type\":\"PropertyValueSpecification\",\"valueRequired\":true,\"valueName\":\"search_term_string\"}}],\"inLanguage\":\"ar\"},{\"@type\":\"Organization\",\"@id\":\"https:\\\/\\\/lequotidien.mr\\\/#organization\",\"name\":\"Le Quotidien de Nouakchott\",\"url\":\"https:\\\/\\\/lequotidien.mr\\\/\",\"logo\":{\"@type\":\"ImageObject\",\"inLanguage\":\"ar\",\"@id\":\"https:\\\/\\\/lequotidien.mr\\\/#\\\/schema\\\/logo\\\/image\\\/\",\"url\":\"https:\\\/\\\/lequotidien.mr\\\/wp-content\\\/uploads\\\/2022\\\/11\\\/logolequotidien.jpg\",\"contentUrl\":\"https:\\\/\\\/lequotidien.mr\\\/wp-content\\\/uploads\\\/2022\\\/11\\\/logolequotidien.jpg\",\"width\":290,\"height\":65,\"caption\":\"Le Quotidien de Nouakchott\"},\"image\":{\"@id\":\"https:\\\/\\\/lequotidien.mr\\\/#\\\/schema\\\/logo\\\/image\\\/\"},\"sameAs\":[\"https:\\\/\\\/web.facebook.com\\\/lequotidienmr\",\"https:\\\/\\\/x.com\\\/lequotidienmr\"]},{\"@type\":\"Person\",\"@id\":\"https:\\\/\\\/lequotidien.mr\\\/#\\\/schema\\\/person\\\/084fc8a65780dd82fc2dc1b6606ccd93\",\"name\":\"Hachim El Yemani\",\"image\":{\"@type\":\"ImageObject\",\"inLanguage\":\"ar\",\"@id\":\"https:\\\/\\\/secure.gravatar.com\\\/avatar\\\/d26186aaa5bf4c9f95183e2f6e441600872253143ebb24ebf40607e5f0b7ced0?s=96&d=mm&r=g\",\"url\":\"https:\\\/\\\/secure.gravatar.com\\\/avatar\\\/d26186aaa5bf4c9f95183e2f6e441600872253143ebb24ebf40607e5f0b7ced0?s=96&d=mm&r=g\",\"contentUrl\":\"https:\\\/\\\/secure.gravatar.com\\\/avatar\\\/d26186aaa5bf4c9f95183e2f6e441600872253143ebb24ebf40607e5f0b7ced0?s=96&d=mm&r=g\",\"caption\":\"Hachim El Yemani\"},\"sameAs\":[\"https:\\\/\\\/lequotidien.mr\\\/\"],\"url\":\"https:\\\/\\\/lequotidien.mr\\\/?author=7\"}]}<\/script>\n<!-- \/ Yoast SEO plugin. -->","yoast_head_json":{"title":"Coupe du Pr\u00e9sident 2026\/ 1er et 2\u00e8me tour : Le verdict est tomb\u00e9 ! - Le Quotidien de Nouakchott","robots":{"index":"index","follow":"follow","max-snippet":"max-snippet:-1","max-image-preview":"max-image-preview:large","max-video-preview":"max-video-preview:-1"},"canonical":"https:\/\/lequotidien.mr\/?p=35165&lang=fr","og_locale":"ar_AR","og_type":"article","og_title":"Coupe du Pr\u00e9sident 2026\/ 1er et 2\u00e8me tour : Le verdict est tomb\u00e9 ! - Le Quotidien de Nouakchott","og_description":"Le tirage au sort int\u00e9gral du premier et du second tour de la Coupe du Pr\u00e9sident 2026 a \u00e9t\u00e9 effectu\u00e9 ce mardi 10 mars 2026, au si\u00e8ge de la FFRIM, en pr\u00e9sence des repr\u00e9sentants des \u00e9quipes engag\u00e9es. Il faut noter que ces deux premiers rounds sont exclusivement r\u00e9serv\u00e9s aux formations \u00e9voluant en r\u00e9gional, celles de.....","og_url":"https:\/\/lequotidien.mr\/?p=35165&lang=fr","og_site_name":"Le Quotidien de Nouakchott","article_publisher":"https:\/\/web.facebook.com\/lequotidienmr","article_published_time":"2026-03-10T14:27:42+00:00","article_modified_time":"2026-03-10T15:19:55+00:00","og_image":[{"width":1080,"height":719,"url":"https:\/\/lequotidien.mr\/wp-content\/uploads\/2026\/03\/JJJJJJJJJJJJJJJJJJJJJJJJJJJJJJJJJJ-Copie.jpg","type":"image\/jpeg"}],"author":"Hachim El Yemani","twitter_card":"summary_large_image","twitter_creator":"@lequotidienmr","twitter_site":"@lequotidienmr","twitter_misc":{"\u0643\u064f\u062a\u0628 \u0628\u0648\u0627\u0633\u0637\u0629":"Hachim El Yemani","\u0648\u0642\u062a \u0627\u0644\u0642\u0631\u0627\u0621\u0629 \u0627\u0644\u0645\u064f\u0642\u062f\u0651\u0631":"3 \u062f\u0642\u0627\u0626\u0642"},"schema":{"@context":"https:\/\/schema.org","@graph":[{"@type":"Article","@id":"https:\/\/lequotidien.mr\/?p=35165&lang=fr#article","isPartOf":{"@id":"https:\/\/lequotidien.mr\/?p=35165&lang=fr"},"author":{"name":"Hachim El Yemani","@id":"https:\/\/lequotidien.mr\/#\/schema\/person\/084fc8a65780dd82fc2dc1b6606ccd93"},"headline":"Coupe du Pr\u00e9sident 2026\/ 1er et 2\u00e8me tour : Le verdict est tomb\u00e9 !","datePublished":"2026-03-10T14:27:42+00:00","dateModified":"2026-03-10T15:19:55+00:00","mainEntityOfPage":{"@id":"https:\/\/lequotidien.mr\/?p=35165&lang=fr"},"wordCount":283,"commentCount":0,"publisher":{"@id":"https:\/\/lequotidien.mr\/#organization"},"image":{"@id":"https:\/\/lequotidien.mr\/?p=35165&lang=fr#primaryimage"},"thumbnailUrl":"https:\/\/lequotidien.mr\/wp-content\/uploads\/2026\/03\/JJJJJJJJJJJJJJJJJJJJJJJJJJJJJJJJJJ-Copie.jpg","articleSection":["ACTUALIT\u00c9","SPORT"],"inLanguage":"ar","potentialAction":[{"@type":"CommentAction","name":"Comment","target":["https:\/\/lequotidien.mr\/?p=35165&lang=fr#respond"]}]},{"@type":"WebPage","@id":"https:\/\/lequotidien.mr\/?p=35165&lang=fr","url":"https:\/\/lequotidien.mr\/?p=35165&lang=fr","name":"Coupe du Pr\u00e9sident 2026\/ 1er et 2\u00e8me tour : Le verdict est tomb\u00e9 ! - Le Quotidien de Nouakchott","isPartOf":{"@id":"https:\/\/lequotidien.mr\/#website"},"primaryImageOfPage":{"@id":"https:\/\/lequotidien.mr\/?p=35165&lang=fr#primaryimage"},"image":{"@id":"https:\/\/lequotidien.mr\/?p=35165&lang=fr#primaryimage"},"thumbnailUrl":"https:\/\/lequotidien.mr\/wp-content\/uploads\/2026\/03\/JJJJJJJJJJJJJJJJJJJJJJJJJJJJJJJJJJ-Copie.jpg","datePublished":"2026-03-10T14:27:42+00:00","dateModified":"2026-03-10T15:19:55+00:00","breadcrumb":{"@id":"https:\/\/lequotidien.mr\/?p=35165&lang=fr#breadcrumb"},"inLanguage":"ar","potentialAction":[{"@type":"ReadAction","target":["https:\/\/lequotidien.mr\/?p=35165&lang=fr"]}]},{"@type":"ImageObject","inLanguage":"ar","@id":"https:\/\/lequotidien.mr\/?p=35165&lang=fr#primaryimage","url":"https:\/\/lequotidien.mr\/wp-content\/uploads\/2026\/03\/JJJJJJJJJJJJJJJJJJJJJJJJJJJJJJJJJJ-Copie.jpg","contentUrl":"https:\/\/lequotidien.mr\/wp-content\/uploads\/2026\/03\/JJJJJJJJJJJJJJJJJJJJJJJJJJJJJJJJJJ-Copie.jpg","width":1080,"height":719},{"@type":"BreadcrumbList","@id":"https:\/\/lequotidien.mr\/?p=35165&lang=fr#breadcrumb","itemListElement":[{"@type":"ListItem","position":1,"name":"Home","item":"https:\/\/lequotidien.mr\/"},{"@type":"ListItem","position":2,"name":"Coupe du Pr\u00e9sident 2026\/ 1er et 2\u00e8me tour : Le verdict est tomb\u00e9 !"}]},{"@type":"WebSite","@id":"https:\/\/lequotidien.mr\/#website","url":"https:\/\/lequotidien.mr\/","name":"Le Quotidien de Nouakchott","description":"\u0625\u062e\u0628\u0627\u0631\u064a\u0629 \u0645\u0633\u062a\u0642\u0644\u0629 \u0644\u0644\u0623\u0646\u0628\u0627\u0621 \u0627\u0644\u0639\u0627\u0645\u0629","publisher":{"@id":"https:\/\/lequotidien.mr\/#organization"},"potentialAction":[{"@type":"SearchAction","target":{"@type":"EntryPoint","urlTemplate":"https:\/\/lequotidien.mr\/?s={search_term_string}"},"query-input":{"@type":"PropertyValueSpecification","valueRequired":true,"valueName":"search_term_string"}}],"inLanguage":"ar"},{"@type":"Organization","@id":"https:\/\/lequotidien.mr\/#organization","name":"Le Quotidien de Nouakchott","url":"https:\/\/lequotidien.mr\/","logo":{"@type":"ImageObject","inLanguage":"ar","@id":"https:\/\/lequotidien.mr\/#\/schema\/logo\/image\/","url":"https:\/\/lequotidien.mr\/wp-content\/uploads\/2022\/11\/logolequotidien.jpg","contentUrl":"https:\/\/lequotidien.mr\/wp-content\/uploads\/2022\/11\/logolequotidien.jpg","width":290,"height":65,"caption":"Le Quotidien de Nouakchott"},"image":{"@id":"https:\/\/lequotidien.mr\/#\/schema\/logo\/image\/"},"sameAs":["https:\/\/web.facebook.com\/lequotidienmr","https:\/\/x.com\/lequotidienmr"]},{"@type":"Person","@id":"https:\/\/lequotidien.mr\/#\/schema\/person\/084fc8a65780dd82fc2dc1b6606ccd93","name":"Hachim El Yemani","image":{"@type":"ImageObject","inLanguage":"ar","@id":"https:\/\/secure.gravatar.com\/avatar\/d26186aaa5bf4c9f95183e2f6e441600872253143ebb24ebf40607e5f0b7ced0?s=96&d=mm&r=g","url":"https:\/\/secure.gravatar.com\/avatar\/d26186aaa5bf4c9f95183e2f6e441600872253143ebb24ebf40607e5f0b7ced0?s=96&d=mm&r=g","contentUrl":"https:\/\/secure.gravatar.com\/avatar\/d26186aaa5bf4c9f95183e2f6e441600872253143ebb24ebf40607e5f0b7ced0?s=96&d=mm&r=g","caption":"Hachim El Yemani"},"sameAs":["https:\/\/lequotidien.mr\/"],"url":"https:\/\/lequotidien.mr\/?author=7"}]}},"_links":{"self":[{"href":"https:\/\/lequotidien.mr\/index.php?rest_route=\/wp\/v2\/posts\/35165","targetHints":{"allow":["GET"]}}],"collection":[{"href":"https:\/\/lequotidien.mr\/index.php?rest_route=\/wp\/v2\/posts"}],"about":[{"href":"https:\/\/lequotidien.mr\/index.php?rest_route=\/wp\/v2\/types\/post"}],"author":[{"embeddable":true,"href":"https:\/\/lequotidien.mr\/index.php?rest_route=\/wp\/v2\/users\/7"}],"replies":[{"embeddable":true,"href":"https:\/\/lequotidien.mr\/index.php?rest_route=%2Fwp%2Fv2%2Fcomments&post=35165"}],"version-history":[{"count":2,"href":"https:\/\/lequotidien.mr\/index.php?rest_route=\/wp\/v2\/posts\/35165\/revisions"}],"predecessor-version":[{"id":35170,"href":"https:\/\/lequotidien.mr\/index.php?rest_route=\/wp\/v2\/posts\/35165\/revisions\/35170"}],"wp:featuredmedia":[{"embeddable":true,"href":"https:\/\/lequotidien.mr\/index.php?rest_route=\/wp\/v2\/media\/35169"}],"wp:attachment":[{"href":"https:\/\/lequotidien.mr\/index.php?rest_route=%2Fwp%2Fv2%2Fmedia&parent=35165"}],"wp:term":[{"taxonomy":"category","embeddable":true,"href":"https:\/\/lequotidien.mr\/index.php?rest_route=%2Fwp%2Fv2%2Fcategories&post=35165"},{"taxonomy":"post_tag","embeddable":true,"href":"https:\/\/lequotidien.mr\/index.php?rest_route=%2Fwp%2Fv2%2Ftags&post=35165"}],"curies":[{"name":"wp","href":"https:\/\/api.w.org\/{rel}","templated":true}]}}