{"id":35105,"date":"2026-03-07T21:02:40","date_gmt":"2026-03-07T21:02:40","guid":{"rendered":"https:\/\/lequotidien.mr\/?p=35105"},"modified":"2026-03-07T21:02:40","modified_gmt":"2026-03-07T21:02:40","slug":"saison-touristique-2025-2026-en-mauritanie-un-dernier-vol-boucle-une-edition-record-a-atar","status":"publish","type":"post","link":"https:\/\/lequotidien.mr\/?p=35105&lang=fr","title":{"rendered":"Saison touristique 2025-2026 en Mauritanie : un dernier vol boucle une \u00e9dition record \u00e0 Atar"},"content":{"rendered":"<p>La ville d&#8217;Atar, capitale touristique de la Mauritanie, a v\u00e9cu un moment fort samedi avec l&#8217;arriv\u00e9e du douzi\u00e8me et dernier vol touristique en provenance de la France. Cet \u00e9v\u00e9nement marque la fin de la <strong>saison 2025-2026<\/strong>, une \u00e9dition qualifi\u00e9e de r\u00e9ussite sur tous les plans par les autorit\u00e9s r\u00e9gionales du tourisme.<\/p>\n<p>L&#8217;avion, qui a atterri \u00e0 l&#8217;a\u00e9roport d&#8217;Atar en d\u00e9but de journ\u00e9e, transportait 26 touristes venus profiter des derniers instants de la saison. Mais au-del\u00e0 de cette arriv\u00e9e, c&#8217;est surtout le d\u00e9part qui \u00e9tait attendu, marquant symboliquement la conclusion de ce cycle.<\/p>\n<p><strong>Un bilan salu\u00e9 par les acteurs du tourisme<\/strong><\/p>\n<p>Dans une d\u00e9claration faite sur le tarmac, le <strong>directeur r\u00e9gional de l\u2019Office national du tourisme<\/strong>,\u00a0<strong>M. Cheikh Melainine Cheikh Saad Bouh<\/strong>, a confirm\u00e9 que cette liaison avec Paris \u00e9tait bien la derni\u00e8re de la saison. Il a pr\u00e9cis\u00e9 que ce vol \u00e9tait programm\u00e9 pour assurer le retour des visiteurs, avec un nombre impressionnant de\u00a0<strong>113 touristes<\/strong>\u00a0\u00e0 son bord pour le trajet de retour vers la capitale fran\u00e7aise.<\/p>\n<p><img loading=\"lazy\" decoding=\"async\" class=\"alignnone size-medium wp-image-35107\" src=\"https:\/\/lequotidien.mr\/wp-content\/uploads\/2026\/03\/photo-tourisme-300x172.jpg\" alt=\"\" width=\"300\" height=\"172\" srcset=\"https:\/\/lequotidien.mr\/wp-content\/uploads\/2026\/03\/photo-tourisme-300x172.jpg 300w, https:\/\/lequotidien.mr\/wp-content\/uploads\/2026\/03\/photo-tourisme.jpg 750w\" sizes=\"auto, (max-width: 300px) 100vw, 300px\" \/><\/p>\n<p>Le responsable n&#8217;a pas cach\u00e9 sa satisfaction en dressant un premier bilan de la saison \u00e9coul\u00e9e. <em>&#8220;Cette saison touristique a \u00e9t\u00e9 un v\u00e9ritable succ\u00e8s&#8221;<\/em>, a-t-il affirm\u00e9, avant de d\u00e9tailler des chiffres cl\u00e9s qui t\u00e9moignent de la vitalit\u00e9 du secteur dans la r\u00e9gion de l&#8217;Adrar.<\/p>\n<p><strong>-Une affluence record :<\/strong>\u00a0Pas moins de\u00a0<strong>1 344 touristes<\/strong>\u00a0ont visit\u00e9 la r\u00e9gion de l&#8217;Adrar durant cette saison.<\/p>\n<p><strong>-Une diversit\u00e9 internationale :<\/strong>\u00a0Ces visiteurs provenaient de\u00a0<strong>19 nationalit\u00e9s<\/strong>\u00a0diff\u00e9rentes, confirmant l&#8217;attractivit\u00e9 mondiale des paysages mauritaniens.<\/p>\n<p><strong>-Des retomb\u00e9es \u00e9conomiques concr\u00e8tes :<\/strong>\u00a0Les sommes \u00e9chang\u00e9es \u00e0 l&#8217;a\u00e9roport d&#8217;Atar (bureaux de change, commerces locaux) ont atteint\u00a0<strong>43 000 euros<\/strong>\u00a0et\u00a0<strong>350 dollars<\/strong>, une manne financi\u00e8re non n\u00e9gligeable pour l&#8217;\u00e9conomie locale.<\/p>\n<p><strong>-Un taux de remplissage \u00e9lev\u00e9 :<\/strong>\u00a0M. Cheikh Melainine a soulign\u00e9 que le taux d&#8217;occupation des si\u00e8ges \u00e0 bord des vols avait d\u00e9pass\u00e9 les\u00a0<strong>75 %<\/strong>, un indicateur de performance majeur pour ce type de liaison.<\/p>\n<p>Il a \u00e9galement insist\u00e9 sur l&#8217;impact positif de cette saison sur <em>&#8220;les diff\u00e9rentes composantes de la soci\u00e9t\u00e9&#8221;<\/em>, sous-entendant que les retomb\u00e9es b\u00e9n\u00e9ficient aussi bien aux h\u00f4teliers, aux guides, aux artisans qu&#8217;aux transporteurs locaux.<\/p>\n<p><strong>Un accueil officiel pour un \u00e9v\u00e9nement marquant<\/strong><\/p>\n<p>Fid\u00e8le \u00e0 l&#8217;importance de l&#8217;\u00e9v\u00e9nement, le vol a \u00e9t\u00e9 accueilli par une d\u00e9l\u00e9gation compos\u00e9e de plusieurs personnalit\u00e9s et repr\u00e9sentants des autorit\u00e9s, illustrant la coordination entre les diff\u00e9rents services publics. \u00c9taient pr\u00e9sents \u00e0 la descente de l&#8217;avion : le d\u00e9l\u00e9gu\u00e9 r\u00e9gional de l\u2019Agence nationale de l\u2019aviation civile (ANAC) ; le vice-pr\u00e9sident de la f\u00e9d\u00e9ration r\u00e9gionale du tourisme ; le directeur r\u00e9gional de l\u2019Agence nationale du registre de la population et des documents s\u00e9curis\u00e9s (ANRPTS) ; ainsi que les autorit\u00e9s s\u00e9curitaires locales.<\/p>\n<p>Cette saison 2025-2026 s&#8217;ach\u00e8ve donc sur une note tr\u00e8s positive pour la destination Atar et ses tr\u00e9sors (d\u00e9serts, anciennes villes caravani\u00e8res comme Chinguetti et Ouadane), laissant pr\u00e9sager de belles perspectives pour la prochaine \u00e9dition.<\/p>\n","protected":false},"excerpt":{"rendered":"<p>La ville d&#8217;Atar, capitale touristique de la Mauritanie, a v\u00e9cu un moment fort samedi avec l&#8217;arriv\u00e9e du douzi\u00e8me et dernier vol touristique en provenance de la France. Cet \u00e9v\u00e9nement marque la fin de la saison 2025-2026, une \u00e9dition qualifi\u00e9e de r\u00e9ussite sur tous les plans par les autorit\u00e9s r\u00e9gionales du tourisme. L&#8217;avion, qui a atterri&#8230;..<\/p>\n","protected":false},"author":12,"featured_media":35106,"comment_status":"open","ping_status":"open","sticky":false,"template":"","format":"standard","meta":{"footnotes":""},"categories":[23,55],"tags":[],"class_list":["post-35105","post","type-post","status-publish","format-standard","has-post-thumbnail","hentry","category-actualite","category-culture"],"yoast_head":"<!-- This site is optimized with the Yoast SEO plugin v27.5 - https:\/\/yoast.com\/product\/yoast-seo-wordpress\/ -->\n<title>Saison touristique 2025-2026 en Mauritanie : un dernier vol boucle une \u00e9dition record \u00e0 Atar - Le Quotidien de Nouakchott<\/title>\n<meta name=\"robots\" content=\"index, follow, max-snippet:-1, max-image-preview:large, max-video-preview:-1\" \/>\n<link rel=\"canonical\" href=\"https:\/\/lequotidien.mr\/?p=35105&lang=fr\" \/>\n<meta property=\"og:locale\" content=\"ar_AR\" \/>\n<meta property=\"og:type\" content=\"article\" \/>\n<meta property=\"og:title\" content=\"Saison touristique 2025-2026 en Mauritanie : un dernier vol boucle une \u00e9dition record \u00e0 Atar - Le Quotidien de Nouakchott\" \/>\n<meta property=\"og:description\" content=\"La ville d&#8217;Atar, capitale touristique de la Mauritanie, a v\u00e9cu un moment fort samedi avec l&#8217;arriv\u00e9e du douzi\u00e8me et dernier vol touristique en provenance de la France. Cet \u00e9v\u00e9nement marque la fin de la saison 2025-2026, une \u00e9dition qualifi\u00e9e de r\u00e9ussite sur tous les plans par les autorit\u00e9s r\u00e9gionales du tourisme. L&#8217;avion, qui a atterri.....\" \/>\n<meta property=\"og:url\" content=\"https:\/\/lequotidien.mr\/?p=35105&amp;lang=fr\" \/>\n<meta property=\"og:site_name\" content=\"Le Quotidien de Nouakchott\" \/>\n<meta property=\"article:publisher\" content=\"https:\/\/web.facebook.com\/lequotidienmr\" \/>\n<meta property=\"article:published_time\" content=\"2026-03-07T21:02:40+00:00\" \/>\n<meta property=\"og:image\" content=\"https:\/\/lequotidien.mr\/wp-content\/uploads\/2026\/03\/tourisme-Adrar-2.jpg\" \/>\n\t<meta property=\"og:image:width\" content=\"640\" \/>\n\t<meta property=\"og:image:height\" content=\"376\" \/>\n\t<meta property=\"og:image:type\" content=\"image\/jpeg\" \/>\n<meta name=\"author\" content=\"Med Ahmed\" \/>\n<meta name=\"twitter:card\" content=\"summary_large_image\" \/>\n<meta name=\"twitter:creator\" content=\"@lequotidienmr\" \/>\n<meta name=\"twitter:site\" content=\"@lequotidienmr\" \/>\n<meta name=\"twitter:label1\" content=\"\u0643\u064f\u062a\u0628 \u0628\u0648\u0627\u0633\u0637\u0629\" \/>\n\t<meta name=\"twitter:data1\" content=\"Med Ahmed\" \/>\n\t<meta name=\"twitter:label2\" content=\"\u0648\u0642\u062a \u0627\u0644\u0642\u0631\u0627\u0621\u0629 \u0627\u0644\u0645\u064f\u0642\u062f\u0651\u0631\" \/>\n\t<meta name=\"twitter:data2\" content=\"4 \u062f\u0642\u0627\u0626\u0642\" \/>\n<script type=\"application\/ld+json\" class=\"yoast-schema-graph\">{\"@context\":\"https:\\\/\\\/schema.org\",\"@graph\":[{\"@type\":\"Article\",\"@id\":\"https:\\\/\\\/lequotidien.mr\\\/?p=35105&lang=fr#article\",\"isPartOf\":{\"@id\":\"https:\\\/\\\/lequotidien.mr\\\/?p=35105&lang=fr\"},\"author\":{\"name\":\"Med Ahmed\",\"@id\":\"https:\\\/\\\/lequotidien.mr\\\/#\\\/schema\\\/person\\\/d2d350202a4d599685ed8abc25f97596\"},\"headline\":\"Saison touristique 2025-2026 en Mauritanie : un dernier vol boucle une \u00e9dition record \u00e0 Atar\",\"datePublished\":\"2026-03-07T21:02:40+00:00\",\"mainEntityOfPage\":{\"@id\":\"https:\\\/\\\/lequotidien.mr\\\/?p=35105&lang=fr\"},\"wordCount\":554,\"commentCount\":0,\"publisher\":{\"@id\":\"https:\\\/\\\/lequotidien.mr\\\/#organization\"},\"image\":{\"@id\":\"https:\\\/\\\/lequotidien.mr\\\/?p=35105&lang=fr#primaryimage\"},\"thumbnailUrl\":\"https:\\\/\\\/lequotidien.mr\\\/wp-content\\\/uploads\\\/2026\\\/03\\\/tourisme-Adrar-2.jpg\",\"articleSection\":[\"ACTUALIT\u00c9\",\"Culture\"],\"inLanguage\":\"ar\",\"potentialAction\":[{\"@type\":\"CommentAction\",\"name\":\"Comment\",\"target\":[\"https:\\\/\\\/lequotidien.mr\\\/?p=35105&lang=fr#respond\"]}]},{\"@type\":\"WebPage\",\"@id\":\"https:\\\/\\\/lequotidien.mr\\\/?p=35105&lang=fr\",\"url\":\"https:\\\/\\\/lequotidien.mr\\\/?p=35105&lang=fr\",\"name\":\"Saison touristique 2025-2026 en Mauritanie : un dernier vol boucle une \u00e9dition record \u00e0 Atar - Le Quotidien de Nouakchott\",\"isPartOf\":{\"@id\":\"https:\\\/\\\/lequotidien.mr\\\/#website\"},\"primaryImageOfPage\":{\"@id\":\"https:\\\/\\\/lequotidien.mr\\\/?p=35105&lang=fr#primaryimage\"},\"image\":{\"@id\":\"https:\\\/\\\/lequotidien.mr\\\/?p=35105&lang=fr#primaryimage\"},\"thumbnailUrl\":\"https:\\\/\\\/lequotidien.mr\\\/wp-content\\\/uploads\\\/2026\\\/03\\\/tourisme-Adrar-2.jpg\",\"datePublished\":\"2026-03-07T21:02:40+00:00\",\"breadcrumb\":{\"@id\":\"https:\\\/\\\/lequotidien.mr\\\/?p=35105&lang=fr#breadcrumb\"},\"inLanguage\":\"ar\",\"potentialAction\":[{\"@type\":\"ReadAction\",\"target\":[\"https:\\\/\\\/lequotidien.mr\\\/?p=35105&lang=fr\"]}]},{\"@type\":\"ImageObject\",\"inLanguage\":\"ar\",\"@id\":\"https:\\\/\\\/lequotidien.mr\\\/?p=35105&lang=fr#primaryimage\",\"url\":\"https:\\\/\\\/lequotidien.mr\\\/wp-content\\\/uploads\\\/2026\\\/03\\\/tourisme-Adrar-2.jpg\",\"contentUrl\":\"https:\\\/\\\/lequotidien.mr\\\/wp-content\\\/uploads\\\/2026\\\/03\\\/tourisme-Adrar-2.jpg\",\"width\":640,\"height\":376},{\"@type\":\"BreadcrumbList\",\"@id\":\"https:\\\/\\\/lequotidien.mr\\\/?p=35105&lang=fr#breadcrumb\",\"itemListElement\":[{\"@type\":\"ListItem\",\"position\":1,\"name\":\"Home\",\"item\":\"https:\\\/\\\/lequotidien.mr\\\/\"},{\"@type\":\"ListItem\",\"position\":2,\"name\":\"Saison touristique 2025-2026 en Mauritanie : un dernier vol boucle une \u00e9dition record \u00e0 Atar\"}]},{\"@type\":\"WebSite\",\"@id\":\"https:\\\/\\\/lequotidien.mr\\\/#website\",\"url\":\"https:\\\/\\\/lequotidien.mr\\\/\",\"name\":\"Le Quotidien de Nouakchott\",\"description\":\"\u0625\u062e\u0628\u0627\u0631\u064a\u0629 \u0645\u0633\u062a\u0642\u0644\u0629 \u0644\u0644\u0623\u0646\u0628\u0627\u0621 \u0627\u0644\u0639\u0627\u0645\u0629\",\"publisher\":{\"@id\":\"https:\\\/\\\/lequotidien.mr\\\/#organization\"},\"potentialAction\":[{\"@type\":\"SearchAction\",\"target\":{\"@type\":\"EntryPoint\",\"urlTemplate\":\"https:\\\/\\\/lequotidien.mr\\\/?s={search_term_string}\"},\"query-input\":{\"@type\":\"PropertyValueSpecification\",\"valueRequired\":true,\"valueName\":\"search_term_string\"}}],\"inLanguage\":\"ar\"},{\"@type\":\"Organization\",\"@id\":\"https:\\\/\\\/lequotidien.mr\\\/#organization\",\"name\":\"Le Quotidien de Nouakchott\",\"url\":\"https:\\\/\\\/lequotidien.mr\\\/\",\"logo\":{\"@type\":\"ImageObject\",\"inLanguage\":\"ar\",\"@id\":\"https:\\\/\\\/lequotidien.mr\\\/#\\\/schema\\\/logo\\\/image\\\/\",\"url\":\"https:\\\/\\\/lequotidien.mr\\\/wp-content\\\/uploads\\\/2022\\\/11\\\/logolequotidien.jpg\",\"contentUrl\":\"https:\\\/\\\/lequotidien.mr\\\/wp-content\\\/uploads\\\/2022\\\/11\\\/logolequotidien.jpg\",\"width\":290,\"height\":65,\"caption\":\"Le Quotidien de Nouakchott\"},\"image\":{\"@id\":\"https:\\\/\\\/lequotidien.mr\\\/#\\\/schema\\\/logo\\\/image\\\/\"},\"sameAs\":[\"https:\\\/\\\/web.facebook.com\\\/lequotidienmr\",\"https:\\\/\\\/x.com\\\/lequotidienmr\"]},{\"@type\":\"Person\",\"@id\":\"https:\\\/\\\/lequotidien.mr\\\/#\\\/schema\\\/person\\\/d2d350202a4d599685ed8abc25f97596\",\"name\":\"Med Ahmed\",\"image\":{\"@type\":\"ImageObject\",\"inLanguage\":\"ar\",\"@id\":\"https:\\\/\\\/secure.gravatar.com\\\/avatar\\\/fd2acc62ed50732923d1d39c17172c9b04149f142be92310ecc69e1358f94b52?s=96&d=mm&r=g\",\"url\":\"https:\\\/\\\/secure.gravatar.com\\\/avatar\\\/fd2acc62ed50732923d1d39c17172c9b04149f142be92310ecc69e1358f94b52?s=96&d=mm&r=g\",\"contentUrl\":\"https:\\\/\\\/secure.gravatar.com\\\/avatar\\\/fd2acc62ed50732923d1d39c17172c9b04149f142be92310ecc69e1358f94b52?s=96&d=mm&r=g\",\"caption\":\"Med Ahmed\"},\"url\":\"https:\\\/\\\/lequotidien.mr\\\/?author=12\"}]}<\/script>\n<!-- \/ Yoast SEO plugin. -->","yoast_head_json":{"title":"Saison touristique 2025-2026 en Mauritanie : un dernier vol boucle une \u00e9dition record \u00e0 Atar - Le Quotidien de Nouakchott","robots":{"index":"index","follow":"follow","max-snippet":"max-snippet:-1","max-image-preview":"max-image-preview:large","max-video-preview":"max-video-preview:-1"},"canonical":"https:\/\/lequotidien.mr\/?p=35105&lang=fr","og_locale":"ar_AR","og_type":"article","og_title":"Saison touristique 2025-2026 en Mauritanie : un dernier vol boucle une \u00e9dition record \u00e0 Atar - Le Quotidien de Nouakchott","og_description":"La ville d&#8217;Atar, capitale touristique de la Mauritanie, a v\u00e9cu un moment fort samedi avec l&#8217;arriv\u00e9e du douzi\u00e8me et dernier vol touristique en provenance de la France. Cet \u00e9v\u00e9nement marque la fin de la saison 2025-2026, une \u00e9dition qualifi\u00e9e de r\u00e9ussite sur tous les plans par les autorit\u00e9s r\u00e9gionales du tourisme. L&#8217;avion, qui a atterri.....","og_url":"https:\/\/lequotidien.mr\/?p=35105&lang=fr","og_site_name":"Le Quotidien de Nouakchott","article_publisher":"https:\/\/web.facebook.com\/lequotidienmr","article_published_time":"2026-03-07T21:02:40+00:00","og_image":[{"width":640,"height":376,"url":"https:\/\/lequotidien.mr\/wp-content\/uploads\/2026\/03\/tourisme-Adrar-2.jpg","type":"image\/jpeg"}],"author":"Med Ahmed","twitter_card":"summary_large_image","twitter_creator":"@lequotidienmr","twitter_site":"@lequotidienmr","twitter_misc":{"\u0643\u064f\u062a\u0628 \u0628\u0648\u0627\u0633\u0637\u0629":"Med Ahmed","\u0648\u0642\u062a \u0627\u0644\u0642\u0631\u0627\u0621\u0629 \u0627\u0644\u0645\u064f\u0642\u062f\u0651\u0631":"4 \u062f\u0642\u0627\u0626\u0642"},"schema":{"@context":"https:\/\/schema.org","@graph":[{"@type":"Article","@id":"https:\/\/lequotidien.mr\/?p=35105&lang=fr#article","isPartOf":{"@id":"https:\/\/lequotidien.mr\/?p=35105&lang=fr"},"author":{"name":"Med Ahmed","@id":"https:\/\/lequotidien.mr\/#\/schema\/person\/d2d350202a4d599685ed8abc25f97596"},"headline":"Saison touristique 2025-2026 en Mauritanie : un dernier vol boucle une \u00e9dition record \u00e0 Atar","datePublished":"2026-03-07T21:02:40+00:00","mainEntityOfPage":{"@id":"https:\/\/lequotidien.mr\/?p=35105&lang=fr"},"wordCount":554,"commentCount":0,"publisher":{"@id":"https:\/\/lequotidien.mr\/#organization"},"image":{"@id":"https:\/\/lequotidien.mr\/?p=35105&lang=fr#primaryimage"},"thumbnailUrl":"https:\/\/lequotidien.mr\/wp-content\/uploads\/2026\/03\/tourisme-Adrar-2.jpg","articleSection":["ACTUALIT\u00c9","Culture"],"inLanguage":"ar","potentialAction":[{"@type":"CommentAction","name":"Comment","target":["https:\/\/lequotidien.mr\/?p=35105&lang=fr#respond"]}]},{"@type":"WebPage","@id":"https:\/\/lequotidien.mr\/?p=35105&lang=fr","url":"https:\/\/lequotidien.mr\/?p=35105&lang=fr","name":"Saison touristique 2025-2026 en Mauritanie : un dernier vol boucle une \u00e9dition record \u00e0 Atar - Le Quotidien de Nouakchott","isPartOf":{"@id":"https:\/\/lequotidien.mr\/#website"},"primaryImageOfPage":{"@id":"https:\/\/lequotidien.mr\/?p=35105&lang=fr#primaryimage"},"image":{"@id":"https:\/\/lequotidien.mr\/?p=35105&lang=fr#primaryimage"},"thumbnailUrl":"https:\/\/lequotidien.mr\/wp-content\/uploads\/2026\/03\/tourisme-Adrar-2.jpg","datePublished":"2026-03-07T21:02:40+00:00","breadcrumb":{"@id":"https:\/\/lequotidien.mr\/?p=35105&lang=fr#breadcrumb"},"inLanguage":"ar","potentialAction":[{"@type":"ReadAction","target":["https:\/\/lequotidien.mr\/?p=35105&lang=fr"]}]},{"@type":"ImageObject","inLanguage":"ar","@id":"https:\/\/lequotidien.mr\/?p=35105&lang=fr#primaryimage","url":"https:\/\/lequotidien.mr\/wp-content\/uploads\/2026\/03\/tourisme-Adrar-2.jpg","contentUrl":"https:\/\/lequotidien.mr\/wp-content\/uploads\/2026\/03\/tourisme-Adrar-2.jpg","width":640,"height":376},{"@type":"BreadcrumbList","@id":"https:\/\/lequotidien.mr\/?p=35105&lang=fr#breadcrumb","itemListElement":[{"@type":"ListItem","position":1,"name":"Home","item":"https:\/\/lequotidien.mr\/"},{"@type":"ListItem","position":2,"name":"Saison touristique 2025-2026 en Mauritanie : un dernier vol boucle une \u00e9dition record \u00e0 Atar"}]},{"@type":"WebSite","@id":"https:\/\/lequotidien.mr\/#website","url":"https:\/\/lequotidien.mr\/","name":"Le Quotidien de Nouakchott","description":"\u0625\u062e\u0628\u0627\u0631\u064a\u0629 \u0645\u0633\u062a\u0642\u0644\u0629 \u0644\u0644\u0623\u0646\u0628\u0627\u0621 \u0627\u0644\u0639\u0627\u0645\u0629","publisher":{"@id":"https:\/\/lequotidien.mr\/#organization"},"potentialAction":[{"@type":"SearchAction","target":{"@type":"EntryPoint","urlTemplate":"https:\/\/lequotidien.mr\/?s={search_term_string}"},"query-input":{"@type":"PropertyValueSpecification","valueRequired":true,"valueName":"search_term_string"}}],"inLanguage":"ar"},{"@type":"Organization","@id":"https:\/\/lequotidien.mr\/#organization","name":"Le Quotidien de Nouakchott","url":"https:\/\/lequotidien.mr\/","logo":{"@type":"ImageObject","inLanguage":"ar","@id":"https:\/\/lequotidien.mr\/#\/schema\/logo\/image\/","url":"https:\/\/lequotidien.mr\/wp-content\/uploads\/2022\/11\/logolequotidien.jpg","contentUrl":"https:\/\/lequotidien.mr\/wp-content\/uploads\/2022\/11\/logolequotidien.jpg","width":290,"height":65,"caption":"Le Quotidien de Nouakchott"},"image":{"@id":"https:\/\/lequotidien.mr\/#\/schema\/logo\/image\/"},"sameAs":["https:\/\/web.facebook.com\/lequotidienmr","https:\/\/x.com\/lequotidienmr"]},{"@type":"Person","@id":"https:\/\/lequotidien.mr\/#\/schema\/person\/d2d350202a4d599685ed8abc25f97596","name":"Med Ahmed","image":{"@type":"ImageObject","inLanguage":"ar","@id":"https:\/\/secure.gravatar.com\/avatar\/fd2acc62ed50732923d1d39c17172c9b04149f142be92310ecc69e1358f94b52?s=96&d=mm&r=g","url":"https:\/\/secure.gravatar.com\/avatar\/fd2acc62ed50732923d1d39c17172c9b04149f142be92310ecc69e1358f94b52?s=96&d=mm&r=g","contentUrl":"https:\/\/secure.gravatar.com\/avatar\/fd2acc62ed50732923d1d39c17172c9b04149f142be92310ecc69e1358f94b52?s=96&d=mm&r=g","caption":"Med Ahmed"},"url":"https:\/\/lequotidien.mr\/?author=12"}]}},"_links":{"self":[{"href":"https:\/\/lequotidien.mr\/index.php?rest_route=\/wp\/v2\/posts\/35105","targetHints":{"allow":["GET"]}}],"collection":[{"href":"https:\/\/lequotidien.mr\/index.php?rest_route=\/wp\/v2\/posts"}],"about":[{"href":"https:\/\/lequotidien.mr\/index.php?rest_route=\/wp\/v2\/types\/post"}],"author":[{"embeddable":true,"href":"https:\/\/lequotidien.mr\/index.php?rest_route=\/wp\/v2\/users\/12"}],"replies":[{"embeddable":true,"href":"https:\/\/lequotidien.mr\/index.php?rest_route=%2Fwp%2Fv2%2Fcomments&post=35105"}],"version-history":[{"count":1,"href":"https:\/\/lequotidien.mr\/index.php?rest_route=\/wp\/v2\/posts\/35105\/revisions"}],"predecessor-version":[{"id":35108,"href":"https:\/\/lequotidien.mr\/index.php?rest_route=\/wp\/v2\/posts\/35105\/revisions\/35108"}],"wp:featuredmedia":[{"embeddable":true,"href":"https:\/\/lequotidien.mr\/index.php?rest_route=\/wp\/v2\/media\/35106"}],"wp:attachment":[{"href":"https:\/\/lequotidien.mr\/index.php?rest_route=%2Fwp%2Fv2%2Fmedia&parent=35105"}],"wp:term":[{"taxonomy":"category","embeddable":true,"href":"https:\/\/lequotidien.mr\/index.php?rest_route=%2Fwp%2Fv2%2Fcategories&post=35105"},{"taxonomy":"post_tag","embeddable":true,"href":"https:\/\/lequotidien.mr\/index.php?rest_route=%2Fwp%2Fv2%2Ftags&post=35105"}],"curies":[{"name":"wp","href":"https:\/\/api.w.org\/{rel}","templated":true}]}}