{"id":3509,"date":"2023-01-21T10:29:39","date_gmt":"2023-01-21T10:29:39","guid":{"rendered":"https:\/\/lequotidien.mr\/?p=3509"},"modified":"2023-01-21T10:29:39","modified_gmt":"2023-01-21T10:29:39","slug":"le-president-de-la-republique-supervise-le-lancement-de-la-coupe-du-president-du-tir-a-la-cible-a-tichitt","status":"publish","type":"post","link":"https:\/\/lequotidien.mr\/?p=3509&lang=fr","title":{"rendered":"Le Pr\u00e9sident de la R\u00e9publique supervise le lancement de la Coupe du Pr\u00e9sident du tir \u00e0 la cible \u00e0 Tichitt"},"content":{"rendered":"<p>le Pr\u00e9sident de la R\u00e9publique, Monsieur Mohamed Ould Cheikh El Ghazouani, a supervis\u00e9, ce vendredi soir \u00e0 Tichitt, le lancement de la Coupe du Pr\u00e9sident de tir \u00e0 la cible, annuellement organis\u00e9e dans le cadre des activit\u00e9s du Festival des cit\u00e9s du patrimoine.<\/p>\n<p>Le prix de ce tournoi est de deux millions ouguiyas r\u00e9partis entre trois \u00e9quipes et le meilleur tireur, qui a marqu\u00e9 le plus de points, en plus de la distribution de coupes portant le nom du tournoi.<\/p>\n<p>Le patrimoine culturel a b\u00e9n\u00e9fici\u00e9 d\u2019une grande attention dans le programme du Pr\u00e9sident de la R\u00e9publique, qui a renforc\u00e9 l\u2019int\u00e9r\u00eat accord\u00e9 \u00e0 la patrie, pr\u00e9serv\u00e9 son identit\u00e9 et contribu\u00e9 \u00e0 l\u2019\u00e9ducation et \u00e0 l\u2019encrage des vertus, a affirm\u00e9 \u00e0 cette occasion, la Secr\u00e9taire g\u00e9n\u00e9rale du Minist\u00e8re de la Culture, de la Jeunesse, des Sports et des Relations avec le Parlement, Mme M\u2019A\u00efziza Mint Kourbaly ,<\/p>\n<p>Elle a mis en exergue les atouts du sport en g\u00e9n\u00e9ral et du tir \u00e0 la cible en particulier, pratiqu\u00e9 par l\u2019homme \u00e0 travers les temps, soulignant que cette discipline d\u00e9veloppe chez les hommes la culture de comp\u00e9tition positive, la patience et la pr\u00e9cision.<\/p>\n<p>Ce tournoi est organis\u00e9 par un comit\u00e9 provisoire dont des membres repr\u00e9sentant les trois minist\u00e8res de la D\u00e9fense, de l\u2019int\u00e9rieur et de la culture d\u2019une part, et des clubs de tir \u00e0 la<\/p>\n<p>cible d\u2019autre part, a d\u00e9clar\u00e9 de son c\u00f4t\u00e9 \u00e0 l\u2019AMI Dr Ely Ould Mahjoub, membre dudit comit\u00e9, pr\u00e9sid\u00e9 par la secr\u00e9taire g\u00e9n\u00e9rale du minist\u00e8re de la culture, de la jeunesse, des sports et des relations avec le parlement.<\/p>\n<p>Ce tournoi verra la participation d\u2019une trentaine d\u2019\u00e9quipes, compos\u00e9es de dix tireurs, soit la participation d\u2019au moins 300 tireurs venus \u00e0 Tichitt \u00e0 bord de 70 v\u00e9hicules environ, \u00e0 raison de deux voitures par \u00e9quipe, afin de participer \u00e0 cet \u00e9v\u00e9nement culturel le plus important \u00e0 travers le tir \u00e0 la cible, a-t-il ajout\u00e9.<\/p>\n<p>Le tournoi de Tichitt rev\u00eat un caract\u00e8re particulier, eu \u00e9gard \u00e0 son organisation dans cette cit\u00e9 o\u00f9 s\u2019est d\u00e9roul\u00e9e la bataille de 1912, au cours de laquelle l\u2019\u00e9mir Sid\u2019Ahmed Ould Ahmed A\u00efda fut captur\u00e9 et certains r\u00e9sistants avaient tomb\u00e9 en martyrs dans le combat, den d\u00e9fendant la terre et l\u2019honneur, a poursuit Ould Mahjoub, mettant en exergue la forte corr\u00e9lation entre la r\u00e9sistance et le tir \u00e0 la cible<\/p>\n<p>Des membres du gouvernement, des \u00e9lus, des cadres et des notables de la ville de Tichitt avaient assist\u00e9 \u00e0 cette c\u00e9r\u00e9monie.<\/p>\n","protected":false},"excerpt":{"rendered":"<p>le Pr\u00e9sident de la R\u00e9publique, Monsieur Mohamed Ould Cheikh El Ghazouani, a supervis\u00e9, ce vendredi soir \u00e0 Tichitt, le lancement de la Coupe du Pr\u00e9sident de tir \u00e0 la cible, annuellement organis\u00e9e dans le cadre des activit\u00e9s du Festival des cit\u00e9s du patrimoine. Le prix de ce tournoi est de deux millions ouguiyas r\u00e9partis entre&#8230;..<\/p>\n","protected":false},"author":3,"featured_media":3510,"comment_status":"open","ping_status":"open","sticky":false,"template":"","format":"standard","meta":{"footnotes":""},"categories":[23,55],"tags":[],"class_list":["post-3509","post","type-post","status-publish","format-standard","has-post-thumbnail","hentry","category-actualite","category-culture"],"yoast_head":"<!-- This site is optimized with the Yoast SEO plugin v27.5 - https:\/\/yoast.com\/product\/yoast-seo-wordpress\/ -->\n<title>Le Pr\u00e9sident de la R\u00e9publique supervise le lancement de la Coupe du Pr\u00e9sident du tir \u00e0 la cible \u00e0 Tichitt - Le Quotidien de Nouakchott<\/title>\n<meta name=\"robots\" content=\"index, follow, max-snippet:-1, max-image-preview:large, max-video-preview:-1\" \/>\n<link rel=\"canonical\" href=\"https:\/\/lequotidien.mr\/?p=3509&lang=fr\" \/>\n<meta property=\"og:locale\" content=\"ar_AR\" \/>\n<meta property=\"og:type\" content=\"article\" \/>\n<meta property=\"og:title\" content=\"Le Pr\u00e9sident de la R\u00e9publique supervise le lancement de la Coupe du Pr\u00e9sident du tir \u00e0 la cible \u00e0 Tichitt - Le Quotidien de Nouakchott\" \/>\n<meta property=\"og:description\" content=\"le Pr\u00e9sident de la R\u00e9publique, Monsieur Mohamed Ould Cheikh El Ghazouani, a supervis\u00e9, ce vendredi soir \u00e0 Tichitt, le lancement de la Coupe du Pr\u00e9sident de tir \u00e0 la cible, annuellement organis\u00e9e dans le cadre des activit\u00e9s du Festival des cit\u00e9s du patrimoine. Le prix de ce tournoi est de deux millions ouguiyas r\u00e9partis entre.....\" \/>\n<meta property=\"og:url\" content=\"https:\/\/lequotidien.mr\/?p=3509&amp;lang=fr\" \/>\n<meta property=\"og:site_name\" content=\"Le Quotidien de Nouakchott\" \/>\n<meta property=\"article:publisher\" content=\"https:\/\/web.facebook.com\/lequotidienmr\" \/>\n<meta property=\"article:author\" content=\"https:\/\/web.facebook.com\/a.mleiwih\" \/>\n<meta property=\"article:published_time\" content=\"2023-01-21T10:29:39+00:00\" \/>\n<meta property=\"og:image\" content=\"https:\/\/lequotidien.mr\/wp-content\/uploads\/2023\/01\/20-01-2023-s009-750x430-1.jpg\" \/>\n\t<meta property=\"og:image:width\" content=\"750\" \/>\n\t<meta property=\"og:image:height\" content=\"430\" \/>\n\t<meta property=\"og:image:type\" content=\"image\/jpeg\" \/>\n<meta name=\"author\" content=\"Alioun M&#039;leiwih\" \/>\n<meta name=\"twitter:card\" content=\"summary_large_image\" \/>\n<meta name=\"twitter:creator\" content=\"@lequotidienmr\" \/>\n<meta name=\"twitter:site\" content=\"@lequotidienmr\" \/>\n<meta name=\"twitter:label1\" content=\"\u0643\u064f\u062a\u0628 \u0628\u0648\u0627\u0633\u0637\u0629\" \/>\n\t<meta name=\"twitter:data1\" content=\"Alioun M&#039;leiwih\" \/>\n\t<meta name=\"twitter:label2\" content=\"\u0648\u0642\u062a \u0627\u0644\u0642\u0631\u0627\u0621\u0629 \u0627\u0644\u0645\u064f\u0642\u062f\u0651\u0631\" \/>\n\t<meta name=\"twitter:data2\" content=\"\u062f\u0642\u064a\u0642\u062a\u0627\u0646\" \/>\n<script type=\"application\/ld+json\" class=\"yoast-schema-graph\">{\"@context\":\"https:\\\/\\\/schema.org\",\"@graph\":[{\"@type\":\"Article\",\"@id\":\"https:\\\/\\\/lequotidien.mr\\\/?p=3509&lang=fr#article\",\"isPartOf\":{\"@id\":\"https:\\\/\\\/lequotidien.mr\\\/?p=3509&lang=fr\"},\"author\":{\"name\":\"Alioun M'leiwih\",\"@id\":\"https:\\\/\\\/lequotidien.mr\\\/#\\\/schema\\\/person\\\/69d1518c74c9137087929a20b1272cb0\"},\"headline\":\"Le Pr\u00e9sident de la R\u00e9publique supervise le lancement de la Coupe du Pr\u00e9sident du tir \u00e0 la cible \u00e0 Tichitt\",\"datePublished\":\"2023-01-21T10:29:39+00:00\",\"mainEntityOfPage\":{\"@id\":\"https:\\\/\\\/lequotidien.mr\\\/?p=3509&lang=fr\"},\"wordCount\":468,\"commentCount\":0,\"publisher\":{\"@id\":\"https:\\\/\\\/lequotidien.mr\\\/#organization\"},\"image\":{\"@id\":\"https:\\\/\\\/lequotidien.mr\\\/?p=3509&lang=fr#primaryimage\"},\"thumbnailUrl\":\"https:\\\/\\\/lequotidien.mr\\\/wp-content\\\/uploads\\\/2023\\\/01\\\/20-01-2023-s009-750x430-1.jpg\",\"articleSection\":[\"ACTUALIT\u00c9\",\"Culture\"],\"inLanguage\":\"ar\",\"potentialAction\":[{\"@type\":\"CommentAction\",\"name\":\"Comment\",\"target\":[\"https:\\\/\\\/lequotidien.mr\\\/?p=3509&lang=fr#respond\"]}]},{\"@type\":\"WebPage\",\"@id\":\"https:\\\/\\\/lequotidien.mr\\\/?p=3509&lang=fr\",\"url\":\"https:\\\/\\\/lequotidien.mr\\\/?p=3509&lang=fr\",\"name\":\"Le Pr\u00e9sident de la R\u00e9publique supervise le lancement de la Coupe du Pr\u00e9sident du tir \u00e0 la cible \u00e0 Tichitt - Le Quotidien de Nouakchott\",\"isPartOf\":{\"@id\":\"https:\\\/\\\/lequotidien.mr\\\/#website\"},\"primaryImageOfPage\":{\"@id\":\"https:\\\/\\\/lequotidien.mr\\\/?p=3509&lang=fr#primaryimage\"},\"image\":{\"@id\":\"https:\\\/\\\/lequotidien.mr\\\/?p=3509&lang=fr#primaryimage\"},\"thumbnailUrl\":\"https:\\\/\\\/lequotidien.mr\\\/wp-content\\\/uploads\\\/2023\\\/01\\\/20-01-2023-s009-750x430-1.jpg\",\"datePublished\":\"2023-01-21T10:29:39+00:00\",\"breadcrumb\":{\"@id\":\"https:\\\/\\\/lequotidien.mr\\\/?p=3509&lang=fr#breadcrumb\"},\"inLanguage\":\"ar\",\"potentialAction\":[{\"@type\":\"ReadAction\",\"target\":[\"https:\\\/\\\/lequotidien.mr\\\/?p=3509&lang=fr\"]}]},{\"@type\":\"ImageObject\",\"inLanguage\":\"ar\",\"@id\":\"https:\\\/\\\/lequotidien.mr\\\/?p=3509&lang=fr#primaryimage\",\"url\":\"https:\\\/\\\/lequotidien.mr\\\/wp-content\\\/uploads\\\/2023\\\/01\\\/20-01-2023-s009-750x430-1.jpg\",\"contentUrl\":\"https:\\\/\\\/lequotidien.mr\\\/wp-content\\\/uploads\\\/2023\\\/01\\\/20-01-2023-s009-750x430-1.jpg\",\"width\":750,\"height\":430},{\"@type\":\"BreadcrumbList\",\"@id\":\"https:\\\/\\\/lequotidien.mr\\\/?p=3509&lang=fr#breadcrumb\",\"itemListElement\":[{\"@type\":\"ListItem\",\"position\":1,\"name\":\"Home\",\"item\":\"https:\\\/\\\/lequotidien.mr\\\/\"},{\"@type\":\"ListItem\",\"position\":2,\"name\":\"Le Pr\u00e9sident de la R\u00e9publique supervise le lancement de la Coupe du Pr\u00e9sident du tir \u00e0 la cible \u00e0 Tichitt\"}]},{\"@type\":\"WebSite\",\"@id\":\"https:\\\/\\\/lequotidien.mr\\\/#website\",\"url\":\"https:\\\/\\\/lequotidien.mr\\\/\",\"name\":\"Le Quotidien de Nouakchott\",\"description\":\"\u0625\u062e\u0628\u0627\u0631\u064a\u0629 \u0645\u0633\u062a\u0642\u0644\u0629 \u0644\u0644\u0623\u0646\u0628\u0627\u0621 \u0627\u0644\u0639\u0627\u0645\u0629\",\"publisher\":{\"@id\":\"https:\\\/\\\/lequotidien.mr\\\/#organization\"},\"potentialAction\":[{\"@type\":\"SearchAction\",\"target\":{\"@type\":\"EntryPoint\",\"urlTemplate\":\"https:\\\/\\\/lequotidien.mr\\\/?s={search_term_string}\"},\"query-input\":{\"@type\":\"PropertyValueSpecification\",\"valueRequired\":true,\"valueName\":\"search_term_string\"}}],\"inLanguage\":\"ar\"},{\"@type\":\"Organization\",\"@id\":\"https:\\\/\\\/lequotidien.mr\\\/#organization\",\"name\":\"Le Quotidien de Nouakchott\",\"url\":\"https:\\\/\\\/lequotidien.mr\\\/\",\"logo\":{\"@type\":\"ImageObject\",\"inLanguage\":\"ar\",\"@id\":\"https:\\\/\\\/lequotidien.mr\\\/#\\\/schema\\\/logo\\\/image\\\/\",\"url\":\"https:\\\/\\\/lequotidien.mr\\\/wp-content\\\/uploads\\\/2022\\\/11\\\/logolequotidien.jpg\",\"contentUrl\":\"https:\\\/\\\/lequotidien.mr\\\/wp-content\\\/uploads\\\/2022\\\/11\\\/logolequotidien.jpg\",\"width\":290,\"height\":65,\"caption\":\"Le Quotidien de Nouakchott\"},\"image\":{\"@id\":\"https:\\\/\\\/lequotidien.mr\\\/#\\\/schema\\\/logo\\\/image\\\/\"},\"sameAs\":[\"https:\\\/\\\/web.facebook.com\\\/lequotidienmr\",\"https:\\\/\\\/x.com\\\/lequotidienmr\"]},{\"@type\":\"Person\",\"@id\":\"https:\\\/\\\/lequotidien.mr\\\/#\\\/schema\\\/person\\\/69d1518c74c9137087929a20b1272cb0\",\"name\":\"Alioun M'leiwih\",\"image\":{\"@type\":\"ImageObject\",\"inLanguage\":\"ar\",\"@id\":\"https:\\\/\\\/secure.gravatar.com\\\/avatar\\\/01f9d357222d7d4ca8f71662f4b081718f06d25b11fc45662ecca0622d507e51?s=96&d=mm&r=g\",\"url\":\"https:\\\/\\\/secure.gravatar.com\\\/avatar\\\/01f9d357222d7d4ca8f71662f4b081718f06d25b11fc45662ecca0622d507e51?s=96&d=mm&r=g\",\"contentUrl\":\"https:\\\/\\\/secure.gravatar.com\\\/avatar\\\/01f9d357222d7d4ca8f71662f4b081718f06d25b11fc45662ecca0622d507e51?s=96&d=mm&r=g\",\"caption\":\"Alioun M'leiwih\"},\"sameAs\":[\"https:\\\/\\\/lequotidien.mr\\\/\",\"https:\\\/\\\/web.facebook.com\\\/a.mleiwih\",\"https:\\\/\\\/www.linkedin.com\\\/in\\\/alimlewih\\\/\"],\"url\":\"https:\\\/\\\/lequotidien.mr\\\/?author=3\"}]}<\/script>\n<!-- \/ Yoast SEO plugin. -->","yoast_head_json":{"title":"Le Pr\u00e9sident de la R\u00e9publique supervise le lancement de la Coupe du Pr\u00e9sident du tir \u00e0 la cible \u00e0 Tichitt - Le Quotidien de Nouakchott","robots":{"index":"index","follow":"follow","max-snippet":"max-snippet:-1","max-image-preview":"max-image-preview:large","max-video-preview":"max-video-preview:-1"},"canonical":"https:\/\/lequotidien.mr\/?p=3509&lang=fr","og_locale":"ar_AR","og_type":"article","og_title":"Le Pr\u00e9sident de la R\u00e9publique supervise le lancement de la Coupe du Pr\u00e9sident du tir \u00e0 la cible \u00e0 Tichitt - Le Quotidien de Nouakchott","og_description":"le Pr\u00e9sident de la R\u00e9publique, Monsieur Mohamed Ould Cheikh El Ghazouani, a supervis\u00e9, ce vendredi soir \u00e0 Tichitt, le lancement de la Coupe du Pr\u00e9sident de tir \u00e0 la cible, annuellement organis\u00e9e dans le cadre des activit\u00e9s du Festival des cit\u00e9s du patrimoine. Le prix de ce tournoi est de deux millions ouguiyas r\u00e9partis entre.....","og_url":"https:\/\/lequotidien.mr\/?p=3509&lang=fr","og_site_name":"Le Quotidien de Nouakchott","article_publisher":"https:\/\/web.facebook.com\/lequotidienmr","article_author":"https:\/\/web.facebook.com\/a.mleiwih","article_published_time":"2023-01-21T10:29:39+00:00","og_image":[{"width":750,"height":430,"url":"https:\/\/lequotidien.mr\/wp-content\/uploads\/2023\/01\/20-01-2023-s009-750x430-1.jpg","type":"image\/jpeg"}],"author":"Alioun M'leiwih","twitter_card":"summary_large_image","twitter_creator":"@lequotidienmr","twitter_site":"@lequotidienmr","twitter_misc":{"\u0643\u064f\u062a\u0628 \u0628\u0648\u0627\u0633\u0637\u0629":"Alioun M'leiwih","\u0648\u0642\u062a \u0627\u0644\u0642\u0631\u0627\u0621\u0629 \u0627\u0644\u0645\u064f\u0642\u062f\u0651\u0631":"\u062f\u0642\u064a\u0642\u062a\u0627\u0646"},"schema":{"@context":"https:\/\/schema.org","@graph":[{"@type":"Article","@id":"https:\/\/lequotidien.mr\/?p=3509&lang=fr#article","isPartOf":{"@id":"https:\/\/lequotidien.mr\/?p=3509&lang=fr"},"author":{"name":"Alioun M'leiwih","@id":"https:\/\/lequotidien.mr\/#\/schema\/person\/69d1518c74c9137087929a20b1272cb0"},"headline":"Le Pr\u00e9sident de la R\u00e9publique supervise le lancement de la Coupe du Pr\u00e9sident du tir \u00e0 la cible \u00e0 Tichitt","datePublished":"2023-01-21T10:29:39+00:00","mainEntityOfPage":{"@id":"https:\/\/lequotidien.mr\/?p=3509&lang=fr"},"wordCount":468,"commentCount":0,"publisher":{"@id":"https:\/\/lequotidien.mr\/#organization"},"image":{"@id":"https:\/\/lequotidien.mr\/?p=3509&lang=fr#primaryimage"},"thumbnailUrl":"https:\/\/lequotidien.mr\/wp-content\/uploads\/2023\/01\/20-01-2023-s009-750x430-1.jpg","articleSection":["ACTUALIT\u00c9","Culture"],"inLanguage":"ar","potentialAction":[{"@type":"CommentAction","name":"Comment","target":["https:\/\/lequotidien.mr\/?p=3509&lang=fr#respond"]}]},{"@type":"WebPage","@id":"https:\/\/lequotidien.mr\/?p=3509&lang=fr","url":"https:\/\/lequotidien.mr\/?p=3509&lang=fr","name":"Le Pr\u00e9sident de la R\u00e9publique supervise le lancement de la Coupe du Pr\u00e9sident du tir \u00e0 la cible \u00e0 Tichitt - Le Quotidien de Nouakchott","isPartOf":{"@id":"https:\/\/lequotidien.mr\/#website"},"primaryImageOfPage":{"@id":"https:\/\/lequotidien.mr\/?p=3509&lang=fr#primaryimage"},"image":{"@id":"https:\/\/lequotidien.mr\/?p=3509&lang=fr#primaryimage"},"thumbnailUrl":"https:\/\/lequotidien.mr\/wp-content\/uploads\/2023\/01\/20-01-2023-s009-750x430-1.jpg","datePublished":"2023-01-21T10:29:39+00:00","breadcrumb":{"@id":"https:\/\/lequotidien.mr\/?p=3509&lang=fr#breadcrumb"},"inLanguage":"ar","potentialAction":[{"@type":"ReadAction","target":["https:\/\/lequotidien.mr\/?p=3509&lang=fr"]}]},{"@type":"ImageObject","inLanguage":"ar","@id":"https:\/\/lequotidien.mr\/?p=3509&lang=fr#primaryimage","url":"https:\/\/lequotidien.mr\/wp-content\/uploads\/2023\/01\/20-01-2023-s009-750x430-1.jpg","contentUrl":"https:\/\/lequotidien.mr\/wp-content\/uploads\/2023\/01\/20-01-2023-s009-750x430-1.jpg","width":750,"height":430},{"@type":"BreadcrumbList","@id":"https:\/\/lequotidien.mr\/?p=3509&lang=fr#breadcrumb","itemListElement":[{"@type":"ListItem","position":1,"name":"Home","item":"https:\/\/lequotidien.mr\/"},{"@type":"ListItem","position":2,"name":"Le Pr\u00e9sident de la R\u00e9publique supervise le lancement de la Coupe du Pr\u00e9sident du tir \u00e0 la cible \u00e0 Tichitt"}]},{"@type":"WebSite","@id":"https:\/\/lequotidien.mr\/#website","url":"https:\/\/lequotidien.mr\/","name":"Le Quotidien de Nouakchott","description":"\u0625\u062e\u0628\u0627\u0631\u064a\u0629 \u0645\u0633\u062a\u0642\u0644\u0629 \u0644\u0644\u0623\u0646\u0628\u0627\u0621 \u0627\u0644\u0639\u0627\u0645\u0629","publisher":{"@id":"https:\/\/lequotidien.mr\/#organization"},"potentialAction":[{"@type":"SearchAction","target":{"@type":"EntryPoint","urlTemplate":"https:\/\/lequotidien.mr\/?s={search_term_string}"},"query-input":{"@type":"PropertyValueSpecification","valueRequired":true,"valueName":"search_term_string"}}],"inLanguage":"ar"},{"@type":"Organization","@id":"https:\/\/lequotidien.mr\/#organization","name":"Le Quotidien de Nouakchott","url":"https:\/\/lequotidien.mr\/","logo":{"@type":"ImageObject","inLanguage":"ar","@id":"https:\/\/lequotidien.mr\/#\/schema\/logo\/image\/","url":"https:\/\/lequotidien.mr\/wp-content\/uploads\/2022\/11\/logolequotidien.jpg","contentUrl":"https:\/\/lequotidien.mr\/wp-content\/uploads\/2022\/11\/logolequotidien.jpg","width":290,"height":65,"caption":"Le Quotidien de Nouakchott"},"image":{"@id":"https:\/\/lequotidien.mr\/#\/schema\/logo\/image\/"},"sameAs":["https:\/\/web.facebook.com\/lequotidienmr","https:\/\/x.com\/lequotidienmr"]},{"@type":"Person","@id":"https:\/\/lequotidien.mr\/#\/schema\/person\/69d1518c74c9137087929a20b1272cb0","name":"Alioun M'leiwih","image":{"@type":"ImageObject","inLanguage":"ar","@id":"https:\/\/secure.gravatar.com\/avatar\/01f9d357222d7d4ca8f71662f4b081718f06d25b11fc45662ecca0622d507e51?s=96&d=mm&r=g","url":"https:\/\/secure.gravatar.com\/avatar\/01f9d357222d7d4ca8f71662f4b081718f06d25b11fc45662ecca0622d507e51?s=96&d=mm&r=g","contentUrl":"https:\/\/secure.gravatar.com\/avatar\/01f9d357222d7d4ca8f71662f4b081718f06d25b11fc45662ecca0622d507e51?s=96&d=mm&r=g","caption":"Alioun M'leiwih"},"sameAs":["https:\/\/lequotidien.mr\/","https:\/\/web.facebook.com\/a.mleiwih","https:\/\/www.linkedin.com\/in\/alimlewih\/"],"url":"https:\/\/lequotidien.mr\/?author=3"}]}},"_links":{"self":[{"href":"https:\/\/lequotidien.mr\/index.php?rest_route=\/wp\/v2\/posts\/3509","targetHints":{"allow":["GET"]}}],"collection":[{"href":"https:\/\/lequotidien.mr\/index.php?rest_route=\/wp\/v2\/posts"}],"about":[{"href":"https:\/\/lequotidien.mr\/index.php?rest_route=\/wp\/v2\/types\/post"}],"author":[{"embeddable":true,"href":"https:\/\/lequotidien.mr\/index.php?rest_route=\/wp\/v2\/users\/3"}],"replies":[{"embeddable":true,"href":"https:\/\/lequotidien.mr\/index.php?rest_route=%2Fwp%2Fv2%2Fcomments&post=3509"}],"version-history":[{"count":1,"href":"https:\/\/lequotidien.mr\/index.php?rest_route=\/wp\/v2\/posts\/3509\/revisions"}],"predecessor-version":[{"id":3511,"href":"https:\/\/lequotidien.mr\/index.php?rest_route=\/wp\/v2\/posts\/3509\/revisions\/3511"}],"wp:featuredmedia":[{"embeddable":true,"href":"https:\/\/lequotidien.mr\/index.php?rest_route=\/wp\/v2\/media\/3510"}],"wp:attachment":[{"href":"https:\/\/lequotidien.mr\/index.php?rest_route=%2Fwp%2Fv2%2Fmedia&parent=3509"}],"wp:term":[{"taxonomy":"category","embeddable":true,"href":"https:\/\/lequotidien.mr\/index.php?rest_route=%2Fwp%2Fv2%2Fcategories&post=3509"},{"taxonomy":"post_tag","embeddable":true,"href":"https:\/\/lequotidien.mr\/index.php?rest_route=%2Fwp%2Fv2%2Ftags&post=3509"}],"curies":[{"name":"wp","href":"https:\/\/api.w.org\/{rel}","templated":true}]}}