{"id":35083,"date":"2026-03-06T23:53:08","date_gmt":"2026-03-06T23:53:08","guid":{"rendered":"https:\/\/lequotidien.mr\/?p=35083"},"modified":"2026-03-06T23:53:08","modified_gmt":"2026-03-06T23:53:08","slug":"lenseignant-est-la-colonne-vertebrale-de-la-nation-le-president-el-ghazouani-reaffirme-son-engagement-pour-lecole-republicaine-et-lamelioration-des-condition","status":"publish","type":"post","link":"https:\/\/lequotidien.mr\/?p=35083&lang=fr","title":{"rendered":"\u00ab L\u2019enseignant est la colonne vert\u00e9brale de la nation \u00bb : Le Pr\u00e9sident El Ghazouani r\u00e9affirme son engagement pour l\u2019\u00e9cole r\u00e9publicaine et l\u2019am\u00e9lioration des conditions des enseignants"},"content":{"rendered":"<p><strong>Le <\/strong><strong>Pr\u00e9sident de la R\u00e9publique, M. Mohamed Cheikh El Ghazouani<\/strong><strong>, a r\u00e9affirm\u00e9 son engagement ferme \u00e0 poursuivre la consolidation de l\u2019\u00e9cole r\u00e9publicaine et le d\u00e9veloppement du syst\u00e8me \u00e9ducatif mauritanien.<\/strong>\u00a0C\u2019\u00e9tait lors d\u2019une c\u00e9r\u00e9monie d\u2019iftar organis\u00e9e jeudi soir \u00e0 Nouakchott en l\u2019honneur d\u2019un groupe de membres de la famille \u00e9ducative. Cette rencontre, empreinte de convivialit\u00e9, a \u00e9t\u00e9 l\u2019occasion pour le Chef de l\u2019\u00c9tat de saluer le corps enseignant et de r\u00e9it\u00e9rer sa vision d\u2019une \u00e9ducation \u00e9quitable et de qualit\u00e9, pilier fondamental pour l\u2019avenir du pays.<\/p>\n<p><strong>Les enseignants : \u00ab la colonne vert\u00e9brale \u00bb du secteur \u00e9ducatif<\/strong><\/p>\n<p>Dans son allocution, le Pr\u00e9sident de la R\u00e9publique a tenu \u00e0 f\u00e9liciter chaleureusement les enseignants, qu\u2019il a qualifi\u00e9s de\u00a0<strong><em>\u00ab colonne vert\u00e9brale du secteur de l\u2019\u00e9ducation \u00bb<\/em><\/strong>. Il a soulign\u00e9 le poids de la responsabilit\u00e9 qui p\u00e8se sur leurs \u00e9paules dans la construction du pr\u00e9sent et de l\u2019avenir de la Mauritanie.<\/p>\n<p>Sa pr\u00e9sence \u00e0 leurs c\u00f4t\u00e9s lors de ce moment de rupture du je\u00fbne n\u2019\u00e9tait pas anodine. Selon lui, elle refl\u00e8te <em>\u00ab le grand int\u00e9r\u00eat qu\u2019il porte au secteur de l\u2019\u00e9ducation et son appr\u00e9ciation des efforts d\u00e9ploy\u00e9s par les professeurs et les instituteurs dans l\u2019\u00e9ducation des g\u00e9n\u00e9rations \u00bb.<\/em><\/p>\n<p><strong>Le projet d\u2019\u00e9cole r\u00e9publicaine au c\u0153ur de la strat\u00e9gie nationale<\/strong><\/p>\n<p>M. Mohamed Cheikh El Ghazouani a rappel\u00e9 que la construction d\u2019un avenir prosp\u00e8re commence \u00e0 l\u2019\u00e9cole. Dans cette optique, il a mis en avant le projet phare de son mandat : <strong>l\u2019\u00e9cole r\u00e9publicaine<\/strong>.<\/p>\n<p>Ce projet ambitieux vise plusieurs objectifs fondamentaux :<\/p>\n<p><strong>-Garantir l\u2019\u00e9quit\u00e9<\/strong>\u00a0: Assurer l\u2019acc\u00e8s de tous les citoyens \u00e0 l\u2019\u00e9ducation dans des conditions justes et \u00e9gales\u00a0;<\/p>\n<p><strong>-Consolider la citoyennet\u00e9<\/strong>\u00a0: Renforcer les valeurs communes et la coh\u00e9sion sociale d\u00e8s le plus jeune \u00e2ge\u00a0;<\/p>\n<p><strong>-Moderniser les infrastructures<\/strong>\u00a0: Poursuivre l\u2019extension et l\u2019am\u00e9lioration des \u00e9tablissements scolaires\u00a0;<\/p>\n<p><strong>-Adapter les programmes<\/strong>\u00a0: R\u00e9viser en profondeur les curricula et les approches p\u00e9dagogiques pour r\u00e9pondre aux besoins actuels.<\/p>\n<p><strong>L\u2019am\u00e9lioration des conditions de vie et de travail des enseignants, une priorit\u00e9<\/strong><\/p>\n<p>Conscient des d\u00e9fis quotidiens rencontr\u00e9s par le personnel enseignant, le Pr\u00e9sident de la R\u00e9publique a fait part de sa\u00a0<strong><em>\u00ab compr\u00e9hension des conditions des enseignants \u00bb<\/em><\/strong>\u00a0et de l\u2019importance cruciale d\u2019am\u00e9liorer leurs situations professionnelle et personnelle.<\/p>\n<p>Il a affirm\u00e9 que le gouvernement suit ces questions de pr\u00e8s et s\u2019efforce de les r\u00e9soudre progressivement. Dans une annonce forte, il a d\u00e9clar\u00e9 avoir donn\u00e9 des instructions pour\u00a0<strong>\u00ab allouer une partie consid\u00e9rable de tout exc\u00e9dent budg\u00e9taire \u00e0 l\u2019am\u00e9lioration des conditions des fonctionnaires en g\u00e9n\u00e9ral, et des fonctionnaires du secteur de l\u2019\u00e9ducation en particulier, notamment les professeurs et les instituteurs \u00bb.<\/strong><\/p>\n<p><em>\u00ab L\u2019enseignant est la pierre angulaire de toute r\u00e9forme \u00e9ducative \u00bb<\/em>, a-t-il insist\u00e9, rappelant que sans des ma\u00eetres comp\u00e9tents, d\u00e9vou\u00e9s et en nombre suffisant, les investissements mat\u00e9riels et les r\u00e9formes p\u00e9dagogiques n\u2019atteindront pas leurs objectifs.<\/p>\n<p><strong>Un appel \u00e0 la reconnaissance soci\u00e9tale et \u00e0 la mobilisation<\/strong><\/p>\n<p>Au-del\u00e0 des aspects mat\u00e9riels, le Chef de l\u2019\u00c9tat a lanc\u00e9 un appel solennel \u00e0 la soci\u00e9t\u00e9 mauritanienne pour qu\u2019elle prenne conscience de la <em>\u00ab valeur morale de l\u2019enseignant \u00bb<\/em> et lui accorde la place qu\u2019il m\u00e9rite.<\/p>\n<p>Il a exhort\u00e9 le personnel \u00e9ducatif \u00e0 poursuivre sa mission avec diligence et sinc\u00e9rit\u00e9, tout en r\u00e9affirmant la d\u00e9termination de l\u2019\u00c9tat \u00e0 poursuivre les efforts pour consolider l\u2019\u00e9cole r\u00e9publicaine, d\u00e9velopper le syst\u00e8me \u00e9ducatif et valoriser ses travailleurs.<\/p>\n<p>Cette rencontre, au-del\u00e0 du symbole du partage, aura donc servi de plateforme pour r\u00e9affirmer une feuille de route claire : placer l\u2019\u00e9ducation au sommet des priorit\u00e9s nationales, en faisant des enseignants les v\u00e9ritables partenaires de cette transformation.<\/p>\n","protected":false},"excerpt":{"rendered":"<p>Le Pr\u00e9sident de la R\u00e9publique, M. Mohamed Cheikh El Ghazouani, a r\u00e9affirm\u00e9 son engagement ferme \u00e0 poursuivre la consolidation de l\u2019\u00e9cole r\u00e9publicaine et le d\u00e9veloppement du syst\u00e8me \u00e9ducatif mauritanien.\u00a0C\u2019\u00e9tait lors d\u2019une c\u00e9r\u00e9monie d\u2019iftar organis\u00e9e jeudi soir \u00e0 Nouakchott en l\u2019honneur d\u2019un groupe de membres de la famille \u00e9ducative. Cette rencontre, empreinte de convivialit\u00e9, a \u00e9t\u00e9&#8230;..<\/p>\n","protected":false},"author":12,"featured_media":35084,"comment_status":"open","ping_status":"open","sticky":false,"template":"","format":"standard","meta":{"footnotes":""},"categories":[23,55],"tags":[],"class_list":["post-35083","post","type-post","status-publish","format-standard","has-post-thumbnail","hentry","category-actualite","category-culture"],"yoast_head":"<!-- This site is optimized with the Yoast SEO plugin v27.5 - https:\/\/yoast.com\/product\/yoast-seo-wordpress\/ -->\n<title>\u00ab L\u2019enseignant est la colonne vert\u00e9brale de la nation \u00bb : Le Pr\u00e9sident El Ghazouani r\u00e9affirme son engagement pour l\u2019\u00e9cole r\u00e9publicaine et l\u2019am\u00e9lioration des conditions des enseignants - Le Quotidien de Nouakchott<\/title>\n<meta name=\"robots\" content=\"index, follow, max-snippet:-1, max-image-preview:large, max-video-preview:-1\" \/>\n<link rel=\"canonical\" href=\"https:\/\/lequotidien.mr\/?p=35083&lang=fr\" \/>\n<meta property=\"og:locale\" content=\"ar_AR\" \/>\n<meta property=\"og:type\" content=\"article\" \/>\n<meta property=\"og:title\" content=\"\u00ab L\u2019enseignant est la colonne vert\u00e9brale de la nation \u00bb : Le Pr\u00e9sident El Ghazouani r\u00e9affirme son engagement pour l\u2019\u00e9cole r\u00e9publicaine et l\u2019am\u00e9lioration des conditions des enseignants - Le Quotidien de Nouakchott\" \/>\n<meta property=\"og:description\" content=\"Le Pr\u00e9sident de la R\u00e9publique, M. Mohamed Cheikh El Ghazouani, a r\u00e9affirm\u00e9 son engagement ferme \u00e0 poursuivre la consolidation de l\u2019\u00e9cole r\u00e9publicaine et le d\u00e9veloppement du syst\u00e8me \u00e9ducatif mauritanien.\u00a0C\u2019\u00e9tait lors d\u2019une c\u00e9r\u00e9monie d\u2019iftar organis\u00e9e jeudi soir \u00e0 Nouakchott en l\u2019honneur d\u2019un groupe de membres de la famille \u00e9ducative. Cette rencontre, empreinte de convivialit\u00e9, a \u00e9t\u00e9.....\" \/>\n<meta property=\"og:url\" content=\"https:\/\/lequotidien.mr\/?p=35083&amp;lang=fr\" \/>\n<meta property=\"og:site_name\" content=\"Le Quotidien de Nouakchott\" \/>\n<meta property=\"article:publisher\" content=\"https:\/\/web.facebook.com\/lequotidienmr\" \/>\n<meta property=\"article:published_time\" content=\"2026-03-06T23:53:08+00:00\" \/>\n<meta property=\"og:image\" content=\"https:\/\/lequotidien.mr\/wp-content\/uploads\/2026\/03\/photo-Pdt-Iftar.jpg\" \/>\n\t<meta property=\"og:image:width\" content=\"750\" \/>\n\t<meta property=\"og:image:height\" content=\"430\" \/>\n\t<meta property=\"og:image:type\" content=\"image\/jpeg\" \/>\n<meta name=\"author\" content=\"Med Ahmed\" \/>\n<meta name=\"twitter:card\" content=\"summary_large_image\" \/>\n<meta name=\"twitter:creator\" content=\"@lequotidienmr\" \/>\n<meta name=\"twitter:site\" content=\"@lequotidienmr\" \/>\n<meta name=\"twitter:label1\" content=\"\u0643\u064f\u062a\u0628 \u0628\u0648\u0627\u0633\u0637\u0629\" \/>\n\t<meta name=\"twitter:data1\" content=\"Med Ahmed\" \/>\n\t<meta name=\"twitter:label2\" content=\"\u0648\u0642\u062a \u0627\u0644\u0642\u0631\u0627\u0621\u0629 \u0627\u0644\u0645\u064f\u0642\u062f\u0651\u0631\" \/>\n\t<meta name=\"twitter:data2\" content=\"5 \u062f\u0642\u0627\u0626\u0642\" \/>\n<script type=\"application\/ld+json\" class=\"yoast-schema-graph\">{\"@context\":\"https:\\\/\\\/schema.org\",\"@graph\":[{\"@type\":\"Article\",\"@id\":\"https:\\\/\\\/lequotidien.mr\\\/?p=35083&lang=fr#article\",\"isPartOf\":{\"@id\":\"https:\\\/\\\/lequotidien.mr\\\/?p=35083&lang=fr\"},\"author\":{\"name\":\"Med Ahmed\",\"@id\":\"https:\\\/\\\/lequotidien.mr\\\/#\\\/schema\\\/person\\\/d2d350202a4d599685ed8abc25f97596\"},\"headline\":\"\u00ab L\u2019enseignant est la colonne vert\u00e9brale de la nation \u00bb : Le Pr\u00e9sident El Ghazouani r\u00e9affirme son engagement pour l\u2019\u00e9cole r\u00e9publicaine et l\u2019am\u00e9lioration des conditions des enseignants\",\"datePublished\":\"2026-03-06T23:53:08+00:00\",\"mainEntityOfPage\":{\"@id\":\"https:\\\/\\\/lequotidien.mr\\\/?p=35083&lang=fr\"},\"wordCount\":691,\"commentCount\":0,\"publisher\":{\"@id\":\"https:\\\/\\\/lequotidien.mr\\\/#organization\"},\"image\":{\"@id\":\"https:\\\/\\\/lequotidien.mr\\\/?p=35083&lang=fr#primaryimage\"},\"thumbnailUrl\":\"https:\\\/\\\/lequotidien.mr\\\/wp-content\\\/uploads\\\/2026\\\/03\\\/photo-Pdt-Iftar.jpg\",\"articleSection\":[\"ACTUALIT\u00c9\",\"Culture\"],\"inLanguage\":\"ar\",\"potentialAction\":[{\"@type\":\"CommentAction\",\"name\":\"Comment\",\"target\":[\"https:\\\/\\\/lequotidien.mr\\\/?p=35083&lang=fr#respond\"]}]},{\"@type\":\"WebPage\",\"@id\":\"https:\\\/\\\/lequotidien.mr\\\/?p=35083&lang=fr\",\"url\":\"https:\\\/\\\/lequotidien.mr\\\/?p=35083&lang=fr\",\"name\":\"\u00ab L\u2019enseignant est la colonne vert\u00e9brale de la nation \u00bb : Le Pr\u00e9sident El Ghazouani r\u00e9affirme son engagement pour l\u2019\u00e9cole r\u00e9publicaine et l\u2019am\u00e9lioration des conditions des enseignants - Le Quotidien de Nouakchott\",\"isPartOf\":{\"@id\":\"https:\\\/\\\/lequotidien.mr\\\/#website\"},\"primaryImageOfPage\":{\"@id\":\"https:\\\/\\\/lequotidien.mr\\\/?p=35083&lang=fr#primaryimage\"},\"image\":{\"@id\":\"https:\\\/\\\/lequotidien.mr\\\/?p=35083&lang=fr#primaryimage\"},\"thumbnailUrl\":\"https:\\\/\\\/lequotidien.mr\\\/wp-content\\\/uploads\\\/2026\\\/03\\\/photo-Pdt-Iftar.jpg\",\"datePublished\":\"2026-03-06T23:53:08+00:00\",\"breadcrumb\":{\"@id\":\"https:\\\/\\\/lequotidien.mr\\\/?p=35083&lang=fr#breadcrumb\"},\"inLanguage\":\"ar\",\"potentialAction\":[{\"@type\":\"ReadAction\",\"target\":[\"https:\\\/\\\/lequotidien.mr\\\/?p=35083&lang=fr\"]}]},{\"@type\":\"ImageObject\",\"inLanguage\":\"ar\",\"@id\":\"https:\\\/\\\/lequotidien.mr\\\/?p=35083&lang=fr#primaryimage\",\"url\":\"https:\\\/\\\/lequotidien.mr\\\/wp-content\\\/uploads\\\/2026\\\/03\\\/photo-Pdt-Iftar.jpg\",\"contentUrl\":\"https:\\\/\\\/lequotidien.mr\\\/wp-content\\\/uploads\\\/2026\\\/03\\\/photo-Pdt-Iftar.jpg\",\"width\":750,\"height\":430},{\"@type\":\"BreadcrumbList\",\"@id\":\"https:\\\/\\\/lequotidien.mr\\\/?p=35083&lang=fr#breadcrumb\",\"itemListElement\":[{\"@type\":\"ListItem\",\"position\":1,\"name\":\"Home\",\"item\":\"https:\\\/\\\/lequotidien.mr\\\/\"},{\"@type\":\"ListItem\",\"position\":2,\"name\":\"\u00ab L\u2019enseignant est la colonne vert\u00e9brale de la nation \u00bb : Le Pr\u00e9sident El Ghazouani r\u00e9affirme son engagement pour l\u2019\u00e9cole r\u00e9publicaine et l\u2019am\u00e9lioration des conditions des enseignants\"}]},{\"@type\":\"WebSite\",\"@id\":\"https:\\\/\\\/lequotidien.mr\\\/#website\",\"url\":\"https:\\\/\\\/lequotidien.mr\\\/\",\"name\":\"Le Quotidien de Nouakchott\",\"description\":\"\u0625\u062e\u0628\u0627\u0631\u064a\u0629 \u0645\u0633\u062a\u0642\u0644\u0629 \u0644\u0644\u0623\u0646\u0628\u0627\u0621 \u0627\u0644\u0639\u0627\u0645\u0629\",\"publisher\":{\"@id\":\"https:\\\/\\\/lequotidien.mr\\\/#organization\"},\"potentialAction\":[{\"@type\":\"SearchAction\",\"target\":{\"@type\":\"EntryPoint\",\"urlTemplate\":\"https:\\\/\\\/lequotidien.mr\\\/?s={search_term_string}\"},\"query-input\":{\"@type\":\"PropertyValueSpecification\",\"valueRequired\":true,\"valueName\":\"search_term_string\"}}],\"inLanguage\":\"ar\"},{\"@type\":\"Organization\",\"@id\":\"https:\\\/\\\/lequotidien.mr\\\/#organization\",\"name\":\"Le Quotidien de Nouakchott\",\"url\":\"https:\\\/\\\/lequotidien.mr\\\/\",\"logo\":{\"@type\":\"ImageObject\",\"inLanguage\":\"ar\",\"@id\":\"https:\\\/\\\/lequotidien.mr\\\/#\\\/schema\\\/logo\\\/image\\\/\",\"url\":\"https:\\\/\\\/lequotidien.mr\\\/wp-content\\\/uploads\\\/2022\\\/11\\\/logolequotidien.jpg\",\"contentUrl\":\"https:\\\/\\\/lequotidien.mr\\\/wp-content\\\/uploads\\\/2022\\\/11\\\/logolequotidien.jpg\",\"width\":290,\"height\":65,\"caption\":\"Le Quotidien de Nouakchott\"},\"image\":{\"@id\":\"https:\\\/\\\/lequotidien.mr\\\/#\\\/schema\\\/logo\\\/image\\\/\"},\"sameAs\":[\"https:\\\/\\\/web.facebook.com\\\/lequotidienmr\",\"https:\\\/\\\/x.com\\\/lequotidienmr\"]},{\"@type\":\"Person\",\"@id\":\"https:\\\/\\\/lequotidien.mr\\\/#\\\/schema\\\/person\\\/d2d350202a4d599685ed8abc25f97596\",\"name\":\"Med Ahmed\",\"image\":{\"@type\":\"ImageObject\",\"inLanguage\":\"ar\",\"@id\":\"https:\\\/\\\/secure.gravatar.com\\\/avatar\\\/fd2acc62ed50732923d1d39c17172c9b04149f142be92310ecc69e1358f94b52?s=96&d=mm&r=g\",\"url\":\"https:\\\/\\\/secure.gravatar.com\\\/avatar\\\/fd2acc62ed50732923d1d39c17172c9b04149f142be92310ecc69e1358f94b52?s=96&d=mm&r=g\",\"contentUrl\":\"https:\\\/\\\/secure.gravatar.com\\\/avatar\\\/fd2acc62ed50732923d1d39c17172c9b04149f142be92310ecc69e1358f94b52?s=96&d=mm&r=g\",\"caption\":\"Med Ahmed\"},\"url\":\"https:\\\/\\\/lequotidien.mr\\\/?author=12\"}]}<\/script>\n<!-- \/ Yoast SEO plugin. -->","yoast_head_json":{"title":"\u00ab L\u2019enseignant est la colonne vert\u00e9brale de la nation \u00bb : Le Pr\u00e9sident El Ghazouani r\u00e9affirme son engagement pour l\u2019\u00e9cole r\u00e9publicaine et l\u2019am\u00e9lioration des conditions des enseignants - Le Quotidien de Nouakchott","robots":{"index":"index","follow":"follow","max-snippet":"max-snippet:-1","max-image-preview":"max-image-preview:large","max-video-preview":"max-video-preview:-1"},"canonical":"https:\/\/lequotidien.mr\/?p=35083&lang=fr","og_locale":"ar_AR","og_type":"article","og_title":"\u00ab L\u2019enseignant est la colonne vert\u00e9brale de la nation \u00bb : Le Pr\u00e9sident El Ghazouani r\u00e9affirme son engagement pour l\u2019\u00e9cole r\u00e9publicaine et l\u2019am\u00e9lioration des conditions des enseignants - Le Quotidien de Nouakchott","og_description":"Le Pr\u00e9sident de la R\u00e9publique, M. Mohamed Cheikh El Ghazouani, a r\u00e9affirm\u00e9 son engagement ferme \u00e0 poursuivre la consolidation de l\u2019\u00e9cole r\u00e9publicaine et le d\u00e9veloppement du syst\u00e8me \u00e9ducatif mauritanien.\u00a0C\u2019\u00e9tait lors d\u2019une c\u00e9r\u00e9monie d\u2019iftar organis\u00e9e jeudi soir \u00e0 Nouakchott en l\u2019honneur d\u2019un groupe de membres de la famille \u00e9ducative. Cette rencontre, empreinte de convivialit\u00e9, a \u00e9t\u00e9.....","og_url":"https:\/\/lequotidien.mr\/?p=35083&lang=fr","og_site_name":"Le Quotidien de Nouakchott","article_publisher":"https:\/\/web.facebook.com\/lequotidienmr","article_published_time":"2026-03-06T23:53:08+00:00","og_image":[{"width":750,"height":430,"url":"https:\/\/lequotidien.mr\/wp-content\/uploads\/2026\/03\/photo-Pdt-Iftar.jpg","type":"image\/jpeg"}],"author":"Med Ahmed","twitter_card":"summary_large_image","twitter_creator":"@lequotidienmr","twitter_site":"@lequotidienmr","twitter_misc":{"\u0643\u064f\u062a\u0628 \u0628\u0648\u0627\u0633\u0637\u0629":"Med Ahmed","\u0648\u0642\u062a \u0627\u0644\u0642\u0631\u0627\u0621\u0629 \u0627\u0644\u0645\u064f\u0642\u062f\u0651\u0631":"5 \u062f\u0642\u0627\u0626\u0642"},"schema":{"@context":"https:\/\/schema.org","@graph":[{"@type":"Article","@id":"https:\/\/lequotidien.mr\/?p=35083&lang=fr#article","isPartOf":{"@id":"https:\/\/lequotidien.mr\/?p=35083&lang=fr"},"author":{"name":"Med Ahmed","@id":"https:\/\/lequotidien.mr\/#\/schema\/person\/d2d350202a4d599685ed8abc25f97596"},"headline":"\u00ab L\u2019enseignant est la colonne vert\u00e9brale de la nation \u00bb : Le Pr\u00e9sident El Ghazouani r\u00e9affirme son engagement pour l\u2019\u00e9cole r\u00e9publicaine et l\u2019am\u00e9lioration des conditions des enseignants","datePublished":"2026-03-06T23:53:08+00:00","mainEntityOfPage":{"@id":"https:\/\/lequotidien.mr\/?p=35083&lang=fr"},"wordCount":691,"commentCount":0,"publisher":{"@id":"https:\/\/lequotidien.mr\/#organization"},"image":{"@id":"https:\/\/lequotidien.mr\/?p=35083&lang=fr#primaryimage"},"thumbnailUrl":"https:\/\/lequotidien.mr\/wp-content\/uploads\/2026\/03\/photo-Pdt-Iftar.jpg","articleSection":["ACTUALIT\u00c9","Culture"],"inLanguage":"ar","potentialAction":[{"@type":"CommentAction","name":"Comment","target":["https:\/\/lequotidien.mr\/?p=35083&lang=fr#respond"]}]},{"@type":"WebPage","@id":"https:\/\/lequotidien.mr\/?p=35083&lang=fr","url":"https:\/\/lequotidien.mr\/?p=35083&lang=fr","name":"\u00ab L\u2019enseignant est la colonne vert\u00e9brale de la nation \u00bb : Le Pr\u00e9sident El Ghazouani r\u00e9affirme son engagement pour l\u2019\u00e9cole r\u00e9publicaine et l\u2019am\u00e9lioration des conditions des enseignants - Le Quotidien de Nouakchott","isPartOf":{"@id":"https:\/\/lequotidien.mr\/#website"},"primaryImageOfPage":{"@id":"https:\/\/lequotidien.mr\/?p=35083&lang=fr#primaryimage"},"image":{"@id":"https:\/\/lequotidien.mr\/?p=35083&lang=fr#primaryimage"},"thumbnailUrl":"https:\/\/lequotidien.mr\/wp-content\/uploads\/2026\/03\/photo-Pdt-Iftar.jpg","datePublished":"2026-03-06T23:53:08+00:00","breadcrumb":{"@id":"https:\/\/lequotidien.mr\/?p=35083&lang=fr#breadcrumb"},"inLanguage":"ar","potentialAction":[{"@type":"ReadAction","target":["https:\/\/lequotidien.mr\/?p=35083&lang=fr"]}]},{"@type":"ImageObject","inLanguage":"ar","@id":"https:\/\/lequotidien.mr\/?p=35083&lang=fr#primaryimage","url":"https:\/\/lequotidien.mr\/wp-content\/uploads\/2026\/03\/photo-Pdt-Iftar.jpg","contentUrl":"https:\/\/lequotidien.mr\/wp-content\/uploads\/2026\/03\/photo-Pdt-Iftar.jpg","width":750,"height":430},{"@type":"BreadcrumbList","@id":"https:\/\/lequotidien.mr\/?p=35083&lang=fr#breadcrumb","itemListElement":[{"@type":"ListItem","position":1,"name":"Home","item":"https:\/\/lequotidien.mr\/"},{"@type":"ListItem","position":2,"name":"\u00ab L\u2019enseignant est la colonne vert\u00e9brale de la nation \u00bb : Le Pr\u00e9sident El Ghazouani r\u00e9affirme son engagement pour l\u2019\u00e9cole r\u00e9publicaine et l\u2019am\u00e9lioration des conditions des enseignants"}]},{"@type":"WebSite","@id":"https:\/\/lequotidien.mr\/#website","url":"https:\/\/lequotidien.mr\/","name":"Le Quotidien de Nouakchott","description":"\u0625\u062e\u0628\u0627\u0631\u064a\u0629 \u0645\u0633\u062a\u0642\u0644\u0629 \u0644\u0644\u0623\u0646\u0628\u0627\u0621 \u0627\u0644\u0639\u0627\u0645\u0629","publisher":{"@id":"https:\/\/lequotidien.mr\/#organization"},"potentialAction":[{"@type":"SearchAction","target":{"@type":"EntryPoint","urlTemplate":"https:\/\/lequotidien.mr\/?s={search_term_string}"},"query-input":{"@type":"PropertyValueSpecification","valueRequired":true,"valueName":"search_term_string"}}],"inLanguage":"ar"},{"@type":"Organization","@id":"https:\/\/lequotidien.mr\/#organization","name":"Le Quotidien de Nouakchott","url":"https:\/\/lequotidien.mr\/","logo":{"@type":"ImageObject","inLanguage":"ar","@id":"https:\/\/lequotidien.mr\/#\/schema\/logo\/image\/","url":"https:\/\/lequotidien.mr\/wp-content\/uploads\/2022\/11\/logolequotidien.jpg","contentUrl":"https:\/\/lequotidien.mr\/wp-content\/uploads\/2022\/11\/logolequotidien.jpg","width":290,"height":65,"caption":"Le Quotidien de Nouakchott"},"image":{"@id":"https:\/\/lequotidien.mr\/#\/schema\/logo\/image\/"},"sameAs":["https:\/\/web.facebook.com\/lequotidienmr","https:\/\/x.com\/lequotidienmr"]},{"@type":"Person","@id":"https:\/\/lequotidien.mr\/#\/schema\/person\/d2d350202a4d599685ed8abc25f97596","name":"Med Ahmed","image":{"@type":"ImageObject","inLanguage":"ar","@id":"https:\/\/secure.gravatar.com\/avatar\/fd2acc62ed50732923d1d39c17172c9b04149f142be92310ecc69e1358f94b52?s=96&d=mm&r=g","url":"https:\/\/secure.gravatar.com\/avatar\/fd2acc62ed50732923d1d39c17172c9b04149f142be92310ecc69e1358f94b52?s=96&d=mm&r=g","contentUrl":"https:\/\/secure.gravatar.com\/avatar\/fd2acc62ed50732923d1d39c17172c9b04149f142be92310ecc69e1358f94b52?s=96&d=mm&r=g","caption":"Med Ahmed"},"url":"https:\/\/lequotidien.mr\/?author=12"}]}},"_links":{"self":[{"href":"https:\/\/lequotidien.mr\/index.php?rest_route=\/wp\/v2\/posts\/35083","targetHints":{"allow":["GET"]}}],"collection":[{"href":"https:\/\/lequotidien.mr\/index.php?rest_route=\/wp\/v2\/posts"}],"about":[{"href":"https:\/\/lequotidien.mr\/index.php?rest_route=\/wp\/v2\/types\/post"}],"author":[{"embeddable":true,"href":"https:\/\/lequotidien.mr\/index.php?rest_route=\/wp\/v2\/users\/12"}],"replies":[{"embeddable":true,"href":"https:\/\/lequotidien.mr\/index.php?rest_route=%2Fwp%2Fv2%2Fcomments&post=35083"}],"version-history":[{"count":1,"href":"https:\/\/lequotidien.mr\/index.php?rest_route=\/wp\/v2\/posts\/35083\/revisions"}],"predecessor-version":[{"id":35085,"href":"https:\/\/lequotidien.mr\/index.php?rest_route=\/wp\/v2\/posts\/35083\/revisions\/35085"}],"wp:featuredmedia":[{"embeddable":true,"href":"https:\/\/lequotidien.mr\/index.php?rest_route=\/wp\/v2\/media\/35084"}],"wp:attachment":[{"href":"https:\/\/lequotidien.mr\/index.php?rest_route=%2Fwp%2Fv2%2Fmedia&parent=35083"}],"wp:term":[{"taxonomy":"category","embeddable":true,"href":"https:\/\/lequotidien.mr\/index.php?rest_route=%2Fwp%2Fv2%2Fcategories&post=35083"},{"taxonomy":"post_tag","embeddable":true,"href":"https:\/\/lequotidien.mr\/index.php?rest_route=%2Fwp%2Fv2%2Ftags&post=35083"}],"curies":[{"name":"wp","href":"https:\/\/api.w.org\/{rel}","templated":true}]}}