{"id":35065,"date":"2026-03-06T16:37:52","date_gmt":"2026-03-06T16:37:52","guid":{"rendered":"https:\/\/lequotidien.mr\/?p=35065"},"modified":"2026-03-06T16:37:52","modified_gmt":"2026-03-06T16:37:52","slug":"luniversite-des-sciences-islamiques-daioun-au-coeur-de-la-recherche-un-colloque-scientifique-denvergure-sur-les-enjeux-de-la-charia-de-leconomie-et-du-droit","status":"publish","type":"post","link":"https:\/\/lequotidien.mr\/?p=35065&lang=fr","title":{"rendered":"L&#8217;Universit\u00e9 des Sciences Islamiques d&#8217;Aioun au c\u0153ur de la recherche : Un colloque scientifique d&#8217;envergure sur les enjeux de la Charia, de l&#8217;\u00e9conomie et du droit"},"content":{"rendered":"<p>La salle de conf\u00e9rences et de s\u00e9minaires de l\u2019Universit\u00e9 des Sciences Islamiques d\u2019Aioun a abrit\u00e9, ce jeudi, un important colloque scientifique. Organis\u00e9 par l\u2019unit\u00e9 d\u2019\u00e9tudes islamiques, \u00e9conomiques et juridiques de la Facult\u00e9 de la Charia, cet \u00e9v\u00e9nement avait pour objectif d\u2019explorer les probl\u00e9matiques scientifiques et de recherche contemporaines dans ces domaines cruciaux.<\/p>\n<p><strong>Des conf\u00e9rences anim\u00e9es par des experts pour \u00e9clairer les axes du colloque<\/strong><\/p>\n<p>Le programme de cette rencontre a \u00e9t\u00e9 riche et vari\u00e9. Il a comport\u00e9 une s\u00e9rie de conf\u00e9rences et de pr\u00e9sentations scientifiques anim\u00e9es par un panel de professeurs et de chercheurs sp\u00e9cialis\u00e9s en sciences de la Charia, en \u00e9conomie et en droit. Ces interventions ont permis d\u2019approfondir les diff\u00e9rents axes du colloque, offrant aux participants une mise \u00e0 jour des connaissances et des d\u00e9bats en cours dans ces disciplines.<\/p>\n<p>Prenant la parole \u00e0 l\u2019ouverture du colloque, <strong>le chef de l\u2019unit\u00e9 de recherche, M. Mohamed Said Owbek<\/strong>, a exprim\u00e9 sa satisfaction quant \u00e0 la tenue de cet \u00e9v\u00e9nement. Il a rappel\u00e9 que ce colloque s\u2019inscrit dans le cadre de la mise en \u0153uvre du plan annuel de l\u2019unit\u00e9. M. Owbek a \u00e9galement soulign\u00e9 la volont\u00e9 de l\u2019unit\u00e9 de mettre en lumi\u00e8re des sujets d&#8217;int\u00e9r\u00eat majeur \u00e0 travers l\u2019organisation r\u00e9guli\u00e8re de colloques, de conf\u00e9rences et d\u2019ateliers de formation vari\u00e9s, contribuant ainsi \u00e0 dynamiser la recherche.<\/p>\n<p><strong>La Facult\u00e9 de la Charia salue un &#8220;ajout qualitatif&#8221; pour les \u00e9tudiants<\/strong><\/p>\n<p>Le <strong>doyen de la Facult\u00e9 de la Charia, M. Ahmada Navea<\/strong>, a salu\u00e9 l\u2019initiative, qualifiant ce colloque d\u2019&#8221;ajout qualitatif&#8221; au parcours de la recherche scientifique au sein de l\u2019universit\u00e9. Selon lui, de telles rencontres contribuent efficacement \u00e0 renforcer la performance acad\u00e9mique et la conscience scientifique des \u00e9tudiants. <em>&#8220;Cela aide \u00e0 d\u00e9velopper leurs comp\u00e9tences en mati\u00e8re de recherche et d\u2019\u00e9ducation&#8221;<\/em>, a-t-il d\u00e9clar\u00e9, insistant sur le lien entre la qualit\u00e9 de la formation et la r\u00e9ussite professionnelle. Il a d&#8217;ailleurs rappel\u00e9 que les dipl\u00f4m\u00e9s de la facult\u00e9 ont su s&#8217;int\u00e9grer avec succ\u00e8s sur le march\u00e9 du travail, tant au niveau local qu&#8217;international, donnant ainsi une image positive de l&#8217;enseignement sup\u00e9rieur mauritanien.<\/p>\n<p><strong>Le soutien de l\u2019universit\u00e9 aux activit\u00e9s scientifiques<\/strong><\/p>\n<p>Pr\u00e9sent \u00e0 la c\u00e9r\u00e9monie, <strong>le vice-pr\u00e9sident de l\u2019universit\u00e9 charg\u00e9 des affaires acad\u00e9miques et \u00e9tudiantes, M. El Moustafa El B\u00e9chir<\/strong>, a pass\u00e9 en revue le r\u00f4le moteur de l\u2019universit\u00e9 dans le soutien aux activit\u00e9s scientifiques. Il a mis en avant l&#8217;impact positif de ces colloques et forums sur le d\u00e9veloppement des capacit\u00e9s scientifiques, tant pour les professeurs que pour les \u00e9tudiants, confirmant l&#8217;engagement de l&#8217;institution \u00e0 favoriser un environnement de recherche stimulant.<\/p>\n<p><strong>Un d\u00e9bat interactif pour cl\u00f4turer la rencontre<\/strong><\/p>\n<p>La richesse de ce colloque s&#8217;est \u00e9galement illustr\u00e9e lors de la session de cl\u00f4ture, consacr\u00e9e \u00e0 un d\u00e9bat ouvert. Les participants ont pu poser leurs questions et soumettre leurs demandes de renseignements aux professeurs et conf\u00e9renciers. Ces \u00e9changes, qui se sont d\u00e9roul\u00e9s dans une atmosph\u00e8re scientifique empreinte de dialogue et d&#8217;interaction, ont permis d&#8217;approfondir les sujets abord\u00e9s et de prolonger la r\u00e9flexion bien au-del\u00e0 des pr\u00e9sentations formelles.<\/p>\n<p>&nbsp;<\/p>\n","protected":false},"excerpt":{"rendered":"<p>La salle de conf\u00e9rences et de s\u00e9minaires de l\u2019Universit\u00e9 des Sciences Islamiques d\u2019Aioun a abrit\u00e9, ce jeudi, un important colloque scientifique. Organis\u00e9 par l\u2019unit\u00e9 d\u2019\u00e9tudes islamiques, \u00e9conomiques et juridiques de la Facult\u00e9 de la Charia, cet \u00e9v\u00e9nement avait pour objectif d\u2019explorer les probl\u00e9matiques scientifiques et de recherche contemporaines dans ces domaines cruciaux. Des conf\u00e9rences anim\u00e9es&#8230;..<\/p>\n","protected":false},"author":12,"featured_media":35068,"comment_status":"open","ping_status":"open","sticky":false,"template":"","format":"standard","meta":{"footnotes":""},"categories":[23,55],"tags":[],"class_list":["post-35065","post","type-post","status-publish","format-standard","has-post-thumbnail","hentry","category-actualite","category-culture"],"yoast_head":"<!-- This site is optimized with the Yoast SEO plugin v27.5 - https:\/\/yoast.com\/product\/yoast-seo-wordpress\/ -->\n<title>L&#039;Universit\u00e9 des Sciences Islamiques d&#039;Aioun au c\u0153ur de la recherche : Un colloque scientifique d&#039;envergure sur les enjeux de la Charia, de l&#039;\u00e9conomie et du droit - Le Quotidien de Nouakchott<\/title>\n<meta name=\"robots\" content=\"index, follow, max-snippet:-1, max-image-preview:large, max-video-preview:-1\" \/>\n<link rel=\"canonical\" href=\"https:\/\/lequotidien.mr\/?p=35065&lang=fr\" \/>\n<meta property=\"og:locale\" content=\"ar_AR\" \/>\n<meta property=\"og:type\" content=\"article\" \/>\n<meta property=\"og:title\" content=\"L&#039;Universit\u00e9 des Sciences Islamiques d&#039;Aioun au c\u0153ur de la recherche : Un colloque scientifique d&#039;envergure sur les enjeux de la Charia, de l&#039;\u00e9conomie et du droit - Le Quotidien de Nouakchott\" \/>\n<meta property=\"og:description\" content=\"La salle de conf\u00e9rences et de s\u00e9minaires de l\u2019Universit\u00e9 des Sciences Islamiques d\u2019Aioun a abrit\u00e9, ce jeudi, un important colloque scientifique. Organis\u00e9 par l\u2019unit\u00e9 d\u2019\u00e9tudes islamiques, \u00e9conomiques et juridiques de la Facult\u00e9 de la Charia, cet \u00e9v\u00e9nement avait pour objectif d\u2019explorer les probl\u00e9matiques scientifiques et de recherche contemporaines dans ces domaines cruciaux. Des conf\u00e9rences anim\u00e9es.....\" \/>\n<meta property=\"og:url\" content=\"https:\/\/lequotidien.mr\/?p=35065&amp;lang=fr\" \/>\n<meta property=\"og:site_name\" content=\"Le Quotidien de Nouakchott\" \/>\n<meta property=\"article:publisher\" content=\"https:\/\/web.facebook.com\/lequotidienmr\" \/>\n<meta property=\"article:published_time\" content=\"2026-03-06T16:37:52+00:00\" \/>\n<meta property=\"og:image\" content=\"https:\/\/lequotidien.mr\/wp-content\/uploads\/2026\/03\/photo-Universite-islamique.jpg\" \/>\n\t<meta property=\"og:image:width\" content=\"750\" \/>\n\t<meta property=\"og:image:height\" content=\"430\" \/>\n\t<meta property=\"og:image:type\" content=\"image\/jpeg\" \/>\n<meta name=\"author\" content=\"Med Ahmed\" \/>\n<meta name=\"twitter:card\" content=\"summary_large_image\" \/>\n<meta name=\"twitter:creator\" content=\"@lequotidienmr\" \/>\n<meta name=\"twitter:site\" content=\"@lequotidienmr\" \/>\n<meta name=\"twitter:label1\" content=\"\u0643\u064f\u062a\u0628 \u0628\u0648\u0627\u0633\u0637\u0629\" \/>\n\t<meta name=\"twitter:data1\" content=\"Med Ahmed\" \/>\n\t<meta name=\"twitter:label2\" content=\"\u0648\u0642\u062a \u0627\u0644\u0642\u0631\u0627\u0621\u0629 \u0627\u0644\u0645\u064f\u0642\u062f\u0651\u0631\" \/>\n\t<meta name=\"twitter:data2\" content=\"4 \u062f\u0642\u0627\u0626\u0642\" \/>\n<script type=\"application\/ld+json\" class=\"yoast-schema-graph\">{\"@context\":\"https:\\\/\\\/schema.org\",\"@graph\":[{\"@type\":\"Article\",\"@id\":\"https:\\\/\\\/lequotidien.mr\\\/?p=35065&lang=fr#article\",\"isPartOf\":{\"@id\":\"https:\\\/\\\/lequotidien.mr\\\/?p=35065&lang=fr\"},\"author\":{\"name\":\"Med Ahmed\",\"@id\":\"https:\\\/\\\/lequotidien.mr\\\/#\\\/schema\\\/person\\\/d2d350202a4d599685ed8abc25f97596\"},\"headline\":\"L&#8217;Universit\u00e9 des Sciences Islamiques d&#8217;Aioun au c\u0153ur de la recherche : Un colloque scientifique d&#8217;envergure sur les enjeux de la Charia, de l&#8217;\u00e9conomie et du droit\",\"datePublished\":\"2026-03-06T16:37:52+00:00\",\"mainEntityOfPage\":{\"@id\":\"https:\\\/\\\/lequotidien.mr\\\/?p=35065&lang=fr\"},\"wordCount\":598,\"commentCount\":0,\"publisher\":{\"@id\":\"https:\\\/\\\/lequotidien.mr\\\/#organization\"},\"image\":{\"@id\":\"https:\\\/\\\/lequotidien.mr\\\/?p=35065&lang=fr#primaryimage\"},\"thumbnailUrl\":\"https:\\\/\\\/lequotidien.mr\\\/wp-content\\\/uploads\\\/2026\\\/03\\\/photo-Universite-islamique.jpg\",\"articleSection\":[\"ACTUALIT\u00c9\",\"Culture\"],\"inLanguage\":\"ar\",\"potentialAction\":[{\"@type\":\"CommentAction\",\"name\":\"Comment\",\"target\":[\"https:\\\/\\\/lequotidien.mr\\\/?p=35065&lang=fr#respond\"]}]},{\"@type\":\"WebPage\",\"@id\":\"https:\\\/\\\/lequotidien.mr\\\/?p=35065&lang=fr\",\"url\":\"https:\\\/\\\/lequotidien.mr\\\/?p=35065&lang=fr\",\"name\":\"L'Universit\u00e9 des Sciences Islamiques d'Aioun au c\u0153ur de la recherche : Un colloque scientifique d'envergure sur les enjeux de la Charia, de l'\u00e9conomie et du droit - Le Quotidien de Nouakchott\",\"isPartOf\":{\"@id\":\"https:\\\/\\\/lequotidien.mr\\\/#website\"},\"primaryImageOfPage\":{\"@id\":\"https:\\\/\\\/lequotidien.mr\\\/?p=35065&lang=fr#primaryimage\"},\"image\":{\"@id\":\"https:\\\/\\\/lequotidien.mr\\\/?p=35065&lang=fr#primaryimage\"},\"thumbnailUrl\":\"https:\\\/\\\/lequotidien.mr\\\/wp-content\\\/uploads\\\/2026\\\/03\\\/photo-Universite-islamique.jpg\",\"datePublished\":\"2026-03-06T16:37:52+00:00\",\"breadcrumb\":{\"@id\":\"https:\\\/\\\/lequotidien.mr\\\/?p=35065&lang=fr#breadcrumb\"},\"inLanguage\":\"ar\",\"potentialAction\":[{\"@type\":\"ReadAction\",\"target\":[\"https:\\\/\\\/lequotidien.mr\\\/?p=35065&lang=fr\"]}]},{\"@type\":\"ImageObject\",\"inLanguage\":\"ar\",\"@id\":\"https:\\\/\\\/lequotidien.mr\\\/?p=35065&lang=fr#primaryimage\",\"url\":\"https:\\\/\\\/lequotidien.mr\\\/wp-content\\\/uploads\\\/2026\\\/03\\\/photo-Universite-islamique.jpg\",\"contentUrl\":\"https:\\\/\\\/lequotidien.mr\\\/wp-content\\\/uploads\\\/2026\\\/03\\\/photo-Universite-islamique.jpg\",\"width\":750,\"height\":430},{\"@type\":\"BreadcrumbList\",\"@id\":\"https:\\\/\\\/lequotidien.mr\\\/?p=35065&lang=fr#breadcrumb\",\"itemListElement\":[{\"@type\":\"ListItem\",\"position\":1,\"name\":\"Home\",\"item\":\"https:\\\/\\\/lequotidien.mr\\\/\"},{\"@type\":\"ListItem\",\"position\":2,\"name\":\"L&rsquo;Universit\u00e9 des Sciences Islamiques d&rsquo;Aioun au c\u0153ur de la recherche : Un colloque scientifique d&rsquo;envergure sur les enjeux de la Charia, de l&rsquo;\u00e9conomie et du droit\"}]},{\"@type\":\"WebSite\",\"@id\":\"https:\\\/\\\/lequotidien.mr\\\/#website\",\"url\":\"https:\\\/\\\/lequotidien.mr\\\/\",\"name\":\"Le Quotidien de Nouakchott\",\"description\":\"\u0625\u062e\u0628\u0627\u0631\u064a\u0629 \u0645\u0633\u062a\u0642\u0644\u0629 \u0644\u0644\u0623\u0646\u0628\u0627\u0621 \u0627\u0644\u0639\u0627\u0645\u0629\",\"publisher\":{\"@id\":\"https:\\\/\\\/lequotidien.mr\\\/#organization\"},\"potentialAction\":[{\"@type\":\"SearchAction\",\"target\":{\"@type\":\"EntryPoint\",\"urlTemplate\":\"https:\\\/\\\/lequotidien.mr\\\/?s={search_term_string}\"},\"query-input\":{\"@type\":\"PropertyValueSpecification\",\"valueRequired\":true,\"valueName\":\"search_term_string\"}}],\"inLanguage\":\"ar\"},{\"@type\":\"Organization\",\"@id\":\"https:\\\/\\\/lequotidien.mr\\\/#organization\",\"name\":\"Le Quotidien de Nouakchott\",\"url\":\"https:\\\/\\\/lequotidien.mr\\\/\",\"logo\":{\"@type\":\"ImageObject\",\"inLanguage\":\"ar\",\"@id\":\"https:\\\/\\\/lequotidien.mr\\\/#\\\/schema\\\/logo\\\/image\\\/\",\"url\":\"https:\\\/\\\/lequotidien.mr\\\/wp-content\\\/uploads\\\/2022\\\/11\\\/logolequotidien.jpg\",\"contentUrl\":\"https:\\\/\\\/lequotidien.mr\\\/wp-content\\\/uploads\\\/2022\\\/11\\\/logolequotidien.jpg\",\"width\":290,\"height\":65,\"caption\":\"Le Quotidien de Nouakchott\"},\"image\":{\"@id\":\"https:\\\/\\\/lequotidien.mr\\\/#\\\/schema\\\/logo\\\/image\\\/\"},\"sameAs\":[\"https:\\\/\\\/web.facebook.com\\\/lequotidienmr\",\"https:\\\/\\\/x.com\\\/lequotidienmr\"]},{\"@type\":\"Person\",\"@id\":\"https:\\\/\\\/lequotidien.mr\\\/#\\\/schema\\\/person\\\/d2d350202a4d599685ed8abc25f97596\",\"name\":\"Med Ahmed\",\"image\":{\"@type\":\"ImageObject\",\"inLanguage\":\"ar\",\"@id\":\"https:\\\/\\\/secure.gravatar.com\\\/avatar\\\/fd2acc62ed50732923d1d39c17172c9b04149f142be92310ecc69e1358f94b52?s=96&d=mm&r=g\",\"url\":\"https:\\\/\\\/secure.gravatar.com\\\/avatar\\\/fd2acc62ed50732923d1d39c17172c9b04149f142be92310ecc69e1358f94b52?s=96&d=mm&r=g\",\"contentUrl\":\"https:\\\/\\\/secure.gravatar.com\\\/avatar\\\/fd2acc62ed50732923d1d39c17172c9b04149f142be92310ecc69e1358f94b52?s=96&d=mm&r=g\",\"caption\":\"Med Ahmed\"},\"url\":\"https:\\\/\\\/lequotidien.mr\\\/?author=12\"}]}<\/script>\n<!-- \/ Yoast SEO plugin. -->","yoast_head_json":{"title":"L'Universit\u00e9 des Sciences Islamiques d'Aioun au c\u0153ur de la recherche : Un colloque scientifique d'envergure sur les enjeux de la Charia, de l'\u00e9conomie et du droit - Le Quotidien de Nouakchott","robots":{"index":"index","follow":"follow","max-snippet":"max-snippet:-1","max-image-preview":"max-image-preview:large","max-video-preview":"max-video-preview:-1"},"canonical":"https:\/\/lequotidien.mr\/?p=35065&lang=fr","og_locale":"ar_AR","og_type":"article","og_title":"L'Universit\u00e9 des Sciences Islamiques d'Aioun au c\u0153ur de la recherche : Un colloque scientifique d'envergure sur les enjeux de la Charia, de l'\u00e9conomie et du droit - Le Quotidien de Nouakchott","og_description":"La salle de conf\u00e9rences et de s\u00e9minaires de l\u2019Universit\u00e9 des Sciences Islamiques d\u2019Aioun a abrit\u00e9, ce jeudi, un important colloque scientifique. Organis\u00e9 par l\u2019unit\u00e9 d\u2019\u00e9tudes islamiques, \u00e9conomiques et juridiques de la Facult\u00e9 de la Charia, cet \u00e9v\u00e9nement avait pour objectif d\u2019explorer les probl\u00e9matiques scientifiques et de recherche contemporaines dans ces domaines cruciaux. Des conf\u00e9rences anim\u00e9es.....","og_url":"https:\/\/lequotidien.mr\/?p=35065&lang=fr","og_site_name":"Le Quotidien de Nouakchott","article_publisher":"https:\/\/web.facebook.com\/lequotidienmr","article_published_time":"2026-03-06T16:37:52+00:00","og_image":[{"width":750,"height":430,"url":"https:\/\/lequotidien.mr\/wp-content\/uploads\/2026\/03\/photo-Universite-islamique.jpg","type":"image\/jpeg"}],"author":"Med Ahmed","twitter_card":"summary_large_image","twitter_creator":"@lequotidienmr","twitter_site":"@lequotidienmr","twitter_misc":{"\u0643\u064f\u062a\u0628 \u0628\u0648\u0627\u0633\u0637\u0629":"Med Ahmed","\u0648\u0642\u062a \u0627\u0644\u0642\u0631\u0627\u0621\u0629 \u0627\u0644\u0645\u064f\u0642\u062f\u0651\u0631":"4 \u062f\u0642\u0627\u0626\u0642"},"schema":{"@context":"https:\/\/schema.org","@graph":[{"@type":"Article","@id":"https:\/\/lequotidien.mr\/?p=35065&lang=fr#article","isPartOf":{"@id":"https:\/\/lequotidien.mr\/?p=35065&lang=fr"},"author":{"name":"Med Ahmed","@id":"https:\/\/lequotidien.mr\/#\/schema\/person\/d2d350202a4d599685ed8abc25f97596"},"headline":"L&#8217;Universit\u00e9 des Sciences Islamiques d&#8217;Aioun au c\u0153ur de la recherche : Un colloque scientifique d&#8217;envergure sur les enjeux de la Charia, de l&#8217;\u00e9conomie et du droit","datePublished":"2026-03-06T16:37:52+00:00","mainEntityOfPage":{"@id":"https:\/\/lequotidien.mr\/?p=35065&lang=fr"},"wordCount":598,"commentCount":0,"publisher":{"@id":"https:\/\/lequotidien.mr\/#organization"},"image":{"@id":"https:\/\/lequotidien.mr\/?p=35065&lang=fr#primaryimage"},"thumbnailUrl":"https:\/\/lequotidien.mr\/wp-content\/uploads\/2026\/03\/photo-Universite-islamique.jpg","articleSection":["ACTUALIT\u00c9","Culture"],"inLanguage":"ar","potentialAction":[{"@type":"CommentAction","name":"Comment","target":["https:\/\/lequotidien.mr\/?p=35065&lang=fr#respond"]}]},{"@type":"WebPage","@id":"https:\/\/lequotidien.mr\/?p=35065&lang=fr","url":"https:\/\/lequotidien.mr\/?p=35065&lang=fr","name":"L'Universit\u00e9 des Sciences Islamiques d'Aioun au c\u0153ur de la recherche : Un colloque scientifique d'envergure sur les enjeux de la Charia, de l'\u00e9conomie et du droit - Le Quotidien de Nouakchott","isPartOf":{"@id":"https:\/\/lequotidien.mr\/#website"},"primaryImageOfPage":{"@id":"https:\/\/lequotidien.mr\/?p=35065&lang=fr#primaryimage"},"image":{"@id":"https:\/\/lequotidien.mr\/?p=35065&lang=fr#primaryimage"},"thumbnailUrl":"https:\/\/lequotidien.mr\/wp-content\/uploads\/2026\/03\/photo-Universite-islamique.jpg","datePublished":"2026-03-06T16:37:52+00:00","breadcrumb":{"@id":"https:\/\/lequotidien.mr\/?p=35065&lang=fr#breadcrumb"},"inLanguage":"ar","potentialAction":[{"@type":"ReadAction","target":["https:\/\/lequotidien.mr\/?p=35065&lang=fr"]}]},{"@type":"ImageObject","inLanguage":"ar","@id":"https:\/\/lequotidien.mr\/?p=35065&lang=fr#primaryimage","url":"https:\/\/lequotidien.mr\/wp-content\/uploads\/2026\/03\/photo-Universite-islamique.jpg","contentUrl":"https:\/\/lequotidien.mr\/wp-content\/uploads\/2026\/03\/photo-Universite-islamique.jpg","width":750,"height":430},{"@type":"BreadcrumbList","@id":"https:\/\/lequotidien.mr\/?p=35065&lang=fr#breadcrumb","itemListElement":[{"@type":"ListItem","position":1,"name":"Home","item":"https:\/\/lequotidien.mr\/"},{"@type":"ListItem","position":2,"name":"L&rsquo;Universit\u00e9 des Sciences Islamiques d&rsquo;Aioun au c\u0153ur de la recherche : Un colloque scientifique d&rsquo;envergure sur les enjeux de la Charia, de l&rsquo;\u00e9conomie et du droit"}]},{"@type":"WebSite","@id":"https:\/\/lequotidien.mr\/#website","url":"https:\/\/lequotidien.mr\/","name":"Le Quotidien de Nouakchott","description":"\u0625\u062e\u0628\u0627\u0631\u064a\u0629 \u0645\u0633\u062a\u0642\u0644\u0629 \u0644\u0644\u0623\u0646\u0628\u0627\u0621 \u0627\u0644\u0639\u0627\u0645\u0629","publisher":{"@id":"https:\/\/lequotidien.mr\/#organization"},"potentialAction":[{"@type":"SearchAction","target":{"@type":"EntryPoint","urlTemplate":"https:\/\/lequotidien.mr\/?s={search_term_string}"},"query-input":{"@type":"PropertyValueSpecification","valueRequired":true,"valueName":"search_term_string"}}],"inLanguage":"ar"},{"@type":"Organization","@id":"https:\/\/lequotidien.mr\/#organization","name":"Le Quotidien de Nouakchott","url":"https:\/\/lequotidien.mr\/","logo":{"@type":"ImageObject","inLanguage":"ar","@id":"https:\/\/lequotidien.mr\/#\/schema\/logo\/image\/","url":"https:\/\/lequotidien.mr\/wp-content\/uploads\/2022\/11\/logolequotidien.jpg","contentUrl":"https:\/\/lequotidien.mr\/wp-content\/uploads\/2022\/11\/logolequotidien.jpg","width":290,"height":65,"caption":"Le Quotidien de Nouakchott"},"image":{"@id":"https:\/\/lequotidien.mr\/#\/schema\/logo\/image\/"},"sameAs":["https:\/\/web.facebook.com\/lequotidienmr","https:\/\/x.com\/lequotidienmr"]},{"@type":"Person","@id":"https:\/\/lequotidien.mr\/#\/schema\/person\/d2d350202a4d599685ed8abc25f97596","name":"Med Ahmed","image":{"@type":"ImageObject","inLanguage":"ar","@id":"https:\/\/secure.gravatar.com\/avatar\/fd2acc62ed50732923d1d39c17172c9b04149f142be92310ecc69e1358f94b52?s=96&d=mm&r=g","url":"https:\/\/secure.gravatar.com\/avatar\/fd2acc62ed50732923d1d39c17172c9b04149f142be92310ecc69e1358f94b52?s=96&d=mm&r=g","contentUrl":"https:\/\/secure.gravatar.com\/avatar\/fd2acc62ed50732923d1d39c17172c9b04149f142be92310ecc69e1358f94b52?s=96&d=mm&r=g","caption":"Med Ahmed"},"url":"https:\/\/lequotidien.mr\/?author=12"}]}},"_links":{"self":[{"href":"https:\/\/lequotidien.mr\/index.php?rest_route=\/wp\/v2\/posts\/35065","targetHints":{"allow":["GET"]}}],"collection":[{"href":"https:\/\/lequotidien.mr\/index.php?rest_route=\/wp\/v2\/posts"}],"about":[{"href":"https:\/\/lequotidien.mr\/index.php?rest_route=\/wp\/v2\/types\/post"}],"author":[{"embeddable":true,"href":"https:\/\/lequotidien.mr\/index.php?rest_route=\/wp\/v2\/users\/12"}],"replies":[{"embeddable":true,"href":"https:\/\/lequotidien.mr\/index.php?rest_route=%2Fwp%2Fv2%2Fcomments&post=35065"}],"version-history":[{"count":1,"href":"https:\/\/lequotidien.mr\/index.php?rest_route=\/wp\/v2\/posts\/35065\/revisions"}],"predecessor-version":[{"id":35069,"href":"https:\/\/lequotidien.mr\/index.php?rest_route=\/wp\/v2\/posts\/35065\/revisions\/35069"}],"wp:featuredmedia":[{"embeddable":true,"href":"https:\/\/lequotidien.mr\/index.php?rest_route=\/wp\/v2\/media\/35068"}],"wp:attachment":[{"href":"https:\/\/lequotidien.mr\/index.php?rest_route=%2Fwp%2Fv2%2Fmedia&parent=35065"}],"wp:term":[{"taxonomy":"category","embeddable":true,"href":"https:\/\/lequotidien.mr\/index.php?rest_route=%2Fwp%2Fv2%2Fcategories&post=35065"},{"taxonomy":"post_tag","embeddable":true,"href":"https:\/\/lequotidien.mr\/index.php?rest_route=%2Fwp%2Fv2%2Ftags&post=35065"}],"curies":[{"name":"wp","href":"https:\/\/api.w.org\/{rel}","templated":true}]}}