{"id":3506,"date":"2023-01-21T10:05:21","date_gmt":"2023-01-21T10:05:21","guid":{"rendered":"https:\/\/lequotidien.mr\/?p=3506"},"modified":"2023-01-21T10:05:21","modified_gmt":"2023-01-21T10:05:21","slug":"la-ministre-de-la-fonction-publique-se-rend-au-royaume-darabie-saoudite","status":"publish","type":"post","link":"https:\/\/lequotidien.mr\/?p=3506&lang=fr","title":{"rendered":"La ministre de la Fonction publique se rend au Royaume d\u2019Arabie saoudite"},"content":{"rendered":"<div class=\"field field-name-body field-type-text-with-summary field-label-hidden\">\n<div class=\"field-items\">\n<div class=\"field-item even\">\n<p>La Ministre de la Fonction Publique et du Travail, Mme Zeinebou Mint Hmednah a quitt\u00e9 Nouakchott; vendredi, \u00e0 destination du Royaume d\u2019Arabie Saoudite, o\u00f9 elle prendra part au lancement de la premi\u00e8re biennale des arts islamiques Islamiques 2023\u2033.<\/p>\n<p>La premi\u00e8re \u00e9dition de la Biennale des arts islamiques, consid\u00e9r\u00e9e comme un \u00e9v\u00e9nement artistique international annuel, est organis\u00e9e \u00e0 l\u2019a\u00e9roport international Roi-Abdelaziz de Djeddah du 22 janvier au 23 avril 2023, sous le th\u00e8me d\u2019Awwal Bayt.- qui signifie \u201cPremi\u00e8re Maison\u201d, en r\u00e9f\u00e9rence \u00e0 la Sainte Ka\u2019bah de La Mecque<\/p>\n<p>La biennale vise \u00e0 mettre en lumi\u00e8re la beaut\u00e9 et la diversit\u00e9 de l&#8217;art musulman<\/p>\n<p>La premi\u00e8re biennale des arts islamiques en Arabie saoudite sera inaugur\u00e9e le 23 janvier prochain, et aura lieu jusqu&#8217;au 23 avril \u00e0 Djeddah. Dans deux pavillons distincts se tiendra une exposition d&#8217;objets historiques, qui se trouvaient \u00e0 l&#8217;origine dans la mosqu\u00e9e du proph\u00e8te \u00e0 M\u00e9dine et dans le Masjid Al-Haram \u00e0 La Mecque, et des \u0153uvres artistiques contemporaines inspir\u00e9es par ces lieux saints.<\/p>\n<p>Sous le th\u00e8me &#8220;Awwal Bait&#8221; &#8211; qui signifie &#8220;Premi\u00e8re Maison&#8221;, en r\u00e9f\u00e9rence \u00e0 la Sainte Ka&#8217;bah de La Mecque &#8211; la biennale pr\u00e9sentera plus de 60 artistes \u00e9tablis et \u00e9mergents du monde entier, 280 artefacts et plus de 15 \u0153uvres d&#8217;art jamais expos\u00e9es auparavant. Organis\u00e9e par un groupe d&#8217;experts multidisciplinaires, dont Saad Alrashid, \u00e9minent savant et arch\u00e9ologue saoudien, la biennale vise \u00e0 mettre en lumi\u00e8re la beaut\u00e9 et la diversit\u00e9 de l&#8217;art musulman.<\/p>\n<p>Par ailleurs, la ville de Diriyah accueille jusqu&#8217;au 22 f\u00e9vrier, des visiteurs locaux et \u00e9trangers pour un festival de musique, de culture et de cuisine arabes intitul\u00e9 le &#8220;Diriyah Nights&#8221;. La cit\u00e9 historique est un site patrimonial de premier plan et une destination mondiale pour l&#8217;organisation d&#8217;activit\u00e9s, tournois, ou encore \u00e9v\u00e9nements internationaux de renom<\/p>\n<\/div>\n<\/div>\n<\/div>\n","protected":false},"excerpt":{"rendered":"<p>La Ministre de la Fonction Publique et du Travail, Mme Zeinebou Mint Hmednah a quitt\u00e9 Nouakchott; vendredi, \u00e0 destination du Royaume d\u2019Arabie Saoudite, o\u00f9 elle prendra part au lancement de la premi\u00e8re biennale des arts islamiques Islamiques 2023\u2033. La premi\u00e8re \u00e9dition de la Biennale des arts islamiques, consid\u00e9r\u00e9e comme un \u00e9v\u00e9nement artistique international annuel, est&#8230;..<\/p>\n","protected":false},"author":3,"featured_media":3507,"comment_status":"open","ping_status":"open","sticky":false,"template":"","format":"standard","meta":{"footnotes":""},"categories":[23,49],"tags":[],"class_list":["post-3506","post","type-post","status-publish","format-standard","has-post-thumbnail","hentry","category-actualite","category-economie"],"yoast_head":"<!-- This site is optimized with the Yoast SEO plugin v27.5 - https:\/\/yoast.com\/product\/yoast-seo-wordpress\/ -->\n<title>La ministre de la Fonction publique se rend au Royaume d\u2019Arabie saoudite - Le Quotidien de Nouakchott<\/title>\n<meta name=\"robots\" content=\"index, follow, max-snippet:-1, max-image-preview:large, max-video-preview:-1\" \/>\n<link rel=\"canonical\" href=\"https:\/\/lequotidien.mr\/?p=3506&lang=fr\" \/>\n<meta property=\"og:locale\" content=\"ar_AR\" \/>\n<meta property=\"og:type\" content=\"article\" \/>\n<meta property=\"og:title\" content=\"La ministre de la Fonction publique se rend au Royaume d\u2019Arabie saoudite - Le Quotidien de Nouakchott\" \/>\n<meta property=\"og:description\" content=\"La Ministre de la Fonction Publique et du Travail, Mme Zeinebou Mint Hmednah a quitt\u00e9 Nouakchott; vendredi, \u00e0 destination du Royaume d\u2019Arabie Saoudite, o\u00f9 elle prendra part au lancement de la premi\u00e8re biennale des arts islamiques Islamiques 2023\u2033. La premi\u00e8re \u00e9dition de la Biennale des arts islamiques, consid\u00e9r\u00e9e comme un \u00e9v\u00e9nement artistique international annuel, est.....\" \/>\n<meta property=\"og:url\" content=\"https:\/\/lequotidien.mr\/?p=3506&amp;lang=fr\" \/>\n<meta property=\"og:site_name\" content=\"Le Quotidien de Nouakchott\" \/>\n<meta property=\"article:publisher\" content=\"https:\/\/web.facebook.com\/lequotidienmr\" \/>\n<meta property=\"article:author\" content=\"https:\/\/web.facebook.com\/a.mleiwih\" \/>\n<meta property=\"article:published_time\" content=\"2023-01-21T10:05:21+00:00\" \/>\n<meta property=\"og:image\" content=\"https:\/\/lequotidien.mr\/wp-content\/uploads\/2023\/01\/02-04-2022-MSGG.jpg\" \/>\n\t<meta property=\"og:image:width\" content=\"800\" \/>\n\t<meta property=\"og:image:height\" content=\"533\" \/>\n\t<meta property=\"og:image:type\" content=\"image\/jpeg\" \/>\n<meta name=\"author\" content=\"Alioun M&#039;leiwih\" \/>\n<meta name=\"twitter:card\" content=\"summary_large_image\" \/>\n<meta name=\"twitter:creator\" content=\"@lequotidienmr\" \/>\n<meta name=\"twitter:site\" content=\"@lequotidienmr\" \/>\n<meta name=\"twitter:label1\" content=\"\u0643\u064f\u062a\u0628 \u0628\u0648\u0627\u0633\u0637\u0629\" \/>\n\t<meta name=\"twitter:data1\" content=\"Alioun M&#039;leiwih\" \/>\n\t<meta name=\"twitter:label2\" content=\"\u0648\u0642\u062a \u0627\u0644\u0642\u0631\u0627\u0621\u0629 \u0627\u0644\u0645\u064f\u0642\u062f\u0651\u0631\" \/>\n\t<meta name=\"twitter:data2\" content=\"\u062f\u0642\u064a\u0642\u062a\u0627\u0646\" \/>\n<script type=\"application\/ld+json\" class=\"yoast-schema-graph\">{\"@context\":\"https:\\\/\\\/schema.org\",\"@graph\":[{\"@type\":\"Article\",\"@id\":\"https:\\\/\\\/lequotidien.mr\\\/?p=3506&lang=fr#article\",\"isPartOf\":{\"@id\":\"https:\\\/\\\/lequotidien.mr\\\/?p=3506&lang=fr\"},\"author\":{\"name\":\"Alioun M'leiwih\",\"@id\":\"https:\\\/\\\/lequotidien.mr\\\/#\\\/schema\\\/person\\\/69d1518c74c9137087929a20b1272cb0\"},\"headline\":\"La ministre de la Fonction publique se rend au Royaume d\u2019Arabie saoudite\",\"datePublished\":\"2023-01-21T10:05:21+00:00\",\"mainEntityOfPage\":{\"@id\":\"https:\\\/\\\/lequotidien.mr\\\/?p=3506&lang=fr\"},\"wordCount\":331,\"commentCount\":0,\"publisher\":{\"@id\":\"https:\\\/\\\/lequotidien.mr\\\/#organization\"},\"image\":{\"@id\":\"https:\\\/\\\/lequotidien.mr\\\/?p=3506&lang=fr#primaryimage\"},\"thumbnailUrl\":\"https:\\\/\\\/lequotidien.mr\\\/wp-content\\\/uploads\\\/2023\\\/01\\\/02-04-2022-MSGG.jpg\",\"articleSection\":[\"ACTUALIT\u00c9\",\"Economie\"],\"inLanguage\":\"ar\",\"potentialAction\":[{\"@type\":\"CommentAction\",\"name\":\"Comment\",\"target\":[\"https:\\\/\\\/lequotidien.mr\\\/?p=3506&lang=fr#respond\"]}]},{\"@type\":\"WebPage\",\"@id\":\"https:\\\/\\\/lequotidien.mr\\\/?p=3506&lang=fr\",\"url\":\"https:\\\/\\\/lequotidien.mr\\\/?p=3506&lang=fr\",\"name\":\"La ministre de la Fonction publique se rend au Royaume d\u2019Arabie saoudite - Le Quotidien de Nouakchott\",\"isPartOf\":{\"@id\":\"https:\\\/\\\/lequotidien.mr\\\/#website\"},\"primaryImageOfPage\":{\"@id\":\"https:\\\/\\\/lequotidien.mr\\\/?p=3506&lang=fr#primaryimage\"},\"image\":{\"@id\":\"https:\\\/\\\/lequotidien.mr\\\/?p=3506&lang=fr#primaryimage\"},\"thumbnailUrl\":\"https:\\\/\\\/lequotidien.mr\\\/wp-content\\\/uploads\\\/2023\\\/01\\\/02-04-2022-MSGG.jpg\",\"datePublished\":\"2023-01-21T10:05:21+00:00\",\"breadcrumb\":{\"@id\":\"https:\\\/\\\/lequotidien.mr\\\/?p=3506&lang=fr#breadcrumb\"},\"inLanguage\":\"ar\",\"potentialAction\":[{\"@type\":\"ReadAction\",\"target\":[\"https:\\\/\\\/lequotidien.mr\\\/?p=3506&lang=fr\"]}]},{\"@type\":\"ImageObject\",\"inLanguage\":\"ar\",\"@id\":\"https:\\\/\\\/lequotidien.mr\\\/?p=3506&lang=fr#primaryimage\",\"url\":\"https:\\\/\\\/lequotidien.mr\\\/wp-content\\\/uploads\\\/2023\\\/01\\\/02-04-2022-MSGG.jpg\",\"contentUrl\":\"https:\\\/\\\/lequotidien.mr\\\/wp-content\\\/uploads\\\/2023\\\/01\\\/02-04-2022-MSGG.jpg\",\"width\":800,\"height\":533},{\"@type\":\"BreadcrumbList\",\"@id\":\"https:\\\/\\\/lequotidien.mr\\\/?p=3506&lang=fr#breadcrumb\",\"itemListElement\":[{\"@type\":\"ListItem\",\"position\":1,\"name\":\"Home\",\"item\":\"https:\\\/\\\/lequotidien.mr\\\/\"},{\"@type\":\"ListItem\",\"position\":2,\"name\":\"La ministre de la Fonction publique se rend au Royaume d\u2019Arabie saoudite\"}]},{\"@type\":\"WebSite\",\"@id\":\"https:\\\/\\\/lequotidien.mr\\\/#website\",\"url\":\"https:\\\/\\\/lequotidien.mr\\\/\",\"name\":\"Le Quotidien de Nouakchott\",\"description\":\"\u0625\u062e\u0628\u0627\u0631\u064a\u0629 \u0645\u0633\u062a\u0642\u0644\u0629 \u0644\u0644\u0623\u0646\u0628\u0627\u0621 \u0627\u0644\u0639\u0627\u0645\u0629\",\"publisher\":{\"@id\":\"https:\\\/\\\/lequotidien.mr\\\/#organization\"},\"potentialAction\":[{\"@type\":\"SearchAction\",\"target\":{\"@type\":\"EntryPoint\",\"urlTemplate\":\"https:\\\/\\\/lequotidien.mr\\\/?s={search_term_string}\"},\"query-input\":{\"@type\":\"PropertyValueSpecification\",\"valueRequired\":true,\"valueName\":\"search_term_string\"}}],\"inLanguage\":\"ar\"},{\"@type\":\"Organization\",\"@id\":\"https:\\\/\\\/lequotidien.mr\\\/#organization\",\"name\":\"Le Quotidien de Nouakchott\",\"url\":\"https:\\\/\\\/lequotidien.mr\\\/\",\"logo\":{\"@type\":\"ImageObject\",\"inLanguage\":\"ar\",\"@id\":\"https:\\\/\\\/lequotidien.mr\\\/#\\\/schema\\\/logo\\\/image\\\/\",\"url\":\"https:\\\/\\\/lequotidien.mr\\\/wp-content\\\/uploads\\\/2022\\\/11\\\/logolequotidien.jpg\",\"contentUrl\":\"https:\\\/\\\/lequotidien.mr\\\/wp-content\\\/uploads\\\/2022\\\/11\\\/logolequotidien.jpg\",\"width\":290,\"height\":65,\"caption\":\"Le Quotidien de Nouakchott\"},\"image\":{\"@id\":\"https:\\\/\\\/lequotidien.mr\\\/#\\\/schema\\\/logo\\\/image\\\/\"},\"sameAs\":[\"https:\\\/\\\/web.facebook.com\\\/lequotidienmr\",\"https:\\\/\\\/x.com\\\/lequotidienmr\"]},{\"@type\":\"Person\",\"@id\":\"https:\\\/\\\/lequotidien.mr\\\/#\\\/schema\\\/person\\\/69d1518c74c9137087929a20b1272cb0\",\"name\":\"Alioun M'leiwih\",\"image\":{\"@type\":\"ImageObject\",\"inLanguage\":\"ar\",\"@id\":\"https:\\\/\\\/secure.gravatar.com\\\/avatar\\\/01f9d357222d7d4ca8f71662f4b081718f06d25b11fc45662ecca0622d507e51?s=96&d=mm&r=g\",\"url\":\"https:\\\/\\\/secure.gravatar.com\\\/avatar\\\/01f9d357222d7d4ca8f71662f4b081718f06d25b11fc45662ecca0622d507e51?s=96&d=mm&r=g\",\"contentUrl\":\"https:\\\/\\\/secure.gravatar.com\\\/avatar\\\/01f9d357222d7d4ca8f71662f4b081718f06d25b11fc45662ecca0622d507e51?s=96&d=mm&r=g\",\"caption\":\"Alioun M'leiwih\"},\"sameAs\":[\"https:\\\/\\\/lequotidien.mr\\\/\",\"https:\\\/\\\/web.facebook.com\\\/a.mleiwih\",\"https:\\\/\\\/www.linkedin.com\\\/in\\\/alimlewih\\\/\"],\"url\":\"https:\\\/\\\/lequotidien.mr\\\/?author=3\"}]}<\/script>\n<!-- \/ Yoast SEO plugin. -->","yoast_head_json":{"title":"La ministre de la Fonction publique se rend au Royaume d\u2019Arabie saoudite - Le Quotidien de Nouakchott","robots":{"index":"index","follow":"follow","max-snippet":"max-snippet:-1","max-image-preview":"max-image-preview:large","max-video-preview":"max-video-preview:-1"},"canonical":"https:\/\/lequotidien.mr\/?p=3506&lang=fr","og_locale":"ar_AR","og_type":"article","og_title":"La ministre de la Fonction publique se rend au Royaume d\u2019Arabie saoudite - Le Quotidien de Nouakchott","og_description":"La Ministre de la Fonction Publique et du Travail, Mme Zeinebou Mint Hmednah a quitt\u00e9 Nouakchott; vendredi, \u00e0 destination du Royaume d\u2019Arabie Saoudite, o\u00f9 elle prendra part au lancement de la premi\u00e8re biennale des arts islamiques Islamiques 2023\u2033. La premi\u00e8re \u00e9dition de la Biennale des arts islamiques, consid\u00e9r\u00e9e comme un \u00e9v\u00e9nement artistique international annuel, est.....","og_url":"https:\/\/lequotidien.mr\/?p=3506&lang=fr","og_site_name":"Le Quotidien de Nouakchott","article_publisher":"https:\/\/web.facebook.com\/lequotidienmr","article_author":"https:\/\/web.facebook.com\/a.mleiwih","article_published_time":"2023-01-21T10:05:21+00:00","og_image":[{"width":800,"height":533,"url":"https:\/\/lequotidien.mr\/wp-content\/uploads\/2023\/01\/02-04-2022-MSGG.jpg","type":"image\/jpeg"}],"author":"Alioun M'leiwih","twitter_card":"summary_large_image","twitter_creator":"@lequotidienmr","twitter_site":"@lequotidienmr","twitter_misc":{"\u0643\u064f\u062a\u0628 \u0628\u0648\u0627\u0633\u0637\u0629":"Alioun M'leiwih","\u0648\u0642\u062a \u0627\u0644\u0642\u0631\u0627\u0621\u0629 \u0627\u0644\u0645\u064f\u0642\u062f\u0651\u0631":"\u062f\u0642\u064a\u0642\u062a\u0627\u0646"},"schema":{"@context":"https:\/\/schema.org","@graph":[{"@type":"Article","@id":"https:\/\/lequotidien.mr\/?p=3506&lang=fr#article","isPartOf":{"@id":"https:\/\/lequotidien.mr\/?p=3506&lang=fr"},"author":{"name":"Alioun M'leiwih","@id":"https:\/\/lequotidien.mr\/#\/schema\/person\/69d1518c74c9137087929a20b1272cb0"},"headline":"La ministre de la Fonction publique se rend au Royaume d\u2019Arabie saoudite","datePublished":"2023-01-21T10:05:21+00:00","mainEntityOfPage":{"@id":"https:\/\/lequotidien.mr\/?p=3506&lang=fr"},"wordCount":331,"commentCount":0,"publisher":{"@id":"https:\/\/lequotidien.mr\/#organization"},"image":{"@id":"https:\/\/lequotidien.mr\/?p=3506&lang=fr#primaryimage"},"thumbnailUrl":"https:\/\/lequotidien.mr\/wp-content\/uploads\/2023\/01\/02-04-2022-MSGG.jpg","articleSection":["ACTUALIT\u00c9","Economie"],"inLanguage":"ar","potentialAction":[{"@type":"CommentAction","name":"Comment","target":["https:\/\/lequotidien.mr\/?p=3506&lang=fr#respond"]}]},{"@type":"WebPage","@id":"https:\/\/lequotidien.mr\/?p=3506&lang=fr","url":"https:\/\/lequotidien.mr\/?p=3506&lang=fr","name":"La ministre de la Fonction publique se rend au Royaume d\u2019Arabie saoudite - Le Quotidien de Nouakchott","isPartOf":{"@id":"https:\/\/lequotidien.mr\/#website"},"primaryImageOfPage":{"@id":"https:\/\/lequotidien.mr\/?p=3506&lang=fr#primaryimage"},"image":{"@id":"https:\/\/lequotidien.mr\/?p=3506&lang=fr#primaryimage"},"thumbnailUrl":"https:\/\/lequotidien.mr\/wp-content\/uploads\/2023\/01\/02-04-2022-MSGG.jpg","datePublished":"2023-01-21T10:05:21+00:00","breadcrumb":{"@id":"https:\/\/lequotidien.mr\/?p=3506&lang=fr#breadcrumb"},"inLanguage":"ar","potentialAction":[{"@type":"ReadAction","target":["https:\/\/lequotidien.mr\/?p=3506&lang=fr"]}]},{"@type":"ImageObject","inLanguage":"ar","@id":"https:\/\/lequotidien.mr\/?p=3506&lang=fr#primaryimage","url":"https:\/\/lequotidien.mr\/wp-content\/uploads\/2023\/01\/02-04-2022-MSGG.jpg","contentUrl":"https:\/\/lequotidien.mr\/wp-content\/uploads\/2023\/01\/02-04-2022-MSGG.jpg","width":800,"height":533},{"@type":"BreadcrumbList","@id":"https:\/\/lequotidien.mr\/?p=3506&lang=fr#breadcrumb","itemListElement":[{"@type":"ListItem","position":1,"name":"Home","item":"https:\/\/lequotidien.mr\/"},{"@type":"ListItem","position":2,"name":"La ministre de la Fonction publique se rend au Royaume d\u2019Arabie saoudite"}]},{"@type":"WebSite","@id":"https:\/\/lequotidien.mr\/#website","url":"https:\/\/lequotidien.mr\/","name":"Le Quotidien de Nouakchott","description":"\u0625\u062e\u0628\u0627\u0631\u064a\u0629 \u0645\u0633\u062a\u0642\u0644\u0629 \u0644\u0644\u0623\u0646\u0628\u0627\u0621 \u0627\u0644\u0639\u0627\u0645\u0629","publisher":{"@id":"https:\/\/lequotidien.mr\/#organization"},"potentialAction":[{"@type":"SearchAction","target":{"@type":"EntryPoint","urlTemplate":"https:\/\/lequotidien.mr\/?s={search_term_string}"},"query-input":{"@type":"PropertyValueSpecification","valueRequired":true,"valueName":"search_term_string"}}],"inLanguage":"ar"},{"@type":"Organization","@id":"https:\/\/lequotidien.mr\/#organization","name":"Le Quotidien de Nouakchott","url":"https:\/\/lequotidien.mr\/","logo":{"@type":"ImageObject","inLanguage":"ar","@id":"https:\/\/lequotidien.mr\/#\/schema\/logo\/image\/","url":"https:\/\/lequotidien.mr\/wp-content\/uploads\/2022\/11\/logolequotidien.jpg","contentUrl":"https:\/\/lequotidien.mr\/wp-content\/uploads\/2022\/11\/logolequotidien.jpg","width":290,"height":65,"caption":"Le Quotidien de Nouakchott"},"image":{"@id":"https:\/\/lequotidien.mr\/#\/schema\/logo\/image\/"},"sameAs":["https:\/\/web.facebook.com\/lequotidienmr","https:\/\/x.com\/lequotidienmr"]},{"@type":"Person","@id":"https:\/\/lequotidien.mr\/#\/schema\/person\/69d1518c74c9137087929a20b1272cb0","name":"Alioun M'leiwih","image":{"@type":"ImageObject","inLanguage":"ar","@id":"https:\/\/secure.gravatar.com\/avatar\/01f9d357222d7d4ca8f71662f4b081718f06d25b11fc45662ecca0622d507e51?s=96&d=mm&r=g","url":"https:\/\/secure.gravatar.com\/avatar\/01f9d357222d7d4ca8f71662f4b081718f06d25b11fc45662ecca0622d507e51?s=96&d=mm&r=g","contentUrl":"https:\/\/secure.gravatar.com\/avatar\/01f9d357222d7d4ca8f71662f4b081718f06d25b11fc45662ecca0622d507e51?s=96&d=mm&r=g","caption":"Alioun M'leiwih"},"sameAs":["https:\/\/lequotidien.mr\/","https:\/\/web.facebook.com\/a.mleiwih","https:\/\/www.linkedin.com\/in\/alimlewih\/"],"url":"https:\/\/lequotidien.mr\/?author=3"}]}},"_links":{"self":[{"href":"https:\/\/lequotidien.mr\/index.php?rest_route=\/wp\/v2\/posts\/3506","targetHints":{"allow":["GET"]}}],"collection":[{"href":"https:\/\/lequotidien.mr\/index.php?rest_route=\/wp\/v2\/posts"}],"about":[{"href":"https:\/\/lequotidien.mr\/index.php?rest_route=\/wp\/v2\/types\/post"}],"author":[{"embeddable":true,"href":"https:\/\/lequotidien.mr\/index.php?rest_route=\/wp\/v2\/users\/3"}],"replies":[{"embeddable":true,"href":"https:\/\/lequotidien.mr\/index.php?rest_route=%2Fwp%2Fv2%2Fcomments&post=3506"}],"version-history":[{"count":1,"href":"https:\/\/lequotidien.mr\/index.php?rest_route=\/wp\/v2\/posts\/3506\/revisions"}],"predecessor-version":[{"id":3508,"href":"https:\/\/lequotidien.mr\/index.php?rest_route=\/wp\/v2\/posts\/3506\/revisions\/3508"}],"wp:featuredmedia":[{"embeddable":true,"href":"https:\/\/lequotidien.mr\/index.php?rest_route=\/wp\/v2\/media\/3507"}],"wp:attachment":[{"href":"https:\/\/lequotidien.mr\/index.php?rest_route=%2Fwp%2Fv2%2Fmedia&parent=3506"}],"wp:term":[{"taxonomy":"category","embeddable":true,"href":"https:\/\/lequotidien.mr\/index.php?rest_route=%2Fwp%2Fv2%2Fcategories&post=3506"},{"taxonomy":"post_tag","embeddable":true,"href":"https:\/\/lequotidien.mr\/index.php?rest_route=%2Fwp%2Fv2%2Ftags&post=3506"}],"curies":[{"name":"wp","href":"https:\/\/api.w.org\/{rel}","templated":true}]}}