{"id":34932,"date":"2026-03-03T11:08:46","date_gmt":"2026-03-03T11:08:46","guid":{"rendered":"https:\/\/lequotidien.mr\/?p=34932"},"modified":"2026-03-03T11:08:46","modified_gmt":"2026-03-03T11:08:46","slug":"ely-ould-el-ferik-lance-la-concertation-pour-la-deuxieme-phase-du-programme-durgence-de-developpement-de-nouakchott","status":"publish","type":"post","link":"https:\/\/lequotidien.mr\/?p=34932&lang=fr","title":{"rendered":"Ely Ould El Ferik lance la concertation pour la deuxi\u00e8me phase du programme d\u2019urgence de d\u00e9veloppement de Nouakchott"},"content":{"rendered":"<p>Le ministre de l\u2019\u00c9quipement et des Transports, <strong>Ely \u00a0Ould El Ferik<\/strong>, a pr\u00e9sid\u00e9 ce jour, au si\u00e8ge du minist\u00e8re \u00e0 Nouakchott, une r\u00e9union de coordination consacr\u00e9e \u00e0 la pr\u00e9paration de la deuxi\u00e8me phase du programme d\u2019urgence pour le d\u00e9veloppement de la capitale.<\/p>\n<p>La rencontre a r\u00e9uni le wali de la r\u00e9gion de Nouakchott Ouest, ainsi que les hakems \u00a0\u00a0des diff\u00e9rentes moughataas et les maires des communes relevant de la wilaya.<\/p>\n<h3>Priorit\u00e9 aux routes urbaines et \u00e0 la fluidit\u00e9 du trafic<\/h3>\n<p>Les \u00e9changes ont port\u00e9 principalement sur les priorit\u00e9s en mati\u00e8re de voirie urbaine. Les discussions ont notamment concern\u00e9 : le d\u00e9senclavement des quartiers r\u00e9sidentiels, l\u2019am\u00e9lioration de la fluidit\u00e9 de la circulation, le renforcement de la s\u00e9curit\u00e9 routi\u00e8re\u00a0 et la r\u00e9solution des probl\u00e9matiques structurelles li\u00e9es aux infrastructures existantes.<\/p>\n<p>Les participants ont \u00e9galement examin\u00e9 les principales contraintes observ\u00e9es sur le terrain et \u00e9labor\u00e9 une vision op\u00e9rationnelle visant \u00e0 orienter les interventions futures en fonction des besoins urgents des habitants.<\/p>\n<h3>Une approche participative mise en avant<\/h3>\n<p>Au cours de la r\u00e9union, le ministre a soulign\u00e9 l\u2019importance d\u2019adopter une approche participative dans la planification et l\u2019ex\u00e9cution des projets, \u00e0 travers l\u2019implication active des autorit\u00e9s administratives et municipales.<\/p>\n<p>Il a pr\u00e9cis\u00e9 que la deuxi\u00e8me phase du programme accordera une attention particuli\u00e8re aux axes urbains \u00e0 forte densit\u00e9 d\u00e9mographique, dans le but de r\u00e9duire les embouteillages et d\u2019am\u00e9liorer les conditions de mobilit\u00e9 au sein de la capitale.<\/p>\n<p>Cette rencontre s\u2019inscrit dans une s\u00e9rie de consultations engag\u00e9es par le minist\u00e8re avec les autorit\u00e9s r\u00e9gionales et communales des trois wilayas de Nouakchott, afin d\u2019assurer une meilleure coordination et une mise en \u0153uvre efficace du programme d\u2019urgence.<\/p>\n","protected":false},"excerpt":{"rendered":"<p>Le ministre de l\u2019\u00c9quipement et des Transports, Ely \u00a0Ould El Ferik, a pr\u00e9sid\u00e9 ce jour, au si\u00e8ge du minist\u00e8re \u00e0 Nouakchott, une r\u00e9union de coordination consacr\u00e9e \u00e0 la pr\u00e9paration de la deuxi\u00e8me phase du programme d\u2019urgence pour le d\u00e9veloppement de la capitale. La rencontre a r\u00e9uni le wali de la r\u00e9gion de Nouakchott Ouest, ainsi&#8230;..<\/p>\n","protected":false},"author":4,"featured_media":34933,"comment_status":"open","ping_status":"open","sticky":false,"template":"","format":"standard","meta":{"footnotes":""},"categories":[15],"tags":[],"class_list":["post-34932","post","type-post","status-publish","format-standard","has-post-thumbnail","hentry","category-uncategorized-fr"],"yoast_head":"<!-- This site is optimized with the Yoast SEO plugin v27.5 - https:\/\/yoast.com\/product\/yoast-seo-wordpress\/ -->\n<title>Ely Ould El Ferik lance la concertation pour la deuxi\u00e8me phase du programme d\u2019urgence de d\u00e9veloppement de Nouakchott - Le Quotidien de Nouakchott<\/title>\n<meta name=\"robots\" content=\"index, follow, max-snippet:-1, max-image-preview:large, max-video-preview:-1\" \/>\n<link rel=\"canonical\" href=\"https:\/\/lequotidien.mr\/?p=34932&lang=fr\" \/>\n<meta property=\"og:locale\" content=\"ar_AR\" \/>\n<meta property=\"og:type\" content=\"article\" \/>\n<meta property=\"og:title\" content=\"Ely Ould El Ferik lance la concertation pour la deuxi\u00e8me phase du programme d\u2019urgence de d\u00e9veloppement de Nouakchott - Le Quotidien de Nouakchott\" \/>\n<meta property=\"og:description\" content=\"Le ministre de l\u2019\u00c9quipement et des Transports, Ely \u00a0Ould El Ferik, a pr\u00e9sid\u00e9 ce jour, au si\u00e8ge du minist\u00e8re \u00e0 Nouakchott, une r\u00e9union de coordination consacr\u00e9e \u00e0 la pr\u00e9paration de la deuxi\u00e8me phase du programme d\u2019urgence pour le d\u00e9veloppement de la capitale. La rencontre a r\u00e9uni le wali de la r\u00e9gion de Nouakchott Ouest, ainsi.....\" \/>\n<meta property=\"og:url\" content=\"https:\/\/lequotidien.mr\/?p=34932&amp;lang=fr\" \/>\n<meta property=\"og:site_name\" content=\"Le Quotidien de Nouakchott\" \/>\n<meta property=\"article:publisher\" content=\"https:\/\/web.facebook.com\/lequotidienmr\" \/>\n<meta property=\"article:published_time\" content=\"2026-03-03T11:08:46+00:00\" \/>\n<meta property=\"og:image\" content=\"https:\/\/lequotidien.mr\/wp-content\/uploads\/2026\/03\/IMG-20260303-WA0005.jpg\" \/>\n\t<meta property=\"og:image:width\" content=\"1290\" \/>\n\t<meta property=\"og:image:height\" content=\"1152\" \/>\n\t<meta property=\"og:image:type\" content=\"image\/jpeg\" \/>\n<meta name=\"author\" content=\"Le Quotidien\" \/>\n<meta name=\"twitter:card\" content=\"summary_large_image\" \/>\n<meta name=\"twitter:creator\" content=\"@lequotidienmr\" \/>\n<meta name=\"twitter:site\" content=\"@lequotidienmr\" \/>\n<meta name=\"twitter:label1\" content=\"\u0643\u064f\u062a\u0628 \u0628\u0648\u0627\u0633\u0637\u0629\" \/>\n\t<meta name=\"twitter:data1\" content=\"Le Quotidien\" \/>\n\t<meta name=\"twitter:label2\" content=\"\u0648\u0642\u062a \u0627\u0644\u0642\u0631\u0627\u0621\u0629 \u0627\u0644\u0645\u064f\u0642\u062f\u0651\u0631\" \/>\n\t<meta name=\"twitter:data2\" content=\"3 \u062f\u0642\u0627\u0626\u0642\" \/>\n<script type=\"application\/ld+json\" class=\"yoast-schema-graph\">{\"@context\":\"https:\\\/\\\/schema.org\",\"@graph\":[{\"@type\":\"Article\",\"@id\":\"https:\\\/\\\/lequotidien.mr\\\/?p=34932&lang=fr#article\",\"isPartOf\":{\"@id\":\"https:\\\/\\\/lequotidien.mr\\\/?p=34932&lang=fr\"},\"author\":{\"name\":\"Le Quotidien\",\"@id\":\"https:\\\/\\\/lequotidien.mr\\\/#\\\/schema\\\/person\\\/f90fcdaa970c60288de4ed2e64a56472\"},\"headline\":\"Ely Ould El Ferik lance la concertation pour la deuxi\u00e8me phase du programme d\u2019urgence de d\u00e9veloppement de Nouakchott\",\"datePublished\":\"2026-03-03T11:08:46+00:00\",\"mainEntityOfPage\":{\"@id\":\"https:\\\/\\\/lequotidien.mr\\\/?p=34932&lang=fr\"},\"wordCount\":330,\"commentCount\":0,\"publisher\":{\"@id\":\"https:\\\/\\\/lequotidien.mr\\\/#organization\"},\"image\":{\"@id\":\"https:\\\/\\\/lequotidien.mr\\\/?p=34932&lang=fr#primaryimage\"},\"thumbnailUrl\":\"https:\\\/\\\/lequotidien.mr\\\/wp-content\\\/uploads\\\/2026\\\/03\\\/IMG-20260303-WA0005.jpg\",\"articleSection\":[\"Uncategorized\"],\"inLanguage\":\"ar\",\"potentialAction\":[{\"@type\":\"CommentAction\",\"name\":\"Comment\",\"target\":[\"https:\\\/\\\/lequotidien.mr\\\/?p=34932&lang=fr#respond\"]}]},{\"@type\":\"WebPage\",\"@id\":\"https:\\\/\\\/lequotidien.mr\\\/?p=34932&lang=fr\",\"url\":\"https:\\\/\\\/lequotidien.mr\\\/?p=34932&lang=fr\",\"name\":\"Ely Ould El Ferik lance la concertation pour la deuxi\u00e8me phase du programme d\u2019urgence de d\u00e9veloppement de Nouakchott - Le Quotidien de Nouakchott\",\"isPartOf\":{\"@id\":\"https:\\\/\\\/lequotidien.mr\\\/#website\"},\"primaryImageOfPage\":{\"@id\":\"https:\\\/\\\/lequotidien.mr\\\/?p=34932&lang=fr#primaryimage\"},\"image\":{\"@id\":\"https:\\\/\\\/lequotidien.mr\\\/?p=34932&lang=fr#primaryimage\"},\"thumbnailUrl\":\"https:\\\/\\\/lequotidien.mr\\\/wp-content\\\/uploads\\\/2026\\\/03\\\/IMG-20260303-WA0005.jpg\",\"datePublished\":\"2026-03-03T11:08:46+00:00\",\"breadcrumb\":{\"@id\":\"https:\\\/\\\/lequotidien.mr\\\/?p=34932&lang=fr#breadcrumb\"},\"inLanguage\":\"ar\",\"potentialAction\":[{\"@type\":\"ReadAction\",\"target\":[\"https:\\\/\\\/lequotidien.mr\\\/?p=34932&lang=fr\"]}]},{\"@type\":\"ImageObject\",\"inLanguage\":\"ar\",\"@id\":\"https:\\\/\\\/lequotidien.mr\\\/?p=34932&lang=fr#primaryimage\",\"url\":\"https:\\\/\\\/lequotidien.mr\\\/wp-content\\\/uploads\\\/2026\\\/03\\\/IMG-20260303-WA0005.jpg\",\"contentUrl\":\"https:\\\/\\\/lequotidien.mr\\\/wp-content\\\/uploads\\\/2026\\\/03\\\/IMG-20260303-WA0005.jpg\",\"width\":1290,\"height\":1152},{\"@type\":\"BreadcrumbList\",\"@id\":\"https:\\\/\\\/lequotidien.mr\\\/?p=34932&lang=fr#breadcrumb\",\"itemListElement\":[{\"@type\":\"ListItem\",\"position\":1,\"name\":\"Home\",\"item\":\"https:\\\/\\\/lequotidien.mr\\\/\"},{\"@type\":\"ListItem\",\"position\":2,\"name\":\"Ely Ould El Ferik lance la concertation pour la deuxi\u00e8me phase du programme d\u2019urgence de d\u00e9veloppement de Nouakchott\"}]},{\"@type\":\"WebSite\",\"@id\":\"https:\\\/\\\/lequotidien.mr\\\/#website\",\"url\":\"https:\\\/\\\/lequotidien.mr\\\/\",\"name\":\"Le Quotidien de Nouakchott\",\"description\":\"\u0625\u062e\u0628\u0627\u0631\u064a\u0629 \u0645\u0633\u062a\u0642\u0644\u0629 \u0644\u0644\u0623\u0646\u0628\u0627\u0621 \u0627\u0644\u0639\u0627\u0645\u0629\",\"publisher\":{\"@id\":\"https:\\\/\\\/lequotidien.mr\\\/#organization\"},\"potentialAction\":[{\"@type\":\"SearchAction\",\"target\":{\"@type\":\"EntryPoint\",\"urlTemplate\":\"https:\\\/\\\/lequotidien.mr\\\/?s={search_term_string}\"},\"query-input\":{\"@type\":\"PropertyValueSpecification\",\"valueRequired\":true,\"valueName\":\"search_term_string\"}}],\"inLanguage\":\"ar\"},{\"@type\":\"Organization\",\"@id\":\"https:\\\/\\\/lequotidien.mr\\\/#organization\",\"name\":\"Le Quotidien de Nouakchott\",\"url\":\"https:\\\/\\\/lequotidien.mr\\\/\",\"logo\":{\"@type\":\"ImageObject\",\"inLanguage\":\"ar\",\"@id\":\"https:\\\/\\\/lequotidien.mr\\\/#\\\/schema\\\/logo\\\/image\\\/\",\"url\":\"https:\\\/\\\/lequotidien.mr\\\/wp-content\\\/uploads\\\/2022\\\/11\\\/logolequotidien.jpg\",\"contentUrl\":\"https:\\\/\\\/lequotidien.mr\\\/wp-content\\\/uploads\\\/2022\\\/11\\\/logolequotidien.jpg\",\"width\":290,\"height\":65,\"caption\":\"Le Quotidien de Nouakchott\"},\"image\":{\"@id\":\"https:\\\/\\\/lequotidien.mr\\\/#\\\/schema\\\/logo\\\/image\\\/\"},\"sameAs\":[\"https:\\\/\\\/web.facebook.com\\\/lequotidienmr\",\"https:\\\/\\\/x.com\\\/lequotidienmr\"]},{\"@type\":\"Person\",\"@id\":\"https:\\\/\\\/lequotidien.mr\\\/#\\\/schema\\\/person\\\/f90fcdaa970c60288de4ed2e64a56472\",\"name\":\"Le Quotidien\",\"image\":{\"@type\":\"ImageObject\",\"inLanguage\":\"ar\",\"@id\":\"https:\\\/\\\/secure.gravatar.com\\\/avatar\\\/374cb39a1a458a912465a93e5a3ce6546886fc3da809a1f10c63e4e8fcbca30f?s=96&d=mm&r=g\",\"url\":\"https:\\\/\\\/secure.gravatar.com\\\/avatar\\\/374cb39a1a458a912465a93e5a3ce6546886fc3da809a1f10c63e4e8fcbca30f?s=96&d=mm&r=g\",\"contentUrl\":\"https:\\\/\\\/secure.gravatar.com\\\/avatar\\\/374cb39a1a458a912465a93e5a3ce6546886fc3da809a1f10c63e4e8fcbca30f?s=96&d=mm&r=g\",\"caption\":\"Le Quotidien\"},\"sameAs\":[\"https:\\\/\\\/lequotidien.mr\\\/\"],\"url\":\"https:\\\/\\\/lequotidien.mr\\\/?author=4\"}]}<\/script>\n<!-- \/ Yoast SEO plugin. -->","yoast_head_json":{"title":"Ely Ould El Ferik lance la concertation pour la deuxi\u00e8me phase du programme d\u2019urgence de d\u00e9veloppement de Nouakchott - Le Quotidien de Nouakchott","robots":{"index":"index","follow":"follow","max-snippet":"max-snippet:-1","max-image-preview":"max-image-preview:large","max-video-preview":"max-video-preview:-1"},"canonical":"https:\/\/lequotidien.mr\/?p=34932&lang=fr","og_locale":"ar_AR","og_type":"article","og_title":"Ely Ould El Ferik lance la concertation pour la deuxi\u00e8me phase du programme d\u2019urgence de d\u00e9veloppement de Nouakchott - Le Quotidien de Nouakchott","og_description":"Le ministre de l\u2019\u00c9quipement et des Transports, Ely \u00a0Ould El Ferik, a pr\u00e9sid\u00e9 ce jour, au si\u00e8ge du minist\u00e8re \u00e0 Nouakchott, une r\u00e9union de coordination consacr\u00e9e \u00e0 la pr\u00e9paration de la deuxi\u00e8me phase du programme d\u2019urgence pour le d\u00e9veloppement de la capitale. La rencontre a r\u00e9uni le wali de la r\u00e9gion de Nouakchott Ouest, ainsi.....","og_url":"https:\/\/lequotidien.mr\/?p=34932&lang=fr","og_site_name":"Le Quotidien de Nouakchott","article_publisher":"https:\/\/web.facebook.com\/lequotidienmr","article_published_time":"2026-03-03T11:08:46+00:00","og_image":[{"width":1290,"height":1152,"url":"https:\/\/lequotidien.mr\/wp-content\/uploads\/2026\/03\/IMG-20260303-WA0005.jpg","type":"image\/jpeg"}],"author":"Le Quotidien","twitter_card":"summary_large_image","twitter_creator":"@lequotidienmr","twitter_site":"@lequotidienmr","twitter_misc":{"\u0643\u064f\u062a\u0628 \u0628\u0648\u0627\u0633\u0637\u0629":"Le Quotidien","\u0648\u0642\u062a \u0627\u0644\u0642\u0631\u0627\u0621\u0629 \u0627\u0644\u0645\u064f\u0642\u062f\u0651\u0631":"3 \u062f\u0642\u0627\u0626\u0642"},"schema":{"@context":"https:\/\/schema.org","@graph":[{"@type":"Article","@id":"https:\/\/lequotidien.mr\/?p=34932&lang=fr#article","isPartOf":{"@id":"https:\/\/lequotidien.mr\/?p=34932&lang=fr"},"author":{"name":"Le Quotidien","@id":"https:\/\/lequotidien.mr\/#\/schema\/person\/f90fcdaa970c60288de4ed2e64a56472"},"headline":"Ely Ould El Ferik lance la concertation pour la deuxi\u00e8me phase du programme d\u2019urgence de d\u00e9veloppement de Nouakchott","datePublished":"2026-03-03T11:08:46+00:00","mainEntityOfPage":{"@id":"https:\/\/lequotidien.mr\/?p=34932&lang=fr"},"wordCount":330,"commentCount":0,"publisher":{"@id":"https:\/\/lequotidien.mr\/#organization"},"image":{"@id":"https:\/\/lequotidien.mr\/?p=34932&lang=fr#primaryimage"},"thumbnailUrl":"https:\/\/lequotidien.mr\/wp-content\/uploads\/2026\/03\/IMG-20260303-WA0005.jpg","articleSection":["Uncategorized"],"inLanguage":"ar","potentialAction":[{"@type":"CommentAction","name":"Comment","target":["https:\/\/lequotidien.mr\/?p=34932&lang=fr#respond"]}]},{"@type":"WebPage","@id":"https:\/\/lequotidien.mr\/?p=34932&lang=fr","url":"https:\/\/lequotidien.mr\/?p=34932&lang=fr","name":"Ely Ould El Ferik lance la concertation pour la deuxi\u00e8me phase du programme d\u2019urgence de d\u00e9veloppement de Nouakchott - Le Quotidien de Nouakchott","isPartOf":{"@id":"https:\/\/lequotidien.mr\/#website"},"primaryImageOfPage":{"@id":"https:\/\/lequotidien.mr\/?p=34932&lang=fr#primaryimage"},"image":{"@id":"https:\/\/lequotidien.mr\/?p=34932&lang=fr#primaryimage"},"thumbnailUrl":"https:\/\/lequotidien.mr\/wp-content\/uploads\/2026\/03\/IMG-20260303-WA0005.jpg","datePublished":"2026-03-03T11:08:46+00:00","breadcrumb":{"@id":"https:\/\/lequotidien.mr\/?p=34932&lang=fr#breadcrumb"},"inLanguage":"ar","potentialAction":[{"@type":"ReadAction","target":["https:\/\/lequotidien.mr\/?p=34932&lang=fr"]}]},{"@type":"ImageObject","inLanguage":"ar","@id":"https:\/\/lequotidien.mr\/?p=34932&lang=fr#primaryimage","url":"https:\/\/lequotidien.mr\/wp-content\/uploads\/2026\/03\/IMG-20260303-WA0005.jpg","contentUrl":"https:\/\/lequotidien.mr\/wp-content\/uploads\/2026\/03\/IMG-20260303-WA0005.jpg","width":1290,"height":1152},{"@type":"BreadcrumbList","@id":"https:\/\/lequotidien.mr\/?p=34932&lang=fr#breadcrumb","itemListElement":[{"@type":"ListItem","position":1,"name":"Home","item":"https:\/\/lequotidien.mr\/"},{"@type":"ListItem","position":2,"name":"Ely Ould El Ferik lance la concertation pour la deuxi\u00e8me phase du programme d\u2019urgence de d\u00e9veloppement de Nouakchott"}]},{"@type":"WebSite","@id":"https:\/\/lequotidien.mr\/#website","url":"https:\/\/lequotidien.mr\/","name":"Le Quotidien de Nouakchott","description":"\u0625\u062e\u0628\u0627\u0631\u064a\u0629 \u0645\u0633\u062a\u0642\u0644\u0629 \u0644\u0644\u0623\u0646\u0628\u0627\u0621 \u0627\u0644\u0639\u0627\u0645\u0629","publisher":{"@id":"https:\/\/lequotidien.mr\/#organization"},"potentialAction":[{"@type":"SearchAction","target":{"@type":"EntryPoint","urlTemplate":"https:\/\/lequotidien.mr\/?s={search_term_string}"},"query-input":{"@type":"PropertyValueSpecification","valueRequired":true,"valueName":"search_term_string"}}],"inLanguage":"ar"},{"@type":"Organization","@id":"https:\/\/lequotidien.mr\/#organization","name":"Le Quotidien de Nouakchott","url":"https:\/\/lequotidien.mr\/","logo":{"@type":"ImageObject","inLanguage":"ar","@id":"https:\/\/lequotidien.mr\/#\/schema\/logo\/image\/","url":"https:\/\/lequotidien.mr\/wp-content\/uploads\/2022\/11\/logolequotidien.jpg","contentUrl":"https:\/\/lequotidien.mr\/wp-content\/uploads\/2022\/11\/logolequotidien.jpg","width":290,"height":65,"caption":"Le Quotidien de Nouakchott"},"image":{"@id":"https:\/\/lequotidien.mr\/#\/schema\/logo\/image\/"},"sameAs":["https:\/\/web.facebook.com\/lequotidienmr","https:\/\/x.com\/lequotidienmr"]},{"@type":"Person","@id":"https:\/\/lequotidien.mr\/#\/schema\/person\/f90fcdaa970c60288de4ed2e64a56472","name":"Le Quotidien","image":{"@type":"ImageObject","inLanguage":"ar","@id":"https:\/\/secure.gravatar.com\/avatar\/374cb39a1a458a912465a93e5a3ce6546886fc3da809a1f10c63e4e8fcbca30f?s=96&d=mm&r=g","url":"https:\/\/secure.gravatar.com\/avatar\/374cb39a1a458a912465a93e5a3ce6546886fc3da809a1f10c63e4e8fcbca30f?s=96&d=mm&r=g","contentUrl":"https:\/\/secure.gravatar.com\/avatar\/374cb39a1a458a912465a93e5a3ce6546886fc3da809a1f10c63e4e8fcbca30f?s=96&d=mm&r=g","caption":"Le Quotidien"},"sameAs":["https:\/\/lequotidien.mr\/"],"url":"https:\/\/lequotidien.mr\/?author=4"}]}},"_links":{"self":[{"href":"https:\/\/lequotidien.mr\/index.php?rest_route=\/wp\/v2\/posts\/34932","targetHints":{"allow":["GET"]}}],"collection":[{"href":"https:\/\/lequotidien.mr\/index.php?rest_route=\/wp\/v2\/posts"}],"about":[{"href":"https:\/\/lequotidien.mr\/index.php?rest_route=\/wp\/v2\/types\/post"}],"author":[{"embeddable":true,"href":"https:\/\/lequotidien.mr\/index.php?rest_route=\/wp\/v2\/users\/4"}],"replies":[{"embeddable":true,"href":"https:\/\/lequotidien.mr\/index.php?rest_route=%2Fwp%2Fv2%2Fcomments&post=34932"}],"version-history":[{"count":1,"href":"https:\/\/lequotidien.mr\/index.php?rest_route=\/wp\/v2\/posts\/34932\/revisions"}],"predecessor-version":[{"id":34934,"href":"https:\/\/lequotidien.mr\/index.php?rest_route=\/wp\/v2\/posts\/34932\/revisions\/34934"}],"wp:featuredmedia":[{"embeddable":true,"href":"https:\/\/lequotidien.mr\/index.php?rest_route=\/wp\/v2\/media\/34933"}],"wp:attachment":[{"href":"https:\/\/lequotidien.mr\/index.php?rest_route=%2Fwp%2Fv2%2Fmedia&parent=34932"}],"wp:term":[{"taxonomy":"category","embeddable":true,"href":"https:\/\/lequotidien.mr\/index.php?rest_route=%2Fwp%2Fv2%2Fcategories&post=34932"},{"taxonomy":"post_tag","embeddable":true,"href":"https:\/\/lequotidien.mr\/index.php?rest_route=%2Fwp%2Fv2%2Ftags&post=34932"}],"curies":[{"name":"wp","href":"https:\/\/api.w.org\/{rel}","templated":true}]}}