{"id":34922,"date":"2026-03-02T22:12:42","date_gmt":"2026-03-02T22:12:42","guid":{"rendered":"https:\/\/lequotidien.mr\/?p=34922"},"modified":"2026-03-02T22:12:42","modified_gmt":"2026-03-02T22:12:42","slug":"diversite-culturelle-et-cohesion-sociale-un-seminaire-pour-ancrer-les-fondements-de-lunite-nationale","status":"publish","type":"post","link":"https:\/\/lequotidien.mr\/?p=34922&lang=fr","title":{"rendered":"Diversit\u00e9 culturelle et coh\u00e9sion sociale : Un s\u00e9minaire pour ancrer les fondements de l&#8217;unit\u00e9 nationale"},"content":{"rendered":"<p>La Biblioth\u00e8que nationale de Nouakchott a abrit\u00e9 ce dimanche un s\u00e9minaire culturel de haute facture intitul\u00e9 &#8220;La diversit\u00e9 culturelle et la promotion de la coh\u00e9sion sociale&#8221;, s&#8217;inscrivant dans le cadre des activit\u00e9s de la Journ\u00e9e nationale de la diversit\u00e9 culturelle et de la coh\u00e9sion nationale, c\u00e9l\u00e9br\u00e9e chaque ann\u00e9e le 1er mars.<\/p>\n<p>Plac\u00e9 sous la supervision du <strong>Secr\u00e9taire g\u00e9n\u00e9ral du Minist\u00e8re de la Culture, des Arts, de la Communication et des Relations avec le Parlement, M. Sidi Mohamed Jeddou Khatri<\/strong>, cet \u00e9v\u00e9nement a r\u00e9uni un parterre de cadres, de chercheurs et de passionn\u00e9s des affaires culturelles, tous r\u00e9unis pour r\u00e9fl\u00e9chir aux moyens de pr\u00e9server et de valoriser le patrimoine pluriel du pays.<\/p>\n<p><strong>Un mod\u00e8le historique de coexistence mill\u00e9naire<\/strong><\/p>\n<p>Le <strong>conf\u00e9rencier principal, M. Kane Mamadou Hadia<\/strong>, a pos\u00e9 d&#8217;embl\u00e9e le cadre de sa r\u00e9flexion en affirmant que <strong>&#8220;la Mauritanie repr\u00e9sente un mod\u00e8le historique distinct de coexistence entre ses composantes culturelles et linguistiques, dont les racines remontent \u00e0 la pr\u00e9histoire&#8221;<\/strong>. Cette d\u00e9claration liminaire a permis d&#8217;inscrire la diversit\u00e9 mauritanienne dans la longue dur\u00e9e, bien au-del\u00e0 des configurations politiques contemporaines.<\/p>\n<p>\u00c0 travers une d\u00e9monstration \u00e9tay\u00e9e, le conf\u00e9rencier a entrepris de retracer les grandes \u00e9tapes de cette coexistence pacifique, depuis les premi\u00e8res traces de peuplement jusqu&#8217;aux dynamiques culturelles actuelles, en passant par les grands ensembles politiques et \u00e9conomiques qui ont fa\u00e7onn\u00e9 le territoire.<\/p>\n<p><strong>Les conventions internationales comme cadres de r\u00e9f\u00e9rence<\/strong><\/p>\n<p>S&#8217;appuyant sur les principes fondamentaux de l&#8217;Organisation des Nations Unies pour l&#8217;\u00e9ducation, la science et la culture (UNESCO), M. Kane Mamadou Hadia a particuli\u00e8rement mis en lumi\u00e8re deux instruments juridiques majeurs :<\/p>\n<p><strong>-La Convention sur la protection et la promotion de la diversit\u00e9 des expressions culturelles (2005)\u00a0;<\/strong><\/p>\n<p><strong>-La Convention pour la sauvegarde du patrimoine culturel immat\u00e9riel (2003).<\/strong><\/p>\n<p>Il a pr\u00e9sent\u00e9 ces textes comme <em>&#8220;des cadres de r\u00e9f\u00e9rence essentiels pour la pr\u00e9servation de l&#8217;identit\u00e9 culturelle et l&#8217;enracinement d&#8217;une culture de dialogue et de paix&#8221;<\/em>. Le conf\u00e9rencier a soulign\u00e9 l&#8217;importance pour la Mauritanie de s&#8217;inscrire dans cette dynamique internationale tout en pr\u00e9servant ses sp\u00e9cificit\u00e9s locales.<\/p>\n<p><strong>Un voyage \u00e0 travers les \u00e2ges et les civilisations<\/strong><\/p>\n<p>Dans sa communication, le conf\u00e9rencier a propos\u00e9 un passionnant voyage \u00e0 travers les grandes \u00e9tapes de l&#8217;histoire mauritanienne, mettant en \u00e9vidence la richesse et la continuit\u00e9 de son patrimoine culturel. Il a successivement \u00e9voqu\u00e9 :<\/p>\n<p><strong>-La civilisation d&#8217;Akreijit<\/strong>, l&#8217;une des plus anciennes traces de pr\u00e9sence humaine dans la r\u00e9gion, t\u00e9moignant d&#8217;une occupation ancienne du territoire et d&#8217;un d\u00e9veloppement culturel pr\u00e9coce\u00a0;<\/p>\n<p><strong>-L&#8217;h\u00e9ritage des Mahadras<\/strong>, ces institutions traditionnelles d&#8217;enseignement qui ont pendant des si\u00e8cles diffus\u00e9 le savoir et favoris\u00e9 les \u00e9changes intellectuels entre les diff\u00e9rentes composantes de la soci\u00e9t\u00e9\u00a0;<\/p>\n<p><strong>-L&#8217;interaction culturelle et artistique<\/strong>, qui s&#8217;est manifest\u00e9e \u00e0 travers les \u00e2ges par des \u00e9cores, des cr\u00e9ations et des influences r\u00e9ciproques entre les communaut\u00e9s\u00a0;<\/p>\n<p><strong>-Les r\u00f4les de l&#8217;Empire du Ghana<\/strong>, premier grand ensemble politique ouest-africain dont le territoire englobait une partie de l&#8217;actuelle Mauritanie, illustrant l&#8217;anciennet\u00e9 des traditions \u00e9tatiques dans la r\u00e9gion\u00a0;<\/p>\n<p><strong>-L&#8217;\u00c9tat almoravide<\/strong>, mouvement r\u00e9formateur et conqu\u00e9rant n\u00e9 en Mauritanie qui a marqu\u00e9 profond\u00e9ment l&#8217;histoire du Maghreb et de l&#8217;Andalousie\u00a0;<\/p>\n<p><strong>-Le commerce transsaharien<\/strong>, vecteur essentiel d&#8217;\u00e9changes \u00e9conomiques, culturels et humains qui a pendant des si\u00e8cles reli\u00e9 la Mauritanie au reste du continent et au monde m\u00e9diterran\u00e9en.<\/p>\n<p><strong>La diversit\u00e9, pilier de l&#8217;unit\u00e9 nationale<\/strong><\/p>\n<p>Au terme de cette vaste fresque historique, M. Kane Mamadou Hadia a formul\u00e9 une conclusion forte : <em>&#8220;Cette diversit\u00e9 est rest\u00e9e un pilier essentiel de l&#8217;unit\u00e9 nationale \u00e0 travers les diff\u00e9rentes \u00e9poques historiques.&#8221;<\/em> Loin d&#8217;avoir constitu\u00e9 un facteur de division ou de fragmentation, la pluralit\u00e9 culturelle et linguistique a au contraire enrichi le creuset national et renforc\u00e9 la r\u00e9silience de la soci\u00e9t\u00e9 face aux d\u00e9fis.<\/p>\n<p>Le conf\u00e9rencier a insist\u00e9 sur l&#8217;id\u00e9e que la diversit\u00e9 culturelle, lorsqu&#8217;elle est reconnue, respect\u00e9e et valoris\u00e9e, devient un atout majeur pour la coh\u00e9sion sociale et la construction d&#8217;un destin commun. Les \u00e9changes entre les communaut\u00e9s, les emprunts mutuels et les synth\u00e8ses originales qui en r\u00e9sultent ont permis de tisser des liens solides entre les diff\u00e9rentes composantes de la nation.<\/p>\n<p>Les activit\u00e9s du s\u00e9minaire se sont d\u00e9roul\u00e9es en pr\u00e9sence du <strong>Charg\u00e9 de mission aupr\u00e8s du Minist\u00e8re de la Culture, M. Mohamed Mahmoud Sidi Yahya<\/strong>, ainsi que d&#8217;un nombreux public compos\u00e9 de cadres du minist\u00e8re, de chercheurs universitaires, d&#8217;\u00e9tudiants et de simples citoyens int\u00e9ress\u00e9s par les questions culturelles.<\/p>\n<p>Les \u00e9changes qui ont suivi la conf\u00e9rence ont permis d&#8217;approfondir plusieurs th\u00e8mes abord\u00e9s par le conf\u00e9rencier, notamment les moyens de pr\u00e9server le patrimoine immat\u00e9riel face aux d\u00e9fis de la mondialisation, le r\u00f4le des nouvelles g\u00e9n\u00e9rations dans la transmission de la m\u00e9moire collective, ou encore les politiques publiques \u00e0 mettre en \u0153uvre pour soutenir la diversit\u00e9 culturelle.<\/p>\n<p>Ce s\u00e9minaire s&#8217;inscrit dans le programme plus large des activit\u00e9s comm\u00e9morant la Journ\u00e9e nationale de la diversit\u00e9 culturelle et de la coh\u00e9sion nationale, institu\u00e9e pour promouvoir les valeurs de tol\u00e9rance, de dialogue et de respect mutuel qui fondent l&#8217;identit\u00e9 mauritanienne.<\/p>\n<p>\u00c0 travers ces initiatives, le Minist\u00e8re de la Culture, des Arts, de la Communication et des Relations avec le Parlement entend contribuer \u00e0 la pr\u00e9servation et \u00e0 la valorisation du patrimoine culturel national, tout en sensibilisant l&#8217;opinion publique \u00e0 l&#8217;importance de la diversit\u00e9 comme facteur d&#8217;enrichissement collectif et de renforcement de l&#8217;unit\u00e9 nationale.<\/p>\n","protected":false},"excerpt":{"rendered":"<p>La Biblioth\u00e8que nationale de Nouakchott a abrit\u00e9 ce dimanche un s\u00e9minaire culturel de haute facture intitul\u00e9 &#8220;La diversit\u00e9 culturelle et la promotion de la coh\u00e9sion sociale&#8221;, s&#8217;inscrivant dans le cadre des activit\u00e9s de la Journ\u00e9e nationale de la diversit\u00e9 culturelle et de la coh\u00e9sion nationale, c\u00e9l\u00e9br\u00e9e chaque ann\u00e9e le 1er mars. Plac\u00e9 sous la supervision&#8230;..<\/p>\n","protected":false},"author":12,"featured_media":34923,"comment_status":"open","ping_status":"open","sticky":false,"template":"","format":"standard","meta":{"footnotes":""},"categories":[23,55],"tags":[],"class_list":["post-34922","post","type-post","status-publish","format-standard","has-post-thumbnail","hentry","category-actualite","category-culture"],"yoast_head":"<!-- This site is optimized with the Yoast SEO plugin v27.5 - https:\/\/yoast.com\/product\/yoast-seo-wordpress\/ -->\n<title>Diversit\u00e9 culturelle et coh\u00e9sion sociale : Un s\u00e9minaire pour ancrer les fondements de l&#039;unit\u00e9 nationale - Le Quotidien de Nouakchott<\/title>\n<meta name=\"robots\" content=\"index, follow, max-snippet:-1, max-image-preview:large, max-video-preview:-1\" \/>\n<link rel=\"canonical\" href=\"https:\/\/lequotidien.mr\/?p=34922&lang=fr\" \/>\n<meta property=\"og:locale\" content=\"ar_AR\" \/>\n<meta property=\"og:type\" content=\"article\" \/>\n<meta property=\"og:title\" content=\"Diversit\u00e9 culturelle et coh\u00e9sion sociale : Un s\u00e9minaire pour ancrer les fondements de l&#039;unit\u00e9 nationale - Le Quotidien de Nouakchott\" \/>\n<meta property=\"og:description\" content=\"La Biblioth\u00e8que nationale de Nouakchott a abrit\u00e9 ce dimanche un s\u00e9minaire culturel de haute facture intitul\u00e9 &#8220;La diversit\u00e9 culturelle et la promotion de la coh\u00e9sion sociale&#8221;, s&#8217;inscrivant dans le cadre des activit\u00e9s de la Journ\u00e9e nationale de la diversit\u00e9 culturelle et de la coh\u00e9sion nationale, c\u00e9l\u00e9br\u00e9e chaque ann\u00e9e le 1er mars. Plac\u00e9 sous la supervision.....\" \/>\n<meta property=\"og:url\" content=\"https:\/\/lequotidien.mr\/?p=34922&amp;lang=fr\" \/>\n<meta property=\"og:site_name\" content=\"Le Quotidien de Nouakchott\" \/>\n<meta property=\"article:publisher\" content=\"https:\/\/web.facebook.com\/lequotidienmr\" \/>\n<meta property=\"article:published_time\" content=\"2026-03-02T22:12:42+00:00\" \/>\n<meta property=\"og:image\" content=\"https:\/\/lequotidien.mr\/wp-content\/uploads\/2026\/03\/photo-seminaire-cohesion-sociale.jpg\" \/>\n\t<meta property=\"og:image:width\" content=\"750\" \/>\n\t<meta property=\"og:image:height\" content=\"430\" \/>\n\t<meta property=\"og:image:type\" content=\"image\/jpeg\" \/>\n<meta name=\"author\" content=\"Med Ahmed\" \/>\n<meta name=\"twitter:card\" content=\"summary_large_image\" \/>\n<meta name=\"twitter:creator\" content=\"@lequotidienmr\" \/>\n<meta name=\"twitter:site\" content=\"@lequotidienmr\" \/>\n<meta name=\"twitter:label1\" content=\"\u0643\u064f\u062a\u0628 \u0628\u0648\u0627\u0633\u0637\u0629\" \/>\n\t<meta name=\"twitter:data1\" content=\"Med Ahmed\" \/>\n\t<meta name=\"twitter:label2\" content=\"\u0648\u0642\u062a \u0627\u0644\u0642\u0631\u0627\u0621\u0629 \u0627\u0644\u0645\u064f\u0642\u062f\u0651\u0631\" \/>\n\t<meta name=\"twitter:data2\" content=\"7 \u062f\u0642\u0627\u0626\u0642\" \/>\n<script type=\"application\/ld+json\" class=\"yoast-schema-graph\">{\"@context\":\"https:\\\/\\\/schema.org\",\"@graph\":[{\"@type\":\"Article\",\"@id\":\"https:\\\/\\\/lequotidien.mr\\\/?p=34922&lang=fr#article\",\"isPartOf\":{\"@id\":\"https:\\\/\\\/lequotidien.mr\\\/?p=34922&lang=fr\"},\"author\":{\"name\":\"Med Ahmed\",\"@id\":\"https:\\\/\\\/lequotidien.mr\\\/#\\\/schema\\\/person\\\/d2d350202a4d599685ed8abc25f97596\"},\"headline\":\"Diversit\u00e9 culturelle et coh\u00e9sion sociale : Un s\u00e9minaire pour ancrer les fondements de l&#8217;unit\u00e9 nationale\",\"datePublished\":\"2026-03-02T22:12:42+00:00\",\"mainEntityOfPage\":{\"@id\":\"https:\\\/\\\/lequotidien.mr\\\/?p=34922&lang=fr\"},\"wordCount\":1005,\"commentCount\":0,\"publisher\":{\"@id\":\"https:\\\/\\\/lequotidien.mr\\\/#organization\"},\"image\":{\"@id\":\"https:\\\/\\\/lequotidien.mr\\\/?p=34922&lang=fr#primaryimage\"},\"thumbnailUrl\":\"https:\\\/\\\/lequotidien.mr\\\/wp-content\\\/uploads\\\/2026\\\/03\\\/photo-seminaire-cohesion-sociale.jpg\",\"articleSection\":[\"ACTUALIT\u00c9\",\"Culture\"],\"inLanguage\":\"ar\",\"potentialAction\":[{\"@type\":\"CommentAction\",\"name\":\"Comment\",\"target\":[\"https:\\\/\\\/lequotidien.mr\\\/?p=34922&lang=fr#respond\"]}]},{\"@type\":\"WebPage\",\"@id\":\"https:\\\/\\\/lequotidien.mr\\\/?p=34922&lang=fr\",\"url\":\"https:\\\/\\\/lequotidien.mr\\\/?p=34922&lang=fr\",\"name\":\"Diversit\u00e9 culturelle et coh\u00e9sion sociale : Un s\u00e9minaire pour ancrer les fondements de l'unit\u00e9 nationale - Le Quotidien de Nouakchott\",\"isPartOf\":{\"@id\":\"https:\\\/\\\/lequotidien.mr\\\/#website\"},\"primaryImageOfPage\":{\"@id\":\"https:\\\/\\\/lequotidien.mr\\\/?p=34922&lang=fr#primaryimage\"},\"image\":{\"@id\":\"https:\\\/\\\/lequotidien.mr\\\/?p=34922&lang=fr#primaryimage\"},\"thumbnailUrl\":\"https:\\\/\\\/lequotidien.mr\\\/wp-content\\\/uploads\\\/2026\\\/03\\\/photo-seminaire-cohesion-sociale.jpg\",\"datePublished\":\"2026-03-02T22:12:42+00:00\",\"breadcrumb\":{\"@id\":\"https:\\\/\\\/lequotidien.mr\\\/?p=34922&lang=fr#breadcrumb\"},\"inLanguage\":\"ar\",\"potentialAction\":[{\"@type\":\"ReadAction\",\"target\":[\"https:\\\/\\\/lequotidien.mr\\\/?p=34922&lang=fr\"]}]},{\"@type\":\"ImageObject\",\"inLanguage\":\"ar\",\"@id\":\"https:\\\/\\\/lequotidien.mr\\\/?p=34922&lang=fr#primaryimage\",\"url\":\"https:\\\/\\\/lequotidien.mr\\\/wp-content\\\/uploads\\\/2026\\\/03\\\/photo-seminaire-cohesion-sociale.jpg\",\"contentUrl\":\"https:\\\/\\\/lequotidien.mr\\\/wp-content\\\/uploads\\\/2026\\\/03\\\/photo-seminaire-cohesion-sociale.jpg\",\"width\":750,\"height\":430},{\"@type\":\"BreadcrumbList\",\"@id\":\"https:\\\/\\\/lequotidien.mr\\\/?p=34922&lang=fr#breadcrumb\",\"itemListElement\":[{\"@type\":\"ListItem\",\"position\":1,\"name\":\"Home\",\"item\":\"https:\\\/\\\/lequotidien.mr\\\/\"},{\"@type\":\"ListItem\",\"position\":2,\"name\":\"Diversit\u00e9 culturelle et coh\u00e9sion sociale : Un s\u00e9minaire pour ancrer les fondements de l&rsquo;unit\u00e9 nationale\"}]},{\"@type\":\"WebSite\",\"@id\":\"https:\\\/\\\/lequotidien.mr\\\/#website\",\"url\":\"https:\\\/\\\/lequotidien.mr\\\/\",\"name\":\"Le Quotidien de Nouakchott\",\"description\":\"\u0625\u062e\u0628\u0627\u0631\u064a\u0629 \u0645\u0633\u062a\u0642\u0644\u0629 \u0644\u0644\u0623\u0646\u0628\u0627\u0621 \u0627\u0644\u0639\u0627\u0645\u0629\",\"publisher\":{\"@id\":\"https:\\\/\\\/lequotidien.mr\\\/#organization\"},\"potentialAction\":[{\"@type\":\"SearchAction\",\"target\":{\"@type\":\"EntryPoint\",\"urlTemplate\":\"https:\\\/\\\/lequotidien.mr\\\/?s={search_term_string}\"},\"query-input\":{\"@type\":\"PropertyValueSpecification\",\"valueRequired\":true,\"valueName\":\"search_term_string\"}}],\"inLanguage\":\"ar\"},{\"@type\":\"Organization\",\"@id\":\"https:\\\/\\\/lequotidien.mr\\\/#organization\",\"name\":\"Le Quotidien de Nouakchott\",\"url\":\"https:\\\/\\\/lequotidien.mr\\\/\",\"logo\":{\"@type\":\"ImageObject\",\"inLanguage\":\"ar\",\"@id\":\"https:\\\/\\\/lequotidien.mr\\\/#\\\/schema\\\/logo\\\/image\\\/\",\"url\":\"https:\\\/\\\/lequotidien.mr\\\/wp-content\\\/uploads\\\/2022\\\/11\\\/logolequotidien.jpg\",\"contentUrl\":\"https:\\\/\\\/lequotidien.mr\\\/wp-content\\\/uploads\\\/2022\\\/11\\\/logolequotidien.jpg\",\"width\":290,\"height\":65,\"caption\":\"Le Quotidien de Nouakchott\"},\"image\":{\"@id\":\"https:\\\/\\\/lequotidien.mr\\\/#\\\/schema\\\/logo\\\/image\\\/\"},\"sameAs\":[\"https:\\\/\\\/web.facebook.com\\\/lequotidienmr\",\"https:\\\/\\\/x.com\\\/lequotidienmr\"]},{\"@type\":\"Person\",\"@id\":\"https:\\\/\\\/lequotidien.mr\\\/#\\\/schema\\\/person\\\/d2d350202a4d599685ed8abc25f97596\",\"name\":\"Med Ahmed\",\"image\":{\"@type\":\"ImageObject\",\"inLanguage\":\"ar\",\"@id\":\"https:\\\/\\\/secure.gravatar.com\\\/avatar\\\/fd2acc62ed50732923d1d39c17172c9b04149f142be92310ecc69e1358f94b52?s=96&d=mm&r=g\",\"url\":\"https:\\\/\\\/secure.gravatar.com\\\/avatar\\\/fd2acc62ed50732923d1d39c17172c9b04149f142be92310ecc69e1358f94b52?s=96&d=mm&r=g\",\"contentUrl\":\"https:\\\/\\\/secure.gravatar.com\\\/avatar\\\/fd2acc62ed50732923d1d39c17172c9b04149f142be92310ecc69e1358f94b52?s=96&d=mm&r=g\",\"caption\":\"Med Ahmed\"},\"url\":\"https:\\\/\\\/lequotidien.mr\\\/?author=12\"}]}<\/script>\n<!-- \/ Yoast SEO plugin. -->","yoast_head_json":{"title":"Diversit\u00e9 culturelle et coh\u00e9sion sociale : Un s\u00e9minaire pour ancrer les fondements de l'unit\u00e9 nationale - Le Quotidien de Nouakchott","robots":{"index":"index","follow":"follow","max-snippet":"max-snippet:-1","max-image-preview":"max-image-preview:large","max-video-preview":"max-video-preview:-1"},"canonical":"https:\/\/lequotidien.mr\/?p=34922&lang=fr","og_locale":"ar_AR","og_type":"article","og_title":"Diversit\u00e9 culturelle et coh\u00e9sion sociale : Un s\u00e9minaire pour ancrer les fondements de l'unit\u00e9 nationale - Le Quotidien de Nouakchott","og_description":"La Biblioth\u00e8que nationale de Nouakchott a abrit\u00e9 ce dimanche un s\u00e9minaire culturel de haute facture intitul\u00e9 &#8220;La diversit\u00e9 culturelle et la promotion de la coh\u00e9sion sociale&#8221;, s&#8217;inscrivant dans le cadre des activit\u00e9s de la Journ\u00e9e nationale de la diversit\u00e9 culturelle et de la coh\u00e9sion nationale, c\u00e9l\u00e9br\u00e9e chaque ann\u00e9e le 1er mars. Plac\u00e9 sous la supervision.....","og_url":"https:\/\/lequotidien.mr\/?p=34922&lang=fr","og_site_name":"Le Quotidien de Nouakchott","article_publisher":"https:\/\/web.facebook.com\/lequotidienmr","article_published_time":"2026-03-02T22:12:42+00:00","og_image":[{"width":750,"height":430,"url":"https:\/\/lequotidien.mr\/wp-content\/uploads\/2026\/03\/photo-seminaire-cohesion-sociale.jpg","type":"image\/jpeg"}],"author":"Med Ahmed","twitter_card":"summary_large_image","twitter_creator":"@lequotidienmr","twitter_site":"@lequotidienmr","twitter_misc":{"\u0643\u064f\u062a\u0628 \u0628\u0648\u0627\u0633\u0637\u0629":"Med Ahmed","\u0648\u0642\u062a \u0627\u0644\u0642\u0631\u0627\u0621\u0629 \u0627\u0644\u0645\u064f\u0642\u062f\u0651\u0631":"7 \u062f\u0642\u0627\u0626\u0642"},"schema":{"@context":"https:\/\/schema.org","@graph":[{"@type":"Article","@id":"https:\/\/lequotidien.mr\/?p=34922&lang=fr#article","isPartOf":{"@id":"https:\/\/lequotidien.mr\/?p=34922&lang=fr"},"author":{"name":"Med Ahmed","@id":"https:\/\/lequotidien.mr\/#\/schema\/person\/d2d350202a4d599685ed8abc25f97596"},"headline":"Diversit\u00e9 culturelle et coh\u00e9sion sociale : Un s\u00e9minaire pour ancrer les fondements de l&#8217;unit\u00e9 nationale","datePublished":"2026-03-02T22:12:42+00:00","mainEntityOfPage":{"@id":"https:\/\/lequotidien.mr\/?p=34922&lang=fr"},"wordCount":1005,"commentCount":0,"publisher":{"@id":"https:\/\/lequotidien.mr\/#organization"},"image":{"@id":"https:\/\/lequotidien.mr\/?p=34922&lang=fr#primaryimage"},"thumbnailUrl":"https:\/\/lequotidien.mr\/wp-content\/uploads\/2026\/03\/photo-seminaire-cohesion-sociale.jpg","articleSection":["ACTUALIT\u00c9","Culture"],"inLanguage":"ar","potentialAction":[{"@type":"CommentAction","name":"Comment","target":["https:\/\/lequotidien.mr\/?p=34922&lang=fr#respond"]}]},{"@type":"WebPage","@id":"https:\/\/lequotidien.mr\/?p=34922&lang=fr","url":"https:\/\/lequotidien.mr\/?p=34922&lang=fr","name":"Diversit\u00e9 culturelle et coh\u00e9sion sociale : Un s\u00e9minaire pour ancrer les fondements de l'unit\u00e9 nationale - Le Quotidien de Nouakchott","isPartOf":{"@id":"https:\/\/lequotidien.mr\/#website"},"primaryImageOfPage":{"@id":"https:\/\/lequotidien.mr\/?p=34922&lang=fr#primaryimage"},"image":{"@id":"https:\/\/lequotidien.mr\/?p=34922&lang=fr#primaryimage"},"thumbnailUrl":"https:\/\/lequotidien.mr\/wp-content\/uploads\/2026\/03\/photo-seminaire-cohesion-sociale.jpg","datePublished":"2026-03-02T22:12:42+00:00","breadcrumb":{"@id":"https:\/\/lequotidien.mr\/?p=34922&lang=fr#breadcrumb"},"inLanguage":"ar","potentialAction":[{"@type":"ReadAction","target":["https:\/\/lequotidien.mr\/?p=34922&lang=fr"]}]},{"@type":"ImageObject","inLanguage":"ar","@id":"https:\/\/lequotidien.mr\/?p=34922&lang=fr#primaryimage","url":"https:\/\/lequotidien.mr\/wp-content\/uploads\/2026\/03\/photo-seminaire-cohesion-sociale.jpg","contentUrl":"https:\/\/lequotidien.mr\/wp-content\/uploads\/2026\/03\/photo-seminaire-cohesion-sociale.jpg","width":750,"height":430},{"@type":"BreadcrumbList","@id":"https:\/\/lequotidien.mr\/?p=34922&lang=fr#breadcrumb","itemListElement":[{"@type":"ListItem","position":1,"name":"Home","item":"https:\/\/lequotidien.mr\/"},{"@type":"ListItem","position":2,"name":"Diversit\u00e9 culturelle et coh\u00e9sion sociale : Un s\u00e9minaire pour ancrer les fondements de l&rsquo;unit\u00e9 nationale"}]},{"@type":"WebSite","@id":"https:\/\/lequotidien.mr\/#website","url":"https:\/\/lequotidien.mr\/","name":"Le Quotidien de Nouakchott","description":"\u0625\u062e\u0628\u0627\u0631\u064a\u0629 \u0645\u0633\u062a\u0642\u0644\u0629 \u0644\u0644\u0623\u0646\u0628\u0627\u0621 \u0627\u0644\u0639\u0627\u0645\u0629","publisher":{"@id":"https:\/\/lequotidien.mr\/#organization"},"potentialAction":[{"@type":"SearchAction","target":{"@type":"EntryPoint","urlTemplate":"https:\/\/lequotidien.mr\/?s={search_term_string}"},"query-input":{"@type":"PropertyValueSpecification","valueRequired":true,"valueName":"search_term_string"}}],"inLanguage":"ar"},{"@type":"Organization","@id":"https:\/\/lequotidien.mr\/#organization","name":"Le Quotidien de Nouakchott","url":"https:\/\/lequotidien.mr\/","logo":{"@type":"ImageObject","inLanguage":"ar","@id":"https:\/\/lequotidien.mr\/#\/schema\/logo\/image\/","url":"https:\/\/lequotidien.mr\/wp-content\/uploads\/2022\/11\/logolequotidien.jpg","contentUrl":"https:\/\/lequotidien.mr\/wp-content\/uploads\/2022\/11\/logolequotidien.jpg","width":290,"height":65,"caption":"Le Quotidien de Nouakchott"},"image":{"@id":"https:\/\/lequotidien.mr\/#\/schema\/logo\/image\/"},"sameAs":["https:\/\/web.facebook.com\/lequotidienmr","https:\/\/x.com\/lequotidienmr"]},{"@type":"Person","@id":"https:\/\/lequotidien.mr\/#\/schema\/person\/d2d350202a4d599685ed8abc25f97596","name":"Med Ahmed","image":{"@type":"ImageObject","inLanguage":"ar","@id":"https:\/\/secure.gravatar.com\/avatar\/fd2acc62ed50732923d1d39c17172c9b04149f142be92310ecc69e1358f94b52?s=96&d=mm&r=g","url":"https:\/\/secure.gravatar.com\/avatar\/fd2acc62ed50732923d1d39c17172c9b04149f142be92310ecc69e1358f94b52?s=96&d=mm&r=g","contentUrl":"https:\/\/secure.gravatar.com\/avatar\/fd2acc62ed50732923d1d39c17172c9b04149f142be92310ecc69e1358f94b52?s=96&d=mm&r=g","caption":"Med Ahmed"},"url":"https:\/\/lequotidien.mr\/?author=12"}]}},"_links":{"self":[{"href":"https:\/\/lequotidien.mr\/index.php?rest_route=\/wp\/v2\/posts\/34922","targetHints":{"allow":["GET"]}}],"collection":[{"href":"https:\/\/lequotidien.mr\/index.php?rest_route=\/wp\/v2\/posts"}],"about":[{"href":"https:\/\/lequotidien.mr\/index.php?rest_route=\/wp\/v2\/types\/post"}],"author":[{"embeddable":true,"href":"https:\/\/lequotidien.mr\/index.php?rest_route=\/wp\/v2\/users\/12"}],"replies":[{"embeddable":true,"href":"https:\/\/lequotidien.mr\/index.php?rest_route=%2Fwp%2Fv2%2Fcomments&post=34922"}],"version-history":[{"count":1,"href":"https:\/\/lequotidien.mr\/index.php?rest_route=\/wp\/v2\/posts\/34922\/revisions"}],"predecessor-version":[{"id":34924,"href":"https:\/\/lequotidien.mr\/index.php?rest_route=\/wp\/v2\/posts\/34922\/revisions\/34924"}],"wp:featuredmedia":[{"embeddable":true,"href":"https:\/\/lequotidien.mr\/index.php?rest_route=\/wp\/v2\/media\/34923"}],"wp:attachment":[{"href":"https:\/\/lequotidien.mr\/index.php?rest_route=%2Fwp%2Fv2%2Fmedia&parent=34922"}],"wp:term":[{"taxonomy":"category","embeddable":true,"href":"https:\/\/lequotidien.mr\/index.php?rest_route=%2Fwp%2Fv2%2Fcategories&post=34922"},{"taxonomy":"post_tag","embeddable":true,"href":"https:\/\/lequotidien.mr\/index.php?rest_route=%2Fwp%2Fv2%2Ftags&post=34922"}],"curies":[{"name":"wp","href":"https:\/\/api.w.org\/{rel}","templated":true}]}}