{"id":3485,"date":"2023-01-20T22:01:02","date_gmt":"2023-01-20T22:01:02","guid":{"rendered":"https:\/\/lequotidien.mr\/?p=3485"},"modified":"2023-01-20T22:01:02","modified_gmt":"2023-01-20T22:01:02","slug":"ibrahima-moctar-sarr-lexclusion-et-loppression-ont-atteint-un-niveau-inedit","status":"publish","type":"post","link":"https:\/\/lequotidien.mr\/?p=3485&lang=fr","title":{"rendered":"Ibrahima Moctar Sarr : L&#8217;exclusion et l&#8217;oppression ont atteint un niveau in\u00e9dit"},"content":{"rendered":"<div class=\"field field-name-body field-type-text-with-summary field-label-hidden\">\n<div class=\"field-items\">\n<div class=\"field-item even\">\n<p>La situation actuelle dans le pays est caract\u00e9ris\u00e9e par la neutralisation de l&#8217;opposition, le r\u00e9tr\u00e9cissement de la marge de libert\u00e9 et l\u2019arrive de l&#8217;exclusion et de la r\u00e9pression \u00e0 un stade sans pr\u00e9c\u00e9dent, a affirm\u00e9 le pr\u00e9sident du parti de l&#8217;Alliance pour la justice et la d\u00e9mocratie\/Mouvement du Renouveau (AJD\/MR) Ibrahima Moctar Sarr<\/p>\n<p>&nbsp;<\/p>\n<p>Ibrahima Moctar Sarr a fait cette d\u00e9claration, hier jeudi 19 janvier, lors de l\u2019ouverture du 1er congr\u00e8s ordinaire son parti organis\u00e9 dans la capitale Nouakchott.<\/p>\n<p>&nbsp;<\/p>\n<p>Les turbulences de la r\u00e9gion du Sahel, la situation \u00e9conomique internationale, et la propagation de la pand\u00e9mie de la Covid-19, ont accru l&#8217;appauvrissement des classes fragiles de notre soci\u00e9t\u00e9 et laissent pr\u00e9sager un avenir incertain, a-t-il ajout\u00e9.<\/p>\n<p>&nbsp;<\/p>\n<p>Sar a appel\u00e9 la jeunesse du parti \u00e0 prendre l&#8217;initiative, exprimant son regret de l&#8217;incapacit\u00e9 \u00e0 r\u00e9aliser toutes les aspirations et tous les objectifs fond\u00e9s par les jeunes sur le parti.<\/p>\n<p>Il a regrett\u00e9 \u00e9galement ne pas avoir r\u00e9ussi \u00e0 r\u00e9gler le probl\u00e8me de la coexistence et cr\u00e9er des conditions propices \u00e0 l\u2019av\u00e8nement d\u2019un \u00c9tat d\u00e9mocratique dans lequel toutes les communaut\u00e9s coexistent<\/p>\n<p>&nbsp;<\/p>\n<p>Cela s&#8217;est produit lors de la c\u00e9r\u00e9monie d&#8217;ouverture du premier congr\u00e8s r\u00e9gulier du parti AJD MR, hier soir, dans la capitale, Nouakchott.<\/p>\n<\/div>\n<\/div>\n<\/div>\n<div class=\"field field-name-field-imgs field-type-image field-label-hidden\">\n<div class=\"field-items\">\n<div class=\"field-item even\"><span class=\"caption\"><img loading=\"lazy\" decoding=\"async\" src=\"https:\/\/essahraa.net\/fr\/sites\/default\/files\/ajdmr.jpg\" alt=\"Ibrahima Moctar Sarr : L'exclusion et l'oppression ont atteint un niveau in\u00e9dit\" width=\"432\" height=\"410\" data-pagespeed-url-hash=\"3224598414\" \/><\/span>&nbsp;<\/p>\n<\/div>\n<div class=\"field-item odd\"><span class=\"caption\"><img loading=\"lazy\" decoding=\"async\" src=\"https:\/\/essahraa.net\/fr\/sites\/default\/files\/ajdmr1.jpg\" alt=\"Ibrahima Moctar Sarr : L'exclusion et l'oppression ont atteint un niveau in\u00e9dit\" width=\"460\" height=\"215\" data-pagespeed-url-hash=\"2264109845\" \/><\/span>&nbsp;<\/p>\n<\/div>\n<\/div>\n<\/div>\n","protected":false},"excerpt":{"rendered":"<p>La situation actuelle dans le pays est caract\u00e9ris\u00e9e par la neutralisation de l&#8217;opposition, le r\u00e9tr\u00e9cissement de la marge de libert\u00e9 et l\u2019arrive de l&#8217;exclusion et de la r\u00e9pression \u00e0 un stade sans pr\u00e9c\u00e9dent, a affirm\u00e9 le pr\u00e9sident du parti de l&#8217;Alliance pour la justice et la d\u00e9mocratie\/Mouvement du Renouveau (AJD\/MR) Ibrahima Moctar Sarr &nbsp; Ibrahima&#8230;..<\/p>\n","protected":false},"author":3,"featured_media":3486,"comment_status":"open","ping_status":"open","sticky":false,"template":"","format":"standard","meta":{"footnotes":""},"categories":[23,59],"tags":[],"class_list":["post-3485","post","type-post","status-publish","format-standard","has-post-thumbnail","hentry","category-actualite","category-opinion"],"yoast_head":"<!-- This site is optimized with the Yoast SEO plugin v27.5 - https:\/\/yoast.com\/product\/yoast-seo-wordpress\/ -->\n<title>Ibrahima Moctar Sarr : L&#039;exclusion et l&#039;oppression ont atteint un niveau in\u00e9dit - Le Quotidien de Nouakchott<\/title>\n<meta name=\"robots\" content=\"index, follow, max-snippet:-1, max-image-preview:large, max-video-preview:-1\" \/>\n<link rel=\"canonical\" href=\"https:\/\/lequotidien.mr\/?p=3485&lang=fr\" \/>\n<meta property=\"og:locale\" content=\"ar_AR\" \/>\n<meta property=\"og:type\" content=\"article\" \/>\n<meta property=\"og:title\" content=\"Ibrahima Moctar Sarr : L&#039;exclusion et l&#039;oppression ont atteint un niveau in\u00e9dit - Le Quotidien de Nouakchott\" \/>\n<meta property=\"og:description\" content=\"La situation actuelle dans le pays est caract\u00e9ris\u00e9e par la neutralisation de l&#8217;opposition, le r\u00e9tr\u00e9cissement de la marge de libert\u00e9 et l\u2019arrive de l&#8217;exclusion et de la r\u00e9pression \u00e0 un stade sans pr\u00e9c\u00e9dent, a affirm\u00e9 le pr\u00e9sident du parti de l&#8217;Alliance pour la justice et la d\u00e9mocratie\/Mouvement du Renouveau (AJD\/MR) Ibrahima Moctar Sarr &nbsp; Ibrahima.....\" \/>\n<meta property=\"og:url\" content=\"https:\/\/lequotidien.mr\/?p=3485&amp;lang=fr\" \/>\n<meta property=\"og:site_name\" content=\"Le Quotidien de Nouakchott\" \/>\n<meta property=\"article:publisher\" content=\"https:\/\/web.facebook.com\/lequotidienmr\" \/>\n<meta property=\"article:author\" content=\"https:\/\/web.facebook.com\/a.mleiwih\" \/>\n<meta property=\"article:published_time\" content=\"2023-01-20T22:01:02+00:00\" \/>\n<meta property=\"og:image\" content=\"https:\/\/lequotidien.mr\/wp-content\/uploads\/2023\/01\/ajd.jpg\" \/>\n\t<meta property=\"og:image:width\" content=\"480\" \/>\n\t<meta property=\"og:image:height\" content=\"360\" \/>\n\t<meta property=\"og:image:type\" content=\"image\/jpeg\" \/>\n<meta name=\"author\" content=\"Alioun M&#039;leiwih\" \/>\n<meta name=\"twitter:card\" content=\"summary_large_image\" \/>\n<meta name=\"twitter:creator\" content=\"@lequotidienmr\" \/>\n<meta name=\"twitter:site\" content=\"@lequotidienmr\" \/>\n<meta name=\"twitter:label1\" content=\"\u0643\u064f\u062a\u0628 \u0628\u0648\u0627\u0633\u0637\u0629\" \/>\n\t<meta name=\"twitter:data1\" content=\"Alioun M&#039;leiwih\" \/>\n\t<meta name=\"twitter:label2\" content=\"\u0648\u0642\u062a \u0627\u0644\u0642\u0631\u0627\u0621\u0629 \u0627\u0644\u0645\u064f\u0642\u062f\u0651\u0631\" \/>\n\t<meta name=\"twitter:data2\" content=\"\u062f\u0642\u064a\u0642\u062a\u0627\u0646\" \/>\n<script type=\"application\/ld+json\" class=\"yoast-schema-graph\">{\"@context\":\"https:\\\/\\\/schema.org\",\"@graph\":[{\"@type\":\"Article\",\"@id\":\"https:\\\/\\\/lequotidien.mr\\\/?p=3485&lang=fr#article\",\"isPartOf\":{\"@id\":\"https:\\\/\\\/lequotidien.mr\\\/?p=3485&lang=fr\"},\"author\":{\"name\":\"Alioun M'leiwih\",\"@id\":\"https:\\\/\\\/lequotidien.mr\\\/#\\\/schema\\\/person\\\/69d1518c74c9137087929a20b1272cb0\"},\"headline\":\"Ibrahima Moctar Sarr : L&#8217;exclusion et l&#8217;oppression ont atteint un niveau in\u00e9dit\",\"datePublished\":\"2023-01-20T22:01:02+00:00\",\"mainEntityOfPage\":{\"@id\":\"https:\\\/\\\/lequotidien.mr\\\/?p=3485&lang=fr\"},\"wordCount\":255,\"commentCount\":0,\"publisher\":{\"@id\":\"https:\\\/\\\/lequotidien.mr\\\/#organization\"},\"image\":{\"@id\":\"https:\\\/\\\/lequotidien.mr\\\/?p=3485&lang=fr#primaryimage\"},\"thumbnailUrl\":\"https:\\\/\\\/lequotidien.mr\\\/wp-content\\\/uploads\\\/2023\\\/01\\\/ajd.jpg\",\"articleSection\":[\"ACTUALIT\u00c9\",\"Opinion\"],\"inLanguage\":\"ar\",\"potentialAction\":[{\"@type\":\"CommentAction\",\"name\":\"Comment\",\"target\":[\"https:\\\/\\\/lequotidien.mr\\\/?p=3485&lang=fr#respond\"]}]},{\"@type\":\"WebPage\",\"@id\":\"https:\\\/\\\/lequotidien.mr\\\/?p=3485&lang=fr\",\"url\":\"https:\\\/\\\/lequotidien.mr\\\/?p=3485&lang=fr\",\"name\":\"Ibrahima Moctar Sarr : L'exclusion et l'oppression ont atteint un niveau in\u00e9dit - Le Quotidien de Nouakchott\",\"isPartOf\":{\"@id\":\"https:\\\/\\\/lequotidien.mr\\\/#website\"},\"primaryImageOfPage\":{\"@id\":\"https:\\\/\\\/lequotidien.mr\\\/?p=3485&lang=fr#primaryimage\"},\"image\":{\"@id\":\"https:\\\/\\\/lequotidien.mr\\\/?p=3485&lang=fr#primaryimage\"},\"thumbnailUrl\":\"https:\\\/\\\/lequotidien.mr\\\/wp-content\\\/uploads\\\/2023\\\/01\\\/ajd.jpg\",\"datePublished\":\"2023-01-20T22:01:02+00:00\",\"breadcrumb\":{\"@id\":\"https:\\\/\\\/lequotidien.mr\\\/?p=3485&lang=fr#breadcrumb\"},\"inLanguage\":\"ar\",\"potentialAction\":[{\"@type\":\"ReadAction\",\"target\":[\"https:\\\/\\\/lequotidien.mr\\\/?p=3485&lang=fr\"]}]},{\"@type\":\"ImageObject\",\"inLanguage\":\"ar\",\"@id\":\"https:\\\/\\\/lequotidien.mr\\\/?p=3485&lang=fr#primaryimage\",\"url\":\"https:\\\/\\\/lequotidien.mr\\\/wp-content\\\/uploads\\\/2023\\\/01\\\/ajd.jpg\",\"contentUrl\":\"https:\\\/\\\/lequotidien.mr\\\/wp-content\\\/uploads\\\/2023\\\/01\\\/ajd.jpg\",\"width\":480,\"height\":360},{\"@type\":\"BreadcrumbList\",\"@id\":\"https:\\\/\\\/lequotidien.mr\\\/?p=3485&lang=fr#breadcrumb\",\"itemListElement\":[{\"@type\":\"ListItem\",\"position\":1,\"name\":\"Home\",\"item\":\"https:\\\/\\\/lequotidien.mr\\\/\"},{\"@type\":\"ListItem\",\"position\":2,\"name\":\"Ibrahima Moctar Sarr : L&#8217;exclusion et l&#8217;oppression ont atteint un niveau in\u00e9dit\"}]},{\"@type\":\"WebSite\",\"@id\":\"https:\\\/\\\/lequotidien.mr\\\/#website\",\"url\":\"https:\\\/\\\/lequotidien.mr\\\/\",\"name\":\"Le Quotidien de Nouakchott\",\"description\":\"\u0625\u062e\u0628\u0627\u0631\u064a\u0629 \u0645\u0633\u062a\u0642\u0644\u0629 \u0644\u0644\u0623\u0646\u0628\u0627\u0621 \u0627\u0644\u0639\u0627\u0645\u0629\",\"publisher\":{\"@id\":\"https:\\\/\\\/lequotidien.mr\\\/#organization\"},\"potentialAction\":[{\"@type\":\"SearchAction\",\"target\":{\"@type\":\"EntryPoint\",\"urlTemplate\":\"https:\\\/\\\/lequotidien.mr\\\/?s={search_term_string}\"},\"query-input\":{\"@type\":\"PropertyValueSpecification\",\"valueRequired\":true,\"valueName\":\"search_term_string\"}}],\"inLanguage\":\"ar\"},{\"@type\":\"Organization\",\"@id\":\"https:\\\/\\\/lequotidien.mr\\\/#organization\",\"name\":\"Le Quotidien de Nouakchott\",\"url\":\"https:\\\/\\\/lequotidien.mr\\\/\",\"logo\":{\"@type\":\"ImageObject\",\"inLanguage\":\"ar\",\"@id\":\"https:\\\/\\\/lequotidien.mr\\\/#\\\/schema\\\/logo\\\/image\\\/\",\"url\":\"https:\\\/\\\/lequotidien.mr\\\/wp-content\\\/uploads\\\/2022\\\/11\\\/logolequotidien.jpg\",\"contentUrl\":\"https:\\\/\\\/lequotidien.mr\\\/wp-content\\\/uploads\\\/2022\\\/11\\\/logolequotidien.jpg\",\"width\":290,\"height\":65,\"caption\":\"Le Quotidien de Nouakchott\"},\"image\":{\"@id\":\"https:\\\/\\\/lequotidien.mr\\\/#\\\/schema\\\/logo\\\/image\\\/\"},\"sameAs\":[\"https:\\\/\\\/web.facebook.com\\\/lequotidienmr\",\"https:\\\/\\\/x.com\\\/lequotidienmr\"]},{\"@type\":\"Person\",\"@id\":\"https:\\\/\\\/lequotidien.mr\\\/#\\\/schema\\\/person\\\/69d1518c74c9137087929a20b1272cb0\",\"name\":\"Alioun M'leiwih\",\"image\":{\"@type\":\"ImageObject\",\"inLanguage\":\"ar\",\"@id\":\"https:\\\/\\\/secure.gravatar.com\\\/avatar\\\/01f9d357222d7d4ca8f71662f4b081718f06d25b11fc45662ecca0622d507e51?s=96&d=mm&r=g\",\"url\":\"https:\\\/\\\/secure.gravatar.com\\\/avatar\\\/01f9d357222d7d4ca8f71662f4b081718f06d25b11fc45662ecca0622d507e51?s=96&d=mm&r=g\",\"contentUrl\":\"https:\\\/\\\/secure.gravatar.com\\\/avatar\\\/01f9d357222d7d4ca8f71662f4b081718f06d25b11fc45662ecca0622d507e51?s=96&d=mm&r=g\",\"caption\":\"Alioun M'leiwih\"},\"sameAs\":[\"https:\\\/\\\/lequotidien.mr\\\/\",\"https:\\\/\\\/web.facebook.com\\\/a.mleiwih\",\"https:\\\/\\\/www.linkedin.com\\\/in\\\/alimlewih\\\/\"],\"url\":\"https:\\\/\\\/lequotidien.mr\\\/?author=3\"}]}<\/script>\n<!-- \/ Yoast SEO plugin. -->","yoast_head_json":{"title":"Ibrahima Moctar Sarr : L'exclusion et l'oppression ont atteint un niveau in\u00e9dit - Le Quotidien de Nouakchott","robots":{"index":"index","follow":"follow","max-snippet":"max-snippet:-1","max-image-preview":"max-image-preview:large","max-video-preview":"max-video-preview:-1"},"canonical":"https:\/\/lequotidien.mr\/?p=3485&lang=fr","og_locale":"ar_AR","og_type":"article","og_title":"Ibrahima Moctar Sarr : L'exclusion et l'oppression ont atteint un niveau in\u00e9dit - Le Quotidien de Nouakchott","og_description":"La situation actuelle dans le pays est caract\u00e9ris\u00e9e par la neutralisation de l&#8217;opposition, le r\u00e9tr\u00e9cissement de la marge de libert\u00e9 et l\u2019arrive de l&#8217;exclusion et de la r\u00e9pression \u00e0 un stade sans pr\u00e9c\u00e9dent, a affirm\u00e9 le pr\u00e9sident du parti de l&#8217;Alliance pour la justice et la d\u00e9mocratie\/Mouvement du Renouveau (AJD\/MR) Ibrahima Moctar Sarr &nbsp; Ibrahima.....","og_url":"https:\/\/lequotidien.mr\/?p=3485&lang=fr","og_site_name":"Le Quotidien de Nouakchott","article_publisher":"https:\/\/web.facebook.com\/lequotidienmr","article_author":"https:\/\/web.facebook.com\/a.mleiwih","article_published_time":"2023-01-20T22:01:02+00:00","og_image":[{"width":480,"height":360,"url":"https:\/\/lequotidien.mr\/wp-content\/uploads\/2023\/01\/ajd.jpg","type":"image\/jpeg"}],"author":"Alioun M'leiwih","twitter_card":"summary_large_image","twitter_creator":"@lequotidienmr","twitter_site":"@lequotidienmr","twitter_misc":{"\u0643\u064f\u062a\u0628 \u0628\u0648\u0627\u0633\u0637\u0629":"Alioun M'leiwih","\u0648\u0642\u062a \u0627\u0644\u0642\u0631\u0627\u0621\u0629 \u0627\u0644\u0645\u064f\u0642\u062f\u0651\u0631":"\u062f\u0642\u064a\u0642\u062a\u0627\u0646"},"schema":{"@context":"https:\/\/schema.org","@graph":[{"@type":"Article","@id":"https:\/\/lequotidien.mr\/?p=3485&lang=fr#article","isPartOf":{"@id":"https:\/\/lequotidien.mr\/?p=3485&lang=fr"},"author":{"name":"Alioun M'leiwih","@id":"https:\/\/lequotidien.mr\/#\/schema\/person\/69d1518c74c9137087929a20b1272cb0"},"headline":"Ibrahima Moctar Sarr : L&#8217;exclusion et l&#8217;oppression ont atteint un niveau in\u00e9dit","datePublished":"2023-01-20T22:01:02+00:00","mainEntityOfPage":{"@id":"https:\/\/lequotidien.mr\/?p=3485&lang=fr"},"wordCount":255,"commentCount":0,"publisher":{"@id":"https:\/\/lequotidien.mr\/#organization"},"image":{"@id":"https:\/\/lequotidien.mr\/?p=3485&lang=fr#primaryimage"},"thumbnailUrl":"https:\/\/lequotidien.mr\/wp-content\/uploads\/2023\/01\/ajd.jpg","articleSection":["ACTUALIT\u00c9","Opinion"],"inLanguage":"ar","potentialAction":[{"@type":"CommentAction","name":"Comment","target":["https:\/\/lequotidien.mr\/?p=3485&lang=fr#respond"]}]},{"@type":"WebPage","@id":"https:\/\/lequotidien.mr\/?p=3485&lang=fr","url":"https:\/\/lequotidien.mr\/?p=3485&lang=fr","name":"Ibrahima Moctar Sarr : L'exclusion et l'oppression ont atteint un niveau in\u00e9dit - Le Quotidien de Nouakchott","isPartOf":{"@id":"https:\/\/lequotidien.mr\/#website"},"primaryImageOfPage":{"@id":"https:\/\/lequotidien.mr\/?p=3485&lang=fr#primaryimage"},"image":{"@id":"https:\/\/lequotidien.mr\/?p=3485&lang=fr#primaryimage"},"thumbnailUrl":"https:\/\/lequotidien.mr\/wp-content\/uploads\/2023\/01\/ajd.jpg","datePublished":"2023-01-20T22:01:02+00:00","breadcrumb":{"@id":"https:\/\/lequotidien.mr\/?p=3485&lang=fr#breadcrumb"},"inLanguage":"ar","potentialAction":[{"@type":"ReadAction","target":["https:\/\/lequotidien.mr\/?p=3485&lang=fr"]}]},{"@type":"ImageObject","inLanguage":"ar","@id":"https:\/\/lequotidien.mr\/?p=3485&lang=fr#primaryimage","url":"https:\/\/lequotidien.mr\/wp-content\/uploads\/2023\/01\/ajd.jpg","contentUrl":"https:\/\/lequotidien.mr\/wp-content\/uploads\/2023\/01\/ajd.jpg","width":480,"height":360},{"@type":"BreadcrumbList","@id":"https:\/\/lequotidien.mr\/?p=3485&lang=fr#breadcrumb","itemListElement":[{"@type":"ListItem","position":1,"name":"Home","item":"https:\/\/lequotidien.mr\/"},{"@type":"ListItem","position":2,"name":"Ibrahima Moctar Sarr : L&#8217;exclusion et l&#8217;oppression ont atteint un niveau in\u00e9dit"}]},{"@type":"WebSite","@id":"https:\/\/lequotidien.mr\/#website","url":"https:\/\/lequotidien.mr\/","name":"Le Quotidien de Nouakchott","description":"\u0625\u062e\u0628\u0627\u0631\u064a\u0629 \u0645\u0633\u062a\u0642\u0644\u0629 \u0644\u0644\u0623\u0646\u0628\u0627\u0621 \u0627\u0644\u0639\u0627\u0645\u0629","publisher":{"@id":"https:\/\/lequotidien.mr\/#organization"},"potentialAction":[{"@type":"SearchAction","target":{"@type":"EntryPoint","urlTemplate":"https:\/\/lequotidien.mr\/?s={search_term_string}"},"query-input":{"@type":"PropertyValueSpecification","valueRequired":true,"valueName":"search_term_string"}}],"inLanguage":"ar"},{"@type":"Organization","@id":"https:\/\/lequotidien.mr\/#organization","name":"Le Quotidien de Nouakchott","url":"https:\/\/lequotidien.mr\/","logo":{"@type":"ImageObject","inLanguage":"ar","@id":"https:\/\/lequotidien.mr\/#\/schema\/logo\/image\/","url":"https:\/\/lequotidien.mr\/wp-content\/uploads\/2022\/11\/logolequotidien.jpg","contentUrl":"https:\/\/lequotidien.mr\/wp-content\/uploads\/2022\/11\/logolequotidien.jpg","width":290,"height":65,"caption":"Le Quotidien de Nouakchott"},"image":{"@id":"https:\/\/lequotidien.mr\/#\/schema\/logo\/image\/"},"sameAs":["https:\/\/web.facebook.com\/lequotidienmr","https:\/\/x.com\/lequotidienmr"]},{"@type":"Person","@id":"https:\/\/lequotidien.mr\/#\/schema\/person\/69d1518c74c9137087929a20b1272cb0","name":"Alioun M'leiwih","image":{"@type":"ImageObject","inLanguage":"ar","@id":"https:\/\/secure.gravatar.com\/avatar\/01f9d357222d7d4ca8f71662f4b081718f06d25b11fc45662ecca0622d507e51?s=96&d=mm&r=g","url":"https:\/\/secure.gravatar.com\/avatar\/01f9d357222d7d4ca8f71662f4b081718f06d25b11fc45662ecca0622d507e51?s=96&d=mm&r=g","contentUrl":"https:\/\/secure.gravatar.com\/avatar\/01f9d357222d7d4ca8f71662f4b081718f06d25b11fc45662ecca0622d507e51?s=96&d=mm&r=g","caption":"Alioun M'leiwih"},"sameAs":["https:\/\/lequotidien.mr\/","https:\/\/web.facebook.com\/a.mleiwih","https:\/\/www.linkedin.com\/in\/alimlewih\/"],"url":"https:\/\/lequotidien.mr\/?author=3"}]}},"_links":{"self":[{"href":"https:\/\/lequotidien.mr\/index.php?rest_route=\/wp\/v2\/posts\/3485","targetHints":{"allow":["GET"]}}],"collection":[{"href":"https:\/\/lequotidien.mr\/index.php?rest_route=\/wp\/v2\/posts"}],"about":[{"href":"https:\/\/lequotidien.mr\/index.php?rest_route=\/wp\/v2\/types\/post"}],"author":[{"embeddable":true,"href":"https:\/\/lequotidien.mr\/index.php?rest_route=\/wp\/v2\/users\/3"}],"replies":[{"embeddable":true,"href":"https:\/\/lequotidien.mr\/index.php?rest_route=%2Fwp%2Fv2%2Fcomments&post=3485"}],"version-history":[{"count":2,"href":"https:\/\/lequotidien.mr\/index.php?rest_route=\/wp\/v2\/posts\/3485\/revisions"}],"predecessor-version":[{"id":3488,"href":"https:\/\/lequotidien.mr\/index.php?rest_route=\/wp\/v2\/posts\/3485\/revisions\/3488"}],"wp:featuredmedia":[{"embeddable":true,"href":"https:\/\/lequotidien.mr\/index.php?rest_route=\/wp\/v2\/media\/3486"}],"wp:attachment":[{"href":"https:\/\/lequotidien.mr\/index.php?rest_route=%2Fwp%2Fv2%2Fmedia&parent=3485"}],"wp:term":[{"taxonomy":"category","embeddable":true,"href":"https:\/\/lequotidien.mr\/index.php?rest_route=%2Fwp%2Fv2%2Fcategories&post=3485"},{"taxonomy":"post_tag","embeddable":true,"href":"https:\/\/lequotidien.mr\/index.php?rest_route=%2Fwp%2Fv2%2Ftags&post=3485"}],"curies":[{"name":"wp","href":"https:\/\/api.w.org\/{rel}","templated":true}]}}