{"id":3481,"date":"2023-01-20T21:58:36","date_gmt":"2023-01-20T21:58:36","guid":{"rendered":"https:\/\/lequotidien.mr\/?p=3481"},"modified":"2023-01-20T21:58:36","modified_gmt":"2023-01-20T21:58:36","slug":"le-president-ghazouani-reaffirme-la-lutte-sans-merci-contre-lego-tribal","status":"publish","type":"post","link":"https:\/\/lequotidien.mr\/?p=3481&lang=fr","title":{"rendered":"Le pr\u00e9sident Ghazouani r\u00e9affirme la lutte sans merci contre l\u2019\u00e9go tribal"},"content":{"rendered":"<div class=\"field field-name-body field-type-text-with-summary field-label-hidden\">\n<div class=\"field-items\">\n<div class=\"field-item even\">\n<p style=\"text-align: left;\">Le pr\u00e9sident Mohamed Ould Cheikh Ghazouani a r\u00e9affirm\u00e9 le vendredi 20 janvier courant \u00e0 Tichitt, la n\u00e9cessit\u00e9 de tenir t\u00eate \u00e0 la mont\u00e9e de l\u2019\u00e9go tribal et sectaire.<\/p>\n<p style=\"text-align: left;\">\n<p style=\"text-align: left;\">\u00a0\u00ab Nos efforts pour renforcer la constance \u00e0 diff\u00e9rents niveaux n&#8217;auront tous les effets escompt\u00e9s que s&#8217;ils s&#8217;accompagnent d&#8217;un changement profond des mentalit\u00e9s et des comportements sociaux dans le sens qui sert le concept de citoyennet\u00e9 et les n\u00e9cessit\u00e9s de l&#8217;\u00c9tat moderne, .&#8221;<\/p>\n<p style=\"text-align: left;\">\n<p style=\"text-align: left;\">Le pr\u00e9sident a rappel\u00e9 avoir soulign\u00e9, \u00ab dans l&#8217;\u00e9dition pr\u00e9c\u00e9dente, lors du Festival des cit\u00e9s du patrimoine dans la ville de Ouadane, qu\u2019il est temps de purifier notre patrimoine culturel des vestiges de cette injustice odieuse et de se d\u00e9barrasser de ces pr\u00e9jug\u00e9s et st\u00e9r\u00e9otypes qui contredisent la v\u00e9rit\u00e9, heurtent les r\u00e8gles de la Charia, et de la loi, affaiblissent la coh\u00e9sion sociale et l\u2019unit\u00e9 nationale, entravent le d\u00e9veloppement de mentalit\u00e9s conformes aux concepts d\u2019Etat de droit et de citoyennet\u00e9\u00a0 \u00bb.<\/p>\n<p style=\"text-align: left;\">Nous avons instruit le gouvernement d&#8217;appliquer strictement la loi dans ce contexte et de prendre les mesures n\u00e9cessaires \u00e0 diff\u00e9rents niveaux pour se d\u00e9barrasser rapidement et d\u00e9finitivement de ces comportements, a-t-il ajout\u00e9.<\/p>\n<\/div>\n<\/div>\n<\/div>\n","protected":false},"excerpt":{"rendered":"<p>Le pr\u00e9sident Mohamed Ould Cheikh Ghazouani a r\u00e9affirm\u00e9 le vendredi 20 janvier courant \u00e0 Tichitt, la n\u00e9cessit\u00e9 de tenir t\u00eate \u00e0 la mont\u00e9e de l\u2019\u00e9go tribal et sectaire. \u00a0\u00ab Nos efforts pour renforcer la constance \u00e0 diff\u00e9rents niveaux n&#8217;auront tous les effets escompt\u00e9s que s&#8217;ils s&#8217;accompagnent d&#8217;un changement profond des mentalit\u00e9s et des comportements sociaux&#8230;..<\/p>\n","protected":false},"author":3,"featured_media":3482,"comment_status":"open","ping_status":"open","sticky":false,"template":"","format":"standard","meta":{"footnotes":""},"categories":[23,59,57],"tags":[],"class_list":["post-3481","post","type-post","status-publish","format-standard","has-post-thumbnail","hentry","category-actualite","category-opinion","category-couverture-specilale"],"yoast_head":"<!-- This site is optimized with the Yoast SEO plugin v27.5 - https:\/\/yoast.com\/product\/yoast-seo-wordpress\/ -->\n<title>Le pr\u00e9sident Ghazouani r\u00e9affirme la lutte sans merci contre l\u2019\u00e9go tribal - Le Quotidien de Nouakchott<\/title>\n<meta name=\"robots\" content=\"index, follow, max-snippet:-1, max-image-preview:large, max-video-preview:-1\" \/>\n<link rel=\"canonical\" href=\"https:\/\/lequotidien.mr\/?p=3481&lang=fr\" \/>\n<meta property=\"og:locale\" content=\"ar_AR\" \/>\n<meta property=\"og:type\" content=\"article\" \/>\n<meta property=\"og:title\" content=\"Le pr\u00e9sident Ghazouani r\u00e9affirme la lutte sans merci contre l\u2019\u00e9go tribal - Le Quotidien de Nouakchott\" \/>\n<meta property=\"og:description\" content=\"Le pr\u00e9sident Mohamed Ould Cheikh Ghazouani a r\u00e9affirm\u00e9 le vendredi 20 janvier courant \u00e0 Tichitt, la n\u00e9cessit\u00e9 de tenir t\u00eate \u00e0 la mont\u00e9e de l\u2019\u00e9go tribal et sectaire. \u00a0\u00ab Nos efforts pour renforcer la constance \u00e0 diff\u00e9rents niveaux n&#8217;auront tous les effets escompt\u00e9s que s&#8217;ils s&#8217;accompagnent d&#8217;un changement profond des mentalit\u00e9s et des comportements sociaux.....\" \/>\n<meta property=\"og:url\" content=\"https:\/\/lequotidien.mr\/?p=3481&amp;lang=fr\" \/>\n<meta property=\"og:site_name\" content=\"Le Quotidien de Nouakchott\" \/>\n<meta property=\"article:publisher\" content=\"https:\/\/web.facebook.com\/lequotidienmr\" \/>\n<meta property=\"article:author\" content=\"https:\/\/web.facebook.com\/a.mleiwih\" \/>\n<meta property=\"article:published_time\" content=\"2023-01-20T21:58:36+00:00\" \/>\n<meta property=\"og:image\" content=\"https:\/\/lequotidien.mr\/wp-content\/uploads\/2023\/01\/\u0627\u0644\u0631\u0626\u064a\u0633_0.png\" \/>\n\t<meta property=\"og:image:width\" content=\"480\" \/>\n\t<meta property=\"og:image:height\" content=\"318\" \/>\n\t<meta property=\"og:image:type\" content=\"image\/png\" \/>\n<meta name=\"author\" content=\"Alioun M&#039;leiwih\" \/>\n<meta name=\"twitter:card\" content=\"summary_large_image\" \/>\n<meta name=\"twitter:creator\" content=\"@lequotidienmr\" \/>\n<meta name=\"twitter:site\" content=\"@lequotidienmr\" \/>\n<meta name=\"twitter:label1\" content=\"\u0643\u064f\u062a\u0628 \u0628\u0648\u0627\u0633\u0637\u0629\" \/>\n\t<meta name=\"twitter:data1\" content=\"Alioun M&#039;leiwih\" \/>\n\t<meta name=\"twitter:label2\" content=\"\u0648\u0642\u062a \u0627\u0644\u0642\u0631\u0627\u0621\u0629 \u0627\u0644\u0645\u064f\u0642\u062f\u0651\u0631\" \/>\n\t<meta name=\"twitter:data2\" content=\"\u062f\u0642\u064a\u0642\u0629 \u0648\u0627\u062d\u062f\u0629\" \/>\n<script type=\"application\/ld+json\" class=\"yoast-schema-graph\">{\"@context\":\"https:\\\/\\\/schema.org\",\"@graph\":[{\"@type\":\"Article\",\"@id\":\"https:\\\/\\\/lequotidien.mr\\\/?p=3481&lang=fr#article\",\"isPartOf\":{\"@id\":\"https:\\\/\\\/lequotidien.mr\\\/?p=3481&lang=fr\"},\"author\":{\"name\":\"Alioun M'leiwih\",\"@id\":\"https:\\\/\\\/lequotidien.mr\\\/#\\\/schema\\\/person\\\/69d1518c74c9137087929a20b1272cb0\"},\"headline\":\"Le pr\u00e9sident Ghazouani r\u00e9affirme la lutte sans merci contre l\u2019\u00e9go tribal\",\"datePublished\":\"2023-01-20T21:58:36+00:00\",\"mainEntityOfPage\":{\"@id\":\"https:\\\/\\\/lequotidien.mr\\\/?p=3481&lang=fr\"},\"wordCount\":228,\"commentCount\":0,\"publisher\":{\"@id\":\"https:\\\/\\\/lequotidien.mr\\\/#organization\"},\"image\":{\"@id\":\"https:\\\/\\\/lequotidien.mr\\\/?p=3481&lang=fr#primaryimage\"},\"thumbnailUrl\":\"https:\\\/\\\/lequotidien.mr\\\/wp-content\\\/uploads\\\/2023\\\/01\\\/\u0627\u0644\u0631\u0626\u064a\u0633_0.png\",\"articleSection\":[\"ACTUALIT\u00c9\",\"Opinion\",\"Couverture sp\u00e9cilale\"],\"inLanguage\":\"ar\",\"potentialAction\":[{\"@type\":\"CommentAction\",\"name\":\"Comment\",\"target\":[\"https:\\\/\\\/lequotidien.mr\\\/?p=3481&lang=fr#respond\"]}]},{\"@type\":\"WebPage\",\"@id\":\"https:\\\/\\\/lequotidien.mr\\\/?p=3481&lang=fr\",\"url\":\"https:\\\/\\\/lequotidien.mr\\\/?p=3481&lang=fr\",\"name\":\"Le pr\u00e9sident Ghazouani r\u00e9affirme la lutte sans merci contre l\u2019\u00e9go tribal - Le Quotidien de Nouakchott\",\"isPartOf\":{\"@id\":\"https:\\\/\\\/lequotidien.mr\\\/#website\"},\"primaryImageOfPage\":{\"@id\":\"https:\\\/\\\/lequotidien.mr\\\/?p=3481&lang=fr#primaryimage\"},\"image\":{\"@id\":\"https:\\\/\\\/lequotidien.mr\\\/?p=3481&lang=fr#primaryimage\"},\"thumbnailUrl\":\"https:\\\/\\\/lequotidien.mr\\\/wp-content\\\/uploads\\\/2023\\\/01\\\/\u0627\u0644\u0631\u0626\u064a\u0633_0.png\",\"datePublished\":\"2023-01-20T21:58:36+00:00\",\"breadcrumb\":{\"@id\":\"https:\\\/\\\/lequotidien.mr\\\/?p=3481&lang=fr#breadcrumb\"},\"inLanguage\":\"ar\",\"potentialAction\":[{\"@type\":\"ReadAction\",\"target\":[\"https:\\\/\\\/lequotidien.mr\\\/?p=3481&lang=fr\"]}]},{\"@type\":\"ImageObject\",\"inLanguage\":\"ar\",\"@id\":\"https:\\\/\\\/lequotidien.mr\\\/?p=3481&lang=fr#primaryimage\",\"url\":\"https:\\\/\\\/lequotidien.mr\\\/wp-content\\\/uploads\\\/2023\\\/01\\\/\u0627\u0644\u0631\u0626\u064a\u0633_0.png\",\"contentUrl\":\"https:\\\/\\\/lequotidien.mr\\\/wp-content\\\/uploads\\\/2023\\\/01\\\/\u0627\u0644\u0631\u0626\u064a\u0633_0.png\",\"width\":480,\"height\":318},{\"@type\":\"BreadcrumbList\",\"@id\":\"https:\\\/\\\/lequotidien.mr\\\/?p=3481&lang=fr#breadcrumb\",\"itemListElement\":[{\"@type\":\"ListItem\",\"position\":1,\"name\":\"Home\",\"item\":\"https:\\\/\\\/lequotidien.mr\\\/\"},{\"@type\":\"ListItem\",\"position\":2,\"name\":\"Le pr\u00e9sident Ghazouani r\u00e9affirme la lutte sans merci contre l\u2019\u00e9go tribal\"}]},{\"@type\":\"WebSite\",\"@id\":\"https:\\\/\\\/lequotidien.mr\\\/#website\",\"url\":\"https:\\\/\\\/lequotidien.mr\\\/\",\"name\":\"Le Quotidien de Nouakchott\",\"description\":\"\u0625\u062e\u0628\u0627\u0631\u064a\u0629 \u0645\u0633\u062a\u0642\u0644\u0629 \u0644\u0644\u0623\u0646\u0628\u0627\u0621 \u0627\u0644\u0639\u0627\u0645\u0629\",\"publisher\":{\"@id\":\"https:\\\/\\\/lequotidien.mr\\\/#organization\"},\"potentialAction\":[{\"@type\":\"SearchAction\",\"target\":{\"@type\":\"EntryPoint\",\"urlTemplate\":\"https:\\\/\\\/lequotidien.mr\\\/?s={search_term_string}\"},\"query-input\":{\"@type\":\"PropertyValueSpecification\",\"valueRequired\":true,\"valueName\":\"search_term_string\"}}],\"inLanguage\":\"ar\"},{\"@type\":\"Organization\",\"@id\":\"https:\\\/\\\/lequotidien.mr\\\/#organization\",\"name\":\"Le Quotidien de Nouakchott\",\"url\":\"https:\\\/\\\/lequotidien.mr\\\/\",\"logo\":{\"@type\":\"ImageObject\",\"inLanguage\":\"ar\",\"@id\":\"https:\\\/\\\/lequotidien.mr\\\/#\\\/schema\\\/logo\\\/image\\\/\",\"url\":\"https:\\\/\\\/lequotidien.mr\\\/wp-content\\\/uploads\\\/2022\\\/11\\\/logolequotidien.jpg\",\"contentUrl\":\"https:\\\/\\\/lequotidien.mr\\\/wp-content\\\/uploads\\\/2022\\\/11\\\/logolequotidien.jpg\",\"width\":290,\"height\":65,\"caption\":\"Le Quotidien de Nouakchott\"},\"image\":{\"@id\":\"https:\\\/\\\/lequotidien.mr\\\/#\\\/schema\\\/logo\\\/image\\\/\"},\"sameAs\":[\"https:\\\/\\\/web.facebook.com\\\/lequotidienmr\",\"https:\\\/\\\/x.com\\\/lequotidienmr\"]},{\"@type\":\"Person\",\"@id\":\"https:\\\/\\\/lequotidien.mr\\\/#\\\/schema\\\/person\\\/69d1518c74c9137087929a20b1272cb0\",\"name\":\"Alioun M'leiwih\",\"image\":{\"@type\":\"ImageObject\",\"inLanguage\":\"ar\",\"@id\":\"https:\\\/\\\/secure.gravatar.com\\\/avatar\\\/01f9d357222d7d4ca8f71662f4b081718f06d25b11fc45662ecca0622d507e51?s=96&d=mm&r=g\",\"url\":\"https:\\\/\\\/secure.gravatar.com\\\/avatar\\\/01f9d357222d7d4ca8f71662f4b081718f06d25b11fc45662ecca0622d507e51?s=96&d=mm&r=g\",\"contentUrl\":\"https:\\\/\\\/secure.gravatar.com\\\/avatar\\\/01f9d357222d7d4ca8f71662f4b081718f06d25b11fc45662ecca0622d507e51?s=96&d=mm&r=g\",\"caption\":\"Alioun M'leiwih\"},\"sameAs\":[\"https:\\\/\\\/lequotidien.mr\\\/\",\"https:\\\/\\\/web.facebook.com\\\/a.mleiwih\",\"https:\\\/\\\/www.linkedin.com\\\/in\\\/alimlewih\\\/\"],\"url\":\"https:\\\/\\\/lequotidien.mr\\\/?author=3\"}]}<\/script>\n<!-- \/ Yoast SEO plugin. -->","yoast_head_json":{"title":"Le pr\u00e9sident Ghazouani r\u00e9affirme la lutte sans merci contre l\u2019\u00e9go tribal - Le Quotidien de Nouakchott","robots":{"index":"index","follow":"follow","max-snippet":"max-snippet:-1","max-image-preview":"max-image-preview:large","max-video-preview":"max-video-preview:-1"},"canonical":"https:\/\/lequotidien.mr\/?p=3481&lang=fr","og_locale":"ar_AR","og_type":"article","og_title":"Le pr\u00e9sident Ghazouani r\u00e9affirme la lutte sans merci contre l\u2019\u00e9go tribal - Le Quotidien de Nouakchott","og_description":"Le pr\u00e9sident Mohamed Ould Cheikh Ghazouani a r\u00e9affirm\u00e9 le vendredi 20 janvier courant \u00e0 Tichitt, la n\u00e9cessit\u00e9 de tenir t\u00eate \u00e0 la mont\u00e9e de l\u2019\u00e9go tribal et sectaire. \u00a0\u00ab Nos efforts pour renforcer la constance \u00e0 diff\u00e9rents niveaux n&#8217;auront tous les effets escompt\u00e9s que s&#8217;ils s&#8217;accompagnent d&#8217;un changement profond des mentalit\u00e9s et des comportements sociaux.....","og_url":"https:\/\/lequotidien.mr\/?p=3481&lang=fr","og_site_name":"Le Quotidien de Nouakchott","article_publisher":"https:\/\/web.facebook.com\/lequotidienmr","article_author":"https:\/\/web.facebook.com\/a.mleiwih","article_published_time":"2023-01-20T21:58:36+00:00","og_image":[{"width":480,"height":318,"url":"https:\/\/lequotidien.mr\/wp-content\/uploads\/2023\/01\/\u0627\u0644\u0631\u0626\u064a\u0633_0.png","type":"image\/png"}],"author":"Alioun M'leiwih","twitter_card":"summary_large_image","twitter_creator":"@lequotidienmr","twitter_site":"@lequotidienmr","twitter_misc":{"\u0643\u064f\u062a\u0628 \u0628\u0648\u0627\u0633\u0637\u0629":"Alioun M'leiwih","\u0648\u0642\u062a \u0627\u0644\u0642\u0631\u0627\u0621\u0629 \u0627\u0644\u0645\u064f\u0642\u062f\u0651\u0631":"\u062f\u0642\u064a\u0642\u0629 \u0648\u0627\u062d\u062f\u0629"},"schema":{"@context":"https:\/\/schema.org","@graph":[{"@type":"Article","@id":"https:\/\/lequotidien.mr\/?p=3481&lang=fr#article","isPartOf":{"@id":"https:\/\/lequotidien.mr\/?p=3481&lang=fr"},"author":{"name":"Alioun M'leiwih","@id":"https:\/\/lequotidien.mr\/#\/schema\/person\/69d1518c74c9137087929a20b1272cb0"},"headline":"Le pr\u00e9sident Ghazouani r\u00e9affirme la lutte sans merci contre l\u2019\u00e9go tribal","datePublished":"2023-01-20T21:58:36+00:00","mainEntityOfPage":{"@id":"https:\/\/lequotidien.mr\/?p=3481&lang=fr"},"wordCount":228,"commentCount":0,"publisher":{"@id":"https:\/\/lequotidien.mr\/#organization"},"image":{"@id":"https:\/\/lequotidien.mr\/?p=3481&lang=fr#primaryimage"},"thumbnailUrl":"https:\/\/lequotidien.mr\/wp-content\/uploads\/2023\/01\/\u0627\u0644\u0631\u0626\u064a\u0633_0.png","articleSection":["ACTUALIT\u00c9","Opinion","Couverture sp\u00e9cilale"],"inLanguage":"ar","potentialAction":[{"@type":"CommentAction","name":"Comment","target":["https:\/\/lequotidien.mr\/?p=3481&lang=fr#respond"]}]},{"@type":"WebPage","@id":"https:\/\/lequotidien.mr\/?p=3481&lang=fr","url":"https:\/\/lequotidien.mr\/?p=3481&lang=fr","name":"Le pr\u00e9sident Ghazouani r\u00e9affirme la lutte sans merci contre l\u2019\u00e9go tribal - Le Quotidien de Nouakchott","isPartOf":{"@id":"https:\/\/lequotidien.mr\/#website"},"primaryImageOfPage":{"@id":"https:\/\/lequotidien.mr\/?p=3481&lang=fr#primaryimage"},"image":{"@id":"https:\/\/lequotidien.mr\/?p=3481&lang=fr#primaryimage"},"thumbnailUrl":"https:\/\/lequotidien.mr\/wp-content\/uploads\/2023\/01\/\u0627\u0644\u0631\u0626\u064a\u0633_0.png","datePublished":"2023-01-20T21:58:36+00:00","breadcrumb":{"@id":"https:\/\/lequotidien.mr\/?p=3481&lang=fr#breadcrumb"},"inLanguage":"ar","potentialAction":[{"@type":"ReadAction","target":["https:\/\/lequotidien.mr\/?p=3481&lang=fr"]}]},{"@type":"ImageObject","inLanguage":"ar","@id":"https:\/\/lequotidien.mr\/?p=3481&lang=fr#primaryimage","url":"https:\/\/lequotidien.mr\/wp-content\/uploads\/2023\/01\/\u0627\u0644\u0631\u0626\u064a\u0633_0.png","contentUrl":"https:\/\/lequotidien.mr\/wp-content\/uploads\/2023\/01\/\u0627\u0644\u0631\u0626\u064a\u0633_0.png","width":480,"height":318},{"@type":"BreadcrumbList","@id":"https:\/\/lequotidien.mr\/?p=3481&lang=fr#breadcrumb","itemListElement":[{"@type":"ListItem","position":1,"name":"Home","item":"https:\/\/lequotidien.mr\/"},{"@type":"ListItem","position":2,"name":"Le pr\u00e9sident Ghazouani r\u00e9affirme la lutte sans merci contre l\u2019\u00e9go tribal"}]},{"@type":"WebSite","@id":"https:\/\/lequotidien.mr\/#website","url":"https:\/\/lequotidien.mr\/","name":"Le Quotidien de Nouakchott","description":"\u0625\u062e\u0628\u0627\u0631\u064a\u0629 \u0645\u0633\u062a\u0642\u0644\u0629 \u0644\u0644\u0623\u0646\u0628\u0627\u0621 \u0627\u0644\u0639\u0627\u0645\u0629","publisher":{"@id":"https:\/\/lequotidien.mr\/#organization"},"potentialAction":[{"@type":"SearchAction","target":{"@type":"EntryPoint","urlTemplate":"https:\/\/lequotidien.mr\/?s={search_term_string}"},"query-input":{"@type":"PropertyValueSpecification","valueRequired":true,"valueName":"search_term_string"}}],"inLanguage":"ar"},{"@type":"Organization","@id":"https:\/\/lequotidien.mr\/#organization","name":"Le Quotidien de Nouakchott","url":"https:\/\/lequotidien.mr\/","logo":{"@type":"ImageObject","inLanguage":"ar","@id":"https:\/\/lequotidien.mr\/#\/schema\/logo\/image\/","url":"https:\/\/lequotidien.mr\/wp-content\/uploads\/2022\/11\/logolequotidien.jpg","contentUrl":"https:\/\/lequotidien.mr\/wp-content\/uploads\/2022\/11\/logolequotidien.jpg","width":290,"height":65,"caption":"Le Quotidien de Nouakchott"},"image":{"@id":"https:\/\/lequotidien.mr\/#\/schema\/logo\/image\/"},"sameAs":["https:\/\/web.facebook.com\/lequotidienmr","https:\/\/x.com\/lequotidienmr"]},{"@type":"Person","@id":"https:\/\/lequotidien.mr\/#\/schema\/person\/69d1518c74c9137087929a20b1272cb0","name":"Alioun M'leiwih","image":{"@type":"ImageObject","inLanguage":"ar","@id":"https:\/\/secure.gravatar.com\/avatar\/01f9d357222d7d4ca8f71662f4b081718f06d25b11fc45662ecca0622d507e51?s=96&d=mm&r=g","url":"https:\/\/secure.gravatar.com\/avatar\/01f9d357222d7d4ca8f71662f4b081718f06d25b11fc45662ecca0622d507e51?s=96&d=mm&r=g","contentUrl":"https:\/\/secure.gravatar.com\/avatar\/01f9d357222d7d4ca8f71662f4b081718f06d25b11fc45662ecca0622d507e51?s=96&d=mm&r=g","caption":"Alioun M'leiwih"},"sameAs":["https:\/\/lequotidien.mr\/","https:\/\/web.facebook.com\/a.mleiwih","https:\/\/www.linkedin.com\/in\/alimlewih\/"],"url":"https:\/\/lequotidien.mr\/?author=3"}]}},"_links":{"self":[{"href":"https:\/\/lequotidien.mr\/index.php?rest_route=\/wp\/v2\/posts\/3481","targetHints":{"allow":["GET"]}}],"collection":[{"href":"https:\/\/lequotidien.mr\/index.php?rest_route=\/wp\/v2\/posts"}],"about":[{"href":"https:\/\/lequotidien.mr\/index.php?rest_route=\/wp\/v2\/types\/post"}],"author":[{"embeddable":true,"href":"https:\/\/lequotidien.mr\/index.php?rest_route=\/wp\/v2\/users\/3"}],"replies":[{"embeddable":true,"href":"https:\/\/lequotidien.mr\/index.php?rest_route=%2Fwp%2Fv2%2Fcomments&post=3481"}],"version-history":[{"count":1,"href":"https:\/\/lequotidien.mr\/index.php?rest_route=\/wp\/v2\/posts\/3481\/revisions"}],"predecessor-version":[{"id":3483,"href":"https:\/\/lequotidien.mr\/index.php?rest_route=\/wp\/v2\/posts\/3481\/revisions\/3483"}],"wp:featuredmedia":[{"embeddable":true,"href":"https:\/\/lequotidien.mr\/index.php?rest_route=\/wp\/v2\/media\/3482"}],"wp:attachment":[{"href":"https:\/\/lequotidien.mr\/index.php?rest_route=%2Fwp%2Fv2%2Fmedia&parent=3481"}],"wp:term":[{"taxonomy":"category","embeddable":true,"href":"https:\/\/lequotidien.mr\/index.php?rest_route=%2Fwp%2Fv2%2Fcategories&post=3481"},{"taxonomy":"post_tag","embeddable":true,"href":"https:\/\/lequotidien.mr\/index.php?rest_route=%2Fwp%2Fv2%2Ftags&post=3481"}],"curies":[{"name":"wp","href":"https:\/\/api.w.org\/{rel}","templated":true}]}}