{"id":34458,"date":"2026-02-10T17:57:18","date_gmt":"2026-02-10T17:57:18","guid":{"rendered":"https:\/\/lequotidien.mr\/?p=34458"},"modified":"2026-02-10T17:57:23","modified_gmt":"2026-02-10T17:57:23","slug":"nouakchott-ouverture-de-la-sixieme-conference-africaine-pour-la-promotion-de-la-paix","status":"publish","type":"post","link":"https:\/\/lequotidien.mr\/?p=34458&lang=fr","title":{"rendered":"Nouakchott : Ouverture de la sixi\u00e8me Conf\u00e9rence africaine pour la promotion de la paix"},"content":{"rendered":"<p data-start=\"236\" data-end=\"526\">Le Premier ministre, M. Moctar Ould Djay, a pr\u00e9sid\u00e9 l\u2019ouverture de la sixi\u00e8me \u00e9dition de la Conf\u00e9rence africaine pour la promotion de la paix, au Palais des Congr\u00e8s \u201cMokhtar Ould Daddah\u201d, sous le th\u00e8me <em data-start=\"478\" data-end=\"523\">\u00ab L\u2019Afrique et la fabrication de l\u2019espoir \u00bb<\/em>.<\/p>\n<p data-start=\"528\" data-end=\"934\">Dans son discours, M. Ould Djay a soulign\u00e9 que le d\u00e9veloppement, la s\u00e9curit\u00e9 et la justice sociale sont indissociables, et que la lutte contre l\u2019extr\u00e9misme, la violence et le terrorisme repose avant tout sur la diffusion des valeurs de mod\u00e9ration, de fraternit\u00e9 et de respect mutuel, piliers de la strat\u00e9gie de s\u00e9curit\u00e9 int\u00e9gr\u00e9e du Pr\u00e9sident de la R\u00e9publique, M. Mohamed Ould Cheikh El Ghazouani.<\/p>\n<p data-start=\"936\" data-end=\"1199\">Il a rappel\u00e9 le r\u00f4le central des savants, leaders d\u2019opinion et de la soci\u00e9t\u00e9 civile dans la consolidation de la paix et du dialogue, et a insist\u00e9 sur la n\u00e9cessit\u00e9 d\u2019approches consensuelles et inclusives pour restaurer la confiance et l\u2019harmonie sociale.<\/p>\n<p data-start=\"1201\" data-end=\"1544\">Lors de cette c\u00e9r\u00e9monie, Son \u00c9minence Cheikh Abdallah bin Bayyah a salu\u00e9 l\u2019appui du gouvernement mauritanien aux efforts de paix, tandis que le pr\u00e9sident tchadien, M. Mahamat Idriss D\u00e9by, a \u00e9t\u00e9 honor\u00e9 par le Prix africain pour la promotion de la paix pour ses initiatives humanitaires et sa contribution \u00e0 la stabilit\u00e9 r\u00e9gionale.<\/p>\n<p data-start=\"1546\" data-end=\"1788\">Plusieurs ministres, hauts responsables, repr\u00e9sentants du corps diplomatique et savants africains ont assist\u00e9 \u00e0 l\u2019ouverture, marquant l\u2019importance de cet \u00e9v\u00e9nement dans le renforcement de la culture du dialogue et de la paix en Afrique.<\/p>\n","protected":false},"excerpt":{"rendered":"<p>Le Premier ministre, M. Moctar Ould Djay, a pr\u00e9sid\u00e9 l\u2019ouverture de la sixi\u00e8me \u00e9dition de la Conf\u00e9rence africaine pour la promotion de la paix, au Palais des Congr\u00e8s \u201cMokhtar Ould Daddah\u201d, sous le th\u00e8me \u00ab L\u2019Afrique et la fabrication de l\u2019espoir \u00bb. Dans son discours, M. Ould Djay a soulign\u00e9 que le d\u00e9veloppement, la s\u00e9curit\u00e9&#8230;..<\/p>\n","protected":false},"author":13,"featured_media":34459,"comment_status":"open","ping_status":"open","sticky":false,"template":"","format":"standard","meta":{"footnotes":""},"categories":[23,55],"tags":[],"class_list":["post-34458","post","type-post","status-publish","format-standard","has-post-thumbnail","hentry","category-actualite","category-culture"],"yoast_head":"<!-- This site is optimized with the Yoast SEO plugin v27.5 - https:\/\/yoast.com\/product\/yoast-seo-wordpress\/ -->\n<title>Nouakchott : Ouverture de la sixi\u00e8me Conf\u00e9rence africaine pour la promotion de la paix - Le Quotidien de Nouakchott<\/title>\n<meta name=\"robots\" content=\"index, follow, max-snippet:-1, max-image-preview:large, max-video-preview:-1\" \/>\n<link rel=\"canonical\" href=\"https:\/\/lequotidien.mr\/?p=34458&lang=fr\" \/>\n<meta property=\"og:locale\" content=\"ar_AR\" \/>\n<meta property=\"og:type\" content=\"article\" \/>\n<meta property=\"og:title\" content=\"Nouakchott : Ouverture de la sixi\u00e8me Conf\u00e9rence africaine pour la promotion de la paix - Le Quotidien de Nouakchott\" \/>\n<meta property=\"og:description\" content=\"Le Premier ministre, M. Moctar Ould Djay, a pr\u00e9sid\u00e9 l\u2019ouverture de la sixi\u00e8me \u00e9dition de la Conf\u00e9rence africaine pour la promotion de la paix, au Palais des Congr\u00e8s \u201cMokhtar Ould Daddah\u201d, sous le th\u00e8me \u00ab L\u2019Afrique et la fabrication de l\u2019espoir \u00bb. Dans son discours, M. Ould Djay a soulign\u00e9 que le d\u00e9veloppement, la s\u00e9curit\u00e9.....\" \/>\n<meta property=\"og:url\" content=\"https:\/\/lequotidien.mr\/?p=34458&amp;lang=fr\" \/>\n<meta property=\"og:site_name\" content=\"Le Quotidien de Nouakchott\" \/>\n<meta property=\"article:publisher\" content=\"https:\/\/web.facebook.com\/lequotidienmr\" \/>\n<meta property=\"article:published_time\" content=\"2026-02-10T17:57:18+00:00\" \/>\n<meta property=\"article:modified_time\" content=\"2026-02-10T17:57:23+00:00\" \/>\n<meta property=\"og:image\" content=\"https:\/\/lequotidien.mr\/wp-content\/uploads\/2026\/02\/\u0627\u0644\u062a\u0643\u0631\u064a\u0645-1-300x230-1.jpg\" \/>\n\t<meta property=\"og:image:width\" content=\"300\" \/>\n\t<meta property=\"og:image:height\" content=\"230\" \/>\n\t<meta property=\"og:image:type\" content=\"image\/jpeg\" \/>\n<meta name=\"author\" content=\"Fatimetou Ethemane\" \/>\n<meta name=\"twitter:card\" content=\"summary_large_image\" \/>\n<meta name=\"twitter:creator\" content=\"@lequotidienmr\" \/>\n<meta name=\"twitter:site\" content=\"@lequotidienmr\" \/>\n<meta name=\"twitter:label1\" content=\"\u0643\u064f\u062a\u0628 \u0628\u0648\u0627\u0633\u0637\u0629\" \/>\n\t<meta name=\"twitter:data1\" content=\"Fatimetou Ethemane\" \/>\n\t<meta name=\"twitter:label2\" content=\"\u0648\u0642\u062a \u0627\u0644\u0642\u0631\u0627\u0621\u0629 \u0627\u0644\u0645\u064f\u0642\u062f\u0651\u0631\" \/>\n\t<meta name=\"twitter:data2\" content=\"\u062f\u0642\u064a\u0642\u062a\u0627\u0646\" \/>\n<script type=\"application\/ld+json\" class=\"yoast-schema-graph\">{\"@context\":\"https:\\\/\\\/schema.org\",\"@graph\":[{\"@type\":\"Article\",\"@id\":\"https:\\\/\\\/lequotidien.mr\\\/?p=34458&lang=fr#article\",\"isPartOf\":{\"@id\":\"https:\\\/\\\/lequotidien.mr\\\/?p=34458&lang=fr\"},\"author\":{\"name\":\"Fatimetou Ethemane\",\"@id\":\"https:\\\/\\\/lequotidien.mr\\\/#\\\/schema\\\/person\\\/0926dbaf41ffa88b64cf66855b9b2826\"},\"headline\":\"Nouakchott : Ouverture de la sixi\u00e8me Conf\u00e9rence africaine pour la promotion de la paix\",\"datePublished\":\"2026-02-10T17:57:18+00:00\",\"dateModified\":\"2026-02-10T17:57:23+00:00\",\"mainEntityOfPage\":{\"@id\":\"https:\\\/\\\/lequotidien.mr\\\/?p=34458&lang=fr\"},\"wordCount\":280,\"commentCount\":0,\"publisher\":{\"@id\":\"https:\\\/\\\/lequotidien.mr\\\/#organization\"},\"image\":{\"@id\":\"https:\\\/\\\/lequotidien.mr\\\/?p=34458&lang=fr#primaryimage\"},\"thumbnailUrl\":\"https:\\\/\\\/lequotidien.mr\\\/wp-content\\\/uploads\\\/2026\\\/02\\\/\u0627\u0644\u062a\u0643\u0631\u064a\u0645-1-300x230-1.jpg\",\"articleSection\":[\"ACTUALIT\u00c9\",\"Culture\"],\"inLanguage\":\"ar\",\"potentialAction\":[{\"@type\":\"CommentAction\",\"name\":\"Comment\",\"target\":[\"https:\\\/\\\/lequotidien.mr\\\/?p=34458&lang=fr#respond\"]}]},{\"@type\":\"WebPage\",\"@id\":\"https:\\\/\\\/lequotidien.mr\\\/?p=34458&lang=fr\",\"url\":\"https:\\\/\\\/lequotidien.mr\\\/?p=34458&lang=fr\",\"name\":\"Nouakchott : Ouverture de la sixi\u00e8me Conf\u00e9rence africaine pour la promotion de la paix - Le Quotidien de Nouakchott\",\"isPartOf\":{\"@id\":\"https:\\\/\\\/lequotidien.mr\\\/#website\"},\"primaryImageOfPage\":{\"@id\":\"https:\\\/\\\/lequotidien.mr\\\/?p=34458&lang=fr#primaryimage\"},\"image\":{\"@id\":\"https:\\\/\\\/lequotidien.mr\\\/?p=34458&lang=fr#primaryimage\"},\"thumbnailUrl\":\"https:\\\/\\\/lequotidien.mr\\\/wp-content\\\/uploads\\\/2026\\\/02\\\/\u0627\u0644\u062a\u0643\u0631\u064a\u0645-1-300x230-1.jpg\",\"datePublished\":\"2026-02-10T17:57:18+00:00\",\"dateModified\":\"2026-02-10T17:57:23+00:00\",\"breadcrumb\":{\"@id\":\"https:\\\/\\\/lequotidien.mr\\\/?p=34458&lang=fr#breadcrumb\"},\"inLanguage\":\"ar\",\"potentialAction\":[{\"@type\":\"ReadAction\",\"target\":[\"https:\\\/\\\/lequotidien.mr\\\/?p=34458&lang=fr\"]}]},{\"@type\":\"ImageObject\",\"inLanguage\":\"ar\",\"@id\":\"https:\\\/\\\/lequotidien.mr\\\/?p=34458&lang=fr#primaryimage\",\"url\":\"https:\\\/\\\/lequotidien.mr\\\/wp-content\\\/uploads\\\/2026\\\/02\\\/\u0627\u0644\u062a\u0643\u0631\u064a\u0645-1-300x230-1.jpg\",\"contentUrl\":\"https:\\\/\\\/lequotidien.mr\\\/wp-content\\\/uploads\\\/2026\\\/02\\\/\u0627\u0644\u062a\u0643\u0631\u064a\u0645-1-300x230-1.jpg\",\"width\":300,\"height\":230},{\"@type\":\"BreadcrumbList\",\"@id\":\"https:\\\/\\\/lequotidien.mr\\\/?p=34458&lang=fr#breadcrumb\",\"itemListElement\":[{\"@type\":\"ListItem\",\"position\":1,\"name\":\"Home\",\"item\":\"https:\\\/\\\/lequotidien.mr\\\/\"},{\"@type\":\"ListItem\",\"position\":2,\"name\":\"Nouakchott : Ouverture de la sixi\u00e8me Conf\u00e9rence africaine pour la promotion de la paix\"}]},{\"@type\":\"WebSite\",\"@id\":\"https:\\\/\\\/lequotidien.mr\\\/#website\",\"url\":\"https:\\\/\\\/lequotidien.mr\\\/\",\"name\":\"Le Quotidien de Nouakchott\",\"description\":\"\u0625\u062e\u0628\u0627\u0631\u064a\u0629 \u0645\u0633\u062a\u0642\u0644\u0629 \u0644\u0644\u0623\u0646\u0628\u0627\u0621 \u0627\u0644\u0639\u0627\u0645\u0629\",\"publisher\":{\"@id\":\"https:\\\/\\\/lequotidien.mr\\\/#organization\"},\"potentialAction\":[{\"@type\":\"SearchAction\",\"target\":{\"@type\":\"EntryPoint\",\"urlTemplate\":\"https:\\\/\\\/lequotidien.mr\\\/?s={search_term_string}\"},\"query-input\":{\"@type\":\"PropertyValueSpecification\",\"valueRequired\":true,\"valueName\":\"search_term_string\"}}],\"inLanguage\":\"ar\"},{\"@type\":\"Organization\",\"@id\":\"https:\\\/\\\/lequotidien.mr\\\/#organization\",\"name\":\"Le Quotidien de Nouakchott\",\"url\":\"https:\\\/\\\/lequotidien.mr\\\/\",\"logo\":{\"@type\":\"ImageObject\",\"inLanguage\":\"ar\",\"@id\":\"https:\\\/\\\/lequotidien.mr\\\/#\\\/schema\\\/logo\\\/image\\\/\",\"url\":\"https:\\\/\\\/lequotidien.mr\\\/wp-content\\\/uploads\\\/2022\\\/11\\\/logolequotidien.jpg\",\"contentUrl\":\"https:\\\/\\\/lequotidien.mr\\\/wp-content\\\/uploads\\\/2022\\\/11\\\/logolequotidien.jpg\",\"width\":290,\"height\":65,\"caption\":\"Le Quotidien de Nouakchott\"},\"image\":{\"@id\":\"https:\\\/\\\/lequotidien.mr\\\/#\\\/schema\\\/logo\\\/image\\\/\"},\"sameAs\":[\"https:\\\/\\\/web.facebook.com\\\/lequotidienmr\",\"https:\\\/\\\/x.com\\\/lequotidienmr\"]},{\"@type\":\"Person\",\"@id\":\"https:\\\/\\\/lequotidien.mr\\\/#\\\/schema\\\/person\\\/0926dbaf41ffa88b64cf66855b9b2826\",\"name\":\"Fatimetou Ethemane\",\"image\":{\"@type\":\"ImageObject\",\"inLanguage\":\"ar\",\"@id\":\"https:\\\/\\\/secure.gravatar.com\\\/avatar\\\/38fea9097a5e574debe9801202088f6f4429fdac0912587175811aad50d9706e?s=96&d=mm&r=g\",\"url\":\"https:\\\/\\\/secure.gravatar.com\\\/avatar\\\/38fea9097a5e574debe9801202088f6f4429fdac0912587175811aad50d9706e?s=96&d=mm&r=g\",\"contentUrl\":\"https:\\\/\\\/secure.gravatar.com\\\/avatar\\\/38fea9097a5e574debe9801202088f6f4429fdac0912587175811aad50d9706e?s=96&d=mm&r=g\",\"caption\":\"Fatimetou Ethemane\"},\"sameAs\":[\"http:\\\/\\\/lequotidien.mr\"],\"url\":\"https:\\\/\\\/lequotidien.mr\\\/?author=13\"}]}<\/script>\n<!-- \/ Yoast SEO plugin. -->","yoast_head_json":{"title":"Nouakchott : Ouverture de la sixi\u00e8me Conf\u00e9rence africaine pour la promotion de la paix - Le Quotidien de Nouakchott","robots":{"index":"index","follow":"follow","max-snippet":"max-snippet:-1","max-image-preview":"max-image-preview:large","max-video-preview":"max-video-preview:-1"},"canonical":"https:\/\/lequotidien.mr\/?p=34458&lang=fr","og_locale":"ar_AR","og_type":"article","og_title":"Nouakchott : Ouverture de la sixi\u00e8me Conf\u00e9rence africaine pour la promotion de la paix - Le Quotidien de Nouakchott","og_description":"Le Premier ministre, M. Moctar Ould Djay, a pr\u00e9sid\u00e9 l\u2019ouverture de la sixi\u00e8me \u00e9dition de la Conf\u00e9rence africaine pour la promotion de la paix, au Palais des Congr\u00e8s \u201cMokhtar Ould Daddah\u201d, sous le th\u00e8me \u00ab L\u2019Afrique et la fabrication de l\u2019espoir \u00bb. Dans son discours, M. Ould Djay a soulign\u00e9 que le d\u00e9veloppement, la s\u00e9curit\u00e9.....","og_url":"https:\/\/lequotidien.mr\/?p=34458&lang=fr","og_site_name":"Le Quotidien de Nouakchott","article_publisher":"https:\/\/web.facebook.com\/lequotidienmr","article_published_time":"2026-02-10T17:57:18+00:00","article_modified_time":"2026-02-10T17:57:23+00:00","og_image":[{"width":300,"height":230,"url":"https:\/\/lequotidien.mr\/wp-content\/uploads\/2026\/02\/\u0627\u0644\u062a\u0643\u0631\u064a\u0645-1-300x230-1.jpg","type":"image\/jpeg"}],"author":"Fatimetou Ethemane","twitter_card":"summary_large_image","twitter_creator":"@lequotidienmr","twitter_site":"@lequotidienmr","twitter_misc":{"\u0643\u064f\u062a\u0628 \u0628\u0648\u0627\u0633\u0637\u0629":"Fatimetou Ethemane","\u0648\u0642\u062a \u0627\u0644\u0642\u0631\u0627\u0621\u0629 \u0627\u0644\u0645\u064f\u0642\u062f\u0651\u0631":"\u062f\u0642\u064a\u0642\u062a\u0627\u0646"},"schema":{"@context":"https:\/\/schema.org","@graph":[{"@type":"Article","@id":"https:\/\/lequotidien.mr\/?p=34458&lang=fr#article","isPartOf":{"@id":"https:\/\/lequotidien.mr\/?p=34458&lang=fr"},"author":{"name":"Fatimetou Ethemane","@id":"https:\/\/lequotidien.mr\/#\/schema\/person\/0926dbaf41ffa88b64cf66855b9b2826"},"headline":"Nouakchott : Ouverture de la sixi\u00e8me Conf\u00e9rence africaine pour la promotion de la paix","datePublished":"2026-02-10T17:57:18+00:00","dateModified":"2026-02-10T17:57:23+00:00","mainEntityOfPage":{"@id":"https:\/\/lequotidien.mr\/?p=34458&lang=fr"},"wordCount":280,"commentCount":0,"publisher":{"@id":"https:\/\/lequotidien.mr\/#organization"},"image":{"@id":"https:\/\/lequotidien.mr\/?p=34458&lang=fr#primaryimage"},"thumbnailUrl":"https:\/\/lequotidien.mr\/wp-content\/uploads\/2026\/02\/\u0627\u0644\u062a\u0643\u0631\u064a\u0645-1-300x230-1.jpg","articleSection":["ACTUALIT\u00c9","Culture"],"inLanguage":"ar","potentialAction":[{"@type":"CommentAction","name":"Comment","target":["https:\/\/lequotidien.mr\/?p=34458&lang=fr#respond"]}]},{"@type":"WebPage","@id":"https:\/\/lequotidien.mr\/?p=34458&lang=fr","url":"https:\/\/lequotidien.mr\/?p=34458&lang=fr","name":"Nouakchott : Ouverture de la sixi\u00e8me Conf\u00e9rence africaine pour la promotion de la paix - Le Quotidien de Nouakchott","isPartOf":{"@id":"https:\/\/lequotidien.mr\/#website"},"primaryImageOfPage":{"@id":"https:\/\/lequotidien.mr\/?p=34458&lang=fr#primaryimage"},"image":{"@id":"https:\/\/lequotidien.mr\/?p=34458&lang=fr#primaryimage"},"thumbnailUrl":"https:\/\/lequotidien.mr\/wp-content\/uploads\/2026\/02\/\u0627\u0644\u062a\u0643\u0631\u064a\u0645-1-300x230-1.jpg","datePublished":"2026-02-10T17:57:18+00:00","dateModified":"2026-02-10T17:57:23+00:00","breadcrumb":{"@id":"https:\/\/lequotidien.mr\/?p=34458&lang=fr#breadcrumb"},"inLanguage":"ar","potentialAction":[{"@type":"ReadAction","target":["https:\/\/lequotidien.mr\/?p=34458&lang=fr"]}]},{"@type":"ImageObject","inLanguage":"ar","@id":"https:\/\/lequotidien.mr\/?p=34458&lang=fr#primaryimage","url":"https:\/\/lequotidien.mr\/wp-content\/uploads\/2026\/02\/\u0627\u0644\u062a\u0643\u0631\u064a\u0645-1-300x230-1.jpg","contentUrl":"https:\/\/lequotidien.mr\/wp-content\/uploads\/2026\/02\/\u0627\u0644\u062a\u0643\u0631\u064a\u0645-1-300x230-1.jpg","width":300,"height":230},{"@type":"BreadcrumbList","@id":"https:\/\/lequotidien.mr\/?p=34458&lang=fr#breadcrumb","itemListElement":[{"@type":"ListItem","position":1,"name":"Home","item":"https:\/\/lequotidien.mr\/"},{"@type":"ListItem","position":2,"name":"Nouakchott : Ouverture de la sixi\u00e8me Conf\u00e9rence africaine pour la promotion de la paix"}]},{"@type":"WebSite","@id":"https:\/\/lequotidien.mr\/#website","url":"https:\/\/lequotidien.mr\/","name":"Le Quotidien de Nouakchott","description":"\u0625\u062e\u0628\u0627\u0631\u064a\u0629 \u0645\u0633\u062a\u0642\u0644\u0629 \u0644\u0644\u0623\u0646\u0628\u0627\u0621 \u0627\u0644\u0639\u0627\u0645\u0629","publisher":{"@id":"https:\/\/lequotidien.mr\/#organization"},"potentialAction":[{"@type":"SearchAction","target":{"@type":"EntryPoint","urlTemplate":"https:\/\/lequotidien.mr\/?s={search_term_string}"},"query-input":{"@type":"PropertyValueSpecification","valueRequired":true,"valueName":"search_term_string"}}],"inLanguage":"ar"},{"@type":"Organization","@id":"https:\/\/lequotidien.mr\/#organization","name":"Le Quotidien de Nouakchott","url":"https:\/\/lequotidien.mr\/","logo":{"@type":"ImageObject","inLanguage":"ar","@id":"https:\/\/lequotidien.mr\/#\/schema\/logo\/image\/","url":"https:\/\/lequotidien.mr\/wp-content\/uploads\/2022\/11\/logolequotidien.jpg","contentUrl":"https:\/\/lequotidien.mr\/wp-content\/uploads\/2022\/11\/logolequotidien.jpg","width":290,"height":65,"caption":"Le Quotidien de Nouakchott"},"image":{"@id":"https:\/\/lequotidien.mr\/#\/schema\/logo\/image\/"},"sameAs":["https:\/\/web.facebook.com\/lequotidienmr","https:\/\/x.com\/lequotidienmr"]},{"@type":"Person","@id":"https:\/\/lequotidien.mr\/#\/schema\/person\/0926dbaf41ffa88b64cf66855b9b2826","name":"Fatimetou Ethemane","image":{"@type":"ImageObject","inLanguage":"ar","@id":"https:\/\/secure.gravatar.com\/avatar\/38fea9097a5e574debe9801202088f6f4429fdac0912587175811aad50d9706e?s=96&d=mm&r=g","url":"https:\/\/secure.gravatar.com\/avatar\/38fea9097a5e574debe9801202088f6f4429fdac0912587175811aad50d9706e?s=96&d=mm&r=g","contentUrl":"https:\/\/secure.gravatar.com\/avatar\/38fea9097a5e574debe9801202088f6f4429fdac0912587175811aad50d9706e?s=96&d=mm&r=g","caption":"Fatimetou Ethemane"},"sameAs":["http:\/\/lequotidien.mr"],"url":"https:\/\/lequotidien.mr\/?author=13"}]}},"_links":{"self":[{"href":"https:\/\/lequotidien.mr\/index.php?rest_route=\/wp\/v2\/posts\/34458","targetHints":{"allow":["GET"]}}],"collection":[{"href":"https:\/\/lequotidien.mr\/index.php?rest_route=\/wp\/v2\/posts"}],"about":[{"href":"https:\/\/lequotidien.mr\/index.php?rest_route=\/wp\/v2\/types\/post"}],"author":[{"embeddable":true,"href":"https:\/\/lequotidien.mr\/index.php?rest_route=\/wp\/v2\/users\/13"}],"replies":[{"embeddable":true,"href":"https:\/\/lequotidien.mr\/index.php?rest_route=%2Fwp%2Fv2%2Fcomments&post=34458"}],"version-history":[{"count":1,"href":"https:\/\/lequotidien.mr\/index.php?rest_route=\/wp\/v2\/posts\/34458\/revisions"}],"predecessor-version":[{"id":34460,"href":"https:\/\/lequotidien.mr\/index.php?rest_route=\/wp\/v2\/posts\/34458\/revisions\/34460"}],"wp:featuredmedia":[{"embeddable":true,"href":"https:\/\/lequotidien.mr\/index.php?rest_route=\/wp\/v2\/media\/34459"}],"wp:attachment":[{"href":"https:\/\/lequotidien.mr\/index.php?rest_route=%2Fwp%2Fv2%2Fmedia&parent=34458"}],"wp:term":[{"taxonomy":"category","embeddable":true,"href":"https:\/\/lequotidien.mr\/index.php?rest_route=%2Fwp%2Fv2%2Fcategories&post=34458"},{"taxonomy":"post_tag","embeddable":true,"href":"https:\/\/lequotidien.mr\/index.php?rest_route=%2Fwp%2Fv2%2Ftags&post=34458"}],"curies":[{"name":"wp","href":"https:\/\/api.w.org\/{rel}","templated":true}]}}