{"id":3442,"date":"2023-01-20T11:05:14","date_gmt":"2023-01-20T11:05:14","guid":{"rendered":"https:\/\/lequotidien.mr\/?p=3442"},"modified":"2023-01-20T11:05:14","modified_gmt":"2023-01-20T11:05:14","slug":"conseil-de-securite-le-role-du-roi-mohammed-vi-et-du-comite-al-qods-mis-en-relief","status":"publish","type":"post","link":"https:\/\/lequotidien.mr\/?p=3442&lang=fr","title":{"rendered":"Conseil de s\u00e9curit\u00e9 : Le r\u00f4le du roi Mohammed VI et du Comit\u00e9 Al Qods mis en relief"},"content":{"rendered":"<p style=\"text-align: left;\">Le roi Mohammed VI, pr\u00e9sident du Comit\u00e9 Al Qods, n&#8217;a de cesse de souligner l\u2019importance de pr\u00e9server le statut juridique, civilisationnel et religieux de la ville sainte, a affirm\u00e9, mercredi \u00e0 New York, le repr\u00e9sentant permanent adjoint du Maroc aupr\u00e8s de l&#8217;ONU, Omar Kadiri. Intervenant lors du d\u00e9bat ouvert au Conseil de s\u00e9curit\u00e9 sur la situation au Moyen-Orient, le diplomate a relev\u00e9 que le souverain suit de pr\u00e8s et avec un grand int\u00e9r\u00eat tous les d\u00e9veloppements concernant la cause palestinienne et ne cesse de souligner la n\u00e9cessit\u00e9 de pr\u00e9server le statut d\u2019Al Qods Acharif en tant que patrimoine commun de l\u2019humanit\u00e9, symbole du vivre ensemble pour les adeptes des religions monoth\u00e9istes et centre des valeurs de respect mutuel et de dialogue. Il a, \u00e0 ce propos, rappel\u00e9 l\u2019Appel d\u2019Al Qods sign\u00e9 par le roi et le Pape Fran\u00e7ois le 2 mars 2019 \u00e0 Rabat<\/p>\n<p style=\"text-align: left;\">\n<p style=\"text-align: left;\" data-t=\"{&quot;n&quot;:&quot;blueLinks&quot;}\">Le diplomate a \u00e9galement indiqu\u00e9 que le Comit\u00e9 Al Qods, que pr\u00e9side le roi, s\u2019acquitte de son r\u00f4le politique et sur le terrain en soutien au peuple palestinien en g\u00e9n\u00e9ral et aux Maqdissis en particulier, notant que le Comit\u00e9 allie entre les efforts politiques d\u00e9ploy\u00e9s par le Souverain et l\u2019action sur le terrain men\u00e9e \u00e0 travers l\u2019Agence Bayt Mal Al Qods sous la supervision personnelle et effective de SM le Roi.<\/p>\n<div class=\"article-clear-div\" style=\"text-align: left;\"><\/div>\n<p class=\"continue-read-break\" style=\"text-align: left;\" data-t=\"{&quot;n&quot;:&quot;blueLinks&quot;}\">Depuis sa cr\u00e9ation en 1995, l\u2019agence a proc\u00e9d\u00e9 \u00e0 la r\u00e9alisation de projets concrets \u00e0 caract\u00e8re \u00e9ducatif, social, \u00e9conomique, sanitaire et culturel, visant notamment \u00e0 am\u00e9liorer les conditions de vie des Maqdissis et pr\u00e9server le cachet civilisationnel et spirituel de la ville sainte en tant que carrefour des religions monoth\u00e9istes, patrimoine commun de l&#8217;humanit\u00e9 et terre de coexistence et de rencontre, a-t-il pr\u00e9cis\u00e9.<\/p>\n<p style=\"text-align: left;\" data-t=\"{&quot;n&quot;:&quot;blueLinks&quot;}\">Omar Kadiri a relev\u00e9 que dans le cadre de l\u2019engagement continu du Maroc \u00e0 am\u00e9liorer les conditions de vie des Palestiniens, le souverain a bien voulu mener la m\u00e9diation en juillet 2022 pour l&#8217;ouverture, sans interruption, du poste-fronti\u00e8re Allenby\/Roi Hussein, reliant la Cisjordanie et la Jordanie. Cette initiative s\u2019est r\u00e9percut\u00e9e positivement sur la vie quotidienne des Palestiniens et a facilit\u00e9 la circulation des personnes et des biens.<\/p>\n","protected":false},"excerpt":{"rendered":"<p>Le roi Mohammed VI, pr\u00e9sident du Comit\u00e9 Al Qods, n&#8217;a de cesse de souligner l\u2019importance de pr\u00e9server le statut juridique, civilisationnel et religieux de la ville sainte, a affirm\u00e9, mercredi \u00e0 New York, le repr\u00e9sentant permanent adjoint du Maroc aupr\u00e8s de l&#8217;ONU, Omar Kadiri. Intervenant lors du d\u00e9bat ouvert au Conseil de s\u00e9curit\u00e9 sur la&#8230;..<\/p>\n","protected":false},"author":3,"featured_media":3443,"comment_status":"open","ping_status":"open","sticky":false,"template":"","format":"standard","meta":{"footnotes":""},"categories":[23,59],"tags":[],"class_list":["post-3442","post","type-post","status-publish","format-standard","has-post-thumbnail","hentry","category-actualite","category-opinion"],"yoast_head":"<!-- This site is optimized with the Yoast SEO plugin v27.5 - https:\/\/yoast.com\/product\/yoast-seo-wordpress\/ -->\n<title>Conseil de s\u00e9curit\u00e9 : Le r\u00f4le du roi Mohammed VI et du Comit\u00e9 Al Qods mis en relief - Le Quotidien de Nouakchott<\/title>\n<meta name=\"robots\" content=\"index, follow, max-snippet:-1, max-image-preview:large, max-video-preview:-1\" \/>\n<link rel=\"canonical\" href=\"https:\/\/lequotidien.mr\/?p=3442&lang=fr\" \/>\n<meta property=\"og:locale\" content=\"ar_AR\" \/>\n<meta property=\"og:type\" content=\"article\" \/>\n<meta property=\"og:title\" content=\"Conseil de s\u00e9curit\u00e9 : Le r\u00f4le du roi Mohammed VI et du Comit\u00e9 Al Qods mis en relief - Le Quotidien de Nouakchott\" \/>\n<meta property=\"og:description\" content=\"Le roi Mohammed VI, pr\u00e9sident du Comit\u00e9 Al Qods, n&#8217;a de cesse de souligner l\u2019importance de pr\u00e9server le statut juridique, civilisationnel et religieux de la ville sainte, a affirm\u00e9, mercredi \u00e0 New York, le repr\u00e9sentant permanent adjoint du Maroc aupr\u00e8s de l&#8217;ONU, Omar Kadiri. Intervenant lors du d\u00e9bat ouvert au Conseil de s\u00e9curit\u00e9 sur la.....\" \/>\n<meta property=\"og:url\" content=\"https:\/\/lequotidien.mr\/?p=3442&amp;lang=fr\" \/>\n<meta property=\"og:site_name\" content=\"Le Quotidien de Nouakchott\" \/>\n<meta property=\"article:publisher\" content=\"https:\/\/web.facebook.com\/lequotidienmr\" \/>\n<meta property=\"article:author\" content=\"https:\/\/web.facebook.com\/a.mleiwih\" \/>\n<meta property=\"article:published_time\" content=\"2023-01-20T11:05:14+00:00\" \/>\n<meta property=\"og:image\" content=\"https:\/\/lequotidien.mr\/wp-content\/uploads\/2023\/01\/AA16vR0m.jpg\" \/>\n\t<meta property=\"og:image:width\" content=\"640\" \/>\n\t<meta property=\"og:image:height\" content=\"360\" \/>\n\t<meta property=\"og:image:type\" content=\"image\/jpeg\" \/>\n<meta name=\"author\" content=\"Alioun M&#039;leiwih\" \/>\n<meta name=\"twitter:card\" content=\"summary_large_image\" \/>\n<meta name=\"twitter:creator\" content=\"@lequotidienmr\" \/>\n<meta name=\"twitter:site\" content=\"@lequotidienmr\" \/>\n<meta name=\"twitter:label1\" content=\"\u0643\u064f\u062a\u0628 \u0628\u0648\u0627\u0633\u0637\u0629\" \/>\n\t<meta name=\"twitter:data1\" content=\"Alioun M&#039;leiwih\" \/>\n\t<meta name=\"twitter:label2\" content=\"\u0648\u0642\u062a \u0627\u0644\u0642\u0631\u0627\u0621\u0629 \u0627\u0644\u0645\u064f\u0642\u062f\u0651\u0631\" \/>\n\t<meta name=\"twitter:data2\" content=\"\u062f\u0642\u064a\u0642\u062a\u0627\u0646\" \/>\n<script type=\"application\/ld+json\" class=\"yoast-schema-graph\">{\"@context\":\"https:\\\/\\\/schema.org\",\"@graph\":[{\"@type\":\"Article\",\"@id\":\"https:\\\/\\\/lequotidien.mr\\\/?p=3442&lang=fr#article\",\"isPartOf\":{\"@id\":\"https:\\\/\\\/lequotidien.mr\\\/?p=3442&lang=fr\"},\"author\":{\"name\":\"Alioun M'leiwih\",\"@id\":\"https:\\\/\\\/lequotidien.mr\\\/#\\\/schema\\\/person\\\/69d1518c74c9137087929a20b1272cb0\"},\"headline\":\"Conseil de s\u00e9curit\u00e9 : Le r\u00f4le du roi Mohammed VI et du Comit\u00e9 Al Qods mis en relief\",\"datePublished\":\"2023-01-20T11:05:14+00:00\",\"mainEntityOfPage\":{\"@id\":\"https:\\\/\\\/lequotidien.mr\\\/?p=3442&lang=fr\"},\"wordCount\":402,\"commentCount\":0,\"publisher\":{\"@id\":\"https:\\\/\\\/lequotidien.mr\\\/#organization\"},\"image\":{\"@id\":\"https:\\\/\\\/lequotidien.mr\\\/?p=3442&lang=fr#primaryimage\"},\"thumbnailUrl\":\"https:\\\/\\\/lequotidien.mr\\\/wp-content\\\/uploads\\\/2023\\\/01\\\/AA16vR0m.jpg\",\"articleSection\":[\"ACTUALIT\u00c9\",\"Opinion\"],\"inLanguage\":\"ar\",\"potentialAction\":[{\"@type\":\"CommentAction\",\"name\":\"Comment\",\"target\":[\"https:\\\/\\\/lequotidien.mr\\\/?p=3442&lang=fr#respond\"]}]},{\"@type\":\"WebPage\",\"@id\":\"https:\\\/\\\/lequotidien.mr\\\/?p=3442&lang=fr\",\"url\":\"https:\\\/\\\/lequotidien.mr\\\/?p=3442&lang=fr\",\"name\":\"Conseil de s\u00e9curit\u00e9 : Le r\u00f4le du roi Mohammed VI et du Comit\u00e9 Al Qods mis en relief - Le Quotidien de Nouakchott\",\"isPartOf\":{\"@id\":\"https:\\\/\\\/lequotidien.mr\\\/#website\"},\"primaryImageOfPage\":{\"@id\":\"https:\\\/\\\/lequotidien.mr\\\/?p=3442&lang=fr#primaryimage\"},\"image\":{\"@id\":\"https:\\\/\\\/lequotidien.mr\\\/?p=3442&lang=fr#primaryimage\"},\"thumbnailUrl\":\"https:\\\/\\\/lequotidien.mr\\\/wp-content\\\/uploads\\\/2023\\\/01\\\/AA16vR0m.jpg\",\"datePublished\":\"2023-01-20T11:05:14+00:00\",\"breadcrumb\":{\"@id\":\"https:\\\/\\\/lequotidien.mr\\\/?p=3442&lang=fr#breadcrumb\"},\"inLanguage\":\"ar\",\"potentialAction\":[{\"@type\":\"ReadAction\",\"target\":[\"https:\\\/\\\/lequotidien.mr\\\/?p=3442&lang=fr\"]}]},{\"@type\":\"ImageObject\",\"inLanguage\":\"ar\",\"@id\":\"https:\\\/\\\/lequotidien.mr\\\/?p=3442&lang=fr#primaryimage\",\"url\":\"https:\\\/\\\/lequotidien.mr\\\/wp-content\\\/uploads\\\/2023\\\/01\\\/AA16vR0m.jpg\",\"contentUrl\":\"https:\\\/\\\/lequotidien.mr\\\/wp-content\\\/uploads\\\/2023\\\/01\\\/AA16vR0m.jpg\",\"width\":640,\"height\":360},{\"@type\":\"BreadcrumbList\",\"@id\":\"https:\\\/\\\/lequotidien.mr\\\/?p=3442&lang=fr#breadcrumb\",\"itemListElement\":[{\"@type\":\"ListItem\",\"position\":1,\"name\":\"Home\",\"item\":\"https:\\\/\\\/lequotidien.mr\\\/\"},{\"@type\":\"ListItem\",\"position\":2,\"name\":\"Conseil de s\u00e9curit\u00e9 : Le r\u00f4le du roi Mohammed VI et du Comit\u00e9 Al Qods mis en relief\"}]},{\"@type\":\"WebSite\",\"@id\":\"https:\\\/\\\/lequotidien.mr\\\/#website\",\"url\":\"https:\\\/\\\/lequotidien.mr\\\/\",\"name\":\"Le Quotidien de Nouakchott\",\"description\":\"\u0625\u062e\u0628\u0627\u0631\u064a\u0629 \u0645\u0633\u062a\u0642\u0644\u0629 \u0644\u0644\u0623\u0646\u0628\u0627\u0621 \u0627\u0644\u0639\u0627\u0645\u0629\",\"publisher\":{\"@id\":\"https:\\\/\\\/lequotidien.mr\\\/#organization\"},\"potentialAction\":[{\"@type\":\"SearchAction\",\"target\":{\"@type\":\"EntryPoint\",\"urlTemplate\":\"https:\\\/\\\/lequotidien.mr\\\/?s={search_term_string}\"},\"query-input\":{\"@type\":\"PropertyValueSpecification\",\"valueRequired\":true,\"valueName\":\"search_term_string\"}}],\"inLanguage\":\"ar\"},{\"@type\":\"Organization\",\"@id\":\"https:\\\/\\\/lequotidien.mr\\\/#organization\",\"name\":\"Le Quotidien de Nouakchott\",\"url\":\"https:\\\/\\\/lequotidien.mr\\\/\",\"logo\":{\"@type\":\"ImageObject\",\"inLanguage\":\"ar\",\"@id\":\"https:\\\/\\\/lequotidien.mr\\\/#\\\/schema\\\/logo\\\/image\\\/\",\"url\":\"https:\\\/\\\/lequotidien.mr\\\/wp-content\\\/uploads\\\/2022\\\/11\\\/logolequotidien.jpg\",\"contentUrl\":\"https:\\\/\\\/lequotidien.mr\\\/wp-content\\\/uploads\\\/2022\\\/11\\\/logolequotidien.jpg\",\"width\":290,\"height\":65,\"caption\":\"Le Quotidien de Nouakchott\"},\"image\":{\"@id\":\"https:\\\/\\\/lequotidien.mr\\\/#\\\/schema\\\/logo\\\/image\\\/\"},\"sameAs\":[\"https:\\\/\\\/web.facebook.com\\\/lequotidienmr\",\"https:\\\/\\\/x.com\\\/lequotidienmr\"]},{\"@type\":\"Person\",\"@id\":\"https:\\\/\\\/lequotidien.mr\\\/#\\\/schema\\\/person\\\/69d1518c74c9137087929a20b1272cb0\",\"name\":\"Alioun M'leiwih\",\"image\":{\"@type\":\"ImageObject\",\"inLanguage\":\"ar\",\"@id\":\"https:\\\/\\\/secure.gravatar.com\\\/avatar\\\/01f9d357222d7d4ca8f71662f4b081718f06d25b11fc45662ecca0622d507e51?s=96&d=mm&r=g\",\"url\":\"https:\\\/\\\/secure.gravatar.com\\\/avatar\\\/01f9d357222d7d4ca8f71662f4b081718f06d25b11fc45662ecca0622d507e51?s=96&d=mm&r=g\",\"contentUrl\":\"https:\\\/\\\/secure.gravatar.com\\\/avatar\\\/01f9d357222d7d4ca8f71662f4b081718f06d25b11fc45662ecca0622d507e51?s=96&d=mm&r=g\",\"caption\":\"Alioun M'leiwih\"},\"sameAs\":[\"https:\\\/\\\/lequotidien.mr\\\/\",\"https:\\\/\\\/web.facebook.com\\\/a.mleiwih\",\"https:\\\/\\\/www.linkedin.com\\\/in\\\/alimlewih\\\/\"],\"url\":\"https:\\\/\\\/lequotidien.mr\\\/?author=3\"}]}<\/script>\n<!-- \/ Yoast SEO plugin. -->","yoast_head_json":{"title":"Conseil de s\u00e9curit\u00e9 : Le r\u00f4le du roi Mohammed VI et du Comit\u00e9 Al Qods mis en relief - Le Quotidien de Nouakchott","robots":{"index":"index","follow":"follow","max-snippet":"max-snippet:-1","max-image-preview":"max-image-preview:large","max-video-preview":"max-video-preview:-1"},"canonical":"https:\/\/lequotidien.mr\/?p=3442&lang=fr","og_locale":"ar_AR","og_type":"article","og_title":"Conseil de s\u00e9curit\u00e9 : Le r\u00f4le du roi Mohammed VI et du Comit\u00e9 Al Qods mis en relief - Le Quotidien de Nouakchott","og_description":"Le roi Mohammed VI, pr\u00e9sident du Comit\u00e9 Al Qods, n&#8217;a de cesse de souligner l\u2019importance de pr\u00e9server le statut juridique, civilisationnel et religieux de la ville sainte, a affirm\u00e9, mercredi \u00e0 New York, le repr\u00e9sentant permanent adjoint du Maroc aupr\u00e8s de l&#8217;ONU, Omar Kadiri. Intervenant lors du d\u00e9bat ouvert au Conseil de s\u00e9curit\u00e9 sur la.....","og_url":"https:\/\/lequotidien.mr\/?p=3442&lang=fr","og_site_name":"Le Quotidien de Nouakchott","article_publisher":"https:\/\/web.facebook.com\/lequotidienmr","article_author":"https:\/\/web.facebook.com\/a.mleiwih","article_published_time":"2023-01-20T11:05:14+00:00","og_image":[{"width":640,"height":360,"url":"https:\/\/lequotidien.mr\/wp-content\/uploads\/2023\/01\/AA16vR0m.jpg","type":"image\/jpeg"}],"author":"Alioun M'leiwih","twitter_card":"summary_large_image","twitter_creator":"@lequotidienmr","twitter_site":"@lequotidienmr","twitter_misc":{"\u0643\u064f\u062a\u0628 \u0628\u0648\u0627\u0633\u0637\u0629":"Alioun M'leiwih","\u0648\u0642\u062a \u0627\u0644\u0642\u0631\u0627\u0621\u0629 \u0627\u0644\u0645\u064f\u0642\u062f\u0651\u0631":"\u062f\u0642\u064a\u0642\u062a\u0627\u0646"},"schema":{"@context":"https:\/\/schema.org","@graph":[{"@type":"Article","@id":"https:\/\/lequotidien.mr\/?p=3442&lang=fr#article","isPartOf":{"@id":"https:\/\/lequotidien.mr\/?p=3442&lang=fr"},"author":{"name":"Alioun M'leiwih","@id":"https:\/\/lequotidien.mr\/#\/schema\/person\/69d1518c74c9137087929a20b1272cb0"},"headline":"Conseil de s\u00e9curit\u00e9 : Le r\u00f4le du roi Mohammed VI et du Comit\u00e9 Al Qods mis en relief","datePublished":"2023-01-20T11:05:14+00:00","mainEntityOfPage":{"@id":"https:\/\/lequotidien.mr\/?p=3442&lang=fr"},"wordCount":402,"commentCount":0,"publisher":{"@id":"https:\/\/lequotidien.mr\/#organization"},"image":{"@id":"https:\/\/lequotidien.mr\/?p=3442&lang=fr#primaryimage"},"thumbnailUrl":"https:\/\/lequotidien.mr\/wp-content\/uploads\/2023\/01\/AA16vR0m.jpg","articleSection":["ACTUALIT\u00c9","Opinion"],"inLanguage":"ar","potentialAction":[{"@type":"CommentAction","name":"Comment","target":["https:\/\/lequotidien.mr\/?p=3442&lang=fr#respond"]}]},{"@type":"WebPage","@id":"https:\/\/lequotidien.mr\/?p=3442&lang=fr","url":"https:\/\/lequotidien.mr\/?p=3442&lang=fr","name":"Conseil de s\u00e9curit\u00e9 : Le r\u00f4le du roi Mohammed VI et du Comit\u00e9 Al Qods mis en relief - Le Quotidien de Nouakchott","isPartOf":{"@id":"https:\/\/lequotidien.mr\/#website"},"primaryImageOfPage":{"@id":"https:\/\/lequotidien.mr\/?p=3442&lang=fr#primaryimage"},"image":{"@id":"https:\/\/lequotidien.mr\/?p=3442&lang=fr#primaryimage"},"thumbnailUrl":"https:\/\/lequotidien.mr\/wp-content\/uploads\/2023\/01\/AA16vR0m.jpg","datePublished":"2023-01-20T11:05:14+00:00","breadcrumb":{"@id":"https:\/\/lequotidien.mr\/?p=3442&lang=fr#breadcrumb"},"inLanguage":"ar","potentialAction":[{"@type":"ReadAction","target":["https:\/\/lequotidien.mr\/?p=3442&lang=fr"]}]},{"@type":"ImageObject","inLanguage":"ar","@id":"https:\/\/lequotidien.mr\/?p=3442&lang=fr#primaryimage","url":"https:\/\/lequotidien.mr\/wp-content\/uploads\/2023\/01\/AA16vR0m.jpg","contentUrl":"https:\/\/lequotidien.mr\/wp-content\/uploads\/2023\/01\/AA16vR0m.jpg","width":640,"height":360},{"@type":"BreadcrumbList","@id":"https:\/\/lequotidien.mr\/?p=3442&lang=fr#breadcrumb","itemListElement":[{"@type":"ListItem","position":1,"name":"Home","item":"https:\/\/lequotidien.mr\/"},{"@type":"ListItem","position":2,"name":"Conseil de s\u00e9curit\u00e9 : Le r\u00f4le du roi Mohammed VI et du Comit\u00e9 Al Qods mis en relief"}]},{"@type":"WebSite","@id":"https:\/\/lequotidien.mr\/#website","url":"https:\/\/lequotidien.mr\/","name":"Le Quotidien de Nouakchott","description":"\u0625\u062e\u0628\u0627\u0631\u064a\u0629 \u0645\u0633\u062a\u0642\u0644\u0629 \u0644\u0644\u0623\u0646\u0628\u0627\u0621 \u0627\u0644\u0639\u0627\u0645\u0629","publisher":{"@id":"https:\/\/lequotidien.mr\/#organization"},"potentialAction":[{"@type":"SearchAction","target":{"@type":"EntryPoint","urlTemplate":"https:\/\/lequotidien.mr\/?s={search_term_string}"},"query-input":{"@type":"PropertyValueSpecification","valueRequired":true,"valueName":"search_term_string"}}],"inLanguage":"ar"},{"@type":"Organization","@id":"https:\/\/lequotidien.mr\/#organization","name":"Le Quotidien de Nouakchott","url":"https:\/\/lequotidien.mr\/","logo":{"@type":"ImageObject","inLanguage":"ar","@id":"https:\/\/lequotidien.mr\/#\/schema\/logo\/image\/","url":"https:\/\/lequotidien.mr\/wp-content\/uploads\/2022\/11\/logolequotidien.jpg","contentUrl":"https:\/\/lequotidien.mr\/wp-content\/uploads\/2022\/11\/logolequotidien.jpg","width":290,"height":65,"caption":"Le Quotidien de Nouakchott"},"image":{"@id":"https:\/\/lequotidien.mr\/#\/schema\/logo\/image\/"},"sameAs":["https:\/\/web.facebook.com\/lequotidienmr","https:\/\/x.com\/lequotidienmr"]},{"@type":"Person","@id":"https:\/\/lequotidien.mr\/#\/schema\/person\/69d1518c74c9137087929a20b1272cb0","name":"Alioun M'leiwih","image":{"@type":"ImageObject","inLanguage":"ar","@id":"https:\/\/secure.gravatar.com\/avatar\/01f9d357222d7d4ca8f71662f4b081718f06d25b11fc45662ecca0622d507e51?s=96&d=mm&r=g","url":"https:\/\/secure.gravatar.com\/avatar\/01f9d357222d7d4ca8f71662f4b081718f06d25b11fc45662ecca0622d507e51?s=96&d=mm&r=g","contentUrl":"https:\/\/secure.gravatar.com\/avatar\/01f9d357222d7d4ca8f71662f4b081718f06d25b11fc45662ecca0622d507e51?s=96&d=mm&r=g","caption":"Alioun M'leiwih"},"sameAs":["https:\/\/lequotidien.mr\/","https:\/\/web.facebook.com\/a.mleiwih","https:\/\/www.linkedin.com\/in\/alimlewih\/"],"url":"https:\/\/lequotidien.mr\/?author=3"}]}},"_links":{"self":[{"href":"https:\/\/lequotidien.mr\/index.php?rest_route=\/wp\/v2\/posts\/3442","targetHints":{"allow":["GET"]}}],"collection":[{"href":"https:\/\/lequotidien.mr\/index.php?rest_route=\/wp\/v2\/posts"}],"about":[{"href":"https:\/\/lequotidien.mr\/index.php?rest_route=\/wp\/v2\/types\/post"}],"author":[{"embeddable":true,"href":"https:\/\/lequotidien.mr\/index.php?rest_route=\/wp\/v2\/users\/3"}],"replies":[{"embeddable":true,"href":"https:\/\/lequotidien.mr\/index.php?rest_route=%2Fwp%2Fv2%2Fcomments&post=3442"}],"version-history":[{"count":1,"href":"https:\/\/lequotidien.mr\/index.php?rest_route=\/wp\/v2\/posts\/3442\/revisions"}],"predecessor-version":[{"id":3444,"href":"https:\/\/lequotidien.mr\/index.php?rest_route=\/wp\/v2\/posts\/3442\/revisions\/3444"}],"wp:featuredmedia":[{"embeddable":true,"href":"https:\/\/lequotidien.mr\/index.php?rest_route=\/wp\/v2\/media\/3443"}],"wp:attachment":[{"href":"https:\/\/lequotidien.mr\/index.php?rest_route=%2Fwp%2Fv2%2Fmedia&parent=3442"}],"wp:term":[{"taxonomy":"category","embeddable":true,"href":"https:\/\/lequotidien.mr\/index.php?rest_route=%2Fwp%2Fv2%2Fcategories&post=3442"},{"taxonomy":"post_tag","embeddable":true,"href":"https:\/\/lequotidien.mr\/index.php?rest_route=%2Fwp%2Fv2%2Ftags&post=3442"}],"curies":[{"name":"wp","href":"https:\/\/api.w.org\/{rel}","templated":true}]}}