{"id":34413,"date":"2026-02-08T22:56:16","date_gmt":"2026-02-08T22:56:16","guid":{"rendered":"https:\/\/lequotidien.mr\/?p=34413"},"modified":"2026-02-08T22:56:16","modified_gmt":"2026-02-08T22:56:16","slug":"le-forum-de-la-pensee-et-de-la-litterature-explore-levolution-de-la-capitale-nouakchott-entre-modernite-et-contemporaneite","status":"publish","type":"post","link":"https:\/\/lequotidien.mr\/?p=34413&lang=fr","title":{"rendered":"Le Forum de la Pens\u00e9e et de la Litt\u00e9rature explore l\u2019\u00e9volution de la capitale : &#8220;Nouakchott entre modernit\u00e9 et contemporan\u00e9it\u00e9&#8221;"},"content":{"rendered":"<p>Le Centre culturel de la r\u00e9gion de Nouakchott a abrit\u00e9, ce samedi, un colloque de r\u00e9flexion organis\u00e9 par le Forum de la Pens\u00e9e et de la Litt\u00e9rature. Plac\u00e9 sous le th\u00e8me <strong>\u00ab Nouakchott entre modernit\u00e9 et contemporan\u00e9it\u00e9 \u00bb<\/strong>, l\u2019\u00e9v\u00e9nement a vis\u00e9 \u00e0 analyser les transformations profondes de la capitale depuis sa cr\u00e9ation et \u00e0 discuter des d\u00e9fis urbains, environnementaux et sociaux qui en d\u00e9coulent.<\/p>\n<p><strong>Une capitale \u00e0 la crois\u00e9e des h\u00e9ritages et des ambitions modernes<\/strong><\/p>\n<p>Ouvrant les travaux, <strong>M. Mohamed Mahmoud Mohamed Ahmed, charg\u00e9 de mission au cabinet du ministre de la Culture, des Arts, de la Communication et des Relations avec le Parlement<\/strong>, a situ\u00e9 le d\u00e9bat dans une perspective historique et civilisationnelle. Il a d\u00e9clar\u00e9 que <em>\u00ab la rem\u00e9moration de l\u2019h\u00e9ritage civilisationnel ancestral se croise aujourd\u2019hui avec la r\u00e9alit\u00e9 de l\u2019\u00c9tat mauritanien moderne \u00bb,<\/em> qui progresse vers la consolidation de la stabilit\u00e9 et la construction d\u2019un \u00c9tat d\u2019institutions.<br \/>\nMettant l&#8217;accent sur les piliers de cette construction, il a affirm\u00e9 que <em>\u00ab l\u2019\u00e9cole r\u00e9publicaine repr\u00e9sente la pierre angulaire de la construction de l\u2019\u00eatre humain \u00bb<\/em>, en tant que vecteur d&#8217;identit\u00e9 nationale, de citoyennet\u00e9 et de science. Il a \u00e9galement soulign\u00e9 le r\u00f4le de la <em>\u00ab diplomatie culturelle de Chinguetti \u00bb<\/em> comme levier pour renforcer la pr\u00e9sence de la Mauritanie sur la sc\u00e8ne internationale.<\/p>\n<p><strong>La responsabilit\u00e9 collective face au destin de la Cit\u00e9<\/strong><\/p>\n<p>Pour sa part, le <strong>pr\u00e9sident du Forum de la Pens\u00e9e et de la Litt\u00e9rature, M. Sidi Mohamed Eliat<\/strong>, a rappel\u00e9 que <em>\u00ab la patrie est une responsabilit\u00e9 collective \u00bb<\/em>. Il a d\u00e9fini les colloques de r\u00e9flexion comme des <em>\u00ab espaces essentiels pour s\u2019adresser \u00e0 l\u2019intellect et construire la conscience \u00bb<\/em>, permettant de proposer des visions contemporaines pour promouvoir la prosp\u00e9rit\u00e9 globale et les valeurs de vie commune.<br \/>\nSon intervention a r\u00e9sonn\u00e9 comme un appel \u00e0 une prise de conscience partag\u00e9e des enjeux li\u00e9s au d\u00e9veloppement harmonieux de la capitale.<\/p>\n<p><strong>L&#8217;\u00e9cole et le civisme au c\u0153ur du projet de ville moderne<\/strong><\/p>\n<p>Les diff\u00e9rents intervenants du colloque ont converg\u00e9 vers plusieurs imp\u00e9ratifs pour l&#8217;avenir de Nouakchott. Ils ont insist\u00e9 sur l&#8217;importance cruciale de\u00a0<strong>consolider le comportement urbain<\/strong>\u00a0comme pilier fondamental d&#8217;une ville moderne. Le r\u00f4le central de l&#8217;<strong>\u00e9cole r\u00e9publicaine<\/strong>\u00a0a \u00e9t\u00e9 r\u00e9affirm\u00e9, notamment dans l&#8217;\u00e9ducation des jeunes g\u00e9n\u00e9rations au respect de l&#8217;espace public, \u00e0 la pr\u00e9servation des biens communs et aux valeurs de citoyennet\u00e9.<\/p>\n<p>Les d\u00e9bats ont \u00e9galement mis en lumi\u00e8re la\u00a0<strong>n\u00e9cessit\u00e9 d&#8217;impliquer tous les acteurs<\/strong>\u00a0\u2013 autorit\u00e9s, soci\u00e9t\u00e9 civile, citoyens \u2013 dans la promotion d&#8217;une culture de la discipline, de la responsabilit\u00e9 et de la participation \u00e0 la vie de la cit\u00e9. Les questions d&#8217;<strong>urbanisme, de propret\u00e9 et de fourniture des services de base<\/strong>\u00a0ont \u00e9t\u00e9 abord\u00e9es comme des d\u00e9fis majeurs d\u00e9coulant directement de la croissance rapide et de la transition vers la \u00ab contemporan\u00e9it\u00e9 \u00bb.<\/p>\n<p>Assist\u00e9 par un public nombreux d&#8217;intellectuels et de personnes int\u00e9ress\u00e9es par les affaires culturelles, ce colloque a offert une plateforme de dialogue et d&#8217;analyse critique. Il a permis de poser les jalons d&#8217;une r\u00e9flexion n\u00e9cessaire sur le mod\u00e8le de d\u00e9veloppement urbain et social que la soci\u00e9t\u00e9 mauritanienne aspire \u00e0 b\u00e2tir pour sa capitale, en \u00e9quilibre entre ses racines, les exigences du pr\u00e9sent et les aspirations de l&#8217;avenir.<\/p>\n<p>&nbsp;<\/p>\n","protected":false},"excerpt":{"rendered":"<p>Le Centre culturel de la r\u00e9gion de Nouakchott a abrit\u00e9, ce samedi, un colloque de r\u00e9flexion organis\u00e9 par le Forum de la Pens\u00e9e et de la Litt\u00e9rature. Plac\u00e9 sous le th\u00e8me \u00ab Nouakchott entre modernit\u00e9 et contemporan\u00e9it\u00e9 \u00bb, l\u2019\u00e9v\u00e9nement a vis\u00e9 \u00e0 analyser les transformations profondes de la capitale depuis sa cr\u00e9ation et \u00e0 discuter&#8230;..<\/p>\n","protected":false},"author":12,"featured_media":34414,"comment_status":"open","ping_status":"open","sticky":false,"template":"","format":"standard","meta":{"footnotes":""},"categories":[23,55],"tags":[],"class_list":["post-34413","post","type-post","status-publish","format-standard","has-post-thumbnail","hentry","category-actualite","category-culture"],"yoast_head":"<!-- This site is optimized with the Yoast SEO plugin v27.5 - https:\/\/yoast.com\/product\/yoast-seo-wordpress\/ -->\n<title>Le Forum de la Pens\u00e9e et de la Litt\u00e9rature explore l\u2019\u00e9volution de la capitale : &quot;Nouakchott entre modernit\u00e9 et contemporan\u00e9it\u00e9&quot; - Le Quotidien de Nouakchott<\/title>\n<meta name=\"robots\" content=\"index, follow, max-snippet:-1, max-image-preview:large, max-video-preview:-1\" \/>\n<link rel=\"canonical\" href=\"https:\/\/lequotidien.mr\/?p=34413&lang=fr\" \/>\n<meta property=\"og:locale\" content=\"ar_AR\" \/>\n<meta property=\"og:type\" content=\"article\" \/>\n<meta property=\"og:title\" content=\"Le Forum de la Pens\u00e9e et de la Litt\u00e9rature explore l\u2019\u00e9volution de la capitale : &quot;Nouakchott entre modernit\u00e9 et contemporan\u00e9it\u00e9&quot; - Le Quotidien de Nouakchott\" \/>\n<meta property=\"og:description\" content=\"Le Centre culturel de la r\u00e9gion de Nouakchott a abrit\u00e9, ce samedi, un colloque de r\u00e9flexion organis\u00e9 par le Forum de la Pens\u00e9e et de la Litt\u00e9rature. Plac\u00e9 sous le th\u00e8me \u00ab Nouakchott entre modernit\u00e9 et contemporan\u00e9it\u00e9 \u00bb, l\u2019\u00e9v\u00e9nement a vis\u00e9 \u00e0 analyser les transformations profondes de la capitale depuis sa cr\u00e9ation et \u00e0 discuter.....\" \/>\n<meta property=\"og:url\" content=\"https:\/\/lequotidien.mr\/?p=34413&amp;lang=fr\" \/>\n<meta property=\"og:site_name\" content=\"Le Quotidien de Nouakchott\" \/>\n<meta property=\"article:publisher\" content=\"https:\/\/web.facebook.com\/lequotidienmr\" \/>\n<meta property=\"article:published_time\" content=\"2026-02-08T22:56:16+00:00\" \/>\n<meta property=\"og:image\" content=\"https:\/\/lequotidien.mr\/wp-content\/uploads\/2026\/02\/photo-forum-litterature.jpg\" \/>\n\t<meta property=\"og:image:width\" content=\"750\" \/>\n\t<meta property=\"og:image:height\" content=\"430\" \/>\n\t<meta property=\"og:image:type\" content=\"image\/jpeg\" \/>\n<meta name=\"author\" content=\"Med Ahmed\" \/>\n<meta name=\"twitter:card\" content=\"summary_large_image\" \/>\n<meta name=\"twitter:creator\" content=\"@lequotidienmr\" \/>\n<meta name=\"twitter:site\" content=\"@lequotidienmr\" \/>\n<meta name=\"twitter:label1\" content=\"\u0643\u064f\u062a\u0628 \u0628\u0648\u0627\u0633\u0637\u0629\" \/>\n\t<meta name=\"twitter:data1\" content=\"Med Ahmed\" \/>\n\t<meta name=\"twitter:label2\" content=\"\u0648\u0642\u062a \u0627\u0644\u0642\u0631\u0627\u0621\u0629 \u0627\u0644\u0645\u064f\u0642\u062f\u0651\u0631\" \/>\n\t<meta name=\"twitter:data2\" content=\"4 \u062f\u0642\u0627\u0626\u0642\" \/>\n<script type=\"application\/ld+json\" class=\"yoast-schema-graph\">{\"@context\":\"https:\\\/\\\/schema.org\",\"@graph\":[{\"@type\":\"Article\",\"@id\":\"https:\\\/\\\/lequotidien.mr\\\/?p=34413&lang=fr#article\",\"isPartOf\":{\"@id\":\"https:\\\/\\\/lequotidien.mr\\\/?p=34413&lang=fr\"},\"author\":{\"name\":\"Med Ahmed\",\"@id\":\"https:\\\/\\\/lequotidien.mr\\\/#\\\/schema\\\/person\\\/d2d350202a4d599685ed8abc25f97596\"},\"headline\":\"Le Forum de la Pens\u00e9e et de la Litt\u00e9rature explore l\u2019\u00e9volution de la capitale : &#8220;Nouakchott entre modernit\u00e9 et contemporan\u00e9it\u00e9&#8221;\",\"datePublished\":\"2026-02-08T22:56:16+00:00\",\"mainEntityOfPage\":{\"@id\":\"https:\\\/\\\/lequotidien.mr\\\/?p=34413&lang=fr\"},\"wordCount\":611,\"commentCount\":0,\"publisher\":{\"@id\":\"https:\\\/\\\/lequotidien.mr\\\/#organization\"},\"image\":{\"@id\":\"https:\\\/\\\/lequotidien.mr\\\/?p=34413&lang=fr#primaryimage\"},\"thumbnailUrl\":\"https:\\\/\\\/lequotidien.mr\\\/wp-content\\\/uploads\\\/2026\\\/02\\\/photo-forum-litterature.jpg\",\"articleSection\":[\"ACTUALIT\u00c9\",\"Culture\"],\"inLanguage\":\"ar\",\"potentialAction\":[{\"@type\":\"CommentAction\",\"name\":\"Comment\",\"target\":[\"https:\\\/\\\/lequotidien.mr\\\/?p=34413&lang=fr#respond\"]}]},{\"@type\":\"WebPage\",\"@id\":\"https:\\\/\\\/lequotidien.mr\\\/?p=34413&lang=fr\",\"url\":\"https:\\\/\\\/lequotidien.mr\\\/?p=34413&lang=fr\",\"name\":\"Le Forum de la Pens\u00e9e et de la Litt\u00e9rature explore l\u2019\u00e9volution de la capitale : \\\"Nouakchott entre modernit\u00e9 et contemporan\u00e9it\u00e9\\\" - Le Quotidien de Nouakchott\",\"isPartOf\":{\"@id\":\"https:\\\/\\\/lequotidien.mr\\\/#website\"},\"primaryImageOfPage\":{\"@id\":\"https:\\\/\\\/lequotidien.mr\\\/?p=34413&lang=fr#primaryimage\"},\"image\":{\"@id\":\"https:\\\/\\\/lequotidien.mr\\\/?p=34413&lang=fr#primaryimage\"},\"thumbnailUrl\":\"https:\\\/\\\/lequotidien.mr\\\/wp-content\\\/uploads\\\/2026\\\/02\\\/photo-forum-litterature.jpg\",\"datePublished\":\"2026-02-08T22:56:16+00:00\",\"breadcrumb\":{\"@id\":\"https:\\\/\\\/lequotidien.mr\\\/?p=34413&lang=fr#breadcrumb\"},\"inLanguage\":\"ar\",\"potentialAction\":[{\"@type\":\"ReadAction\",\"target\":[\"https:\\\/\\\/lequotidien.mr\\\/?p=34413&lang=fr\"]}]},{\"@type\":\"ImageObject\",\"inLanguage\":\"ar\",\"@id\":\"https:\\\/\\\/lequotidien.mr\\\/?p=34413&lang=fr#primaryimage\",\"url\":\"https:\\\/\\\/lequotidien.mr\\\/wp-content\\\/uploads\\\/2026\\\/02\\\/photo-forum-litterature.jpg\",\"contentUrl\":\"https:\\\/\\\/lequotidien.mr\\\/wp-content\\\/uploads\\\/2026\\\/02\\\/photo-forum-litterature.jpg\",\"width\":750,\"height\":430},{\"@type\":\"BreadcrumbList\",\"@id\":\"https:\\\/\\\/lequotidien.mr\\\/?p=34413&lang=fr#breadcrumb\",\"itemListElement\":[{\"@type\":\"ListItem\",\"position\":1,\"name\":\"Home\",\"item\":\"https:\\\/\\\/lequotidien.mr\\\/\"},{\"@type\":\"ListItem\",\"position\":2,\"name\":\"Le Forum de la Pens\u00e9e et de la Litt\u00e9rature explore l\u2019\u00e9volution de la capitale : \u00ab\u00a0Nouakchott entre modernit\u00e9 et contemporan\u00e9it\u00e9\u00a0\u00bb\"}]},{\"@type\":\"WebSite\",\"@id\":\"https:\\\/\\\/lequotidien.mr\\\/#website\",\"url\":\"https:\\\/\\\/lequotidien.mr\\\/\",\"name\":\"Le Quotidien de Nouakchott\",\"description\":\"\u0625\u062e\u0628\u0627\u0631\u064a\u0629 \u0645\u0633\u062a\u0642\u0644\u0629 \u0644\u0644\u0623\u0646\u0628\u0627\u0621 \u0627\u0644\u0639\u0627\u0645\u0629\",\"publisher\":{\"@id\":\"https:\\\/\\\/lequotidien.mr\\\/#organization\"},\"potentialAction\":[{\"@type\":\"SearchAction\",\"target\":{\"@type\":\"EntryPoint\",\"urlTemplate\":\"https:\\\/\\\/lequotidien.mr\\\/?s={search_term_string}\"},\"query-input\":{\"@type\":\"PropertyValueSpecification\",\"valueRequired\":true,\"valueName\":\"search_term_string\"}}],\"inLanguage\":\"ar\"},{\"@type\":\"Organization\",\"@id\":\"https:\\\/\\\/lequotidien.mr\\\/#organization\",\"name\":\"Le Quotidien de Nouakchott\",\"url\":\"https:\\\/\\\/lequotidien.mr\\\/\",\"logo\":{\"@type\":\"ImageObject\",\"inLanguage\":\"ar\",\"@id\":\"https:\\\/\\\/lequotidien.mr\\\/#\\\/schema\\\/logo\\\/image\\\/\",\"url\":\"https:\\\/\\\/lequotidien.mr\\\/wp-content\\\/uploads\\\/2022\\\/11\\\/logolequotidien.jpg\",\"contentUrl\":\"https:\\\/\\\/lequotidien.mr\\\/wp-content\\\/uploads\\\/2022\\\/11\\\/logolequotidien.jpg\",\"width\":290,\"height\":65,\"caption\":\"Le Quotidien de Nouakchott\"},\"image\":{\"@id\":\"https:\\\/\\\/lequotidien.mr\\\/#\\\/schema\\\/logo\\\/image\\\/\"},\"sameAs\":[\"https:\\\/\\\/web.facebook.com\\\/lequotidienmr\",\"https:\\\/\\\/x.com\\\/lequotidienmr\"]},{\"@type\":\"Person\",\"@id\":\"https:\\\/\\\/lequotidien.mr\\\/#\\\/schema\\\/person\\\/d2d350202a4d599685ed8abc25f97596\",\"name\":\"Med Ahmed\",\"image\":{\"@type\":\"ImageObject\",\"inLanguage\":\"ar\",\"@id\":\"https:\\\/\\\/secure.gravatar.com\\\/avatar\\\/fd2acc62ed50732923d1d39c17172c9b04149f142be92310ecc69e1358f94b52?s=96&d=mm&r=g\",\"url\":\"https:\\\/\\\/secure.gravatar.com\\\/avatar\\\/fd2acc62ed50732923d1d39c17172c9b04149f142be92310ecc69e1358f94b52?s=96&d=mm&r=g\",\"contentUrl\":\"https:\\\/\\\/secure.gravatar.com\\\/avatar\\\/fd2acc62ed50732923d1d39c17172c9b04149f142be92310ecc69e1358f94b52?s=96&d=mm&r=g\",\"caption\":\"Med Ahmed\"},\"url\":\"https:\\\/\\\/lequotidien.mr\\\/?author=12\"}]}<\/script>\n<!-- \/ Yoast SEO plugin. -->","yoast_head_json":{"title":"Le Forum de la Pens\u00e9e et de la Litt\u00e9rature explore l\u2019\u00e9volution de la capitale : \"Nouakchott entre modernit\u00e9 et contemporan\u00e9it\u00e9\" - Le Quotidien de Nouakchott","robots":{"index":"index","follow":"follow","max-snippet":"max-snippet:-1","max-image-preview":"max-image-preview:large","max-video-preview":"max-video-preview:-1"},"canonical":"https:\/\/lequotidien.mr\/?p=34413&lang=fr","og_locale":"ar_AR","og_type":"article","og_title":"Le Forum de la Pens\u00e9e et de la Litt\u00e9rature explore l\u2019\u00e9volution de la capitale : \"Nouakchott entre modernit\u00e9 et contemporan\u00e9it\u00e9\" - Le Quotidien de Nouakchott","og_description":"Le Centre culturel de la r\u00e9gion de Nouakchott a abrit\u00e9, ce samedi, un colloque de r\u00e9flexion organis\u00e9 par le Forum de la Pens\u00e9e et de la Litt\u00e9rature. Plac\u00e9 sous le th\u00e8me \u00ab Nouakchott entre modernit\u00e9 et contemporan\u00e9it\u00e9 \u00bb, l\u2019\u00e9v\u00e9nement a vis\u00e9 \u00e0 analyser les transformations profondes de la capitale depuis sa cr\u00e9ation et \u00e0 discuter.....","og_url":"https:\/\/lequotidien.mr\/?p=34413&lang=fr","og_site_name":"Le Quotidien de Nouakchott","article_publisher":"https:\/\/web.facebook.com\/lequotidienmr","article_published_time":"2026-02-08T22:56:16+00:00","og_image":[{"width":750,"height":430,"url":"https:\/\/lequotidien.mr\/wp-content\/uploads\/2026\/02\/photo-forum-litterature.jpg","type":"image\/jpeg"}],"author":"Med Ahmed","twitter_card":"summary_large_image","twitter_creator":"@lequotidienmr","twitter_site":"@lequotidienmr","twitter_misc":{"\u0643\u064f\u062a\u0628 \u0628\u0648\u0627\u0633\u0637\u0629":"Med Ahmed","\u0648\u0642\u062a \u0627\u0644\u0642\u0631\u0627\u0621\u0629 \u0627\u0644\u0645\u064f\u0642\u062f\u0651\u0631":"4 \u062f\u0642\u0627\u0626\u0642"},"schema":{"@context":"https:\/\/schema.org","@graph":[{"@type":"Article","@id":"https:\/\/lequotidien.mr\/?p=34413&lang=fr#article","isPartOf":{"@id":"https:\/\/lequotidien.mr\/?p=34413&lang=fr"},"author":{"name":"Med Ahmed","@id":"https:\/\/lequotidien.mr\/#\/schema\/person\/d2d350202a4d599685ed8abc25f97596"},"headline":"Le Forum de la Pens\u00e9e et de la Litt\u00e9rature explore l\u2019\u00e9volution de la capitale : &#8220;Nouakchott entre modernit\u00e9 et contemporan\u00e9it\u00e9&#8221;","datePublished":"2026-02-08T22:56:16+00:00","mainEntityOfPage":{"@id":"https:\/\/lequotidien.mr\/?p=34413&lang=fr"},"wordCount":611,"commentCount":0,"publisher":{"@id":"https:\/\/lequotidien.mr\/#organization"},"image":{"@id":"https:\/\/lequotidien.mr\/?p=34413&lang=fr#primaryimage"},"thumbnailUrl":"https:\/\/lequotidien.mr\/wp-content\/uploads\/2026\/02\/photo-forum-litterature.jpg","articleSection":["ACTUALIT\u00c9","Culture"],"inLanguage":"ar","potentialAction":[{"@type":"CommentAction","name":"Comment","target":["https:\/\/lequotidien.mr\/?p=34413&lang=fr#respond"]}]},{"@type":"WebPage","@id":"https:\/\/lequotidien.mr\/?p=34413&lang=fr","url":"https:\/\/lequotidien.mr\/?p=34413&lang=fr","name":"Le Forum de la Pens\u00e9e et de la Litt\u00e9rature explore l\u2019\u00e9volution de la capitale : \"Nouakchott entre modernit\u00e9 et contemporan\u00e9it\u00e9\" - Le Quotidien de Nouakchott","isPartOf":{"@id":"https:\/\/lequotidien.mr\/#website"},"primaryImageOfPage":{"@id":"https:\/\/lequotidien.mr\/?p=34413&lang=fr#primaryimage"},"image":{"@id":"https:\/\/lequotidien.mr\/?p=34413&lang=fr#primaryimage"},"thumbnailUrl":"https:\/\/lequotidien.mr\/wp-content\/uploads\/2026\/02\/photo-forum-litterature.jpg","datePublished":"2026-02-08T22:56:16+00:00","breadcrumb":{"@id":"https:\/\/lequotidien.mr\/?p=34413&lang=fr#breadcrumb"},"inLanguage":"ar","potentialAction":[{"@type":"ReadAction","target":["https:\/\/lequotidien.mr\/?p=34413&lang=fr"]}]},{"@type":"ImageObject","inLanguage":"ar","@id":"https:\/\/lequotidien.mr\/?p=34413&lang=fr#primaryimage","url":"https:\/\/lequotidien.mr\/wp-content\/uploads\/2026\/02\/photo-forum-litterature.jpg","contentUrl":"https:\/\/lequotidien.mr\/wp-content\/uploads\/2026\/02\/photo-forum-litterature.jpg","width":750,"height":430},{"@type":"BreadcrumbList","@id":"https:\/\/lequotidien.mr\/?p=34413&lang=fr#breadcrumb","itemListElement":[{"@type":"ListItem","position":1,"name":"Home","item":"https:\/\/lequotidien.mr\/"},{"@type":"ListItem","position":2,"name":"Le Forum de la Pens\u00e9e et de la Litt\u00e9rature explore l\u2019\u00e9volution de la capitale : \u00ab\u00a0Nouakchott entre modernit\u00e9 et contemporan\u00e9it\u00e9\u00a0\u00bb"}]},{"@type":"WebSite","@id":"https:\/\/lequotidien.mr\/#website","url":"https:\/\/lequotidien.mr\/","name":"Le Quotidien de Nouakchott","description":"\u0625\u062e\u0628\u0627\u0631\u064a\u0629 \u0645\u0633\u062a\u0642\u0644\u0629 \u0644\u0644\u0623\u0646\u0628\u0627\u0621 \u0627\u0644\u0639\u0627\u0645\u0629","publisher":{"@id":"https:\/\/lequotidien.mr\/#organization"},"potentialAction":[{"@type":"SearchAction","target":{"@type":"EntryPoint","urlTemplate":"https:\/\/lequotidien.mr\/?s={search_term_string}"},"query-input":{"@type":"PropertyValueSpecification","valueRequired":true,"valueName":"search_term_string"}}],"inLanguage":"ar"},{"@type":"Organization","@id":"https:\/\/lequotidien.mr\/#organization","name":"Le Quotidien de Nouakchott","url":"https:\/\/lequotidien.mr\/","logo":{"@type":"ImageObject","inLanguage":"ar","@id":"https:\/\/lequotidien.mr\/#\/schema\/logo\/image\/","url":"https:\/\/lequotidien.mr\/wp-content\/uploads\/2022\/11\/logolequotidien.jpg","contentUrl":"https:\/\/lequotidien.mr\/wp-content\/uploads\/2022\/11\/logolequotidien.jpg","width":290,"height":65,"caption":"Le Quotidien de Nouakchott"},"image":{"@id":"https:\/\/lequotidien.mr\/#\/schema\/logo\/image\/"},"sameAs":["https:\/\/web.facebook.com\/lequotidienmr","https:\/\/x.com\/lequotidienmr"]},{"@type":"Person","@id":"https:\/\/lequotidien.mr\/#\/schema\/person\/d2d350202a4d599685ed8abc25f97596","name":"Med Ahmed","image":{"@type":"ImageObject","inLanguage":"ar","@id":"https:\/\/secure.gravatar.com\/avatar\/fd2acc62ed50732923d1d39c17172c9b04149f142be92310ecc69e1358f94b52?s=96&d=mm&r=g","url":"https:\/\/secure.gravatar.com\/avatar\/fd2acc62ed50732923d1d39c17172c9b04149f142be92310ecc69e1358f94b52?s=96&d=mm&r=g","contentUrl":"https:\/\/secure.gravatar.com\/avatar\/fd2acc62ed50732923d1d39c17172c9b04149f142be92310ecc69e1358f94b52?s=96&d=mm&r=g","caption":"Med Ahmed"},"url":"https:\/\/lequotidien.mr\/?author=12"}]}},"_links":{"self":[{"href":"https:\/\/lequotidien.mr\/index.php?rest_route=\/wp\/v2\/posts\/34413","targetHints":{"allow":["GET"]}}],"collection":[{"href":"https:\/\/lequotidien.mr\/index.php?rest_route=\/wp\/v2\/posts"}],"about":[{"href":"https:\/\/lequotidien.mr\/index.php?rest_route=\/wp\/v2\/types\/post"}],"author":[{"embeddable":true,"href":"https:\/\/lequotidien.mr\/index.php?rest_route=\/wp\/v2\/users\/12"}],"replies":[{"embeddable":true,"href":"https:\/\/lequotidien.mr\/index.php?rest_route=%2Fwp%2Fv2%2Fcomments&post=34413"}],"version-history":[{"count":1,"href":"https:\/\/lequotidien.mr\/index.php?rest_route=\/wp\/v2\/posts\/34413\/revisions"}],"predecessor-version":[{"id":34415,"href":"https:\/\/lequotidien.mr\/index.php?rest_route=\/wp\/v2\/posts\/34413\/revisions\/34415"}],"wp:featuredmedia":[{"embeddable":true,"href":"https:\/\/lequotidien.mr\/index.php?rest_route=\/wp\/v2\/media\/34414"}],"wp:attachment":[{"href":"https:\/\/lequotidien.mr\/index.php?rest_route=%2Fwp%2Fv2%2Fmedia&parent=34413"}],"wp:term":[{"taxonomy":"category","embeddable":true,"href":"https:\/\/lequotidien.mr\/index.php?rest_route=%2Fwp%2Fv2%2Fcategories&post=34413"},{"taxonomy":"post_tag","embeddable":true,"href":"https:\/\/lequotidien.mr\/index.php?rest_route=%2Fwp%2Fv2%2Ftags&post=34413"}],"curies":[{"name":"wp","href":"https:\/\/api.w.org\/{rel}","templated":true}]}}