{"id":34072,"date":"2026-01-27T08:12:44","date_gmt":"2026-01-27T08:12:44","guid":{"rendered":"https:\/\/lequotidien.mr\/?p=34072"},"modified":"2026-01-27T08:12:44","modified_gmt":"2026-01-27T08:12:44","slug":"la-ministre-de-leducation-inaugure-de-nouvelles-infrastructures-a-linstitut-pedagogique-national","status":"publish","type":"post","link":"https:\/\/lequotidien.mr\/?p=34072&lang=fr","title":{"rendered":"La ministre de l\u2019\u00c9ducation inaugure de nouvelles infrastructures \u00e0 l\u2019Institut P\u00e9dagogique National"},"content":{"rendered":"<p data-start=\"74\" data-end=\"176\">\n<p data-start=\"178\" data-end=\"487\">La ministre de l\u2019\u00c9ducation et de la R\u00e9forme du Syst\u00e8me \u00c9ducatif, <strong data-start=\"243\" data-end=\"262\">Mme Houda Babah<\/strong>, a inaugur\u00e9, lundi \u00e0 Nouakchott, de nouvelles installations \u00e9ducatives relevant de l\u2019<strong data-start=\"348\" data-end=\"387\">Institut P\u00e9dagogique National (IPN)<\/strong>, dans le cadre des efforts visant \u00e0 renforcer les capacit\u00e9s des institutions \u00e9ducatives nationales.<\/p>\n<p data-start=\"489\" data-end=\"878\">Ces nouvelles infrastructures, destin\u00e9es \u00e0 am\u00e9liorer les performances de cette institution cl\u00e9 du syst\u00e8me \u00e9ducatif, comprennent une <strong data-start=\"621\" data-end=\"660\">biblioth\u00e8que moderne de deux \u00e9tages<\/strong>, abritant pr\u00e8s de <strong data-start=\"679\" data-end=\"709\">dix mille livres et revues<\/strong>, des <strong data-start=\"715\" data-end=\"728\">entrep\u00f4ts<\/strong>, l\u2019<strong data-start=\"732\" data-end=\"753\">auditorium r\u00e9nov\u00e9<\/strong> de l\u2019Institut, ainsi qu\u2019une <strong data-start=\"782\" data-end=\"803\">salle polyvalente<\/strong> am\u00e9nag\u00e9e pour accueillir des activit\u00e9s, ateliers et sessions de formation.<\/p>\n<p data-start=\"880\" data-end=\"1238\">\u00c0 cette occasion, Mme la ministre a annonc\u00e9 que l\u2019Institut proc\u00e9dera, au cours des prochaines semaines, \u00e0 la <strong data-start=\"989\" data-end=\"1040\">distribution de pr\u00e8s de deux millions de livres<\/strong> au profit des \u00e9tablissements d\u2019enseignement sur l\u2019ensemble du territoire national. Cette initiative vise \u00e0 renforcer l\u2019acc\u00e8s aux ressources p\u00e9dagogiques et \u00e0 am\u00e9liorer la qualit\u00e9 de l\u2019enseignement.<\/p>\n<p data-start=\"1240\" data-end=\"1477\">Elle a \u00e9galement soulign\u00e9 que cette d\u00e9marche permettra aux \u00e9tudiants d\u2019<strong data-start=\"1311\" data-end=\"1390\">emprunter les livres mis \u00e0 leur disposition et de les restituer apr\u00e8s usage<\/strong>, favorisant ainsi une meilleure circulation et exploitation des supports p\u00e9dagogiques.<\/p>\n<p data-start=\"1479\" data-end=\"1787\">Pour sa part, le directeur g\u00e9n\u00e9ral de l\u2019Institut P\u00e9dagogique National, <strong data-start=\"1550\" data-end=\"1584\">M. Cheikh Mouadh Sidi Abdallah<\/strong>, a indiqu\u00e9 que la biblioth\u00e8que de l\u2019Institut, baptis\u00e9e <strong data-start=\"1640\" data-end=\"1682\">\u00ab Biblioth\u00e8que Ahmed Ould Abdelkader \u00bb<\/strong>, est <strong data-start=\"1688\" data-end=\"1706\">ouverte \u00e0 tous<\/strong>, soulignant son r\u00f4le dans la promotion du savoir et de la recherche p\u00e9dagogique.<\/p>\n<p data-start=\"1789\" data-end=\"2018\">Cette inauguration s\u2019inscrit dans la strat\u00e9gie du secteur de l\u2019\u00e9ducation visant \u00e0 moderniser les infrastructures \u00e9ducatives et \u00e0 soutenir les enseignants et les apprenants \u00e0 travers des outils p\u00e9dagogiques adapt\u00e9s et accessibles.<\/p>\n","protected":false},"excerpt":{"rendered":"<p>La ministre de l\u2019\u00c9ducation et de la R\u00e9forme du Syst\u00e8me \u00c9ducatif, Mme Houda Babah, a inaugur\u00e9, lundi \u00e0 Nouakchott, de nouvelles installations \u00e9ducatives relevant de l\u2019Institut P\u00e9dagogique National (IPN), dans le cadre des efforts visant \u00e0 renforcer les capacit\u00e9s des institutions \u00e9ducatives nationales. Ces nouvelles infrastructures, destin\u00e9es \u00e0 am\u00e9liorer les performances de cette institution cl\u00e9&#8230;..<\/p>\n","protected":false},"author":13,"featured_media":34073,"comment_status":"open","ping_status":"open","sticky":false,"template":"","format":"standard","meta":{"footnotes":""},"categories":[23,55],"tags":[],"class_list":["post-34072","post","type-post","status-publish","format-standard","has-post-thumbnail","hentry","category-actualite","category-culture"],"yoast_head":"<!-- This site is optimized with the Yoast SEO plugin v27.5 - https:\/\/yoast.com\/product\/yoast-seo-wordpress\/ -->\n<title>La ministre de l\u2019\u00c9ducation inaugure de nouvelles infrastructures \u00e0 l\u2019Institut P\u00e9dagogique National - Le Quotidien de Nouakchott<\/title>\n<meta name=\"robots\" content=\"index, follow, max-snippet:-1, max-image-preview:large, max-video-preview:-1\" \/>\n<link rel=\"canonical\" href=\"https:\/\/lequotidien.mr\/?p=34072&lang=fr\" \/>\n<meta property=\"og:locale\" content=\"ar_AR\" \/>\n<meta property=\"og:type\" content=\"article\" \/>\n<meta property=\"og:title\" content=\"La ministre de l\u2019\u00c9ducation inaugure de nouvelles infrastructures \u00e0 l\u2019Institut P\u00e9dagogique National - Le Quotidien de Nouakchott\" \/>\n<meta property=\"og:description\" content=\"La ministre de l\u2019\u00c9ducation et de la R\u00e9forme du Syst\u00e8me \u00c9ducatif, Mme Houda Babah, a inaugur\u00e9, lundi \u00e0 Nouakchott, de nouvelles installations \u00e9ducatives relevant de l\u2019Institut P\u00e9dagogique National (IPN), dans le cadre des efforts visant \u00e0 renforcer les capacit\u00e9s des institutions \u00e9ducatives nationales. Ces nouvelles infrastructures, destin\u00e9es \u00e0 am\u00e9liorer les performances de cette institution cl\u00e9.....\" \/>\n<meta property=\"og:url\" content=\"https:\/\/lequotidien.mr\/?p=34072&amp;lang=fr\" \/>\n<meta property=\"og:site_name\" content=\"Le Quotidien de Nouakchott\" \/>\n<meta property=\"article:publisher\" content=\"https:\/\/web.facebook.com\/lequotidienmr\" \/>\n<meta property=\"article:published_time\" content=\"2026-01-27T08:12:44+00:00\" \/>\n<meta property=\"og:image\" content=\"https:\/\/lequotidien.mr\/wp-content\/uploads\/2026\/01\/IPN.jpg\" \/>\n\t<meta property=\"og:image:width\" content=\"754\" \/>\n\t<meta property=\"og:image:height\" content=\"510\" \/>\n\t<meta property=\"og:image:type\" content=\"image\/jpeg\" \/>\n<meta name=\"author\" content=\"Fatimetou Ethemane\" \/>\n<meta name=\"twitter:card\" content=\"summary_large_image\" \/>\n<meta name=\"twitter:creator\" content=\"@lequotidienmr\" \/>\n<meta name=\"twitter:site\" content=\"@lequotidienmr\" \/>\n<meta name=\"twitter:label1\" content=\"\u0643\u064f\u062a\u0628 \u0628\u0648\u0627\u0633\u0637\u0629\" \/>\n\t<meta name=\"twitter:data1\" content=\"Fatimetou Ethemane\" \/>\n\t<meta name=\"twitter:label2\" content=\"\u0648\u0642\u062a \u0627\u0644\u0642\u0631\u0627\u0621\u0629 \u0627\u0644\u0645\u064f\u0642\u062f\u0651\u0631\" \/>\n\t<meta name=\"twitter:data2\" content=\"\u062f\u0642\u064a\u0642\u062a\u0627\u0646\" \/>\n<script type=\"application\/ld+json\" class=\"yoast-schema-graph\">{\"@context\":\"https:\\\/\\\/schema.org\",\"@graph\":[{\"@type\":\"Article\",\"@id\":\"https:\\\/\\\/lequotidien.mr\\\/?p=34072&lang=fr#article\",\"isPartOf\":{\"@id\":\"https:\\\/\\\/lequotidien.mr\\\/?p=34072&lang=fr\"},\"author\":{\"name\":\"Fatimetou Ethemane\",\"@id\":\"https:\\\/\\\/lequotidien.mr\\\/#\\\/schema\\\/person\\\/0926dbaf41ffa88b64cf66855b9b2826\"},\"headline\":\"La ministre de l\u2019\u00c9ducation inaugure de nouvelles infrastructures \u00e0 l\u2019Institut P\u00e9dagogique National\",\"datePublished\":\"2026-01-27T08:12:44+00:00\",\"mainEntityOfPage\":{\"@id\":\"https:\\\/\\\/lequotidien.mr\\\/?p=34072&lang=fr\"},\"wordCount\":304,\"commentCount\":0,\"publisher\":{\"@id\":\"https:\\\/\\\/lequotidien.mr\\\/#organization\"},\"image\":{\"@id\":\"https:\\\/\\\/lequotidien.mr\\\/?p=34072&lang=fr#primaryimage\"},\"thumbnailUrl\":\"https:\\\/\\\/lequotidien.mr\\\/wp-content\\\/uploads\\\/2026\\\/01\\\/IPN.jpg\",\"articleSection\":[\"ACTUALIT\u00c9\",\"Culture\"],\"inLanguage\":\"ar\",\"potentialAction\":[{\"@type\":\"CommentAction\",\"name\":\"Comment\",\"target\":[\"https:\\\/\\\/lequotidien.mr\\\/?p=34072&lang=fr#respond\"]}]},{\"@type\":\"WebPage\",\"@id\":\"https:\\\/\\\/lequotidien.mr\\\/?p=34072&lang=fr\",\"url\":\"https:\\\/\\\/lequotidien.mr\\\/?p=34072&lang=fr\",\"name\":\"La ministre de l\u2019\u00c9ducation inaugure de nouvelles infrastructures \u00e0 l\u2019Institut P\u00e9dagogique National - Le Quotidien de Nouakchott\",\"isPartOf\":{\"@id\":\"https:\\\/\\\/lequotidien.mr\\\/#website\"},\"primaryImageOfPage\":{\"@id\":\"https:\\\/\\\/lequotidien.mr\\\/?p=34072&lang=fr#primaryimage\"},\"image\":{\"@id\":\"https:\\\/\\\/lequotidien.mr\\\/?p=34072&lang=fr#primaryimage\"},\"thumbnailUrl\":\"https:\\\/\\\/lequotidien.mr\\\/wp-content\\\/uploads\\\/2026\\\/01\\\/IPN.jpg\",\"datePublished\":\"2026-01-27T08:12:44+00:00\",\"breadcrumb\":{\"@id\":\"https:\\\/\\\/lequotidien.mr\\\/?p=34072&lang=fr#breadcrumb\"},\"inLanguage\":\"ar\",\"potentialAction\":[{\"@type\":\"ReadAction\",\"target\":[\"https:\\\/\\\/lequotidien.mr\\\/?p=34072&lang=fr\"]}]},{\"@type\":\"ImageObject\",\"inLanguage\":\"ar\",\"@id\":\"https:\\\/\\\/lequotidien.mr\\\/?p=34072&lang=fr#primaryimage\",\"url\":\"https:\\\/\\\/lequotidien.mr\\\/wp-content\\\/uploads\\\/2026\\\/01\\\/IPN.jpg\",\"contentUrl\":\"https:\\\/\\\/lequotidien.mr\\\/wp-content\\\/uploads\\\/2026\\\/01\\\/IPN.jpg\",\"width\":754,\"height\":510},{\"@type\":\"BreadcrumbList\",\"@id\":\"https:\\\/\\\/lequotidien.mr\\\/?p=34072&lang=fr#breadcrumb\",\"itemListElement\":[{\"@type\":\"ListItem\",\"position\":1,\"name\":\"Home\",\"item\":\"https:\\\/\\\/lequotidien.mr\\\/\"},{\"@type\":\"ListItem\",\"position\":2,\"name\":\"La ministre de l\u2019\u00c9ducation inaugure de nouvelles infrastructures \u00e0 l\u2019Institut P\u00e9dagogique National\"}]},{\"@type\":\"WebSite\",\"@id\":\"https:\\\/\\\/lequotidien.mr\\\/#website\",\"url\":\"https:\\\/\\\/lequotidien.mr\\\/\",\"name\":\"Le Quotidien de Nouakchott\",\"description\":\"\u0625\u062e\u0628\u0627\u0631\u064a\u0629 \u0645\u0633\u062a\u0642\u0644\u0629 \u0644\u0644\u0623\u0646\u0628\u0627\u0621 \u0627\u0644\u0639\u0627\u0645\u0629\",\"publisher\":{\"@id\":\"https:\\\/\\\/lequotidien.mr\\\/#organization\"},\"potentialAction\":[{\"@type\":\"SearchAction\",\"target\":{\"@type\":\"EntryPoint\",\"urlTemplate\":\"https:\\\/\\\/lequotidien.mr\\\/?s={search_term_string}\"},\"query-input\":{\"@type\":\"PropertyValueSpecification\",\"valueRequired\":true,\"valueName\":\"search_term_string\"}}],\"inLanguage\":\"ar\"},{\"@type\":\"Organization\",\"@id\":\"https:\\\/\\\/lequotidien.mr\\\/#organization\",\"name\":\"Le Quotidien de Nouakchott\",\"url\":\"https:\\\/\\\/lequotidien.mr\\\/\",\"logo\":{\"@type\":\"ImageObject\",\"inLanguage\":\"ar\",\"@id\":\"https:\\\/\\\/lequotidien.mr\\\/#\\\/schema\\\/logo\\\/image\\\/\",\"url\":\"https:\\\/\\\/lequotidien.mr\\\/wp-content\\\/uploads\\\/2022\\\/11\\\/logolequotidien.jpg\",\"contentUrl\":\"https:\\\/\\\/lequotidien.mr\\\/wp-content\\\/uploads\\\/2022\\\/11\\\/logolequotidien.jpg\",\"width\":290,\"height\":65,\"caption\":\"Le Quotidien de Nouakchott\"},\"image\":{\"@id\":\"https:\\\/\\\/lequotidien.mr\\\/#\\\/schema\\\/logo\\\/image\\\/\"},\"sameAs\":[\"https:\\\/\\\/web.facebook.com\\\/lequotidienmr\",\"https:\\\/\\\/x.com\\\/lequotidienmr\"]},{\"@type\":\"Person\",\"@id\":\"https:\\\/\\\/lequotidien.mr\\\/#\\\/schema\\\/person\\\/0926dbaf41ffa88b64cf66855b9b2826\",\"name\":\"Fatimetou Ethemane\",\"image\":{\"@type\":\"ImageObject\",\"inLanguage\":\"ar\",\"@id\":\"https:\\\/\\\/secure.gravatar.com\\\/avatar\\\/38fea9097a5e574debe9801202088f6f4429fdac0912587175811aad50d9706e?s=96&d=mm&r=g\",\"url\":\"https:\\\/\\\/secure.gravatar.com\\\/avatar\\\/38fea9097a5e574debe9801202088f6f4429fdac0912587175811aad50d9706e?s=96&d=mm&r=g\",\"contentUrl\":\"https:\\\/\\\/secure.gravatar.com\\\/avatar\\\/38fea9097a5e574debe9801202088f6f4429fdac0912587175811aad50d9706e?s=96&d=mm&r=g\",\"caption\":\"Fatimetou Ethemane\"},\"sameAs\":[\"http:\\\/\\\/lequotidien.mr\"],\"url\":\"https:\\\/\\\/lequotidien.mr\\\/?author=13\"}]}<\/script>\n<!-- \/ Yoast SEO plugin. -->","yoast_head_json":{"title":"La ministre de l\u2019\u00c9ducation inaugure de nouvelles infrastructures \u00e0 l\u2019Institut P\u00e9dagogique National - Le Quotidien de Nouakchott","robots":{"index":"index","follow":"follow","max-snippet":"max-snippet:-1","max-image-preview":"max-image-preview:large","max-video-preview":"max-video-preview:-1"},"canonical":"https:\/\/lequotidien.mr\/?p=34072&lang=fr","og_locale":"ar_AR","og_type":"article","og_title":"La ministre de l\u2019\u00c9ducation inaugure de nouvelles infrastructures \u00e0 l\u2019Institut P\u00e9dagogique National - Le Quotidien de Nouakchott","og_description":"La ministre de l\u2019\u00c9ducation et de la R\u00e9forme du Syst\u00e8me \u00c9ducatif, Mme Houda Babah, a inaugur\u00e9, lundi \u00e0 Nouakchott, de nouvelles installations \u00e9ducatives relevant de l\u2019Institut P\u00e9dagogique National (IPN), dans le cadre des efforts visant \u00e0 renforcer les capacit\u00e9s des institutions \u00e9ducatives nationales. Ces nouvelles infrastructures, destin\u00e9es \u00e0 am\u00e9liorer les performances de cette institution cl\u00e9.....","og_url":"https:\/\/lequotidien.mr\/?p=34072&lang=fr","og_site_name":"Le Quotidien de Nouakchott","article_publisher":"https:\/\/web.facebook.com\/lequotidienmr","article_published_time":"2026-01-27T08:12:44+00:00","og_image":[{"width":754,"height":510,"url":"https:\/\/lequotidien.mr\/wp-content\/uploads\/2026\/01\/IPN.jpg","type":"image\/jpeg"}],"author":"Fatimetou Ethemane","twitter_card":"summary_large_image","twitter_creator":"@lequotidienmr","twitter_site":"@lequotidienmr","twitter_misc":{"\u0643\u064f\u062a\u0628 \u0628\u0648\u0627\u0633\u0637\u0629":"Fatimetou Ethemane","\u0648\u0642\u062a \u0627\u0644\u0642\u0631\u0627\u0621\u0629 \u0627\u0644\u0645\u064f\u0642\u062f\u0651\u0631":"\u062f\u0642\u064a\u0642\u062a\u0627\u0646"},"schema":{"@context":"https:\/\/schema.org","@graph":[{"@type":"Article","@id":"https:\/\/lequotidien.mr\/?p=34072&lang=fr#article","isPartOf":{"@id":"https:\/\/lequotidien.mr\/?p=34072&lang=fr"},"author":{"name":"Fatimetou Ethemane","@id":"https:\/\/lequotidien.mr\/#\/schema\/person\/0926dbaf41ffa88b64cf66855b9b2826"},"headline":"La ministre de l\u2019\u00c9ducation inaugure de nouvelles infrastructures \u00e0 l\u2019Institut P\u00e9dagogique National","datePublished":"2026-01-27T08:12:44+00:00","mainEntityOfPage":{"@id":"https:\/\/lequotidien.mr\/?p=34072&lang=fr"},"wordCount":304,"commentCount":0,"publisher":{"@id":"https:\/\/lequotidien.mr\/#organization"},"image":{"@id":"https:\/\/lequotidien.mr\/?p=34072&lang=fr#primaryimage"},"thumbnailUrl":"https:\/\/lequotidien.mr\/wp-content\/uploads\/2026\/01\/IPN.jpg","articleSection":["ACTUALIT\u00c9","Culture"],"inLanguage":"ar","potentialAction":[{"@type":"CommentAction","name":"Comment","target":["https:\/\/lequotidien.mr\/?p=34072&lang=fr#respond"]}]},{"@type":"WebPage","@id":"https:\/\/lequotidien.mr\/?p=34072&lang=fr","url":"https:\/\/lequotidien.mr\/?p=34072&lang=fr","name":"La ministre de l\u2019\u00c9ducation inaugure de nouvelles infrastructures \u00e0 l\u2019Institut P\u00e9dagogique National - Le Quotidien de Nouakchott","isPartOf":{"@id":"https:\/\/lequotidien.mr\/#website"},"primaryImageOfPage":{"@id":"https:\/\/lequotidien.mr\/?p=34072&lang=fr#primaryimage"},"image":{"@id":"https:\/\/lequotidien.mr\/?p=34072&lang=fr#primaryimage"},"thumbnailUrl":"https:\/\/lequotidien.mr\/wp-content\/uploads\/2026\/01\/IPN.jpg","datePublished":"2026-01-27T08:12:44+00:00","breadcrumb":{"@id":"https:\/\/lequotidien.mr\/?p=34072&lang=fr#breadcrumb"},"inLanguage":"ar","potentialAction":[{"@type":"ReadAction","target":["https:\/\/lequotidien.mr\/?p=34072&lang=fr"]}]},{"@type":"ImageObject","inLanguage":"ar","@id":"https:\/\/lequotidien.mr\/?p=34072&lang=fr#primaryimage","url":"https:\/\/lequotidien.mr\/wp-content\/uploads\/2026\/01\/IPN.jpg","contentUrl":"https:\/\/lequotidien.mr\/wp-content\/uploads\/2026\/01\/IPN.jpg","width":754,"height":510},{"@type":"BreadcrumbList","@id":"https:\/\/lequotidien.mr\/?p=34072&lang=fr#breadcrumb","itemListElement":[{"@type":"ListItem","position":1,"name":"Home","item":"https:\/\/lequotidien.mr\/"},{"@type":"ListItem","position":2,"name":"La ministre de l\u2019\u00c9ducation inaugure de nouvelles infrastructures \u00e0 l\u2019Institut P\u00e9dagogique National"}]},{"@type":"WebSite","@id":"https:\/\/lequotidien.mr\/#website","url":"https:\/\/lequotidien.mr\/","name":"Le Quotidien de Nouakchott","description":"\u0625\u062e\u0628\u0627\u0631\u064a\u0629 \u0645\u0633\u062a\u0642\u0644\u0629 \u0644\u0644\u0623\u0646\u0628\u0627\u0621 \u0627\u0644\u0639\u0627\u0645\u0629","publisher":{"@id":"https:\/\/lequotidien.mr\/#organization"},"potentialAction":[{"@type":"SearchAction","target":{"@type":"EntryPoint","urlTemplate":"https:\/\/lequotidien.mr\/?s={search_term_string}"},"query-input":{"@type":"PropertyValueSpecification","valueRequired":true,"valueName":"search_term_string"}}],"inLanguage":"ar"},{"@type":"Organization","@id":"https:\/\/lequotidien.mr\/#organization","name":"Le Quotidien de Nouakchott","url":"https:\/\/lequotidien.mr\/","logo":{"@type":"ImageObject","inLanguage":"ar","@id":"https:\/\/lequotidien.mr\/#\/schema\/logo\/image\/","url":"https:\/\/lequotidien.mr\/wp-content\/uploads\/2022\/11\/logolequotidien.jpg","contentUrl":"https:\/\/lequotidien.mr\/wp-content\/uploads\/2022\/11\/logolequotidien.jpg","width":290,"height":65,"caption":"Le Quotidien de Nouakchott"},"image":{"@id":"https:\/\/lequotidien.mr\/#\/schema\/logo\/image\/"},"sameAs":["https:\/\/web.facebook.com\/lequotidienmr","https:\/\/x.com\/lequotidienmr"]},{"@type":"Person","@id":"https:\/\/lequotidien.mr\/#\/schema\/person\/0926dbaf41ffa88b64cf66855b9b2826","name":"Fatimetou Ethemane","image":{"@type":"ImageObject","inLanguage":"ar","@id":"https:\/\/secure.gravatar.com\/avatar\/38fea9097a5e574debe9801202088f6f4429fdac0912587175811aad50d9706e?s=96&d=mm&r=g","url":"https:\/\/secure.gravatar.com\/avatar\/38fea9097a5e574debe9801202088f6f4429fdac0912587175811aad50d9706e?s=96&d=mm&r=g","contentUrl":"https:\/\/secure.gravatar.com\/avatar\/38fea9097a5e574debe9801202088f6f4429fdac0912587175811aad50d9706e?s=96&d=mm&r=g","caption":"Fatimetou Ethemane"},"sameAs":["http:\/\/lequotidien.mr"],"url":"https:\/\/lequotidien.mr\/?author=13"}]}},"_links":{"self":[{"href":"https:\/\/lequotidien.mr\/index.php?rest_route=\/wp\/v2\/posts\/34072","targetHints":{"allow":["GET"]}}],"collection":[{"href":"https:\/\/lequotidien.mr\/index.php?rest_route=\/wp\/v2\/posts"}],"about":[{"href":"https:\/\/lequotidien.mr\/index.php?rest_route=\/wp\/v2\/types\/post"}],"author":[{"embeddable":true,"href":"https:\/\/lequotidien.mr\/index.php?rest_route=\/wp\/v2\/users\/13"}],"replies":[{"embeddable":true,"href":"https:\/\/lequotidien.mr\/index.php?rest_route=%2Fwp%2Fv2%2Fcomments&post=34072"}],"version-history":[{"count":1,"href":"https:\/\/lequotidien.mr\/index.php?rest_route=\/wp\/v2\/posts\/34072\/revisions"}],"predecessor-version":[{"id":34074,"href":"https:\/\/lequotidien.mr\/index.php?rest_route=\/wp\/v2\/posts\/34072\/revisions\/34074"}],"wp:featuredmedia":[{"embeddable":true,"href":"https:\/\/lequotidien.mr\/index.php?rest_route=\/wp\/v2\/media\/34073"}],"wp:attachment":[{"href":"https:\/\/lequotidien.mr\/index.php?rest_route=%2Fwp%2Fv2%2Fmedia&parent=34072"}],"wp:term":[{"taxonomy":"category","embeddable":true,"href":"https:\/\/lequotidien.mr\/index.php?rest_route=%2Fwp%2Fv2%2Fcategories&post=34072"},{"taxonomy":"post_tag","embeddable":true,"href":"https:\/\/lequotidien.mr\/index.php?rest_route=%2Fwp%2Fv2%2Ftags&post=34072"}],"curies":[{"name":"wp","href":"https:\/\/api.w.org\/{rel}","templated":true}]}}