{"id":33945,"date":"2026-01-21T15:10:16","date_gmt":"2026-01-21T15:10:16","guid":{"rendered":"https:\/\/lequotidien.mr\/?p=33945"},"modified":"2026-01-21T15:10:16","modified_gmt":"2026-01-21T15:10:16","slug":"mohamed-el-amine-othmane-seck-le-desengagement-dun-militant-face-aux-derives-du-combat-des-droits-humains","status":"publish","type":"post","link":"https:\/\/lequotidien.mr\/?p=33945&lang=fr","title":{"rendered":"Mohamed El Amine Othmane Seck : le d\u00e9sengagement d\u2019un militant face aux d\u00e9rives du combat des droits humains"},"content":{"rendered":"<p>Apr\u00e8s de longues ann\u00e9es d\u2019engagement dans la d\u00e9fense des droits humains, Mohamed El Amine Othmane Seck a rendu public un communiqu\u00e9 empreint de gravit\u00e9 et de lucidit\u00e9, dans lequel il annonce son retrait d\u00e9finitif de toute affiliation \u00e0 des mouvements ou partis politiques. Un choix qu\u2019il d\u00e9crit comme douloureux mais n\u00e9cessaire, au nom de la coh\u00e9rence morale, de la fid\u00e9lit\u00e9 \u00e0 ses convictions et de la pr\u00e9servation de l\u2019int\u00e9r\u00eat national.<\/p>\n<p>Dans son texte adress\u00e9 \u00e0 l\u2019opinion publique nationale, le militant revient sur un parcours marqu\u00e9 par le sacrifice, l\u2019isolement et les d\u00e9sillusions. Il rappelle avoir toujours consid\u00e9r\u00e9 la lutte pour la dignit\u00e9 humaine et la justice comme un engagement \u00e9thique, et non comme un tremplin personnel ou un moyen d\u2019acc\u00e9der \u00e0 des privil\u00e8ges. Une pr\u00e9cision lourde de sens dans un contexte o\u00f9, selon lui, le militantisme a parfois \u00e9t\u00e9 vid\u00e9 de sa substance.<\/p>\n<p>Mohamed El Amine Othmane Seck d\u00e9plore en effet que certains acteurs aient instrumentalis\u00e9 le combat des droits humains \u00e0 des fins \u00e9troites, transformant une cause collective en outil de promotion individuelle. Une d\u00e9rive qu\u2019il juge contraire \u00e0 l\u2019essence m\u00eame du militantisme et qui, selon ses mots, a profond\u00e9ment affect\u00e9 la cr\u00e9dibilit\u00e9 du mouvement des droits humains.<\/p>\n<p>Le militant souligne \u00e9galement la solitude qu\u2019il a souvent \u00e9prouv\u00e9e dans les moments d\u00e9cisifs, lorsque la fermet\u00e9 des principes exigeait courage et constance, alors que d\u2019autres choisissaient le silence ou la compromission. Cette marginalisation, assum\u00e9e mais douloureuse, constitue l\u2019un des fils conducteurs de son t\u00e9moignage.<\/p>\n<p>Au c\u0153ur de son annonce figure une prise de distance claire avec certaines organisations, notamment la mouvance IRA, qu\u2019il cite explicitement. Mohamed El Amine Othmane Seck affirme avoir longtemps gard\u00e9 le silence sur les pr\u00e9judices subis, par souci de pr\u00e9server les points communs dans la lutte. Mais face \u00e0 ce qu\u2019il d\u00e9crit comme des reniements r\u00e9p\u00e9t\u00e9s et un manque de solidarit\u00e9 dans les moments difficiles, il estime que le maintien de ces liens n\u2019est plus justifiable.<\/p>\n<p>Son retrait ne signifie toutefois ni renoncement ni abandon. Il insiste sur le fait qu\u2019il continuera \u00e0 d\u00e9fendre les droits humains en tant que citoyen libre, sans tutelle organisationnelle ni calcul politique. Une posture qu\u2019il revendique comme plus fid\u00e8le \u00e0 l\u2019esprit originel de son engagement.<\/p>\n<p>Le communiqu\u00e9 prend \u00e9galement un ton profond\u00e9ment humain lorsque le militant exprime sa gratitude envers les personnes et institutions qui l\u2019ont soutenu durant des p\u00e9riodes de grave fragilit\u00e9 sanitaire, notamment en facilitant son acc\u00e8s aux soins. Pour lui, cette solidarit\u00e9 constitue la preuve que les valeurs d\u2019entraide et d\u2019humanit\u00e9 subsistent, malgr\u00e9 les d\u00e9ceptions.<\/p>\n<p>En conclusion, Mohamed El Amine Othmane Seck r\u00e9affirme son attachement ind\u00e9fectible \u00e0 la justice, \u00e0 la dignit\u00e9 humaine et \u00e0 l\u2019unit\u00e9 nationale, qu\u2019il place au-dessus de toute consid\u00e9ration partisane. Son d\u00e9part des cadres organisationnels appara\u00eet ainsi moins comme une rupture que comme une tentative de sauvegarder l\u2019essentiel : les principes, loin des r\u00e9cup\u00e9rations et des instrumentalisation politiques.<\/p>\n<p>Un texte rare, \u00e0 la fois intime et politique, qui interroge l\u2019\u00e9tat du militantisme des droits humains et pose une question fondamentale : comment pr\u00e9server la puret\u00e9 des causes justes dans un environnement marqu\u00e9 par les int\u00e9r\u00eats, les calculs et les renoncements.<\/p>\n","protected":false},"excerpt":{"rendered":"<p>Apr\u00e8s de longues ann\u00e9es d\u2019engagement dans la d\u00e9fense des droits humains, Mohamed El Amine Othmane Seck a rendu public un communiqu\u00e9 empreint de gravit\u00e9 et de lucidit\u00e9, dans lequel il annonce son retrait d\u00e9finitif de toute affiliation \u00e0 des mouvements ou partis politiques. Un choix qu\u2019il d\u00e9crit comme douloureux mais n\u00e9cessaire, au nom de la&#8230;..<\/p>\n","protected":false},"author":13,"featured_media":33946,"comment_status":"open","ping_status":"open","sticky":false,"template":"","format":"standard","meta":{"footnotes":""},"categories":[23],"tags":[],"class_list":["post-33945","post","type-post","status-publish","format-standard","has-post-thumbnail","hentry","category-actualite"],"yoast_head":"<!-- This site is optimized with the Yoast SEO plugin v27.5 - https:\/\/yoast.com\/product\/yoast-seo-wordpress\/ -->\n<title>Mohamed El Amine Othmane Seck : le d\u00e9sengagement d\u2019un militant face aux d\u00e9rives du combat des droits humains - Le Quotidien de Nouakchott<\/title>\n<meta name=\"robots\" content=\"index, follow, max-snippet:-1, max-image-preview:large, max-video-preview:-1\" \/>\n<link rel=\"canonical\" href=\"https:\/\/lequotidien.mr\/?p=33945&lang=fr\" \/>\n<meta property=\"og:locale\" content=\"ar_AR\" \/>\n<meta property=\"og:type\" content=\"article\" \/>\n<meta property=\"og:title\" content=\"Mohamed El Amine Othmane Seck : le d\u00e9sengagement d\u2019un militant face aux d\u00e9rives du combat des droits humains - Le Quotidien de Nouakchott\" \/>\n<meta property=\"og:description\" content=\"Apr\u00e8s de longues ann\u00e9es d\u2019engagement dans la d\u00e9fense des droits humains, Mohamed El Amine Othmane Seck a rendu public un communiqu\u00e9 empreint de gravit\u00e9 et de lucidit\u00e9, dans lequel il annonce son retrait d\u00e9finitif de toute affiliation \u00e0 des mouvements ou partis politiques. Un choix qu\u2019il d\u00e9crit comme douloureux mais n\u00e9cessaire, au nom de la.....\" \/>\n<meta property=\"og:url\" content=\"https:\/\/lequotidien.mr\/?p=33945&amp;lang=fr\" \/>\n<meta property=\"og:site_name\" content=\"Le Quotidien de Nouakchott\" \/>\n<meta property=\"article:publisher\" content=\"https:\/\/web.facebook.com\/lequotidienmr\" \/>\n<meta property=\"article:published_time\" content=\"2026-01-21T15:10:16+00:00\" \/>\n<meta property=\"og:image\" content=\"https:\/\/lequotidien.mr\/wp-content\/uploads\/2026\/01\/WhatsApp-Image-2026-01-21-at-14.44.09.jpeg\" \/>\n\t<meta property=\"og:image:width\" content=\"810\" \/>\n\t<meta property=\"og:image:height\" content=\"1080\" \/>\n\t<meta property=\"og:image:type\" content=\"image\/jpeg\" \/>\n<meta name=\"author\" content=\"Fatimetou Ethemane\" \/>\n<meta name=\"twitter:card\" content=\"summary_large_image\" \/>\n<meta name=\"twitter:creator\" content=\"@lequotidienmr\" \/>\n<meta name=\"twitter:site\" content=\"@lequotidienmr\" \/>\n<meta name=\"twitter:label1\" content=\"\u0643\u064f\u062a\u0628 \u0628\u0648\u0627\u0633\u0637\u0629\" \/>\n\t<meta name=\"twitter:data1\" content=\"Fatimetou Ethemane\" \/>\n\t<meta name=\"twitter:label2\" content=\"\u0648\u0642\u062a \u0627\u0644\u0642\u0631\u0627\u0621\u0629 \u0627\u0644\u0645\u064f\u0642\u062f\u0651\u0631\" \/>\n\t<meta name=\"twitter:data2\" content=\"4 \u062f\u0642\u0627\u0626\u0642\" \/>\n<script type=\"application\/ld+json\" class=\"yoast-schema-graph\">{\"@context\":\"https:\\\/\\\/schema.org\",\"@graph\":[{\"@type\":\"Article\",\"@id\":\"https:\\\/\\\/lequotidien.mr\\\/?p=33945&lang=fr#article\",\"isPartOf\":{\"@id\":\"https:\\\/\\\/lequotidien.mr\\\/?p=33945&lang=fr\"},\"author\":{\"name\":\"Fatimetou Ethemane\",\"@id\":\"https:\\\/\\\/lequotidien.mr\\\/#\\\/schema\\\/person\\\/0926dbaf41ffa88b64cf66855b9b2826\"},\"headline\":\"Mohamed El Amine Othmane Seck : le d\u00e9sengagement d\u2019un militant face aux d\u00e9rives du combat des droits humains\",\"datePublished\":\"2026-01-21T15:10:16+00:00\",\"mainEntityOfPage\":{\"@id\":\"https:\\\/\\\/lequotidien.mr\\\/?p=33945&lang=fr\"},\"wordCount\":594,\"commentCount\":0,\"publisher\":{\"@id\":\"https:\\\/\\\/lequotidien.mr\\\/#organization\"},\"image\":{\"@id\":\"https:\\\/\\\/lequotidien.mr\\\/?p=33945&lang=fr#primaryimage\"},\"thumbnailUrl\":\"https:\\\/\\\/lequotidien.mr\\\/wp-content\\\/uploads\\\/2026\\\/01\\\/WhatsApp-Image-2026-01-21-at-14.44.09.jpeg\",\"articleSection\":[\"ACTUALIT\u00c9\"],\"inLanguage\":\"ar\",\"potentialAction\":[{\"@type\":\"CommentAction\",\"name\":\"Comment\",\"target\":[\"https:\\\/\\\/lequotidien.mr\\\/?p=33945&lang=fr#respond\"]}]},{\"@type\":\"WebPage\",\"@id\":\"https:\\\/\\\/lequotidien.mr\\\/?p=33945&lang=fr\",\"url\":\"https:\\\/\\\/lequotidien.mr\\\/?p=33945&lang=fr\",\"name\":\"Mohamed El Amine Othmane Seck : le d\u00e9sengagement d\u2019un militant face aux d\u00e9rives du combat des droits humains - Le Quotidien de Nouakchott\",\"isPartOf\":{\"@id\":\"https:\\\/\\\/lequotidien.mr\\\/#website\"},\"primaryImageOfPage\":{\"@id\":\"https:\\\/\\\/lequotidien.mr\\\/?p=33945&lang=fr#primaryimage\"},\"image\":{\"@id\":\"https:\\\/\\\/lequotidien.mr\\\/?p=33945&lang=fr#primaryimage\"},\"thumbnailUrl\":\"https:\\\/\\\/lequotidien.mr\\\/wp-content\\\/uploads\\\/2026\\\/01\\\/WhatsApp-Image-2026-01-21-at-14.44.09.jpeg\",\"datePublished\":\"2026-01-21T15:10:16+00:00\",\"breadcrumb\":{\"@id\":\"https:\\\/\\\/lequotidien.mr\\\/?p=33945&lang=fr#breadcrumb\"},\"inLanguage\":\"ar\",\"potentialAction\":[{\"@type\":\"ReadAction\",\"target\":[\"https:\\\/\\\/lequotidien.mr\\\/?p=33945&lang=fr\"]}]},{\"@type\":\"ImageObject\",\"inLanguage\":\"ar\",\"@id\":\"https:\\\/\\\/lequotidien.mr\\\/?p=33945&lang=fr#primaryimage\",\"url\":\"https:\\\/\\\/lequotidien.mr\\\/wp-content\\\/uploads\\\/2026\\\/01\\\/WhatsApp-Image-2026-01-21-at-14.44.09.jpeg\",\"contentUrl\":\"https:\\\/\\\/lequotidien.mr\\\/wp-content\\\/uploads\\\/2026\\\/01\\\/WhatsApp-Image-2026-01-21-at-14.44.09.jpeg\",\"width\":810,\"height\":1080,\"caption\":\"Mohamed El Amine Othmane Seck\"},{\"@type\":\"BreadcrumbList\",\"@id\":\"https:\\\/\\\/lequotidien.mr\\\/?p=33945&lang=fr#breadcrumb\",\"itemListElement\":[{\"@type\":\"ListItem\",\"position\":1,\"name\":\"Home\",\"item\":\"https:\\\/\\\/lequotidien.mr\\\/\"},{\"@type\":\"ListItem\",\"position\":2,\"name\":\"Mohamed El Amine Othmane Seck : le d\u00e9sengagement d\u2019un militant face aux d\u00e9rives du combat des droits humains\"}]},{\"@type\":\"WebSite\",\"@id\":\"https:\\\/\\\/lequotidien.mr\\\/#website\",\"url\":\"https:\\\/\\\/lequotidien.mr\\\/\",\"name\":\"Le Quotidien de Nouakchott\",\"description\":\"\u0625\u062e\u0628\u0627\u0631\u064a\u0629 \u0645\u0633\u062a\u0642\u0644\u0629 \u0644\u0644\u0623\u0646\u0628\u0627\u0621 \u0627\u0644\u0639\u0627\u0645\u0629\",\"publisher\":{\"@id\":\"https:\\\/\\\/lequotidien.mr\\\/#organization\"},\"potentialAction\":[{\"@type\":\"SearchAction\",\"target\":{\"@type\":\"EntryPoint\",\"urlTemplate\":\"https:\\\/\\\/lequotidien.mr\\\/?s={search_term_string}\"},\"query-input\":{\"@type\":\"PropertyValueSpecification\",\"valueRequired\":true,\"valueName\":\"search_term_string\"}}],\"inLanguage\":\"ar\"},{\"@type\":\"Organization\",\"@id\":\"https:\\\/\\\/lequotidien.mr\\\/#organization\",\"name\":\"Le Quotidien de Nouakchott\",\"url\":\"https:\\\/\\\/lequotidien.mr\\\/\",\"logo\":{\"@type\":\"ImageObject\",\"inLanguage\":\"ar\",\"@id\":\"https:\\\/\\\/lequotidien.mr\\\/#\\\/schema\\\/logo\\\/image\\\/\",\"url\":\"https:\\\/\\\/lequotidien.mr\\\/wp-content\\\/uploads\\\/2022\\\/11\\\/logolequotidien.jpg\",\"contentUrl\":\"https:\\\/\\\/lequotidien.mr\\\/wp-content\\\/uploads\\\/2022\\\/11\\\/logolequotidien.jpg\",\"width\":290,\"height\":65,\"caption\":\"Le Quotidien de Nouakchott\"},\"image\":{\"@id\":\"https:\\\/\\\/lequotidien.mr\\\/#\\\/schema\\\/logo\\\/image\\\/\"},\"sameAs\":[\"https:\\\/\\\/web.facebook.com\\\/lequotidienmr\",\"https:\\\/\\\/x.com\\\/lequotidienmr\"]},{\"@type\":\"Person\",\"@id\":\"https:\\\/\\\/lequotidien.mr\\\/#\\\/schema\\\/person\\\/0926dbaf41ffa88b64cf66855b9b2826\",\"name\":\"Fatimetou Ethemane\",\"image\":{\"@type\":\"ImageObject\",\"inLanguage\":\"ar\",\"@id\":\"https:\\\/\\\/secure.gravatar.com\\\/avatar\\\/38fea9097a5e574debe9801202088f6f4429fdac0912587175811aad50d9706e?s=96&d=mm&r=g\",\"url\":\"https:\\\/\\\/secure.gravatar.com\\\/avatar\\\/38fea9097a5e574debe9801202088f6f4429fdac0912587175811aad50d9706e?s=96&d=mm&r=g\",\"contentUrl\":\"https:\\\/\\\/secure.gravatar.com\\\/avatar\\\/38fea9097a5e574debe9801202088f6f4429fdac0912587175811aad50d9706e?s=96&d=mm&r=g\",\"caption\":\"Fatimetou Ethemane\"},\"sameAs\":[\"http:\\\/\\\/lequotidien.mr\"],\"url\":\"https:\\\/\\\/lequotidien.mr\\\/?author=13\"}]}<\/script>\n<!-- \/ Yoast SEO plugin. -->","yoast_head_json":{"title":"Mohamed El Amine Othmane Seck : le d\u00e9sengagement d\u2019un militant face aux d\u00e9rives du combat des droits humains - Le Quotidien de Nouakchott","robots":{"index":"index","follow":"follow","max-snippet":"max-snippet:-1","max-image-preview":"max-image-preview:large","max-video-preview":"max-video-preview:-1"},"canonical":"https:\/\/lequotidien.mr\/?p=33945&lang=fr","og_locale":"ar_AR","og_type":"article","og_title":"Mohamed El Amine Othmane Seck : le d\u00e9sengagement d\u2019un militant face aux d\u00e9rives du combat des droits humains - Le Quotidien de Nouakchott","og_description":"Apr\u00e8s de longues ann\u00e9es d\u2019engagement dans la d\u00e9fense des droits humains, Mohamed El Amine Othmane Seck a rendu public un communiqu\u00e9 empreint de gravit\u00e9 et de lucidit\u00e9, dans lequel il annonce son retrait d\u00e9finitif de toute affiliation \u00e0 des mouvements ou partis politiques. Un choix qu\u2019il d\u00e9crit comme douloureux mais n\u00e9cessaire, au nom de la.....","og_url":"https:\/\/lequotidien.mr\/?p=33945&lang=fr","og_site_name":"Le Quotidien de Nouakchott","article_publisher":"https:\/\/web.facebook.com\/lequotidienmr","article_published_time":"2026-01-21T15:10:16+00:00","og_image":[{"width":810,"height":1080,"url":"https:\/\/lequotidien.mr\/wp-content\/uploads\/2026\/01\/WhatsApp-Image-2026-01-21-at-14.44.09.jpeg","type":"image\/jpeg"}],"author":"Fatimetou Ethemane","twitter_card":"summary_large_image","twitter_creator":"@lequotidienmr","twitter_site":"@lequotidienmr","twitter_misc":{"\u0643\u064f\u062a\u0628 \u0628\u0648\u0627\u0633\u0637\u0629":"Fatimetou Ethemane","\u0648\u0642\u062a \u0627\u0644\u0642\u0631\u0627\u0621\u0629 \u0627\u0644\u0645\u064f\u0642\u062f\u0651\u0631":"4 \u062f\u0642\u0627\u0626\u0642"},"schema":{"@context":"https:\/\/schema.org","@graph":[{"@type":"Article","@id":"https:\/\/lequotidien.mr\/?p=33945&lang=fr#article","isPartOf":{"@id":"https:\/\/lequotidien.mr\/?p=33945&lang=fr"},"author":{"name":"Fatimetou Ethemane","@id":"https:\/\/lequotidien.mr\/#\/schema\/person\/0926dbaf41ffa88b64cf66855b9b2826"},"headline":"Mohamed El Amine Othmane Seck : le d\u00e9sengagement d\u2019un militant face aux d\u00e9rives du combat des droits humains","datePublished":"2026-01-21T15:10:16+00:00","mainEntityOfPage":{"@id":"https:\/\/lequotidien.mr\/?p=33945&lang=fr"},"wordCount":594,"commentCount":0,"publisher":{"@id":"https:\/\/lequotidien.mr\/#organization"},"image":{"@id":"https:\/\/lequotidien.mr\/?p=33945&lang=fr#primaryimage"},"thumbnailUrl":"https:\/\/lequotidien.mr\/wp-content\/uploads\/2026\/01\/WhatsApp-Image-2026-01-21-at-14.44.09.jpeg","articleSection":["ACTUALIT\u00c9"],"inLanguage":"ar","potentialAction":[{"@type":"CommentAction","name":"Comment","target":["https:\/\/lequotidien.mr\/?p=33945&lang=fr#respond"]}]},{"@type":"WebPage","@id":"https:\/\/lequotidien.mr\/?p=33945&lang=fr","url":"https:\/\/lequotidien.mr\/?p=33945&lang=fr","name":"Mohamed El Amine Othmane Seck : le d\u00e9sengagement d\u2019un militant face aux d\u00e9rives du combat des droits humains - Le Quotidien de Nouakchott","isPartOf":{"@id":"https:\/\/lequotidien.mr\/#website"},"primaryImageOfPage":{"@id":"https:\/\/lequotidien.mr\/?p=33945&lang=fr#primaryimage"},"image":{"@id":"https:\/\/lequotidien.mr\/?p=33945&lang=fr#primaryimage"},"thumbnailUrl":"https:\/\/lequotidien.mr\/wp-content\/uploads\/2026\/01\/WhatsApp-Image-2026-01-21-at-14.44.09.jpeg","datePublished":"2026-01-21T15:10:16+00:00","breadcrumb":{"@id":"https:\/\/lequotidien.mr\/?p=33945&lang=fr#breadcrumb"},"inLanguage":"ar","potentialAction":[{"@type":"ReadAction","target":["https:\/\/lequotidien.mr\/?p=33945&lang=fr"]}]},{"@type":"ImageObject","inLanguage":"ar","@id":"https:\/\/lequotidien.mr\/?p=33945&lang=fr#primaryimage","url":"https:\/\/lequotidien.mr\/wp-content\/uploads\/2026\/01\/WhatsApp-Image-2026-01-21-at-14.44.09.jpeg","contentUrl":"https:\/\/lequotidien.mr\/wp-content\/uploads\/2026\/01\/WhatsApp-Image-2026-01-21-at-14.44.09.jpeg","width":810,"height":1080,"caption":"Mohamed El Amine Othmane Seck"},{"@type":"BreadcrumbList","@id":"https:\/\/lequotidien.mr\/?p=33945&lang=fr#breadcrumb","itemListElement":[{"@type":"ListItem","position":1,"name":"Home","item":"https:\/\/lequotidien.mr\/"},{"@type":"ListItem","position":2,"name":"Mohamed El Amine Othmane Seck : le d\u00e9sengagement d\u2019un militant face aux d\u00e9rives du combat des droits humains"}]},{"@type":"WebSite","@id":"https:\/\/lequotidien.mr\/#website","url":"https:\/\/lequotidien.mr\/","name":"Le Quotidien de Nouakchott","description":"\u0625\u062e\u0628\u0627\u0631\u064a\u0629 \u0645\u0633\u062a\u0642\u0644\u0629 \u0644\u0644\u0623\u0646\u0628\u0627\u0621 \u0627\u0644\u0639\u0627\u0645\u0629","publisher":{"@id":"https:\/\/lequotidien.mr\/#organization"},"potentialAction":[{"@type":"SearchAction","target":{"@type":"EntryPoint","urlTemplate":"https:\/\/lequotidien.mr\/?s={search_term_string}"},"query-input":{"@type":"PropertyValueSpecification","valueRequired":true,"valueName":"search_term_string"}}],"inLanguage":"ar"},{"@type":"Organization","@id":"https:\/\/lequotidien.mr\/#organization","name":"Le Quotidien de Nouakchott","url":"https:\/\/lequotidien.mr\/","logo":{"@type":"ImageObject","inLanguage":"ar","@id":"https:\/\/lequotidien.mr\/#\/schema\/logo\/image\/","url":"https:\/\/lequotidien.mr\/wp-content\/uploads\/2022\/11\/logolequotidien.jpg","contentUrl":"https:\/\/lequotidien.mr\/wp-content\/uploads\/2022\/11\/logolequotidien.jpg","width":290,"height":65,"caption":"Le Quotidien de Nouakchott"},"image":{"@id":"https:\/\/lequotidien.mr\/#\/schema\/logo\/image\/"},"sameAs":["https:\/\/web.facebook.com\/lequotidienmr","https:\/\/x.com\/lequotidienmr"]},{"@type":"Person","@id":"https:\/\/lequotidien.mr\/#\/schema\/person\/0926dbaf41ffa88b64cf66855b9b2826","name":"Fatimetou Ethemane","image":{"@type":"ImageObject","inLanguage":"ar","@id":"https:\/\/secure.gravatar.com\/avatar\/38fea9097a5e574debe9801202088f6f4429fdac0912587175811aad50d9706e?s=96&d=mm&r=g","url":"https:\/\/secure.gravatar.com\/avatar\/38fea9097a5e574debe9801202088f6f4429fdac0912587175811aad50d9706e?s=96&d=mm&r=g","contentUrl":"https:\/\/secure.gravatar.com\/avatar\/38fea9097a5e574debe9801202088f6f4429fdac0912587175811aad50d9706e?s=96&d=mm&r=g","caption":"Fatimetou Ethemane"},"sameAs":["http:\/\/lequotidien.mr"],"url":"https:\/\/lequotidien.mr\/?author=13"}]}},"_links":{"self":[{"href":"https:\/\/lequotidien.mr\/index.php?rest_route=\/wp\/v2\/posts\/33945","targetHints":{"allow":["GET"]}}],"collection":[{"href":"https:\/\/lequotidien.mr\/index.php?rest_route=\/wp\/v2\/posts"}],"about":[{"href":"https:\/\/lequotidien.mr\/index.php?rest_route=\/wp\/v2\/types\/post"}],"author":[{"embeddable":true,"href":"https:\/\/lequotidien.mr\/index.php?rest_route=\/wp\/v2\/users\/13"}],"replies":[{"embeddable":true,"href":"https:\/\/lequotidien.mr\/index.php?rest_route=%2Fwp%2Fv2%2Fcomments&post=33945"}],"version-history":[{"count":1,"href":"https:\/\/lequotidien.mr\/index.php?rest_route=\/wp\/v2\/posts\/33945\/revisions"}],"predecessor-version":[{"id":33947,"href":"https:\/\/lequotidien.mr\/index.php?rest_route=\/wp\/v2\/posts\/33945\/revisions\/33947"}],"wp:featuredmedia":[{"embeddable":true,"href":"https:\/\/lequotidien.mr\/index.php?rest_route=\/wp\/v2\/media\/33946"}],"wp:attachment":[{"href":"https:\/\/lequotidien.mr\/index.php?rest_route=%2Fwp%2Fv2%2Fmedia&parent=33945"}],"wp:term":[{"taxonomy":"category","embeddable":true,"href":"https:\/\/lequotidien.mr\/index.php?rest_route=%2Fwp%2Fv2%2Fcategories&post=33945"},{"taxonomy":"post_tag","embeddable":true,"href":"https:\/\/lequotidien.mr\/index.php?rest_route=%2Fwp%2Fv2%2Ftags&post=33945"}],"curies":[{"name":"wp","href":"https:\/\/api.w.org\/{rel}","templated":true}]}}