{"id":33854,"date":"2026-01-19T12:18:10","date_gmt":"2026-01-19T12:18:10","guid":{"rendered":"https:\/\/lequotidien.mr\/?p=33854"},"modified":"2026-01-19T12:18:10","modified_gmt":"2026-01-19T12:18:10","slug":"migration-circulaire-une-premiere-cohorte-de-travailleurs-mauritaniens-senvole-vers-lespagne","status":"publish","type":"post","link":"https:\/\/lequotidien.mr\/?p=33854&lang=fr","title":{"rendered":"Migration circulaire : une premi\u00e8re cohorte de travailleurs mauritaniens s\u2019envole vers l\u2019Espagne"},"content":{"rendered":"<p>Dans la nuit de dimanche \u00e0 lundi, la premi\u00e8re cohorte de travailleurs agricoles mauritaniens a quitt\u00e9 Nouakchott \u00e0 destination de <strong>Espagne<\/strong>, marquant le lancement effectif du projet pilote de migration circulaire entre les deux pays. Cette op\u00e9ration intervient apr\u00e8s la signature d\u2019un accord bilat\u00e9ral visant \u00e0 organiser des mobilit\u00e9s de travail temporaires et encadr\u00e9es.<\/p>\n<p>Selon le directeur g\u00e9n\u00e9ral de l\u2019<strong>Agence nationale pour l\u2019emploi<\/strong>, Abdelvettah Abdelfattah, la s\u00e9lection des b\u00e9n\u00e9ficiaires s\u2019est faite \u00ab selon des proc\u00e9dures transparentes \u00bb, en conformit\u00e9 avec les orientations pr\u00e9sidentielles pr\u00f4nant l\u2019\u00e9galit\u00e9 des chances et un acc\u00e8s \u00e9quitable aux opportunit\u00e9s. Il a rappel\u00e9 que la r\u00e9ussite du programme d\u00e9pendra du respect, par les travailleurs, de leurs engagements professionnels et l\u00e9gaux, au premier rang desquels figure le retour annuel, condition cl\u00e9 pour la p\u00e9rennit\u00e9 et l\u2019extension du dispositif.<\/p>\n<p>Le projet est mis en \u0153uvre par une commission technique conjointe r\u00e9unissant les d\u00e9partements de l\u2019Int\u00e9rieur, de l\u2019Emploi, de l\u2019Agriculture et du Travail. Les b\u00e9n\u00e9ficiaires se verront proposer des contrats de neuf mois, avec une r\u00e9mun\u00e9ration sup\u00e9rieure au salaire minimum espagnol, tandis que les employeurs prendront en charge les frais de voyage, l\u2019h\u00e9bergement et l\u2019assurance maladie.<\/p>\n<p>Au-del\u00e0 de l\u2019acc\u00e8s \u00e0 l\u2019emploi, l\u2019initiative ambitionne de renforcer les comp\u00e9tences des participants, notamment dans les techniques agricoles, et de favoriser le transfert de savoir-faire au retour. L\u2019Agence nationale pour l\u2019emploi assurera un accompagnement continu durant le s\u00e9jour en Espagne, gr\u00e2ce \u00e0 un conseiller d\u00e9di\u00e9 charg\u00e9 du suivi et de l\u2019assistance en cas de besoin.<\/p>\n<p>En cl\u00f4ture, le directeur g\u00e9n\u00e9ral a exhort\u00e9 les travailleurs \u00e0 porter haut l\u2019image de la Mauritanie, saluant les efforts logistiques et administratifs d\u00e9ploy\u00e9s pour garantir un d\u00e9part dans de bonnes conditions. Pr\u00e9sent\u00e9e comme une exp\u00e9rience test, cette premi\u00e8re vague pourrait ouvrir la voie \u00e0 un \u00e9largissement du programme au b\u00e9n\u00e9fice d\u2019un plus grand nombre de jeunes, si les engagements sont tenus et les r\u00e9sultats au rendez-vous.<\/p>\n","protected":false},"excerpt":{"rendered":"<p>Dans la nuit de dimanche \u00e0 lundi, la premi\u00e8re cohorte de travailleurs agricoles mauritaniens a quitt\u00e9 Nouakchott \u00e0 destination de Espagne, marquant le lancement effectif du projet pilote de migration circulaire entre les deux pays. Cette op\u00e9ration intervient apr\u00e8s la signature d\u2019un accord bilat\u00e9ral visant \u00e0 organiser des mobilit\u00e9s de travail temporaires et encadr\u00e9es. Selon&#8230;..<\/p>\n","protected":false},"author":4,"featured_media":33855,"comment_status":"open","ping_status":"open","sticky":false,"template":"","format":"standard","meta":{"footnotes":""},"categories":[23,57],"tags":[],"class_list":["post-33854","post","type-post","status-publish","format-standard","has-post-thumbnail","hentry","category-actualite","category-couverture-specilale"],"yoast_head":"<!-- This site is optimized with the Yoast SEO plugin v27.5 - https:\/\/yoast.com\/product\/yoast-seo-wordpress\/ -->\n<title>Migration circulaire : une premi\u00e8re cohorte de travailleurs mauritaniens s\u2019envole vers l\u2019Espagne - Le Quotidien de Nouakchott<\/title>\n<meta name=\"robots\" content=\"index, follow, max-snippet:-1, max-image-preview:large, max-video-preview:-1\" \/>\n<link rel=\"canonical\" href=\"https:\/\/lequotidien.mr\/?p=33854&lang=fr\" \/>\n<meta property=\"og:locale\" content=\"ar_AR\" \/>\n<meta property=\"og:type\" content=\"article\" \/>\n<meta property=\"og:title\" content=\"Migration circulaire : une premi\u00e8re cohorte de travailleurs mauritaniens s\u2019envole vers l\u2019Espagne - Le Quotidien de Nouakchott\" \/>\n<meta property=\"og:description\" content=\"Dans la nuit de dimanche \u00e0 lundi, la premi\u00e8re cohorte de travailleurs agricoles mauritaniens a quitt\u00e9 Nouakchott \u00e0 destination de Espagne, marquant le lancement effectif du projet pilote de migration circulaire entre les deux pays. Cette op\u00e9ration intervient apr\u00e8s la signature d\u2019un accord bilat\u00e9ral visant \u00e0 organiser des mobilit\u00e9s de travail temporaires et encadr\u00e9es. Selon.....\" \/>\n<meta property=\"og:url\" content=\"https:\/\/lequotidien.mr\/?p=33854&amp;lang=fr\" \/>\n<meta property=\"og:site_name\" content=\"Le Quotidien de Nouakchott\" \/>\n<meta property=\"article:publisher\" content=\"https:\/\/web.facebook.com\/lequotidienmr\" \/>\n<meta property=\"article:published_time\" content=\"2026-01-19T12:18:10+00:00\" \/>\n<meta property=\"og:image\" content=\"https:\/\/lequotidien.mr\/wp-content\/uploads\/2026\/01\/Capture-decran-2026-01-19-114822.jpg\" \/>\n\t<meta property=\"og:image:width\" content=\"786\" \/>\n\t<meta property=\"og:image:height\" content=\"514\" \/>\n\t<meta property=\"og:image:type\" content=\"image\/jpeg\" \/>\n<meta name=\"author\" content=\"Le Quotidien\" \/>\n<meta name=\"twitter:card\" content=\"summary_large_image\" \/>\n<meta name=\"twitter:creator\" content=\"@lequotidienmr\" \/>\n<meta name=\"twitter:site\" content=\"@lequotidienmr\" \/>\n<meta name=\"twitter:label1\" content=\"\u0643\u064f\u062a\u0628 \u0628\u0648\u0627\u0633\u0637\u0629\" \/>\n\t<meta name=\"twitter:data1\" content=\"Le Quotidien\" \/>\n\t<meta name=\"twitter:label2\" content=\"\u0648\u0642\u062a \u0627\u0644\u0642\u0631\u0627\u0621\u0629 \u0627\u0644\u0645\u064f\u0642\u062f\u0651\u0631\" \/>\n\t<meta name=\"twitter:data2\" content=\"3 \u062f\u0642\u0627\u0626\u0642\" \/>\n<script type=\"application\/ld+json\" class=\"yoast-schema-graph\">{\"@context\":\"https:\\\/\\\/schema.org\",\"@graph\":[{\"@type\":\"Article\",\"@id\":\"https:\\\/\\\/lequotidien.mr\\\/?p=33854&lang=fr#article\",\"isPartOf\":{\"@id\":\"https:\\\/\\\/lequotidien.mr\\\/?p=33854&lang=fr\"},\"author\":{\"name\":\"Le Quotidien\",\"@id\":\"https:\\\/\\\/lequotidien.mr\\\/#\\\/schema\\\/person\\\/f90fcdaa970c60288de4ed2e64a56472\"},\"headline\":\"Migration circulaire : une premi\u00e8re cohorte de travailleurs mauritaniens s\u2019envole vers l\u2019Espagne\",\"datePublished\":\"2026-01-19T12:18:10+00:00\",\"mainEntityOfPage\":{\"@id\":\"https:\\\/\\\/lequotidien.mr\\\/?p=33854&lang=fr\"},\"wordCount\":378,\"commentCount\":0,\"publisher\":{\"@id\":\"https:\\\/\\\/lequotidien.mr\\\/#organization\"},\"image\":{\"@id\":\"https:\\\/\\\/lequotidien.mr\\\/?p=33854&lang=fr#primaryimage\"},\"thumbnailUrl\":\"https:\\\/\\\/lequotidien.mr\\\/wp-content\\\/uploads\\\/2026\\\/01\\\/Capture-decran-2026-01-19-114822.jpg\",\"articleSection\":[\"ACTUALIT\u00c9\",\"Couverture sp\u00e9cilale\"],\"inLanguage\":\"ar\",\"potentialAction\":[{\"@type\":\"CommentAction\",\"name\":\"Comment\",\"target\":[\"https:\\\/\\\/lequotidien.mr\\\/?p=33854&lang=fr#respond\"]}]},{\"@type\":\"WebPage\",\"@id\":\"https:\\\/\\\/lequotidien.mr\\\/?p=33854&lang=fr\",\"url\":\"https:\\\/\\\/lequotidien.mr\\\/?p=33854&lang=fr\",\"name\":\"Migration circulaire : une premi\u00e8re cohorte de travailleurs mauritaniens s\u2019envole vers l\u2019Espagne - Le Quotidien de Nouakchott\",\"isPartOf\":{\"@id\":\"https:\\\/\\\/lequotidien.mr\\\/#website\"},\"primaryImageOfPage\":{\"@id\":\"https:\\\/\\\/lequotidien.mr\\\/?p=33854&lang=fr#primaryimage\"},\"image\":{\"@id\":\"https:\\\/\\\/lequotidien.mr\\\/?p=33854&lang=fr#primaryimage\"},\"thumbnailUrl\":\"https:\\\/\\\/lequotidien.mr\\\/wp-content\\\/uploads\\\/2026\\\/01\\\/Capture-decran-2026-01-19-114822.jpg\",\"datePublished\":\"2026-01-19T12:18:10+00:00\",\"breadcrumb\":{\"@id\":\"https:\\\/\\\/lequotidien.mr\\\/?p=33854&lang=fr#breadcrumb\"},\"inLanguage\":\"ar\",\"potentialAction\":[{\"@type\":\"ReadAction\",\"target\":[\"https:\\\/\\\/lequotidien.mr\\\/?p=33854&lang=fr\"]}]},{\"@type\":\"ImageObject\",\"inLanguage\":\"ar\",\"@id\":\"https:\\\/\\\/lequotidien.mr\\\/?p=33854&lang=fr#primaryimage\",\"url\":\"https:\\\/\\\/lequotidien.mr\\\/wp-content\\\/uploads\\\/2026\\\/01\\\/Capture-decran-2026-01-19-114822.jpg\",\"contentUrl\":\"https:\\\/\\\/lequotidien.mr\\\/wp-content\\\/uploads\\\/2026\\\/01\\\/Capture-decran-2026-01-19-114822.jpg\",\"width\":786,\"height\":514},{\"@type\":\"BreadcrumbList\",\"@id\":\"https:\\\/\\\/lequotidien.mr\\\/?p=33854&lang=fr#breadcrumb\",\"itemListElement\":[{\"@type\":\"ListItem\",\"position\":1,\"name\":\"Home\",\"item\":\"https:\\\/\\\/lequotidien.mr\\\/\"},{\"@type\":\"ListItem\",\"position\":2,\"name\":\"Migration circulaire : une premi\u00e8re cohorte de travailleurs mauritaniens s\u2019envole vers l\u2019Espagne\"}]},{\"@type\":\"WebSite\",\"@id\":\"https:\\\/\\\/lequotidien.mr\\\/#website\",\"url\":\"https:\\\/\\\/lequotidien.mr\\\/\",\"name\":\"Le Quotidien de Nouakchott\",\"description\":\"\u0625\u062e\u0628\u0627\u0631\u064a\u0629 \u0645\u0633\u062a\u0642\u0644\u0629 \u0644\u0644\u0623\u0646\u0628\u0627\u0621 \u0627\u0644\u0639\u0627\u0645\u0629\",\"publisher\":{\"@id\":\"https:\\\/\\\/lequotidien.mr\\\/#organization\"},\"potentialAction\":[{\"@type\":\"SearchAction\",\"target\":{\"@type\":\"EntryPoint\",\"urlTemplate\":\"https:\\\/\\\/lequotidien.mr\\\/?s={search_term_string}\"},\"query-input\":{\"@type\":\"PropertyValueSpecification\",\"valueRequired\":true,\"valueName\":\"search_term_string\"}}],\"inLanguage\":\"ar\"},{\"@type\":\"Organization\",\"@id\":\"https:\\\/\\\/lequotidien.mr\\\/#organization\",\"name\":\"Le Quotidien de Nouakchott\",\"url\":\"https:\\\/\\\/lequotidien.mr\\\/\",\"logo\":{\"@type\":\"ImageObject\",\"inLanguage\":\"ar\",\"@id\":\"https:\\\/\\\/lequotidien.mr\\\/#\\\/schema\\\/logo\\\/image\\\/\",\"url\":\"https:\\\/\\\/lequotidien.mr\\\/wp-content\\\/uploads\\\/2022\\\/11\\\/logolequotidien.jpg\",\"contentUrl\":\"https:\\\/\\\/lequotidien.mr\\\/wp-content\\\/uploads\\\/2022\\\/11\\\/logolequotidien.jpg\",\"width\":290,\"height\":65,\"caption\":\"Le Quotidien de Nouakchott\"},\"image\":{\"@id\":\"https:\\\/\\\/lequotidien.mr\\\/#\\\/schema\\\/logo\\\/image\\\/\"},\"sameAs\":[\"https:\\\/\\\/web.facebook.com\\\/lequotidienmr\",\"https:\\\/\\\/x.com\\\/lequotidienmr\"]},{\"@type\":\"Person\",\"@id\":\"https:\\\/\\\/lequotidien.mr\\\/#\\\/schema\\\/person\\\/f90fcdaa970c60288de4ed2e64a56472\",\"name\":\"Le Quotidien\",\"image\":{\"@type\":\"ImageObject\",\"inLanguage\":\"ar\",\"@id\":\"https:\\\/\\\/secure.gravatar.com\\\/avatar\\\/374cb39a1a458a912465a93e5a3ce6546886fc3da809a1f10c63e4e8fcbca30f?s=96&d=mm&r=g\",\"url\":\"https:\\\/\\\/secure.gravatar.com\\\/avatar\\\/374cb39a1a458a912465a93e5a3ce6546886fc3da809a1f10c63e4e8fcbca30f?s=96&d=mm&r=g\",\"contentUrl\":\"https:\\\/\\\/secure.gravatar.com\\\/avatar\\\/374cb39a1a458a912465a93e5a3ce6546886fc3da809a1f10c63e4e8fcbca30f?s=96&d=mm&r=g\",\"caption\":\"Le Quotidien\"},\"sameAs\":[\"https:\\\/\\\/lequotidien.mr\\\/\"],\"url\":\"https:\\\/\\\/lequotidien.mr\\\/?author=4\"}]}<\/script>\n<!-- \/ Yoast SEO plugin. -->","yoast_head_json":{"title":"Migration circulaire : une premi\u00e8re cohorte de travailleurs mauritaniens s\u2019envole vers l\u2019Espagne - Le Quotidien de Nouakchott","robots":{"index":"index","follow":"follow","max-snippet":"max-snippet:-1","max-image-preview":"max-image-preview:large","max-video-preview":"max-video-preview:-1"},"canonical":"https:\/\/lequotidien.mr\/?p=33854&lang=fr","og_locale":"ar_AR","og_type":"article","og_title":"Migration circulaire : une premi\u00e8re cohorte de travailleurs mauritaniens s\u2019envole vers l\u2019Espagne - Le Quotidien de Nouakchott","og_description":"Dans la nuit de dimanche \u00e0 lundi, la premi\u00e8re cohorte de travailleurs agricoles mauritaniens a quitt\u00e9 Nouakchott \u00e0 destination de Espagne, marquant le lancement effectif du projet pilote de migration circulaire entre les deux pays. Cette op\u00e9ration intervient apr\u00e8s la signature d\u2019un accord bilat\u00e9ral visant \u00e0 organiser des mobilit\u00e9s de travail temporaires et encadr\u00e9es. Selon.....","og_url":"https:\/\/lequotidien.mr\/?p=33854&lang=fr","og_site_name":"Le Quotidien de Nouakchott","article_publisher":"https:\/\/web.facebook.com\/lequotidienmr","article_published_time":"2026-01-19T12:18:10+00:00","og_image":[{"width":786,"height":514,"url":"https:\/\/lequotidien.mr\/wp-content\/uploads\/2026\/01\/Capture-decran-2026-01-19-114822.jpg","type":"image\/jpeg"}],"author":"Le Quotidien","twitter_card":"summary_large_image","twitter_creator":"@lequotidienmr","twitter_site":"@lequotidienmr","twitter_misc":{"\u0643\u064f\u062a\u0628 \u0628\u0648\u0627\u0633\u0637\u0629":"Le Quotidien","\u0648\u0642\u062a \u0627\u0644\u0642\u0631\u0627\u0621\u0629 \u0627\u0644\u0645\u064f\u0642\u062f\u0651\u0631":"3 \u062f\u0642\u0627\u0626\u0642"},"schema":{"@context":"https:\/\/schema.org","@graph":[{"@type":"Article","@id":"https:\/\/lequotidien.mr\/?p=33854&lang=fr#article","isPartOf":{"@id":"https:\/\/lequotidien.mr\/?p=33854&lang=fr"},"author":{"name":"Le Quotidien","@id":"https:\/\/lequotidien.mr\/#\/schema\/person\/f90fcdaa970c60288de4ed2e64a56472"},"headline":"Migration circulaire : une premi\u00e8re cohorte de travailleurs mauritaniens s\u2019envole vers l\u2019Espagne","datePublished":"2026-01-19T12:18:10+00:00","mainEntityOfPage":{"@id":"https:\/\/lequotidien.mr\/?p=33854&lang=fr"},"wordCount":378,"commentCount":0,"publisher":{"@id":"https:\/\/lequotidien.mr\/#organization"},"image":{"@id":"https:\/\/lequotidien.mr\/?p=33854&lang=fr#primaryimage"},"thumbnailUrl":"https:\/\/lequotidien.mr\/wp-content\/uploads\/2026\/01\/Capture-decran-2026-01-19-114822.jpg","articleSection":["ACTUALIT\u00c9","Couverture sp\u00e9cilale"],"inLanguage":"ar","potentialAction":[{"@type":"CommentAction","name":"Comment","target":["https:\/\/lequotidien.mr\/?p=33854&lang=fr#respond"]}]},{"@type":"WebPage","@id":"https:\/\/lequotidien.mr\/?p=33854&lang=fr","url":"https:\/\/lequotidien.mr\/?p=33854&lang=fr","name":"Migration circulaire : une premi\u00e8re cohorte de travailleurs mauritaniens s\u2019envole vers l\u2019Espagne - Le Quotidien de Nouakchott","isPartOf":{"@id":"https:\/\/lequotidien.mr\/#website"},"primaryImageOfPage":{"@id":"https:\/\/lequotidien.mr\/?p=33854&lang=fr#primaryimage"},"image":{"@id":"https:\/\/lequotidien.mr\/?p=33854&lang=fr#primaryimage"},"thumbnailUrl":"https:\/\/lequotidien.mr\/wp-content\/uploads\/2026\/01\/Capture-decran-2026-01-19-114822.jpg","datePublished":"2026-01-19T12:18:10+00:00","breadcrumb":{"@id":"https:\/\/lequotidien.mr\/?p=33854&lang=fr#breadcrumb"},"inLanguage":"ar","potentialAction":[{"@type":"ReadAction","target":["https:\/\/lequotidien.mr\/?p=33854&lang=fr"]}]},{"@type":"ImageObject","inLanguage":"ar","@id":"https:\/\/lequotidien.mr\/?p=33854&lang=fr#primaryimage","url":"https:\/\/lequotidien.mr\/wp-content\/uploads\/2026\/01\/Capture-decran-2026-01-19-114822.jpg","contentUrl":"https:\/\/lequotidien.mr\/wp-content\/uploads\/2026\/01\/Capture-decran-2026-01-19-114822.jpg","width":786,"height":514},{"@type":"BreadcrumbList","@id":"https:\/\/lequotidien.mr\/?p=33854&lang=fr#breadcrumb","itemListElement":[{"@type":"ListItem","position":1,"name":"Home","item":"https:\/\/lequotidien.mr\/"},{"@type":"ListItem","position":2,"name":"Migration circulaire : une premi\u00e8re cohorte de travailleurs mauritaniens s\u2019envole vers l\u2019Espagne"}]},{"@type":"WebSite","@id":"https:\/\/lequotidien.mr\/#website","url":"https:\/\/lequotidien.mr\/","name":"Le Quotidien de Nouakchott","description":"\u0625\u062e\u0628\u0627\u0631\u064a\u0629 \u0645\u0633\u062a\u0642\u0644\u0629 \u0644\u0644\u0623\u0646\u0628\u0627\u0621 \u0627\u0644\u0639\u0627\u0645\u0629","publisher":{"@id":"https:\/\/lequotidien.mr\/#organization"},"potentialAction":[{"@type":"SearchAction","target":{"@type":"EntryPoint","urlTemplate":"https:\/\/lequotidien.mr\/?s={search_term_string}"},"query-input":{"@type":"PropertyValueSpecification","valueRequired":true,"valueName":"search_term_string"}}],"inLanguage":"ar"},{"@type":"Organization","@id":"https:\/\/lequotidien.mr\/#organization","name":"Le Quotidien de Nouakchott","url":"https:\/\/lequotidien.mr\/","logo":{"@type":"ImageObject","inLanguage":"ar","@id":"https:\/\/lequotidien.mr\/#\/schema\/logo\/image\/","url":"https:\/\/lequotidien.mr\/wp-content\/uploads\/2022\/11\/logolequotidien.jpg","contentUrl":"https:\/\/lequotidien.mr\/wp-content\/uploads\/2022\/11\/logolequotidien.jpg","width":290,"height":65,"caption":"Le Quotidien de Nouakchott"},"image":{"@id":"https:\/\/lequotidien.mr\/#\/schema\/logo\/image\/"},"sameAs":["https:\/\/web.facebook.com\/lequotidienmr","https:\/\/x.com\/lequotidienmr"]},{"@type":"Person","@id":"https:\/\/lequotidien.mr\/#\/schema\/person\/f90fcdaa970c60288de4ed2e64a56472","name":"Le Quotidien","image":{"@type":"ImageObject","inLanguage":"ar","@id":"https:\/\/secure.gravatar.com\/avatar\/374cb39a1a458a912465a93e5a3ce6546886fc3da809a1f10c63e4e8fcbca30f?s=96&d=mm&r=g","url":"https:\/\/secure.gravatar.com\/avatar\/374cb39a1a458a912465a93e5a3ce6546886fc3da809a1f10c63e4e8fcbca30f?s=96&d=mm&r=g","contentUrl":"https:\/\/secure.gravatar.com\/avatar\/374cb39a1a458a912465a93e5a3ce6546886fc3da809a1f10c63e4e8fcbca30f?s=96&d=mm&r=g","caption":"Le Quotidien"},"sameAs":["https:\/\/lequotidien.mr\/"],"url":"https:\/\/lequotidien.mr\/?author=4"}]}},"_links":{"self":[{"href":"https:\/\/lequotidien.mr\/index.php?rest_route=\/wp\/v2\/posts\/33854","targetHints":{"allow":["GET"]}}],"collection":[{"href":"https:\/\/lequotidien.mr\/index.php?rest_route=\/wp\/v2\/posts"}],"about":[{"href":"https:\/\/lequotidien.mr\/index.php?rest_route=\/wp\/v2\/types\/post"}],"author":[{"embeddable":true,"href":"https:\/\/lequotidien.mr\/index.php?rest_route=\/wp\/v2\/users\/4"}],"replies":[{"embeddable":true,"href":"https:\/\/lequotidien.mr\/index.php?rest_route=%2Fwp%2Fv2%2Fcomments&post=33854"}],"version-history":[{"count":1,"href":"https:\/\/lequotidien.mr\/index.php?rest_route=\/wp\/v2\/posts\/33854\/revisions"}],"predecessor-version":[{"id":33856,"href":"https:\/\/lequotidien.mr\/index.php?rest_route=\/wp\/v2\/posts\/33854\/revisions\/33856"}],"wp:featuredmedia":[{"embeddable":true,"href":"https:\/\/lequotidien.mr\/index.php?rest_route=\/wp\/v2\/media\/33855"}],"wp:attachment":[{"href":"https:\/\/lequotidien.mr\/index.php?rest_route=%2Fwp%2Fv2%2Fmedia&parent=33854"}],"wp:term":[{"taxonomy":"category","embeddable":true,"href":"https:\/\/lequotidien.mr\/index.php?rest_route=%2Fwp%2Fv2%2Fcategories&post=33854"},{"taxonomy":"post_tag","embeddable":true,"href":"https:\/\/lequotidien.mr\/index.php?rest_route=%2Fwp%2Fv2%2Ftags&post=33854"}],"curies":[{"name":"wp","href":"https:\/\/api.w.org\/{rel}","templated":true}]}}