{"id":3375,"date":"2023-01-18T17:41:02","date_gmt":"2023-01-18T17:41:02","guid":{"rendered":"https:\/\/lequotidien.mr\/?p=3375"},"modified":"2023-01-18T17:41:02","modified_gmt":"2023-01-18T17:41:02","slug":"lenlisement-au-sahel-nest-pas-ineluctable-lexemple-de-la-mauritanie-une-conference-pour-sortir-de-lorniere","status":"publish","type":"post","link":"https:\/\/lequotidien.mr\/?p=3375&lang=fr","title":{"rendered":"L\u2019enlisement au Sahel n\u2019est pas in\u00e9luctable : l\u2019exemple de la Mauritanie. Une conf\u00e9rence pour sortir de l\u2019orni\u00e8re"},"content":{"rendered":"<p><strong>Opinion Internationale<\/strong>\u00a0&#8211; La France est en perte de vitesse en Afrique et se retire d\u2019un Sahel en proie de plus en plus aux pouss\u00e9es djihadistes. Et pourtant l\u2019histoire n\u2019est pas termin\u00e9e. La Mauritanie offre un exemple inspirant de ce qui peut \u00eatre fait pour y reconstruire un avenir pacifique.<\/p>\n<p>Un pays aussi discret qu\u2019influent, \u00e0 la confluence du Maroc, du S\u00e9n\u00e9gal, du Mali et de l\u2019Alg\u00e9rie, la Mauritanie est une R\u00e9publique islamique dans sa Constitution mais ouverte \u00e0 la modernit\u00e9 et qui arrive \u00e0 contenir le djihadisme.<\/p>\n<p>Suppl\u00e9er \u00e0 l\u2019absence d\u2019administration aux confins des territoires, recruter des m\u00e9haristes [notre photo], gens du d\u00e9sert qui surveillent la fronti\u00e8re \u00e0 dos de chameau, dialoguer, expliquer, administrer\u2026 Les solutions ne sont pas que militaires.<\/p>\n<p>Jean-Fran\u00e7ois Lagrot, photoreporter, Charles Michel, Colonel, Fran\u00e7ois Loncle, ancien ministre, Jean-Louis Costes, ancien d\u00e9put\u00e9 fran\u00e7ais et secr\u00e9taire g\u00e9n\u00e9ral du GLAM (groupe de liaison des amis de la Mauritanie) expliqueront la contribution, mieux, la voie mauritanienne, vers la pacification du Sahel.<\/p>\n<p>La diplomatie mauritanienne au service de la paix et du d\u00e9veloppement, tout un programme !<\/p>\n<p><strong>Michel Taube<\/strong><\/p>\n<p><img decoding=\"async\" src=\"https:\/\/cridem.org\/media\/photos\/photo\/glam_me_54x51.jpg\" \/><\/p>\n<p>Colloque Lundi 23 janvier \u00e0 17h30 \u00e0 l\u2019Assembl\u00e9e Nationale fran\u00e7aise (salle, Colbert, 126, rue de l\u2019Universit\u00e9 75007 Paris) organis\u00e9 par le GLAM.<\/p>\n<p>Pour s\u2019inscrire, merci de communiquer pr\u00e9nom, nom, date et lieu de naissance, t\u00e9l\u00e9phone avant le 18 janvier 2023 au soir par mail : contact@glam-mauritanie.org.<\/p>\n<p>Le GLAM a pour objectifs de d\u00e9velopper des relations d\u2019amiti\u00e9 entre l\u2019Europe et la Mauritanie, de faciliter et renforcer les liens \u00e9conomiques, politiques, culturel et intellectuels avec la Mauritanie, mais aussi de proc\u00e9der \u00e0 la diffusion et \u00e0 l\u2019actualisation des connaissances relatives \u00e0 ce pays.<\/p>\n","protected":false},"excerpt":{"rendered":"<p>Opinion Internationale\u00a0&#8211; La France est en perte de vitesse en Afrique et se retire d\u2019un Sahel en proie de plus en plus aux pouss\u00e9es djihadistes. Et pourtant l\u2019histoire n\u2019est pas termin\u00e9e. La Mauritanie offre un exemple inspirant de ce qui peut \u00eatre fait pour y reconstruire un avenir pacifique. Un pays aussi discret qu\u2019influent, \u00e0&#8230;..<\/p>\n","protected":false},"author":5,"featured_media":3376,"comment_status":"open","ping_status":"open","sticky":false,"template":"","format":"standard","meta":{"footnotes":""},"categories":[23,59],"tags":[],"class_list":["post-3375","post","type-post","status-publish","format-standard","has-post-thumbnail","hentry","category-actualite","category-opinion"],"yoast_head":"<!-- This site is optimized with the Yoast SEO plugin v27.5 - https:\/\/yoast.com\/product\/yoast-seo-wordpress\/ -->\n<title>L\u2019enlisement au Sahel n\u2019est pas in\u00e9luctable : l\u2019exemple de la Mauritanie. Une conf\u00e9rence pour sortir de l\u2019orni\u00e8re - Le Quotidien de Nouakchott<\/title>\n<meta name=\"robots\" content=\"index, follow, max-snippet:-1, max-image-preview:large, max-video-preview:-1\" \/>\n<link rel=\"canonical\" href=\"https:\/\/lequotidien.mr\/?p=3375&lang=fr\" \/>\n<meta property=\"og:locale\" content=\"ar_AR\" \/>\n<meta property=\"og:type\" content=\"article\" \/>\n<meta property=\"og:title\" content=\"L\u2019enlisement au Sahel n\u2019est pas in\u00e9luctable : l\u2019exemple de la Mauritanie. Une conf\u00e9rence pour sortir de l\u2019orni\u00e8re - Le Quotidien de Nouakchott\" \/>\n<meta property=\"og:description\" content=\"Opinion Internationale\u00a0&#8211; La France est en perte de vitesse en Afrique et se retire d\u2019un Sahel en proie de plus en plus aux pouss\u00e9es djihadistes. Et pourtant l\u2019histoire n\u2019est pas termin\u00e9e. La Mauritanie offre un exemple inspirant de ce qui peut \u00eatre fait pour y reconstruire un avenir pacifique. Un pays aussi discret qu\u2019influent, \u00e0.....\" \/>\n<meta property=\"og:url\" content=\"https:\/\/lequotidien.mr\/?p=3375&amp;lang=fr\" \/>\n<meta property=\"og:site_name\" content=\"Le Quotidien de Nouakchott\" \/>\n<meta property=\"article:publisher\" content=\"https:\/\/web.facebook.com\/lequotidienmr\" \/>\n<meta property=\"article:published_time\" content=\"2023-01-18T17:41:02+00:00\" \/>\n<meta property=\"og:image\" content=\"https:\/\/lequotidien.mr\/wp-content\/uploads\/2023\/01\/meharistes_mauritanie_54x51.jpg\" \/>\n\t<meta property=\"og:image:width\" content=\"415\" \/>\n\t<meta property=\"og:image:height\" content=\"316\" \/>\n\t<meta property=\"og:image:type\" content=\"image\/jpeg\" \/>\n<meta name=\"author\" content=\"Gayi Diawara\" \/>\n<meta name=\"twitter:card\" content=\"summary_large_image\" \/>\n<meta name=\"twitter:creator\" content=\"@lequotidienmr\" \/>\n<meta name=\"twitter:site\" content=\"@lequotidienmr\" \/>\n<meta name=\"twitter:label1\" content=\"\u0643\u064f\u062a\u0628 \u0628\u0648\u0627\u0633\u0637\u0629\" \/>\n\t<meta name=\"twitter:data1\" content=\"Gayi Diawara\" \/>\n\t<meta name=\"twitter:label2\" content=\"\u0648\u0642\u062a \u0627\u0644\u0642\u0631\u0627\u0621\u0629 \u0627\u0644\u0645\u064f\u0642\u062f\u0651\u0631\" \/>\n\t<meta name=\"twitter:data2\" content=\"\u062f\u0642\u064a\u0642\u062a\u0627\u0646\" \/>\n<script type=\"application\/ld+json\" class=\"yoast-schema-graph\">{\"@context\":\"https:\\\/\\\/schema.org\",\"@graph\":[{\"@type\":\"Article\",\"@id\":\"https:\\\/\\\/lequotidien.mr\\\/?p=3375&lang=fr#article\",\"isPartOf\":{\"@id\":\"https:\\\/\\\/lequotidien.mr\\\/?p=3375&lang=fr\"},\"author\":{\"name\":\"Gayi Diawara\",\"@id\":\"https:\\\/\\\/lequotidien.mr\\\/#\\\/schema\\\/person\\\/1077c8abd5640a6514b909318d271dee\"},\"headline\":\"L\u2019enlisement au Sahel n\u2019est pas in\u00e9luctable : l\u2019exemple de la Mauritanie. Une conf\u00e9rence pour sortir de l\u2019orni\u00e8re\",\"datePublished\":\"2023-01-18T17:41:02+00:00\",\"mainEntityOfPage\":{\"@id\":\"https:\\\/\\\/lequotidien.mr\\\/?p=3375&lang=fr\"},\"wordCount\":316,\"commentCount\":0,\"publisher\":{\"@id\":\"https:\\\/\\\/lequotidien.mr\\\/#organization\"},\"image\":{\"@id\":\"https:\\\/\\\/lequotidien.mr\\\/?p=3375&lang=fr#primaryimage\"},\"thumbnailUrl\":\"https:\\\/\\\/lequotidien.mr\\\/wp-content\\\/uploads\\\/2023\\\/01\\\/meharistes_mauritanie_54x51.jpg\",\"articleSection\":[\"ACTUALIT\u00c9\",\"Opinion\"],\"inLanguage\":\"ar\",\"potentialAction\":[{\"@type\":\"CommentAction\",\"name\":\"Comment\",\"target\":[\"https:\\\/\\\/lequotidien.mr\\\/?p=3375&lang=fr#respond\"]}]},{\"@type\":\"WebPage\",\"@id\":\"https:\\\/\\\/lequotidien.mr\\\/?p=3375&lang=fr\",\"url\":\"https:\\\/\\\/lequotidien.mr\\\/?p=3375&lang=fr\",\"name\":\"L\u2019enlisement au Sahel n\u2019est pas in\u00e9luctable : l\u2019exemple de la Mauritanie. Une conf\u00e9rence pour sortir de l\u2019orni\u00e8re - Le Quotidien de Nouakchott\",\"isPartOf\":{\"@id\":\"https:\\\/\\\/lequotidien.mr\\\/#website\"},\"primaryImageOfPage\":{\"@id\":\"https:\\\/\\\/lequotidien.mr\\\/?p=3375&lang=fr#primaryimage\"},\"image\":{\"@id\":\"https:\\\/\\\/lequotidien.mr\\\/?p=3375&lang=fr#primaryimage\"},\"thumbnailUrl\":\"https:\\\/\\\/lequotidien.mr\\\/wp-content\\\/uploads\\\/2023\\\/01\\\/meharistes_mauritanie_54x51.jpg\",\"datePublished\":\"2023-01-18T17:41:02+00:00\",\"breadcrumb\":{\"@id\":\"https:\\\/\\\/lequotidien.mr\\\/?p=3375&lang=fr#breadcrumb\"},\"inLanguage\":\"ar\",\"potentialAction\":[{\"@type\":\"ReadAction\",\"target\":[\"https:\\\/\\\/lequotidien.mr\\\/?p=3375&lang=fr\"]}]},{\"@type\":\"ImageObject\",\"inLanguage\":\"ar\",\"@id\":\"https:\\\/\\\/lequotidien.mr\\\/?p=3375&lang=fr#primaryimage\",\"url\":\"https:\\\/\\\/lequotidien.mr\\\/wp-content\\\/uploads\\\/2023\\\/01\\\/meharistes_mauritanie_54x51.jpg\",\"contentUrl\":\"https:\\\/\\\/lequotidien.mr\\\/wp-content\\\/uploads\\\/2023\\\/01\\\/meharistes_mauritanie_54x51.jpg\",\"width\":415,\"height\":316},{\"@type\":\"BreadcrumbList\",\"@id\":\"https:\\\/\\\/lequotidien.mr\\\/?p=3375&lang=fr#breadcrumb\",\"itemListElement\":[{\"@type\":\"ListItem\",\"position\":1,\"name\":\"Home\",\"item\":\"https:\\\/\\\/lequotidien.mr\\\/\"},{\"@type\":\"ListItem\",\"position\":2,\"name\":\"L\u2019enlisement au Sahel n\u2019est pas in\u00e9luctable : l\u2019exemple de la Mauritanie. Une conf\u00e9rence pour sortir de l\u2019orni\u00e8re\"}]},{\"@type\":\"WebSite\",\"@id\":\"https:\\\/\\\/lequotidien.mr\\\/#website\",\"url\":\"https:\\\/\\\/lequotidien.mr\\\/\",\"name\":\"Le Quotidien de Nouakchott\",\"description\":\"\u0625\u062e\u0628\u0627\u0631\u064a\u0629 \u0645\u0633\u062a\u0642\u0644\u0629 \u0644\u0644\u0623\u0646\u0628\u0627\u0621 \u0627\u0644\u0639\u0627\u0645\u0629\",\"publisher\":{\"@id\":\"https:\\\/\\\/lequotidien.mr\\\/#organization\"},\"potentialAction\":[{\"@type\":\"SearchAction\",\"target\":{\"@type\":\"EntryPoint\",\"urlTemplate\":\"https:\\\/\\\/lequotidien.mr\\\/?s={search_term_string}\"},\"query-input\":{\"@type\":\"PropertyValueSpecification\",\"valueRequired\":true,\"valueName\":\"search_term_string\"}}],\"inLanguage\":\"ar\"},{\"@type\":\"Organization\",\"@id\":\"https:\\\/\\\/lequotidien.mr\\\/#organization\",\"name\":\"Le Quotidien de Nouakchott\",\"url\":\"https:\\\/\\\/lequotidien.mr\\\/\",\"logo\":{\"@type\":\"ImageObject\",\"inLanguage\":\"ar\",\"@id\":\"https:\\\/\\\/lequotidien.mr\\\/#\\\/schema\\\/logo\\\/image\\\/\",\"url\":\"https:\\\/\\\/lequotidien.mr\\\/wp-content\\\/uploads\\\/2022\\\/11\\\/logolequotidien.jpg\",\"contentUrl\":\"https:\\\/\\\/lequotidien.mr\\\/wp-content\\\/uploads\\\/2022\\\/11\\\/logolequotidien.jpg\",\"width\":290,\"height\":65,\"caption\":\"Le Quotidien de Nouakchott\"},\"image\":{\"@id\":\"https:\\\/\\\/lequotidien.mr\\\/#\\\/schema\\\/logo\\\/image\\\/\"},\"sameAs\":[\"https:\\\/\\\/web.facebook.com\\\/lequotidienmr\",\"https:\\\/\\\/x.com\\\/lequotidienmr\"]},{\"@type\":\"Person\",\"@id\":\"https:\\\/\\\/lequotidien.mr\\\/#\\\/schema\\\/person\\\/1077c8abd5640a6514b909318d271dee\",\"name\":\"Gayi Diawara\",\"image\":{\"@type\":\"ImageObject\",\"inLanguage\":\"ar\",\"@id\":\"https:\\\/\\\/secure.gravatar.com\\\/avatar\\\/63ea8db1e19a6d2d608b24c0f78b5f3a7d6e0bc11959fec273410af333e4d0ac?s=96&d=mm&r=g\",\"url\":\"https:\\\/\\\/secure.gravatar.com\\\/avatar\\\/63ea8db1e19a6d2d608b24c0f78b5f3a7d6e0bc11959fec273410af333e4d0ac?s=96&d=mm&r=g\",\"contentUrl\":\"https:\\\/\\\/secure.gravatar.com\\\/avatar\\\/63ea8db1e19a6d2d608b24c0f78b5f3a7d6e0bc11959fec273410af333e4d0ac?s=96&d=mm&r=g\",\"caption\":\"Gayi Diawara\"},\"sameAs\":[\"http:\\\/\\\/lequotidien.mr\"],\"url\":\"https:\\\/\\\/lequotidien.mr\\\/?author=5\"}]}<\/script>\n<!-- \/ Yoast SEO plugin. -->","yoast_head_json":{"title":"L\u2019enlisement au Sahel n\u2019est pas in\u00e9luctable : l\u2019exemple de la Mauritanie. Une conf\u00e9rence pour sortir de l\u2019orni\u00e8re - Le Quotidien de Nouakchott","robots":{"index":"index","follow":"follow","max-snippet":"max-snippet:-1","max-image-preview":"max-image-preview:large","max-video-preview":"max-video-preview:-1"},"canonical":"https:\/\/lequotidien.mr\/?p=3375&lang=fr","og_locale":"ar_AR","og_type":"article","og_title":"L\u2019enlisement au Sahel n\u2019est pas in\u00e9luctable : l\u2019exemple de la Mauritanie. Une conf\u00e9rence pour sortir de l\u2019orni\u00e8re - Le Quotidien de Nouakchott","og_description":"Opinion Internationale\u00a0&#8211; La France est en perte de vitesse en Afrique et se retire d\u2019un Sahel en proie de plus en plus aux pouss\u00e9es djihadistes. Et pourtant l\u2019histoire n\u2019est pas termin\u00e9e. La Mauritanie offre un exemple inspirant de ce qui peut \u00eatre fait pour y reconstruire un avenir pacifique. Un pays aussi discret qu\u2019influent, \u00e0.....","og_url":"https:\/\/lequotidien.mr\/?p=3375&lang=fr","og_site_name":"Le Quotidien de Nouakchott","article_publisher":"https:\/\/web.facebook.com\/lequotidienmr","article_published_time":"2023-01-18T17:41:02+00:00","og_image":[{"width":415,"height":316,"url":"https:\/\/lequotidien.mr\/wp-content\/uploads\/2023\/01\/meharistes_mauritanie_54x51.jpg","type":"image\/jpeg"}],"author":"Gayi Diawara","twitter_card":"summary_large_image","twitter_creator":"@lequotidienmr","twitter_site":"@lequotidienmr","twitter_misc":{"\u0643\u064f\u062a\u0628 \u0628\u0648\u0627\u0633\u0637\u0629":"Gayi Diawara","\u0648\u0642\u062a \u0627\u0644\u0642\u0631\u0627\u0621\u0629 \u0627\u0644\u0645\u064f\u0642\u062f\u0651\u0631":"\u062f\u0642\u064a\u0642\u062a\u0627\u0646"},"schema":{"@context":"https:\/\/schema.org","@graph":[{"@type":"Article","@id":"https:\/\/lequotidien.mr\/?p=3375&lang=fr#article","isPartOf":{"@id":"https:\/\/lequotidien.mr\/?p=3375&lang=fr"},"author":{"name":"Gayi Diawara","@id":"https:\/\/lequotidien.mr\/#\/schema\/person\/1077c8abd5640a6514b909318d271dee"},"headline":"L\u2019enlisement au Sahel n\u2019est pas in\u00e9luctable : l\u2019exemple de la Mauritanie. Une conf\u00e9rence pour sortir de l\u2019orni\u00e8re","datePublished":"2023-01-18T17:41:02+00:00","mainEntityOfPage":{"@id":"https:\/\/lequotidien.mr\/?p=3375&lang=fr"},"wordCount":316,"commentCount":0,"publisher":{"@id":"https:\/\/lequotidien.mr\/#organization"},"image":{"@id":"https:\/\/lequotidien.mr\/?p=3375&lang=fr#primaryimage"},"thumbnailUrl":"https:\/\/lequotidien.mr\/wp-content\/uploads\/2023\/01\/meharistes_mauritanie_54x51.jpg","articleSection":["ACTUALIT\u00c9","Opinion"],"inLanguage":"ar","potentialAction":[{"@type":"CommentAction","name":"Comment","target":["https:\/\/lequotidien.mr\/?p=3375&lang=fr#respond"]}]},{"@type":"WebPage","@id":"https:\/\/lequotidien.mr\/?p=3375&lang=fr","url":"https:\/\/lequotidien.mr\/?p=3375&lang=fr","name":"L\u2019enlisement au Sahel n\u2019est pas in\u00e9luctable : l\u2019exemple de la Mauritanie. Une conf\u00e9rence pour sortir de l\u2019orni\u00e8re - Le Quotidien de Nouakchott","isPartOf":{"@id":"https:\/\/lequotidien.mr\/#website"},"primaryImageOfPage":{"@id":"https:\/\/lequotidien.mr\/?p=3375&lang=fr#primaryimage"},"image":{"@id":"https:\/\/lequotidien.mr\/?p=3375&lang=fr#primaryimage"},"thumbnailUrl":"https:\/\/lequotidien.mr\/wp-content\/uploads\/2023\/01\/meharistes_mauritanie_54x51.jpg","datePublished":"2023-01-18T17:41:02+00:00","breadcrumb":{"@id":"https:\/\/lequotidien.mr\/?p=3375&lang=fr#breadcrumb"},"inLanguage":"ar","potentialAction":[{"@type":"ReadAction","target":["https:\/\/lequotidien.mr\/?p=3375&lang=fr"]}]},{"@type":"ImageObject","inLanguage":"ar","@id":"https:\/\/lequotidien.mr\/?p=3375&lang=fr#primaryimage","url":"https:\/\/lequotidien.mr\/wp-content\/uploads\/2023\/01\/meharistes_mauritanie_54x51.jpg","contentUrl":"https:\/\/lequotidien.mr\/wp-content\/uploads\/2023\/01\/meharistes_mauritanie_54x51.jpg","width":415,"height":316},{"@type":"BreadcrumbList","@id":"https:\/\/lequotidien.mr\/?p=3375&lang=fr#breadcrumb","itemListElement":[{"@type":"ListItem","position":1,"name":"Home","item":"https:\/\/lequotidien.mr\/"},{"@type":"ListItem","position":2,"name":"L\u2019enlisement au Sahel n\u2019est pas in\u00e9luctable : l\u2019exemple de la Mauritanie. Une conf\u00e9rence pour sortir de l\u2019orni\u00e8re"}]},{"@type":"WebSite","@id":"https:\/\/lequotidien.mr\/#website","url":"https:\/\/lequotidien.mr\/","name":"Le Quotidien de Nouakchott","description":"\u0625\u062e\u0628\u0627\u0631\u064a\u0629 \u0645\u0633\u062a\u0642\u0644\u0629 \u0644\u0644\u0623\u0646\u0628\u0627\u0621 \u0627\u0644\u0639\u0627\u0645\u0629","publisher":{"@id":"https:\/\/lequotidien.mr\/#organization"},"potentialAction":[{"@type":"SearchAction","target":{"@type":"EntryPoint","urlTemplate":"https:\/\/lequotidien.mr\/?s={search_term_string}"},"query-input":{"@type":"PropertyValueSpecification","valueRequired":true,"valueName":"search_term_string"}}],"inLanguage":"ar"},{"@type":"Organization","@id":"https:\/\/lequotidien.mr\/#organization","name":"Le Quotidien de Nouakchott","url":"https:\/\/lequotidien.mr\/","logo":{"@type":"ImageObject","inLanguage":"ar","@id":"https:\/\/lequotidien.mr\/#\/schema\/logo\/image\/","url":"https:\/\/lequotidien.mr\/wp-content\/uploads\/2022\/11\/logolequotidien.jpg","contentUrl":"https:\/\/lequotidien.mr\/wp-content\/uploads\/2022\/11\/logolequotidien.jpg","width":290,"height":65,"caption":"Le Quotidien de Nouakchott"},"image":{"@id":"https:\/\/lequotidien.mr\/#\/schema\/logo\/image\/"},"sameAs":["https:\/\/web.facebook.com\/lequotidienmr","https:\/\/x.com\/lequotidienmr"]},{"@type":"Person","@id":"https:\/\/lequotidien.mr\/#\/schema\/person\/1077c8abd5640a6514b909318d271dee","name":"Gayi Diawara","image":{"@type":"ImageObject","inLanguage":"ar","@id":"https:\/\/secure.gravatar.com\/avatar\/63ea8db1e19a6d2d608b24c0f78b5f3a7d6e0bc11959fec273410af333e4d0ac?s=96&d=mm&r=g","url":"https:\/\/secure.gravatar.com\/avatar\/63ea8db1e19a6d2d608b24c0f78b5f3a7d6e0bc11959fec273410af333e4d0ac?s=96&d=mm&r=g","contentUrl":"https:\/\/secure.gravatar.com\/avatar\/63ea8db1e19a6d2d608b24c0f78b5f3a7d6e0bc11959fec273410af333e4d0ac?s=96&d=mm&r=g","caption":"Gayi Diawara"},"sameAs":["http:\/\/lequotidien.mr"],"url":"https:\/\/lequotidien.mr\/?author=5"}]}},"_links":{"self":[{"href":"https:\/\/lequotidien.mr\/index.php?rest_route=\/wp\/v2\/posts\/3375","targetHints":{"allow":["GET"]}}],"collection":[{"href":"https:\/\/lequotidien.mr\/index.php?rest_route=\/wp\/v2\/posts"}],"about":[{"href":"https:\/\/lequotidien.mr\/index.php?rest_route=\/wp\/v2\/types\/post"}],"author":[{"embeddable":true,"href":"https:\/\/lequotidien.mr\/index.php?rest_route=\/wp\/v2\/users\/5"}],"replies":[{"embeddable":true,"href":"https:\/\/lequotidien.mr\/index.php?rest_route=%2Fwp%2Fv2%2Fcomments&post=3375"}],"version-history":[{"count":1,"href":"https:\/\/lequotidien.mr\/index.php?rest_route=\/wp\/v2\/posts\/3375\/revisions"}],"predecessor-version":[{"id":3377,"href":"https:\/\/lequotidien.mr\/index.php?rest_route=\/wp\/v2\/posts\/3375\/revisions\/3377"}],"wp:featuredmedia":[{"embeddable":true,"href":"https:\/\/lequotidien.mr\/index.php?rest_route=\/wp\/v2\/media\/3376"}],"wp:attachment":[{"href":"https:\/\/lequotidien.mr\/index.php?rest_route=%2Fwp%2Fv2%2Fmedia&parent=3375"}],"wp:term":[{"taxonomy":"category","embeddable":true,"href":"https:\/\/lequotidien.mr\/index.php?rest_route=%2Fwp%2Fv2%2Fcategories&post=3375"},{"taxonomy":"post_tag","embeddable":true,"href":"https:\/\/lequotidien.mr\/index.php?rest_route=%2Fwp%2Fv2%2Ftags&post=3375"}],"curies":[{"name":"wp","href":"https:\/\/api.w.org\/{rel}","templated":true}]}}