{"id":33655,"date":"2026-01-12T10:37:11","date_gmt":"2026-01-12T10:37:11","guid":{"rendered":"https:\/\/lequotidien.mr\/?p=33655"},"modified":"2026-01-12T10:37:11","modified_gmt":"2026-01-12T10:37:11","slug":"atterrissage-durgence-dun-vol-touristique-a-nouakchott-le-programme-touristique-de-ladrar-reorganise-par-la-route","status":"publish","type":"post","link":"https:\/\/lequotidien.mr\/?p=33655&lang=fr","title":{"rendered":"Atterrissage d\u2019urgence d\u2019un vol touristique \u00e0 Nouakchott : Le programme touristique de l\u2019Adrar r\u00e9organis\u00e9 par la route"},"content":{"rendered":"<p>Samedi dernier, <strong>l\u2019a\u00e9roport international de Nouakchott-Oumtounsy<\/strong> a accueilli un avion inattendu. Initialement programm\u00e9 pour atterrir \u00e0 l\u2019a\u00e9roport international d\u2019Atar, dans le nord du pays, un vol affr\u00e9t\u00e9 transportant un groupe de touristes en provenance de France a d\u00fb \u00eatre d\u00e9rout\u00e9 en urgence suite \u00e0 <strong>une d\u00e9faillance technique<\/strong>. Cet avion effectuait le quatri\u00e8me vol programm\u00e9 de la saison touristique vers la r\u00e9gion de l\u2019Adrar, r\u00e9put\u00e9e pour ses paysages d\u00e9sertiques \u00e9poustouflants et ses sites historiques class\u00e9s au <strong>patrimoine mondial de l\u2019UNESCO.<\/strong><\/p>\n<p>Interrog\u00e9 par l\u2019Agence Mauritanienne d\u2019Information (AMI), le directeur <strong>r\u00e9gional de l\u2019Office National du Tourisme (ONT)<\/strong> pour la wilaya de l\u2019Adrar, <strong>M. Cheikh Maa El Ainine Cheikh Saadbouh<\/strong>, a confirm\u00e9 les d\u00e9tails de cet incident. Il a indiqu\u00e9 que l\u2019appareil transportait\u00a0<strong>148 touristes<\/strong>\u00a0\u00e0 son bord. Afin de minimiser l\u2019impact sur leur s\u00e9jour, une solution de transport alternative a \u00e9t\u00e9 imm\u00e9diatement organis\u00e9e. Les visiteurs seront achemin\u00e9s de Nouakchott \u00e0 la ville d\u2019Atar, porte d\u2019entr\u00e9e des circuits du d\u00e9sert,\u00a0<strong>par voie terrestre<\/strong>.<\/p>\n<p>M. Cheikh Saadbouh a \u00e9galement pr\u00e9cis\u00e9 qu\u2019un autre groupe de <strong>81 touristes<\/strong>, qui devait initialement repartir vers la France \u00e0 bord de ce m\u00eame avion au d\u00e9part d\u2019Atar, se trouve affect\u00e9 par ce contretemps. Pour eux, le processus inverse a \u00e9t\u00e9 mis en \u0153uvre. Ils seront transport\u00e9s par la route depuis Atar jusqu\u2019\u00e0 l\u2019a\u00e9roport de Nouakchott-Oumtounsy. Sur place, ils embarqueront \u00e0 bord d\u2019un autre appareil pour rejoindre leur destination finale en France. Cette mesure vise \u00e0 assurer la continuit\u00e9 du programme et le retour des visiteurs dans les meilleurs d\u00e9lais possibles.<\/p>\n<p>Cet incident met en lumi\u00e8re les d\u00e9fis logistiques du tourisme dans des r\u00e9gions \u00e9loign\u00e9es, mais aussi la capacit\u00e9 des autorit\u00e9s touristiques mauritaniennes \u00e0 r\u00e9agir rapidement pour limiter les d\u00e9sagr\u00e9ments. Le recours au transport terrestre, bien que modifiant les emplois du temps, d\u00e9montre une volont\u00e9 de maintenir l\u2019activit\u00e9 touristique, cruciale pour l\u2019\u00e9conomie de la r\u00e9gion de l\u2019Adrar. Les services concern\u00e9s sont mobilis\u00e9s pour que cette perturbation n\u2019entache pas l\u2019exp\u00e9rience globale des visiteurs, dont le s\u00e9jour dans les majestueux paysages de l\u2019Adrar pourra ainsi se poursuivre ou se conclure dans des conditions r\u00e9organis\u00e9es mais s\u00e9curis\u00e9es.<\/p>\n","protected":false},"excerpt":{"rendered":"<p>Samedi dernier, l\u2019a\u00e9roport international de Nouakchott-Oumtounsy a accueilli un avion inattendu. Initialement programm\u00e9 pour atterrir \u00e0 l\u2019a\u00e9roport international d\u2019Atar, dans le nord du pays, un vol affr\u00e9t\u00e9 transportant un groupe de touristes en provenance de France a d\u00fb \u00eatre d\u00e9rout\u00e9 en urgence suite \u00e0 une d\u00e9faillance technique. Cet avion effectuait le quatri\u00e8me vol programm\u00e9 de&#8230;..<\/p>\n","protected":false},"author":12,"featured_media":33656,"comment_status":"open","ping_status":"open","sticky":false,"template":"","format":"standard","meta":{"footnotes":""},"categories":[23,55],"tags":[],"class_list":["post-33655","post","type-post","status-publish","format-standard","has-post-thumbnail","hentry","category-actualite","category-culture"],"yoast_head":"<!-- This site is optimized with the Yoast SEO plugin v27.5 - https:\/\/yoast.com\/product\/yoast-seo-wordpress\/ -->\n<title>Atterrissage d\u2019urgence d\u2019un vol touristique \u00e0 Nouakchott : Le programme touristique de l\u2019Adrar r\u00e9organis\u00e9 par la route - Le Quotidien de Nouakchott<\/title>\n<meta name=\"robots\" content=\"index, follow, max-snippet:-1, max-image-preview:large, max-video-preview:-1\" \/>\n<link rel=\"canonical\" href=\"https:\/\/lequotidien.mr\/?p=33655&lang=fr\" \/>\n<meta property=\"og:locale\" content=\"ar_AR\" \/>\n<meta property=\"og:type\" content=\"article\" \/>\n<meta property=\"og:title\" content=\"Atterrissage d\u2019urgence d\u2019un vol touristique \u00e0 Nouakchott : Le programme touristique de l\u2019Adrar r\u00e9organis\u00e9 par la route - Le Quotidien de Nouakchott\" \/>\n<meta property=\"og:description\" content=\"Samedi dernier, l\u2019a\u00e9roport international de Nouakchott-Oumtounsy a accueilli un avion inattendu. Initialement programm\u00e9 pour atterrir \u00e0 l\u2019a\u00e9roport international d\u2019Atar, dans le nord du pays, un vol affr\u00e9t\u00e9 transportant un groupe de touristes en provenance de France a d\u00fb \u00eatre d\u00e9rout\u00e9 en urgence suite \u00e0 une d\u00e9faillance technique. Cet avion effectuait le quatri\u00e8me vol programm\u00e9 de.....\" \/>\n<meta property=\"og:url\" content=\"https:\/\/lequotidien.mr\/?p=33655&amp;lang=fr\" \/>\n<meta property=\"og:site_name\" content=\"Le Quotidien de Nouakchott\" \/>\n<meta property=\"article:publisher\" content=\"https:\/\/web.facebook.com\/lequotidienmr\" \/>\n<meta property=\"article:published_time\" content=\"2026-01-12T10:37:11+00:00\" \/>\n<meta property=\"og:image\" content=\"https:\/\/lequotidien.mr\/wp-content\/uploads\/2026\/01\/photo-atterissage-durgence.jpg\" \/>\n\t<meta property=\"og:image:width\" content=\"448\" \/>\n\t<meta property=\"og:image:height\" content=\"257\" \/>\n\t<meta property=\"og:image:type\" content=\"image\/jpeg\" \/>\n<meta name=\"author\" content=\"Med Ahmed\" \/>\n<meta name=\"twitter:card\" content=\"summary_large_image\" \/>\n<meta name=\"twitter:creator\" content=\"@lequotidienmr\" \/>\n<meta name=\"twitter:site\" content=\"@lequotidienmr\" \/>\n<meta name=\"twitter:label1\" content=\"\u0643\u064f\u062a\u0628 \u0628\u0648\u0627\u0633\u0637\u0629\" \/>\n\t<meta name=\"twitter:data1\" content=\"Med Ahmed\" \/>\n\t<meta name=\"twitter:label2\" content=\"\u0648\u0642\u062a \u0627\u0644\u0642\u0631\u0627\u0621\u0629 \u0627\u0644\u0645\u064f\u0642\u062f\u0651\u0631\" \/>\n\t<meta name=\"twitter:data2\" content=\"3 \u062f\u0642\u0627\u0626\u0642\" \/>\n<script type=\"application\/ld+json\" class=\"yoast-schema-graph\">{\"@context\":\"https:\\\/\\\/schema.org\",\"@graph\":[{\"@type\":\"Article\",\"@id\":\"https:\\\/\\\/lequotidien.mr\\\/?p=33655&lang=fr#article\",\"isPartOf\":{\"@id\":\"https:\\\/\\\/lequotidien.mr\\\/?p=33655&lang=fr\"},\"author\":{\"name\":\"Med Ahmed\",\"@id\":\"https:\\\/\\\/lequotidien.mr\\\/#\\\/schema\\\/person\\\/d2d350202a4d599685ed8abc25f97596\"},\"headline\":\"Atterrissage d\u2019urgence d\u2019un vol touristique \u00e0 Nouakchott : Le programme touristique de l\u2019Adrar r\u00e9organis\u00e9 par la route\",\"datePublished\":\"2026-01-12T10:37:11+00:00\",\"mainEntityOfPage\":{\"@id\":\"https:\\\/\\\/lequotidien.mr\\\/?p=33655&lang=fr\"},\"wordCount\":418,\"commentCount\":0,\"publisher\":{\"@id\":\"https:\\\/\\\/lequotidien.mr\\\/#organization\"},\"image\":{\"@id\":\"https:\\\/\\\/lequotidien.mr\\\/?p=33655&lang=fr#primaryimage\"},\"thumbnailUrl\":\"https:\\\/\\\/lequotidien.mr\\\/wp-content\\\/uploads\\\/2026\\\/01\\\/photo-atterissage-durgence.jpg\",\"articleSection\":[\"ACTUALIT\u00c9\",\"Culture\"],\"inLanguage\":\"ar\",\"potentialAction\":[{\"@type\":\"CommentAction\",\"name\":\"Comment\",\"target\":[\"https:\\\/\\\/lequotidien.mr\\\/?p=33655&lang=fr#respond\"]}]},{\"@type\":\"WebPage\",\"@id\":\"https:\\\/\\\/lequotidien.mr\\\/?p=33655&lang=fr\",\"url\":\"https:\\\/\\\/lequotidien.mr\\\/?p=33655&lang=fr\",\"name\":\"Atterrissage d\u2019urgence d\u2019un vol touristique \u00e0 Nouakchott : Le programme touristique de l\u2019Adrar r\u00e9organis\u00e9 par la route - Le Quotidien de Nouakchott\",\"isPartOf\":{\"@id\":\"https:\\\/\\\/lequotidien.mr\\\/#website\"},\"primaryImageOfPage\":{\"@id\":\"https:\\\/\\\/lequotidien.mr\\\/?p=33655&lang=fr#primaryimage\"},\"image\":{\"@id\":\"https:\\\/\\\/lequotidien.mr\\\/?p=33655&lang=fr#primaryimage\"},\"thumbnailUrl\":\"https:\\\/\\\/lequotidien.mr\\\/wp-content\\\/uploads\\\/2026\\\/01\\\/photo-atterissage-durgence.jpg\",\"datePublished\":\"2026-01-12T10:37:11+00:00\",\"breadcrumb\":{\"@id\":\"https:\\\/\\\/lequotidien.mr\\\/?p=33655&lang=fr#breadcrumb\"},\"inLanguage\":\"ar\",\"potentialAction\":[{\"@type\":\"ReadAction\",\"target\":[\"https:\\\/\\\/lequotidien.mr\\\/?p=33655&lang=fr\"]}]},{\"@type\":\"ImageObject\",\"inLanguage\":\"ar\",\"@id\":\"https:\\\/\\\/lequotidien.mr\\\/?p=33655&lang=fr#primaryimage\",\"url\":\"https:\\\/\\\/lequotidien.mr\\\/wp-content\\\/uploads\\\/2026\\\/01\\\/photo-atterissage-durgence.jpg\",\"contentUrl\":\"https:\\\/\\\/lequotidien.mr\\\/wp-content\\\/uploads\\\/2026\\\/01\\\/photo-atterissage-durgence.jpg\",\"width\":448,\"height\":257},{\"@type\":\"BreadcrumbList\",\"@id\":\"https:\\\/\\\/lequotidien.mr\\\/?p=33655&lang=fr#breadcrumb\",\"itemListElement\":[{\"@type\":\"ListItem\",\"position\":1,\"name\":\"Home\",\"item\":\"https:\\\/\\\/lequotidien.mr\\\/\"},{\"@type\":\"ListItem\",\"position\":2,\"name\":\"Atterrissage d\u2019urgence d\u2019un vol touristique \u00e0 Nouakchott : Le programme touristique de l\u2019Adrar r\u00e9organis\u00e9 par la route\"}]},{\"@type\":\"WebSite\",\"@id\":\"https:\\\/\\\/lequotidien.mr\\\/#website\",\"url\":\"https:\\\/\\\/lequotidien.mr\\\/\",\"name\":\"Le Quotidien de Nouakchott\",\"description\":\"\u0625\u062e\u0628\u0627\u0631\u064a\u0629 \u0645\u0633\u062a\u0642\u0644\u0629 \u0644\u0644\u0623\u0646\u0628\u0627\u0621 \u0627\u0644\u0639\u0627\u0645\u0629\",\"publisher\":{\"@id\":\"https:\\\/\\\/lequotidien.mr\\\/#organization\"},\"potentialAction\":[{\"@type\":\"SearchAction\",\"target\":{\"@type\":\"EntryPoint\",\"urlTemplate\":\"https:\\\/\\\/lequotidien.mr\\\/?s={search_term_string}\"},\"query-input\":{\"@type\":\"PropertyValueSpecification\",\"valueRequired\":true,\"valueName\":\"search_term_string\"}}],\"inLanguage\":\"ar\"},{\"@type\":\"Organization\",\"@id\":\"https:\\\/\\\/lequotidien.mr\\\/#organization\",\"name\":\"Le Quotidien de Nouakchott\",\"url\":\"https:\\\/\\\/lequotidien.mr\\\/\",\"logo\":{\"@type\":\"ImageObject\",\"inLanguage\":\"ar\",\"@id\":\"https:\\\/\\\/lequotidien.mr\\\/#\\\/schema\\\/logo\\\/image\\\/\",\"url\":\"https:\\\/\\\/lequotidien.mr\\\/wp-content\\\/uploads\\\/2022\\\/11\\\/logolequotidien.jpg\",\"contentUrl\":\"https:\\\/\\\/lequotidien.mr\\\/wp-content\\\/uploads\\\/2022\\\/11\\\/logolequotidien.jpg\",\"width\":290,\"height\":65,\"caption\":\"Le Quotidien de Nouakchott\"},\"image\":{\"@id\":\"https:\\\/\\\/lequotidien.mr\\\/#\\\/schema\\\/logo\\\/image\\\/\"},\"sameAs\":[\"https:\\\/\\\/web.facebook.com\\\/lequotidienmr\",\"https:\\\/\\\/x.com\\\/lequotidienmr\"]},{\"@type\":\"Person\",\"@id\":\"https:\\\/\\\/lequotidien.mr\\\/#\\\/schema\\\/person\\\/d2d350202a4d599685ed8abc25f97596\",\"name\":\"Med Ahmed\",\"image\":{\"@type\":\"ImageObject\",\"inLanguage\":\"ar\",\"@id\":\"https:\\\/\\\/secure.gravatar.com\\\/avatar\\\/fd2acc62ed50732923d1d39c17172c9b04149f142be92310ecc69e1358f94b52?s=96&d=mm&r=g\",\"url\":\"https:\\\/\\\/secure.gravatar.com\\\/avatar\\\/fd2acc62ed50732923d1d39c17172c9b04149f142be92310ecc69e1358f94b52?s=96&d=mm&r=g\",\"contentUrl\":\"https:\\\/\\\/secure.gravatar.com\\\/avatar\\\/fd2acc62ed50732923d1d39c17172c9b04149f142be92310ecc69e1358f94b52?s=96&d=mm&r=g\",\"caption\":\"Med Ahmed\"},\"url\":\"https:\\\/\\\/lequotidien.mr\\\/?author=12\"}]}<\/script>\n<!-- \/ Yoast SEO plugin. -->","yoast_head_json":{"title":"Atterrissage d\u2019urgence d\u2019un vol touristique \u00e0 Nouakchott : Le programme touristique de l\u2019Adrar r\u00e9organis\u00e9 par la route - Le Quotidien de Nouakchott","robots":{"index":"index","follow":"follow","max-snippet":"max-snippet:-1","max-image-preview":"max-image-preview:large","max-video-preview":"max-video-preview:-1"},"canonical":"https:\/\/lequotidien.mr\/?p=33655&lang=fr","og_locale":"ar_AR","og_type":"article","og_title":"Atterrissage d\u2019urgence d\u2019un vol touristique \u00e0 Nouakchott : Le programme touristique de l\u2019Adrar r\u00e9organis\u00e9 par la route - Le Quotidien de Nouakchott","og_description":"Samedi dernier, l\u2019a\u00e9roport international de Nouakchott-Oumtounsy a accueilli un avion inattendu. Initialement programm\u00e9 pour atterrir \u00e0 l\u2019a\u00e9roport international d\u2019Atar, dans le nord du pays, un vol affr\u00e9t\u00e9 transportant un groupe de touristes en provenance de France a d\u00fb \u00eatre d\u00e9rout\u00e9 en urgence suite \u00e0 une d\u00e9faillance technique. Cet avion effectuait le quatri\u00e8me vol programm\u00e9 de.....","og_url":"https:\/\/lequotidien.mr\/?p=33655&lang=fr","og_site_name":"Le Quotidien de Nouakchott","article_publisher":"https:\/\/web.facebook.com\/lequotidienmr","article_published_time":"2026-01-12T10:37:11+00:00","og_image":[{"width":448,"height":257,"url":"https:\/\/lequotidien.mr\/wp-content\/uploads\/2026\/01\/photo-atterissage-durgence.jpg","type":"image\/jpeg"}],"author":"Med Ahmed","twitter_card":"summary_large_image","twitter_creator":"@lequotidienmr","twitter_site":"@lequotidienmr","twitter_misc":{"\u0643\u064f\u062a\u0628 \u0628\u0648\u0627\u0633\u0637\u0629":"Med Ahmed","\u0648\u0642\u062a \u0627\u0644\u0642\u0631\u0627\u0621\u0629 \u0627\u0644\u0645\u064f\u0642\u062f\u0651\u0631":"3 \u062f\u0642\u0627\u0626\u0642"},"schema":{"@context":"https:\/\/schema.org","@graph":[{"@type":"Article","@id":"https:\/\/lequotidien.mr\/?p=33655&lang=fr#article","isPartOf":{"@id":"https:\/\/lequotidien.mr\/?p=33655&lang=fr"},"author":{"name":"Med Ahmed","@id":"https:\/\/lequotidien.mr\/#\/schema\/person\/d2d350202a4d599685ed8abc25f97596"},"headline":"Atterrissage d\u2019urgence d\u2019un vol touristique \u00e0 Nouakchott : Le programme touristique de l\u2019Adrar r\u00e9organis\u00e9 par la route","datePublished":"2026-01-12T10:37:11+00:00","mainEntityOfPage":{"@id":"https:\/\/lequotidien.mr\/?p=33655&lang=fr"},"wordCount":418,"commentCount":0,"publisher":{"@id":"https:\/\/lequotidien.mr\/#organization"},"image":{"@id":"https:\/\/lequotidien.mr\/?p=33655&lang=fr#primaryimage"},"thumbnailUrl":"https:\/\/lequotidien.mr\/wp-content\/uploads\/2026\/01\/photo-atterissage-durgence.jpg","articleSection":["ACTUALIT\u00c9","Culture"],"inLanguage":"ar","potentialAction":[{"@type":"CommentAction","name":"Comment","target":["https:\/\/lequotidien.mr\/?p=33655&lang=fr#respond"]}]},{"@type":"WebPage","@id":"https:\/\/lequotidien.mr\/?p=33655&lang=fr","url":"https:\/\/lequotidien.mr\/?p=33655&lang=fr","name":"Atterrissage d\u2019urgence d\u2019un vol touristique \u00e0 Nouakchott : Le programme touristique de l\u2019Adrar r\u00e9organis\u00e9 par la route - Le Quotidien de Nouakchott","isPartOf":{"@id":"https:\/\/lequotidien.mr\/#website"},"primaryImageOfPage":{"@id":"https:\/\/lequotidien.mr\/?p=33655&lang=fr#primaryimage"},"image":{"@id":"https:\/\/lequotidien.mr\/?p=33655&lang=fr#primaryimage"},"thumbnailUrl":"https:\/\/lequotidien.mr\/wp-content\/uploads\/2026\/01\/photo-atterissage-durgence.jpg","datePublished":"2026-01-12T10:37:11+00:00","breadcrumb":{"@id":"https:\/\/lequotidien.mr\/?p=33655&lang=fr#breadcrumb"},"inLanguage":"ar","potentialAction":[{"@type":"ReadAction","target":["https:\/\/lequotidien.mr\/?p=33655&lang=fr"]}]},{"@type":"ImageObject","inLanguage":"ar","@id":"https:\/\/lequotidien.mr\/?p=33655&lang=fr#primaryimage","url":"https:\/\/lequotidien.mr\/wp-content\/uploads\/2026\/01\/photo-atterissage-durgence.jpg","contentUrl":"https:\/\/lequotidien.mr\/wp-content\/uploads\/2026\/01\/photo-atterissage-durgence.jpg","width":448,"height":257},{"@type":"BreadcrumbList","@id":"https:\/\/lequotidien.mr\/?p=33655&lang=fr#breadcrumb","itemListElement":[{"@type":"ListItem","position":1,"name":"Home","item":"https:\/\/lequotidien.mr\/"},{"@type":"ListItem","position":2,"name":"Atterrissage d\u2019urgence d\u2019un vol touristique \u00e0 Nouakchott : Le programme touristique de l\u2019Adrar r\u00e9organis\u00e9 par la route"}]},{"@type":"WebSite","@id":"https:\/\/lequotidien.mr\/#website","url":"https:\/\/lequotidien.mr\/","name":"Le Quotidien de Nouakchott","description":"\u0625\u062e\u0628\u0627\u0631\u064a\u0629 \u0645\u0633\u062a\u0642\u0644\u0629 \u0644\u0644\u0623\u0646\u0628\u0627\u0621 \u0627\u0644\u0639\u0627\u0645\u0629","publisher":{"@id":"https:\/\/lequotidien.mr\/#organization"},"potentialAction":[{"@type":"SearchAction","target":{"@type":"EntryPoint","urlTemplate":"https:\/\/lequotidien.mr\/?s={search_term_string}"},"query-input":{"@type":"PropertyValueSpecification","valueRequired":true,"valueName":"search_term_string"}}],"inLanguage":"ar"},{"@type":"Organization","@id":"https:\/\/lequotidien.mr\/#organization","name":"Le Quotidien de Nouakchott","url":"https:\/\/lequotidien.mr\/","logo":{"@type":"ImageObject","inLanguage":"ar","@id":"https:\/\/lequotidien.mr\/#\/schema\/logo\/image\/","url":"https:\/\/lequotidien.mr\/wp-content\/uploads\/2022\/11\/logolequotidien.jpg","contentUrl":"https:\/\/lequotidien.mr\/wp-content\/uploads\/2022\/11\/logolequotidien.jpg","width":290,"height":65,"caption":"Le Quotidien de Nouakchott"},"image":{"@id":"https:\/\/lequotidien.mr\/#\/schema\/logo\/image\/"},"sameAs":["https:\/\/web.facebook.com\/lequotidienmr","https:\/\/x.com\/lequotidienmr"]},{"@type":"Person","@id":"https:\/\/lequotidien.mr\/#\/schema\/person\/d2d350202a4d599685ed8abc25f97596","name":"Med Ahmed","image":{"@type":"ImageObject","inLanguage":"ar","@id":"https:\/\/secure.gravatar.com\/avatar\/fd2acc62ed50732923d1d39c17172c9b04149f142be92310ecc69e1358f94b52?s=96&d=mm&r=g","url":"https:\/\/secure.gravatar.com\/avatar\/fd2acc62ed50732923d1d39c17172c9b04149f142be92310ecc69e1358f94b52?s=96&d=mm&r=g","contentUrl":"https:\/\/secure.gravatar.com\/avatar\/fd2acc62ed50732923d1d39c17172c9b04149f142be92310ecc69e1358f94b52?s=96&d=mm&r=g","caption":"Med Ahmed"},"url":"https:\/\/lequotidien.mr\/?author=12"}]}},"_links":{"self":[{"href":"https:\/\/lequotidien.mr\/index.php?rest_route=\/wp\/v2\/posts\/33655","targetHints":{"allow":["GET"]}}],"collection":[{"href":"https:\/\/lequotidien.mr\/index.php?rest_route=\/wp\/v2\/posts"}],"about":[{"href":"https:\/\/lequotidien.mr\/index.php?rest_route=\/wp\/v2\/types\/post"}],"author":[{"embeddable":true,"href":"https:\/\/lequotidien.mr\/index.php?rest_route=\/wp\/v2\/users\/12"}],"replies":[{"embeddable":true,"href":"https:\/\/lequotidien.mr\/index.php?rest_route=%2Fwp%2Fv2%2Fcomments&post=33655"}],"version-history":[{"count":1,"href":"https:\/\/lequotidien.mr\/index.php?rest_route=\/wp\/v2\/posts\/33655\/revisions"}],"predecessor-version":[{"id":33657,"href":"https:\/\/lequotidien.mr\/index.php?rest_route=\/wp\/v2\/posts\/33655\/revisions\/33657"}],"wp:featuredmedia":[{"embeddable":true,"href":"https:\/\/lequotidien.mr\/index.php?rest_route=\/wp\/v2\/media\/33656"}],"wp:attachment":[{"href":"https:\/\/lequotidien.mr\/index.php?rest_route=%2Fwp%2Fv2%2Fmedia&parent=33655"}],"wp:term":[{"taxonomy":"category","embeddable":true,"href":"https:\/\/lequotidien.mr\/index.php?rest_route=%2Fwp%2Fv2%2Fcategories&post=33655"},{"taxonomy":"post_tag","embeddable":true,"href":"https:\/\/lequotidien.mr\/index.php?rest_route=%2Fwp%2Fv2%2Ftags&post=33655"}],"curies":[{"name":"wp","href":"https:\/\/api.w.org\/{rel}","templated":true}]}}