{"id":33592,"date":"2026-01-08T22:16:44","date_gmt":"2026-01-08T22:16:44","guid":{"rendered":"https:\/\/lequotidien.mr\/?p=33592"},"modified":"2026-01-08T22:16:44","modified_gmt":"2026-01-08T22:16:44","slug":"mauritanie-senegal-les-premiers-ministres-moctar-djay-et-ousmane-sonko-donnent-une-nouvelle-impulsion-a-un-partenariat-strategique","status":"publish","type":"post","link":"https:\/\/lequotidien.mr\/?p=33592&lang=fr","title":{"rendered":"Mauritanie-S\u00e9n\u00e9gal : Les Premiers ministres Moctar Djay et Ousmane Sonko donnent une nouvelle impulsion \u00e0 un partenariat strat\u00e9gique"},"content":{"rendered":"<p>Les Premiers ministres mauritanien et s\u00e9n\u00e9galais, <strong>M. Moctar Djay <\/strong>et<strong> M. Ousmane Sonko<\/strong>, ont pr\u00e9sid\u00e9, jeudi, au si\u00e8ge de la Primature \u00e0 Dakar, l\u2019ouverture d\u2019une s\u00e9ance de travail \u00e9largie aux d\u00e9l\u00e9gations des deux pays. Cette rencontre de haut niveau \u00e9tait consacr\u00e9e \u00e0 l\u2019examen des moyens de renforcer et de diversifier les relations de coop\u00e9ration bilat\u00e9rale, affichant une volont\u00e9 commune de transformer des liens historiques profonds en un partenariat strat\u00e9gique tourn\u00e9 vers l\u2019avenir.<\/p>\n<p>Pronon\u00e7ant le discours d\u2019ouverture, le Premier ministre mauritanien, M. Moctar Djay, a d\u2019abord exprim\u00e9 sa gratitude pour l\u2019accueil chaleureux r\u00e9serv\u00e9 \u00e0 la d\u00e9l\u00e9gation mauritanienne, soulignant le <strong><em>\u00ab caract\u00e8re fraternel et sinc\u00e8re \u00bb<\/em><\/strong> de l\u2019hospitalit\u00e9 s\u00e9n\u00e9galaise. Il a rappel\u00e9 les liens humains <strong><em>\u00ab ant\u00e9rieurs \u00e0 la naissance des \u00c9tats modernes \u00bb<\/em><\/strong>, illustr\u00e9s par le sentiment d\u2019\u00eatre <strong><em>\u00ab en terre s\u0153ur \u00bb<\/em><\/strong> de la communaut\u00e9 mauritanienne au S\u00e9n\u00e9gal.<\/p>\n<p>M. Djay a mis en exergue la solidit\u00e9 des relations actuelles, nourries par des \u00e9changes constants et <strong><em>\u00ab renforc\u00e9es par la volont\u00e9 commune \u00bb<\/em><\/strong> des Pr\u00e9sidents Mohamed Cheikh El Ghazouani et Bassirou Diomaye Diakhar Faye. <strong><em>\u00ab Ces relations constituent un h\u00e9ritage pr\u00e9cieux l\u00e9gu\u00e9 par les anc\u00eatres, que les g\u00e9n\u00e9rations actuelles ont le devoir de pr\u00e9server, de consolider et de faire prosp\u00e9rer \u00bb<\/em><\/strong>, a-t-il affirm\u00e9.<\/p>\n<p><strong>Des cadres institutionnels et des projets structurants au service de l\u2019Int\u00e9gration<\/strong><\/p>\n<p>Le chef du gouvernement mauritanien s\u2019est attard\u00e9 sur les r\u00e9formes institutionnelles, saluant le transfert de la pr\u00e9sidence de la Grande Commission Mixte de Coop\u00e9ration aux Premiers ministres et l\u2019annualisation de ses travaux. Ces mesures visent \u00e0 renforcer la coordination et \u00e0 diversifier les champs de la coop\u00e9ration.<\/p>\n<p>Parmi les r\u00e9alisations phares, le projet gazier\u00a0<strong>Grand Tortue Ahmeyim (GTA)<\/strong>\u00a0a \u00e9t\u00e9 cit\u00e9 comme un <strong><em>\u00ab mod\u00e8le exemplaire \u00bb<\/em><\/strong> de gestion concert\u00e9e des ressources. M. Djay a rappel\u00e9 la visite historique conjointe des deux pr\u00e9sidents sur la plateforme en mai dernier, qualifiant ce projet de <strong><em>\u00ab cons\u00e9cration d\u2019un mod\u00e8le de coop\u00e9ration fond\u00e9 sur la stabilit\u00e9, la confiance et l\u2019int\u00e9gration \u00e9conomique \u00bb.<\/em><\/strong><\/p>\n<p>Les infrastructures au service de la connectivit\u00e9 ont \u00e9galement \u00e9t\u00e9 au c\u0153ur des discussions. L\u2019entr\u00e9e en vigueur de l\u2019accord sur le transport routier et l\u2019ach\u00e8vement imminent du\u00a0<strong>pont de Rosso<\/strong>\u00a0sont per\u00e7us comme des catalyseurs essentiels pour les \u00e9changes commerciaux, la libre circulation et l\u2019int\u00e9gration des march\u00e9s ouest-africains.<\/p>\n<p><strong>S\u00e9curit\u00e9, mobilit\u00e9 et dynamique \u00e9conomique priv\u00e9e : Une approche globale<\/strong><\/p>\n<p>Face aux d\u00e9fis s\u00e9curitaires r\u00e9gionaux, M. Djay a soulign\u00e9 la <strong><em>\u00ab convergence de vues \u00bb<\/em><\/strong> entre Nouakchott et Dakar. Il a pr\u00e9sent\u00e9 l\u2019accord sur la libre circulation des personnes et des biens comme un outil visant \u00e0 <strong><em>\u00ab s\u00e9curiser et organiser les flux traditionnels \u00bb<\/em><\/strong> sans remettre en cause les traditions d\u2019hospitalit\u00e9, afin de mieux <strong><em>\u00ab pr\u00e9server la dignit\u00e9, les droits et les libert\u00e9s \u00bb<\/em><\/strong> des citoyens.<\/p>\n<p>Un autre accord, relatif \u00e0 la s\u00e9curit\u00e9 transfrontali\u00e8re et \u00e0 la lutte contre la migration irr\u00e9guli\u00e8re, poursuit l\u2019objectif commun de promouvoir <strong><em>\u00ab une migration s\u00fbre, r\u00e9guli\u00e8re et ordonn\u00e9e \u00bb<\/em><\/strong> et de combattre les r\u00e9seaux criminels.<\/p>\n<p>Sur le plan \u00e9conomique, le Premier ministre a salu\u00e9 la dynamique entre les secteurs priv\u00e9s, \u00e9voquant la tenue prochaine \u00e0 Nouakchott de la deuxi\u00e8me \u00e9dition du\u00a0<strong>Forum \u00e9conomique mauritano-s\u00e9n\u00e9galais<\/strong>\u00a0et la cr\u00e9ation imminente d\u2019un\u00a0<strong>Conseil d\u2019Affaires bilat\u00e9ral<\/strong>, destin\u00e9s \u00e0 attirer les investissements et encourager les partenariats innovants.<\/p>\n<p><strong>Une vision s\u00e9n\u00e9galaise convergente pour des r\u00e9sultats concrets<\/strong><\/p>\n<p>Dans son intervention, le Premier ministre s\u00e9n\u00e9galais, M. Ousmane Sonko, a abond\u00e9 dans le m\u00eame sens, qualifiant le partenariat de <strong><em>\u00ab levier strat\u00e9gique au service des int\u00e9r\u00eats communs \u00bb<\/em><\/strong>. Il a insist\u00e9 sur la n\u00e9cessit\u00e9 d\u2019une coop\u00e9ration couvrant des domaines cl\u00e9s (\u00e9conomie, commerce, s\u00e9curit\u00e9, mobilit\u00e9) pour <strong><em>\u00ab produire des r\u00e9sultats concrets, significatifs et mutuellement avantageux \u00bb.<\/em><\/strong><\/p>\n<p>Se f\u00e9licitant des progr\u00e8s sur les chantiers \u00e9nerg\u00e9tiques et infrastructures comme le pont de Rosso, M. Sonko a appel\u00e9 \u00e0 une\u00a0<strong>coordination continue<\/strong>\u00a0et un\u00a0<strong>suivi rigoureux<\/strong>\u00a0des programmes conjoints. Il a \u00e9galement soulign\u00e9 l\u2019importance d\u2019une pr\u00e9paration minutieuse de la prochaine session de la Haute Commission mixte, pr\u00e9vue \u00e0 Dakar cette ann\u00e9e sous leur pr\u00e9sidence conjointe, pour <strong><em>\u00ab renforcer la stabilit\u00e9 r\u00e9gionale \u00bb.<\/em><\/strong><\/p>\n<p><strong>Signature d\u2019accords et feuille de route pour l\u2019avenir<\/strong><\/p>\n<p>La r\u00e9union s\u2019est conclue par la signature de plusieurs documents, dont des\u00a0<strong>m\u00e9morandums d\u2019entente dans les domaines de l\u2019\u00e9nergie et des mines<\/strong>, et un accord entre les directions des archives des deux pays. Un communiqu\u00e9 final a ent\u00e9rin\u00e9 l\u2019engagement des deux parties \u00e0 poursuivre la concertation \u00e0 tous les niveaux.<\/p>\n<p>Cette visite de travail a ainsi jet\u00e9 les bases pratiques pour consolider les acquis, lancer de nouvelles initiatives et promouvoir des projets structurants. Elle d\u00e9montre la volont\u00e9 des deux nations fr\u00e8res de b\u00e2tir, comme l\u2019a r\u00e9sum\u00e9 M. Djay, un <strong><em>\u00ab partenariat toujours plus solide, int\u00e9gr\u00e9 et innovant, r\u00e9solument tourn\u00e9 vers l\u2019avenir \u00bb<\/em><\/strong>, contribuant \u00e0 la fois \u00e0 leur prosp\u00e9rit\u00e9 bilat\u00e9rale et aux objectifs d\u2019int\u00e9gration de l\u2019Agenda africain 2063.<\/p>\n","protected":false},"excerpt":{"rendered":"<p>Les Premiers ministres mauritanien et s\u00e9n\u00e9galais, M. Moctar Djay et M. Ousmane Sonko, ont pr\u00e9sid\u00e9, jeudi, au si\u00e8ge de la Primature \u00e0 Dakar, l\u2019ouverture d\u2019une s\u00e9ance de travail \u00e9largie aux d\u00e9l\u00e9gations des deux pays. Cette rencontre de haut niveau \u00e9tait consacr\u00e9e \u00e0 l\u2019examen des moyens de renforcer et de diversifier les relations de coop\u00e9ration bilat\u00e9rale,&#8230;..<\/p>\n","protected":false},"author":12,"featured_media":33594,"comment_status":"open","ping_status":"open","sticky":false,"template":"","format":"standard","meta":{"footnotes":""},"categories":[23,49],"tags":[],"class_list":["post-33592","post","type-post","status-publish","format-standard","has-post-thumbnail","hentry","category-actualite","category-economie"],"yoast_head":"<!-- This site is optimized with the Yoast SEO plugin v27.5 - https:\/\/yoast.com\/product\/yoast-seo-wordpress\/ -->\n<title>Mauritanie-S\u00e9n\u00e9gal : Les Premiers ministres Moctar Djay et Ousmane Sonko donnent une nouvelle impulsion \u00e0 un partenariat strat\u00e9gique - Le Quotidien de Nouakchott<\/title>\n<meta name=\"robots\" content=\"index, follow, max-snippet:-1, max-image-preview:large, max-video-preview:-1\" \/>\n<link rel=\"canonical\" href=\"https:\/\/lequotidien.mr\/?p=33592&lang=fr\" \/>\n<meta property=\"og:locale\" content=\"ar_AR\" \/>\n<meta property=\"og:type\" content=\"article\" \/>\n<meta property=\"og:title\" content=\"Mauritanie-S\u00e9n\u00e9gal : Les Premiers ministres Moctar Djay et Ousmane Sonko donnent une nouvelle impulsion \u00e0 un partenariat strat\u00e9gique - Le Quotidien de Nouakchott\" \/>\n<meta property=\"og:description\" content=\"Les Premiers ministres mauritanien et s\u00e9n\u00e9galais, M. Moctar Djay et M. Ousmane Sonko, ont pr\u00e9sid\u00e9, jeudi, au si\u00e8ge de la Primature \u00e0 Dakar, l\u2019ouverture d\u2019une s\u00e9ance de travail \u00e9largie aux d\u00e9l\u00e9gations des deux pays. Cette rencontre de haut niveau \u00e9tait consacr\u00e9e \u00e0 l\u2019examen des moyens de renforcer et de diversifier les relations de coop\u00e9ration bilat\u00e9rale,.....\" \/>\n<meta property=\"og:url\" content=\"https:\/\/lequotidien.mr\/?p=33592&amp;lang=fr\" \/>\n<meta property=\"og:site_name\" content=\"Le Quotidien de Nouakchott\" \/>\n<meta property=\"article:publisher\" content=\"https:\/\/web.facebook.com\/lequotidienmr\" \/>\n<meta property=\"article:published_time\" content=\"2026-01-08T22:16:44+00:00\" \/>\n<meta property=\"og:image\" content=\"https:\/\/lequotidien.mr\/wp-content\/uploads\/2026\/01\/photo-commision-RIM-Sgl-1.jpg\" \/>\n\t<meta property=\"og:image:width\" content=\"750\" \/>\n\t<meta property=\"og:image:height\" content=\"430\" \/>\n\t<meta property=\"og:image:type\" content=\"image\/jpeg\" \/>\n<meta name=\"author\" content=\"Med Ahmed\" \/>\n<meta name=\"twitter:card\" content=\"summary_large_image\" \/>\n<meta name=\"twitter:creator\" content=\"@lequotidienmr\" \/>\n<meta name=\"twitter:site\" content=\"@lequotidienmr\" \/>\n<meta name=\"twitter:label1\" content=\"\u0643\u064f\u062a\u0628 \u0628\u0648\u0627\u0633\u0637\u0629\" \/>\n\t<meta name=\"twitter:data1\" content=\"Med Ahmed\" \/>\n\t<meta name=\"twitter:label2\" content=\"\u0648\u0642\u062a \u0627\u0644\u0642\u0631\u0627\u0621\u0629 \u0627\u0644\u0645\u064f\u0642\u062f\u0651\u0631\" \/>\n\t<meta name=\"twitter:data2\" content=\"6 \u062f\u0642\u0627\u0626\u0642\" \/>\n<script type=\"application\/ld+json\" class=\"yoast-schema-graph\">{\"@context\":\"https:\\\/\\\/schema.org\",\"@graph\":[{\"@type\":\"Article\",\"@id\":\"https:\\\/\\\/lequotidien.mr\\\/?p=33592&lang=fr#article\",\"isPartOf\":{\"@id\":\"https:\\\/\\\/lequotidien.mr\\\/?p=33592&lang=fr\"},\"author\":{\"name\":\"Med Ahmed\",\"@id\":\"https:\\\/\\\/lequotidien.mr\\\/#\\\/schema\\\/person\\\/d2d350202a4d599685ed8abc25f97596\"},\"headline\":\"Mauritanie-S\u00e9n\u00e9gal : Les Premiers ministres Moctar Djay et Ousmane Sonko donnent une nouvelle impulsion \u00e0 un partenariat strat\u00e9gique\",\"datePublished\":\"2026-01-08T22:16:44+00:00\",\"mainEntityOfPage\":{\"@id\":\"https:\\\/\\\/lequotidien.mr\\\/?p=33592&lang=fr\"},\"wordCount\":900,\"commentCount\":0,\"publisher\":{\"@id\":\"https:\\\/\\\/lequotidien.mr\\\/#organization\"},\"image\":{\"@id\":\"https:\\\/\\\/lequotidien.mr\\\/?p=33592&lang=fr#primaryimage\"},\"thumbnailUrl\":\"https:\\\/\\\/lequotidien.mr\\\/wp-content\\\/uploads\\\/2026\\\/01\\\/photo-commision-RIM-Sgl-1.jpg\",\"articleSection\":[\"ACTUALIT\u00c9\",\"Economie\"],\"inLanguage\":\"ar\",\"potentialAction\":[{\"@type\":\"CommentAction\",\"name\":\"Comment\",\"target\":[\"https:\\\/\\\/lequotidien.mr\\\/?p=33592&lang=fr#respond\"]}]},{\"@type\":\"WebPage\",\"@id\":\"https:\\\/\\\/lequotidien.mr\\\/?p=33592&lang=fr\",\"url\":\"https:\\\/\\\/lequotidien.mr\\\/?p=33592&lang=fr\",\"name\":\"Mauritanie-S\u00e9n\u00e9gal : Les Premiers ministres Moctar Djay et Ousmane Sonko donnent une nouvelle impulsion \u00e0 un partenariat strat\u00e9gique - Le Quotidien de Nouakchott\",\"isPartOf\":{\"@id\":\"https:\\\/\\\/lequotidien.mr\\\/#website\"},\"primaryImageOfPage\":{\"@id\":\"https:\\\/\\\/lequotidien.mr\\\/?p=33592&lang=fr#primaryimage\"},\"image\":{\"@id\":\"https:\\\/\\\/lequotidien.mr\\\/?p=33592&lang=fr#primaryimage\"},\"thumbnailUrl\":\"https:\\\/\\\/lequotidien.mr\\\/wp-content\\\/uploads\\\/2026\\\/01\\\/photo-commision-RIM-Sgl-1.jpg\",\"datePublished\":\"2026-01-08T22:16:44+00:00\",\"breadcrumb\":{\"@id\":\"https:\\\/\\\/lequotidien.mr\\\/?p=33592&lang=fr#breadcrumb\"},\"inLanguage\":\"ar\",\"potentialAction\":[{\"@type\":\"ReadAction\",\"target\":[\"https:\\\/\\\/lequotidien.mr\\\/?p=33592&lang=fr\"]}]},{\"@type\":\"ImageObject\",\"inLanguage\":\"ar\",\"@id\":\"https:\\\/\\\/lequotidien.mr\\\/?p=33592&lang=fr#primaryimage\",\"url\":\"https:\\\/\\\/lequotidien.mr\\\/wp-content\\\/uploads\\\/2026\\\/01\\\/photo-commision-RIM-Sgl-1.jpg\",\"contentUrl\":\"https:\\\/\\\/lequotidien.mr\\\/wp-content\\\/uploads\\\/2026\\\/01\\\/photo-commision-RIM-Sgl-1.jpg\",\"width\":750,\"height\":430},{\"@type\":\"BreadcrumbList\",\"@id\":\"https:\\\/\\\/lequotidien.mr\\\/?p=33592&lang=fr#breadcrumb\",\"itemListElement\":[{\"@type\":\"ListItem\",\"position\":1,\"name\":\"Home\",\"item\":\"https:\\\/\\\/lequotidien.mr\\\/\"},{\"@type\":\"ListItem\",\"position\":2,\"name\":\"Mauritanie-S\u00e9n\u00e9gal : Les Premiers ministres Moctar Djay et Ousmane Sonko donnent une nouvelle impulsion \u00e0 un partenariat strat\u00e9gique\"}]},{\"@type\":\"WebSite\",\"@id\":\"https:\\\/\\\/lequotidien.mr\\\/#website\",\"url\":\"https:\\\/\\\/lequotidien.mr\\\/\",\"name\":\"Le Quotidien de Nouakchott\",\"description\":\"\u0625\u062e\u0628\u0627\u0631\u064a\u0629 \u0645\u0633\u062a\u0642\u0644\u0629 \u0644\u0644\u0623\u0646\u0628\u0627\u0621 \u0627\u0644\u0639\u0627\u0645\u0629\",\"publisher\":{\"@id\":\"https:\\\/\\\/lequotidien.mr\\\/#organization\"},\"potentialAction\":[{\"@type\":\"SearchAction\",\"target\":{\"@type\":\"EntryPoint\",\"urlTemplate\":\"https:\\\/\\\/lequotidien.mr\\\/?s={search_term_string}\"},\"query-input\":{\"@type\":\"PropertyValueSpecification\",\"valueRequired\":true,\"valueName\":\"search_term_string\"}}],\"inLanguage\":\"ar\"},{\"@type\":\"Organization\",\"@id\":\"https:\\\/\\\/lequotidien.mr\\\/#organization\",\"name\":\"Le Quotidien de Nouakchott\",\"url\":\"https:\\\/\\\/lequotidien.mr\\\/\",\"logo\":{\"@type\":\"ImageObject\",\"inLanguage\":\"ar\",\"@id\":\"https:\\\/\\\/lequotidien.mr\\\/#\\\/schema\\\/logo\\\/image\\\/\",\"url\":\"https:\\\/\\\/lequotidien.mr\\\/wp-content\\\/uploads\\\/2022\\\/11\\\/logolequotidien.jpg\",\"contentUrl\":\"https:\\\/\\\/lequotidien.mr\\\/wp-content\\\/uploads\\\/2022\\\/11\\\/logolequotidien.jpg\",\"width\":290,\"height\":65,\"caption\":\"Le Quotidien de Nouakchott\"},\"image\":{\"@id\":\"https:\\\/\\\/lequotidien.mr\\\/#\\\/schema\\\/logo\\\/image\\\/\"},\"sameAs\":[\"https:\\\/\\\/web.facebook.com\\\/lequotidienmr\",\"https:\\\/\\\/x.com\\\/lequotidienmr\"]},{\"@type\":\"Person\",\"@id\":\"https:\\\/\\\/lequotidien.mr\\\/#\\\/schema\\\/person\\\/d2d350202a4d599685ed8abc25f97596\",\"name\":\"Med Ahmed\",\"image\":{\"@type\":\"ImageObject\",\"inLanguage\":\"ar\",\"@id\":\"https:\\\/\\\/secure.gravatar.com\\\/avatar\\\/fd2acc62ed50732923d1d39c17172c9b04149f142be92310ecc69e1358f94b52?s=96&d=mm&r=g\",\"url\":\"https:\\\/\\\/secure.gravatar.com\\\/avatar\\\/fd2acc62ed50732923d1d39c17172c9b04149f142be92310ecc69e1358f94b52?s=96&d=mm&r=g\",\"contentUrl\":\"https:\\\/\\\/secure.gravatar.com\\\/avatar\\\/fd2acc62ed50732923d1d39c17172c9b04149f142be92310ecc69e1358f94b52?s=96&d=mm&r=g\",\"caption\":\"Med Ahmed\"},\"url\":\"https:\\\/\\\/lequotidien.mr\\\/?author=12\"}]}<\/script>\n<!-- \/ Yoast SEO plugin. -->","yoast_head_json":{"title":"Mauritanie-S\u00e9n\u00e9gal : Les Premiers ministres Moctar Djay et Ousmane Sonko donnent une nouvelle impulsion \u00e0 un partenariat strat\u00e9gique - Le Quotidien de Nouakchott","robots":{"index":"index","follow":"follow","max-snippet":"max-snippet:-1","max-image-preview":"max-image-preview:large","max-video-preview":"max-video-preview:-1"},"canonical":"https:\/\/lequotidien.mr\/?p=33592&lang=fr","og_locale":"ar_AR","og_type":"article","og_title":"Mauritanie-S\u00e9n\u00e9gal : Les Premiers ministres Moctar Djay et Ousmane Sonko donnent une nouvelle impulsion \u00e0 un partenariat strat\u00e9gique - Le Quotidien de Nouakchott","og_description":"Les Premiers ministres mauritanien et s\u00e9n\u00e9galais, M. Moctar Djay et M. Ousmane Sonko, ont pr\u00e9sid\u00e9, jeudi, au si\u00e8ge de la Primature \u00e0 Dakar, l\u2019ouverture d\u2019une s\u00e9ance de travail \u00e9largie aux d\u00e9l\u00e9gations des deux pays. Cette rencontre de haut niveau \u00e9tait consacr\u00e9e \u00e0 l\u2019examen des moyens de renforcer et de diversifier les relations de coop\u00e9ration bilat\u00e9rale,.....","og_url":"https:\/\/lequotidien.mr\/?p=33592&lang=fr","og_site_name":"Le Quotidien de Nouakchott","article_publisher":"https:\/\/web.facebook.com\/lequotidienmr","article_published_time":"2026-01-08T22:16:44+00:00","og_image":[{"width":750,"height":430,"url":"https:\/\/lequotidien.mr\/wp-content\/uploads\/2026\/01\/photo-commision-RIM-Sgl-1.jpg","type":"image\/jpeg"}],"author":"Med Ahmed","twitter_card":"summary_large_image","twitter_creator":"@lequotidienmr","twitter_site":"@lequotidienmr","twitter_misc":{"\u0643\u064f\u062a\u0628 \u0628\u0648\u0627\u0633\u0637\u0629":"Med Ahmed","\u0648\u0642\u062a \u0627\u0644\u0642\u0631\u0627\u0621\u0629 \u0627\u0644\u0645\u064f\u0642\u062f\u0651\u0631":"6 \u062f\u0642\u0627\u0626\u0642"},"schema":{"@context":"https:\/\/schema.org","@graph":[{"@type":"Article","@id":"https:\/\/lequotidien.mr\/?p=33592&lang=fr#article","isPartOf":{"@id":"https:\/\/lequotidien.mr\/?p=33592&lang=fr"},"author":{"name":"Med Ahmed","@id":"https:\/\/lequotidien.mr\/#\/schema\/person\/d2d350202a4d599685ed8abc25f97596"},"headline":"Mauritanie-S\u00e9n\u00e9gal : Les Premiers ministres Moctar Djay et Ousmane Sonko donnent une nouvelle impulsion \u00e0 un partenariat strat\u00e9gique","datePublished":"2026-01-08T22:16:44+00:00","mainEntityOfPage":{"@id":"https:\/\/lequotidien.mr\/?p=33592&lang=fr"},"wordCount":900,"commentCount":0,"publisher":{"@id":"https:\/\/lequotidien.mr\/#organization"},"image":{"@id":"https:\/\/lequotidien.mr\/?p=33592&lang=fr#primaryimage"},"thumbnailUrl":"https:\/\/lequotidien.mr\/wp-content\/uploads\/2026\/01\/photo-commision-RIM-Sgl-1.jpg","articleSection":["ACTUALIT\u00c9","Economie"],"inLanguage":"ar","potentialAction":[{"@type":"CommentAction","name":"Comment","target":["https:\/\/lequotidien.mr\/?p=33592&lang=fr#respond"]}]},{"@type":"WebPage","@id":"https:\/\/lequotidien.mr\/?p=33592&lang=fr","url":"https:\/\/lequotidien.mr\/?p=33592&lang=fr","name":"Mauritanie-S\u00e9n\u00e9gal : Les Premiers ministres Moctar Djay et Ousmane Sonko donnent une nouvelle impulsion \u00e0 un partenariat strat\u00e9gique - Le Quotidien de Nouakchott","isPartOf":{"@id":"https:\/\/lequotidien.mr\/#website"},"primaryImageOfPage":{"@id":"https:\/\/lequotidien.mr\/?p=33592&lang=fr#primaryimage"},"image":{"@id":"https:\/\/lequotidien.mr\/?p=33592&lang=fr#primaryimage"},"thumbnailUrl":"https:\/\/lequotidien.mr\/wp-content\/uploads\/2026\/01\/photo-commision-RIM-Sgl-1.jpg","datePublished":"2026-01-08T22:16:44+00:00","breadcrumb":{"@id":"https:\/\/lequotidien.mr\/?p=33592&lang=fr#breadcrumb"},"inLanguage":"ar","potentialAction":[{"@type":"ReadAction","target":["https:\/\/lequotidien.mr\/?p=33592&lang=fr"]}]},{"@type":"ImageObject","inLanguage":"ar","@id":"https:\/\/lequotidien.mr\/?p=33592&lang=fr#primaryimage","url":"https:\/\/lequotidien.mr\/wp-content\/uploads\/2026\/01\/photo-commision-RIM-Sgl-1.jpg","contentUrl":"https:\/\/lequotidien.mr\/wp-content\/uploads\/2026\/01\/photo-commision-RIM-Sgl-1.jpg","width":750,"height":430},{"@type":"BreadcrumbList","@id":"https:\/\/lequotidien.mr\/?p=33592&lang=fr#breadcrumb","itemListElement":[{"@type":"ListItem","position":1,"name":"Home","item":"https:\/\/lequotidien.mr\/"},{"@type":"ListItem","position":2,"name":"Mauritanie-S\u00e9n\u00e9gal : Les Premiers ministres Moctar Djay et Ousmane Sonko donnent une nouvelle impulsion \u00e0 un partenariat strat\u00e9gique"}]},{"@type":"WebSite","@id":"https:\/\/lequotidien.mr\/#website","url":"https:\/\/lequotidien.mr\/","name":"Le Quotidien de Nouakchott","description":"\u0625\u062e\u0628\u0627\u0631\u064a\u0629 \u0645\u0633\u062a\u0642\u0644\u0629 \u0644\u0644\u0623\u0646\u0628\u0627\u0621 \u0627\u0644\u0639\u0627\u0645\u0629","publisher":{"@id":"https:\/\/lequotidien.mr\/#organization"},"potentialAction":[{"@type":"SearchAction","target":{"@type":"EntryPoint","urlTemplate":"https:\/\/lequotidien.mr\/?s={search_term_string}"},"query-input":{"@type":"PropertyValueSpecification","valueRequired":true,"valueName":"search_term_string"}}],"inLanguage":"ar"},{"@type":"Organization","@id":"https:\/\/lequotidien.mr\/#organization","name":"Le Quotidien de Nouakchott","url":"https:\/\/lequotidien.mr\/","logo":{"@type":"ImageObject","inLanguage":"ar","@id":"https:\/\/lequotidien.mr\/#\/schema\/logo\/image\/","url":"https:\/\/lequotidien.mr\/wp-content\/uploads\/2022\/11\/logolequotidien.jpg","contentUrl":"https:\/\/lequotidien.mr\/wp-content\/uploads\/2022\/11\/logolequotidien.jpg","width":290,"height":65,"caption":"Le Quotidien de Nouakchott"},"image":{"@id":"https:\/\/lequotidien.mr\/#\/schema\/logo\/image\/"},"sameAs":["https:\/\/web.facebook.com\/lequotidienmr","https:\/\/x.com\/lequotidienmr"]},{"@type":"Person","@id":"https:\/\/lequotidien.mr\/#\/schema\/person\/d2d350202a4d599685ed8abc25f97596","name":"Med Ahmed","image":{"@type":"ImageObject","inLanguage":"ar","@id":"https:\/\/secure.gravatar.com\/avatar\/fd2acc62ed50732923d1d39c17172c9b04149f142be92310ecc69e1358f94b52?s=96&d=mm&r=g","url":"https:\/\/secure.gravatar.com\/avatar\/fd2acc62ed50732923d1d39c17172c9b04149f142be92310ecc69e1358f94b52?s=96&d=mm&r=g","contentUrl":"https:\/\/secure.gravatar.com\/avatar\/fd2acc62ed50732923d1d39c17172c9b04149f142be92310ecc69e1358f94b52?s=96&d=mm&r=g","caption":"Med Ahmed"},"url":"https:\/\/lequotidien.mr\/?author=12"}]}},"_links":{"self":[{"href":"https:\/\/lequotidien.mr\/index.php?rest_route=\/wp\/v2\/posts\/33592","targetHints":{"allow":["GET"]}}],"collection":[{"href":"https:\/\/lequotidien.mr\/index.php?rest_route=\/wp\/v2\/posts"}],"about":[{"href":"https:\/\/lequotidien.mr\/index.php?rest_route=\/wp\/v2\/types\/post"}],"author":[{"embeddable":true,"href":"https:\/\/lequotidien.mr\/index.php?rest_route=\/wp\/v2\/users\/12"}],"replies":[{"embeddable":true,"href":"https:\/\/lequotidien.mr\/index.php?rest_route=%2Fwp%2Fv2%2Fcomments&post=33592"}],"version-history":[{"count":1,"href":"https:\/\/lequotidien.mr\/index.php?rest_route=\/wp\/v2\/posts\/33592\/revisions"}],"predecessor-version":[{"id":33595,"href":"https:\/\/lequotidien.mr\/index.php?rest_route=\/wp\/v2\/posts\/33592\/revisions\/33595"}],"wp:featuredmedia":[{"embeddable":true,"href":"https:\/\/lequotidien.mr\/index.php?rest_route=\/wp\/v2\/media\/33594"}],"wp:attachment":[{"href":"https:\/\/lequotidien.mr\/index.php?rest_route=%2Fwp%2Fv2%2Fmedia&parent=33592"}],"wp:term":[{"taxonomy":"category","embeddable":true,"href":"https:\/\/lequotidien.mr\/index.php?rest_route=%2Fwp%2Fv2%2Fcategories&post=33592"},{"taxonomy":"post_tag","embeddable":true,"href":"https:\/\/lequotidien.mr\/index.php?rest_route=%2Fwp%2Fv2%2Ftags&post=33592"}],"curies":[{"name":"wp","href":"https:\/\/api.w.org\/{rel}","templated":true}]}}