{"id":33547,"date":"2026-01-07T12:24:47","date_gmt":"2026-01-07T12:24:47","guid":{"rendered":"https:\/\/lequotidien.mr\/?p=33547"},"modified":"2026-01-07T12:24:47","modified_gmt":"2026-01-07T12:24:47","slug":"le-premier-ministre-preside-une-reunion-strategique-pour-reformer-le-systeme-des-marches-publics","status":"publish","type":"post","link":"https:\/\/lequotidien.mr\/?p=33547&lang=fr","title":{"rendered":"Le Premier Ministre pr\u00e9side une r\u00e9union strat\u00e9gique pour r\u00e9former le syst\u00e8me des march\u00e9s publics"},"content":{"rendered":"<p>Le b\u00e2timent du Premier Minist\u00e8re a \u00e9t\u00e9, dans la soir\u00e9e du mardi 6 janvier 2026, le th\u00e9\u00e2tre d\u2019une r\u00e9union cruciale d\u00e9di\u00e9e \u00e0 l\u2019examen de la r\u00e9forme du syst\u00e8me des march\u00e9s publics. Pr\u00e9sid\u00e9e par le <strong>Premier Ministre, Monsieur\u00a0Moctar Djay<\/strong>, cette session de travail s\u2019inscrit dans le cadre du suivi rigoureux de la mise en \u0153uvre des\u00a0<strong>hautes directives du Pr\u00e9sident de la R\u00e9publique<\/strong>, Monsieur\u00a0<strong>Mohamed Cheikh El Ghazouani<\/strong>. L\u2019objectif affirm\u00e9 est de consolider les principes de bonne gouvernance et de promouvoir davantage de transparence et d\u2019efficacit\u00e9 dans la gestion des deniers publics.<\/p>\n<p><strong>Un diagnostic approfondi comme point de d\u00e9part<\/strong><\/p>\n<p>Au c\u0153ur des discussions, le comit\u00e9 a pass\u00e9 en revue les\u00a0<strong>r\u00e9sultats d\u2019un diagnostic complet<\/strong>\u00a0r\u00e9alis\u00e9 sur le syst\u00e8me actuel des march\u00e9s publics. L\u2019examen a port\u00e9 sur les conclusions et les recommandations d\u00e9coulant de cette analyse, qui visent \u00e0 identifier les forces, les faiblesses et les axes d\u2019am\u00e9lioration n\u00e9cessaires. Cette phase pr\u00e9alable est essentielle pour fonder la r\u00e9forme sur une compr\u00e9hension pr\u00e9cise des r\u00e9alit\u00e9s du terrain et des \u00e9ventuels dysfonctionnements.<\/p>\n<p><strong>Vers des m\u00e9canismes renforc\u00e9s de transparence et de performance<\/strong><\/p>\n<p>La r\u00e9union s\u2019est ensuite concentr\u00e9e sur l\u2019\u00e9tude des\u00a0<strong>m\u00e9canismes propos\u00e9s<\/strong>\u00a0pour am\u00e9liorer les proc\u00e9dures et en optimiser la mise en \u0153uvre. L\u2019ambition est claire : garantir par des mesures concr\u00e8tes le\u00a0<strong>renforcement de la transparence<\/strong>, l\u2019\u00e9tablissement d\u2019une\u00a0<strong>concurrence loyale<\/strong>\u00a0entre les soumissionnaires, et l\u2019<strong>am\u00e9lioration significative de la qualit\u00e9 des projets publics<\/strong>\u00a0ex\u00e9cut\u00e9s. Il s\u2019agit de transformer le processus des march\u00e9s publics en un levier de performance et de confiance.<\/p>\n<p><strong>Un imp\u00e9ratif d\u2019acc\u00e9l\u00e9ration et d\u2019alignement sur les priorit\u00e9s nationales<\/strong><\/p>\n<p>Intervenant lors des travaux, le Premier Ministre, Monsieur Moctar Djay, a soulign\u00e9 la\u00a0<strong>n\u00e9cessit\u00e9 d\u2019acc\u00e9l\u00e9rer l\u2019ach\u00e8vement du processus de r\u00e9vision et de r\u00e9forme<\/strong>. Il a insist\u00e9 sur l\u2019importance strat\u00e9gique de cette r\u00e9forme pour\u00a0<strong>une bonne orientation des ressources publiques<\/strong>. Cet ajustement doit se faire en parfait accord avec les priorit\u00e9s de l\u2019action gouvernementale et pour r\u00e9pondre aux\u00a0<strong>attentes l\u00e9gitimes des citoyens<\/strong>\u00a0en mati\u00e8re de services publics \u00e0 la fois efficaces et int\u00e8gres.<\/p>\n<p><strong>Consolider la pr\u00e9vention et le contr\u00f4le pour une r\u00e9forme p\u00e9renne<\/strong><\/p>\n<p>Enfin, la r\u00e9union a insist\u00e9 sur l\u2019importance cruciale de\u00a0<strong>tirer le meilleur parti du diagnostic et des recommandations<\/strong>\u00a0formul\u00e9es. Les participants ont convenu de la n\u00e9cessit\u00e9 d\u2019<strong>adopter des m\u00e9canismes de contr\u00f4le efficaces<\/strong>\u00a0et robustes. Ces m\u00e9canismes devront contribuer \u00e0 pr\u00e9venir les dysfonctionnements, \u00e0 corriger les d\u00e9rives potentielles et \u00e0\u00a0<strong>am\u00e9liorer la performance globale du syst\u00e8me<\/strong>\u00a0sur le long terme.<\/p>\n<p>Cette r\u00e9union pr\u00e9sid\u00e9e par le Premier Ministre marque une \u00e9tape d\u00e9cisive dans la mat\u00e9rialisation des engagements de l\u2019Ex\u00e9cutif en faveur d\u2019une\u00a0<strong>gestion publique moderne, vertueuse et ax\u00e9e sur les r\u00e9sultats<\/strong>. La r\u00e9forme des march\u00e9s publics, pilot\u00e9e au plus haut niveau de l\u2019\u00c9tat, se profile ainsi comme un chantier structurant. Son succ\u00e8s est per\u00e7u comme une condition sine qua non pour optimiser l\u2019investissement public, restaurer la confiance des acteurs \u00e9conomiques et, in fine, offrir aux citoyens des infrastructures et des services de meilleure qualit\u00e9, conform\u00e9ment \u00e0 la vision du Pr\u00e9sident de la R\u00e9publique.<\/p>\n<p>&nbsp;<\/p>\n","protected":false},"excerpt":{"rendered":"<p>Le b\u00e2timent du Premier Minist\u00e8re a \u00e9t\u00e9, dans la soir\u00e9e du mardi 6 janvier 2026, le th\u00e9\u00e2tre d\u2019une r\u00e9union cruciale d\u00e9di\u00e9e \u00e0 l\u2019examen de la r\u00e9forme du syst\u00e8me des march\u00e9s publics. Pr\u00e9sid\u00e9e par le Premier Ministre, Monsieur\u00a0Moctar Djay, cette session de travail s\u2019inscrit dans le cadre du suivi rigoureux de la mise en \u0153uvre des\u00a0hautes&#8230;..<\/p>\n","protected":false},"author":12,"featured_media":33548,"comment_status":"open","ping_status":"open","sticky":false,"template":"","format":"standard","meta":{"footnotes":""},"categories":[23,49],"tags":[],"class_list":["post-33547","post","type-post","status-publish","format-standard","has-post-thumbnail","hentry","category-actualite","category-economie"],"yoast_head":"<!-- This site is optimized with the Yoast SEO plugin v27.5 - https:\/\/yoast.com\/product\/yoast-seo-wordpress\/ -->\n<title>Le Premier Ministre pr\u00e9side une r\u00e9union strat\u00e9gique pour r\u00e9former le syst\u00e8me des march\u00e9s publics - Le Quotidien de Nouakchott<\/title>\n<meta name=\"robots\" content=\"index, follow, max-snippet:-1, max-image-preview:large, max-video-preview:-1\" \/>\n<link rel=\"canonical\" href=\"https:\/\/lequotidien.mr\/?p=33547&lang=fr\" \/>\n<meta property=\"og:locale\" content=\"ar_AR\" \/>\n<meta property=\"og:type\" content=\"article\" \/>\n<meta property=\"og:title\" content=\"Le Premier Ministre pr\u00e9side une r\u00e9union strat\u00e9gique pour r\u00e9former le syst\u00e8me des march\u00e9s publics - Le Quotidien de Nouakchott\" \/>\n<meta property=\"og:description\" content=\"Le b\u00e2timent du Premier Minist\u00e8re a \u00e9t\u00e9, dans la soir\u00e9e du mardi 6 janvier 2026, le th\u00e9\u00e2tre d\u2019une r\u00e9union cruciale d\u00e9di\u00e9e \u00e0 l\u2019examen de la r\u00e9forme du syst\u00e8me des march\u00e9s publics. Pr\u00e9sid\u00e9e par le Premier Ministre, Monsieur\u00a0Moctar Djay, cette session de travail s\u2019inscrit dans le cadre du suivi rigoureux de la mise en \u0153uvre des\u00a0hautes.....\" \/>\n<meta property=\"og:url\" content=\"https:\/\/lequotidien.mr\/?p=33547&amp;lang=fr\" \/>\n<meta property=\"og:site_name\" content=\"Le Quotidien de Nouakchott\" \/>\n<meta property=\"article:publisher\" content=\"https:\/\/web.facebook.com\/lequotidienmr\" \/>\n<meta property=\"article:published_time\" content=\"2026-01-07T12:24:47+00:00\" \/>\n<meta property=\"og:image\" content=\"https:\/\/lequotidien.mr\/wp-content\/uploads\/2026\/01\/photo-mches-pblcs.jpg\" \/>\n\t<meta property=\"og:image:width\" content=\"750\" \/>\n\t<meta property=\"og:image:height\" content=\"430\" \/>\n\t<meta property=\"og:image:type\" content=\"image\/jpeg\" \/>\n<meta name=\"author\" content=\"Med Ahmed\" \/>\n<meta name=\"twitter:card\" content=\"summary_large_image\" \/>\n<meta name=\"twitter:creator\" content=\"@lequotidienmr\" \/>\n<meta name=\"twitter:site\" content=\"@lequotidienmr\" \/>\n<meta name=\"twitter:label1\" content=\"\u0643\u064f\u062a\u0628 \u0628\u0648\u0627\u0633\u0637\u0629\" \/>\n\t<meta name=\"twitter:data1\" content=\"Med Ahmed\" \/>\n\t<meta name=\"twitter:label2\" content=\"\u0648\u0642\u062a \u0627\u0644\u0642\u0631\u0627\u0621\u0629 \u0627\u0644\u0645\u064f\u0642\u062f\u0651\u0631\" \/>\n\t<meta name=\"twitter:data2\" content=\"4 \u062f\u0642\u0627\u0626\u0642\" \/>\n<script type=\"application\/ld+json\" class=\"yoast-schema-graph\">{\"@context\":\"https:\\\/\\\/schema.org\",\"@graph\":[{\"@type\":\"Article\",\"@id\":\"https:\\\/\\\/lequotidien.mr\\\/?p=33547&lang=fr#article\",\"isPartOf\":{\"@id\":\"https:\\\/\\\/lequotidien.mr\\\/?p=33547&lang=fr\"},\"author\":{\"name\":\"Med Ahmed\",\"@id\":\"https:\\\/\\\/lequotidien.mr\\\/#\\\/schema\\\/person\\\/d2d350202a4d599685ed8abc25f97596\"},\"headline\":\"Le Premier Ministre pr\u00e9side une r\u00e9union strat\u00e9gique pour r\u00e9former le syst\u00e8me des march\u00e9s publics\",\"datePublished\":\"2026-01-07T12:24:47+00:00\",\"mainEntityOfPage\":{\"@id\":\"https:\\\/\\\/lequotidien.mr\\\/?p=33547&lang=fr\"},\"wordCount\":616,\"commentCount\":0,\"publisher\":{\"@id\":\"https:\\\/\\\/lequotidien.mr\\\/#organization\"},\"image\":{\"@id\":\"https:\\\/\\\/lequotidien.mr\\\/?p=33547&lang=fr#primaryimage\"},\"thumbnailUrl\":\"https:\\\/\\\/lequotidien.mr\\\/wp-content\\\/uploads\\\/2026\\\/01\\\/photo-mches-pblcs.jpg\",\"articleSection\":[\"ACTUALIT\u00c9\",\"Economie\"],\"inLanguage\":\"ar\",\"potentialAction\":[{\"@type\":\"CommentAction\",\"name\":\"Comment\",\"target\":[\"https:\\\/\\\/lequotidien.mr\\\/?p=33547&lang=fr#respond\"]}]},{\"@type\":\"WebPage\",\"@id\":\"https:\\\/\\\/lequotidien.mr\\\/?p=33547&lang=fr\",\"url\":\"https:\\\/\\\/lequotidien.mr\\\/?p=33547&lang=fr\",\"name\":\"Le Premier Ministre pr\u00e9side une r\u00e9union strat\u00e9gique pour r\u00e9former le syst\u00e8me des march\u00e9s publics - Le Quotidien de Nouakchott\",\"isPartOf\":{\"@id\":\"https:\\\/\\\/lequotidien.mr\\\/#website\"},\"primaryImageOfPage\":{\"@id\":\"https:\\\/\\\/lequotidien.mr\\\/?p=33547&lang=fr#primaryimage\"},\"image\":{\"@id\":\"https:\\\/\\\/lequotidien.mr\\\/?p=33547&lang=fr#primaryimage\"},\"thumbnailUrl\":\"https:\\\/\\\/lequotidien.mr\\\/wp-content\\\/uploads\\\/2026\\\/01\\\/photo-mches-pblcs.jpg\",\"datePublished\":\"2026-01-07T12:24:47+00:00\",\"breadcrumb\":{\"@id\":\"https:\\\/\\\/lequotidien.mr\\\/?p=33547&lang=fr#breadcrumb\"},\"inLanguage\":\"ar\",\"potentialAction\":[{\"@type\":\"ReadAction\",\"target\":[\"https:\\\/\\\/lequotidien.mr\\\/?p=33547&lang=fr\"]}]},{\"@type\":\"ImageObject\",\"inLanguage\":\"ar\",\"@id\":\"https:\\\/\\\/lequotidien.mr\\\/?p=33547&lang=fr#primaryimage\",\"url\":\"https:\\\/\\\/lequotidien.mr\\\/wp-content\\\/uploads\\\/2026\\\/01\\\/photo-mches-pblcs.jpg\",\"contentUrl\":\"https:\\\/\\\/lequotidien.mr\\\/wp-content\\\/uploads\\\/2026\\\/01\\\/photo-mches-pblcs.jpg\",\"width\":750,\"height\":430},{\"@type\":\"BreadcrumbList\",\"@id\":\"https:\\\/\\\/lequotidien.mr\\\/?p=33547&lang=fr#breadcrumb\",\"itemListElement\":[{\"@type\":\"ListItem\",\"position\":1,\"name\":\"Home\",\"item\":\"https:\\\/\\\/lequotidien.mr\\\/\"},{\"@type\":\"ListItem\",\"position\":2,\"name\":\"Le Premier Ministre pr\u00e9side une r\u00e9union strat\u00e9gique pour r\u00e9former le syst\u00e8me des march\u00e9s publics\"}]},{\"@type\":\"WebSite\",\"@id\":\"https:\\\/\\\/lequotidien.mr\\\/#website\",\"url\":\"https:\\\/\\\/lequotidien.mr\\\/\",\"name\":\"Le Quotidien de Nouakchott\",\"description\":\"\u0625\u062e\u0628\u0627\u0631\u064a\u0629 \u0645\u0633\u062a\u0642\u0644\u0629 \u0644\u0644\u0623\u0646\u0628\u0627\u0621 \u0627\u0644\u0639\u0627\u0645\u0629\",\"publisher\":{\"@id\":\"https:\\\/\\\/lequotidien.mr\\\/#organization\"},\"potentialAction\":[{\"@type\":\"SearchAction\",\"target\":{\"@type\":\"EntryPoint\",\"urlTemplate\":\"https:\\\/\\\/lequotidien.mr\\\/?s={search_term_string}\"},\"query-input\":{\"@type\":\"PropertyValueSpecification\",\"valueRequired\":true,\"valueName\":\"search_term_string\"}}],\"inLanguage\":\"ar\"},{\"@type\":\"Organization\",\"@id\":\"https:\\\/\\\/lequotidien.mr\\\/#organization\",\"name\":\"Le Quotidien de Nouakchott\",\"url\":\"https:\\\/\\\/lequotidien.mr\\\/\",\"logo\":{\"@type\":\"ImageObject\",\"inLanguage\":\"ar\",\"@id\":\"https:\\\/\\\/lequotidien.mr\\\/#\\\/schema\\\/logo\\\/image\\\/\",\"url\":\"https:\\\/\\\/lequotidien.mr\\\/wp-content\\\/uploads\\\/2022\\\/11\\\/logolequotidien.jpg\",\"contentUrl\":\"https:\\\/\\\/lequotidien.mr\\\/wp-content\\\/uploads\\\/2022\\\/11\\\/logolequotidien.jpg\",\"width\":290,\"height\":65,\"caption\":\"Le Quotidien de Nouakchott\"},\"image\":{\"@id\":\"https:\\\/\\\/lequotidien.mr\\\/#\\\/schema\\\/logo\\\/image\\\/\"},\"sameAs\":[\"https:\\\/\\\/web.facebook.com\\\/lequotidienmr\",\"https:\\\/\\\/x.com\\\/lequotidienmr\"]},{\"@type\":\"Person\",\"@id\":\"https:\\\/\\\/lequotidien.mr\\\/#\\\/schema\\\/person\\\/d2d350202a4d599685ed8abc25f97596\",\"name\":\"Med Ahmed\",\"image\":{\"@type\":\"ImageObject\",\"inLanguage\":\"ar\",\"@id\":\"https:\\\/\\\/secure.gravatar.com\\\/avatar\\\/fd2acc62ed50732923d1d39c17172c9b04149f142be92310ecc69e1358f94b52?s=96&d=mm&r=g\",\"url\":\"https:\\\/\\\/secure.gravatar.com\\\/avatar\\\/fd2acc62ed50732923d1d39c17172c9b04149f142be92310ecc69e1358f94b52?s=96&d=mm&r=g\",\"contentUrl\":\"https:\\\/\\\/secure.gravatar.com\\\/avatar\\\/fd2acc62ed50732923d1d39c17172c9b04149f142be92310ecc69e1358f94b52?s=96&d=mm&r=g\",\"caption\":\"Med Ahmed\"},\"url\":\"https:\\\/\\\/lequotidien.mr\\\/?author=12\"}]}<\/script>\n<!-- \/ Yoast SEO plugin. -->","yoast_head_json":{"title":"Le Premier Ministre pr\u00e9side une r\u00e9union strat\u00e9gique pour r\u00e9former le syst\u00e8me des march\u00e9s publics - Le Quotidien de Nouakchott","robots":{"index":"index","follow":"follow","max-snippet":"max-snippet:-1","max-image-preview":"max-image-preview:large","max-video-preview":"max-video-preview:-1"},"canonical":"https:\/\/lequotidien.mr\/?p=33547&lang=fr","og_locale":"ar_AR","og_type":"article","og_title":"Le Premier Ministre pr\u00e9side une r\u00e9union strat\u00e9gique pour r\u00e9former le syst\u00e8me des march\u00e9s publics - Le Quotidien de Nouakchott","og_description":"Le b\u00e2timent du Premier Minist\u00e8re a \u00e9t\u00e9, dans la soir\u00e9e du mardi 6 janvier 2026, le th\u00e9\u00e2tre d\u2019une r\u00e9union cruciale d\u00e9di\u00e9e \u00e0 l\u2019examen de la r\u00e9forme du syst\u00e8me des march\u00e9s publics. Pr\u00e9sid\u00e9e par le Premier Ministre, Monsieur\u00a0Moctar Djay, cette session de travail s\u2019inscrit dans le cadre du suivi rigoureux de la mise en \u0153uvre des\u00a0hautes.....","og_url":"https:\/\/lequotidien.mr\/?p=33547&lang=fr","og_site_name":"Le Quotidien de Nouakchott","article_publisher":"https:\/\/web.facebook.com\/lequotidienmr","article_published_time":"2026-01-07T12:24:47+00:00","og_image":[{"width":750,"height":430,"url":"https:\/\/lequotidien.mr\/wp-content\/uploads\/2026\/01\/photo-mches-pblcs.jpg","type":"image\/jpeg"}],"author":"Med Ahmed","twitter_card":"summary_large_image","twitter_creator":"@lequotidienmr","twitter_site":"@lequotidienmr","twitter_misc":{"\u0643\u064f\u062a\u0628 \u0628\u0648\u0627\u0633\u0637\u0629":"Med Ahmed","\u0648\u0642\u062a \u0627\u0644\u0642\u0631\u0627\u0621\u0629 \u0627\u0644\u0645\u064f\u0642\u062f\u0651\u0631":"4 \u062f\u0642\u0627\u0626\u0642"},"schema":{"@context":"https:\/\/schema.org","@graph":[{"@type":"Article","@id":"https:\/\/lequotidien.mr\/?p=33547&lang=fr#article","isPartOf":{"@id":"https:\/\/lequotidien.mr\/?p=33547&lang=fr"},"author":{"name":"Med Ahmed","@id":"https:\/\/lequotidien.mr\/#\/schema\/person\/d2d350202a4d599685ed8abc25f97596"},"headline":"Le Premier Ministre pr\u00e9side une r\u00e9union strat\u00e9gique pour r\u00e9former le syst\u00e8me des march\u00e9s publics","datePublished":"2026-01-07T12:24:47+00:00","mainEntityOfPage":{"@id":"https:\/\/lequotidien.mr\/?p=33547&lang=fr"},"wordCount":616,"commentCount":0,"publisher":{"@id":"https:\/\/lequotidien.mr\/#organization"},"image":{"@id":"https:\/\/lequotidien.mr\/?p=33547&lang=fr#primaryimage"},"thumbnailUrl":"https:\/\/lequotidien.mr\/wp-content\/uploads\/2026\/01\/photo-mches-pblcs.jpg","articleSection":["ACTUALIT\u00c9","Economie"],"inLanguage":"ar","potentialAction":[{"@type":"CommentAction","name":"Comment","target":["https:\/\/lequotidien.mr\/?p=33547&lang=fr#respond"]}]},{"@type":"WebPage","@id":"https:\/\/lequotidien.mr\/?p=33547&lang=fr","url":"https:\/\/lequotidien.mr\/?p=33547&lang=fr","name":"Le Premier Ministre pr\u00e9side une r\u00e9union strat\u00e9gique pour r\u00e9former le syst\u00e8me des march\u00e9s publics - Le Quotidien de Nouakchott","isPartOf":{"@id":"https:\/\/lequotidien.mr\/#website"},"primaryImageOfPage":{"@id":"https:\/\/lequotidien.mr\/?p=33547&lang=fr#primaryimage"},"image":{"@id":"https:\/\/lequotidien.mr\/?p=33547&lang=fr#primaryimage"},"thumbnailUrl":"https:\/\/lequotidien.mr\/wp-content\/uploads\/2026\/01\/photo-mches-pblcs.jpg","datePublished":"2026-01-07T12:24:47+00:00","breadcrumb":{"@id":"https:\/\/lequotidien.mr\/?p=33547&lang=fr#breadcrumb"},"inLanguage":"ar","potentialAction":[{"@type":"ReadAction","target":["https:\/\/lequotidien.mr\/?p=33547&lang=fr"]}]},{"@type":"ImageObject","inLanguage":"ar","@id":"https:\/\/lequotidien.mr\/?p=33547&lang=fr#primaryimage","url":"https:\/\/lequotidien.mr\/wp-content\/uploads\/2026\/01\/photo-mches-pblcs.jpg","contentUrl":"https:\/\/lequotidien.mr\/wp-content\/uploads\/2026\/01\/photo-mches-pblcs.jpg","width":750,"height":430},{"@type":"BreadcrumbList","@id":"https:\/\/lequotidien.mr\/?p=33547&lang=fr#breadcrumb","itemListElement":[{"@type":"ListItem","position":1,"name":"Home","item":"https:\/\/lequotidien.mr\/"},{"@type":"ListItem","position":2,"name":"Le Premier Ministre pr\u00e9side une r\u00e9union strat\u00e9gique pour r\u00e9former le syst\u00e8me des march\u00e9s publics"}]},{"@type":"WebSite","@id":"https:\/\/lequotidien.mr\/#website","url":"https:\/\/lequotidien.mr\/","name":"Le Quotidien de Nouakchott","description":"\u0625\u062e\u0628\u0627\u0631\u064a\u0629 \u0645\u0633\u062a\u0642\u0644\u0629 \u0644\u0644\u0623\u0646\u0628\u0627\u0621 \u0627\u0644\u0639\u0627\u0645\u0629","publisher":{"@id":"https:\/\/lequotidien.mr\/#organization"},"potentialAction":[{"@type":"SearchAction","target":{"@type":"EntryPoint","urlTemplate":"https:\/\/lequotidien.mr\/?s={search_term_string}"},"query-input":{"@type":"PropertyValueSpecification","valueRequired":true,"valueName":"search_term_string"}}],"inLanguage":"ar"},{"@type":"Organization","@id":"https:\/\/lequotidien.mr\/#organization","name":"Le Quotidien de Nouakchott","url":"https:\/\/lequotidien.mr\/","logo":{"@type":"ImageObject","inLanguage":"ar","@id":"https:\/\/lequotidien.mr\/#\/schema\/logo\/image\/","url":"https:\/\/lequotidien.mr\/wp-content\/uploads\/2022\/11\/logolequotidien.jpg","contentUrl":"https:\/\/lequotidien.mr\/wp-content\/uploads\/2022\/11\/logolequotidien.jpg","width":290,"height":65,"caption":"Le Quotidien de Nouakchott"},"image":{"@id":"https:\/\/lequotidien.mr\/#\/schema\/logo\/image\/"},"sameAs":["https:\/\/web.facebook.com\/lequotidienmr","https:\/\/x.com\/lequotidienmr"]},{"@type":"Person","@id":"https:\/\/lequotidien.mr\/#\/schema\/person\/d2d350202a4d599685ed8abc25f97596","name":"Med Ahmed","image":{"@type":"ImageObject","inLanguage":"ar","@id":"https:\/\/secure.gravatar.com\/avatar\/fd2acc62ed50732923d1d39c17172c9b04149f142be92310ecc69e1358f94b52?s=96&d=mm&r=g","url":"https:\/\/secure.gravatar.com\/avatar\/fd2acc62ed50732923d1d39c17172c9b04149f142be92310ecc69e1358f94b52?s=96&d=mm&r=g","contentUrl":"https:\/\/secure.gravatar.com\/avatar\/fd2acc62ed50732923d1d39c17172c9b04149f142be92310ecc69e1358f94b52?s=96&d=mm&r=g","caption":"Med Ahmed"},"url":"https:\/\/lequotidien.mr\/?author=12"}]}},"_links":{"self":[{"href":"https:\/\/lequotidien.mr\/index.php?rest_route=\/wp\/v2\/posts\/33547","targetHints":{"allow":["GET"]}}],"collection":[{"href":"https:\/\/lequotidien.mr\/index.php?rest_route=\/wp\/v2\/posts"}],"about":[{"href":"https:\/\/lequotidien.mr\/index.php?rest_route=\/wp\/v2\/types\/post"}],"author":[{"embeddable":true,"href":"https:\/\/lequotidien.mr\/index.php?rest_route=\/wp\/v2\/users\/12"}],"replies":[{"embeddable":true,"href":"https:\/\/lequotidien.mr\/index.php?rest_route=%2Fwp%2Fv2%2Fcomments&post=33547"}],"version-history":[{"count":1,"href":"https:\/\/lequotidien.mr\/index.php?rest_route=\/wp\/v2\/posts\/33547\/revisions"}],"predecessor-version":[{"id":33549,"href":"https:\/\/lequotidien.mr\/index.php?rest_route=\/wp\/v2\/posts\/33547\/revisions\/33549"}],"wp:featuredmedia":[{"embeddable":true,"href":"https:\/\/lequotidien.mr\/index.php?rest_route=\/wp\/v2\/media\/33548"}],"wp:attachment":[{"href":"https:\/\/lequotidien.mr\/index.php?rest_route=%2Fwp%2Fv2%2Fmedia&parent=33547"}],"wp:term":[{"taxonomy":"category","embeddable":true,"href":"https:\/\/lequotidien.mr\/index.php?rest_route=%2Fwp%2Fv2%2Fcategories&post=33547"},{"taxonomy":"post_tag","embeddable":true,"href":"https:\/\/lequotidien.mr\/index.php?rest_route=%2Fwp%2Fv2%2Ftags&post=33547"}],"curies":[{"name":"wp","href":"https:\/\/api.w.org\/{rel}","templated":true}]}}