{"id":33503,"date":"2026-01-06T10:38:15","date_gmt":"2026-01-06T10:38:15","guid":{"rendered":"https:\/\/lequotidien.mr\/?p=33503"},"modified":"2026-01-06T10:38:15","modified_gmt":"2026-01-06T10:38:15","slug":"programmes-durgence-et-des-grands-projets-le-premier-ministre-exige-un-rythme-soutenu-pour-concretiser-les-priorites-de-developpement","status":"publish","type":"post","link":"https:\/\/lequotidien.mr\/?p=33503&lang=fr","title":{"rendered":"Programmes d\u2019urgence et des grands projets : Le Premier ministre exige un rythme soutenu pour concr\u00e9tiser les priorit\u00e9s de d\u00e9veloppement"},"content":{"rendered":"<p>Conform\u00e9ment aux directives du <strong>Pr\u00e9sident de la R\u00e9publique, M. Mohamed Cheikh El Ghazouani, le Premier ministre, M. Moctar Djay<\/strong>, a pr\u00e9sid\u00e9, ce lundi soir au si\u00e8ge du gouvernement, la r\u00e9union p\u00e9riodique du Comit\u00e9 minist\u00e9riel charg\u00e9 du suivi de la mise en \u0153uvre des grands projets. L\u2019objectif central de cette instance reste l\u2019acc\u00e9l\u00e9ration du rythme de r\u00e9alisation des projets de d\u00e9veloppement pour que leurs retomb\u00e9es profitent aux citoyens dans les meilleurs d\u00e9lais. La session a \u00e9t\u00e9 consacr\u00e9e \u00e0 l\u2019examen d\u00e9taill\u00e9 du bilan des progr\u00e8s enregistr\u00e9s au cours du mois de d\u00e9cembre 2025.<\/p>\n<p><strong>Un bilan en demi-teinte : Des progr\u00e8s notables et des \u00e9carts \u00e0 combler<\/strong><\/p>\n<p>L\u2019examen de l\u2019\u00e9tat d\u2019avancement a r\u00e9v\u00e9l\u00e9 un tableau contrast\u00e9, avec des performances variables selon les programmes.<\/p>\n<p>Le\u00a0<strong>Programme d\u2019urgence pour le d\u00e9veloppement de la ville de Nouakchott<\/strong>\u00a0appara\u00eet comme le chantier le plus avanc\u00e9. Le rapport pr\u00e9sent\u00e9 a indiqu\u00e9 un\u00a0<strong>taux de r\u00e9alisation physique de 77%<\/strong>, d\u00e9passant le\u00a0<strong>taux d\u2019ex\u00e9cution des d\u00e9lais (69%)<\/strong>. Cet \u00e9cart positif est qualifi\u00e9 de \u00ab progr\u00e8s rassurant \u00bb et d\u00e9montre une dynamique efficace dans la concr\u00e9tisation des composantes de ce vaste projet.<\/p>\n<p>\u00c0 l\u2019inverse, le\u00a0<strong>Programme d\u2019urgence pour la g\u00e9n\u00e9ralisation de l\u2019acc\u00e8s aux services de base pour le d\u00e9veloppement local<\/strong>\u00a0accuse un retard significatif dans son ex\u00e9cution. Son taux de r\u00e9alisation n\u2019est que de\u00a0<strong>16%<\/strong>, pour un taux de d\u00e9lais consomm\u00e9s de\u00a0<strong>10%<\/strong>. Ce d\u00e9calage souligne les d\u00e9fis logistiques ou techniques potentiellement rencontr\u00e9s sur le terrain et appelle \u00e0 une intensification des efforts.<\/p>\n<p><strong>Une dynamique globale d\u2019am\u00e9lioration sous surveillance<\/strong><\/p>\n<p>Au-del\u00e0 de ces deux programmes phares, la r\u00e9union a permis un examen g\u00e9n\u00e9ral du portefeuille des grands projets. Les conclusions font \u00e9tat d\u2019une\u00a0<strong>\u00ab am\u00e9lioration continue des performances \u00bb<\/strong>\u00a0\u00e0 l\u2019\u00e9chelle globale. Cependant, cette tendance positive est nuanc\u00e9e par des\u00a0<strong>\u00ab variations au sein des secteurs et entre eux \u00bb<\/strong>, indiquant que certains minist\u00e8res de tutelle ou certains types de projets progressent plus rapidement que d\u2019autres.<\/p>\n<p>Cette analyse sectorielle fine est cruciale pour identifier les goulets d\u2019\u00e9tranglement et r\u00e9pliquer les bonnes pratiques des projets les mieux ex\u00e9cut\u00e9s vers ceux qui rencontrent des difficult\u00e9s.<\/p>\n<p><strong>La feuille de route du Premier ministre : Suivi rigoureux et pr\u00e9sence sur le terrain<\/strong><\/p>\n<p>En conclusion des travaux, le Premier ministre, M. Moctar Djay, a donn\u00e9 des instructions fermes aux membres du gouvernement. Il a\u00a0<strong>enjoint les ministres \u00e0 poursuivre et \u00e0 renforcer le contr\u00f4le r\u00e9gulier sur le terrain<\/strong>, soulignant que la supervision de proximit\u00e9 est indispensable pour anticiper les probl\u00e8mes et maintenir la pression sur l\u2019ex\u00e9cution.<\/p>\n<p>Il a \u00e9galement insist\u00e9 sur la n\u00e9cessit\u00e9 d\u2019un\u00a0<strong>suivi rigoureux et d\u2019une \u00e9valuation continue<\/strong>\u00a0pour garantir le maintien d\u2019un\u00a0<strong>\u00ab rythme de progr\u00e8s satisfaisant \u00bb<\/strong>. L\u2019accent a \u00e9t\u00e9 remis sur l\u2019imp\u00e9ratif de traduire les engagements et les budgets en r\u00e9alisations tangibles au b\u00e9n\u00e9fice des populations, dans l\u2019esprit des orientations pr\u00e9sidentielles.<\/p>\n<p>Cette r\u00e9union du comit\u00e9 minist\u00e9riel de suivi a servi de tableau de bord pr\u00e9cis, mettant en lumi\u00e8re tant les succ\u00e8s \u00e0 capitaliser, comme le projet de Nouakchott, que les chantiers n\u00e9cessitant une impulsion nouvelle. Les directives claires du Chef du gouvernement visent \u00e0 transformer la dynamique d\u2019am\u00e9lioration globale en une acc\u00e9l\u00e9ration uniforme sur tous les fronts, confirmant la priorit\u00e9 absolue accord\u00e9e \u00e0 l\u2019ex\u00e9cution effective des projets structurants pour le pays.<\/p>\n","protected":false},"excerpt":{"rendered":"<p>Conform\u00e9ment aux directives du Pr\u00e9sident de la R\u00e9publique, M. Mohamed Cheikh El Ghazouani, le Premier ministre, M. Moctar Djay, a pr\u00e9sid\u00e9, ce lundi soir au si\u00e8ge du gouvernement, la r\u00e9union p\u00e9riodique du Comit\u00e9 minist\u00e9riel charg\u00e9 du suivi de la mise en \u0153uvre des grands projets. L\u2019objectif central de cette instance reste l\u2019acc\u00e9l\u00e9ration du rythme de&#8230;..<\/p>\n","protected":false},"author":12,"featured_media":33504,"comment_status":"open","ping_status":"open","sticky":false,"template":"","format":"standard","meta":{"footnotes":""},"categories":[23,49],"tags":[],"class_list":["post-33503","post","type-post","status-publish","format-standard","has-post-thumbnail","hentry","category-actualite","category-economie"],"yoast_head":"<!-- This site is optimized with the Yoast SEO plugin v27.5 - https:\/\/yoast.com\/product\/yoast-seo-wordpress\/ -->\n<title>Programmes d\u2019urgence et des grands projets : Le Premier ministre exige un rythme soutenu pour concr\u00e9tiser les priorit\u00e9s de d\u00e9veloppement - Le Quotidien de Nouakchott<\/title>\n<meta name=\"robots\" content=\"index, follow, max-snippet:-1, max-image-preview:large, max-video-preview:-1\" \/>\n<link rel=\"canonical\" href=\"https:\/\/lequotidien.mr\/?p=33503&lang=fr\" \/>\n<meta property=\"og:locale\" content=\"ar_AR\" \/>\n<meta property=\"og:type\" content=\"article\" \/>\n<meta property=\"og:title\" content=\"Programmes d\u2019urgence et des grands projets : Le Premier ministre exige un rythme soutenu pour concr\u00e9tiser les priorit\u00e9s de d\u00e9veloppement - Le Quotidien de Nouakchott\" \/>\n<meta property=\"og:description\" content=\"Conform\u00e9ment aux directives du Pr\u00e9sident de la R\u00e9publique, M. Mohamed Cheikh El Ghazouani, le Premier ministre, M. Moctar Djay, a pr\u00e9sid\u00e9, ce lundi soir au si\u00e8ge du gouvernement, la r\u00e9union p\u00e9riodique du Comit\u00e9 minist\u00e9riel charg\u00e9 du suivi de la mise en \u0153uvre des grands projets. L\u2019objectif central de cette instance reste l\u2019acc\u00e9l\u00e9ration du rythme de.....\" \/>\n<meta property=\"og:url\" content=\"https:\/\/lequotidien.mr\/?p=33503&amp;lang=fr\" \/>\n<meta property=\"og:site_name\" content=\"Le Quotidien de Nouakchott\" \/>\n<meta property=\"article:publisher\" content=\"https:\/\/web.facebook.com\/lequotidienmr\" \/>\n<meta property=\"article:published_time\" content=\"2026-01-06T10:38:15+00:00\" \/>\n<meta property=\"og:image\" content=\"https:\/\/lequotidien.mr\/wp-content\/uploads\/2026\/01\/photo-PM-projets-dev.jpg\" \/>\n\t<meta property=\"og:image:width\" content=\"652\" \/>\n\t<meta property=\"og:image:height\" content=\"364\" \/>\n\t<meta property=\"og:image:type\" content=\"image\/jpeg\" \/>\n<meta name=\"author\" content=\"Med Ahmed\" \/>\n<meta name=\"twitter:card\" content=\"summary_large_image\" \/>\n<meta name=\"twitter:creator\" content=\"@lequotidienmr\" \/>\n<meta name=\"twitter:site\" content=\"@lequotidienmr\" \/>\n<meta name=\"twitter:label1\" content=\"\u0643\u064f\u062a\u0628 \u0628\u0648\u0627\u0633\u0637\u0629\" \/>\n\t<meta name=\"twitter:data1\" content=\"Med Ahmed\" \/>\n\t<meta name=\"twitter:label2\" content=\"\u0648\u0642\u062a \u0627\u0644\u0642\u0631\u0627\u0621\u0629 \u0627\u0644\u0645\u064f\u0642\u062f\u0651\u0631\" \/>\n\t<meta name=\"twitter:data2\" content=\"4 \u062f\u0642\u0627\u0626\u0642\" \/>\n<script type=\"application\/ld+json\" class=\"yoast-schema-graph\">{\"@context\":\"https:\\\/\\\/schema.org\",\"@graph\":[{\"@type\":\"Article\",\"@id\":\"https:\\\/\\\/lequotidien.mr\\\/?p=33503&lang=fr#article\",\"isPartOf\":{\"@id\":\"https:\\\/\\\/lequotidien.mr\\\/?p=33503&lang=fr\"},\"author\":{\"name\":\"Med Ahmed\",\"@id\":\"https:\\\/\\\/lequotidien.mr\\\/#\\\/schema\\\/person\\\/d2d350202a4d599685ed8abc25f97596\"},\"headline\":\"Programmes d\u2019urgence et des grands projets : Le Premier ministre exige un rythme soutenu pour concr\u00e9tiser les priorit\u00e9s de d\u00e9veloppement\",\"datePublished\":\"2026-01-06T10:38:15+00:00\",\"mainEntityOfPage\":{\"@id\":\"https:\\\/\\\/lequotidien.mr\\\/?p=33503&lang=fr\"},\"wordCount\":630,\"commentCount\":0,\"publisher\":{\"@id\":\"https:\\\/\\\/lequotidien.mr\\\/#organization\"},\"image\":{\"@id\":\"https:\\\/\\\/lequotidien.mr\\\/?p=33503&lang=fr#primaryimage\"},\"thumbnailUrl\":\"https:\\\/\\\/lequotidien.mr\\\/wp-content\\\/uploads\\\/2026\\\/01\\\/photo-PM-projets-dev.jpg\",\"articleSection\":[\"ACTUALIT\u00c9\",\"Economie\"],\"inLanguage\":\"ar\",\"potentialAction\":[{\"@type\":\"CommentAction\",\"name\":\"Comment\",\"target\":[\"https:\\\/\\\/lequotidien.mr\\\/?p=33503&lang=fr#respond\"]}]},{\"@type\":\"WebPage\",\"@id\":\"https:\\\/\\\/lequotidien.mr\\\/?p=33503&lang=fr\",\"url\":\"https:\\\/\\\/lequotidien.mr\\\/?p=33503&lang=fr\",\"name\":\"Programmes d\u2019urgence et des grands projets : Le Premier ministre exige un rythme soutenu pour concr\u00e9tiser les priorit\u00e9s de d\u00e9veloppement - Le Quotidien de Nouakchott\",\"isPartOf\":{\"@id\":\"https:\\\/\\\/lequotidien.mr\\\/#website\"},\"primaryImageOfPage\":{\"@id\":\"https:\\\/\\\/lequotidien.mr\\\/?p=33503&lang=fr#primaryimage\"},\"image\":{\"@id\":\"https:\\\/\\\/lequotidien.mr\\\/?p=33503&lang=fr#primaryimage\"},\"thumbnailUrl\":\"https:\\\/\\\/lequotidien.mr\\\/wp-content\\\/uploads\\\/2026\\\/01\\\/photo-PM-projets-dev.jpg\",\"datePublished\":\"2026-01-06T10:38:15+00:00\",\"breadcrumb\":{\"@id\":\"https:\\\/\\\/lequotidien.mr\\\/?p=33503&lang=fr#breadcrumb\"},\"inLanguage\":\"ar\",\"potentialAction\":[{\"@type\":\"ReadAction\",\"target\":[\"https:\\\/\\\/lequotidien.mr\\\/?p=33503&lang=fr\"]}]},{\"@type\":\"ImageObject\",\"inLanguage\":\"ar\",\"@id\":\"https:\\\/\\\/lequotidien.mr\\\/?p=33503&lang=fr#primaryimage\",\"url\":\"https:\\\/\\\/lequotidien.mr\\\/wp-content\\\/uploads\\\/2026\\\/01\\\/photo-PM-projets-dev.jpg\",\"contentUrl\":\"https:\\\/\\\/lequotidien.mr\\\/wp-content\\\/uploads\\\/2026\\\/01\\\/photo-PM-projets-dev.jpg\",\"width\":652,\"height\":364},{\"@type\":\"BreadcrumbList\",\"@id\":\"https:\\\/\\\/lequotidien.mr\\\/?p=33503&lang=fr#breadcrumb\",\"itemListElement\":[{\"@type\":\"ListItem\",\"position\":1,\"name\":\"Home\",\"item\":\"https:\\\/\\\/lequotidien.mr\\\/\"},{\"@type\":\"ListItem\",\"position\":2,\"name\":\"Programmes d\u2019urgence et des grands projets : Le Premier ministre exige un rythme soutenu pour concr\u00e9tiser les priorit\u00e9s de d\u00e9veloppement\"}]},{\"@type\":\"WebSite\",\"@id\":\"https:\\\/\\\/lequotidien.mr\\\/#website\",\"url\":\"https:\\\/\\\/lequotidien.mr\\\/\",\"name\":\"Le Quotidien de Nouakchott\",\"description\":\"\u0625\u062e\u0628\u0627\u0631\u064a\u0629 \u0645\u0633\u062a\u0642\u0644\u0629 \u0644\u0644\u0623\u0646\u0628\u0627\u0621 \u0627\u0644\u0639\u0627\u0645\u0629\",\"publisher\":{\"@id\":\"https:\\\/\\\/lequotidien.mr\\\/#organization\"},\"potentialAction\":[{\"@type\":\"SearchAction\",\"target\":{\"@type\":\"EntryPoint\",\"urlTemplate\":\"https:\\\/\\\/lequotidien.mr\\\/?s={search_term_string}\"},\"query-input\":{\"@type\":\"PropertyValueSpecification\",\"valueRequired\":true,\"valueName\":\"search_term_string\"}}],\"inLanguage\":\"ar\"},{\"@type\":\"Organization\",\"@id\":\"https:\\\/\\\/lequotidien.mr\\\/#organization\",\"name\":\"Le Quotidien de Nouakchott\",\"url\":\"https:\\\/\\\/lequotidien.mr\\\/\",\"logo\":{\"@type\":\"ImageObject\",\"inLanguage\":\"ar\",\"@id\":\"https:\\\/\\\/lequotidien.mr\\\/#\\\/schema\\\/logo\\\/image\\\/\",\"url\":\"https:\\\/\\\/lequotidien.mr\\\/wp-content\\\/uploads\\\/2022\\\/11\\\/logolequotidien.jpg\",\"contentUrl\":\"https:\\\/\\\/lequotidien.mr\\\/wp-content\\\/uploads\\\/2022\\\/11\\\/logolequotidien.jpg\",\"width\":290,\"height\":65,\"caption\":\"Le Quotidien de Nouakchott\"},\"image\":{\"@id\":\"https:\\\/\\\/lequotidien.mr\\\/#\\\/schema\\\/logo\\\/image\\\/\"},\"sameAs\":[\"https:\\\/\\\/web.facebook.com\\\/lequotidienmr\",\"https:\\\/\\\/x.com\\\/lequotidienmr\"]},{\"@type\":\"Person\",\"@id\":\"https:\\\/\\\/lequotidien.mr\\\/#\\\/schema\\\/person\\\/d2d350202a4d599685ed8abc25f97596\",\"name\":\"Med Ahmed\",\"image\":{\"@type\":\"ImageObject\",\"inLanguage\":\"ar\",\"@id\":\"https:\\\/\\\/secure.gravatar.com\\\/avatar\\\/fd2acc62ed50732923d1d39c17172c9b04149f142be92310ecc69e1358f94b52?s=96&d=mm&r=g\",\"url\":\"https:\\\/\\\/secure.gravatar.com\\\/avatar\\\/fd2acc62ed50732923d1d39c17172c9b04149f142be92310ecc69e1358f94b52?s=96&d=mm&r=g\",\"contentUrl\":\"https:\\\/\\\/secure.gravatar.com\\\/avatar\\\/fd2acc62ed50732923d1d39c17172c9b04149f142be92310ecc69e1358f94b52?s=96&d=mm&r=g\",\"caption\":\"Med Ahmed\"},\"url\":\"https:\\\/\\\/lequotidien.mr\\\/?author=12\"}]}<\/script>\n<!-- \/ Yoast SEO plugin. -->","yoast_head_json":{"title":"Programmes d\u2019urgence et des grands projets : Le Premier ministre exige un rythme soutenu pour concr\u00e9tiser les priorit\u00e9s de d\u00e9veloppement - Le Quotidien de Nouakchott","robots":{"index":"index","follow":"follow","max-snippet":"max-snippet:-1","max-image-preview":"max-image-preview:large","max-video-preview":"max-video-preview:-1"},"canonical":"https:\/\/lequotidien.mr\/?p=33503&lang=fr","og_locale":"ar_AR","og_type":"article","og_title":"Programmes d\u2019urgence et des grands projets : Le Premier ministre exige un rythme soutenu pour concr\u00e9tiser les priorit\u00e9s de d\u00e9veloppement - Le Quotidien de Nouakchott","og_description":"Conform\u00e9ment aux directives du Pr\u00e9sident de la R\u00e9publique, M. Mohamed Cheikh El Ghazouani, le Premier ministre, M. Moctar Djay, a pr\u00e9sid\u00e9, ce lundi soir au si\u00e8ge du gouvernement, la r\u00e9union p\u00e9riodique du Comit\u00e9 minist\u00e9riel charg\u00e9 du suivi de la mise en \u0153uvre des grands projets. L\u2019objectif central de cette instance reste l\u2019acc\u00e9l\u00e9ration du rythme de.....","og_url":"https:\/\/lequotidien.mr\/?p=33503&lang=fr","og_site_name":"Le Quotidien de Nouakchott","article_publisher":"https:\/\/web.facebook.com\/lequotidienmr","article_published_time":"2026-01-06T10:38:15+00:00","og_image":[{"width":652,"height":364,"url":"https:\/\/lequotidien.mr\/wp-content\/uploads\/2026\/01\/photo-PM-projets-dev.jpg","type":"image\/jpeg"}],"author":"Med Ahmed","twitter_card":"summary_large_image","twitter_creator":"@lequotidienmr","twitter_site":"@lequotidienmr","twitter_misc":{"\u0643\u064f\u062a\u0628 \u0628\u0648\u0627\u0633\u0637\u0629":"Med Ahmed","\u0648\u0642\u062a \u0627\u0644\u0642\u0631\u0627\u0621\u0629 \u0627\u0644\u0645\u064f\u0642\u062f\u0651\u0631":"4 \u062f\u0642\u0627\u0626\u0642"},"schema":{"@context":"https:\/\/schema.org","@graph":[{"@type":"Article","@id":"https:\/\/lequotidien.mr\/?p=33503&lang=fr#article","isPartOf":{"@id":"https:\/\/lequotidien.mr\/?p=33503&lang=fr"},"author":{"name":"Med Ahmed","@id":"https:\/\/lequotidien.mr\/#\/schema\/person\/d2d350202a4d599685ed8abc25f97596"},"headline":"Programmes d\u2019urgence et des grands projets : Le Premier ministre exige un rythme soutenu pour concr\u00e9tiser les priorit\u00e9s de d\u00e9veloppement","datePublished":"2026-01-06T10:38:15+00:00","mainEntityOfPage":{"@id":"https:\/\/lequotidien.mr\/?p=33503&lang=fr"},"wordCount":630,"commentCount":0,"publisher":{"@id":"https:\/\/lequotidien.mr\/#organization"},"image":{"@id":"https:\/\/lequotidien.mr\/?p=33503&lang=fr#primaryimage"},"thumbnailUrl":"https:\/\/lequotidien.mr\/wp-content\/uploads\/2026\/01\/photo-PM-projets-dev.jpg","articleSection":["ACTUALIT\u00c9","Economie"],"inLanguage":"ar","potentialAction":[{"@type":"CommentAction","name":"Comment","target":["https:\/\/lequotidien.mr\/?p=33503&lang=fr#respond"]}]},{"@type":"WebPage","@id":"https:\/\/lequotidien.mr\/?p=33503&lang=fr","url":"https:\/\/lequotidien.mr\/?p=33503&lang=fr","name":"Programmes d\u2019urgence et des grands projets : Le Premier ministre exige un rythme soutenu pour concr\u00e9tiser les priorit\u00e9s de d\u00e9veloppement - Le Quotidien de Nouakchott","isPartOf":{"@id":"https:\/\/lequotidien.mr\/#website"},"primaryImageOfPage":{"@id":"https:\/\/lequotidien.mr\/?p=33503&lang=fr#primaryimage"},"image":{"@id":"https:\/\/lequotidien.mr\/?p=33503&lang=fr#primaryimage"},"thumbnailUrl":"https:\/\/lequotidien.mr\/wp-content\/uploads\/2026\/01\/photo-PM-projets-dev.jpg","datePublished":"2026-01-06T10:38:15+00:00","breadcrumb":{"@id":"https:\/\/lequotidien.mr\/?p=33503&lang=fr#breadcrumb"},"inLanguage":"ar","potentialAction":[{"@type":"ReadAction","target":["https:\/\/lequotidien.mr\/?p=33503&lang=fr"]}]},{"@type":"ImageObject","inLanguage":"ar","@id":"https:\/\/lequotidien.mr\/?p=33503&lang=fr#primaryimage","url":"https:\/\/lequotidien.mr\/wp-content\/uploads\/2026\/01\/photo-PM-projets-dev.jpg","contentUrl":"https:\/\/lequotidien.mr\/wp-content\/uploads\/2026\/01\/photo-PM-projets-dev.jpg","width":652,"height":364},{"@type":"BreadcrumbList","@id":"https:\/\/lequotidien.mr\/?p=33503&lang=fr#breadcrumb","itemListElement":[{"@type":"ListItem","position":1,"name":"Home","item":"https:\/\/lequotidien.mr\/"},{"@type":"ListItem","position":2,"name":"Programmes d\u2019urgence et des grands projets : Le Premier ministre exige un rythme soutenu pour concr\u00e9tiser les priorit\u00e9s de d\u00e9veloppement"}]},{"@type":"WebSite","@id":"https:\/\/lequotidien.mr\/#website","url":"https:\/\/lequotidien.mr\/","name":"Le Quotidien de Nouakchott","description":"\u0625\u062e\u0628\u0627\u0631\u064a\u0629 \u0645\u0633\u062a\u0642\u0644\u0629 \u0644\u0644\u0623\u0646\u0628\u0627\u0621 \u0627\u0644\u0639\u0627\u0645\u0629","publisher":{"@id":"https:\/\/lequotidien.mr\/#organization"},"potentialAction":[{"@type":"SearchAction","target":{"@type":"EntryPoint","urlTemplate":"https:\/\/lequotidien.mr\/?s={search_term_string}"},"query-input":{"@type":"PropertyValueSpecification","valueRequired":true,"valueName":"search_term_string"}}],"inLanguage":"ar"},{"@type":"Organization","@id":"https:\/\/lequotidien.mr\/#organization","name":"Le Quotidien de Nouakchott","url":"https:\/\/lequotidien.mr\/","logo":{"@type":"ImageObject","inLanguage":"ar","@id":"https:\/\/lequotidien.mr\/#\/schema\/logo\/image\/","url":"https:\/\/lequotidien.mr\/wp-content\/uploads\/2022\/11\/logolequotidien.jpg","contentUrl":"https:\/\/lequotidien.mr\/wp-content\/uploads\/2022\/11\/logolequotidien.jpg","width":290,"height":65,"caption":"Le Quotidien de Nouakchott"},"image":{"@id":"https:\/\/lequotidien.mr\/#\/schema\/logo\/image\/"},"sameAs":["https:\/\/web.facebook.com\/lequotidienmr","https:\/\/x.com\/lequotidienmr"]},{"@type":"Person","@id":"https:\/\/lequotidien.mr\/#\/schema\/person\/d2d350202a4d599685ed8abc25f97596","name":"Med Ahmed","image":{"@type":"ImageObject","inLanguage":"ar","@id":"https:\/\/secure.gravatar.com\/avatar\/fd2acc62ed50732923d1d39c17172c9b04149f142be92310ecc69e1358f94b52?s=96&d=mm&r=g","url":"https:\/\/secure.gravatar.com\/avatar\/fd2acc62ed50732923d1d39c17172c9b04149f142be92310ecc69e1358f94b52?s=96&d=mm&r=g","contentUrl":"https:\/\/secure.gravatar.com\/avatar\/fd2acc62ed50732923d1d39c17172c9b04149f142be92310ecc69e1358f94b52?s=96&d=mm&r=g","caption":"Med Ahmed"},"url":"https:\/\/lequotidien.mr\/?author=12"}]}},"_links":{"self":[{"href":"https:\/\/lequotidien.mr\/index.php?rest_route=\/wp\/v2\/posts\/33503","targetHints":{"allow":["GET"]}}],"collection":[{"href":"https:\/\/lequotidien.mr\/index.php?rest_route=\/wp\/v2\/posts"}],"about":[{"href":"https:\/\/lequotidien.mr\/index.php?rest_route=\/wp\/v2\/types\/post"}],"author":[{"embeddable":true,"href":"https:\/\/lequotidien.mr\/index.php?rest_route=\/wp\/v2\/users\/12"}],"replies":[{"embeddable":true,"href":"https:\/\/lequotidien.mr\/index.php?rest_route=%2Fwp%2Fv2%2Fcomments&post=33503"}],"version-history":[{"count":1,"href":"https:\/\/lequotidien.mr\/index.php?rest_route=\/wp\/v2\/posts\/33503\/revisions"}],"predecessor-version":[{"id":33505,"href":"https:\/\/lequotidien.mr\/index.php?rest_route=\/wp\/v2\/posts\/33503\/revisions\/33505"}],"wp:featuredmedia":[{"embeddable":true,"href":"https:\/\/lequotidien.mr\/index.php?rest_route=\/wp\/v2\/media\/33504"}],"wp:attachment":[{"href":"https:\/\/lequotidien.mr\/index.php?rest_route=%2Fwp%2Fv2%2Fmedia&parent=33503"}],"wp:term":[{"taxonomy":"category","embeddable":true,"href":"https:\/\/lequotidien.mr\/index.php?rest_route=%2Fwp%2Fv2%2Fcategories&post=33503"},{"taxonomy":"post_tag","embeddable":true,"href":"https:\/\/lequotidien.mr\/index.php?rest_route=%2Fwp%2Fv2%2Ftags&post=33503"}],"curies":[{"name":"wp","href":"https:\/\/api.w.org\/{rel}","templated":true}]}}