{"id":33496,"date":"2026-01-06T10:27:43","date_gmt":"2026-01-06T10:27:43","guid":{"rendered":"https:\/\/lequotidien.mr\/?p=33496"},"modified":"2026-01-06T10:27:43","modified_gmt":"2026-01-06T10:27:43","slug":"le-festival-taghalit-a-bourat-une-celebration-de-la-terre-de-la-culture-et-de-la-souverainete-alimentaire","status":"publish","type":"post","link":"https:\/\/lequotidien.mr\/?p=33496&lang=fr","title":{"rendered":"Le Festival Taghalit \u00e0 Bourat : Une c\u00e9l\u00e9bration de la terre, de la culture et de la souverainet\u00e9 alimentaire"},"content":{"rendered":"<p>La commune de Bourat, dans la moughataa de Maal (Brakna), a vibr\u00e9 au rythme de l\u2019ouverture de la septi\u00e8me \u00e9dition du Festival de la Culture et de l\u2019Agriculture (Festival Taghalit). Cet \u00e9v\u00e9nement, plac\u00e9 sous le slogan <strong><em>\u00ab Pour une autosuffisance durable et une coexistence pacifique continue \u00bb<\/em><\/strong>, s\u2019est tenu hier sous la pr\u00e9sidence \u00e9minente du <strong>ministre de la culture, des arts, de la communication et des relations avec le parlement, porte-parole du gouvernement, M. El Houssein Meddou<\/strong>. Accompagn\u00e9 du <strong>wali mou\u00e7aid du Brakna, M. Sidi Mohamed Abdellahi El Bounani<\/strong>, le ministre a inaugur\u00e9 cette manifestation organis\u00e9e par l\u2019Organisation <strong><em>\u00ab Coop\u00e9ration par le D\u00e9veloppement \u00bb.<\/em><\/strong><\/p>\n<p><strong>Agriculture, souverainet\u00e9 et valeurs citoyennes<\/strong><\/p>\n<p>Dans un discours prononc\u00e9 pour l\u2019occasion, M. El Houssein Meddou a profond\u00e9ment inscrit les objectifs du festival dans une vision strat\u00e9gique nationale. Il a d\u00e9clar\u00e9 avec force :\u00a0<strong><em>\u00ab La s\u00e9curit\u00e9 alimentaire est la base de la souverainet\u00e9, l\u2019agriculture est la base de la stabilit\u00e9, et l\u2019autonomie est le chemin de la dignit\u00e9. \u00bb<\/em><\/strong><\/p>\n<p>Le ministre a tir\u00e9 les le\u00e7ons de l\u2019exp\u00e9rience, affirmant que <strong><em>\u00ab les nations qui connaissent la valeur de leur terre et savent investir ses richesses sont les nations capables de prot\u00e9ger leur pr\u00e9sent et leur avenir \u00bb<\/em><\/strong>. Au-del\u00e0 de son aspect \u00e9conomique, il a pr\u00e9sent\u00e9 l\u2019agriculture comme\u00a0<strong><em>\u00ab un comportement civilis\u00e9 et une pratique citoyenne \u00bb<\/em><\/strong><em>\u00a0<\/em>qui renforce l\u2019appartenance nationale et inculque des valeurs fondamentales : patience, travail, solidarit\u00e9, responsabilit\u00e9 partag\u00e9e et justice entre les g\u00e9n\u00e9rations.<\/p>\n<p><strong>Taghalit : Un miroir de l\u2019identit\u00e9 et des potentialit\u00e9s du Brakna<\/strong><\/p>\n<p>Le <strong>pr\u00e9sident de la r\u00e9gion du Brakna, M. El Moustapha Mohamed Mahmoud<\/strong>, a quant \u00e0 lui mis en avant la dimension identitaire du festival. Pour lui, Taghalit <strong><em>\u00ab incarne la profondeur de l\u2019appartenance et refl\u00e8te la richesse de la zone de Lagueilat avec son authenticit\u00e9, son histoire et ses potentialit\u00e9s prometteuses \u00bb<\/em><\/strong>. Il a salu\u00e9 l\u2019adaptation et le savoir-faire des populations locales qui exploitent avec pers\u00e9v\u00e9rance les richesses de leur terre.<\/p>\n<p>Les autorit\u00e9s locales ont \u00e9galement exprim\u00e9 leur reconnaissance. Le <strong>maire de Bourat, M. Cheibani Alinyne, et le pr\u00e9sident du festival, M. El Ghacem Taleb Beybakar<\/strong>, ont remerci\u00e9 les autorit\u00e9s nationales, et tout particuli\u00e8rement le <strong>Pr\u00e9sident de la R\u00e9publique, M. Mohamed Cheikh El Ghazouani<\/strong>, pour l\u2019attention port\u00e9e \u00e0 leur commune. Ils ont rappel\u00e9 que les objectifs fondamentaux de Taghalit sont de\u00a0<strong>mettre en lumi\u00e8re l\u2019agriculture, souligner son importance pour l\u2019autosuffisance, et servir de canal pour porter les voix et les revendications des agriculteurs aupr\u00e8s des d\u00e9cideurs.<\/strong><\/p>\n<p><strong>Une mobilisation communautaire et institutionnelle<\/strong><\/p>\n<p>L\u2019ouverture de ce festival de trois jours a connu une forte mobilisation. Aux c\u00f4t\u00e9s du ministre et du wali mou\u00e7aid, assistaient notamment le <strong>hakem mou\u00e7aid de Maal<\/strong>, <strong>le d\u00e9put\u00e9 de la moughataa, M. Zeini Ahmed El Hadi<\/strong>, les autorit\u00e9s s\u00e9curitaires, ainsi qu\u2019une foule de cadres, de notables et d\u2019habitants de Bourat. Cette pr\u00e9sence massive illustre l\u2019importance accord\u00e9e \u00e0 ce rendez-vous qui d\u00e9passe le cadre festif pour devenir une plateforme d\u2019\u00e9changes et de promotion du d\u00e9veloppement local.<\/p>\n<p>Plus qu\u2019une simple c\u00e9l\u00e9bration, la 7\u00e8me \u00e9dition du Festival Taghalit se positionne comme un acte de foi dans les potentialit\u00e9s agricoles de la Mauritanie et un laboratoire des valeurs de r\u00e9silience et de coexistence. Sous le parrainage du ministre Meddou, cet \u00e9v\u00e9nement souligne la volont\u00e9 des autorit\u00e9s et de la soci\u00e9t\u00e9 civile d\u2019ancrer le d\u00e9veloppement national dans la valorisation du patrimoine agricole et culturel, faisant de la terre le socle d\u2019une souverainet\u00e9 assum\u00e9e et d\u2019un avenir prosp\u00e8re.<\/p>\n","protected":false},"excerpt":{"rendered":"<p>La commune de Bourat, dans la moughataa de Maal (Brakna), a vibr\u00e9 au rythme de l\u2019ouverture de la septi\u00e8me \u00e9dition du Festival de la Culture et de l\u2019Agriculture (Festival Taghalit). Cet \u00e9v\u00e9nement, plac\u00e9 sous le slogan \u00ab Pour une autosuffisance durable et une coexistence pacifique continue \u00bb, s\u2019est tenu hier sous la pr\u00e9sidence \u00e9minente du&#8230;..<\/p>\n","protected":false},"author":12,"featured_media":33499,"comment_status":"open","ping_status":"open","sticky":false,"template":"","format":"standard","meta":{"footnotes":""},"categories":[23,55],"tags":[],"class_list":["post-33496","post","type-post","status-publish","format-standard","has-post-thumbnail","hentry","category-actualite","category-culture"],"yoast_head":"<!-- This site is optimized with the Yoast SEO plugin v27.5 - https:\/\/yoast.com\/product\/yoast-seo-wordpress\/ -->\n<title>Le Festival Taghalit \u00e0 Bourat : Une c\u00e9l\u00e9bration de la terre, de la culture et de la souverainet\u00e9 alimentaire - Le Quotidien de Nouakchott<\/title>\n<meta name=\"robots\" content=\"index, follow, max-snippet:-1, max-image-preview:large, max-video-preview:-1\" \/>\n<link rel=\"canonical\" href=\"https:\/\/lequotidien.mr\/?p=33496&lang=fr\" \/>\n<meta property=\"og:locale\" content=\"ar_AR\" \/>\n<meta property=\"og:type\" content=\"article\" \/>\n<meta property=\"og:title\" content=\"Le Festival Taghalit \u00e0 Bourat : Une c\u00e9l\u00e9bration de la terre, de la culture et de la souverainet\u00e9 alimentaire - Le Quotidien de Nouakchott\" \/>\n<meta property=\"og:description\" content=\"La commune de Bourat, dans la moughataa de Maal (Brakna), a vibr\u00e9 au rythme de l\u2019ouverture de la septi\u00e8me \u00e9dition du Festival de la Culture et de l\u2019Agriculture (Festival Taghalit). Cet \u00e9v\u00e9nement, plac\u00e9 sous le slogan \u00ab Pour une autosuffisance durable et une coexistence pacifique continue \u00bb, s\u2019est tenu hier sous la pr\u00e9sidence \u00e9minente du.....\" \/>\n<meta property=\"og:url\" content=\"https:\/\/lequotidien.mr\/?p=33496&amp;lang=fr\" \/>\n<meta property=\"og:site_name\" content=\"Le Quotidien de Nouakchott\" \/>\n<meta property=\"article:publisher\" content=\"https:\/\/web.facebook.com\/lequotidienmr\" \/>\n<meta property=\"article:published_time\" content=\"2026-01-06T10:27:43+00:00\" \/>\n<meta property=\"og:image\" content=\"https:\/\/lequotidien.mr\/wp-content\/uploads\/2026\/01\/photo-fest-Bourat.jpg\" \/>\n\t<meta property=\"og:image:width\" content=\"750\" \/>\n\t<meta property=\"og:image:height\" content=\"430\" \/>\n\t<meta property=\"og:image:type\" content=\"image\/jpeg\" \/>\n<meta name=\"author\" content=\"Med Ahmed\" \/>\n<meta name=\"twitter:card\" content=\"summary_large_image\" \/>\n<meta name=\"twitter:creator\" content=\"@lequotidienmr\" \/>\n<meta name=\"twitter:site\" content=\"@lequotidienmr\" \/>\n<meta name=\"twitter:label1\" content=\"\u0643\u064f\u062a\u0628 \u0628\u0648\u0627\u0633\u0637\u0629\" \/>\n\t<meta name=\"twitter:data1\" content=\"Med Ahmed\" \/>\n\t<meta name=\"twitter:label2\" content=\"\u0648\u0642\u062a \u0627\u0644\u0642\u0631\u0627\u0621\u0629 \u0627\u0644\u0645\u064f\u0642\u062f\u0651\u0631\" \/>\n\t<meta name=\"twitter:data2\" content=\"5 \u062f\u0642\u0627\u0626\u0642\" \/>\n<script type=\"application\/ld+json\" class=\"yoast-schema-graph\">{\"@context\":\"https:\\\/\\\/schema.org\",\"@graph\":[{\"@type\":\"Article\",\"@id\":\"https:\\\/\\\/lequotidien.mr\\\/?p=33496&lang=fr#article\",\"isPartOf\":{\"@id\":\"https:\\\/\\\/lequotidien.mr\\\/?p=33496&lang=fr\"},\"author\":{\"name\":\"Med Ahmed\",\"@id\":\"https:\\\/\\\/lequotidien.mr\\\/#\\\/schema\\\/person\\\/d2d350202a4d599685ed8abc25f97596\"},\"headline\":\"Le Festival Taghalit \u00e0 Bourat : Une c\u00e9l\u00e9bration de la terre, de la culture et de la souverainet\u00e9 alimentaire\",\"datePublished\":\"2026-01-06T10:27:43+00:00\",\"mainEntityOfPage\":{\"@id\":\"https:\\\/\\\/lequotidien.mr\\\/?p=33496&lang=fr\"},\"wordCount\":647,\"commentCount\":0,\"publisher\":{\"@id\":\"https:\\\/\\\/lequotidien.mr\\\/#organization\"},\"image\":{\"@id\":\"https:\\\/\\\/lequotidien.mr\\\/?p=33496&lang=fr#primaryimage\"},\"thumbnailUrl\":\"https:\\\/\\\/lequotidien.mr\\\/wp-content\\\/uploads\\\/2026\\\/01\\\/photo-fest-Bourat.jpg\",\"articleSection\":[\"ACTUALIT\u00c9\",\"Culture\"],\"inLanguage\":\"ar\",\"potentialAction\":[{\"@type\":\"CommentAction\",\"name\":\"Comment\",\"target\":[\"https:\\\/\\\/lequotidien.mr\\\/?p=33496&lang=fr#respond\"]}]},{\"@type\":\"WebPage\",\"@id\":\"https:\\\/\\\/lequotidien.mr\\\/?p=33496&lang=fr\",\"url\":\"https:\\\/\\\/lequotidien.mr\\\/?p=33496&lang=fr\",\"name\":\"Le Festival Taghalit \u00e0 Bourat : Une c\u00e9l\u00e9bration de la terre, de la culture et de la souverainet\u00e9 alimentaire - Le Quotidien de Nouakchott\",\"isPartOf\":{\"@id\":\"https:\\\/\\\/lequotidien.mr\\\/#website\"},\"primaryImageOfPage\":{\"@id\":\"https:\\\/\\\/lequotidien.mr\\\/?p=33496&lang=fr#primaryimage\"},\"image\":{\"@id\":\"https:\\\/\\\/lequotidien.mr\\\/?p=33496&lang=fr#primaryimage\"},\"thumbnailUrl\":\"https:\\\/\\\/lequotidien.mr\\\/wp-content\\\/uploads\\\/2026\\\/01\\\/photo-fest-Bourat.jpg\",\"datePublished\":\"2026-01-06T10:27:43+00:00\",\"breadcrumb\":{\"@id\":\"https:\\\/\\\/lequotidien.mr\\\/?p=33496&lang=fr#breadcrumb\"},\"inLanguage\":\"ar\",\"potentialAction\":[{\"@type\":\"ReadAction\",\"target\":[\"https:\\\/\\\/lequotidien.mr\\\/?p=33496&lang=fr\"]}]},{\"@type\":\"ImageObject\",\"inLanguage\":\"ar\",\"@id\":\"https:\\\/\\\/lequotidien.mr\\\/?p=33496&lang=fr#primaryimage\",\"url\":\"https:\\\/\\\/lequotidien.mr\\\/wp-content\\\/uploads\\\/2026\\\/01\\\/photo-fest-Bourat.jpg\",\"contentUrl\":\"https:\\\/\\\/lequotidien.mr\\\/wp-content\\\/uploads\\\/2026\\\/01\\\/photo-fest-Bourat.jpg\",\"width\":750,\"height\":430},{\"@type\":\"BreadcrumbList\",\"@id\":\"https:\\\/\\\/lequotidien.mr\\\/?p=33496&lang=fr#breadcrumb\",\"itemListElement\":[{\"@type\":\"ListItem\",\"position\":1,\"name\":\"Home\",\"item\":\"https:\\\/\\\/lequotidien.mr\\\/\"},{\"@type\":\"ListItem\",\"position\":2,\"name\":\"Le Festival Taghalit \u00e0 Bourat : Une c\u00e9l\u00e9bration de la terre, de la culture et de la souverainet\u00e9 alimentaire\"}]},{\"@type\":\"WebSite\",\"@id\":\"https:\\\/\\\/lequotidien.mr\\\/#website\",\"url\":\"https:\\\/\\\/lequotidien.mr\\\/\",\"name\":\"Le Quotidien de Nouakchott\",\"description\":\"\u0625\u062e\u0628\u0627\u0631\u064a\u0629 \u0645\u0633\u062a\u0642\u0644\u0629 \u0644\u0644\u0623\u0646\u0628\u0627\u0621 \u0627\u0644\u0639\u0627\u0645\u0629\",\"publisher\":{\"@id\":\"https:\\\/\\\/lequotidien.mr\\\/#organization\"},\"potentialAction\":[{\"@type\":\"SearchAction\",\"target\":{\"@type\":\"EntryPoint\",\"urlTemplate\":\"https:\\\/\\\/lequotidien.mr\\\/?s={search_term_string}\"},\"query-input\":{\"@type\":\"PropertyValueSpecification\",\"valueRequired\":true,\"valueName\":\"search_term_string\"}}],\"inLanguage\":\"ar\"},{\"@type\":\"Organization\",\"@id\":\"https:\\\/\\\/lequotidien.mr\\\/#organization\",\"name\":\"Le Quotidien de Nouakchott\",\"url\":\"https:\\\/\\\/lequotidien.mr\\\/\",\"logo\":{\"@type\":\"ImageObject\",\"inLanguage\":\"ar\",\"@id\":\"https:\\\/\\\/lequotidien.mr\\\/#\\\/schema\\\/logo\\\/image\\\/\",\"url\":\"https:\\\/\\\/lequotidien.mr\\\/wp-content\\\/uploads\\\/2022\\\/11\\\/logolequotidien.jpg\",\"contentUrl\":\"https:\\\/\\\/lequotidien.mr\\\/wp-content\\\/uploads\\\/2022\\\/11\\\/logolequotidien.jpg\",\"width\":290,\"height\":65,\"caption\":\"Le Quotidien de Nouakchott\"},\"image\":{\"@id\":\"https:\\\/\\\/lequotidien.mr\\\/#\\\/schema\\\/logo\\\/image\\\/\"},\"sameAs\":[\"https:\\\/\\\/web.facebook.com\\\/lequotidienmr\",\"https:\\\/\\\/x.com\\\/lequotidienmr\"]},{\"@type\":\"Person\",\"@id\":\"https:\\\/\\\/lequotidien.mr\\\/#\\\/schema\\\/person\\\/d2d350202a4d599685ed8abc25f97596\",\"name\":\"Med Ahmed\",\"image\":{\"@type\":\"ImageObject\",\"inLanguage\":\"ar\",\"@id\":\"https:\\\/\\\/secure.gravatar.com\\\/avatar\\\/fd2acc62ed50732923d1d39c17172c9b04149f142be92310ecc69e1358f94b52?s=96&d=mm&r=g\",\"url\":\"https:\\\/\\\/secure.gravatar.com\\\/avatar\\\/fd2acc62ed50732923d1d39c17172c9b04149f142be92310ecc69e1358f94b52?s=96&d=mm&r=g\",\"contentUrl\":\"https:\\\/\\\/secure.gravatar.com\\\/avatar\\\/fd2acc62ed50732923d1d39c17172c9b04149f142be92310ecc69e1358f94b52?s=96&d=mm&r=g\",\"caption\":\"Med Ahmed\"},\"url\":\"https:\\\/\\\/lequotidien.mr\\\/?author=12\"}]}<\/script>\n<!-- \/ Yoast SEO plugin. -->","yoast_head_json":{"title":"Le Festival Taghalit \u00e0 Bourat : Une c\u00e9l\u00e9bration de la terre, de la culture et de la souverainet\u00e9 alimentaire - Le Quotidien de Nouakchott","robots":{"index":"index","follow":"follow","max-snippet":"max-snippet:-1","max-image-preview":"max-image-preview:large","max-video-preview":"max-video-preview:-1"},"canonical":"https:\/\/lequotidien.mr\/?p=33496&lang=fr","og_locale":"ar_AR","og_type":"article","og_title":"Le Festival Taghalit \u00e0 Bourat : Une c\u00e9l\u00e9bration de la terre, de la culture et de la souverainet\u00e9 alimentaire - Le Quotidien de Nouakchott","og_description":"La commune de Bourat, dans la moughataa de Maal (Brakna), a vibr\u00e9 au rythme de l\u2019ouverture de la septi\u00e8me \u00e9dition du Festival de la Culture et de l\u2019Agriculture (Festival Taghalit). Cet \u00e9v\u00e9nement, plac\u00e9 sous le slogan \u00ab Pour une autosuffisance durable et une coexistence pacifique continue \u00bb, s\u2019est tenu hier sous la pr\u00e9sidence \u00e9minente du.....","og_url":"https:\/\/lequotidien.mr\/?p=33496&lang=fr","og_site_name":"Le Quotidien de Nouakchott","article_publisher":"https:\/\/web.facebook.com\/lequotidienmr","article_published_time":"2026-01-06T10:27:43+00:00","og_image":[{"width":750,"height":430,"url":"https:\/\/lequotidien.mr\/wp-content\/uploads\/2026\/01\/photo-fest-Bourat.jpg","type":"image\/jpeg"}],"author":"Med Ahmed","twitter_card":"summary_large_image","twitter_creator":"@lequotidienmr","twitter_site":"@lequotidienmr","twitter_misc":{"\u0643\u064f\u062a\u0628 \u0628\u0648\u0627\u0633\u0637\u0629":"Med Ahmed","\u0648\u0642\u062a \u0627\u0644\u0642\u0631\u0627\u0621\u0629 \u0627\u0644\u0645\u064f\u0642\u062f\u0651\u0631":"5 \u062f\u0642\u0627\u0626\u0642"},"schema":{"@context":"https:\/\/schema.org","@graph":[{"@type":"Article","@id":"https:\/\/lequotidien.mr\/?p=33496&lang=fr#article","isPartOf":{"@id":"https:\/\/lequotidien.mr\/?p=33496&lang=fr"},"author":{"name":"Med Ahmed","@id":"https:\/\/lequotidien.mr\/#\/schema\/person\/d2d350202a4d599685ed8abc25f97596"},"headline":"Le Festival Taghalit \u00e0 Bourat : Une c\u00e9l\u00e9bration de la terre, de la culture et de la souverainet\u00e9 alimentaire","datePublished":"2026-01-06T10:27:43+00:00","mainEntityOfPage":{"@id":"https:\/\/lequotidien.mr\/?p=33496&lang=fr"},"wordCount":647,"commentCount":0,"publisher":{"@id":"https:\/\/lequotidien.mr\/#organization"},"image":{"@id":"https:\/\/lequotidien.mr\/?p=33496&lang=fr#primaryimage"},"thumbnailUrl":"https:\/\/lequotidien.mr\/wp-content\/uploads\/2026\/01\/photo-fest-Bourat.jpg","articleSection":["ACTUALIT\u00c9","Culture"],"inLanguage":"ar","potentialAction":[{"@type":"CommentAction","name":"Comment","target":["https:\/\/lequotidien.mr\/?p=33496&lang=fr#respond"]}]},{"@type":"WebPage","@id":"https:\/\/lequotidien.mr\/?p=33496&lang=fr","url":"https:\/\/lequotidien.mr\/?p=33496&lang=fr","name":"Le Festival Taghalit \u00e0 Bourat : Une c\u00e9l\u00e9bration de la terre, de la culture et de la souverainet\u00e9 alimentaire - Le Quotidien de Nouakchott","isPartOf":{"@id":"https:\/\/lequotidien.mr\/#website"},"primaryImageOfPage":{"@id":"https:\/\/lequotidien.mr\/?p=33496&lang=fr#primaryimage"},"image":{"@id":"https:\/\/lequotidien.mr\/?p=33496&lang=fr#primaryimage"},"thumbnailUrl":"https:\/\/lequotidien.mr\/wp-content\/uploads\/2026\/01\/photo-fest-Bourat.jpg","datePublished":"2026-01-06T10:27:43+00:00","breadcrumb":{"@id":"https:\/\/lequotidien.mr\/?p=33496&lang=fr#breadcrumb"},"inLanguage":"ar","potentialAction":[{"@type":"ReadAction","target":["https:\/\/lequotidien.mr\/?p=33496&lang=fr"]}]},{"@type":"ImageObject","inLanguage":"ar","@id":"https:\/\/lequotidien.mr\/?p=33496&lang=fr#primaryimage","url":"https:\/\/lequotidien.mr\/wp-content\/uploads\/2026\/01\/photo-fest-Bourat.jpg","contentUrl":"https:\/\/lequotidien.mr\/wp-content\/uploads\/2026\/01\/photo-fest-Bourat.jpg","width":750,"height":430},{"@type":"BreadcrumbList","@id":"https:\/\/lequotidien.mr\/?p=33496&lang=fr#breadcrumb","itemListElement":[{"@type":"ListItem","position":1,"name":"Home","item":"https:\/\/lequotidien.mr\/"},{"@type":"ListItem","position":2,"name":"Le Festival Taghalit \u00e0 Bourat : Une c\u00e9l\u00e9bration de la terre, de la culture et de la souverainet\u00e9 alimentaire"}]},{"@type":"WebSite","@id":"https:\/\/lequotidien.mr\/#website","url":"https:\/\/lequotidien.mr\/","name":"Le Quotidien de Nouakchott","description":"\u0625\u062e\u0628\u0627\u0631\u064a\u0629 \u0645\u0633\u062a\u0642\u0644\u0629 \u0644\u0644\u0623\u0646\u0628\u0627\u0621 \u0627\u0644\u0639\u0627\u0645\u0629","publisher":{"@id":"https:\/\/lequotidien.mr\/#organization"},"potentialAction":[{"@type":"SearchAction","target":{"@type":"EntryPoint","urlTemplate":"https:\/\/lequotidien.mr\/?s={search_term_string}"},"query-input":{"@type":"PropertyValueSpecification","valueRequired":true,"valueName":"search_term_string"}}],"inLanguage":"ar"},{"@type":"Organization","@id":"https:\/\/lequotidien.mr\/#organization","name":"Le Quotidien de Nouakchott","url":"https:\/\/lequotidien.mr\/","logo":{"@type":"ImageObject","inLanguage":"ar","@id":"https:\/\/lequotidien.mr\/#\/schema\/logo\/image\/","url":"https:\/\/lequotidien.mr\/wp-content\/uploads\/2022\/11\/logolequotidien.jpg","contentUrl":"https:\/\/lequotidien.mr\/wp-content\/uploads\/2022\/11\/logolequotidien.jpg","width":290,"height":65,"caption":"Le Quotidien de Nouakchott"},"image":{"@id":"https:\/\/lequotidien.mr\/#\/schema\/logo\/image\/"},"sameAs":["https:\/\/web.facebook.com\/lequotidienmr","https:\/\/x.com\/lequotidienmr"]},{"@type":"Person","@id":"https:\/\/lequotidien.mr\/#\/schema\/person\/d2d350202a4d599685ed8abc25f97596","name":"Med Ahmed","image":{"@type":"ImageObject","inLanguage":"ar","@id":"https:\/\/secure.gravatar.com\/avatar\/fd2acc62ed50732923d1d39c17172c9b04149f142be92310ecc69e1358f94b52?s=96&d=mm&r=g","url":"https:\/\/secure.gravatar.com\/avatar\/fd2acc62ed50732923d1d39c17172c9b04149f142be92310ecc69e1358f94b52?s=96&d=mm&r=g","contentUrl":"https:\/\/secure.gravatar.com\/avatar\/fd2acc62ed50732923d1d39c17172c9b04149f142be92310ecc69e1358f94b52?s=96&d=mm&r=g","caption":"Med Ahmed"},"url":"https:\/\/lequotidien.mr\/?author=12"}]}},"_links":{"self":[{"href":"https:\/\/lequotidien.mr\/index.php?rest_route=\/wp\/v2\/posts\/33496","targetHints":{"allow":["GET"]}}],"collection":[{"href":"https:\/\/lequotidien.mr\/index.php?rest_route=\/wp\/v2\/posts"}],"about":[{"href":"https:\/\/lequotidien.mr\/index.php?rest_route=\/wp\/v2\/types\/post"}],"author":[{"embeddable":true,"href":"https:\/\/lequotidien.mr\/index.php?rest_route=\/wp\/v2\/users\/12"}],"replies":[{"embeddable":true,"href":"https:\/\/lequotidien.mr\/index.php?rest_route=%2Fwp%2Fv2%2Fcomments&post=33496"}],"version-history":[{"count":1,"href":"https:\/\/lequotidien.mr\/index.php?rest_route=\/wp\/v2\/posts\/33496\/revisions"}],"predecessor-version":[{"id":33500,"href":"https:\/\/lequotidien.mr\/index.php?rest_route=\/wp\/v2\/posts\/33496\/revisions\/33500"}],"wp:featuredmedia":[{"embeddable":true,"href":"https:\/\/lequotidien.mr\/index.php?rest_route=\/wp\/v2\/media\/33499"}],"wp:attachment":[{"href":"https:\/\/lequotidien.mr\/index.php?rest_route=%2Fwp%2Fv2%2Fmedia&parent=33496"}],"wp:term":[{"taxonomy":"category","embeddable":true,"href":"https:\/\/lequotidien.mr\/index.php?rest_route=%2Fwp%2Fv2%2Fcategories&post=33496"},{"taxonomy":"post_tag","embeddable":true,"href":"https:\/\/lequotidien.mr\/index.php?rest_route=%2Fwp%2Fv2%2Ftags&post=33496"}],"curies":[{"name":"wp","href":"https:\/\/api.w.org\/{rel}","templated":true}]}}