{"id":33493,"date":"2026-01-05T22:21:00","date_gmt":"2026-01-05T22:21:00","guid":{"rendered":"https:\/\/lequotidien.mr\/?p=33493"},"modified":"2026-01-05T22:21:00","modified_gmt":"2026-01-05T22:21:00","slug":"atelier-scientifique-sur-la-langue-arabe-nouakchott-la-langue-arabe-dans-le-contexte-des-migrations-et-de-lidentite-arabe-en-mauritanie-et-dans-le-monde","status":"publish","type":"post","link":"https:\/\/lequotidien.mr\/?p=33493&lang=fr","title":{"rendered":"Atelier scientifique sur la langue arabe\/Nouakchott : \u00ab La langue arabe dans le contexte des migrations et de l\u2019identit\u00e9 arabe en Mauritanie et dans le monde \u00bb"},"content":{"rendered":"<p>Les travaux d\u2019un atelier scientifique sp\u00e9cialis\u00e9 de haut niveau sur\u00a0<strong>\u00ab La langue arabe dans le contexte des migrations et de l\u2019identit\u00e9 arabe en Mauritanie et dans le monde \u00bb<\/strong>\u00a0ont d\u00e9but\u00e9, ce lundi matin \u00e0 Nouakchott. Organis\u00e9 par <strong>l\u2019Organisation arabe pour l\u2019\u00e9ducation, la culture et les sciences (ALECSO)<\/strong>, en coop\u00e9ration avec la Commission nationale mauritanienne pour l\u2019\u00e9ducation, la culture et les sciences, cet \u00e9v\u00e9nement de trois jours r\u00e9unit une \u00e9lite de professeurs, chercheurs et \u00e9ducateurs nationaux et internationaux.<\/p>\n<p>L\u2019objectif central est de d\u00e9battre des d\u00e9fis de la pr\u00e9servation de la langue arabe et du renforcement de l\u2019identit\u00e9 linguistique et culturelle, face aux transformations d\u00e9mographiques et aux flux migratoires. Cet atelier s\u2019inscrit dans le cadre des efforts nationaux visant \u00e0 soutenir la langue arabe et \u00e0 consolider les valeurs d\u2019appartenance dans une soci\u00e9t\u00e9 aux influences multiples.<\/p>\n<p><strong>Un pilier strat\u00e9gique du projet de la r\u00e9forme <\/strong><\/p>\n<p>Ouvrant les travaux, <strong>la ministre de l\u2019\u00c9ducation et de la R\u00e9forme du Syst\u00e8me d\u2019Enseignement, Mme\u00a0<\/strong><strong>Houda Babah<\/strong>, a affirm\u00e9 que son d\u00e9partement, incarnant l\u2019engagement du <strong>Pr\u00e9sident de la R\u00e9publique, M. Mohamed Cheikh El Ghazouani<\/strong>, poursuit la consolidation de la place de l\u2019arabe via des programmes modernes, une formation qualitative des enseignants et des politiques \u00e9ducatives \u00e9quilibr\u00e9es. <strong><em>\u00ab La pr\u00e9servation de la langue arabe et le renforcement de sa pr\u00e9sence repr\u00e9sentent un choix strat\u00e9gique pour l\u2019\u00c9tat et une partie int\u00e9grante de son projet de r\u00e9forme global \u00bb<\/em><\/strong>, a-t-elle d\u00e9clar\u00e9, soulignant que l\u2019ouverture aux autres langues et cultures renforce, et n\u2019affaiblit pas, le dialogue et l\u2019int\u00e9gration dans un monde en mutation.<\/p>\n<p>Le <strong>Secr\u00e9taire g\u00e9n\u00e9ral du Minist\u00e8re de l\u2019Enseignement sup\u00e9rieur et de la Recherche scientifique, M.\u00a0Mohamed Bilal<\/strong>, a abond\u00e9 dans le m\u00eame sens, pr\u00e9sentant l\u2019atelier comme une incarnation pratique de la vision pr\u00e9sidentielle pla\u00e7ant la promotion de l\u2019arabe et des langues nationales au premier rang des priorit\u00e9s. Il a salu\u00e9 le r\u00f4le historique de la Mauritanie, <strong><em>\u00ab phare de la science et bastion imprenable de l\u2019arabe \u00bb<\/em><\/strong>, et affirm\u00e9 que cette langue est aujourd\u2019hui comprise comme <strong><em>\u00ab un pilier souverain et un outil strat\u00e9gique pour prot\u00e9ger l\u2019unit\u00e9 nationale \u00bb.<\/em><\/strong><\/p>\n<p><strong>L\u2019Arabe : M\u00e9moire civilisationnelle et question d\u2019avenir<\/strong><\/p>\n<p>Le <strong>Directeur g\u00e9n\u00e9ral de l\u2019ALECSO, M.\u00a0Mohamed Amar<\/strong>, a donn\u00e9 une dimension civilisationnelle aux d\u00e9bats, d\u00e9finissant l\u2019arabe <strong><em>comme \u00ab une structure de conscience, une profondeur d\u2019appartenance et une m\u00e9moire civilisationnelle \u00bb<\/em><\/strong>. Il a estim\u00e9 que le th\u00e8me de l\u2019atelier ouvre un horizon profond pour comprendre le lien complexe entre langue, identit\u00e9 et migrations, l\u2019arabe \u00e9tant <strong><em>\u00ab un v\u00e9hicule porteur d\u2019identit\u00e9 partout o\u00f9 l\u2019\u00eatre humain se d\u00e9place \u00bb<\/em><\/strong>. Mettant en avant le r\u00f4le historique de la Mahadara de Chinguetti, il a insist\u00e9 sur la conviction de l\u2019ALECSO que <strong><em>\u00ab l\u2019arabe est une question d\u2019avenir \u00bb<\/em><\/strong>, appelant \u00e0 d\u00e9velopper son enseignement pour qu\u2019il interagisse avec les d\u00e9fis du num\u00e9rique, des migrations et de la mondialisation.<\/p>\n<p>Le <strong>Secr\u00e9taire g\u00e9n\u00e9ral de la Commission nationale, M.\u00a0Mohamed Sidi Abdallah<\/strong>, a soulign\u00e9 la r\u00e9silience de l\u2019arabe, qui, malgr\u00e9 les d\u00e9fis de la num\u00e9risation, poss\u00e8de <strong><em>\u00ab des \u00e9l\u00e9ments de force renouvel\u00e9s gr\u00e2ce \u00e0 sa capacit\u00e9 de d\u00e9rivation et de g\u00e9n\u00e9ration \u00bb.<\/em><\/strong><\/p>\n<p><strong>Une position mondiale \u00e0 consolider par la modernisation<\/strong><\/p>\n<p>Le <strong>pr\u00e9sident du Conseil de la Langue Arabe, M.\u00a0El Khalil Enahoui<\/strong>, a rappel\u00e9 la position privil\u00e9gi\u00e9e de l\u2019arabe, <strong><em>\u00ab deuxi\u00e8me langue la plus r\u00e9pandue au monde et premi\u00e8re en Afrique \u00bb.<\/em><\/strong> Cette position, due \u00e0 son r\u00f4le dans la transmission des sciences et en tant que langue de religion et de civilisation, n\u00e9cessite, selon lui, <strong><em>d\u2019\u00ab investir dans son enseignement, moderniser ses programmes et la relier aux questions contemporaines \u00bb.<\/em><\/strong><\/p>\n<p><strong>Reconnaissance et perspectives<\/strong><\/p>\n<p>Les activit\u00e9s de la premi\u00e8re journ\u00e9e ont \u00e9t\u00e9 ponctu\u00e9es par la remise de\u00a0<strong>troph\u00e9es honorifiques<\/strong>\u00a0\u00e0 la ministre Houda Babah et au Pr\u00e9sident de la Commission Nationale, en reconnaissance de leur r\u00f4le dans le soutien aux politiques linguistiques et \u00e9ducatives.<\/p>\n<p>Les travaux de cet atelier, qui se poursuivront durant trois jours, se d\u00e9roulent en pr\u00e9sence du Secr\u00e9taire g\u00e9n\u00e9ral du minist\u00e8re de l\u2019\u00c9ducation et de nombreux professeurs et penseurs. Les recommandations qui en \u00e9maneront sont attendues pour alimenter une vision pratique visant \u00e0 soutenir les politiques linguistiques nationales et \u00e0 faire face aux d\u00e9fis soci\u00e9taux contemporains.<\/p>\n","protected":false},"excerpt":{"rendered":"<p>Les travaux d\u2019un atelier scientifique sp\u00e9cialis\u00e9 de haut niveau sur\u00a0\u00ab La langue arabe dans le contexte des migrations et de l\u2019identit\u00e9 arabe en Mauritanie et dans le monde \u00bb\u00a0ont d\u00e9but\u00e9, ce lundi matin \u00e0 Nouakchott. Organis\u00e9 par l\u2019Organisation arabe pour l\u2019\u00e9ducation, la culture et les sciences (ALECSO), en coop\u00e9ration avec la Commission nationale mauritanienne pour&#8230;..<\/p>\n","protected":false},"author":12,"featured_media":33494,"comment_status":"open","ping_status":"open","sticky":false,"template":"","format":"standard","meta":{"footnotes":""},"categories":[23,55],"tags":[],"class_list":["post-33493","post","type-post","status-publish","format-standard","has-post-thumbnail","hentry","category-actualite","category-culture"],"yoast_head":"<!-- This site is optimized with the Yoast SEO plugin v27.5 - https:\/\/yoast.com\/product\/yoast-seo-wordpress\/ -->\n<title>Atelier scientifique sur la langue arabe\/Nouakchott : \u00ab La langue arabe dans le contexte des migrations et de l\u2019identit\u00e9 arabe en Mauritanie et dans le monde \u00bb - Le Quotidien de Nouakchott<\/title>\n<meta name=\"robots\" content=\"index, follow, max-snippet:-1, max-image-preview:large, max-video-preview:-1\" \/>\n<link rel=\"canonical\" href=\"https:\/\/lequotidien.mr\/?p=33493&lang=fr\" \/>\n<meta property=\"og:locale\" content=\"ar_AR\" \/>\n<meta property=\"og:type\" content=\"article\" \/>\n<meta property=\"og:title\" content=\"Atelier scientifique sur la langue arabe\/Nouakchott : \u00ab La langue arabe dans le contexte des migrations et de l\u2019identit\u00e9 arabe en Mauritanie et dans le monde \u00bb - Le Quotidien de Nouakchott\" \/>\n<meta property=\"og:description\" content=\"Les travaux d\u2019un atelier scientifique sp\u00e9cialis\u00e9 de haut niveau sur\u00a0\u00ab La langue arabe dans le contexte des migrations et de l\u2019identit\u00e9 arabe en Mauritanie et dans le monde \u00bb\u00a0ont d\u00e9but\u00e9, ce lundi matin \u00e0 Nouakchott. Organis\u00e9 par l\u2019Organisation arabe pour l\u2019\u00e9ducation, la culture et les sciences (ALECSO), en coop\u00e9ration avec la Commission nationale mauritanienne pour.....\" \/>\n<meta property=\"og:url\" content=\"https:\/\/lequotidien.mr\/?p=33493&amp;lang=fr\" \/>\n<meta property=\"og:site_name\" content=\"Le Quotidien de Nouakchott\" \/>\n<meta property=\"article:publisher\" content=\"https:\/\/web.facebook.com\/lequotidienmr\" \/>\n<meta property=\"article:published_time\" content=\"2026-01-05T22:21:00+00:00\" \/>\n<meta property=\"og:image\" content=\"https:\/\/lequotidien.mr\/wp-content\/uploads\/2026\/01\/photo-lgue-arabe.jpg\" \/>\n\t<meta property=\"og:image:width\" content=\"652\" \/>\n\t<meta property=\"og:image:height\" content=\"321\" \/>\n\t<meta property=\"og:image:type\" content=\"image\/jpeg\" \/>\n<meta name=\"author\" content=\"Med Ahmed\" \/>\n<meta name=\"twitter:card\" content=\"summary_large_image\" \/>\n<meta name=\"twitter:creator\" content=\"@lequotidienmr\" \/>\n<meta name=\"twitter:site\" content=\"@lequotidienmr\" \/>\n<meta name=\"twitter:label1\" content=\"\u0643\u064f\u062a\u0628 \u0628\u0648\u0627\u0633\u0637\u0629\" \/>\n\t<meta name=\"twitter:data1\" content=\"Med Ahmed\" \/>\n\t<meta name=\"twitter:label2\" content=\"\u0648\u0642\u062a \u0627\u0644\u0642\u0631\u0627\u0621\u0629 \u0627\u0644\u0645\u064f\u0642\u062f\u0651\u0631\" \/>\n\t<meta name=\"twitter:data2\" content=\"5 \u062f\u0642\u0627\u0626\u0642\" \/>\n<script type=\"application\/ld+json\" class=\"yoast-schema-graph\">{\"@context\":\"https:\\\/\\\/schema.org\",\"@graph\":[{\"@type\":\"Article\",\"@id\":\"https:\\\/\\\/lequotidien.mr\\\/?p=33493&lang=fr#article\",\"isPartOf\":{\"@id\":\"https:\\\/\\\/lequotidien.mr\\\/?p=33493&lang=fr\"},\"author\":{\"name\":\"Med Ahmed\",\"@id\":\"https:\\\/\\\/lequotidien.mr\\\/#\\\/schema\\\/person\\\/d2d350202a4d599685ed8abc25f97596\"},\"headline\":\"Atelier scientifique sur la langue arabe\\\/Nouakchott : \u00ab La langue arabe dans le contexte des migrations et de l\u2019identit\u00e9 arabe en Mauritanie et dans le monde \u00bb\",\"datePublished\":\"2026-01-05T22:21:00+00:00\",\"mainEntityOfPage\":{\"@id\":\"https:\\\/\\\/lequotidien.mr\\\/?p=33493&lang=fr\"},\"wordCount\":802,\"commentCount\":0,\"publisher\":{\"@id\":\"https:\\\/\\\/lequotidien.mr\\\/#organization\"},\"image\":{\"@id\":\"https:\\\/\\\/lequotidien.mr\\\/?p=33493&lang=fr#primaryimage\"},\"thumbnailUrl\":\"https:\\\/\\\/lequotidien.mr\\\/wp-content\\\/uploads\\\/2026\\\/01\\\/photo-lgue-arabe.jpg\",\"articleSection\":[\"ACTUALIT\u00c9\",\"Culture\"],\"inLanguage\":\"ar\",\"potentialAction\":[{\"@type\":\"CommentAction\",\"name\":\"Comment\",\"target\":[\"https:\\\/\\\/lequotidien.mr\\\/?p=33493&lang=fr#respond\"]}]},{\"@type\":\"WebPage\",\"@id\":\"https:\\\/\\\/lequotidien.mr\\\/?p=33493&lang=fr\",\"url\":\"https:\\\/\\\/lequotidien.mr\\\/?p=33493&lang=fr\",\"name\":\"Atelier scientifique sur la langue arabe\\\/Nouakchott : \u00ab La langue arabe dans le contexte des migrations et de l\u2019identit\u00e9 arabe en Mauritanie et dans le monde \u00bb - Le Quotidien de Nouakchott\",\"isPartOf\":{\"@id\":\"https:\\\/\\\/lequotidien.mr\\\/#website\"},\"primaryImageOfPage\":{\"@id\":\"https:\\\/\\\/lequotidien.mr\\\/?p=33493&lang=fr#primaryimage\"},\"image\":{\"@id\":\"https:\\\/\\\/lequotidien.mr\\\/?p=33493&lang=fr#primaryimage\"},\"thumbnailUrl\":\"https:\\\/\\\/lequotidien.mr\\\/wp-content\\\/uploads\\\/2026\\\/01\\\/photo-lgue-arabe.jpg\",\"datePublished\":\"2026-01-05T22:21:00+00:00\",\"breadcrumb\":{\"@id\":\"https:\\\/\\\/lequotidien.mr\\\/?p=33493&lang=fr#breadcrumb\"},\"inLanguage\":\"ar\",\"potentialAction\":[{\"@type\":\"ReadAction\",\"target\":[\"https:\\\/\\\/lequotidien.mr\\\/?p=33493&lang=fr\"]}]},{\"@type\":\"ImageObject\",\"inLanguage\":\"ar\",\"@id\":\"https:\\\/\\\/lequotidien.mr\\\/?p=33493&lang=fr#primaryimage\",\"url\":\"https:\\\/\\\/lequotidien.mr\\\/wp-content\\\/uploads\\\/2026\\\/01\\\/photo-lgue-arabe.jpg\",\"contentUrl\":\"https:\\\/\\\/lequotidien.mr\\\/wp-content\\\/uploads\\\/2026\\\/01\\\/photo-lgue-arabe.jpg\",\"width\":652,\"height\":321},{\"@type\":\"BreadcrumbList\",\"@id\":\"https:\\\/\\\/lequotidien.mr\\\/?p=33493&lang=fr#breadcrumb\",\"itemListElement\":[{\"@type\":\"ListItem\",\"position\":1,\"name\":\"Home\",\"item\":\"https:\\\/\\\/lequotidien.mr\\\/\"},{\"@type\":\"ListItem\",\"position\":2,\"name\":\"Atelier scientifique sur la langue arabe\\\/Nouakchott : \u00ab La langue arabe dans le contexte des migrations et de l\u2019identit\u00e9 arabe en Mauritanie et dans le monde \u00bb\"}]},{\"@type\":\"WebSite\",\"@id\":\"https:\\\/\\\/lequotidien.mr\\\/#website\",\"url\":\"https:\\\/\\\/lequotidien.mr\\\/\",\"name\":\"Le Quotidien de Nouakchott\",\"description\":\"\u0625\u062e\u0628\u0627\u0631\u064a\u0629 \u0645\u0633\u062a\u0642\u0644\u0629 \u0644\u0644\u0623\u0646\u0628\u0627\u0621 \u0627\u0644\u0639\u0627\u0645\u0629\",\"publisher\":{\"@id\":\"https:\\\/\\\/lequotidien.mr\\\/#organization\"},\"potentialAction\":[{\"@type\":\"SearchAction\",\"target\":{\"@type\":\"EntryPoint\",\"urlTemplate\":\"https:\\\/\\\/lequotidien.mr\\\/?s={search_term_string}\"},\"query-input\":{\"@type\":\"PropertyValueSpecification\",\"valueRequired\":true,\"valueName\":\"search_term_string\"}}],\"inLanguage\":\"ar\"},{\"@type\":\"Organization\",\"@id\":\"https:\\\/\\\/lequotidien.mr\\\/#organization\",\"name\":\"Le Quotidien de Nouakchott\",\"url\":\"https:\\\/\\\/lequotidien.mr\\\/\",\"logo\":{\"@type\":\"ImageObject\",\"inLanguage\":\"ar\",\"@id\":\"https:\\\/\\\/lequotidien.mr\\\/#\\\/schema\\\/logo\\\/image\\\/\",\"url\":\"https:\\\/\\\/lequotidien.mr\\\/wp-content\\\/uploads\\\/2022\\\/11\\\/logolequotidien.jpg\",\"contentUrl\":\"https:\\\/\\\/lequotidien.mr\\\/wp-content\\\/uploads\\\/2022\\\/11\\\/logolequotidien.jpg\",\"width\":290,\"height\":65,\"caption\":\"Le Quotidien de Nouakchott\"},\"image\":{\"@id\":\"https:\\\/\\\/lequotidien.mr\\\/#\\\/schema\\\/logo\\\/image\\\/\"},\"sameAs\":[\"https:\\\/\\\/web.facebook.com\\\/lequotidienmr\",\"https:\\\/\\\/x.com\\\/lequotidienmr\"]},{\"@type\":\"Person\",\"@id\":\"https:\\\/\\\/lequotidien.mr\\\/#\\\/schema\\\/person\\\/d2d350202a4d599685ed8abc25f97596\",\"name\":\"Med Ahmed\",\"image\":{\"@type\":\"ImageObject\",\"inLanguage\":\"ar\",\"@id\":\"https:\\\/\\\/secure.gravatar.com\\\/avatar\\\/fd2acc62ed50732923d1d39c17172c9b04149f142be92310ecc69e1358f94b52?s=96&d=mm&r=g\",\"url\":\"https:\\\/\\\/secure.gravatar.com\\\/avatar\\\/fd2acc62ed50732923d1d39c17172c9b04149f142be92310ecc69e1358f94b52?s=96&d=mm&r=g\",\"contentUrl\":\"https:\\\/\\\/secure.gravatar.com\\\/avatar\\\/fd2acc62ed50732923d1d39c17172c9b04149f142be92310ecc69e1358f94b52?s=96&d=mm&r=g\",\"caption\":\"Med Ahmed\"},\"url\":\"https:\\\/\\\/lequotidien.mr\\\/?author=12\"}]}<\/script>\n<!-- \/ Yoast SEO plugin. -->","yoast_head_json":{"title":"Atelier scientifique sur la langue arabe\/Nouakchott : \u00ab La langue arabe dans le contexte des migrations et de l\u2019identit\u00e9 arabe en Mauritanie et dans le monde \u00bb - Le Quotidien de Nouakchott","robots":{"index":"index","follow":"follow","max-snippet":"max-snippet:-1","max-image-preview":"max-image-preview:large","max-video-preview":"max-video-preview:-1"},"canonical":"https:\/\/lequotidien.mr\/?p=33493&lang=fr","og_locale":"ar_AR","og_type":"article","og_title":"Atelier scientifique sur la langue arabe\/Nouakchott : \u00ab La langue arabe dans le contexte des migrations et de l\u2019identit\u00e9 arabe en Mauritanie et dans le monde \u00bb - Le Quotidien de Nouakchott","og_description":"Les travaux d\u2019un atelier scientifique sp\u00e9cialis\u00e9 de haut niveau sur\u00a0\u00ab La langue arabe dans le contexte des migrations et de l\u2019identit\u00e9 arabe en Mauritanie et dans le monde \u00bb\u00a0ont d\u00e9but\u00e9, ce lundi matin \u00e0 Nouakchott. Organis\u00e9 par l\u2019Organisation arabe pour l\u2019\u00e9ducation, la culture et les sciences (ALECSO), en coop\u00e9ration avec la Commission nationale mauritanienne pour.....","og_url":"https:\/\/lequotidien.mr\/?p=33493&lang=fr","og_site_name":"Le Quotidien de Nouakchott","article_publisher":"https:\/\/web.facebook.com\/lequotidienmr","article_published_time":"2026-01-05T22:21:00+00:00","og_image":[{"width":652,"height":321,"url":"https:\/\/lequotidien.mr\/wp-content\/uploads\/2026\/01\/photo-lgue-arabe.jpg","type":"image\/jpeg"}],"author":"Med Ahmed","twitter_card":"summary_large_image","twitter_creator":"@lequotidienmr","twitter_site":"@lequotidienmr","twitter_misc":{"\u0643\u064f\u062a\u0628 \u0628\u0648\u0627\u0633\u0637\u0629":"Med Ahmed","\u0648\u0642\u062a \u0627\u0644\u0642\u0631\u0627\u0621\u0629 \u0627\u0644\u0645\u064f\u0642\u062f\u0651\u0631":"5 \u062f\u0642\u0627\u0626\u0642"},"schema":{"@context":"https:\/\/schema.org","@graph":[{"@type":"Article","@id":"https:\/\/lequotidien.mr\/?p=33493&lang=fr#article","isPartOf":{"@id":"https:\/\/lequotidien.mr\/?p=33493&lang=fr"},"author":{"name":"Med Ahmed","@id":"https:\/\/lequotidien.mr\/#\/schema\/person\/d2d350202a4d599685ed8abc25f97596"},"headline":"Atelier scientifique sur la langue arabe\/Nouakchott : \u00ab La langue arabe dans le contexte des migrations et de l\u2019identit\u00e9 arabe en Mauritanie et dans le monde \u00bb","datePublished":"2026-01-05T22:21:00+00:00","mainEntityOfPage":{"@id":"https:\/\/lequotidien.mr\/?p=33493&lang=fr"},"wordCount":802,"commentCount":0,"publisher":{"@id":"https:\/\/lequotidien.mr\/#organization"},"image":{"@id":"https:\/\/lequotidien.mr\/?p=33493&lang=fr#primaryimage"},"thumbnailUrl":"https:\/\/lequotidien.mr\/wp-content\/uploads\/2026\/01\/photo-lgue-arabe.jpg","articleSection":["ACTUALIT\u00c9","Culture"],"inLanguage":"ar","potentialAction":[{"@type":"CommentAction","name":"Comment","target":["https:\/\/lequotidien.mr\/?p=33493&lang=fr#respond"]}]},{"@type":"WebPage","@id":"https:\/\/lequotidien.mr\/?p=33493&lang=fr","url":"https:\/\/lequotidien.mr\/?p=33493&lang=fr","name":"Atelier scientifique sur la langue arabe\/Nouakchott : \u00ab La langue arabe dans le contexte des migrations et de l\u2019identit\u00e9 arabe en Mauritanie et dans le monde \u00bb - Le Quotidien de Nouakchott","isPartOf":{"@id":"https:\/\/lequotidien.mr\/#website"},"primaryImageOfPage":{"@id":"https:\/\/lequotidien.mr\/?p=33493&lang=fr#primaryimage"},"image":{"@id":"https:\/\/lequotidien.mr\/?p=33493&lang=fr#primaryimage"},"thumbnailUrl":"https:\/\/lequotidien.mr\/wp-content\/uploads\/2026\/01\/photo-lgue-arabe.jpg","datePublished":"2026-01-05T22:21:00+00:00","breadcrumb":{"@id":"https:\/\/lequotidien.mr\/?p=33493&lang=fr#breadcrumb"},"inLanguage":"ar","potentialAction":[{"@type":"ReadAction","target":["https:\/\/lequotidien.mr\/?p=33493&lang=fr"]}]},{"@type":"ImageObject","inLanguage":"ar","@id":"https:\/\/lequotidien.mr\/?p=33493&lang=fr#primaryimage","url":"https:\/\/lequotidien.mr\/wp-content\/uploads\/2026\/01\/photo-lgue-arabe.jpg","contentUrl":"https:\/\/lequotidien.mr\/wp-content\/uploads\/2026\/01\/photo-lgue-arabe.jpg","width":652,"height":321},{"@type":"BreadcrumbList","@id":"https:\/\/lequotidien.mr\/?p=33493&lang=fr#breadcrumb","itemListElement":[{"@type":"ListItem","position":1,"name":"Home","item":"https:\/\/lequotidien.mr\/"},{"@type":"ListItem","position":2,"name":"Atelier scientifique sur la langue arabe\/Nouakchott : \u00ab La langue arabe dans le contexte des migrations et de l\u2019identit\u00e9 arabe en Mauritanie et dans le monde \u00bb"}]},{"@type":"WebSite","@id":"https:\/\/lequotidien.mr\/#website","url":"https:\/\/lequotidien.mr\/","name":"Le Quotidien de Nouakchott","description":"\u0625\u062e\u0628\u0627\u0631\u064a\u0629 \u0645\u0633\u062a\u0642\u0644\u0629 \u0644\u0644\u0623\u0646\u0628\u0627\u0621 \u0627\u0644\u0639\u0627\u0645\u0629","publisher":{"@id":"https:\/\/lequotidien.mr\/#organization"},"potentialAction":[{"@type":"SearchAction","target":{"@type":"EntryPoint","urlTemplate":"https:\/\/lequotidien.mr\/?s={search_term_string}"},"query-input":{"@type":"PropertyValueSpecification","valueRequired":true,"valueName":"search_term_string"}}],"inLanguage":"ar"},{"@type":"Organization","@id":"https:\/\/lequotidien.mr\/#organization","name":"Le Quotidien de Nouakchott","url":"https:\/\/lequotidien.mr\/","logo":{"@type":"ImageObject","inLanguage":"ar","@id":"https:\/\/lequotidien.mr\/#\/schema\/logo\/image\/","url":"https:\/\/lequotidien.mr\/wp-content\/uploads\/2022\/11\/logolequotidien.jpg","contentUrl":"https:\/\/lequotidien.mr\/wp-content\/uploads\/2022\/11\/logolequotidien.jpg","width":290,"height":65,"caption":"Le Quotidien de Nouakchott"},"image":{"@id":"https:\/\/lequotidien.mr\/#\/schema\/logo\/image\/"},"sameAs":["https:\/\/web.facebook.com\/lequotidienmr","https:\/\/x.com\/lequotidienmr"]},{"@type":"Person","@id":"https:\/\/lequotidien.mr\/#\/schema\/person\/d2d350202a4d599685ed8abc25f97596","name":"Med Ahmed","image":{"@type":"ImageObject","inLanguage":"ar","@id":"https:\/\/secure.gravatar.com\/avatar\/fd2acc62ed50732923d1d39c17172c9b04149f142be92310ecc69e1358f94b52?s=96&d=mm&r=g","url":"https:\/\/secure.gravatar.com\/avatar\/fd2acc62ed50732923d1d39c17172c9b04149f142be92310ecc69e1358f94b52?s=96&d=mm&r=g","contentUrl":"https:\/\/secure.gravatar.com\/avatar\/fd2acc62ed50732923d1d39c17172c9b04149f142be92310ecc69e1358f94b52?s=96&d=mm&r=g","caption":"Med Ahmed"},"url":"https:\/\/lequotidien.mr\/?author=12"}]}},"_links":{"self":[{"href":"https:\/\/lequotidien.mr\/index.php?rest_route=\/wp\/v2\/posts\/33493","targetHints":{"allow":["GET"]}}],"collection":[{"href":"https:\/\/lequotidien.mr\/index.php?rest_route=\/wp\/v2\/posts"}],"about":[{"href":"https:\/\/lequotidien.mr\/index.php?rest_route=\/wp\/v2\/types\/post"}],"author":[{"embeddable":true,"href":"https:\/\/lequotidien.mr\/index.php?rest_route=\/wp\/v2\/users\/12"}],"replies":[{"embeddable":true,"href":"https:\/\/lequotidien.mr\/index.php?rest_route=%2Fwp%2Fv2%2Fcomments&post=33493"}],"version-history":[{"count":1,"href":"https:\/\/lequotidien.mr\/index.php?rest_route=\/wp\/v2\/posts\/33493\/revisions"}],"predecessor-version":[{"id":33495,"href":"https:\/\/lequotidien.mr\/index.php?rest_route=\/wp\/v2\/posts\/33493\/revisions\/33495"}],"wp:featuredmedia":[{"embeddable":true,"href":"https:\/\/lequotidien.mr\/index.php?rest_route=\/wp\/v2\/media\/33494"}],"wp:attachment":[{"href":"https:\/\/lequotidien.mr\/index.php?rest_route=%2Fwp%2Fv2%2Fmedia&parent=33493"}],"wp:term":[{"taxonomy":"category","embeddable":true,"href":"https:\/\/lequotidien.mr\/index.php?rest_route=%2Fwp%2Fv2%2Fcategories&post=33493"},{"taxonomy":"post_tag","embeddable":true,"href":"https:\/\/lequotidien.mr\/index.php?rest_route=%2Fwp%2Fv2%2Ftags&post=33493"}],"curies":[{"name":"wp","href":"https:\/\/api.w.org\/{rel}","templated":true}]}}