{"id":3338,"date":"2023-01-17T23:32:29","date_gmt":"2023-01-17T23:32:29","guid":{"rendered":"https:\/\/lequotidien.mr\/?p=3338"},"modified":"2023-01-20T22:11:31","modified_gmt":"2023-01-20T22:11:31","slug":"la-reponse-des-avocats-de-letat-mauritanien-aux-defenseurs-de-mohamed-ould-abdel-aziz","status":"publish","type":"post","link":"https:\/\/lequotidien.mr\/?p=3338&lang=fr","title":{"rendered":"La r\u00e9ponse des avocats de l\u2019\u00c9tat mauritanien aux d\u00e9fenseurs de Mohamed Ould Abdel Aziz"},"content":{"rendered":"<p>RFI-Afrique &#8211; L&#8217;ancien pr\u00e9sident mauritanien doit compara\u00eetre le 25 janvier pour r\u00e9pondre de corruption, blanchiment d&#8217;argent et enrichissement illicite. Ses d\u00e9fenseurs ont affirm\u00e9 que le greffe avait re\u00e7u des ordres pour ne pas leur transmettre le dossier.<\/p>\n<p>Ils d\u00e9noncent des violations des droits de leur client. Me Brahim Ould Ebety, le b\u00e2tonnier et pr\u00e9sident du collectif des avocats de l&#8217;Etat mauritanien conteste ses affirmations. Selon lui, le dossier a bien \u00e9t\u00e9 transmis.<\/p>\n<p>La d\u00e9fense de Mohamed Ould Abdel Aziz estime qu&#8217;elle ne peut pas se pr\u00e9parer \u00e0 l&#8217;audience et que le proc\u00e8s pr\u00e9vu le 25 janvier sera in\u00e9quitable. Pourtant, pour Me Brahim Ould Ebety, \u00ab les avocats de l\u2019ancien pr\u00e9sident ont obtenu le dossier. \u00bb<\/p>\n<p>Le b\u00e2tonnier et pr\u00e9sident du collectif des avocats de l&#8217;Etat mauritanien affirme s\u2019\u00eatre adress\u00e9 au greffe de la Cour qui lui a confirm\u00e9 l\u2019information : \u00ab Ils m\u2019ont dit qu\u2019il a \u00e9t\u00e9 remis depuis fort longtemps, et la preuve en est que ces avocats n\u2019ont pas demand\u00e9 de nouvelle demande. Ce qui explique pour le greffe que les avocats d\u00e9tiennent d\u00e9j\u00e0 le dossier. \u00bb<\/p>\n<p>Me Brahim Ould Ebety conteste \u00e9galement l\u2019id\u00e9e selon laquelle la proc\u00e9dure visant l\u2019ancien pr\u00e9sident serait un proc\u00e8s \u00ab politique \u00bb.<\/p>\n<p>\u00ab Je crois que d\u00e8s lors qu\u2019on entend les types d\u2019infractions reproch\u00e9es \u00e0 l\u2019ancien pr\u00e9sident, on doit exclure le politique, estime le b\u00e2tonnier. C\u2019est un proc\u00e8s de droit commun o\u00f9 un ancien pr\u00e9sident est appel\u00e9 \u00e0 r\u00e9pondre d\u2019un ensemble d\u2019infractions. J\u2019ai expliqu\u00e9 au pr\u00e9sident de la Cour, et il est dans le m\u00eame \u00e9tat d\u2019esprit, que nous tenons \u00e0 ce que ce proc\u00e8s soit le proc\u00e8s unique du genre en termes de garantie de l\u2019ensemble des droits de la d\u00e9fense pour tout le monde. \u00bb<\/p>\n<p>Par RFI<\/p>\n","protected":false},"excerpt":{"rendered":"<p>RFI-Afrique &#8211; L&#8217;ancien pr\u00e9sident mauritanien doit compara\u00eetre le 25 janvier pour r\u00e9pondre de corruption, blanchiment d&#8217;argent et enrichissement illicite. Ses d\u00e9fenseurs ont affirm\u00e9 que le greffe avait re\u00e7u des ordres pour ne pas leur transmettre le dossier. Ils d\u00e9noncent des violations des droits de leur client. Me Brahim Ould Ebety, le b\u00e2tonnier et pr\u00e9sident du&#8230;..<\/p>\n","protected":false},"author":5,"featured_media":3339,"comment_status":"open","ping_status":"open","sticky":false,"template":"","format":"standard","meta":{"footnotes":""},"categories":[23,59],"tags":[],"class_list":["post-3338","post","type-post","status-publish","format-standard","has-post-thumbnail","hentry","category-actualite","category-opinion"],"yoast_head":"<!-- This site is optimized with the Yoast SEO plugin v27.5 - https:\/\/yoast.com\/product\/yoast-seo-wordpress\/ -->\n<title>La r\u00e9ponse des avocats de l\u2019\u00c9tat mauritanien aux d\u00e9fenseurs de Mohamed Ould Abdel Aziz - Le Quotidien de Nouakchott<\/title>\n<meta name=\"robots\" content=\"index, follow, max-snippet:-1, max-image-preview:large, max-video-preview:-1\" \/>\n<link rel=\"canonical\" href=\"https:\/\/lequotidien.mr\/?p=3338&lang=fr\" \/>\n<meta property=\"og:locale\" content=\"ar_AR\" \/>\n<meta property=\"og:type\" content=\"article\" \/>\n<meta property=\"og:title\" content=\"La r\u00e9ponse des avocats de l\u2019\u00c9tat mauritanien aux d\u00e9fenseurs de Mohamed Ould Abdel Aziz - Le Quotidien de Nouakchott\" \/>\n<meta property=\"og:description\" content=\"RFI-Afrique &#8211; L&#8217;ancien pr\u00e9sident mauritanien doit compara\u00eetre le 25 janvier pour r\u00e9pondre de corruption, blanchiment d&#8217;argent et enrichissement illicite. Ses d\u00e9fenseurs ont affirm\u00e9 que le greffe avait re\u00e7u des ordres pour ne pas leur transmettre le dossier. Ils d\u00e9noncent des violations des droits de leur client. Me Brahim Ould Ebety, le b\u00e2tonnier et pr\u00e9sident du.....\" \/>\n<meta property=\"og:url\" content=\"https:\/\/lequotidien.mr\/?p=3338&amp;lang=fr\" \/>\n<meta property=\"og:site_name\" content=\"Le Quotidien de Nouakchott\" \/>\n<meta property=\"article:publisher\" content=\"https:\/\/web.facebook.com\/lequotidienmr\" \/>\n<meta property=\"article:published_time\" content=\"2023-01-17T23:32:29+00:00\" \/>\n<meta property=\"article:modified_time\" content=\"2023-01-20T22:11:31+00:00\" \/>\n<meta property=\"og:image\" content=\"https:\/\/lequotidien.mr\/wp-content\/uploads\/2023\/01\/abdel_aziz_ex_021.jpg\" \/>\n\t<meta property=\"og:image:width\" content=\"809\" \/>\n\t<meta property=\"og:image:height\" content=\"551\" \/>\n\t<meta property=\"og:image:type\" content=\"image\/jpeg\" \/>\n<meta name=\"author\" content=\"Gayi Diawara\" \/>\n<meta name=\"twitter:card\" content=\"summary_large_image\" \/>\n<meta name=\"twitter:creator\" content=\"@lequotidienmr\" \/>\n<meta name=\"twitter:site\" content=\"@lequotidienmr\" \/>\n<meta name=\"twitter:label1\" content=\"\u0643\u064f\u062a\u0628 \u0628\u0648\u0627\u0633\u0637\u0629\" \/>\n\t<meta name=\"twitter:data1\" content=\"Gayi Diawara\" \/>\n\t<meta name=\"twitter:label2\" content=\"\u0648\u0642\u062a \u0627\u0644\u0642\u0631\u0627\u0621\u0629 \u0627\u0644\u0645\u064f\u0642\u062f\u0651\u0631\" \/>\n\t<meta name=\"twitter:data2\" content=\"\u062f\u0642\u064a\u0642\u062a\u0627\u0646\" \/>\n<script type=\"application\/ld+json\" class=\"yoast-schema-graph\">{\"@context\":\"https:\\\/\\\/schema.org\",\"@graph\":[{\"@type\":\"Article\",\"@id\":\"https:\\\/\\\/lequotidien.mr\\\/?p=3338&lang=fr#article\",\"isPartOf\":{\"@id\":\"https:\\\/\\\/lequotidien.mr\\\/?p=3338&lang=fr\"},\"author\":{\"name\":\"Gayi Diawara\",\"@id\":\"https:\\\/\\\/lequotidien.mr\\\/#\\\/schema\\\/person\\\/1077c8abd5640a6514b909318d271dee\"},\"headline\":\"La r\u00e9ponse des avocats de l\u2019\u00c9tat mauritanien aux d\u00e9fenseurs de Mohamed Ould Abdel Aziz\",\"datePublished\":\"2023-01-17T23:32:29+00:00\",\"dateModified\":\"2023-01-20T22:11:31+00:00\",\"mainEntityOfPage\":{\"@id\":\"https:\\\/\\\/lequotidien.mr\\\/?p=3338&lang=fr\"},\"wordCount\":345,\"commentCount\":0,\"publisher\":{\"@id\":\"https:\\\/\\\/lequotidien.mr\\\/#organization\"},\"image\":{\"@id\":\"https:\\\/\\\/lequotidien.mr\\\/?p=3338&lang=fr#primaryimage\"},\"thumbnailUrl\":\"https:\\\/\\\/lequotidien.mr\\\/wp-content\\\/uploads\\\/2023\\\/01\\\/abdel_aziz_ex_021.jpg\",\"articleSection\":[\"ACTUALIT\u00c9\",\"Opinion\"],\"inLanguage\":\"ar\",\"potentialAction\":[{\"@type\":\"CommentAction\",\"name\":\"Comment\",\"target\":[\"https:\\\/\\\/lequotidien.mr\\\/?p=3338&lang=fr#respond\"]}]},{\"@type\":\"WebPage\",\"@id\":\"https:\\\/\\\/lequotidien.mr\\\/?p=3338&lang=fr\",\"url\":\"https:\\\/\\\/lequotidien.mr\\\/?p=3338&lang=fr\",\"name\":\"La r\u00e9ponse des avocats de l\u2019\u00c9tat mauritanien aux d\u00e9fenseurs de Mohamed Ould Abdel Aziz - Le Quotidien de Nouakchott\",\"isPartOf\":{\"@id\":\"https:\\\/\\\/lequotidien.mr\\\/#website\"},\"primaryImageOfPage\":{\"@id\":\"https:\\\/\\\/lequotidien.mr\\\/?p=3338&lang=fr#primaryimage\"},\"image\":{\"@id\":\"https:\\\/\\\/lequotidien.mr\\\/?p=3338&lang=fr#primaryimage\"},\"thumbnailUrl\":\"https:\\\/\\\/lequotidien.mr\\\/wp-content\\\/uploads\\\/2023\\\/01\\\/abdel_aziz_ex_021.jpg\",\"datePublished\":\"2023-01-17T23:32:29+00:00\",\"dateModified\":\"2023-01-20T22:11:31+00:00\",\"breadcrumb\":{\"@id\":\"https:\\\/\\\/lequotidien.mr\\\/?p=3338&lang=fr#breadcrumb\"},\"inLanguage\":\"ar\",\"potentialAction\":[{\"@type\":\"ReadAction\",\"target\":[\"https:\\\/\\\/lequotidien.mr\\\/?p=3338&lang=fr\"]}]},{\"@type\":\"ImageObject\",\"inLanguage\":\"ar\",\"@id\":\"https:\\\/\\\/lequotidien.mr\\\/?p=3338&lang=fr#primaryimage\",\"url\":\"https:\\\/\\\/lequotidien.mr\\\/wp-content\\\/uploads\\\/2023\\\/01\\\/abdel_aziz_ex_021.jpg\",\"contentUrl\":\"https:\\\/\\\/lequotidien.mr\\\/wp-content\\\/uploads\\\/2023\\\/01\\\/abdel_aziz_ex_021.jpg\",\"width\":809,\"height\":551},{\"@type\":\"BreadcrumbList\",\"@id\":\"https:\\\/\\\/lequotidien.mr\\\/?p=3338&lang=fr#breadcrumb\",\"itemListElement\":[{\"@type\":\"ListItem\",\"position\":1,\"name\":\"Home\",\"item\":\"https:\\\/\\\/lequotidien.mr\\\/\"},{\"@type\":\"ListItem\",\"position\":2,\"name\":\"La r\u00e9ponse des avocats de l\u2019\u00c9tat mauritanien aux d\u00e9fenseurs de Mohamed Ould Abdel Aziz\"}]},{\"@type\":\"WebSite\",\"@id\":\"https:\\\/\\\/lequotidien.mr\\\/#website\",\"url\":\"https:\\\/\\\/lequotidien.mr\\\/\",\"name\":\"Le Quotidien de Nouakchott\",\"description\":\"\u0625\u062e\u0628\u0627\u0631\u064a\u0629 \u0645\u0633\u062a\u0642\u0644\u0629 \u0644\u0644\u0623\u0646\u0628\u0627\u0621 \u0627\u0644\u0639\u0627\u0645\u0629\",\"publisher\":{\"@id\":\"https:\\\/\\\/lequotidien.mr\\\/#organization\"},\"potentialAction\":[{\"@type\":\"SearchAction\",\"target\":{\"@type\":\"EntryPoint\",\"urlTemplate\":\"https:\\\/\\\/lequotidien.mr\\\/?s={search_term_string}\"},\"query-input\":{\"@type\":\"PropertyValueSpecification\",\"valueRequired\":true,\"valueName\":\"search_term_string\"}}],\"inLanguage\":\"ar\"},{\"@type\":\"Organization\",\"@id\":\"https:\\\/\\\/lequotidien.mr\\\/#organization\",\"name\":\"Le Quotidien de Nouakchott\",\"url\":\"https:\\\/\\\/lequotidien.mr\\\/\",\"logo\":{\"@type\":\"ImageObject\",\"inLanguage\":\"ar\",\"@id\":\"https:\\\/\\\/lequotidien.mr\\\/#\\\/schema\\\/logo\\\/image\\\/\",\"url\":\"https:\\\/\\\/lequotidien.mr\\\/wp-content\\\/uploads\\\/2022\\\/11\\\/logolequotidien.jpg\",\"contentUrl\":\"https:\\\/\\\/lequotidien.mr\\\/wp-content\\\/uploads\\\/2022\\\/11\\\/logolequotidien.jpg\",\"width\":290,\"height\":65,\"caption\":\"Le Quotidien de Nouakchott\"},\"image\":{\"@id\":\"https:\\\/\\\/lequotidien.mr\\\/#\\\/schema\\\/logo\\\/image\\\/\"},\"sameAs\":[\"https:\\\/\\\/web.facebook.com\\\/lequotidienmr\",\"https:\\\/\\\/x.com\\\/lequotidienmr\"]},{\"@type\":\"Person\",\"@id\":\"https:\\\/\\\/lequotidien.mr\\\/#\\\/schema\\\/person\\\/1077c8abd5640a6514b909318d271dee\",\"name\":\"Gayi Diawara\",\"image\":{\"@type\":\"ImageObject\",\"inLanguage\":\"ar\",\"@id\":\"https:\\\/\\\/secure.gravatar.com\\\/avatar\\\/63ea8db1e19a6d2d608b24c0f78b5f3a7d6e0bc11959fec273410af333e4d0ac?s=96&d=mm&r=g\",\"url\":\"https:\\\/\\\/secure.gravatar.com\\\/avatar\\\/63ea8db1e19a6d2d608b24c0f78b5f3a7d6e0bc11959fec273410af333e4d0ac?s=96&d=mm&r=g\",\"contentUrl\":\"https:\\\/\\\/secure.gravatar.com\\\/avatar\\\/63ea8db1e19a6d2d608b24c0f78b5f3a7d6e0bc11959fec273410af333e4d0ac?s=96&d=mm&r=g\",\"caption\":\"Gayi Diawara\"},\"sameAs\":[\"http:\\\/\\\/lequotidien.mr\"],\"url\":\"https:\\\/\\\/lequotidien.mr\\\/?author=5\"}]}<\/script>\n<!-- \/ Yoast SEO plugin. -->","yoast_head_json":{"title":"La r\u00e9ponse des avocats de l\u2019\u00c9tat mauritanien aux d\u00e9fenseurs de Mohamed Ould Abdel Aziz - Le Quotidien de Nouakchott","robots":{"index":"index","follow":"follow","max-snippet":"max-snippet:-1","max-image-preview":"max-image-preview:large","max-video-preview":"max-video-preview:-1"},"canonical":"https:\/\/lequotidien.mr\/?p=3338&lang=fr","og_locale":"ar_AR","og_type":"article","og_title":"La r\u00e9ponse des avocats de l\u2019\u00c9tat mauritanien aux d\u00e9fenseurs de Mohamed Ould Abdel Aziz - Le Quotidien de Nouakchott","og_description":"RFI-Afrique &#8211; L&#8217;ancien pr\u00e9sident mauritanien doit compara\u00eetre le 25 janvier pour r\u00e9pondre de corruption, blanchiment d&#8217;argent et enrichissement illicite. Ses d\u00e9fenseurs ont affirm\u00e9 que le greffe avait re\u00e7u des ordres pour ne pas leur transmettre le dossier. Ils d\u00e9noncent des violations des droits de leur client. Me Brahim Ould Ebety, le b\u00e2tonnier et pr\u00e9sident du.....","og_url":"https:\/\/lequotidien.mr\/?p=3338&lang=fr","og_site_name":"Le Quotidien de Nouakchott","article_publisher":"https:\/\/web.facebook.com\/lequotidienmr","article_published_time":"2023-01-17T23:32:29+00:00","article_modified_time":"2023-01-20T22:11:31+00:00","og_image":[{"width":809,"height":551,"url":"https:\/\/lequotidien.mr\/wp-content\/uploads\/2023\/01\/abdel_aziz_ex_021.jpg","type":"image\/jpeg"}],"author":"Gayi Diawara","twitter_card":"summary_large_image","twitter_creator":"@lequotidienmr","twitter_site":"@lequotidienmr","twitter_misc":{"\u0643\u064f\u062a\u0628 \u0628\u0648\u0627\u0633\u0637\u0629":"Gayi Diawara","\u0648\u0642\u062a \u0627\u0644\u0642\u0631\u0627\u0621\u0629 \u0627\u0644\u0645\u064f\u0642\u062f\u0651\u0631":"\u062f\u0642\u064a\u0642\u062a\u0627\u0646"},"schema":{"@context":"https:\/\/schema.org","@graph":[{"@type":"Article","@id":"https:\/\/lequotidien.mr\/?p=3338&lang=fr#article","isPartOf":{"@id":"https:\/\/lequotidien.mr\/?p=3338&lang=fr"},"author":{"name":"Gayi Diawara","@id":"https:\/\/lequotidien.mr\/#\/schema\/person\/1077c8abd5640a6514b909318d271dee"},"headline":"La r\u00e9ponse des avocats de l\u2019\u00c9tat mauritanien aux d\u00e9fenseurs de Mohamed Ould Abdel Aziz","datePublished":"2023-01-17T23:32:29+00:00","dateModified":"2023-01-20T22:11:31+00:00","mainEntityOfPage":{"@id":"https:\/\/lequotidien.mr\/?p=3338&lang=fr"},"wordCount":345,"commentCount":0,"publisher":{"@id":"https:\/\/lequotidien.mr\/#organization"},"image":{"@id":"https:\/\/lequotidien.mr\/?p=3338&lang=fr#primaryimage"},"thumbnailUrl":"https:\/\/lequotidien.mr\/wp-content\/uploads\/2023\/01\/abdel_aziz_ex_021.jpg","articleSection":["ACTUALIT\u00c9","Opinion"],"inLanguage":"ar","potentialAction":[{"@type":"CommentAction","name":"Comment","target":["https:\/\/lequotidien.mr\/?p=3338&lang=fr#respond"]}]},{"@type":"WebPage","@id":"https:\/\/lequotidien.mr\/?p=3338&lang=fr","url":"https:\/\/lequotidien.mr\/?p=3338&lang=fr","name":"La r\u00e9ponse des avocats de l\u2019\u00c9tat mauritanien aux d\u00e9fenseurs de Mohamed Ould Abdel Aziz - Le Quotidien de Nouakchott","isPartOf":{"@id":"https:\/\/lequotidien.mr\/#website"},"primaryImageOfPage":{"@id":"https:\/\/lequotidien.mr\/?p=3338&lang=fr#primaryimage"},"image":{"@id":"https:\/\/lequotidien.mr\/?p=3338&lang=fr#primaryimage"},"thumbnailUrl":"https:\/\/lequotidien.mr\/wp-content\/uploads\/2023\/01\/abdel_aziz_ex_021.jpg","datePublished":"2023-01-17T23:32:29+00:00","dateModified":"2023-01-20T22:11:31+00:00","breadcrumb":{"@id":"https:\/\/lequotidien.mr\/?p=3338&lang=fr#breadcrumb"},"inLanguage":"ar","potentialAction":[{"@type":"ReadAction","target":["https:\/\/lequotidien.mr\/?p=3338&lang=fr"]}]},{"@type":"ImageObject","inLanguage":"ar","@id":"https:\/\/lequotidien.mr\/?p=3338&lang=fr#primaryimage","url":"https:\/\/lequotidien.mr\/wp-content\/uploads\/2023\/01\/abdel_aziz_ex_021.jpg","contentUrl":"https:\/\/lequotidien.mr\/wp-content\/uploads\/2023\/01\/abdel_aziz_ex_021.jpg","width":809,"height":551},{"@type":"BreadcrumbList","@id":"https:\/\/lequotidien.mr\/?p=3338&lang=fr#breadcrumb","itemListElement":[{"@type":"ListItem","position":1,"name":"Home","item":"https:\/\/lequotidien.mr\/"},{"@type":"ListItem","position":2,"name":"La r\u00e9ponse des avocats de l\u2019\u00c9tat mauritanien aux d\u00e9fenseurs de Mohamed Ould Abdel Aziz"}]},{"@type":"WebSite","@id":"https:\/\/lequotidien.mr\/#website","url":"https:\/\/lequotidien.mr\/","name":"Le Quotidien de Nouakchott","description":"\u0625\u062e\u0628\u0627\u0631\u064a\u0629 \u0645\u0633\u062a\u0642\u0644\u0629 \u0644\u0644\u0623\u0646\u0628\u0627\u0621 \u0627\u0644\u0639\u0627\u0645\u0629","publisher":{"@id":"https:\/\/lequotidien.mr\/#organization"},"potentialAction":[{"@type":"SearchAction","target":{"@type":"EntryPoint","urlTemplate":"https:\/\/lequotidien.mr\/?s={search_term_string}"},"query-input":{"@type":"PropertyValueSpecification","valueRequired":true,"valueName":"search_term_string"}}],"inLanguage":"ar"},{"@type":"Organization","@id":"https:\/\/lequotidien.mr\/#organization","name":"Le Quotidien de Nouakchott","url":"https:\/\/lequotidien.mr\/","logo":{"@type":"ImageObject","inLanguage":"ar","@id":"https:\/\/lequotidien.mr\/#\/schema\/logo\/image\/","url":"https:\/\/lequotidien.mr\/wp-content\/uploads\/2022\/11\/logolequotidien.jpg","contentUrl":"https:\/\/lequotidien.mr\/wp-content\/uploads\/2022\/11\/logolequotidien.jpg","width":290,"height":65,"caption":"Le Quotidien de Nouakchott"},"image":{"@id":"https:\/\/lequotidien.mr\/#\/schema\/logo\/image\/"},"sameAs":["https:\/\/web.facebook.com\/lequotidienmr","https:\/\/x.com\/lequotidienmr"]},{"@type":"Person","@id":"https:\/\/lequotidien.mr\/#\/schema\/person\/1077c8abd5640a6514b909318d271dee","name":"Gayi Diawara","image":{"@type":"ImageObject","inLanguage":"ar","@id":"https:\/\/secure.gravatar.com\/avatar\/63ea8db1e19a6d2d608b24c0f78b5f3a7d6e0bc11959fec273410af333e4d0ac?s=96&d=mm&r=g","url":"https:\/\/secure.gravatar.com\/avatar\/63ea8db1e19a6d2d608b24c0f78b5f3a7d6e0bc11959fec273410af333e4d0ac?s=96&d=mm&r=g","contentUrl":"https:\/\/secure.gravatar.com\/avatar\/63ea8db1e19a6d2d608b24c0f78b5f3a7d6e0bc11959fec273410af333e4d0ac?s=96&d=mm&r=g","caption":"Gayi Diawara"},"sameAs":["http:\/\/lequotidien.mr"],"url":"https:\/\/lequotidien.mr\/?author=5"}]}},"_links":{"self":[{"href":"https:\/\/lequotidien.mr\/index.php?rest_route=\/wp\/v2\/posts\/3338","targetHints":{"allow":["GET"]}}],"collection":[{"href":"https:\/\/lequotidien.mr\/index.php?rest_route=\/wp\/v2\/posts"}],"about":[{"href":"https:\/\/lequotidien.mr\/index.php?rest_route=\/wp\/v2\/types\/post"}],"author":[{"embeddable":true,"href":"https:\/\/lequotidien.mr\/index.php?rest_route=\/wp\/v2\/users\/5"}],"replies":[{"embeddable":true,"href":"https:\/\/lequotidien.mr\/index.php?rest_route=%2Fwp%2Fv2%2Fcomments&post=3338"}],"version-history":[{"count":1,"href":"https:\/\/lequotidien.mr\/index.php?rest_route=\/wp\/v2\/posts\/3338\/revisions"}],"predecessor-version":[{"id":3340,"href":"https:\/\/lequotidien.mr\/index.php?rest_route=\/wp\/v2\/posts\/3338\/revisions\/3340"}],"wp:featuredmedia":[{"embeddable":true,"href":"https:\/\/lequotidien.mr\/index.php?rest_route=\/wp\/v2\/media\/3339"}],"wp:attachment":[{"href":"https:\/\/lequotidien.mr\/index.php?rest_route=%2Fwp%2Fv2%2Fmedia&parent=3338"}],"wp:term":[{"taxonomy":"category","embeddable":true,"href":"https:\/\/lequotidien.mr\/index.php?rest_route=%2Fwp%2Fv2%2Fcategories&post=3338"},{"taxonomy":"post_tag","embeddable":true,"href":"https:\/\/lequotidien.mr\/index.php?rest_route=%2Fwp%2Fv2%2Ftags&post=3338"}],"curies":[{"name":"wp","href":"https:\/\/api.w.org\/{rel}","templated":true}]}}