{"id":33292,"date":"2025-12-27T10:35:36","date_gmt":"2025-12-27T10:35:36","guid":{"rendered":"https:\/\/lequotidien.mr\/?p=33292"},"modified":"2025-12-27T10:35:36","modified_gmt":"2025-12-27T10:35:36","slug":"4eme-colloque-scientifique-regional-de-la-ligue-islamique-mondiale-nouakchott-construire-des-ponts-entre-les-rites-islamiques","status":"publish","type":"post","link":"https:\/\/lequotidien.mr\/?p=33292&lang=fr","title":{"rendered":"4\u00e8me colloque scientifique r\u00e9gional de la Ligue islamique mondiale\/Nouakchott : \u00ab Construire des ponts \u00bb entre les rites islamiques"},"content":{"rendered":"<p>Dans un contexte mondial marqu\u00e9 par des tensions et des fractures, l&#8217;imp\u00e9ratif de l&#8217;unit\u00e9 et du dialogue au sein de la communaut\u00e9 musulmane est plus actuel que jamais. C&#8217;est dans cet esprit que le bureau de la Ligue Islamique Mondiale en Mauritanie a organis\u00e9, vendredi \u00e0 Nouakchott, les travaux du quatri\u00e8me symposium scientifique r\u00e9gional. Plac\u00e9 sous le th\u00e8me \u00ab Construire des ponts entre les rites islamiques et leur r\u00f4le dans la promotion des valeurs d\u2019unit\u00e9 et de solidarit\u00e9 islamiques \u00bb, cet \u00e9v\u00e9nement a rassembl\u00e9 des dignitaires religieux, des universitaires et des repr\u00e9sentants institutionnels pour discuter d&#8217;une feuille de route historique vers le rapprochement.<\/p>\n<p><strong>Un document-cadre pour l&#8217;unit\u00e9 et la mod\u00e9ration<\/strong><\/p>\n<p>Le c\u0153ur des d\u00e9bats a tourn\u00e9 autour du document <strong><em>\u00ab Construire des ponts entre les rites islamiques \u00bb<\/em><\/strong>, adopt\u00e9 \u00e0 La Mecque en 2024 sous l&#8217;\u00e9gide de la Ligue Islamique Mondiale. Ce texte de 28 clauses est pr\u00e9sent\u00e9 comme un cadre juridique et scientifique \u00e9quilibr\u00e9 pour g\u00e9rer la diversit\u00e9 doctrinale interne \u00e0 l&#8217;Islam.<\/p>\n<p>Lors de la c\u00e9r\u00e9monie d&#8217;ouverture,\u00a0<strong>M. Beitoullah Ahmed Lassouad<\/strong>, <strong>Secr\u00e9taire G\u00e9n\u00e9ral du minist\u00e8re mauritanien des Affaires Islamiques et de l\u2019Enseignement Originel<\/strong>, a soulign\u00e9 que ce symposium refl\u00e8te l&#8217;engagement ferme de la Mauritanie \u00e0 servir les causes de l&#8217;Islam. <strong><em>\u00ab Ce document repr\u00e9sente un cadre pour g\u00e9rer les diff\u00e9rences sectaires, de mani\u00e8re \u00e0 pr\u00e9server les constantes de la religion, l\u2019unit\u00e9 de la nation, et \u00e0 fermer les portes du fanatisme et de l\u2019extr\u00e9misme \u00bb<\/em><\/strong>, a-t-il d\u00e9clar\u00e9. Il a annonc\u00e9 que son minist\u00e8re \u0153uvrerait, avec les universitaires, \u00e0 int\u00e9grer le contenu de ce document dans les programmes de formation et de sensibilisation.<\/p>\n<p><strong>La Mauritanie, plateforme du dialogue islamique<\/strong><\/p>\n<p>Les intervenants ont unanimement salu\u00e9 le choix de la Mauritanie pour accueillir ce symposium.\u00a0Le <strong>Dr Ahmed Mohamed El-Hafedh Ould Enahoui<\/strong>, <strong>conseiller du bureau de la Ligue Islamique Mondiale en Mauritanie<\/strong>, a expliqu\u00e9 que ce choix <strong><em>\u00ab refl\u00e8te sa position scientifique et son exp\u00e9rience pionni\u00e8re en mati\u00e8re de dialogue religieux et de lutte contre l\u2019extr\u00e9misme \u00bb<\/em><\/strong>. Il a rappel\u00e9 que le document mecquois est le fruit d&#8217;un <strong><em>\u00ab consensus collectif des savants de la nation \u00bb <\/em><\/strong>et constitue d\u00e9sormais une <strong><em>\u00ab r\u00e9f\u00e9rence juridique globale sur la voie de l\u2019unit\u00e9 des musulmans \u00bb<\/em><\/strong>, visant \u00e0 renforcer l&#8217;autorit\u00e9 des institutions scientifiques face aux discours extr\u00e9mistes.<\/p>\n<p><strong>Les Oul\u00e9mas unis derri\u00e8re l&#8217;appel au rapprochement<\/strong><\/p>\n<p>Les repr\u00e9sentants du corps religieux mauritanien ont apport\u00e9 un soutien th\u00e9orique et pratique au document.\u00a0<strong>Cheikh Saleh<\/strong>, <strong>Secr\u00e9taire G\u00e9n\u00e9ral de l\u2019Association des Ul\u00e9mas de Mauritanie<\/strong>, y a vu <strong><em>\u00ab un tournant dans la voie de l\u2019action islamique commune \u00bb<\/em><\/strong>, portant un appel sinc\u00e8re au rejet du sectarisme. Il a rappel\u00e9 que les diff\u00e9rentes \u00e9coles juridiques (rites) sont des <strong><em>\u00ab vecteurs scientifiques \u00bb<\/em><\/strong> apparus dans divers contextes et que les musulmans s&#8217;accordent sur des fondements uniques : un seul Dieu, un Livre, un Proph\u00e8te et une Qibla.<\/p>\n<p><strong>Une n\u00e9cessit\u00e9 face aux d\u00e9fis contemporains<\/strong><\/p>\n<p><strong>Cheikh Mohamed El-Mokhtar Mballa<\/strong>, <strong>ancien pr\u00e9sident du Conseil supr\u00eame des fatwas<\/strong>, a averti que la Oumma est confront\u00e9e \u00e0 des d\u00e9fis directs contre son unit\u00e9 et son identit\u00e9. Il a d\u00e9crit le document comme <strong><em>\u00ab un saut qualitatif \u00bb<\/em><\/strong> \u00e9tablissant une <strong><em>\u00ab jurisprudence rationnelle dans la gestion des d\u00e9saccords \u00bb. \u00ab La consolidation d\u2019une culture de dialogue entre les rites est une n\u00e9cessit\u00e9 juridique et un devoir civilisationnel \u00bb<\/em><\/strong>, a-t-il insist\u00e9, appelant \u00e0 transformer la diversit\u00e9 en richesse plut\u00f4t qu&#8217;en source de conflit.<\/p>\n<p><strong>Une r\u00e9sonance r\u00e9gionale et un appel \u00e0 la renaissance<\/strong><\/p>\n<p>Le symposium a d\u00e9pass\u00e9 le cadre national avec la participation de figures r\u00e9gionales.\u00a0<strong>Le Dr Jim Adrami<\/strong>, <strong>conseiller aux affaires religieuses \u00e0 la Pr\u00e9sidence de la R\u00e9publique du S\u00e9n\u00e9gal<\/strong>, a remerci\u00e9 la Mauritanie pour son accueil et li\u00e9 l&#8217;avenir du monde islamique \u00e0 un <strong><em>\u00ab retour aux valeurs religieuses et culturelles authentiques \u00bb<\/em><\/strong>. De son c\u00f4t\u00e9,\u00a0<strong>le Dr. Muhammad Khalil<\/strong>, <strong>ancien ministre tunisien des Affaires religieuses<\/strong>, a appel\u00e9 \u00e0 <strong><em>\u00ab activer le contenu du document dans les institutions scientifiques, \u00e9ducatives et m\u00e9diatiques \u00bb <\/em><\/strong>pour forger un discours islamique inclusif et mod\u00e9r\u00e9.<\/p>\n<p>Le symposium de Nouakchott a plus qu&#8217;\u00eatre un simple forum de discussion ; il a servi de caisse de r\u00e9sonance pour un projet islamique ambitieux de r\u00e9conciliation interne. En pla\u00e7ant le document \u00ab Construire des ponts entre les rites islamiques \u00bb au centre des d\u00e9bats, les participants ont envoy\u00e9 un message fort : la voie pour affronter l&#8217;extr\u00e9misme, la division et les d\u00e9fis identitaires passe par la valorisation des points communs, l&#8217;institutionnalisation du dialogue et la promotion d&#8217;une culture de mod\u00e9ration. La Mauritanie, par son histoire et son autorit\u00e9 religieuse, se positionne ainsi comme un acteur cl\u00e9 dans cette entreprise de rapprochement pour l&#8217;ensemble de la Oumma.<\/p>\n","protected":false},"excerpt":{"rendered":"<p>Dans un contexte mondial marqu\u00e9 par des tensions et des fractures, l&#8217;imp\u00e9ratif de l&#8217;unit\u00e9 et du dialogue au sein de la communaut\u00e9 musulmane est plus actuel que jamais. C&#8217;est dans cet esprit que le bureau de la Ligue Islamique Mondiale en Mauritanie a organis\u00e9, vendredi \u00e0 Nouakchott, les travaux du quatri\u00e8me symposium scientifique r\u00e9gional. Plac\u00e9&#8230;..<\/p>\n","protected":false},"author":12,"featured_media":33293,"comment_status":"open","ping_status":"open","sticky":false,"template":"","format":"standard","meta":{"footnotes":""},"categories":[23,55],"tags":[],"class_list":["post-33292","post","type-post","status-publish","format-standard","has-post-thumbnail","hentry","category-actualite","category-culture"],"yoast_head":"<!-- This site is optimized with the Yoast SEO plugin v27.5 - https:\/\/yoast.com\/product\/yoast-seo-wordpress\/ -->\n<title>4\u00e8me colloque scientifique r\u00e9gional de la Ligue islamique mondiale\/Nouakchott : \u00ab Construire des ponts \u00bb entre les rites islamiques - Le Quotidien de Nouakchott<\/title>\n<meta name=\"robots\" content=\"index, follow, max-snippet:-1, max-image-preview:large, max-video-preview:-1\" \/>\n<link rel=\"canonical\" href=\"https:\/\/lequotidien.mr\/?p=33292&lang=fr\" \/>\n<meta property=\"og:locale\" content=\"ar_AR\" \/>\n<meta property=\"og:type\" content=\"article\" \/>\n<meta property=\"og:title\" content=\"4\u00e8me colloque scientifique r\u00e9gional de la Ligue islamique mondiale\/Nouakchott : \u00ab Construire des ponts \u00bb entre les rites islamiques - Le Quotidien de Nouakchott\" \/>\n<meta property=\"og:description\" content=\"Dans un contexte mondial marqu\u00e9 par des tensions et des fractures, l&#8217;imp\u00e9ratif de l&#8217;unit\u00e9 et du dialogue au sein de la communaut\u00e9 musulmane est plus actuel que jamais. C&#8217;est dans cet esprit que le bureau de la Ligue Islamique Mondiale en Mauritanie a organis\u00e9, vendredi \u00e0 Nouakchott, les travaux du quatri\u00e8me symposium scientifique r\u00e9gional. Plac\u00e9.....\" \/>\n<meta property=\"og:url\" content=\"https:\/\/lequotidien.mr\/?p=33292&amp;lang=fr\" \/>\n<meta property=\"og:site_name\" content=\"Le Quotidien de Nouakchott\" \/>\n<meta property=\"article:publisher\" content=\"https:\/\/web.facebook.com\/lequotidienmr\" \/>\n<meta property=\"article:published_time\" content=\"2025-12-27T10:35:36+00:00\" \/>\n<meta property=\"og:image\" content=\"https:\/\/lequotidien.mr\/wp-content\/uploads\/2025\/12\/photo-ligue-islmqe-mdiale.jpg\" \/>\n\t<meta property=\"og:image:width\" content=\"644\" \/>\n\t<meta property=\"og:image:height\" content=\"379\" \/>\n\t<meta property=\"og:image:type\" content=\"image\/jpeg\" \/>\n<meta name=\"author\" content=\"Med Ahmed\" \/>\n<meta name=\"twitter:card\" content=\"summary_large_image\" \/>\n<meta name=\"twitter:creator\" content=\"@lequotidienmr\" \/>\n<meta name=\"twitter:site\" content=\"@lequotidienmr\" \/>\n<meta name=\"twitter:label1\" content=\"\u0643\u064f\u062a\u0628 \u0628\u0648\u0627\u0633\u0637\u0629\" \/>\n\t<meta name=\"twitter:data1\" content=\"Med Ahmed\" \/>\n\t<meta name=\"twitter:label2\" content=\"\u0648\u0642\u062a \u0627\u0644\u0642\u0631\u0627\u0621\u0629 \u0627\u0644\u0645\u064f\u0642\u062f\u0651\u0631\" \/>\n\t<meta name=\"twitter:data2\" content=\"6 \u062f\u0642\u0627\u0626\u0642\" \/>\n<script type=\"application\/ld+json\" class=\"yoast-schema-graph\">{\"@context\":\"https:\\\/\\\/schema.org\",\"@graph\":[{\"@type\":\"Article\",\"@id\":\"https:\\\/\\\/lequotidien.mr\\\/?p=33292&lang=fr#article\",\"isPartOf\":{\"@id\":\"https:\\\/\\\/lequotidien.mr\\\/?p=33292&lang=fr\"},\"author\":{\"name\":\"Med Ahmed\",\"@id\":\"https:\\\/\\\/lequotidien.mr\\\/#\\\/schema\\\/person\\\/d2d350202a4d599685ed8abc25f97596\"},\"headline\":\"4\u00e8me colloque scientifique r\u00e9gional de la Ligue islamique mondiale\\\/Nouakchott : \u00ab Construire des ponts \u00bb entre les rites islamiques\",\"datePublished\":\"2025-12-27T10:35:36+00:00\",\"mainEntityOfPage\":{\"@id\":\"https:\\\/\\\/lequotidien.mr\\\/?p=33292&lang=fr\"},\"wordCount\":838,\"commentCount\":0,\"publisher\":{\"@id\":\"https:\\\/\\\/lequotidien.mr\\\/#organization\"},\"image\":{\"@id\":\"https:\\\/\\\/lequotidien.mr\\\/?p=33292&lang=fr#primaryimage\"},\"thumbnailUrl\":\"https:\\\/\\\/lequotidien.mr\\\/wp-content\\\/uploads\\\/2025\\\/12\\\/photo-ligue-islmqe-mdiale.jpg\",\"articleSection\":[\"ACTUALIT\u00c9\",\"Culture\"],\"inLanguage\":\"ar\",\"potentialAction\":[{\"@type\":\"CommentAction\",\"name\":\"Comment\",\"target\":[\"https:\\\/\\\/lequotidien.mr\\\/?p=33292&lang=fr#respond\"]}]},{\"@type\":\"WebPage\",\"@id\":\"https:\\\/\\\/lequotidien.mr\\\/?p=33292&lang=fr\",\"url\":\"https:\\\/\\\/lequotidien.mr\\\/?p=33292&lang=fr\",\"name\":\"4\u00e8me colloque scientifique r\u00e9gional de la Ligue islamique mondiale\\\/Nouakchott : \u00ab Construire des ponts \u00bb entre les rites islamiques - Le Quotidien de Nouakchott\",\"isPartOf\":{\"@id\":\"https:\\\/\\\/lequotidien.mr\\\/#website\"},\"primaryImageOfPage\":{\"@id\":\"https:\\\/\\\/lequotidien.mr\\\/?p=33292&lang=fr#primaryimage\"},\"image\":{\"@id\":\"https:\\\/\\\/lequotidien.mr\\\/?p=33292&lang=fr#primaryimage\"},\"thumbnailUrl\":\"https:\\\/\\\/lequotidien.mr\\\/wp-content\\\/uploads\\\/2025\\\/12\\\/photo-ligue-islmqe-mdiale.jpg\",\"datePublished\":\"2025-12-27T10:35:36+00:00\",\"breadcrumb\":{\"@id\":\"https:\\\/\\\/lequotidien.mr\\\/?p=33292&lang=fr#breadcrumb\"},\"inLanguage\":\"ar\",\"potentialAction\":[{\"@type\":\"ReadAction\",\"target\":[\"https:\\\/\\\/lequotidien.mr\\\/?p=33292&lang=fr\"]}]},{\"@type\":\"ImageObject\",\"inLanguage\":\"ar\",\"@id\":\"https:\\\/\\\/lequotidien.mr\\\/?p=33292&lang=fr#primaryimage\",\"url\":\"https:\\\/\\\/lequotidien.mr\\\/wp-content\\\/uploads\\\/2025\\\/12\\\/photo-ligue-islmqe-mdiale.jpg\",\"contentUrl\":\"https:\\\/\\\/lequotidien.mr\\\/wp-content\\\/uploads\\\/2025\\\/12\\\/photo-ligue-islmqe-mdiale.jpg\",\"width\":644,\"height\":379},{\"@type\":\"BreadcrumbList\",\"@id\":\"https:\\\/\\\/lequotidien.mr\\\/?p=33292&lang=fr#breadcrumb\",\"itemListElement\":[{\"@type\":\"ListItem\",\"position\":1,\"name\":\"Home\",\"item\":\"https:\\\/\\\/lequotidien.mr\\\/\"},{\"@type\":\"ListItem\",\"position\":2,\"name\":\"4\u00e8me colloque scientifique r\u00e9gional de la Ligue islamique mondiale\\\/Nouakchott : \u00ab Construire des ponts \u00bb entre les rites islamiques\"}]},{\"@type\":\"WebSite\",\"@id\":\"https:\\\/\\\/lequotidien.mr\\\/#website\",\"url\":\"https:\\\/\\\/lequotidien.mr\\\/\",\"name\":\"Le Quotidien de Nouakchott\",\"description\":\"\u0625\u062e\u0628\u0627\u0631\u064a\u0629 \u0645\u0633\u062a\u0642\u0644\u0629 \u0644\u0644\u0623\u0646\u0628\u0627\u0621 \u0627\u0644\u0639\u0627\u0645\u0629\",\"publisher\":{\"@id\":\"https:\\\/\\\/lequotidien.mr\\\/#organization\"},\"potentialAction\":[{\"@type\":\"SearchAction\",\"target\":{\"@type\":\"EntryPoint\",\"urlTemplate\":\"https:\\\/\\\/lequotidien.mr\\\/?s={search_term_string}\"},\"query-input\":{\"@type\":\"PropertyValueSpecification\",\"valueRequired\":true,\"valueName\":\"search_term_string\"}}],\"inLanguage\":\"ar\"},{\"@type\":\"Organization\",\"@id\":\"https:\\\/\\\/lequotidien.mr\\\/#organization\",\"name\":\"Le Quotidien de Nouakchott\",\"url\":\"https:\\\/\\\/lequotidien.mr\\\/\",\"logo\":{\"@type\":\"ImageObject\",\"inLanguage\":\"ar\",\"@id\":\"https:\\\/\\\/lequotidien.mr\\\/#\\\/schema\\\/logo\\\/image\\\/\",\"url\":\"https:\\\/\\\/lequotidien.mr\\\/wp-content\\\/uploads\\\/2022\\\/11\\\/logolequotidien.jpg\",\"contentUrl\":\"https:\\\/\\\/lequotidien.mr\\\/wp-content\\\/uploads\\\/2022\\\/11\\\/logolequotidien.jpg\",\"width\":290,\"height\":65,\"caption\":\"Le Quotidien de Nouakchott\"},\"image\":{\"@id\":\"https:\\\/\\\/lequotidien.mr\\\/#\\\/schema\\\/logo\\\/image\\\/\"},\"sameAs\":[\"https:\\\/\\\/web.facebook.com\\\/lequotidienmr\",\"https:\\\/\\\/x.com\\\/lequotidienmr\"]},{\"@type\":\"Person\",\"@id\":\"https:\\\/\\\/lequotidien.mr\\\/#\\\/schema\\\/person\\\/d2d350202a4d599685ed8abc25f97596\",\"name\":\"Med Ahmed\",\"image\":{\"@type\":\"ImageObject\",\"inLanguage\":\"ar\",\"@id\":\"https:\\\/\\\/secure.gravatar.com\\\/avatar\\\/fd2acc62ed50732923d1d39c17172c9b04149f142be92310ecc69e1358f94b52?s=96&d=mm&r=g\",\"url\":\"https:\\\/\\\/secure.gravatar.com\\\/avatar\\\/fd2acc62ed50732923d1d39c17172c9b04149f142be92310ecc69e1358f94b52?s=96&d=mm&r=g\",\"contentUrl\":\"https:\\\/\\\/secure.gravatar.com\\\/avatar\\\/fd2acc62ed50732923d1d39c17172c9b04149f142be92310ecc69e1358f94b52?s=96&d=mm&r=g\",\"caption\":\"Med Ahmed\"},\"url\":\"https:\\\/\\\/lequotidien.mr\\\/?author=12\"}]}<\/script>\n<!-- \/ Yoast SEO plugin. -->","yoast_head_json":{"title":"4\u00e8me colloque scientifique r\u00e9gional de la Ligue islamique mondiale\/Nouakchott : \u00ab Construire des ponts \u00bb entre les rites islamiques - Le Quotidien de Nouakchott","robots":{"index":"index","follow":"follow","max-snippet":"max-snippet:-1","max-image-preview":"max-image-preview:large","max-video-preview":"max-video-preview:-1"},"canonical":"https:\/\/lequotidien.mr\/?p=33292&lang=fr","og_locale":"ar_AR","og_type":"article","og_title":"4\u00e8me colloque scientifique r\u00e9gional de la Ligue islamique mondiale\/Nouakchott : \u00ab Construire des ponts \u00bb entre les rites islamiques - Le Quotidien de Nouakchott","og_description":"Dans un contexte mondial marqu\u00e9 par des tensions et des fractures, l&#8217;imp\u00e9ratif de l&#8217;unit\u00e9 et du dialogue au sein de la communaut\u00e9 musulmane est plus actuel que jamais. C&#8217;est dans cet esprit que le bureau de la Ligue Islamique Mondiale en Mauritanie a organis\u00e9, vendredi \u00e0 Nouakchott, les travaux du quatri\u00e8me symposium scientifique r\u00e9gional. Plac\u00e9.....","og_url":"https:\/\/lequotidien.mr\/?p=33292&lang=fr","og_site_name":"Le Quotidien de Nouakchott","article_publisher":"https:\/\/web.facebook.com\/lequotidienmr","article_published_time":"2025-12-27T10:35:36+00:00","og_image":[{"width":644,"height":379,"url":"https:\/\/lequotidien.mr\/wp-content\/uploads\/2025\/12\/photo-ligue-islmqe-mdiale.jpg","type":"image\/jpeg"}],"author":"Med Ahmed","twitter_card":"summary_large_image","twitter_creator":"@lequotidienmr","twitter_site":"@lequotidienmr","twitter_misc":{"\u0643\u064f\u062a\u0628 \u0628\u0648\u0627\u0633\u0637\u0629":"Med Ahmed","\u0648\u0642\u062a \u0627\u0644\u0642\u0631\u0627\u0621\u0629 \u0627\u0644\u0645\u064f\u0642\u062f\u0651\u0631":"6 \u062f\u0642\u0627\u0626\u0642"},"schema":{"@context":"https:\/\/schema.org","@graph":[{"@type":"Article","@id":"https:\/\/lequotidien.mr\/?p=33292&lang=fr#article","isPartOf":{"@id":"https:\/\/lequotidien.mr\/?p=33292&lang=fr"},"author":{"name":"Med Ahmed","@id":"https:\/\/lequotidien.mr\/#\/schema\/person\/d2d350202a4d599685ed8abc25f97596"},"headline":"4\u00e8me colloque scientifique r\u00e9gional de la Ligue islamique mondiale\/Nouakchott : \u00ab Construire des ponts \u00bb entre les rites islamiques","datePublished":"2025-12-27T10:35:36+00:00","mainEntityOfPage":{"@id":"https:\/\/lequotidien.mr\/?p=33292&lang=fr"},"wordCount":838,"commentCount":0,"publisher":{"@id":"https:\/\/lequotidien.mr\/#organization"},"image":{"@id":"https:\/\/lequotidien.mr\/?p=33292&lang=fr#primaryimage"},"thumbnailUrl":"https:\/\/lequotidien.mr\/wp-content\/uploads\/2025\/12\/photo-ligue-islmqe-mdiale.jpg","articleSection":["ACTUALIT\u00c9","Culture"],"inLanguage":"ar","potentialAction":[{"@type":"CommentAction","name":"Comment","target":["https:\/\/lequotidien.mr\/?p=33292&lang=fr#respond"]}]},{"@type":"WebPage","@id":"https:\/\/lequotidien.mr\/?p=33292&lang=fr","url":"https:\/\/lequotidien.mr\/?p=33292&lang=fr","name":"4\u00e8me colloque scientifique r\u00e9gional de la Ligue islamique mondiale\/Nouakchott : \u00ab Construire des ponts \u00bb entre les rites islamiques - Le Quotidien de Nouakchott","isPartOf":{"@id":"https:\/\/lequotidien.mr\/#website"},"primaryImageOfPage":{"@id":"https:\/\/lequotidien.mr\/?p=33292&lang=fr#primaryimage"},"image":{"@id":"https:\/\/lequotidien.mr\/?p=33292&lang=fr#primaryimage"},"thumbnailUrl":"https:\/\/lequotidien.mr\/wp-content\/uploads\/2025\/12\/photo-ligue-islmqe-mdiale.jpg","datePublished":"2025-12-27T10:35:36+00:00","breadcrumb":{"@id":"https:\/\/lequotidien.mr\/?p=33292&lang=fr#breadcrumb"},"inLanguage":"ar","potentialAction":[{"@type":"ReadAction","target":["https:\/\/lequotidien.mr\/?p=33292&lang=fr"]}]},{"@type":"ImageObject","inLanguage":"ar","@id":"https:\/\/lequotidien.mr\/?p=33292&lang=fr#primaryimage","url":"https:\/\/lequotidien.mr\/wp-content\/uploads\/2025\/12\/photo-ligue-islmqe-mdiale.jpg","contentUrl":"https:\/\/lequotidien.mr\/wp-content\/uploads\/2025\/12\/photo-ligue-islmqe-mdiale.jpg","width":644,"height":379},{"@type":"BreadcrumbList","@id":"https:\/\/lequotidien.mr\/?p=33292&lang=fr#breadcrumb","itemListElement":[{"@type":"ListItem","position":1,"name":"Home","item":"https:\/\/lequotidien.mr\/"},{"@type":"ListItem","position":2,"name":"4\u00e8me colloque scientifique r\u00e9gional de la Ligue islamique mondiale\/Nouakchott : \u00ab Construire des ponts \u00bb entre les rites islamiques"}]},{"@type":"WebSite","@id":"https:\/\/lequotidien.mr\/#website","url":"https:\/\/lequotidien.mr\/","name":"Le Quotidien de Nouakchott","description":"\u0625\u062e\u0628\u0627\u0631\u064a\u0629 \u0645\u0633\u062a\u0642\u0644\u0629 \u0644\u0644\u0623\u0646\u0628\u0627\u0621 \u0627\u0644\u0639\u0627\u0645\u0629","publisher":{"@id":"https:\/\/lequotidien.mr\/#organization"},"potentialAction":[{"@type":"SearchAction","target":{"@type":"EntryPoint","urlTemplate":"https:\/\/lequotidien.mr\/?s={search_term_string}"},"query-input":{"@type":"PropertyValueSpecification","valueRequired":true,"valueName":"search_term_string"}}],"inLanguage":"ar"},{"@type":"Organization","@id":"https:\/\/lequotidien.mr\/#organization","name":"Le Quotidien de Nouakchott","url":"https:\/\/lequotidien.mr\/","logo":{"@type":"ImageObject","inLanguage":"ar","@id":"https:\/\/lequotidien.mr\/#\/schema\/logo\/image\/","url":"https:\/\/lequotidien.mr\/wp-content\/uploads\/2022\/11\/logolequotidien.jpg","contentUrl":"https:\/\/lequotidien.mr\/wp-content\/uploads\/2022\/11\/logolequotidien.jpg","width":290,"height":65,"caption":"Le Quotidien de Nouakchott"},"image":{"@id":"https:\/\/lequotidien.mr\/#\/schema\/logo\/image\/"},"sameAs":["https:\/\/web.facebook.com\/lequotidienmr","https:\/\/x.com\/lequotidienmr"]},{"@type":"Person","@id":"https:\/\/lequotidien.mr\/#\/schema\/person\/d2d350202a4d599685ed8abc25f97596","name":"Med Ahmed","image":{"@type":"ImageObject","inLanguage":"ar","@id":"https:\/\/secure.gravatar.com\/avatar\/fd2acc62ed50732923d1d39c17172c9b04149f142be92310ecc69e1358f94b52?s=96&d=mm&r=g","url":"https:\/\/secure.gravatar.com\/avatar\/fd2acc62ed50732923d1d39c17172c9b04149f142be92310ecc69e1358f94b52?s=96&d=mm&r=g","contentUrl":"https:\/\/secure.gravatar.com\/avatar\/fd2acc62ed50732923d1d39c17172c9b04149f142be92310ecc69e1358f94b52?s=96&d=mm&r=g","caption":"Med Ahmed"},"url":"https:\/\/lequotidien.mr\/?author=12"}]}},"_links":{"self":[{"href":"https:\/\/lequotidien.mr\/index.php?rest_route=\/wp\/v2\/posts\/33292","targetHints":{"allow":["GET"]}}],"collection":[{"href":"https:\/\/lequotidien.mr\/index.php?rest_route=\/wp\/v2\/posts"}],"about":[{"href":"https:\/\/lequotidien.mr\/index.php?rest_route=\/wp\/v2\/types\/post"}],"author":[{"embeddable":true,"href":"https:\/\/lequotidien.mr\/index.php?rest_route=\/wp\/v2\/users\/12"}],"replies":[{"embeddable":true,"href":"https:\/\/lequotidien.mr\/index.php?rest_route=%2Fwp%2Fv2%2Fcomments&post=33292"}],"version-history":[{"count":1,"href":"https:\/\/lequotidien.mr\/index.php?rest_route=\/wp\/v2\/posts\/33292\/revisions"}],"predecessor-version":[{"id":33294,"href":"https:\/\/lequotidien.mr\/index.php?rest_route=\/wp\/v2\/posts\/33292\/revisions\/33294"}],"wp:featuredmedia":[{"embeddable":true,"href":"https:\/\/lequotidien.mr\/index.php?rest_route=\/wp\/v2\/media\/33293"}],"wp:attachment":[{"href":"https:\/\/lequotidien.mr\/index.php?rest_route=%2Fwp%2Fv2%2Fmedia&parent=33292"}],"wp:term":[{"taxonomy":"category","embeddable":true,"href":"https:\/\/lequotidien.mr\/index.php?rest_route=%2Fwp%2Fv2%2Fcategories&post=33292"},{"taxonomy":"post_tag","embeddable":true,"href":"https:\/\/lequotidien.mr\/index.php?rest_route=%2Fwp%2Fv2%2Ftags&post=33292"}],"curies":[{"name":"wp","href":"https:\/\/api.w.org\/{rel}","templated":true}]}}