{"id":33264,"date":"2025-12-25T22:40:17","date_gmt":"2025-12-25T22:40:17","guid":{"rendered":"https:\/\/lequotidien.mr\/?p=33264"},"modified":"2025-12-25T22:40:17","modified_gmt":"2025-12-25T22:40:17","slug":"lancement-dune-filiere-specialisee-en-marches-publics-lautorite-de-regulation-des-marches-publics-et-les-institutions-universitaires-sengage-dans-un-partenariat-strategiqu","status":"publish","type":"post","link":"https:\/\/lequotidien.mr\/?p=33264&lang=fr","title":{"rendered":"Lancement d\u2019une fili\u00e8re sp\u00e9cialis\u00e9e en march\u00e9s publics : L\u2019Autorit\u00e9 de R\u00e9gulation des March\u00e9s Publics et les institutions universitaires s\u2019engage dans un partenariat strat\u00e9gique"},"content":{"rendered":"<p>L\u2019Autorit\u00e9 de R\u00e9gulation des March\u00e9s Publics (ARMP) a franchi une \u00e9tape majeure dans son action de renforcement des capacit\u00e9s nationales en organisant, ce mercredi \u00e0 Nouakchott, une c\u00e9r\u00e9monie de signature d\u2019un <strong>accord de partenariat strat\u00e9gique avec plusieurs \u00e9tablissements publics d\u2019enseignement sup\u00e9rieur<\/strong>. Cet accord vise \u00e0 cr\u00e9er une fili\u00e8re de formation sp\u00e9cialis\u00e9e dans le domaine des march\u00e9s publics, un secteur-cl\u00e9 pour l\u2019\u00e9conomie nationale.<\/p>\n<p>Les institutions partenaires de cette initiative sont l\u2019\u00c9cole Nationale d\u2019Administration, de Journalisme et de la Magistrature (ENAJM), la Facult\u00e9 des Sciences Juridiques et Politiques de l\u2019Universit\u00e9 de Nouakchott (FSJP) et l\u2019Institut Sup\u00e9rieur de Comptabilit\u00e9 et de Gestion des Entreprises (IS-CGE). L\u2019objectif est de former une nouvelle g\u00e9n\u00e9ration de cadres professionnels hautement qualifi\u00e9s, ma\u00eetrisant les dimensions juridiques, \u00e9conomiques et techniques des march\u00e9s publics, et impr\u00e9gn\u00e9s des principes de transparence, de concurrence loyale et d\u2019efficacit\u00e9 dans la gestion des deniers publics.<\/p>\n<p><strong>La formation, pierre angulaire de la r\u00e9forme<\/strong><\/p>\n<p>Dans son discours inaugural, la <strong>Pr\u00e9sidente de l\u2019ARMP<\/strong>,\u00a0<strong>Mme Khadijetou Bouka<\/strong>, a soulign\u00e9 le caract\u00e8re fondamental de cette collaboration.\u00a0<em><strong>\u00ab La r\u00e9forme du syst\u00e8me des march\u00e9s publics ne peut se limiter \u00e0 des textes ou \u00e0 des proc\u00e9dures. Elle reste subordonn\u00e9e \u00e0 l\u2019existence de ressources humaines qualifi\u00e9es, conscientes de leurs responsabilit\u00e9s et familiaris\u00e9es avec ses exigences et ses m\u00e9canismes juridiques et techniques. La formation et l\u2019apprentissage constituent la pierre angulaire de toute r\u00e9forme s\u00e9rieuse et durable \u00bb<\/strong><\/em>, a-t-elle d\u00e9clar\u00e9.<\/p>\n<p>Mme Bouka a insist\u00e9 sur la nature concr\u00e8te de cet engagement :\u00a0<em><strong>\u00ab Ces accords ne constituent pas une simple formalit\u00e9, mais un engagement r\u00e9el \u00e0 former une g\u00e9n\u00e9ration de cadres qualifi\u00e9s, capables d\u2019accompagner les r\u00e9formes en cours et de renforcer la confiance dans le syst\u00e8me des march\u00e9s publics. \u00bb<\/strong><\/em>\u00a0Elle a \u00e9galement r\u00e9affirm\u00e9 la conviction de l\u2019ARMP que les institutions acad\u00e9miques nationales sont un levier essentiel pour d\u00e9velopper les comp\u00e9tences sp\u00e9cialis\u00e9es n\u00e9cessaires \u00e0 la consolidation de la bonne gouvernance.<\/p>\n<p><strong>Une r\u00e9ponse \u00e0 un besoin national urgent<\/strong><\/p>\n<p>Les responsables des institutions partenaires ont unanimement salu\u00e9 cette initiative et exprim\u00e9 leur enthousiasme \u00e0 y contribuer.<\/p>\n<p>Le Directeur de l\u2019ENAJM,\u00a0<strong>M. Mohamed Yahya Sa\u00efd<\/strong>, a rappel\u00e9 l\u2019importance strat\u00e9gique des march\u00e9s publics,\u00a0<em>\u00ab moteur de la vie \u00e9conomique \u00bb<\/em>. Il a r\u00e9v\u00e9l\u00e9 que\u00a0<em><strong>\u00ab la cr\u00e9ation d\u2019une section consacr\u00e9e aux march\u00e9s publics au sein de l\u2019\u00c9cole nationale d\u2019administration \u00e9tait un r\u00eave qu\u2019elle caressait depuis des ann\u00e9es, compte tenu de l\u2019importance et du dynamisme de ce domaine \u00bb<\/strong><\/em><strong>.<\/strong><\/p>\n<p>Pour sa part, le Directeur de l\u2019IS-CGE,\u00a0<strong>M. Sidi Mohamed Abdeddaim<\/strong>, a confirm\u00e9\u00a0<em><strong>\u00ab le besoin urgent du pays en comp\u00e9tences sp\u00e9cialis\u00e9es dans la gestion des march\u00e9s publics \u00bb<\/strong><\/em><strong>.<\/strong> Il s\u2019est f\u00e9licit\u00e9 de cette initiative qui permettra \u00e0 son institut, fort de quinze ans d\u2019exp\u00e9rience dans la formation des comp\u00e9tences nationales, de r\u00e9pondre \u00e0 une demande cruciale du march\u00e9.<\/p>\n<p><strong>Vers un mod\u00e8le de formation de r\u00e9f\u00e9rence<\/strong><\/p>\n<p>Le Doyen de la Facult\u00e9 des Sciences Juridiques et Politiques,\u00a0<strong>M. Mohamed Maatalla<\/strong>, a exprim\u00e9 sa gratitude \u00e0 l\u2019ARMP pour ce partenariat. Il a indiqu\u00e9 que celui-ci permettra \u00e0 la Facult\u00e9 de remplir ses engagements en mati\u00e8re de renforcement des capacit\u00e9s et de promotion de la bonne gouvernance.\u00a0<em><strong>\u00ab Cet accord n\u2019est pas une fin en soi, mais plut\u00f4t le point de d\u00e9part d\u2019un partenariat solide visant \u00e0 faire du programme Licence dans les march\u00e9s publics un mod\u00e8le \u00e0 suivre \u00bb<\/strong><\/em>, a-t-il affirm\u00e9, pr\u00e9cisant que cette formation servira l\u2019\u00c9tat, les collectivit\u00e9s locales et le secteur priv\u00e9.<\/p>\n<p>Ce partenariat acad\u00e9mique marque un tournant dans l\u2019approche de la professionnalisation du secteur des march\u00e9s publics en Mauritanie. En cr\u00e9ant un vivier de talents form\u00e9s aux standards et aux exigences du domaine, l\u2019ARMP et ses partenaires acad\u00e9miques posent les bases d\u2019une gestion plus performante, plus int\u00e8gre et plus efficace de la commande publique. Cette initiative est porteuse d\u2019espoir pour une consolidation durable des r\u00e9formes engag\u00e9es et pour une optimisation des investissements publics au service du d\u00e9veloppement national.<\/p>\n","protected":false},"excerpt":{"rendered":"<p>L\u2019Autorit\u00e9 de R\u00e9gulation des March\u00e9s Publics (ARMP) a franchi une \u00e9tape majeure dans son action de renforcement des capacit\u00e9s nationales en organisant, ce mercredi \u00e0 Nouakchott, une c\u00e9r\u00e9monie de signature d\u2019un accord de partenariat strat\u00e9gique avec plusieurs \u00e9tablissements publics d\u2019enseignement sup\u00e9rieur. Cet accord vise \u00e0 cr\u00e9er une fili\u00e8re de formation sp\u00e9cialis\u00e9e dans le domaine des&#8230;..<\/p>\n","protected":false},"author":12,"featured_media":33265,"comment_status":"open","ping_status":"open","sticky":false,"template":"","format":"standard","meta":{"footnotes":""},"categories":[23,49,55],"tags":[],"class_list":["post-33264","post","type-post","status-publish","format-standard","has-post-thumbnail","hentry","category-actualite","category-economie","category-culture"],"yoast_head":"<!-- This site is optimized with the Yoast SEO plugin v27.5 - https:\/\/yoast.com\/product\/yoast-seo-wordpress\/ -->\n<title>Lancement d\u2019une fili\u00e8re sp\u00e9cialis\u00e9e en march\u00e9s publics : L\u2019Autorit\u00e9 de R\u00e9gulation des March\u00e9s Publics et les institutions universitaires s\u2019engage dans un partenariat strat\u00e9gique - Le Quotidien de Nouakchott<\/title>\n<meta name=\"robots\" content=\"index, follow, max-snippet:-1, max-image-preview:large, max-video-preview:-1\" \/>\n<link rel=\"canonical\" href=\"https:\/\/lequotidien.mr\/?p=33264&lang=fr\" \/>\n<meta property=\"og:locale\" content=\"ar_AR\" \/>\n<meta property=\"og:type\" content=\"article\" \/>\n<meta property=\"og:title\" content=\"Lancement d\u2019une fili\u00e8re sp\u00e9cialis\u00e9e en march\u00e9s publics : L\u2019Autorit\u00e9 de R\u00e9gulation des March\u00e9s Publics et les institutions universitaires s\u2019engage dans un partenariat strat\u00e9gique - Le Quotidien de Nouakchott\" \/>\n<meta property=\"og:description\" content=\"L\u2019Autorit\u00e9 de R\u00e9gulation des March\u00e9s Publics (ARMP) a franchi une \u00e9tape majeure dans son action de renforcement des capacit\u00e9s nationales en organisant, ce mercredi \u00e0 Nouakchott, une c\u00e9r\u00e9monie de signature d\u2019un accord de partenariat strat\u00e9gique avec plusieurs \u00e9tablissements publics d\u2019enseignement sup\u00e9rieur. Cet accord vise \u00e0 cr\u00e9er une fili\u00e8re de formation sp\u00e9cialis\u00e9e dans le domaine des.....\" \/>\n<meta property=\"og:url\" content=\"https:\/\/lequotidien.mr\/?p=33264&amp;lang=fr\" \/>\n<meta property=\"og:site_name\" content=\"Le Quotidien de Nouakchott\" \/>\n<meta property=\"article:publisher\" content=\"https:\/\/web.facebook.com\/lequotidienmr\" \/>\n<meta property=\"article:published_time\" content=\"2025-12-25T22:40:17+00:00\" \/>\n<meta property=\"og:image\" content=\"https:\/\/lequotidien.mr\/wp-content\/uploads\/2025\/12\/photo-autorite-mches-pblcs.jpg\" \/>\n\t<meta property=\"og:image:width\" content=\"573\" \/>\n\t<meta property=\"og:image:height\" content=\"430\" \/>\n\t<meta property=\"og:image:type\" content=\"image\/jpeg\" \/>\n<meta name=\"author\" content=\"Med Ahmed\" \/>\n<meta name=\"twitter:card\" content=\"summary_large_image\" \/>\n<meta name=\"twitter:creator\" content=\"@lequotidienmr\" \/>\n<meta name=\"twitter:site\" content=\"@lequotidienmr\" \/>\n<meta name=\"twitter:label1\" content=\"\u0643\u064f\u062a\u0628 \u0628\u0648\u0627\u0633\u0637\u0629\" \/>\n\t<meta name=\"twitter:data1\" content=\"Med Ahmed\" \/>\n\t<meta name=\"twitter:label2\" content=\"\u0648\u0642\u062a \u0627\u0644\u0642\u0631\u0627\u0621\u0629 \u0627\u0644\u0645\u064f\u0642\u062f\u0651\u0631\" \/>\n\t<meta name=\"twitter:data2\" content=\"5 \u062f\u0642\u0627\u0626\u0642\" \/>\n<script type=\"application\/ld+json\" class=\"yoast-schema-graph\">{\"@context\":\"https:\\\/\\\/schema.org\",\"@graph\":[{\"@type\":\"Article\",\"@id\":\"https:\\\/\\\/lequotidien.mr\\\/?p=33264&lang=fr#article\",\"isPartOf\":{\"@id\":\"https:\\\/\\\/lequotidien.mr\\\/?p=33264&lang=fr\"},\"author\":{\"name\":\"Med Ahmed\",\"@id\":\"https:\\\/\\\/lequotidien.mr\\\/#\\\/schema\\\/person\\\/d2d350202a4d599685ed8abc25f97596\"},\"headline\":\"Lancement d\u2019une fili\u00e8re sp\u00e9cialis\u00e9e en march\u00e9s publics : L\u2019Autorit\u00e9 de R\u00e9gulation des March\u00e9s Publics et les institutions universitaires s\u2019engage dans un partenariat strat\u00e9gique\",\"datePublished\":\"2025-12-25T22:40:17+00:00\",\"mainEntityOfPage\":{\"@id\":\"https:\\\/\\\/lequotidien.mr\\\/?p=33264&lang=fr\"},\"wordCount\":756,\"commentCount\":0,\"publisher\":{\"@id\":\"https:\\\/\\\/lequotidien.mr\\\/#organization\"},\"image\":{\"@id\":\"https:\\\/\\\/lequotidien.mr\\\/?p=33264&lang=fr#primaryimage\"},\"thumbnailUrl\":\"https:\\\/\\\/lequotidien.mr\\\/wp-content\\\/uploads\\\/2025\\\/12\\\/photo-autorite-mches-pblcs.jpg\",\"articleSection\":[\"ACTUALIT\u00c9\",\"Economie\",\"Culture\"],\"inLanguage\":\"ar\",\"potentialAction\":[{\"@type\":\"CommentAction\",\"name\":\"Comment\",\"target\":[\"https:\\\/\\\/lequotidien.mr\\\/?p=33264&lang=fr#respond\"]}]},{\"@type\":\"WebPage\",\"@id\":\"https:\\\/\\\/lequotidien.mr\\\/?p=33264&lang=fr\",\"url\":\"https:\\\/\\\/lequotidien.mr\\\/?p=33264&lang=fr\",\"name\":\"Lancement d\u2019une fili\u00e8re sp\u00e9cialis\u00e9e en march\u00e9s publics : L\u2019Autorit\u00e9 de R\u00e9gulation des March\u00e9s Publics et les institutions universitaires s\u2019engage dans un partenariat strat\u00e9gique - Le Quotidien de Nouakchott\",\"isPartOf\":{\"@id\":\"https:\\\/\\\/lequotidien.mr\\\/#website\"},\"primaryImageOfPage\":{\"@id\":\"https:\\\/\\\/lequotidien.mr\\\/?p=33264&lang=fr#primaryimage\"},\"image\":{\"@id\":\"https:\\\/\\\/lequotidien.mr\\\/?p=33264&lang=fr#primaryimage\"},\"thumbnailUrl\":\"https:\\\/\\\/lequotidien.mr\\\/wp-content\\\/uploads\\\/2025\\\/12\\\/photo-autorite-mches-pblcs.jpg\",\"datePublished\":\"2025-12-25T22:40:17+00:00\",\"breadcrumb\":{\"@id\":\"https:\\\/\\\/lequotidien.mr\\\/?p=33264&lang=fr#breadcrumb\"},\"inLanguage\":\"ar\",\"potentialAction\":[{\"@type\":\"ReadAction\",\"target\":[\"https:\\\/\\\/lequotidien.mr\\\/?p=33264&lang=fr\"]}]},{\"@type\":\"ImageObject\",\"inLanguage\":\"ar\",\"@id\":\"https:\\\/\\\/lequotidien.mr\\\/?p=33264&lang=fr#primaryimage\",\"url\":\"https:\\\/\\\/lequotidien.mr\\\/wp-content\\\/uploads\\\/2025\\\/12\\\/photo-autorite-mches-pblcs.jpg\",\"contentUrl\":\"https:\\\/\\\/lequotidien.mr\\\/wp-content\\\/uploads\\\/2025\\\/12\\\/photo-autorite-mches-pblcs.jpg\",\"width\":573,\"height\":430},{\"@type\":\"BreadcrumbList\",\"@id\":\"https:\\\/\\\/lequotidien.mr\\\/?p=33264&lang=fr#breadcrumb\",\"itemListElement\":[{\"@type\":\"ListItem\",\"position\":1,\"name\":\"Home\",\"item\":\"https:\\\/\\\/lequotidien.mr\\\/\"},{\"@type\":\"ListItem\",\"position\":2,\"name\":\"Lancement d\u2019une fili\u00e8re sp\u00e9cialis\u00e9e en march\u00e9s publics : L\u2019Autorit\u00e9 de R\u00e9gulation des March\u00e9s Publics et les institutions universitaires s\u2019engage dans un partenariat strat\u00e9gique\"}]},{\"@type\":\"WebSite\",\"@id\":\"https:\\\/\\\/lequotidien.mr\\\/#website\",\"url\":\"https:\\\/\\\/lequotidien.mr\\\/\",\"name\":\"Le Quotidien de Nouakchott\",\"description\":\"\u0625\u062e\u0628\u0627\u0631\u064a\u0629 \u0645\u0633\u062a\u0642\u0644\u0629 \u0644\u0644\u0623\u0646\u0628\u0627\u0621 \u0627\u0644\u0639\u0627\u0645\u0629\",\"publisher\":{\"@id\":\"https:\\\/\\\/lequotidien.mr\\\/#organization\"},\"potentialAction\":[{\"@type\":\"SearchAction\",\"target\":{\"@type\":\"EntryPoint\",\"urlTemplate\":\"https:\\\/\\\/lequotidien.mr\\\/?s={search_term_string}\"},\"query-input\":{\"@type\":\"PropertyValueSpecification\",\"valueRequired\":true,\"valueName\":\"search_term_string\"}}],\"inLanguage\":\"ar\"},{\"@type\":\"Organization\",\"@id\":\"https:\\\/\\\/lequotidien.mr\\\/#organization\",\"name\":\"Le Quotidien de Nouakchott\",\"url\":\"https:\\\/\\\/lequotidien.mr\\\/\",\"logo\":{\"@type\":\"ImageObject\",\"inLanguage\":\"ar\",\"@id\":\"https:\\\/\\\/lequotidien.mr\\\/#\\\/schema\\\/logo\\\/image\\\/\",\"url\":\"https:\\\/\\\/lequotidien.mr\\\/wp-content\\\/uploads\\\/2022\\\/11\\\/logolequotidien.jpg\",\"contentUrl\":\"https:\\\/\\\/lequotidien.mr\\\/wp-content\\\/uploads\\\/2022\\\/11\\\/logolequotidien.jpg\",\"width\":290,\"height\":65,\"caption\":\"Le Quotidien de Nouakchott\"},\"image\":{\"@id\":\"https:\\\/\\\/lequotidien.mr\\\/#\\\/schema\\\/logo\\\/image\\\/\"},\"sameAs\":[\"https:\\\/\\\/web.facebook.com\\\/lequotidienmr\",\"https:\\\/\\\/x.com\\\/lequotidienmr\"]},{\"@type\":\"Person\",\"@id\":\"https:\\\/\\\/lequotidien.mr\\\/#\\\/schema\\\/person\\\/d2d350202a4d599685ed8abc25f97596\",\"name\":\"Med Ahmed\",\"image\":{\"@type\":\"ImageObject\",\"inLanguage\":\"ar\",\"@id\":\"https:\\\/\\\/secure.gravatar.com\\\/avatar\\\/fd2acc62ed50732923d1d39c17172c9b04149f142be92310ecc69e1358f94b52?s=96&d=mm&r=g\",\"url\":\"https:\\\/\\\/secure.gravatar.com\\\/avatar\\\/fd2acc62ed50732923d1d39c17172c9b04149f142be92310ecc69e1358f94b52?s=96&d=mm&r=g\",\"contentUrl\":\"https:\\\/\\\/secure.gravatar.com\\\/avatar\\\/fd2acc62ed50732923d1d39c17172c9b04149f142be92310ecc69e1358f94b52?s=96&d=mm&r=g\",\"caption\":\"Med Ahmed\"},\"url\":\"https:\\\/\\\/lequotidien.mr\\\/?author=12\"}]}<\/script>\n<!-- \/ Yoast SEO plugin. -->","yoast_head_json":{"title":"Lancement d\u2019une fili\u00e8re sp\u00e9cialis\u00e9e en march\u00e9s publics : L\u2019Autorit\u00e9 de R\u00e9gulation des March\u00e9s Publics et les institutions universitaires s\u2019engage dans un partenariat strat\u00e9gique - Le Quotidien de Nouakchott","robots":{"index":"index","follow":"follow","max-snippet":"max-snippet:-1","max-image-preview":"max-image-preview:large","max-video-preview":"max-video-preview:-1"},"canonical":"https:\/\/lequotidien.mr\/?p=33264&lang=fr","og_locale":"ar_AR","og_type":"article","og_title":"Lancement d\u2019une fili\u00e8re sp\u00e9cialis\u00e9e en march\u00e9s publics : L\u2019Autorit\u00e9 de R\u00e9gulation des March\u00e9s Publics et les institutions universitaires s\u2019engage dans un partenariat strat\u00e9gique - Le Quotidien de Nouakchott","og_description":"L\u2019Autorit\u00e9 de R\u00e9gulation des March\u00e9s Publics (ARMP) a franchi une \u00e9tape majeure dans son action de renforcement des capacit\u00e9s nationales en organisant, ce mercredi \u00e0 Nouakchott, une c\u00e9r\u00e9monie de signature d\u2019un accord de partenariat strat\u00e9gique avec plusieurs \u00e9tablissements publics d\u2019enseignement sup\u00e9rieur. Cet accord vise \u00e0 cr\u00e9er une fili\u00e8re de formation sp\u00e9cialis\u00e9e dans le domaine des.....","og_url":"https:\/\/lequotidien.mr\/?p=33264&lang=fr","og_site_name":"Le Quotidien de Nouakchott","article_publisher":"https:\/\/web.facebook.com\/lequotidienmr","article_published_time":"2025-12-25T22:40:17+00:00","og_image":[{"width":573,"height":430,"url":"https:\/\/lequotidien.mr\/wp-content\/uploads\/2025\/12\/photo-autorite-mches-pblcs.jpg","type":"image\/jpeg"}],"author":"Med Ahmed","twitter_card":"summary_large_image","twitter_creator":"@lequotidienmr","twitter_site":"@lequotidienmr","twitter_misc":{"\u0643\u064f\u062a\u0628 \u0628\u0648\u0627\u0633\u0637\u0629":"Med Ahmed","\u0648\u0642\u062a \u0627\u0644\u0642\u0631\u0627\u0621\u0629 \u0627\u0644\u0645\u064f\u0642\u062f\u0651\u0631":"5 \u062f\u0642\u0627\u0626\u0642"},"schema":{"@context":"https:\/\/schema.org","@graph":[{"@type":"Article","@id":"https:\/\/lequotidien.mr\/?p=33264&lang=fr#article","isPartOf":{"@id":"https:\/\/lequotidien.mr\/?p=33264&lang=fr"},"author":{"name":"Med Ahmed","@id":"https:\/\/lequotidien.mr\/#\/schema\/person\/d2d350202a4d599685ed8abc25f97596"},"headline":"Lancement d\u2019une fili\u00e8re sp\u00e9cialis\u00e9e en march\u00e9s publics : L\u2019Autorit\u00e9 de R\u00e9gulation des March\u00e9s Publics et les institutions universitaires s\u2019engage dans un partenariat strat\u00e9gique","datePublished":"2025-12-25T22:40:17+00:00","mainEntityOfPage":{"@id":"https:\/\/lequotidien.mr\/?p=33264&lang=fr"},"wordCount":756,"commentCount":0,"publisher":{"@id":"https:\/\/lequotidien.mr\/#organization"},"image":{"@id":"https:\/\/lequotidien.mr\/?p=33264&lang=fr#primaryimage"},"thumbnailUrl":"https:\/\/lequotidien.mr\/wp-content\/uploads\/2025\/12\/photo-autorite-mches-pblcs.jpg","articleSection":["ACTUALIT\u00c9","Economie","Culture"],"inLanguage":"ar","potentialAction":[{"@type":"CommentAction","name":"Comment","target":["https:\/\/lequotidien.mr\/?p=33264&lang=fr#respond"]}]},{"@type":"WebPage","@id":"https:\/\/lequotidien.mr\/?p=33264&lang=fr","url":"https:\/\/lequotidien.mr\/?p=33264&lang=fr","name":"Lancement d\u2019une fili\u00e8re sp\u00e9cialis\u00e9e en march\u00e9s publics : L\u2019Autorit\u00e9 de R\u00e9gulation des March\u00e9s Publics et les institutions universitaires s\u2019engage dans un partenariat strat\u00e9gique - Le Quotidien de Nouakchott","isPartOf":{"@id":"https:\/\/lequotidien.mr\/#website"},"primaryImageOfPage":{"@id":"https:\/\/lequotidien.mr\/?p=33264&lang=fr#primaryimage"},"image":{"@id":"https:\/\/lequotidien.mr\/?p=33264&lang=fr#primaryimage"},"thumbnailUrl":"https:\/\/lequotidien.mr\/wp-content\/uploads\/2025\/12\/photo-autorite-mches-pblcs.jpg","datePublished":"2025-12-25T22:40:17+00:00","breadcrumb":{"@id":"https:\/\/lequotidien.mr\/?p=33264&lang=fr#breadcrumb"},"inLanguage":"ar","potentialAction":[{"@type":"ReadAction","target":["https:\/\/lequotidien.mr\/?p=33264&lang=fr"]}]},{"@type":"ImageObject","inLanguage":"ar","@id":"https:\/\/lequotidien.mr\/?p=33264&lang=fr#primaryimage","url":"https:\/\/lequotidien.mr\/wp-content\/uploads\/2025\/12\/photo-autorite-mches-pblcs.jpg","contentUrl":"https:\/\/lequotidien.mr\/wp-content\/uploads\/2025\/12\/photo-autorite-mches-pblcs.jpg","width":573,"height":430},{"@type":"BreadcrumbList","@id":"https:\/\/lequotidien.mr\/?p=33264&lang=fr#breadcrumb","itemListElement":[{"@type":"ListItem","position":1,"name":"Home","item":"https:\/\/lequotidien.mr\/"},{"@type":"ListItem","position":2,"name":"Lancement d\u2019une fili\u00e8re sp\u00e9cialis\u00e9e en march\u00e9s publics : L\u2019Autorit\u00e9 de R\u00e9gulation des March\u00e9s Publics et les institutions universitaires s\u2019engage dans un partenariat strat\u00e9gique"}]},{"@type":"WebSite","@id":"https:\/\/lequotidien.mr\/#website","url":"https:\/\/lequotidien.mr\/","name":"Le Quotidien de Nouakchott","description":"\u0625\u062e\u0628\u0627\u0631\u064a\u0629 \u0645\u0633\u062a\u0642\u0644\u0629 \u0644\u0644\u0623\u0646\u0628\u0627\u0621 \u0627\u0644\u0639\u0627\u0645\u0629","publisher":{"@id":"https:\/\/lequotidien.mr\/#organization"},"potentialAction":[{"@type":"SearchAction","target":{"@type":"EntryPoint","urlTemplate":"https:\/\/lequotidien.mr\/?s={search_term_string}"},"query-input":{"@type":"PropertyValueSpecification","valueRequired":true,"valueName":"search_term_string"}}],"inLanguage":"ar"},{"@type":"Organization","@id":"https:\/\/lequotidien.mr\/#organization","name":"Le Quotidien de Nouakchott","url":"https:\/\/lequotidien.mr\/","logo":{"@type":"ImageObject","inLanguage":"ar","@id":"https:\/\/lequotidien.mr\/#\/schema\/logo\/image\/","url":"https:\/\/lequotidien.mr\/wp-content\/uploads\/2022\/11\/logolequotidien.jpg","contentUrl":"https:\/\/lequotidien.mr\/wp-content\/uploads\/2022\/11\/logolequotidien.jpg","width":290,"height":65,"caption":"Le Quotidien de Nouakchott"},"image":{"@id":"https:\/\/lequotidien.mr\/#\/schema\/logo\/image\/"},"sameAs":["https:\/\/web.facebook.com\/lequotidienmr","https:\/\/x.com\/lequotidienmr"]},{"@type":"Person","@id":"https:\/\/lequotidien.mr\/#\/schema\/person\/d2d350202a4d599685ed8abc25f97596","name":"Med Ahmed","image":{"@type":"ImageObject","inLanguage":"ar","@id":"https:\/\/secure.gravatar.com\/avatar\/fd2acc62ed50732923d1d39c17172c9b04149f142be92310ecc69e1358f94b52?s=96&d=mm&r=g","url":"https:\/\/secure.gravatar.com\/avatar\/fd2acc62ed50732923d1d39c17172c9b04149f142be92310ecc69e1358f94b52?s=96&d=mm&r=g","contentUrl":"https:\/\/secure.gravatar.com\/avatar\/fd2acc62ed50732923d1d39c17172c9b04149f142be92310ecc69e1358f94b52?s=96&d=mm&r=g","caption":"Med Ahmed"},"url":"https:\/\/lequotidien.mr\/?author=12"}]}},"_links":{"self":[{"href":"https:\/\/lequotidien.mr\/index.php?rest_route=\/wp\/v2\/posts\/33264","targetHints":{"allow":["GET"]}}],"collection":[{"href":"https:\/\/lequotidien.mr\/index.php?rest_route=\/wp\/v2\/posts"}],"about":[{"href":"https:\/\/lequotidien.mr\/index.php?rest_route=\/wp\/v2\/types\/post"}],"author":[{"embeddable":true,"href":"https:\/\/lequotidien.mr\/index.php?rest_route=\/wp\/v2\/users\/12"}],"replies":[{"embeddable":true,"href":"https:\/\/lequotidien.mr\/index.php?rest_route=%2Fwp%2Fv2%2Fcomments&post=33264"}],"version-history":[{"count":1,"href":"https:\/\/lequotidien.mr\/index.php?rest_route=\/wp\/v2\/posts\/33264\/revisions"}],"predecessor-version":[{"id":33266,"href":"https:\/\/lequotidien.mr\/index.php?rest_route=\/wp\/v2\/posts\/33264\/revisions\/33266"}],"wp:featuredmedia":[{"embeddable":true,"href":"https:\/\/lequotidien.mr\/index.php?rest_route=\/wp\/v2\/media\/33265"}],"wp:attachment":[{"href":"https:\/\/lequotidien.mr\/index.php?rest_route=%2Fwp%2Fv2%2Fmedia&parent=33264"}],"wp:term":[{"taxonomy":"category","embeddable":true,"href":"https:\/\/lequotidien.mr\/index.php?rest_route=%2Fwp%2Fv2%2Fcategories&post=33264"},{"taxonomy":"post_tag","embeddable":true,"href":"https:\/\/lequotidien.mr\/index.php?rest_route=%2Fwp%2Fv2%2Ftags&post=33264"}],"curies":[{"name":"wp","href":"https:\/\/api.w.org\/{rel}","templated":true}]}}