{"id":33261,"date":"2025-12-25T22:16:51","date_gmt":"2025-12-25T22:16:51","guid":{"rendered":"https:\/\/lequotidien.mr\/?p=33261"},"modified":"2025-12-25T22:16:51","modified_gmt":"2025-12-25T22:16:51","slug":"transition-energetique-le-president-el-ghazouani-pose-la-premiere-pierre-de-la-centrale-hybride-de-toujounine-220-mw","status":"publish","type":"post","link":"https:\/\/lequotidien.mr\/?p=33261&lang=fr","title":{"rendered":"Transition \u00e9nerg\u00e9tique: Le Pr\u00e9sident El Ghazouani pose la premi\u00e8re pierre de la centrale hybride de Toujounine (220 MW)"},"content":{"rendered":"<p>Dans un geste fort symbolisant l\u2019engagement de l\u2019\u00c9tat en faveur de la souverainet\u00e9 \u00e9nerg\u00e9tique, le <strong>Pr\u00e9sident de la R\u00e9publique, Monsieur Mohamed Cheikh El Ghazouani<\/strong>, a pos\u00e9 jeudi soir la premi\u00e8re pierre de la premi\u00e8re centrale hybride du pays. Implant\u00e9e dans la moughataa de Toujounine, au nord de Nouakchott, cette infrastructure d\u2019une capacit\u00e9 de 220 m\u00e9gawatts, m\u00ealant solaire, \u00e9olien et stockage, marque une \u00e9tape historique dans la politique \u00e9nerg\u00e9tique nationale. Cette c\u00e9r\u00e9monie s\u2019est inscrite dans le cadre des activit\u00e9s comm\u00e9moratives du soixante-cinqui\u00e8me anniversaire de la F\u00eate de l\u2019Ind\u00e9pendance.<\/p>\n<p>Apr\u00e8s avoir suivi une pr\u00e9sentation technique d\u00e9taill\u00e9e sur les capacit\u00e9s, les d\u00e9lais et l\u2019impact soci\u00e9tal du projet, le Pr\u00e9sident de la R\u00e9publique a proc\u00e9d\u00e9 au geste fondateur, d\u00e9voilant la plaque comm\u00e9morative. Ce projet, d\u2019un co\u00fbt de 120 milliards MRO, est int\u00e9gralement financ\u00e9 par le secteur priv\u00e9, une premi\u00e8re dans le domaine de la production \u00e9lectrique en Mauritanie. Il combine une centrale solaire photovolta\u00efque (160 MW), un parc \u00e9olien (60 MW) et un syst\u00e8me de batteries de stockage (370 MWh), garantissant une production stable et adapt\u00e9e aux pics de consommation.<\/p>\n<p><strong>Souverainet\u00e9 et partenariat public-priv\u00e9<\/strong><\/p>\n<p>Dans son allocution, le ministre de l\u2019\u00c9nergie et du P\u00e9trole, M. Mohamed Khaled, a soulign\u00e9 que ce lancement incarnait la vision ambitieuse du Pr\u00e9sident El Ghazouani pour assurer l\u2019autonomie \u00e9nerg\u00e9tique nationale. \u00ab L\u2019approche adopt\u00e9e, bas\u00e9e sur l\u2019implication du secteur priv\u00e9, repr\u00e9sente une \u00e9tape s\u00e9rieuse pour r\u00e9pondre \u00e0 la demande croissante \u00bb, a-t-il d\u00e9clar\u00e9. Il a rappel\u00e9 que ce projet s\u2019inscrit dans une strat\u00e9gie globale incluant d\u2019autres centrales structurantes (Bandiagou, Banda) et le d\u00e9veloppement crucial du r\u00e9seau de transport d\u2019\u00e9lectricit\u00e9 haute tension. \u00ab La capacit\u00e9 nationale de production et de distribution doublera une fois ces projets achev\u00e9s \u00bb, a-t-il affirm\u00e9, promettant une augmentation \u00ab d\u2019une ampleur in\u00e9dite et dans un d\u00e9lai record \u00bb.<\/p>\n<p><strong>Les \u00e9lus saluent un projet transformateur<\/strong><\/p>\n<p><strong>Mme Fatimetou Abdel Maleck, Pr\u00e9sidente de la R\u00e9gion de Nouakchott<\/strong>, a vu dans cette r\u00e9alisation la traduction concr\u00e8te des engagements du Chef de l\u2019\u00c9tat. Elle a mis en avant l\u2019impact direct du projet sur la stabilit\u00e9 du r\u00e9seau, le d\u00e9veloppement socio-\u00e9conomique et l\u2019am\u00e9lioration de la qualit\u00e9 de vie. De son c\u00f4t\u00e9, le <strong>maire de Toujounine, M. Ahmed Salem El Filali<\/strong>, a salu\u00e9 <strong><em>\u00ab l\u2019\u00c9tat citoyen \u00bb<\/em><\/strong> que le Pr\u00e9sident s\u2019efforce de b\u00e2tir. <strong><em>\u00ab Ce projet est la preuve que l\u2019ambition pour la nation n\u2019est pas un simple programme \u00e9lectoral, mais un plan d\u2019action dont nous voyons la r\u00e9alisation \u00bb<\/em><\/strong>, a-t-il martel\u00e9, \u00e9voquant les progr\u00e8s dans tous les secteurs vitaux.<\/p>\n<p><strong>Un mod\u00e8le pour l\u2019avenir : Financement priv\u00e9 et transfert de technologie<\/strong><\/p>\n<p>Ce projet pionnier est financ\u00e9 par un consortium men\u00e9 par IWA Energy (20%) et incluant la Soci\u00e9t\u00e9 Financi\u00e8re Internationale (IFC), la Banque Africaine de D\u00e9veloppement et la Banque Populaire Mauritanienne (80%). Il sera exploit\u00e9 sous forme de concession de 15 ans, avant un transfert int\u00e9gral \u00e0 la SOMELEC. Il vise non seulement \u00e0 combler le d\u00e9ficit de production et \u00e0 r\u00e9duire la d\u00e9pendance aux combustibles fossiles, mais aussi \u00e0 cr\u00e9er des emplois et \u00e0 transf\u00e9rer l\u2019expertise technique aux cadres mauritaniens. Il exploite le potentiel solaire et \u00e9olien exceptionnel du pays, le pla\u00e7ant sur la carte des leaders r\u00e9gionaux des \u00e9nergies renouvelables.<\/p>\n<p><strong>Une c\u00e9r\u00e9monie sous les auspices des hautes autorit\u00e9s<\/strong><\/p>\n<p>La c\u00e9r\u00e9monie s\u2019est d\u00e9roul\u00e9e en pr\u00e9sence d\u2019un ar\u00e9opage de hautes personnalit\u00e9s, dont le <strong>Premier ministre, M. El Moctar Diay<\/strong>, le <strong>pr\u00e9sident de l\u2019Assembl\u00e9e nationale, M. Mohamed Bemba Meguett<\/strong>, des membres du gouvernement, des \u00e9lus locaux, des chefs des corps militaires et s\u00e9curitaires, et du corps diplomatique. Cette mobilisation collective souligne l\u2019importance strat\u00e9gique accord\u00e9e \u00e0 ce projet, dont les travaux, d\u2019une dur\u00e9e pr\u00e9vue de douze mois, devraient aboutir \u00e0 une mise en service effective au quatri\u00e8me trimestre 2026.<\/p>\n<p>La pose de la premi\u00e8re pierre de la centrale hybride de Toujounine est bien plus qu\u2019un simple acte protocolaire. C\u2019est l\u2019acte de naissance d\u2019un nouveau mod\u00e8le \u00e9nerg\u00e9tique mauritanien : plus souverain, plus durable et ouvert \u00e0 l\u2019innovation partenariale. \u00c0 l\u2019aube de son soixante-cinqui\u00e8me anniversaire, la R\u00e9publique Islamique de Mauritanie d\u00e9montre, par ce projet concret, sa d\u00e9termination \u00e0 faire de l\u2019\u00e9nergie propre un levier majeur de son d\u00e9veloppement \u00e9conomique et de sa prosp\u00e9rit\u00e9 future.<\/p>\n<p>&nbsp;<\/p>\n","protected":false},"excerpt":{"rendered":"<p>Dans un geste fort symbolisant l\u2019engagement de l\u2019\u00c9tat en faveur de la souverainet\u00e9 \u00e9nerg\u00e9tique, le Pr\u00e9sident de la R\u00e9publique, Monsieur Mohamed Cheikh El Ghazouani, a pos\u00e9 jeudi soir la premi\u00e8re pierre de la premi\u00e8re centrale hybride du pays. Implant\u00e9e dans la moughataa de Toujounine, au nord de Nouakchott, cette infrastructure d\u2019une capacit\u00e9 de 220 m\u00e9gawatts,&#8230;..<\/p>\n","protected":false},"author":12,"featured_media":33262,"comment_status":"open","ping_status":"open","sticky":false,"template":"","format":"standard","meta":{"footnotes":""},"categories":[23,49],"tags":[],"class_list":["post-33261","post","type-post","status-publish","format-standard","has-post-thumbnail","hentry","category-actualite","category-economie"],"yoast_head":"<!-- This site is optimized with the Yoast SEO plugin v27.5 - https:\/\/yoast.com\/product\/yoast-seo-wordpress\/ -->\n<title>Transition \u00e9nerg\u00e9tique: Le Pr\u00e9sident El Ghazouani pose la premi\u00e8re pierre de la centrale hybride de Toujounine (220 MW) - Le Quotidien de Nouakchott<\/title>\n<meta name=\"robots\" content=\"index, follow, max-snippet:-1, max-image-preview:large, max-video-preview:-1\" \/>\n<link rel=\"canonical\" href=\"https:\/\/lequotidien.mr\/?p=33261&lang=fr\" \/>\n<meta property=\"og:locale\" content=\"ar_AR\" \/>\n<meta property=\"og:type\" content=\"article\" \/>\n<meta property=\"og:title\" content=\"Transition \u00e9nerg\u00e9tique: Le Pr\u00e9sident El Ghazouani pose la premi\u00e8re pierre de la centrale hybride de Toujounine (220 MW) - Le Quotidien de Nouakchott\" \/>\n<meta property=\"og:description\" content=\"Dans un geste fort symbolisant l\u2019engagement de l\u2019\u00c9tat en faveur de la souverainet\u00e9 \u00e9nerg\u00e9tique, le Pr\u00e9sident de la R\u00e9publique, Monsieur Mohamed Cheikh El Ghazouani, a pos\u00e9 jeudi soir la premi\u00e8re pierre de la premi\u00e8re centrale hybride du pays. Implant\u00e9e dans la moughataa de Toujounine, au nord de Nouakchott, cette infrastructure d\u2019une capacit\u00e9 de 220 m\u00e9gawatts,.....\" \/>\n<meta property=\"og:url\" content=\"https:\/\/lequotidien.mr\/?p=33261&amp;lang=fr\" \/>\n<meta property=\"og:site_name\" content=\"Le Quotidien de Nouakchott\" \/>\n<meta property=\"article:publisher\" content=\"https:\/\/web.facebook.com\/lequotidienmr\" \/>\n<meta property=\"article:published_time\" content=\"2025-12-25T22:16:51+00:00\" \/>\n<meta property=\"og:image\" content=\"https:\/\/lequotidien.mr\/wp-content\/uploads\/2025\/12\/photo-centrale-hybride.jpg\" \/>\n\t<meta property=\"og:image:width\" content=\"640\" \/>\n\t<meta property=\"og:image:height\" content=\"435\" \/>\n\t<meta property=\"og:image:type\" content=\"image\/jpeg\" \/>\n<meta name=\"author\" content=\"Med Ahmed\" \/>\n<meta name=\"twitter:card\" content=\"summary_large_image\" \/>\n<meta name=\"twitter:creator\" content=\"@lequotidienmr\" \/>\n<meta name=\"twitter:site\" content=\"@lequotidienmr\" \/>\n<meta name=\"twitter:label1\" content=\"\u0643\u064f\u062a\u0628 \u0628\u0648\u0627\u0633\u0637\u0629\" \/>\n\t<meta name=\"twitter:data1\" content=\"Med Ahmed\" \/>\n\t<meta name=\"twitter:label2\" content=\"\u0648\u0642\u062a \u0627\u0644\u0642\u0631\u0627\u0621\u0629 \u0627\u0644\u0645\u064f\u0642\u062f\u0651\u0631\" \/>\n\t<meta name=\"twitter:data2\" content=\"6 \u062f\u0642\u0627\u0626\u0642\" \/>\n<script type=\"application\/ld+json\" class=\"yoast-schema-graph\">{\"@context\":\"https:\\\/\\\/schema.org\",\"@graph\":[{\"@type\":\"Article\",\"@id\":\"https:\\\/\\\/lequotidien.mr\\\/?p=33261&lang=fr#article\",\"isPartOf\":{\"@id\":\"https:\\\/\\\/lequotidien.mr\\\/?p=33261&lang=fr\"},\"author\":{\"name\":\"Med Ahmed\",\"@id\":\"https:\\\/\\\/lequotidien.mr\\\/#\\\/schema\\\/person\\\/d2d350202a4d599685ed8abc25f97596\"},\"headline\":\"Transition \u00e9nerg\u00e9tique: Le Pr\u00e9sident El Ghazouani pose la premi\u00e8re pierre de la centrale hybride de Toujounine (220 MW)\",\"datePublished\":\"2025-12-25T22:16:51+00:00\",\"mainEntityOfPage\":{\"@id\":\"https:\\\/\\\/lequotidien.mr\\\/?p=33261&lang=fr\"},\"wordCount\":804,\"commentCount\":0,\"publisher\":{\"@id\":\"https:\\\/\\\/lequotidien.mr\\\/#organization\"},\"image\":{\"@id\":\"https:\\\/\\\/lequotidien.mr\\\/?p=33261&lang=fr#primaryimage\"},\"thumbnailUrl\":\"https:\\\/\\\/lequotidien.mr\\\/wp-content\\\/uploads\\\/2025\\\/12\\\/photo-centrale-hybride.jpg\",\"articleSection\":[\"ACTUALIT\u00c9\",\"Economie\"],\"inLanguage\":\"ar\",\"potentialAction\":[{\"@type\":\"CommentAction\",\"name\":\"Comment\",\"target\":[\"https:\\\/\\\/lequotidien.mr\\\/?p=33261&lang=fr#respond\"]}]},{\"@type\":\"WebPage\",\"@id\":\"https:\\\/\\\/lequotidien.mr\\\/?p=33261&lang=fr\",\"url\":\"https:\\\/\\\/lequotidien.mr\\\/?p=33261&lang=fr\",\"name\":\"Transition \u00e9nerg\u00e9tique: Le Pr\u00e9sident El Ghazouani pose la premi\u00e8re pierre de la centrale hybride de Toujounine (220 MW) - Le Quotidien de Nouakchott\",\"isPartOf\":{\"@id\":\"https:\\\/\\\/lequotidien.mr\\\/#website\"},\"primaryImageOfPage\":{\"@id\":\"https:\\\/\\\/lequotidien.mr\\\/?p=33261&lang=fr#primaryimage\"},\"image\":{\"@id\":\"https:\\\/\\\/lequotidien.mr\\\/?p=33261&lang=fr#primaryimage\"},\"thumbnailUrl\":\"https:\\\/\\\/lequotidien.mr\\\/wp-content\\\/uploads\\\/2025\\\/12\\\/photo-centrale-hybride.jpg\",\"datePublished\":\"2025-12-25T22:16:51+00:00\",\"breadcrumb\":{\"@id\":\"https:\\\/\\\/lequotidien.mr\\\/?p=33261&lang=fr#breadcrumb\"},\"inLanguage\":\"ar\",\"potentialAction\":[{\"@type\":\"ReadAction\",\"target\":[\"https:\\\/\\\/lequotidien.mr\\\/?p=33261&lang=fr\"]}]},{\"@type\":\"ImageObject\",\"inLanguage\":\"ar\",\"@id\":\"https:\\\/\\\/lequotidien.mr\\\/?p=33261&lang=fr#primaryimage\",\"url\":\"https:\\\/\\\/lequotidien.mr\\\/wp-content\\\/uploads\\\/2025\\\/12\\\/photo-centrale-hybride.jpg\",\"contentUrl\":\"https:\\\/\\\/lequotidien.mr\\\/wp-content\\\/uploads\\\/2025\\\/12\\\/photo-centrale-hybride.jpg\",\"width\":640,\"height\":435},{\"@type\":\"BreadcrumbList\",\"@id\":\"https:\\\/\\\/lequotidien.mr\\\/?p=33261&lang=fr#breadcrumb\",\"itemListElement\":[{\"@type\":\"ListItem\",\"position\":1,\"name\":\"Home\",\"item\":\"https:\\\/\\\/lequotidien.mr\\\/\"},{\"@type\":\"ListItem\",\"position\":2,\"name\":\"Transition \u00e9nerg\u00e9tique: Le Pr\u00e9sident El Ghazouani pose la premi\u00e8re pierre de la centrale hybride de Toujounine (220 MW)\"}]},{\"@type\":\"WebSite\",\"@id\":\"https:\\\/\\\/lequotidien.mr\\\/#website\",\"url\":\"https:\\\/\\\/lequotidien.mr\\\/\",\"name\":\"Le Quotidien de Nouakchott\",\"description\":\"\u0625\u062e\u0628\u0627\u0631\u064a\u0629 \u0645\u0633\u062a\u0642\u0644\u0629 \u0644\u0644\u0623\u0646\u0628\u0627\u0621 \u0627\u0644\u0639\u0627\u0645\u0629\",\"publisher\":{\"@id\":\"https:\\\/\\\/lequotidien.mr\\\/#organization\"},\"potentialAction\":[{\"@type\":\"SearchAction\",\"target\":{\"@type\":\"EntryPoint\",\"urlTemplate\":\"https:\\\/\\\/lequotidien.mr\\\/?s={search_term_string}\"},\"query-input\":{\"@type\":\"PropertyValueSpecification\",\"valueRequired\":true,\"valueName\":\"search_term_string\"}}],\"inLanguage\":\"ar\"},{\"@type\":\"Organization\",\"@id\":\"https:\\\/\\\/lequotidien.mr\\\/#organization\",\"name\":\"Le Quotidien de Nouakchott\",\"url\":\"https:\\\/\\\/lequotidien.mr\\\/\",\"logo\":{\"@type\":\"ImageObject\",\"inLanguage\":\"ar\",\"@id\":\"https:\\\/\\\/lequotidien.mr\\\/#\\\/schema\\\/logo\\\/image\\\/\",\"url\":\"https:\\\/\\\/lequotidien.mr\\\/wp-content\\\/uploads\\\/2022\\\/11\\\/logolequotidien.jpg\",\"contentUrl\":\"https:\\\/\\\/lequotidien.mr\\\/wp-content\\\/uploads\\\/2022\\\/11\\\/logolequotidien.jpg\",\"width\":290,\"height\":65,\"caption\":\"Le Quotidien de Nouakchott\"},\"image\":{\"@id\":\"https:\\\/\\\/lequotidien.mr\\\/#\\\/schema\\\/logo\\\/image\\\/\"},\"sameAs\":[\"https:\\\/\\\/web.facebook.com\\\/lequotidienmr\",\"https:\\\/\\\/x.com\\\/lequotidienmr\"]},{\"@type\":\"Person\",\"@id\":\"https:\\\/\\\/lequotidien.mr\\\/#\\\/schema\\\/person\\\/d2d350202a4d599685ed8abc25f97596\",\"name\":\"Med Ahmed\",\"image\":{\"@type\":\"ImageObject\",\"inLanguage\":\"ar\",\"@id\":\"https:\\\/\\\/secure.gravatar.com\\\/avatar\\\/fd2acc62ed50732923d1d39c17172c9b04149f142be92310ecc69e1358f94b52?s=96&d=mm&r=g\",\"url\":\"https:\\\/\\\/secure.gravatar.com\\\/avatar\\\/fd2acc62ed50732923d1d39c17172c9b04149f142be92310ecc69e1358f94b52?s=96&d=mm&r=g\",\"contentUrl\":\"https:\\\/\\\/secure.gravatar.com\\\/avatar\\\/fd2acc62ed50732923d1d39c17172c9b04149f142be92310ecc69e1358f94b52?s=96&d=mm&r=g\",\"caption\":\"Med Ahmed\"},\"url\":\"https:\\\/\\\/lequotidien.mr\\\/?author=12\"}]}<\/script>\n<!-- \/ Yoast SEO plugin. -->","yoast_head_json":{"title":"Transition \u00e9nerg\u00e9tique: Le Pr\u00e9sident El Ghazouani pose la premi\u00e8re pierre de la centrale hybride de Toujounine (220 MW) - Le Quotidien de Nouakchott","robots":{"index":"index","follow":"follow","max-snippet":"max-snippet:-1","max-image-preview":"max-image-preview:large","max-video-preview":"max-video-preview:-1"},"canonical":"https:\/\/lequotidien.mr\/?p=33261&lang=fr","og_locale":"ar_AR","og_type":"article","og_title":"Transition \u00e9nerg\u00e9tique: Le Pr\u00e9sident El Ghazouani pose la premi\u00e8re pierre de la centrale hybride de Toujounine (220 MW) - Le Quotidien de Nouakchott","og_description":"Dans un geste fort symbolisant l\u2019engagement de l\u2019\u00c9tat en faveur de la souverainet\u00e9 \u00e9nerg\u00e9tique, le Pr\u00e9sident de la R\u00e9publique, Monsieur Mohamed Cheikh El Ghazouani, a pos\u00e9 jeudi soir la premi\u00e8re pierre de la premi\u00e8re centrale hybride du pays. Implant\u00e9e dans la moughataa de Toujounine, au nord de Nouakchott, cette infrastructure d\u2019une capacit\u00e9 de 220 m\u00e9gawatts,.....","og_url":"https:\/\/lequotidien.mr\/?p=33261&lang=fr","og_site_name":"Le Quotidien de Nouakchott","article_publisher":"https:\/\/web.facebook.com\/lequotidienmr","article_published_time":"2025-12-25T22:16:51+00:00","og_image":[{"width":640,"height":435,"url":"https:\/\/lequotidien.mr\/wp-content\/uploads\/2025\/12\/photo-centrale-hybride.jpg","type":"image\/jpeg"}],"author":"Med Ahmed","twitter_card":"summary_large_image","twitter_creator":"@lequotidienmr","twitter_site":"@lequotidienmr","twitter_misc":{"\u0643\u064f\u062a\u0628 \u0628\u0648\u0627\u0633\u0637\u0629":"Med Ahmed","\u0648\u0642\u062a \u0627\u0644\u0642\u0631\u0627\u0621\u0629 \u0627\u0644\u0645\u064f\u0642\u062f\u0651\u0631":"6 \u062f\u0642\u0627\u0626\u0642"},"schema":{"@context":"https:\/\/schema.org","@graph":[{"@type":"Article","@id":"https:\/\/lequotidien.mr\/?p=33261&lang=fr#article","isPartOf":{"@id":"https:\/\/lequotidien.mr\/?p=33261&lang=fr"},"author":{"name":"Med Ahmed","@id":"https:\/\/lequotidien.mr\/#\/schema\/person\/d2d350202a4d599685ed8abc25f97596"},"headline":"Transition \u00e9nerg\u00e9tique: Le Pr\u00e9sident El Ghazouani pose la premi\u00e8re pierre de la centrale hybride de Toujounine (220 MW)","datePublished":"2025-12-25T22:16:51+00:00","mainEntityOfPage":{"@id":"https:\/\/lequotidien.mr\/?p=33261&lang=fr"},"wordCount":804,"commentCount":0,"publisher":{"@id":"https:\/\/lequotidien.mr\/#organization"},"image":{"@id":"https:\/\/lequotidien.mr\/?p=33261&lang=fr#primaryimage"},"thumbnailUrl":"https:\/\/lequotidien.mr\/wp-content\/uploads\/2025\/12\/photo-centrale-hybride.jpg","articleSection":["ACTUALIT\u00c9","Economie"],"inLanguage":"ar","potentialAction":[{"@type":"CommentAction","name":"Comment","target":["https:\/\/lequotidien.mr\/?p=33261&lang=fr#respond"]}]},{"@type":"WebPage","@id":"https:\/\/lequotidien.mr\/?p=33261&lang=fr","url":"https:\/\/lequotidien.mr\/?p=33261&lang=fr","name":"Transition \u00e9nerg\u00e9tique: Le Pr\u00e9sident El Ghazouani pose la premi\u00e8re pierre de la centrale hybride de Toujounine (220 MW) - Le Quotidien de Nouakchott","isPartOf":{"@id":"https:\/\/lequotidien.mr\/#website"},"primaryImageOfPage":{"@id":"https:\/\/lequotidien.mr\/?p=33261&lang=fr#primaryimage"},"image":{"@id":"https:\/\/lequotidien.mr\/?p=33261&lang=fr#primaryimage"},"thumbnailUrl":"https:\/\/lequotidien.mr\/wp-content\/uploads\/2025\/12\/photo-centrale-hybride.jpg","datePublished":"2025-12-25T22:16:51+00:00","breadcrumb":{"@id":"https:\/\/lequotidien.mr\/?p=33261&lang=fr#breadcrumb"},"inLanguage":"ar","potentialAction":[{"@type":"ReadAction","target":["https:\/\/lequotidien.mr\/?p=33261&lang=fr"]}]},{"@type":"ImageObject","inLanguage":"ar","@id":"https:\/\/lequotidien.mr\/?p=33261&lang=fr#primaryimage","url":"https:\/\/lequotidien.mr\/wp-content\/uploads\/2025\/12\/photo-centrale-hybride.jpg","contentUrl":"https:\/\/lequotidien.mr\/wp-content\/uploads\/2025\/12\/photo-centrale-hybride.jpg","width":640,"height":435},{"@type":"BreadcrumbList","@id":"https:\/\/lequotidien.mr\/?p=33261&lang=fr#breadcrumb","itemListElement":[{"@type":"ListItem","position":1,"name":"Home","item":"https:\/\/lequotidien.mr\/"},{"@type":"ListItem","position":2,"name":"Transition \u00e9nerg\u00e9tique: Le Pr\u00e9sident El Ghazouani pose la premi\u00e8re pierre de la centrale hybride de Toujounine (220 MW)"}]},{"@type":"WebSite","@id":"https:\/\/lequotidien.mr\/#website","url":"https:\/\/lequotidien.mr\/","name":"Le Quotidien de Nouakchott","description":"\u0625\u062e\u0628\u0627\u0631\u064a\u0629 \u0645\u0633\u062a\u0642\u0644\u0629 \u0644\u0644\u0623\u0646\u0628\u0627\u0621 \u0627\u0644\u0639\u0627\u0645\u0629","publisher":{"@id":"https:\/\/lequotidien.mr\/#organization"},"potentialAction":[{"@type":"SearchAction","target":{"@type":"EntryPoint","urlTemplate":"https:\/\/lequotidien.mr\/?s={search_term_string}"},"query-input":{"@type":"PropertyValueSpecification","valueRequired":true,"valueName":"search_term_string"}}],"inLanguage":"ar"},{"@type":"Organization","@id":"https:\/\/lequotidien.mr\/#organization","name":"Le Quotidien de Nouakchott","url":"https:\/\/lequotidien.mr\/","logo":{"@type":"ImageObject","inLanguage":"ar","@id":"https:\/\/lequotidien.mr\/#\/schema\/logo\/image\/","url":"https:\/\/lequotidien.mr\/wp-content\/uploads\/2022\/11\/logolequotidien.jpg","contentUrl":"https:\/\/lequotidien.mr\/wp-content\/uploads\/2022\/11\/logolequotidien.jpg","width":290,"height":65,"caption":"Le Quotidien de Nouakchott"},"image":{"@id":"https:\/\/lequotidien.mr\/#\/schema\/logo\/image\/"},"sameAs":["https:\/\/web.facebook.com\/lequotidienmr","https:\/\/x.com\/lequotidienmr"]},{"@type":"Person","@id":"https:\/\/lequotidien.mr\/#\/schema\/person\/d2d350202a4d599685ed8abc25f97596","name":"Med Ahmed","image":{"@type":"ImageObject","inLanguage":"ar","@id":"https:\/\/secure.gravatar.com\/avatar\/fd2acc62ed50732923d1d39c17172c9b04149f142be92310ecc69e1358f94b52?s=96&d=mm&r=g","url":"https:\/\/secure.gravatar.com\/avatar\/fd2acc62ed50732923d1d39c17172c9b04149f142be92310ecc69e1358f94b52?s=96&d=mm&r=g","contentUrl":"https:\/\/secure.gravatar.com\/avatar\/fd2acc62ed50732923d1d39c17172c9b04149f142be92310ecc69e1358f94b52?s=96&d=mm&r=g","caption":"Med Ahmed"},"url":"https:\/\/lequotidien.mr\/?author=12"}]}},"_links":{"self":[{"href":"https:\/\/lequotidien.mr\/index.php?rest_route=\/wp\/v2\/posts\/33261","targetHints":{"allow":["GET"]}}],"collection":[{"href":"https:\/\/lequotidien.mr\/index.php?rest_route=\/wp\/v2\/posts"}],"about":[{"href":"https:\/\/lequotidien.mr\/index.php?rest_route=\/wp\/v2\/types\/post"}],"author":[{"embeddable":true,"href":"https:\/\/lequotidien.mr\/index.php?rest_route=\/wp\/v2\/users\/12"}],"replies":[{"embeddable":true,"href":"https:\/\/lequotidien.mr\/index.php?rest_route=%2Fwp%2Fv2%2Fcomments&post=33261"}],"version-history":[{"count":1,"href":"https:\/\/lequotidien.mr\/index.php?rest_route=\/wp\/v2\/posts\/33261\/revisions"}],"predecessor-version":[{"id":33263,"href":"https:\/\/lequotidien.mr\/index.php?rest_route=\/wp\/v2\/posts\/33261\/revisions\/33263"}],"wp:featuredmedia":[{"embeddable":true,"href":"https:\/\/lequotidien.mr\/index.php?rest_route=\/wp\/v2\/media\/33262"}],"wp:attachment":[{"href":"https:\/\/lequotidien.mr\/index.php?rest_route=%2Fwp%2Fv2%2Fmedia&parent=33261"}],"wp:term":[{"taxonomy":"category","embeddable":true,"href":"https:\/\/lequotidien.mr\/index.php?rest_route=%2Fwp%2Fv2%2Fcategories&post=33261"},{"taxonomy":"post_tag","embeddable":true,"href":"https:\/\/lequotidien.mr\/index.php?rest_route=%2Fwp%2Fv2%2Ftags&post=33261"}],"curies":[{"name":"wp","href":"https:\/\/api.w.org\/{rel}","templated":true}]}}