{"id":33238,"date":"2025-12-24T23:11:37","date_gmt":"2025-12-24T23:11:37","guid":{"rendered":"https:\/\/lequotidien.mr\/?p=33238"},"modified":"2025-12-24T23:11:37","modified_gmt":"2025-12-24T23:11:37","slug":"ouadane-cloture-de-la-14e-edition-du-festival-des-cites-du-patrimoine","status":"publish","type":"post","link":"https:\/\/lequotidien.mr\/?p=33238&lang=fr","title":{"rendered":"Ouadane : Cl\u00f4ture de la 14e \u00c9dition du Festival des Cit\u00e9s du Patrimoine"},"content":{"rendered":"<p>C&#8217;est sous les \u00e9toiles du d\u00e9sert d&#8217;Adrar que se sont achev\u00e9es, ce soir, les activit\u00e9s de la quatorzi\u00e8me \u00e9dition du Festival des Cit\u00e9s du Patrimoine, dans la ville historique de Ouadane. Une c\u00e9r\u00e9monie de cl\u00f4ture prestigieuse, plac\u00e9e sous la supervision de <strong>M. El Houssein Medou, ministre de la Culture, des Arts, de la Communication et des Relations avec le Parlement<\/strong>, et en pr\u00e9sence du <strong>wali d\u2019Adrar, M. Abdallahi Mohamed Mahmoud<\/strong>, des autorit\u00e9s locales et d&#8217;une foule d&#8217;amateurs de culture. L&#8217;\u00e9v\u00e9nement a \u00e9t\u00e9 l&#8217;occasion de dresser le bilan d&#8217;une \u00e9dition pr\u00e9sent\u00e9e comme un tournant, marquant le passage du festival d&#8217;une simple c\u00e9l\u00e9bration \u00e0 un v\u00e9ritable levier de d\u00e9veloppement.<\/p>\n<p><strong>Un Festival transform\u00e9 en projet National Int\u00e9gr\u00e9<\/strong><\/p>\n<p>Dans son discours de cl\u00f4ture, le ministre El Houssein Medou a donn\u00e9 le ton en affirmant que le Festival des Cit\u00e9s du Patrimoine a \u00ab d\u00e9pass\u00e9 le stade de l&#8217;\u00e9v\u00e9nement saisonnier pour devenir un projet national int\u00e9gr\u00e9 \u00bb. Il a d\u00e9crit une vision o\u00f9 <strong><em>\u00ab la m\u00e9moire et le d\u00e9veloppement se rencontrent \u00bb, o\u00f9 \u00ab les villes historiques se transforment en acteurs vivants du pr\u00e9sent, et non en t\u00e9moins silencieux du pass\u00e9 \u00bb<\/em><\/strong>. Cette \u00e9dition, a-t-il soulign\u00e9, a mat\u00e9rialis\u00e9 le passage <strong><em>\u00ab de la c\u00e9l\u00e9bration \u00e0 l&#8217;accomplissement, et du symbolisme de l&#8217;invocation \u00e0 la r\u00e9alit\u00e9 de l&#8217;action \u00bb.<\/em><\/strong><\/p>\n<p>Il a attribu\u00e9 ce succ\u00e8s \u00e0 <strong><em>\u00ab l&#8217;engagement national g\u00e9n\u00e9ralis\u00e9 \u00bb<\/em><\/strong> et \u00e0 l&#8217;esprit collectif ayant pr\u00e9valu durant le festival, saluant la synergie entre autorit\u00e9s, \u00e9lus, acteurs culturels et population locale. <strong><em>\u00ab La protection de la m\u00e9moire est une responsabilit\u00e9 collective, et l&#8217;investissement dans la culture est un investissement dans la stabilit\u00e9, la conscience et l&#8217;avenir \u00bb<\/em><\/strong>, a-t-il d\u00e9clar\u00e9.<\/p>\n<p><strong>Des r\u00e9alisations concr\u00e8tes et des perspectives nouvelles<\/strong><\/p>\n<p>Le ministre a d\u00e9taill\u00e9 les r\u00e9alisations concr\u00e8tes qui ont distingu\u00e9 cette \u00e9dition :<\/p>\n<p><strong>-Interventions de d\u00e9veloppement<\/strong>\u00a0: Am\u00e9lioration des services de sant\u00e9, d&#8217;\u00e9nergie et d&#8217;eau, et mise en valeur des oasis comme \u00ab m\u00e9moire verte \u00bb\u00a0;<\/p>\n<p><strong>-La Kasbah Culturelle<\/strong>\u00a0: Un nouvel espace d\u00e9di\u00e9 offrant une \u00ab exp\u00e9rience patrimoniale \u00bb vivante, cr\u00e9ant une interaction entre m\u00e9moire et modernit\u00e9\u00a0;<\/p>\n<p><strong>-Restaurations respectueuses<\/strong>\u00a0: Signature d&#8217;un accord avec le minist\u00e8re de l&#8217;Habitat pour restaurer les anciennes villes en utilisant des mat\u00e9riaux locaux, transformant ainsi la restauration en \u00ab un acte culturel profond\u00e9ment significatif \u00bb\u00a0;<\/p>\n<p><strong>-Patrimoine naturel<\/strong>\u00a0: C\u00e9l\u00e9bration du 50e anniversaire du Banc d&#8217;Arguin, rappelant que la protection de l&#8217;environnement est indissociable de la pr\u00e9servation de l&#8217;histoire.<\/p>\n<p><strong>Une dynamique scientifique et artistique f\u00e9conde\u00a0\u00a0\u00a0\u00a0\u00a0\u00a0\u00a0\u00a0\u00a0\u00a0\u00a0\u00a0\u00a0\u00a0\u00a0\u00a0\u00a0\u00a0\u00a0\u00a0\u00a0\u00a0\u00a0\u00a0\u00a0\u00a0\u00a0 <\/strong><\/p>\n<p>L&#8217;aspect intellectuel a \u00e9t\u00e9 particuli\u00e8rement riche, avec des dizaines de conf\u00e9rences et s\u00e9minaires r\u00e9unissant chercheurs nationaux et internationaux. Ces travaux ont abouti \u00e0 la publication de plusieurs ouvrages et d&#8217;un num\u00e9ro sp\u00e9cial de revue. Sur le plan artistique, Ouadane a vibr\u00e9 pendant cinq jours au rythme de cr\u00e9ations multiples en toutes les langues nationales, confirmant que <strong><em>\u00ab la diversit\u00e9 linguistique et artistique est une richesse nationale unificatrice \u00bb.<\/em><\/strong><\/p>\n<p>Le ministre a \u00e9galement \u00e9voqu\u00e9 les perspectives ouvertes par <strong>M. Miguel \u00c1ngel Moratinos, Haut Repr\u00e9sentant de l&#8217;ONU pour l&#8217;Alliance des civilisations<\/strong>, sur le projet de <strong><em>\u00ab route des caravanes \u00bb.<\/em><\/strong> Cette initiative vise \u00e0 reconnecter les anciennes villes entre elles, ainsi qu&#8217;\u00e0 l&#8217;Europe et \u00e0 l&#8217;Afrique, restaurant leur r\u00f4le historique de <strong><em>\u00ab ponts de communication \u00bb.<\/em><\/strong><\/p>\n<p><strong>C\u00e9r\u00e9monie de cl\u00f4ture et remise des prix<\/strong><\/p>\n<p>La soir\u00e9e s&#8217;est conclue par la traditionnelle remise des prix aux laur\u00e9ats des diverses comp\u00e9titions organis\u00e9es dans le cadre du festival, honorant les savoirs et les savoir-faire :<\/p>\n<p><strong>-Concours du Saint Coran et de ses sciences<\/strong>\u00a0: Azzahi Ali (Chinguetti)<\/p>\n<p><strong>-Concours du Hadith et de ses sciences<\/strong>\u00a0: Saadbough Mohamed Lemine (Ouadane)<\/p>\n<p><strong>-Concours de la doctrine et du Fiqh<\/strong>\u00a0: Sidi Mohamed Mahmoud Dahmane (Ouadane)<\/p>\n<p><strong>-Concours de la Sira du Proph\u00e8te et de la langue arabe<\/strong>\u00a0: Malika Mohamed Mahmoud Bouam (Chinguetti)<\/p>\n<p>La 14e \u00e9dition du Festival des Cit\u00e9s du Patrimoine \u00e0 Ouadane a clairement sign\u00e9 une \u00e9volution majeure. En articulant avec succ\u00e8s la valorisation du patrimoine historique, la stimulation de la cr\u00e9ation contemporaine et la mise en \u0153uvre d&#8217;actions de d\u00e9veloppement local tangible, le festival s&#8217;impose d\u00e9sormais comme un mod\u00e8le. Il d\u00e9montre que la culture, loin d&#8217;\u00eatre une activit\u00e9 accessoire, est au c\u0153ur d&#8217;un projet de soci\u00e9t\u00e9 qui puise dans la m\u00e9moire collective la force de construire un avenir durable et ancr\u00e9 dans son identit\u00e9. Le rendez-vous est d\u00e9j\u00e0 pris pour la prochaine \u00e9dition, avec l&#8217;ambition de poursuivre cette transformation du symbole en r\u00e9alit\u00e9.<\/p>\n","protected":false},"excerpt":{"rendered":"<p>C&#8217;est sous les \u00e9toiles du d\u00e9sert d&#8217;Adrar que se sont achev\u00e9es, ce soir, les activit\u00e9s de la quatorzi\u00e8me \u00e9dition du Festival des Cit\u00e9s du Patrimoine, dans la ville historique de Ouadane. Une c\u00e9r\u00e9monie de cl\u00f4ture prestigieuse, plac\u00e9e sous la supervision de M. El Houssein Medou, ministre de la Culture, des Arts, de la Communication et&#8230;..<\/p>\n","protected":false},"author":12,"featured_media":33239,"comment_status":"open","ping_status":"open","sticky":false,"template":"","format":"standard","meta":{"footnotes":""},"categories":[23,55],"tags":[],"class_list":["post-33238","post","type-post","status-publish","format-standard","has-post-thumbnail","hentry","category-actualite","category-culture"],"yoast_head":"<!-- This site is optimized with the Yoast SEO plugin v27.5 - https:\/\/yoast.com\/product\/yoast-seo-wordpress\/ -->\n<title>Ouadane : Cl\u00f4ture de la 14e \u00c9dition du Festival des Cit\u00e9s du Patrimoine - Le Quotidien de Nouakchott<\/title>\n<meta name=\"robots\" content=\"index, follow, max-snippet:-1, max-image-preview:large, max-video-preview:-1\" \/>\n<link rel=\"canonical\" href=\"https:\/\/lequotidien.mr\/?p=33238&lang=fr\" \/>\n<meta property=\"og:locale\" content=\"ar_AR\" \/>\n<meta property=\"og:type\" content=\"article\" \/>\n<meta property=\"og:title\" content=\"Ouadane : Cl\u00f4ture de la 14e \u00c9dition du Festival des Cit\u00e9s du Patrimoine - Le Quotidien de Nouakchott\" \/>\n<meta property=\"og:description\" content=\"C&#8217;est sous les \u00e9toiles du d\u00e9sert d&#8217;Adrar que se sont achev\u00e9es, ce soir, les activit\u00e9s de la quatorzi\u00e8me \u00e9dition du Festival des Cit\u00e9s du Patrimoine, dans la ville historique de Ouadane. Une c\u00e9r\u00e9monie de cl\u00f4ture prestigieuse, plac\u00e9e sous la supervision de M. El Houssein Medou, ministre de la Culture, des Arts, de la Communication et.....\" \/>\n<meta property=\"og:url\" content=\"https:\/\/lequotidien.mr\/?p=33238&amp;lang=fr\" \/>\n<meta property=\"og:site_name\" content=\"Le Quotidien de Nouakchott\" \/>\n<meta property=\"article:publisher\" content=\"https:\/\/web.facebook.com\/lequotidienmr\" \/>\n<meta property=\"article:published_time\" content=\"2025-12-24T23:11:37+00:00\" \/>\n<meta property=\"og:image\" content=\"https:\/\/lequotidien.mr\/wp-content\/uploads\/2025\/12\/photo-cloture-festval-Ouadane.jpeg\" \/>\n\t<meta property=\"og:image:width\" content=\"750\" \/>\n\t<meta property=\"og:image:height\" content=\"430\" \/>\n\t<meta property=\"og:image:type\" content=\"image\/jpeg\" \/>\n<meta name=\"author\" content=\"Med Ahmed\" \/>\n<meta name=\"twitter:card\" content=\"summary_large_image\" \/>\n<meta name=\"twitter:creator\" content=\"@lequotidienmr\" \/>\n<meta name=\"twitter:site\" content=\"@lequotidienmr\" \/>\n<meta name=\"twitter:label1\" content=\"\u0643\u064f\u062a\u0628 \u0628\u0648\u0627\u0633\u0637\u0629\" \/>\n\t<meta name=\"twitter:data1\" content=\"Med Ahmed\" \/>\n\t<meta name=\"twitter:label2\" content=\"\u0648\u0642\u062a \u0627\u0644\u0642\u0631\u0627\u0621\u0629 \u0627\u0644\u0645\u064f\u0642\u062f\u0651\u0631\" \/>\n\t<meta name=\"twitter:data2\" content=\"5 \u062f\u0642\u0627\u0626\u0642\" \/>\n<script type=\"application\/ld+json\" class=\"yoast-schema-graph\">{\"@context\":\"https:\\\/\\\/schema.org\",\"@graph\":[{\"@type\":\"Article\",\"@id\":\"https:\\\/\\\/lequotidien.mr\\\/?p=33238&lang=fr#article\",\"isPartOf\":{\"@id\":\"https:\\\/\\\/lequotidien.mr\\\/?p=33238&lang=fr\"},\"author\":{\"name\":\"Med Ahmed\",\"@id\":\"https:\\\/\\\/lequotidien.mr\\\/#\\\/schema\\\/person\\\/d2d350202a4d599685ed8abc25f97596\"},\"headline\":\"Ouadane : Cl\u00f4ture de la 14e \u00c9dition du Festival des Cit\u00e9s du Patrimoine\",\"datePublished\":\"2025-12-24T23:11:37+00:00\",\"mainEntityOfPage\":{\"@id\":\"https:\\\/\\\/lequotidien.mr\\\/?p=33238&lang=fr\"},\"wordCount\":809,\"commentCount\":0,\"publisher\":{\"@id\":\"https:\\\/\\\/lequotidien.mr\\\/#organization\"},\"image\":{\"@id\":\"https:\\\/\\\/lequotidien.mr\\\/?p=33238&lang=fr#primaryimage\"},\"thumbnailUrl\":\"https:\\\/\\\/lequotidien.mr\\\/wp-content\\\/uploads\\\/2025\\\/12\\\/photo-cloture-festval-Ouadane.jpeg\",\"articleSection\":[\"ACTUALIT\u00c9\",\"Culture\"],\"inLanguage\":\"ar\",\"potentialAction\":[{\"@type\":\"CommentAction\",\"name\":\"Comment\",\"target\":[\"https:\\\/\\\/lequotidien.mr\\\/?p=33238&lang=fr#respond\"]}]},{\"@type\":\"WebPage\",\"@id\":\"https:\\\/\\\/lequotidien.mr\\\/?p=33238&lang=fr\",\"url\":\"https:\\\/\\\/lequotidien.mr\\\/?p=33238&lang=fr\",\"name\":\"Ouadane : Cl\u00f4ture de la 14e \u00c9dition du Festival des Cit\u00e9s du Patrimoine - Le Quotidien de Nouakchott\",\"isPartOf\":{\"@id\":\"https:\\\/\\\/lequotidien.mr\\\/#website\"},\"primaryImageOfPage\":{\"@id\":\"https:\\\/\\\/lequotidien.mr\\\/?p=33238&lang=fr#primaryimage\"},\"image\":{\"@id\":\"https:\\\/\\\/lequotidien.mr\\\/?p=33238&lang=fr#primaryimage\"},\"thumbnailUrl\":\"https:\\\/\\\/lequotidien.mr\\\/wp-content\\\/uploads\\\/2025\\\/12\\\/photo-cloture-festval-Ouadane.jpeg\",\"datePublished\":\"2025-12-24T23:11:37+00:00\",\"breadcrumb\":{\"@id\":\"https:\\\/\\\/lequotidien.mr\\\/?p=33238&lang=fr#breadcrumb\"},\"inLanguage\":\"ar\",\"potentialAction\":[{\"@type\":\"ReadAction\",\"target\":[\"https:\\\/\\\/lequotidien.mr\\\/?p=33238&lang=fr\"]}]},{\"@type\":\"ImageObject\",\"inLanguage\":\"ar\",\"@id\":\"https:\\\/\\\/lequotidien.mr\\\/?p=33238&lang=fr#primaryimage\",\"url\":\"https:\\\/\\\/lequotidien.mr\\\/wp-content\\\/uploads\\\/2025\\\/12\\\/photo-cloture-festval-Ouadane.jpeg\",\"contentUrl\":\"https:\\\/\\\/lequotidien.mr\\\/wp-content\\\/uploads\\\/2025\\\/12\\\/photo-cloture-festval-Ouadane.jpeg\",\"width\":750,\"height\":430},{\"@type\":\"BreadcrumbList\",\"@id\":\"https:\\\/\\\/lequotidien.mr\\\/?p=33238&lang=fr#breadcrumb\",\"itemListElement\":[{\"@type\":\"ListItem\",\"position\":1,\"name\":\"Home\",\"item\":\"https:\\\/\\\/lequotidien.mr\\\/\"},{\"@type\":\"ListItem\",\"position\":2,\"name\":\"Ouadane : Cl\u00f4ture de la 14e \u00c9dition du Festival des Cit\u00e9s du Patrimoine\"}]},{\"@type\":\"WebSite\",\"@id\":\"https:\\\/\\\/lequotidien.mr\\\/#website\",\"url\":\"https:\\\/\\\/lequotidien.mr\\\/\",\"name\":\"Le Quotidien de Nouakchott\",\"description\":\"\u0625\u062e\u0628\u0627\u0631\u064a\u0629 \u0645\u0633\u062a\u0642\u0644\u0629 \u0644\u0644\u0623\u0646\u0628\u0627\u0621 \u0627\u0644\u0639\u0627\u0645\u0629\",\"publisher\":{\"@id\":\"https:\\\/\\\/lequotidien.mr\\\/#organization\"},\"potentialAction\":[{\"@type\":\"SearchAction\",\"target\":{\"@type\":\"EntryPoint\",\"urlTemplate\":\"https:\\\/\\\/lequotidien.mr\\\/?s={search_term_string}\"},\"query-input\":{\"@type\":\"PropertyValueSpecification\",\"valueRequired\":true,\"valueName\":\"search_term_string\"}}],\"inLanguage\":\"ar\"},{\"@type\":\"Organization\",\"@id\":\"https:\\\/\\\/lequotidien.mr\\\/#organization\",\"name\":\"Le Quotidien de Nouakchott\",\"url\":\"https:\\\/\\\/lequotidien.mr\\\/\",\"logo\":{\"@type\":\"ImageObject\",\"inLanguage\":\"ar\",\"@id\":\"https:\\\/\\\/lequotidien.mr\\\/#\\\/schema\\\/logo\\\/image\\\/\",\"url\":\"https:\\\/\\\/lequotidien.mr\\\/wp-content\\\/uploads\\\/2022\\\/11\\\/logolequotidien.jpg\",\"contentUrl\":\"https:\\\/\\\/lequotidien.mr\\\/wp-content\\\/uploads\\\/2022\\\/11\\\/logolequotidien.jpg\",\"width\":290,\"height\":65,\"caption\":\"Le Quotidien de Nouakchott\"},\"image\":{\"@id\":\"https:\\\/\\\/lequotidien.mr\\\/#\\\/schema\\\/logo\\\/image\\\/\"},\"sameAs\":[\"https:\\\/\\\/web.facebook.com\\\/lequotidienmr\",\"https:\\\/\\\/x.com\\\/lequotidienmr\"]},{\"@type\":\"Person\",\"@id\":\"https:\\\/\\\/lequotidien.mr\\\/#\\\/schema\\\/person\\\/d2d350202a4d599685ed8abc25f97596\",\"name\":\"Med Ahmed\",\"image\":{\"@type\":\"ImageObject\",\"inLanguage\":\"ar\",\"@id\":\"https:\\\/\\\/secure.gravatar.com\\\/avatar\\\/fd2acc62ed50732923d1d39c17172c9b04149f142be92310ecc69e1358f94b52?s=96&d=mm&r=g\",\"url\":\"https:\\\/\\\/secure.gravatar.com\\\/avatar\\\/fd2acc62ed50732923d1d39c17172c9b04149f142be92310ecc69e1358f94b52?s=96&d=mm&r=g\",\"contentUrl\":\"https:\\\/\\\/secure.gravatar.com\\\/avatar\\\/fd2acc62ed50732923d1d39c17172c9b04149f142be92310ecc69e1358f94b52?s=96&d=mm&r=g\",\"caption\":\"Med Ahmed\"},\"url\":\"https:\\\/\\\/lequotidien.mr\\\/?author=12\"}]}<\/script>\n<!-- \/ Yoast SEO plugin. -->","yoast_head_json":{"title":"Ouadane : Cl\u00f4ture de la 14e \u00c9dition du Festival des Cit\u00e9s du Patrimoine - Le Quotidien de Nouakchott","robots":{"index":"index","follow":"follow","max-snippet":"max-snippet:-1","max-image-preview":"max-image-preview:large","max-video-preview":"max-video-preview:-1"},"canonical":"https:\/\/lequotidien.mr\/?p=33238&lang=fr","og_locale":"ar_AR","og_type":"article","og_title":"Ouadane : Cl\u00f4ture de la 14e \u00c9dition du Festival des Cit\u00e9s du Patrimoine - Le Quotidien de Nouakchott","og_description":"C&#8217;est sous les \u00e9toiles du d\u00e9sert d&#8217;Adrar que se sont achev\u00e9es, ce soir, les activit\u00e9s de la quatorzi\u00e8me \u00e9dition du Festival des Cit\u00e9s du Patrimoine, dans la ville historique de Ouadane. Une c\u00e9r\u00e9monie de cl\u00f4ture prestigieuse, plac\u00e9e sous la supervision de M. El Houssein Medou, ministre de la Culture, des Arts, de la Communication et.....","og_url":"https:\/\/lequotidien.mr\/?p=33238&lang=fr","og_site_name":"Le Quotidien de Nouakchott","article_publisher":"https:\/\/web.facebook.com\/lequotidienmr","article_published_time":"2025-12-24T23:11:37+00:00","og_image":[{"width":750,"height":430,"url":"https:\/\/lequotidien.mr\/wp-content\/uploads\/2025\/12\/photo-cloture-festval-Ouadane.jpeg","type":"image\/jpeg"}],"author":"Med Ahmed","twitter_card":"summary_large_image","twitter_creator":"@lequotidienmr","twitter_site":"@lequotidienmr","twitter_misc":{"\u0643\u064f\u062a\u0628 \u0628\u0648\u0627\u0633\u0637\u0629":"Med Ahmed","\u0648\u0642\u062a \u0627\u0644\u0642\u0631\u0627\u0621\u0629 \u0627\u0644\u0645\u064f\u0642\u062f\u0651\u0631":"5 \u062f\u0642\u0627\u0626\u0642"},"schema":{"@context":"https:\/\/schema.org","@graph":[{"@type":"Article","@id":"https:\/\/lequotidien.mr\/?p=33238&lang=fr#article","isPartOf":{"@id":"https:\/\/lequotidien.mr\/?p=33238&lang=fr"},"author":{"name":"Med Ahmed","@id":"https:\/\/lequotidien.mr\/#\/schema\/person\/d2d350202a4d599685ed8abc25f97596"},"headline":"Ouadane : Cl\u00f4ture de la 14e \u00c9dition du Festival des Cit\u00e9s du Patrimoine","datePublished":"2025-12-24T23:11:37+00:00","mainEntityOfPage":{"@id":"https:\/\/lequotidien.mr\/?p=33238&lang=fr"},"wordCount":809,"commentCount":0,"publisher":{"@id":"https:\/\/lequotidien.mr\/#organization"},"image":{"@id":"https:\/\/lequotidien.mr\/?p=33238&lang=fr#primaryimage"},"thumbnailUrl":"https:\/\/lequotidien.mr\/wp-content\/uploads\/2025\/12\/photo-cloture-festval-Ouadane.jpeg","articleSection":["ACTUALIT\u00c9","Culture"],"inLanguage":"ar","potentialAction":[{"@type":"CommentAction","name":"Comment","target":["https:\/\/lequotidien.mr\/?p=33238&lang=fr#respond"]}]},{"@type":"WebPage","@id":"https:\/\/lequotidien.mr\/?p=33238&lang=fr","url":"https:\/\/lequotidien.mr\/?p=33238&lang=fr","name":"Ouadane : Cl\u00f4ture de la 14e \u00c9dition du Festival des Cit\u00e9s du Patrimoine - Le Quotidien de Nouakchott","isPartOf":{"@id":"https:\/\/lequotidien.mr\/#website"},"primaryImageOfPage":{"@id":"https:\/\/lequotidien.mr\/?p=33238&lang=fr#primaryimage"},"image":{"@id":"https:\/\/lequotidien.mr\/?p=33238&lang=fr#primaryimage"},"thumbnailUrl":"https:\/\/lequotidien.mr\/wp-content\/uploads\/2025\/12\/photo-cloture-festval-Ouadane.jpeg","datePublished":"2025-12-24T23:11:37+00:00","breadcrumb":{"@id":"https:\/\/lequotidien.mr\/?p=33238&lang=fr#breadcrumb"},"inLanguage":"ar","potentialAction":[{"@type":"ReadAction","target":["https:\/\/lequotidien.mr\/?p=33238&lang=fr"]}]},{"@type":"ImageObject","inLanguage":"ar","@id":"https:\/\/lequotidien.mr\/?p=33238&lang=fr#primaryimage","url":"https:\/\/lequotidien.mr\/wp-content\/uploads\/2025\/12\/photo-cloture-festval-Ouadane.jpeg","contentUrl":"https:\/\/lequotidien.mr\/wp-content\/uploads\/2025\/12\/photo-cloture-festval-Ouadane.jpeg","width":750,"height":430},{"@type":"BreadcrumbList","@id":"https:\/\/lequotidien.mr\/?p=33238&lang=fr#breadcrumb","itemListElement":[{"@type":"ListItem","position":1,"name":"Home","item":"https:\/\/lequotidien.mr\/"},{"@type":"ListItem","position":2,"name":"Ouadane : Cl\u00f4ture de la 14e \u00c9dition du Festival des Cit\u00e9s du Patrimoine"}]},{"@type":"WebSite","@id":"https:\/\/lequotidien.mr\/#website","url":"https:\/\/lequotidien.mr\/","name":"Le Quotidien de Nouakchott","description":"\u0625\u062e\u0628\u0627\u0631\u064a\u0629 \u0645\u0633\u062a\u0642\u0644\u0629 \u0644\u0644\u0623\u0646\u0628\u0627\u0621 \u0627\u0644\u0639\u0627\u0645\u0629","publisher":{"@id":"https:\/\/lequotidien.mr\/#organization"},"potentialAction":[{"@type":"SearchAction","target":{"@type":"EntryPoint","urlTemplate":"https:\/\/lequotidien.mr\/?s={search_term_string}"},"query-input":{"@type":"PropertyValueSpecification","valueRequired":true,"valueName":"search_term_string"}}],"inLanguage":"ar"},{"@type":"Organization","@id":"https:\/\/lequotidien.mr\/#organization","name":"Le Quotidien de Nouakchott","url":"https:\/\/lequotidien.mr\/","logo":{"@type":"ImageObject","inLanguage":"ar","@id":"https:\/\/lequotidien.mr\/#\/schema\/logo\/image\/","url":"https:\/\/lequotidien.mr\/wp-content\/uploads\/2022\/11\/logolequotidien.jpg","contentUrl":"https:\/\/lequotidien.mr\/wp-content\/uploads\/2022\/11\/logolequotidien.jpg","width":290,"height":65,"caption":"Le Quotidien de Nouakchott"},"image":{"@id":"https:\/\/lequotidien.mr\/#\/schema\/logo\/image\/"},"sameAs":["https:\/\/web.facebook.com\/lequotidienmr","https:\/\/x.com\/lequotidienmr"]},{"@type":"Person","@id":"https:\/\/lequotidien.mr\/#\/schema\/person\/d2d350202a4d599685ed8abc25f97596","name":"Med Ahmed","image":{"@type":"ImageObject","inLanguage":"ar","@id":"https:\/\/secure.gravatar.com\/avatar\/fd2acc62ed50732923d1d39c17172c9b04149f142be92310ecc69e1358f94b52?s=96&d=mm&r=g","url":"https:\/\/secure.gravatar.com\/avatar\/fd2acc62ed50732923d1d39c17172c9b04149f142be92310ecc69e1358f94b52?s=96&d=mm&r=g","contentUrl":"https:\/\/secure.gravatar.com\/avatar\/fd2acc62ed50732923d1d39c17172c9b04149f142be92310ecc69e1358f94b52?s=96&d=mm&r=g","caption":"Med Ahmed"},"url":"https:\/\/lequotidien.mr\/?author=12"}]}},"_links":{"self":[{"href":"https:\/\/lequotidien.mr\/index.php?rest_route=\/wp\/v2\/posts\/33238","targetHints":{"allow":["GET"]}}],"collection":[{"href":"https:\/\/lequotidien.mr\/index.php?rest_route=\/wp\/v2\/posts"}],"about":[{"href":"https:\/\/lequotidien.mr\/index.php?rest_route=\/wp\/v2\/types\/post"}],"author":[{"embeddable":true,"href":"https:\/\/lequotidien.mr\/index.php?rest_route=\/wp\/v2\/users\/12"}],"replies":[{"embeddable":true,"href":"https:\/\/lequotidien.mr\/index.php?rest_route=%2Fwp%2Fv2%2Fcomments&post=33238"}],"version-history":[{"count":1,"href":"https:\/\/lequotidien.mr\/index.php?rest_route=\/wp\/v2\/posts\/33238\/revisions"}],"predecessor-version":[{"id":33240,"href":"https:\/\/lequotidien.mr\/index.php?rest_route=\/wp\/v2\/posts\/33238\/revisions\/33240"}],"wp:featuredmedia":[{"embeddable":true,"href":"https:\/\/lequotidien.mr\/index.php?rest_route=\/wp\/v2\/media\/33239"}],"wp:attachment":[{"href":"https:\/\/lequotidien.mr\/index.php?rest_route=%2Fwp%2Fv2%2Fmedia&parent=33238"}],"wp:term":[{"taxonomy":"category","embeddable":true,"href":"https:\/\/lequotidien.mr\/index.php?rest_route=%2Fwp%2Fv2%2Fcategories&post=33238"},{"taxonomy":"post_tag","embeddable":true,"href":"https:\/\/lequotidien.mr\/index.php?rest_route=%2Fwp%2Fv2%2Ftags&post=33238"}],"curies":[{"name":"wp","href":"https:\/\/api.w.org\/{rel}","templated":true}]}}