{"id":33232,"date":"2025-12-24T22:08:39","date_gmt":"2025-12-24T22:08:39","guid":{"rendered":"https:\/\/lequotidien.mr\/?p=33232"},"modified":"2025-12-24T22:08:39","modified_gmt":"2025-12-24T22:08:39","slug":"gorgol-le-president-el-ghazouani-lance-un-projet-hydraulique-denvergure-a-hayre-mbar","status":"publish","type":"post","link":"https:\/\/lequotidien.mr\/?p=33232&lang=fr","title":{"rendered":"Gorgol : Le Pr\u00e9sident El Ghazouani lance un projet hydraulique d&#8217;envergure \u00e0 Hayr\u00e9 Mbar"},"content":{"rendered":"<p>Dans une visite terrain symbolisant la priorit\u00e9 absolue accord\u00e9e \u00e0 la souverainet\u00e9 hydrique et au d\u00e9veloppement rural, le <strong>Pr\u00e9sident de la R\u00e9publique, M. Mohamed Cheikh El Ghazouani<\/strong>, s&#8217;est rendu mardi dans la commune de Hayr\u00e9 Mbar (moughataa de Babab\u00e9). L&#8217;objet de cette descente : s&#8217;enqu\u00e9rir de l&#8217;avancement d&#8217;un m\u00e9ga-projet d&#8217;adduction d&#8217;eau potable et d&#8217;irrigation, structurant pour les wilayas du Brakna, du Tagant et de l&#8217;Assaba. Ce projet, d&#8217;un co\u00fbt de pr\u00e8s de\u00a0<strong>60 milliards MRO<\/strong>, financ\u00e9 par un don des \u00c9mirats Arabes Unis, promet de transformer radicalement les conditions de vie et les perspectives \u00e9conomiques de toute une r\u00e9gion.<\/p>\n<p><strong>Un projet aux dimensions strat\u00e9giques<\/strong><\/p>\n<p>Sur place, le Chef de l&#8217;\u00c9tat a re\u00e7u un briefing exhaustif sur l&#8217;\u00e9tat d&#8217;avancement de ce chantier dont il avait pos\u00e9 la premi\u00e8re pierre le 7 mars 2024. Les chiffres annonc\u00e9s illustrent l&#8217;ampleur de la vision :\u00a0<strong>165 villages<\/strong>\u00a0approvisionn\u00e9s en eau potable, b\u00e9n\u00e9ficiant \u00e0 environ\u00a0<strong>115 000 personnes<\/strong>, et\u00a0<strong>3 500 hectares<\/strong>\u00a0de terres agricoles irrigu\u00e9es. Ce projet vise \u00e0 mettre un terme d\u00e9finitif aux p\u00e9nuries d&#8217;eau chroniques dans un bassin aride o\u00f9 les eaux souterraines, surexploit\u00e9es, sont devenues rares.<\/p>\n<p><strong>Une ing\u00e9nierie de pointe au service des populations<\/strong><\/p>\n<p>Le projet se d\u00e9compose en deux volets majeurs, tous deux d&#8217;une envergure technique impressionnante :<\/p>\n<p><strong>-Le volet &#8220;Eau Potable&#8221;<\/strong>\u00a0: Il repose sur un syst\u00e8me int\u00e9gr\u00e9 comprenant une prise d&#8217;eau sur le fleuve (capacit\u00e9 de 14 400 m\u00b3\/h), une station de traitement (20 000 m\u00b3\/jour), des stations de pompage, et un r\u00e9seau tentaculaire de canalisations principales et secondaires s&#8217;\u00e9tendant sur\u00a0<strong>170 kilom\u00e8tres<\/strong>. Deux r\u00e9servoirs strat\u00e9giques (5 000 m\u00b3 et 2 500 m\u00b3) assureront la s\u00e9curit\u00e9 et la r\u00e9gularit\u00e9 de l&#8217;approvisionnement\u00a0;<\/p>\n<p><strong>-Le volet &#8220;Agriculture&#8221;<\/strong>\u00a0: Con\u00e7u pour une irrigation \u00e0 grande \u00e9chelle, il inclut une station de pompage agricole ultra-puissante (12 600 m\u00b3\/h), une conduite magistrale de\u00a0<strong>8,8 km<\/strong>\u00a0d&#8217;un diam\u00e8tre de\u00a0<strong>1 800 mm<\/strong>, et un r\u00e9servoir colossal de\u00a0<strong>27 000 m\u00b3<\/strong>. Cette infrastructure permettra de s\u00e9curiser et d&#8217;\u00e9tendre la production agricole, pilier de l&#8217;\u00e9conomie locale\u00a0;<\/p>\n<p><strong>Au c\u0153ur de la nouvelle strat\u00e9gie nationale de l&#8217;eau<\/strong><\/p>\n<p>Bien au-del\u00e0 de la r\u00e9ponse \u00e0 une urgence sociale, ce projet incarne la nouvelle philosophie port\u00e9e par la strat\u00e9gie nationale de l&#8217;eau. Comme l&#8217;a soulign\u00e9 l&#8217;entourage pr\u00e9sidentiel, l&#8217;objectif est clair :\u00a0<strong>pr\u00e9server les eaux souterraines comme r\u00e9serve strat\u00e9gique pour les g\u00e9n\u00e9rations futures<\/strong>\u00a0et optimiser l&#8217;utilisation des ressources en eau de surface renouvelables, ici le fleuve. Il s&#8217;agit d&#8217;assurer une s\u00e9curit\u00e9 hydrique globale et de jeter les bases d&#8217;un d\u00e9veloppement agricole durable et r\u00e9silient face aux changements climatiques.<\/p>\n<p><strong>Une visite sous le signe de l&#8217;engagement<\/strong><\/p>\n<p>Accompagn\u00e9 du ministre de l&#8217;Hydraulique et de l&#8217;Assainissement, du <strong>wali du Brakna, M. Mohamed Salek, du hakem de Babab\u00e9, du maire de Hayr\u00e9 Mbar<\/strong> et des d\u00e9put\u00e9s de la localit\u00e9, le Pr\u00e9sident Ghazouani a tenu \u00e0 manifester par sa pr\u00e9sence l&#8217;importance capitale qu&#8217;il accorde \u00e0 la concr\u00e9tisation et au suivi rigoureux de cet investissement structurant. Cette visite envoie un signal fort aux populations concern\u00e9es et \u00e0 l&#8217;ensemble des acteurs du d\u00e9veloppement : la r\u00e9alisation des infrastructures de base, particuli\u00e8rement l&#8217;eau, est le socle non n\u00e9gociable de la politique de l&#8217;\u00c9tat.<\/p>\n<p>Le projet de Hayr\u00e9 Mbar est bien plus qu&#8217;un chantier d&#8217;\u00e9quipement. C&#8217;est un projet de soci\u00e9t\u00e9, porteur d&#8217;espoir et de prosp\u00e9rit\u00e9 pour des dizaines de milliers de Mauritaniens. En connectant durablement les villages au fleuve, il va non seulement soulager les souffrances quotidiennes li\u00e9es au manque d&#8217;eau, mais aussi lib\u00e9rer un formidable potentiel agricole et \u00e9conomique. Il mat\u00e9rialise ainsi la vision du Pr\u00e9sident El Ghazouani d&#8217;un d\u00e9veloppement \u00e9quilibr\u00e9 et inclusif, o\u00f9 chaque r\u00e9gion a droit \u00e0 son &#8220;oasis&#8221; de progr\u00e8s.<\/p>\n<p>&nbsp;<\/p>\n","protected":false},"excerpt":{"rendered":"<p>Dans une visite terrain symbolisant la priorit\u00e9 absolue accord\u00e9e \u00e0 la souverainet\u00e9 hydrique et au d\u00e9veloppement rural, le Pr\u00e9sident de la R\u00e9publique, M. Mohamed Cheikh El Ghazouani, s&#8217;est rendu mardi dans la commune de Hayr\u00e9 Mbar (moughataa de Babab\u00e9). L&#8217;objet de cette descente : s&#8217;enqu\u00e9rir de l&#8217;avancement d&#8217;un m\u00e9ga-projet d&#8217;adduction d&#8217;eau potable et d&#8217;irrigation, structurant&#8230;..<\/p>\n","protected":false},"author":12,"featured_media":33233,"comment_status":"open","ping_status":"open","sticky":false,"template":"","format":"standard","meta":{"footnotes":""},"categories":[23,49],"tags":[],"class_list":["post-33232","post","type-post","status-publish","format-standard","has-post-thumbnail","hentry","category-actualite","category-economie"],"yoast_head":"<!-- This site is optimized with the Yoast SEO plugin v27.5 - https:\/\/yoast.com\/product\/yoast-seo-wordpress\/ -->\n<title>Gorgol : Le Pr\u00e9sident El Ghazouani lance un projet hydraulique d&#039;envergure \u00e0 Hayr\u00e9 Mbar - Le Quotidien de Nouakchott<\/title>\n<meta name=\"robots\" content=\"index, follow, max-snippet:-1, max-image-preview:large, max-video-preview:-1\" \/>\n<link rel=\"canonical\" href=\"https:\/\/lequotidien.mr\/?p=33232&lang=fr\" \/>\n<meta property=\"og:locale\" content=\"ar_AR\" \/>\n<meta property=\"og:type\" content=\"article\" \/>\n<meta property=\"og:title\" content=\"Gorgol : Le Pr\u00e9sident El Ghazouani lance un projet hydraulique d&#039;envergure \u00e0 Hayr\u00e9 Mbar - Le Quotidien de Nouakchott\" \/>\n<meta property=\"og:description\" content=\"Dans une visite terrain symbolisant la priorit\u00e9 absolue accord\u00e9e \u00e0 la souverainet\u00e9 hydrique et au d\u00e9veloppement rural, le Pr\u00e9sident de la R\u00e9publique, M. Mohamed Cheikh El Ghazouani, s&#8217;est rendu mardi dans la commune de Hayr\u00e9 Mbar (moughataa de Babab\u00e9). L&#8217;objet de cette descente : s&#8217;enqu\u00e9rir de l&#8217;avancement d&#8217;un m\u00e9ga-projet d&#8217;adduction d&#8217;eau potable et d&#8217;irrigation, structurant.....\" \/>\n<meta property=\"og:url\" content=\"https:\/\/lequotidien.mr\/?p=33232&amp;lang=fr\" \/>\n<meta property=\"og:site_name\" content=\"Le Quotidien de Nouakchott\" \/>\n<meta property=\"article:publisher\" content=\"https:\/\/web.facebook.com\/lequotidienmr\" \/>\n<meta property=\"article:published_time\" content=\"2025-12-24T22:08:39+00:00\" \/>\n<meta property=\"og:image\" content=\"https:\/\/lequotidien.mr\/wp-content\/uploads\/2025\/12\/photo-projet-Hayre-Mbar.jpg\" \/>\n\t<meta property=\"og:image:width\" content=\"750\" \/>\n\t<meta property=\"og:image:height\" content=\"430\" \/>\n\t<meta property=\"og:image:type\" content=\"image\/jpeg\" \/>\n<meta name=\"author\" content=\"Med Ahmed\" \/>\n<meta name=\"twitter:card\" content=\"summary_large_image\" \/>\n<meta name=\"twitter:creator\" content=\"@lequotidienmr\" \/>\n<meta name=\"twitter:site\" content=\"@lequotidienmr\" \/>\n<meta name=\"twitter:label1\" content=\"\u0643\u064f\u062a\u0628 \u0628\u0648\u0627\u0633\u0637\u0629\" \/>\n\t<meta name=\"twitter:data1\" content=\"Med Ahmed\" \/>\n\t<meta name=\"twitter:label2\" content=\"\u0648\u0642\u062a \u0627\u0644\u0642\u0631\u0627\u0621\u0629 \u0627\u0644\u0645\u064f\u0642\u062f\u0651\u0631\" \/>\n\t<meta name=\"twitter:data2\" content=\"5 \u062f\u0642\u0627\u0626\u0642\" \/>\n<script type=\"application\/ld+json\" class=\"yoast-schema-graph\">{\"@context\":\"https:\\\/\\\/schema.org\",\"@graph\":[{\"@type\":\"Article\",\"@id\":\"https:\\\/\\\/lequotidien.mr\\\/?p=33232&lang=fr#article\",\"isPartOf\":{\"@id\":\"https:\\\/\\\/lequotidien.mr\\\/?p=33232&lang=fr\"},\"author\":{\"name\":\"Med Ahmed\",\"@id\":\"https:\\\/\\\/lequotidien.mr\\\/#\\\/schema\\\/person\\\/d2d350202a4d599685ed8abc25f97596\"},\"headline\":\"Gorgol : Le Pr\u00e9sident El Ghazouani lance un projet hydraulique d&#8217;envergure \u00e0 Hayr\u00e9 Mbar\",\"datePublished\":\"2025-12-24T22:08:39+00:00\",\"mainEntityOfPage\":{\"@id\":\"https:\\\/\\\/lequotidien.mr\\\/?p=33232&lang=fr\"},\"wordCount\":682,\"commentCount\":0,\"publisher\":{\"@id\":\"https:\\\/\\\/lequotidien.mr\\\/#organization\"},\"image\":{\"@id\":\"https:\\\/\\\/lequotidien.mr\\\/?p=33232&lang=fr#primaryimage\"},\"thumbnailUrl\":\"https:\\\/\\\/lequotidien.mr\\\/wp-content\\\/uploads\\\/2025\\\/12\\\/photo-projet-Hayre-Mbar.jpg\",\"articleSection\":[\"ACTUALIT\u00c9\",\"Economie\"],\"inLanguage\":\"ar\",\"potentialAction\":[{\"@type\":\"CommentAction\",\"name\":\"Comment\",\"target\":[\"https:\\\/\\\/lequotidien.mr\\\/?p=33232&lang=fr#respond\"]}]},{\"@type\":\"WebPage\",\"@id\":\"https:\\\/\\\/lequotidien.mr\\\/?p=33232&lang=fr\",\"url\":\"https:\\\/\\\/lequotidien.mr\\\/?p=33232&lang=fr\",\"name\":\"Gorgol : Le Pr\u00e9sident El Ghazouani lance un projet hydraulique d'envergure \u00e0 Hayr\u00e9 Mbar - Le Quotidien de Nouakchott\",\"isPartOf\":{\"@id\":\"https:\\\/\\\/lequotidien.mr\\\/#website\"},\"primaryImageOfPage\":{\"@id\":\"https:\\\/\\\/lequotidien.mr\\\/?p=33232&lang=fr#primaryimage\"},\"image\":{\"@id\":\"https:\\\/\\\/lequotidien.mr\\\/?p=33232&lang=fr#primaryimage\"},\"thumbnailUrl\":\"https:\\\/\\\/lequotidien.mr\\\/wp-content\\\/uploads\\\/2025\\\/12\\\/photo-projet-Hayre-Mbar.jpg\",\"datePublished\":\"2025-12-24T22:08:39+00:00\",\"breadcrumb\":{\"@id\":\"https:\\\/\\\/lequotidien.mr\\\/?p=33232&lang=fr#breadcrumb\"},\"inLanguage\":\"ar\",\"potentialAction\":[{\"@type\":\"ReadAction\",\"target\":[\"https:\\\/\\\/lequotidien.mr\\\/?p=33232&lang=fr\"]}]},{\"@type\":\"ImageObject\",\"inLanguage\":\"ar\",\"@id\":\"https:\\\/\\\/lequotidien.mr\\\/?p=33232&lang=fr#primaryimage\",\"url\":\"https:\\\/\\\/lequotidien.mr\\\/wp-content\\\/uploads\\\/2025\\\/12\\\/photo-projet-Hayre-Mbar.jpg\",\"contentUrl\":\"https:\\\/\\\/lequotidien.mr\\\/wp-content\\\/uploads\\\/2025\\\/12\\\/photo-projet-Hayre-Mbar.jpg\",\"width\":750,\"height\":430},{\"@type\":\"BreadcrumbList\",\"@id\":\"https:\\\/\\\/lequotidien.mr\\\/?p=33232&lang=fr#breadcrumb\",\"itemListElement\":[{\"@type\":\"ListItem\",\"position\":1,\"name\":\"Home\",\"item\":\"https:\\\/\\\/lequotidien.mr\\\/\"},{\"@type\":\"ListItem\",\"position\":2,\"name\":\"Gorgol : Le Pr\u00e9sident El Ghazouani lance un projet hydraulique d&rsquo;envergure \u00e0 Hayr\u00e9 Mbar\"}]},{\"@type\":\"WebSite\",\"@id\":\"https:\\\/\\\/lequotidien.mr\\\/#website\",\"url\":\"https:\\\/\\\/lequotidien.mr\\\/\",\"name\":\"Le Quotidien de Nouakchott\",\"description\":\"\u0625\u062e\u0628\u0627\u0631\u064a\u0629 \u0645\u0633\u062a\u0642\u0644\u0629 \u0644\u0644\u0623\u0646\u0628\u0627\u0621 \u0627\u0644\u0639\u0627\u0645\u0629\",\"publisher\":{\"@id\":\"https:\\\/\\\/lequotidien.mr\\\/#organization\"},\"potentialAction\":[{\"@type\":\"SearchAction\",\"target\":{\"@type\":\"EntryPoint\",\"urlTemplate\":\"https:\\\/\\\/lequotidien.mr\\\/?s={search_term_string}\"},\"query-input\":{\"@type\":\"PropertyValueSpecification\",\"valueRequired\":true,\"valueName\":\"search_term_string\"}}],\"inLanguage\":\"ar\"},{\"@type\":\"Organization\",\"@id\":\"https:\\\/\\\/lequotidien.mr\\\/#organization\",\"name\":\"Le Quotidien de Nouakchott\",\"url\":\"https:\\\/\\\/lequotidien.mr\\\/\",\"logo\":{\"@type\":\"ImageObject\",\"inLanguage\":\"ar\",\"@id\":\"https:\\\/\\\/lequotidien.mr\\\/#\\\/schema\\\/logo\\\/image\\\/\",\"url\":\"https:\\\/\\\/lequotidien.mr\\\/wp-content\\\/uploads\\\/2022\\\/11\\\/logolequotidien.jpg\",\"contentUrl\":\"https:\\\/\\\/lequotidien.mr\\\/wp-content\\\/uploads\\\/2022\\\/11\\\/logolequotidien.jpg\",\"width\":290,\"height\":65,\"caption\":\"Le Quotidien de Nouakchott\"},\"image\":{\"@id\":\"https:\\\/\\\/lequotidien.mr\\\/#\\\/schema\\\/logo\\\/image\\\/\"},\"sameAs\":[\"https:\\\/\\\/web.facebook.com\\\/lequotidienmr\",\"https:\\\/\\\/x.com\\\/lequotidienmr\"]},{\"@type\":\"Person\",\"@id\":\"https:\\\/\\\/lequotidien.mr\\\/#\\\/schema\\\/person\\\/d2d350202a4d599685ed8abc25f97596\",\"name\":\"Med Ahmed\",\"image\":{\"@type\":\"ImageObject\",\"inLanguage\":\"ar\",\"@id\":\"https:\\\/\\\/secure.gravatar.com\\\/avatar\\\/fd2acc62ed50732923d1d39c17172c9b04149f142be92310ecc69e1358f94b52?s=96&d=mm&r=g\",\"url\":\"https:\\\/\\\/secure.gravatar.com\\\/avatar\\\/fd2acc62ed50732923d1d39c17172c9b04149f142be92310ecc69e1358f94b52?s=96&d=mm&r=g\",\"contentUrl\":\"https:\\\/\\\/secure.gravatar.com\\\/avatar\\\/fd2acc62ed50732923d1d39c17172c9b04149f142be92310ecc69e1358f94b52?s=96&d=mm&r=g\",\"caption\":\"Med Ahmed\"},\"url\":\"https:\\\/\\\/lequotidien.mr\\\/?author=12\"}]}<\/script>\n<!-- \/ Yoast SEO plugin. -->","yoast_head_json":{"title":"Gorgol : Le Pr\u00e9sident El Ghazouani lance un projet hydraulique d'envergure \u00e0 Hayr\u00e9 Mbar - Le Quotidien de Nouakchott","robots":{"index":"index","follow":"follow","max-snippet":"max-snippet:-1","max-image-preview":"max-image-preview:large","max-video-preview":"max-video-preview:-1"},"canonical":"https:\/\/lequotidien.mr\/?p=33232&lang=fr","og_locale":"ar_AR","og_type":"article","og_title":"Gorgol : Le Pr\u00e9sident El Ghazouani lance un projet hydraulique d'envergure \u00e0 Hayr\u00e9 Mbar - Le Quotidien de Nouakchott","og_description":"Dans une visite terrain symbolisant la priorit\u00e9 absolue accord\u00e9e \u00e0 la souverainet\u00e9 hydrique et au d\u00e9veloppement rural, le Pr\u00e9sident de la R\u00e9publique, M. Mohamed Cheikh El Ghazouani, s&#8217;est rendu mardi dans la commune de Hayr\u00e9 Mbar (moughataa de Babab\u00e9). L&#8217;objet de cette descente : s&#8217;enqu\u00e9rir de l&#8217;avancement d&#8217;un m\u00e9ga-projet d&#8217;adduction d&#8217;eau potable et d&#8217;irrigation, structurant.....","og_url":"https:\/\/lequotidien.mr\/?p=33232&lang=fr","og_site_name":"Le Quotidien de Nouakchott","article_publisher":"https:\/\/web.facebook.com\/lequotidienmr","article_published_time":"2025-12-24T22:08:39+00:00","og_image":[{"width":750,"height":430,"url":"https:\/\/lequotidien.mr\/wp-content\/uploads\/2025\/12\/photo-projet-Hayre-Mbar.jpg","type":"image\/jpeg"}],"author":"Med Ahmed","twitter_card":"summary_large_image","twitter_creator":"@lequotidienmr","twitter_site":"@lequotidienmr","twitter_misc":{"\u0643\u064f\u062a\u0628 \u0628\u0648\u0627\u0633\u0637\u0629":"Med Ahmed","\u0648\u0642\u062a \u0627\u0644\u0642\u0631\u0627\u0621\u0629 \u0627\u0644\u0645\u064f\u0642\u062f\u0651\u0631":"5 \u062f\u0642\u0627\u0626\u0642"},"schema":{"@context":"https:\/\/schema.org","@graph":[{"@type":"Article","@id":"https:\/\/lequotidien.mr\/?p=33232&lang=fr#article","isPartOf":{"@id":"https:\/\/lequotidien.mr\/?p=33232&lang=fr"},"author":{"name":"Med Ahmed","@id":"https:\/\/lequotidien.mr\/#\/schema\/person\/d2d350202a4d599685ed8abc25f97596"},"headline":"Gorgol : Le Pr\u00e9sident El Ghazouani lance un projet hydraulique d&#8217;envergure \u00e0 Hayr\u00e9 Mbar","datePublished":"2025-12-24T22:08:39+00:00","mainEntityOfPage":{"@id":"https:\/\/lequotidien.mr\/?p=33232&lang=fr"},"wordCount":682,"commentCount":0,"publisher":{"@id":"https:\/\/lequotidien.mr\/#organization"},"image":{"@id":"https:\/\/lequotidien.mr\/?p=33232&lang=fr#primaryimage"},"thumbnailUrl":"https:\/\/lequotidien.mr\/wp-content\/uploads\/2025\/12\/photo-projet-Hayre-Mbar.jpg","articleSection":["ACTUALIT\u00c9","Economie"],"inLanguage":"ar","potentialAction":[{"@type":"CommentAction","name":"Comment","target":["https:\/\/lequotidien.mr\/?p=33232&lang=fr#respond"]}]},{"@type":"WebPage","@id":"https:\/\/lequotidien.mr\/?p=33232&lang=fr","url":"https:\/\/lequotidien.mr\/?p=33232&lang=fr","name":"Gorgol : Le Pr\u00e9sident El Ghazouani lance un projet hydraulique d'envergure \u00e0 Hayr\u00e9 Mbar - Le Quotidien de Nouakchott","isPartOf":{"@id":"https:\/\/lequotidien.mr\/#website"},"primaryImageOfPage":{"@id":"https:\/\/lequotidien.mr\/?p=33232&lang=fr#primaryimage"},"image":{"@id":"https:\/\/lequotidien.mr\/?p=33232&lang=fr#primaryimage"},"thumbnailUrl":"https:\/\/lequotidien.mr\/wp-content\/uploads\/2025\/12\/photo-projet-Hayre-Mbar.jpg","datePublished":"2025-12-24T22:08:39+00:00","breadcrumb":{"@id":"https:\/\/lequotidien.mr\/?p=33232&lang=fr#breadcrumb"},"inLanguage":"ar","potentialAction":[{"@type":"ReadAction","target":["https:\/\/lequotidien.mr\/?p=33232&lang=fr"]}]},{"@type":"ImageObject","inLanguage":"ar","@id":"https:\/\/lequotidien.mr\/?p=33232&lang=fr#primaryimage","url":"https:\/\/lequotidien.mr\/wp-content\/uploads\/2025\/12\/photo-projet-Hayre-Mbar.jpg","contentUrl":"https:\/\/lequotidien.mr\/wp-content\/uploads\/2025\/12\/photo-projet-Hayre-Mbar.jpg","width":750,"height":430},{"@type":"BreadcrumbList","@id":"https:\/\/lequotidien.mr\/?p=33232&lang=fr#breadcrumb","itemListElement":[{"@type":"ListItem","position":1,"name":"Home","item":"https:\/\/lequotidien.mr\/"},{"@type":"ListItem","position":2,"name":"Gorgol : Le Pr\u00e9sident El Ghazouani lance un projet hydraulique d&rsquo;envergure \u00e0 Hayr\u00e9 Mbar"}]},{"@type":"WebSite","@id":"https:\/\/lequotidien.mr\/#website","url":"https:\/\/lequotidien.mr\/","name":"Le Quotidien de Nouakchott","description":"\u0625\u062e\u0628\u0627\u0631\u064a\u0629 \u0645\u0633\u062a\u0642\u0644\u0629 \u0644\u0644\u0623\u0646\u0628\u0627\u0621 \u0627\u0644\u0639\u0627\u0645\u0629","publisher":{"@id":"https:\/\/lequotidien.mr\/#organization"},"potentialAction":[{"@type":"SearchAction","target":{"@type":"EntryPoint","urlTemplate":"https:\/\/lequotidien.mr\/?s={search_term_string}"},"query-input":{"@type":"PropertyValueSpecification","valueRequired":true,"valueName":"search_term_string"}}],"inLanguage":"ar"},{"@type":"Organization","@id":"https:\/\/lequotidien.mr\/#organization","name":"Le Quotidien de Nouakchott","url":"https:\/\/lequotidien.mr\/","logo":{"@type":"ImageObject","inLanguage":"ar","@id":"https:\/\/lequotidien.mr\/#\/schema\/logo\/image\/","url":"https:\/\/lequotidien.mr\/wp-content\/uploads\/2022\/11\/logolequotidien.jpg","contentUrl":"https:\/\/lequotidien.mr\/wp-content\/uploads\/2022\/11\/logolequotidien.jpg","width":290,"height":65,"caption":"Le Quotidien de Nouakchott"},"image":{"@id":"https:\/\/lequotidien.mr\/#\/schema\/logo\/image\/"},"sameAs":["https:\/\/web.facebook.com\/lequotidienmr","https:\/\/x.com\/lequotidienmr"]},{"@type":"Person","@id":"https:\/\/lequotidien.mr\/#\/schema\/person\/d2d350202a4d599685ed8abc25f97596","name":"Med Ahmed","image":{"@type":"ImageObject","inLanguage":"ar","@id":"https:\/\/secure.gravatar.com\/avatar\/fd2acc62ed50732923d1d39c17172c9b04149f142be92310ecc69e1358f94b52?s=96&d=mm&r=g","url":"https:\/\/secure.gravatar.com\/avatar\/fd2acc62ed50732923d1d39c17172c9b04149f142be92310ecc69e1358f94b52?s=96&d=mm&r=g","contentUrl":"https:\/\/secure.gravatar.com\/avatar\/fd2acc62ed50732923d1d39c17172c9b04149f142be92310ecc69e1358f94b52?s=96&d=mm&r=g","caption":"Med Ahmed"},"url":"https:\/\/lequotidien.mr\/?author=12"}]}},"_links":{"self":[{"href":"https:\/\/lequotidien.mr\/index.php?rest_route=\/wp\/v2\/posts\/33232","targetHints":{"allow":["GET"]}}],"collection":[{"href":"https:\/\/lequotidien.mr\/index.php?rest_route=\/wp\/v2\/posts"}],"about":[{"href":"https:\/\/lequotidien.mr\/index.php?rest_route=\/wp\/v2\/types\/post"}],"author":[{"embeddable":true,"href":"https:\/\/lequotidien.mr\/index.php?rest_route=\/wp\/v2\/users\/12"}],"replies":[{"embeddable":true,"href":"https:\/\/lequotidien.mr\/index.php?rest_route=%2Fwp%2Fv2%2Fcomments&post=33232"}],"version-history":[{"count":1,"href":"https:\/\/lequotidien.mr\/index.php?rest_route=\/wp\/v2\/posts\/33232\/revisions"}],"predecessor-version":[{"id":33234,"href":"https:\/\/lequotidien.mr\/index.php?rest_route=\/wp\/v2\/posts\/33232\/revisions\/33234"}],"wp:featuredmedia":[{"embeddable":true,"href":"https:\/\/lequotidien.mr\/index.php?rest_route=\/wp\/v2\/media\/33233"}],"wp:attachment":[{"href":"https:\/\/lequotidien.mr\/index.php?rest_route=%2Fwp%2Fv2%2Fmedia&parent=33232"}],"wp:term":[{"taxonomy":"category","embeddable":true,"href":"https:\/\/lequotidien.mr\/index.php?rest_route=%2Fwp%2Fv2%2Fcategories&post=33232"},{"taxonomy":"post_tag","embeddable":true,"href":"https:\/\/lequotidien.mr\/index.php?rest_route=%2Fwp%2Fv2%2Ftags&post=33232"}],"curies":[{"name":"wp","href":"https:\/\/api.w.org\/{rel}","templated":true}]}}