{"id":33229,"date":"2025-12-24T21:35:13","date_gmt":"2025-12-24T21:35:13","guid":{"rendered":"https:\/\/lequotidien.mr\/?p=33229"},"modified":"2025-12-24T21:35:13","modified_gmt":"2025-12-24T21:35:13","slug":"la-route-boghe-kaedi-inauguree-un-symbole-fort-de-la-modernisation-du-reseau-routier-national","status":"publish","type":"post","link":"https:\/\/lequotidien.mr\/?p=33229&lang=fr","title":{"rendered":"La route Bogh\u00e9-Ka\u00e9di inaugur\u00e9e : Un symbole fort de la modernisation du r\u00e9seau routier national"},"content":{"rendered":"<p>Dans le cadre des c\u00e9l\u00e9brations du 65e anniversaire de l&#8217;ind\u00e9pendance nationale, le <strong>Pr\u00e9sident de la R\u00e9publique, M. Mohamed Cheikh El Ghazouani<\/strong>, a inaugur\u00e9, ce mardi \u00e0 Bogh\u00e9, la route r\u00e9habilit\u00e9e Bogh\u00e9-Ka\u00e9di. Cette c\u00e9r\u00e9monie solennelle, marqu\u00e9e par la coupure du ruban symbolique et le d\u00e9voilement de la plaque comm\u00e9morative, a \u00e9t\u00e9 l&#8217;occasion de mettre en lumi\u00e8re un projet d&#8217;envergure et de rappeler l&#8217;ambitieux programme de modernisation du r\u00e9seau routier engag\u00e9 par les autorit\u00e9s.<\/p>\n<p><strong>Un axe vital r\u00e9habilit\u00e9<\/strong><\/p>\n<p>La route Bogh\u00e9-Ka\u00e9di, d&#8217;une longueur de 100 kilom\u00e8tres et d&#8217;une largeur de 9 m\u00e8tres, a fait l&#8217;objet d&#8217;une r\u00e9habilitation compl\u00e8te pour un co\u00fbt total de\u00a0<strong>852 838 262,9 MRO<\/strong>, enti\u00e8rement financ\u00e9 par le Tr\u00e9sor public. Les travaux, qui se sont \u00e9tal\u00e9s sur 30 mois, ont \u00e9t\u00e9 r\u00e9alis\u00e9s conform\u00e9ment aux sp\u00e9cifications techniques les plus rigoureuses. Le Pr\u00e9sident Ghazouani a suivi un expos\u00e9 d\u00e9taill\u00e9 sur les m\u00e9thodes de construction et le r\u00f4le strat\u00e9gique de cet axe pour fluidifier le trafic et renforcer les liens entre les villes de Bogh\u00e9 et de Ka\u00e9di, ainsi que les r\u00e9gions avoisinantes.<\/p>\n<p>Cette inauguration s&#8217;inscrit dans le cadre d&#8217;un vaste projet lanc\u00e9 fin 2022 visant \u00e0 moderniser\u00a0plusieurs centaines de kilom\u00e8tres du r\u00e9seau routier national. Comme l&#8217;a rappel\u00e9 le <strong>ministre de l&#8217;\u00c9quipement et des Transports, M. Ely Ould El-Veirik<\/strong>, cette initiative s&#8217;inscrit dans une dynamique plus large entam\u00e9e depuis 2019, caract\u00e9ris\u00e9e par son\u00a0ampleur et son \u00e9quit\u00e9\u00a0\u00e0 l&#8217;\u00e9chelle du territoire. Plus de\u00a0<strong>3 000 kilom\u00e8tres<\/strong>\u00a0de routes (nouvelles ou r\u00e9habilit\u00e9es) ont d\u00e9j\u00e0 \u00e9t\u00e9 achev\u00e9s.<br \/>\nLe ministre a dress\u00e9 un panorama complet des projets, citant notamment les tron\u00e7ons Aleg-Maghtaa Lahjar, Djouk-Kiffa, ou encore Tintane-Aioun. Il a \u00e9galement \u00e9voqu\u00e9 l&#8217;avancement des \u00e9tudes techniques pour d&#8217;autres axes majeurs, comme la route Rosso-Bogh\u00e9, le troisi\u00e8me tron\u00e7on de la route Nouakchott-Nouadhibou, ou la route N\u00e9ma-Bassikounou. Des \u00e9tudes de faisabilit\u00e9 sont \u00e9galement en cours pour des projets structurants, tels qu&#8217;une liaison ferroviaire Nouakchott-Ka\u00e9di-Bofal-S\u00e9libabi et l&#8217;autoroute Nouakchott-Boutilimit en partenariat public-priv\u00e9.<\/p>\n<p><strong>Un catalyseur pour le d\u00e9veloppement local<\/strong><\/p>\n<p>Les \u00e9lus locaux ont salu\u00e9 avec force l&#8217;impact transformateur de cette infrastructure. Le <strong>pr\u00e9sident de la r\u00e9gion de Brakna, M. Moustapha Mohamed Mahmoud<\/strong>, a exprim\u00e9 la\u00a0profonde satisfaction\u00a0des habitants, qualifiant la route de <strong><em>&#8220;catalyseur du d\u00e9veloppement local&#8221;<\/em><\/strong> et de <strong><em>&#8220;pilier de l&#8217;activit\u00e9 agricole et commerciale&#8221;<\/em><\/strong>. Il a soulign\u00e9 qu&#8217;elle repr\u00e9sente bien plus qu&#8217;un simple bitume : c&#8217;est un lien vital entre les populations, un atout pour l&#8217;\u00e9conomie r\u00e9gionale et nationale, et le symbole de la transformation tangible des infrastructures sous la direction du Pr\u00e9sident El Ghazouani.<br \/>\nLe <strong>maire de Bogh\u00e9, M. Ba Adama Moussa<\/strong>, a abond\u00e9 dans ce sens, insistant sur l&#8217;am\u00e9lioration de l&#8217;acc\u00e8s aux services essentiels, la facilitation des \u00e9changes et la dynamisation du commerce. Il a vu dans ce projet la concr\u00e9tisation de l&#8217;engagement pr\u00e9sidentiel \u00e0\u00a0rapprocher l&#8217;administration des citoyens.<\/p>\n<p><strong>Une c\u00e9r\u00e9monie en pr\u00e9sence des autorit\u00e9s<\/strong><\/p>\n<p>La c\u00e9r\u00e9monie s&#8217;est d\u00e9roul\u00e9e en pr\u00e9sence d&#8217;une d\u00e9l\u00e9gation officielle importante, comprenant le wali du Brakna, M. Mohamed Salek, le commandant de la 7e r\u00e9gion militaire, le colonel Oumar Sidi, le hakem de Bogh\u00e9, M. Abdelkader Charaf, le d\u00e9put\u00e9 de la moughataa, M. Dia Moussa El Houssein, ainsi que de nombreux \u00e9lus et personnalit\u00e9s de la wilaya. Cette pr\u00e9sence collective a soulign\u00e9 l&#8217;importance nationale accord\u00e9e \u00e0 la r\u00e9alisation et \u00e0 l&#8217;inauguration de cet axe strat\u00e9gique.<\/p>\n<p>L&#8217;inauguration de la route Bogh\u00e9-Ka\u00e9di est bien plus qu&#8217;un \u00e9v\u00e9nement local. Elle incarne la volont\u00e9 de l&#8217;\u00c9tat de d\u00e9senclaver les territoires, de s\u00e9curiser les d\u00e9placements et de cr\u00e9er les conditions d&#8217;un d\u00e9veloppement \u00e9conomique harmonieux \u00e0 travers tout le pays. Alors que la Mauritanie c\u00e9l\u00e8bre 65 ans d&#8217;ind\u00e9pendance, cette nouvelle art\u00e8re vient concr\u00e8tement renforcer le maillage national et illustre la priorit\u00e9 accord\u00e9e aux infrastructures structurantes pour l&#8217;avenir.<\/p>\n","protected":false},"excerpt":{"rendered":"<p>Dans le cadre des c\u00e9l\u00e9brations du 65e anniversaire de l&#8217;ind\u00e9pendance nationale, le Pr\u00e9sident de la R\u00e9publique, M. Mohamed Cheikh El Ghazouani, a inaugur\u00e9, ce mardi \u00e0 Bogh\u00e9, la route r\u00e9habilit\u00e9e Bogh\u00e9-Ka\u00e9di. Cette c\u00e9r\u00e9monie solennelle, marqu\u00e9e par la coupure du ruban symbolique et le d\u00e9voilement de la plaque comm\u00e9morative, a \u00e9t\u00e9 l&#8217;occasion de mettre en lumi\u00e8re&#8230;..<\/p>\n","protected":false},"author":12,"featured_media":33230,"comment_status":"open","ping_status":"open","sticky":false,"template":"","format":"standard","meta":{"footnotes":""},"categories":[23,49],"tags":[],"class_list":["post-33229","post","type-post","status-publish","format-standard","has-post-thumbnail","hentry","category-actualite","category-economie"],"yoast_head":"<!-- This site is optimized with the Yoast SEO plugin v27.5 - https:\/\/yoast.com\/product\/yoast-seo-wordpress\/ -->\n<title>La route Bogh\u00e9-Ka\u00e9di inaugur\u00e9e : Un symbole fort de la modernisation du r\u00e9seau routier national - Le Quotidien de Nouakchott<\/title>\n<meta name=\"robots\" content=\"index, follow, max-snippet:-1, max-image-preview:large, max-video-preview:-1\" \/>\n<link rel=\"canonical\" href=\"https:\/\/lequotidien.mr\/?p=33229&lang=fr\" \/>\n<meta property=\"og:locale\" content=\"ar_AR\" \/>\n<meta property=\"og:type\" content=\"article\" \/>\n<meta property=\"og:title\" content=\"La route Bogh\u00e9-Ka\u00e9di inaugur\u00e9e : Un symbole fort de la modernisation du r\u00e9seau routier national - Le Quotidien de Nouakchott\" \/>\n<meta property=\"og:description\" content=\"Dans le cadre des c\u00e9l\u00e9brations du 65e anniversaire de l&#8217;ind\u00e9pendance nationale, le Pr\u00e9sident de la R\u00e9publique, M. Mohamed Cheikh El Ghazouani, a inaugur\u00e9, ce mardi \u00e0 Bogh\u00e9, la route r\u00e9habilit\u00e9e Bogh\u00e9-Ka\u00e9di. Cette c\u00e9r\u00e9monie solennelle, marqu\u00e9e par la coupure du ruban symbolique et le d\u00e9voilement de la plaque comm\u00e9morative, a \u00e9t\u00e9 l&#8217;occasion de mettre en lumi\u00e8re.....\" \/>\n<meta property=\"og:url\" content=\"https:\/\/lequotidien.mr\/?p=33229&amp;lang=fr\" \/>\n<meta property=\"og:site_name\" content=\"Le Quotidien de Nouakchott\" \/>\n<meta property=\"article:publisher\" content=\"https:\/\/web.facebook.com\/lequotidienmr\" \/>\n<meta property=\"article:published_time\" content=\"2025-12-24T21:35:13+00:00\" \/>\n<meta property=\"og:image\" content=\"https:\/\/lequotidien.mr\/wp-content\/uploads\/2025\/12\/photo-Pdt-Boghe-Kaedi.jpg\" \/>\n\t<meta property=\"og:image:width\" content=\"750\" \/>\n\t<meta property=\"og:image:height\" content=\"430\" \/>\n\t<meta property=\"og:image:type\" content=\"image\/jpeg\" \/>\n<meta name=\"author\" content=\"Med Ahmed\" \/>\n<meta name=\"twitter:card\" content=\"summary_large_image\" \/>\n<meta name=\"twitter:creator\" content=\"@lequotidienmr\" \/>\n<meta name=\"twitter:site\" content=\"@lequotidienmr\" \/>\n<meta name=\"twitter:label1\" content=\"\u0643\u064f\u062a\u0628 \u0628\u0648\u0627\u0633\u0637\u0629\" \/>\n\t<meta name=\"twitter:data1\" content=\"Med Ahmed\" \/>\n\t<meta name=\"twitter:label2\" content=\"\u0648\u0642\u062a \u0627\u0644\u0642\u0631\u0627\u0621\u0629 \u0627\u0644\u0645\u064f\u0642\u062f\u0651\u0631\" \/>\n\t<meta name=\"twitter:data2\" content=\"5 \u062f\u0642\u0627\u0626\u0642\" \/>\n<script type=\"application\/ld+json\" class=\"yoast-schema-graph\">{\"@context\":\"https:\\\/\\\/schema.org\",\"@graph\":[{\"@type\":\"Article\",\"@id\":\"https:\\\/\\\/lequotidien.mr\\\/?p=33229&lang=fr#article\",\"isPartOf\":{\"@id\":\"https:\\\/\\\/lequotidien.mr\\\/?p=33229&lang=fr\"},\"author\":{\"name\":\"Med Ahmed\",\"@id\":\"https:\\\/\\\/lequotidien.mr\\\/#\\\/schema\\\/person\\\/d2d350202a4d599685ed8abc25f97596\"},\"headline\":\"La route Bogh\u00e9-Ka\u00e9di inaugur\u00e9e : Un symbole fort de la modernisation du r\u00e9seau routier national\",\"datePublished\":\"2025-12-24T21:35:13+00:00\",\"mainEntityOfPage\":{\"@id\":\"https:\\\/\\\/lequotidien.mr\\\/?p=33229&lang=fr\"},\"wordCount\":733,\"commentCount\":0,\"publisher\":{\"@id\":\"https:\\\/\\\/lequotidien.mr\\\/#organization\"},\"image\":{\"@id\":\"https:\\\/\\\/lequotidien.mr\\\/?p=33229&lang=fr#primaryimage\"},\"thumbnailUrl\":\"https:\\\/\\\/lequotidien.mr\\\/wp-content\\\/uploads\\\/2025\\\/12\\\/photo-Pdt-Boghe-Kaedi.jpg\",\"articleSection\":[\"ACTUALIT\u00c9\",\"Economie\"],\"inLanguage\":\"ar\",\"potentialAction\":[{\"@type\":\"CommentAction\",\"name\":\"Comment\",\"target\":[\"https:\\\/\\\/lequotidien.mr\\\/?p=33229&lang=fr#respond\"]}]},{\"@type\":\"WebPage\",\"@id\":\"https:\\\/\\\/lequotidien.mr\\\/?p=33229&lang=fr\",\"url\":\"https:\\\/\\\/lequotidien.mr\\\/?p=33229&lang=fr\",\"name\":\"La route Bogh\u00e9-Ka\u00e9di inaugur\u00e9e : Un symbole fort de la modernisation du r\u00e9seau routier national - Le Quotidien de Nouakchott\",\"isPartOf\":{\"@id\":\"https:\\\/\\\/lequotidien.mr\\\/#website\"},\"primaryImageOfPage\":{\"@id\":\"https:\\\/\\\/lequotidien.mr\\\/?p=33229&lang=fr#primaryimage\"},\"image\":{\"@id\":\"https:\\\/\\\/lequotidien.mr\\\/?p=33229&lang=fr#primaryimage\"},\"thumbnailUrl\":\"https:\\\/\\\/lequotidien.mr\\\/wp-content\\\/uploads\\\/2025\\\/12\\\/photo-Pdt-Boghe-Kaedi.jpg\",\"datePublished\":\"2025-12-24T21:35:13+00:00\",\"breadcrumb\":{\"@id\":\"https:\\\/\\\/lequotidien.mr\\\/?p=33229&lang=fr#breadcrumb\"},\"inLanguage\":\"ar\",\"potentialAction\":[{\"@type\":\"ReadAction\",\"target\":[\"https:\\\/\\\/lequotidien.mr\\\/?p=33229&lang=fr\"]}]},{\"@type\":\"ImageObject\",\"inLanguage\":\"ar\",\"@id\":\"https:\\\/\\\/lequotidien.mr\\\/?p=33229&lang=fr#primaryimage\",\"url\":\"https:\\\/\\\/lequotidien.mr\\\/wp-content\\\/uploads\\\/2025\\\/12\\\/photo-Pdt-Boghe-Kaedi.jpg\",\"contentUrl\":\"https:\\\/\\\/lequotidien.mr\\\/wp-content\\\/uploads\\\/2025\\\/12\\\/photo-Pdt-Boghe-Kaedi.jpg\",\"width\":750,\"height\":430},{\"@type\":\"BreadcrumbList\",\"@id\":\"https:\\\/\\\/lequotidien.mr\\\/?p=33229&lang=fr#breadcrumb\",\"itemListElement\":[{\"@type\":\"ListItem\",\"position\":1,\"name\":\"Home\",\"item\":\"https:\\\/\\\/lequotidien.mr\\\/\"},{\"@type\":\"ListItem\",\"position\":2,\"name\":\"La route Bogh\u00e9-Ka\u00e9di inaugur\u00e9e : Un symbole fort de la modernisation du r\u00e9seau routier national\"}]},{\"@type\":\"WebSite\",\"@id\":\"https:\\\/\\\/lequotidien.mr\\\/#website\",\"url\":\"https:\\\/\\\/lequotidien.mr\\\/\",\"name\":\"Le Quotidien de Nouakchott\",\"description\":\"\u0625\u062e\u0628\u0627\u0631\u064a\u0629 \u0645\u0633\u062a\u0642\u0644\u0629 \u0644\u0644\u0623\u0646\u0628\u0627\u0621 \u0627\u0644\u0639\u0627\u0645\u0629\",\"publisher\":{\"@id\":\"https:\\\/\\\/lequotidien.mr\\\/#organization\"},\"potentialAction\":[{\"@type\":\"SearchAction\",\"target\":{\"@type\":\"EntryPoint\",\"urlTemplate\":\"https:\\\/\\\/lequotidien.mr\\\/?s={search_term_string}\"},\"query-input\":{\"@type\":\"PropertyValueSpecification\",\"valueRequired\":true,\"valueName\":\"search_term_string\"}}],\"inLanguage\":\"ar\"},{\"@type\":\"Organization\",\"@id\":\"https:\\\/\\\/lequotidien.mr\\\/#organization\",\"name\":\"Le Quotidien de Nouakchott\",\"url\":\"https:\\\/\\\/lequotidien.mr\\\/\",\"logo\":{\"@type\":\"ImageObject\",\"inLanguage\":\"ar\",\"@id\":\"https:\\\/\\\/lequotidien.mr\\\/#\\\/schema\\\/logo\\\/image\\\/\",\"url\":\"https:\\\/\\\/lequotidien.mr\\\/wp-content\\\/uploads\\\/2022\\\/11\\\/logolequotidien.jpg\",\"contentUrl\":\"https:\\\/\\\/lequotidien.mr\\\/wp-content\\\/uploads\\\/2022\\\/11\\\/logolequotidien.jpg\",\"width\":290,\"height\":65,\"caption\":\"Le Quotidien de Nouakchott\"},\"image\":{\"@id\":\"https:\\\/\\\/lequotidien.mr\\\/#\\\/schema\\\/logo\\\/image\\\/\"},\"sameAs\":[\"https:\\\/\\\/web.facebook.com\\\/lequotidienmr\",\"https:\\\/\\\/x.com\\\/lequotidienmr\"]},{\"@type\":\"Person\",\"@id\":\"https:\\\/\\\/lequotidien.mr\\\/#\\\/schema\\\/person\\\/d2d350202a4d599685ed8abc25f97596\",\"name\":\"Med Ahmed\",\"image\":{\"@type\":\"ImageObject\",\"inLanguage\":\"ar\",\"@id\":\"https:\\\/\\\/secure.gravatar.com\\\/avatar\\\/fd2acc62ed50732923d1d39c17172c9b04149f142be92310ecc69e1358f94b52?s=96&d=mm&r=g\",\"url\":\"https:\\\/\\\/secure.gravatar.com\\\/avatar\\\/fd2acc62ed50732923d1d39c17172c9b04149f142be92310ecc69e1358f94b52?s=96&d=mm&r=g\",\"contentUrl\":\"https:\\\/\\\/secure.gravatar.com\\\/avatar\\\/fd2acc62ed50732923d1d39c17172c9b04149f142be92310ecc69e1358f94b52?s=96&d=mm&r=g\",\"caption\":\"Med Ahmed\"},\"url\":\"https:\\\/\\\/lequotidien.mr\\\/?author=12\"}]}<\/script>\n<!-- \/ Yoast SEO plugin. -->","yoast_head_json":{"title":"La route Bogh\u00e9-Ka\u00e9di inaugur\u00e9e : Un symbole fort de la modernisation du r\u00e9seau routier national - Le Quotidien de Nouakchott","robots":{"index":"index","follow":"follow","max-snippet":"max-snippet:-1","max-image-preview":"max-image-preview:large","max-video-preview":"max-video-preview:-1"},"canonical":"https:\/\/lequotidien.mr\/?p=33229&lang=fr","og_locale":"ar_AR","og_type":"article","og_title":"La route Bogh\u00e9-Ka\u00e9di inaugur\u00e9e : Un symbole fort de la modernisation du r\u00e9seau routier national - Le Quotidien de Nouakchott","og_description":"Dans le cadre des c\u00e9l\u00e9brations du 65e anniversaire de l&#8217;ind\u00e9pendance nationale, le Pr\u00e9sident de la R\u00e9publique, M. Mohamed Cheikh El Ghazouani, a inaugur\u00e9, ce mardi \u00e0 Bogh\u00e9, la route r\u00e9habilit\u00e9e Bogh\u00e9-Ka\u00e9di. Cette c\u00e9r\u00e9monie solennelle, marqu\u00e9e par la coupure du ruban symbolique et le d\u00e9voilement de la plaque comm\u00e9morative, a \u00e9t\u00e9 l&#8217;occasion de mettre en lumi\u00e8re.....","og_url":"https:\/\/lequotidien.mr\/?p=33229&lang=fr","og_site_name":"Le Quotidien de Nouakchott","article_publisher":"https:\/\/web.facebook.com\/lequotidienmr","article_published_time":"2025-12-24T21:35:13+00:00","og_image":[{"width":750,"height":430,"url":"https:\/\/lequotidien.mr\/wp-content\/uploads\/2025\/12\/photo-Pdt-Boghe-Kaedi.jpg","type":"image\/jpeg"}],"author":"Med Ahmed","twitter_card":"summary_large_image","twitter_creator":"@lequotidienmr","twitter_site":"@lequotidienmr","twitter_misc":{"\u0643\u064f\u062a\u0628 \u0628\u0648\u0627\u0633\u0637\u0629":"Med Ahmed","\u0648\u0642\u062a \u0627\u0644\u0642\u0631\u0627\u0621\u0629 \u0627\u0644\u0645\u064f\u0642\u062f\u0651\u0631":"5 \u062f\u0642\u0627\u0626\u0642"},"schema":{"@context":"https:\/\/schema.org","@graph":[{"@type":"Article","@id":"https:\/\/lequotidien.mr\/?p=33229&lang=fr#article","isPartOf":{"@id":"https:\/\/lequotidien.mr\/?p=33229&lang=fr"},"author":{"name":"Med Ahmed","@id":"https:\/\/lequotidien.mr\/#\/schema\/person\/d2d350202a4d599685ed8abc25f97596"},"headline":"La route Bogh\u00e9-Ka\u00e9di inaugur\u00e9e : Un symbole fort de la modernisation du r\u00e9seau routier national","datePublished":"2025-12-24T21:35:13+00:00","mainEntityOfPage":{"@id":"https:\/\/lequotidien.mr\/?p=33229&lang=fr"},"wordCount":733,"commentCount":0,"publisher":{"@id":"https:\/\/lequotidien.mr\/#organization"},"image":{"@id":"https:\/\/lequotidien.mr\/?p=33229&lang=fr#primaryimage"},"thumbnailUrl":"https:\/\/lequotidien.mr\/wp-content\/uploads\/2025\/12\/photo-Pdt-Boghe-Kaedi.jpg","articleSection":["ACTUALIT\u00c9","Economie"],"inLanguage":"ar","potentialAction":[{"@type":"CommentAction","name":"Comment","target":["https:\/\/lequotidien.mr\/?p=33229&lang=fr#respond"]}]},{"@type":"WebPage","@id":"https:\/\/lequotidien.mr\/?p=33229&lang=fr","url":"https:\/\/lequotidien.mr\/?p=33229&lang=fr","name":"La route Bogh\u00e9-Ka\u00e9di inaugur\u00e9e : Un symbole fort de la modernisation du r\u00e9seau routier national - Le Quotidien de Nouakchott","isPartOf":{"@id":"https:\/\/lequotidien.mr\/#website"},"primaryImageOfPage":{"@id":"https:\/\/lequotidien.mr\/?p=33229&lang=fr#primaryimage"},"image":{"@id":"https:\/\/lequotidien.mr\/?p=33229&lang=fr#primaryimage"},"thumbnailUrl":"https:\/\/lequotidien.mr\/wp-content\/uploads\/2025\/12\/photo-Pdt-Boghe-Kaedi.jpg","datePublished":"2025-12-24T21:35:13+00:00","breadcrumb":{"@id":"https:\/\/lequotidien.mr\/?p=33229&lang=fr#breadcrumb"},"inLanguage":"ar","potentialAction":[{"@type":"ReadAction","target":["https:\/\/lequotidien.mr\/?p=33229&lang=fr"]}]},{"@type":"ImageObject","inLanguage":"ar","@id":"https:\/\/lequotidien.mr\/?p=33229&lang=fr#primaryimage","url":"https:\/\/lequotidien.mr\/wp-content\/uploads\/2025\/12\/photo-Pdt-Boghe-Kaedi.jpg","contentUrl":"https:\/\/lequotidien.mr\/wp-content\/uploads\/2025\/12\/photo-Pdt-Boghe-Kaedi.jpg","width":750,"height":430},{"@type":"BreadcrumbList","@id":"https:\/\/lequotidien.mr\/?p=33229&lang=fr#breadcrumb","itemListElement":[{"@type":"ListItem","position":1,"name":"Home","item":"https:\/\/lequotidien.mr\/"},{"@type":"ListItem","position":2,"name":"La route Bogh\u00e9-Ka\u00e9di inaugur\u00e9e : Un symbole fort de la modernisation du r\u00e9seau routier national"}]},{"@type":"WebSite","@id":"https:\/\/lequotidien.mr\/#website","url":"https:\/\/lequotidien.mr\/","name":"Le Quotidien de Nouakchott","description":"\u0625\u062e\u0628\u0627\u0631\u064a\u0629 \u0645\u0633\u062a\u0642\u0644\u0629 \u0644\u0644\u0623\u0646\u0628\u0627\u0621 \u0627\u0644\u0639\u0627\u0645\u0629","publisher":{"@id":"https:\/\/lequotidien.mr\/#organization"},"potentialAction":[{"@type":"SearchAction","target":{"@type":"EntryPoint","urlTemplate":"https:\/\/lequotidien.mr\/?s={search_term_string}"},"query-input":{"@type":"PropertyValueSpecification","valueRequired":true,"valueName":"search_term_string"}}],"inLanguage":"ar"},{"@type":"Organization","@id":"https:\/\/lequotidien.mr\/#organization","name":"Le Quotidien de Nouakchott","url":"https:\/\/lequotidien.mr\/","logo":{"@type":"ImageObject","inLanguage":"ar","@id":"https:\/\/lequotidien.mr\/#\/schema\/logo\/image\/","url":"https:\/\/lequotidien.mr\/wp-content\/uploads\/2022\/11\/logolequotidien.jpg","contentUrl":"https:\/\/lequotidien.mr\/wp-content\/uploads\/2022\/11\/logolequotidien.jpg","width":290,"height":65,"caption":"Le Quotidien de Nouakchott"},"image":{"@id":"https:\/\/lequotidien.mr\/#\/schema\/logo\/image\/"},"sameAs":["https:\/\/web.facebook.com\/lequotidienmr","https:\/\/x.com\/lequotidienmr"]},{"@type":"Person","@id":"https:\/\/lequotidien.mr\/#\/schema\/person\/d2d350202a4d599685ed8abc25f97596","name":"Med Ahmed","image":{"@type":"ImageObject","inLanguage":"ar","@id":"https:\/\/secure.gravatar.com\/avatar\/fd2acc62ed50732923d1d39c17172c9b04149f142be92310ecc69e1358f94b52?s=96&d=mm&r=g","url":"https:\/\/secure.gravatar.com\/avatar\/fd2acc62ed50732923d1d39c17172c9b04149f142be92310ecc69e1358f94b52?s=96&d=mm&r=g","contentUrl":"https:\/\/secure.gravatar.com\/avatar\/fd2acc62ed50732923d1d39c17172c9b04149f142be92310ecc69e1358f94b52?s=96&d=mm&r=g","caption":"Med Ahmed"},"url":"https:\/\/lequotidien.mr\/?author=12"}]}},"_links":{"self":[{"href":"https:\/\/lequotidien.mr\/index.php?rest_route=\/wp\/v2\/posts\/33229","targetHints":{"allow":["GET"]}}],"collection":[{"href":"https:\/\/lequotidien.mr\/index.php?rest_route=\/wp\/v2\/posts"}],"about":[{"href":"https:\/\/lequotidien.mr\/index.php?rest_route=\/wp\/v2\/types\/post"}],"author":[{"embeddable":true,"href":"https:\/\/lequotidien.mr\/index.php?rest_route=\/wp\/v2\/users\/12"}],"replies":[{"embeddable":true,"href":"https:\/\/lequotidien.mr\/index.php?rest_route=%2Fwp%2Fv2%2Fcomments&post=33229"}],"version-history":[{"count":1,"href":"https:\/\/lequotidien.mr\/index.php?rest_route=\/wp\/v2\/posts\/33229\/revisions"}],"predecessor-version":[{"id":33231,"href":"https:\/\/lequotidien.mr\/index.php?rest_route=\/wp\/v2\/posts\/33229\/revisions\/33231"}],"wp:featuredmedia":[{"embeddable":true,"href":"https:\/\/lequotidien.mr\/index.php?rest_route=\/wp\/v2\/media\/33230"}],"wp:attachment":[{"href":"https:\/\/lequotidien.mr\/index.php?rest_route=%2Fwp%2Fv2%2Fmedia&parent=33229"}],"wp:term":[{"taxonomy":"category","embeddable":true,"href":"https:\/\/lequotidien.mr\/index.php?rest_route=%2Fwp%2Fv2%2Fcategories&post=33229"},{"taxonomy":"post_tag","embeddable":true,"href":"https:\/\/lequotidien.mr\/index.php?rest_route=%2Fwp%2Fv2%2Ftags&post=33229"}],"curies":[{"name":"wp","href":"https:\/\/api.w.org\/{rel}","templated":true}]}}