{"id":33202,"date":"2025-12-23T20:59:53","date_gmt":"2025-12-23T20:59:53","guid":{"rendered":"https:\/\/lequotidien.mr\/?p=33202"},"modified":"2025-12-23T20:59:53","modified_gmt":"2025-12-23T20:59:53","slug":"autonomisation-economique-des-jeunes-120-beneficiaires-dune-formation-professionnelle-polyvalente-en-marge-du-festival-des-villes-du-patrimoine","status":"publish","type":"post","link":"https:\/\/lequotidien.mr\/?p=33202&lang=fr","title":{"rendered":"Autonomisation \u00e9conomique des jeunes : 120 b\u00e9n\u00e9ficiaires d\u2019une formation professionnelle polyvalente en marge du Festival des Villes du Patrimoine"},"content":{"rendered":"<p>Dans une dynamique de valorisation du capital humain, <strong>cent vingt (120) jeunes<\/strong> de la moughataa de\u00a0<strong>Ouadane<\/strong>\u00a0viennent de d\u00e9buter une formation professionnelle d\u2019envergure. Organis\u00e9e par l\u2019\u00c9cole d\u2019Enseignement Technique et de la Formation Professionnelle d\u2019Atar, cette action s\u2019inscrit dans le cadre de la riche programmation du\u00a0<strong>Festival des Villes du Patrimoine<\/strong>, d\u00e9montrant le lien intrins\u00e8que entre la sauvegarde du patrimoine et le d\u00e9veloppement des comp\u00e9tences locales.<\/p>\n<p><strong>Des formations ancr\u00e9es dans les besoins locaux et l\u2019artisanat traditionnel<\/strong><\/p>\n<p>D\u2019une dur\u00e9e de deux mois, ce programme de formation a \u00e9t\u00e9 con\u00e7u pour offrir des d\u00e9bouch\u00e9s concrets et r\u00e9pondre \u00e0 la fois aux besoins du march\u00e9 et \u00e0 la promotion des savoir-faire locaux. Il couvre un \u00e9ventail de m\u00e9tiers porteurs :<\/p>\n<p><strong>-Des sp\u00e9cialit\u00e9s techniques :<\/strong>\u00a0\u00c9lectricit\u00e9 domestique, plomberie et froid (climatisation)\u00a0;<\/p>\n<p><strong>-Des arts et de l\u2019artisanat :<\/strong>\u00a0Broderie et confection de sacs en feuilles de palmier, sp\u00e9cifiquement destin\u00e9s \u00e0 la conservation des dattes\u00a0;<\/p>\n<p><strong>-Des activit\u00e9s g\u00e9n\u00e9ratrices de revenus :<\/strong>\u00a0Fabrication de confiseries et production de miel \u00e0 partir de palmiers.<\/p>\n<p>Ce m\u00e9lange entre comp\u00e9tences modernes et artisanat traditionnel vise \u00e0 doter les jeunes d\u2019outils polyvalents pour s\u2019ins\u00e9rer dans l\u2019\u00e9conomie locale, notamment dans le secteur touristique en plein essor.<\/p>\n<p><strong>Encouragements et directives des plus hautes autorit\u00e9s<\/strong><\/p>\n<p>La c\u00e9r\u00e9monie de lancement de cette formation a \u00e9t\u00e9 pr\u00e9sid\u00e9e par une figure gouvernementale de premier plan,\u00a0<strong>M. Houssein Medou<\/strong>, <strong>Ministre de la Culture, des Arts, de la Communication et des Relations avec le Parlement, Porte-parole du Gouvernement<\/strong>. Il \u00e9tait accompagn\u00e9 du\u00a0<strong>Wali de l\u2019Adrar, M. Abdallahi Mohamed Mahmoud<\/strong>. Les deux responsables ont visit\u00e9 les diff\u00e9rents ateliers, \u00e9chang\u00e9 avec les formateurs et les apprentis.<\/p>\n<p>S\u2019adressant aux b\u00e9n\u00e9ficiaires, le ministre Medou les a exhort\u00e9s \u00e0\u00a0<strong><em>\u00ab se concentrer sur l\u2019acquisition de connaissances et la ma\u00eetrise des techniques d\u2019utilisation des outils de travail \u00bb<\/em><\/strong>. Il a soulign\u00e9 que l\u2019objectif ultime \u00e9tait de leur permettre de satisfaire les exigences de la client\u00e8le et de s\u2019imposer avec professionnalisme sur le march\u00e9 du travail une fois leur formation achev\u00e9e.<\/p>\n<p><strong>Une mobilisation collective pour le d\u00e9veloppement local<\/strong><\/p>\n<p>La c\u00e9r\u00e9monie s\u2019est d\u00e9roul\u00e9e en pr\u00e9sence d\u2019un parterre d\u2019autorit\u00e9s locales et de repr\u00e9sentants de l\u2019administration, t\u00e9moignant de l\u2019importance accord\u00e9e \u00e0 ce projet. \u00c9taient pr\u00e9sents le\u00a0<strong>Hakem de la moughataa de Ouadane<\/strong>, son\u00a0<strong>d\u00e9put\u00e9<\/strong>, le\u00a0<strong>maire adjoint de la commune<\/strong>\u00a0ainsi qu\u2019un\u00a0<strong>charg\u00e9 de mission du minist\u00e8re<\/strong>\u00a0de tutelle. Cette pr\u00e9sence conjointe illustre la volont\u00e9 d\u2019une synergie d\u2019action entre le gouvernement central et les collectivit\u00e9s territoriales pour impulser un d\u00e9veloppement socio-\u00e9conomique durable.<\/p>\n<p>Bien plus qu\u2019une simple session de formation, cette initiative symbolise une vision strat\u00e9gique pour des villes historiques comme Ouadane. En formant sa jeunesse, et en int\u00e9grant ces comp\u00e9tences dans le cadre du Festival des Villes du Patrimoine, la Mauritanie cr\u00e9e un cercle vertueux o\u00f9 la valorisation culturelle et l\u2019autonomisation \u00e9conomique se renforcent mutuellement. Ces 120 jeunes repr\u00e9sentent ainsi l\u2019avenir artisanal, technique et entrepreneurial d\u2019une r\u00e9gion r\u00e9solument tourn\u00e9e vers son d\u00e9veloppement.<\/p>\n<p>&nbsp;<\/p>\n<p>&nbsp;<\/p>\n","protected":false},"excerpt":{"rendered":"<p>Dans une dynamique de valorisation du capital humain, cent vingt (120) jeunes de la moughataa de\u00a0Ouadane\u00a0viennent de d\u00e9buter une formation professionnelle d\u2019envergure. Organis\u00e9e par l\u2019\u00c9cole d\u2019Enseignement Technique et de la Formation Professionnelle d\u2019Atar, cette action s\u2019inscrit dans le cadre de la riche programmation du\u00a0Festival des Villes du Patrimoine, d\u00e9montrant le lien intrins\u00e8que entre la sauvegarde&#8230;..<\/p>\n","protected":false},"author":12,"featured_media":33203,"comment_status":"open","ping_status":"open","sticky":false,"template":"","format":"standard","meta":{"footnotes":""},"categories":[23,49],"tags":[],"class_list":["post-33202","post","type-post","status-publish","format-standard","has-post-thumbnail","hentry","category-actualite","category-economie"],"yoast_head":"<!-- This site is optimized with the Yoast SEO plugin v27.5 - https:\/\/yoast.com\/product\/yoast-seo-wordpress\/ -->\n<title>Autonomisation \u00e9conomique des jeunes : 120 b\u00e9n\u00e9ficiaires d\u2019une formation professionnelle polyvalente en marge du Festival des Villes du Patrimoine - Le Quotidien de Nouakchott<\/title>\n<meta name=\"robots\" content=\"index, follow, max-snippet:-1, max-image-preview:large, max-video-preview:-1\" \/>\n<link rel=\"canonical\" href=\"https:\/\/lequotidien.mr\/?p=33202&lang=fr\" \/>\n<meta property=\"og:locale\" content=\"ar_AR\" \/>\n<meta property=\"og:type\" content=\"article\" \/>\n<meta property=\"og:title\" content=\"Autonomisation \u00e9conomique des jeunes : 120 b\u00e9n\u00e9ficiaires d\u2019une formation professionnelle polyvalente en marge du Festival des Villes du Patrimoine - Le Quotidien de Nouakchott\" \/>\n<meta property=\"og:description\" content=\"Dans une dynamique de valorisation du capital humain, cent vingt (120) jeunes de la moughataa de\u00a0Ouadane\u00a0viennent de d\u00e9buter une formation professionnelle d\u2019envergure. Organis\u00e9e par l\u2019\u00c9cole d\u2019Enseignement Technique et de la Formation Professionnelle d\u2019Atar, cette action s\u2019inscrit dans le cadre de la riche programmation du\u00a0Festival des Villes du Patrimoine, d\u00e9montrant le lien intrins\u00e8que entre la sauvegarde.....\" \/>\n<meta property=\"og:url\" content=\"https:\/\/lequotidien.mr\/?p=33202&amp;lang=fr\" \/>\n<meta property=\"og:site_name\" content=\"Le Quotidien de Nouakchott\" \/>\n<meta property=\"article:publisher\" content=\"https:\/\/web.facebook.com\/lequotidienmr\" \/>\n<meta property=\"article:published_time\" content=\"2025-12-23T20:59:53+00:00\" \/>\n<meta property=\"og:image\" content=\"https:\/\/lequotidien.mr\/wp-content\/uploads\/2025\/12\/photo-formation-Ouadane.jpg\" \/>\n\t<meta property=\"og:image:width\" content=\"750\" \/>\n\t<meta property=\"og:image:height\" content=\"430\" \/>\n\t<meta property=\"og:image:type\" content=\"image\/jpeg\" \/>\n<meta name=\"author\" content=\"Med Ahmed\" \/>\n<meta name=\"twitter:card\" content=\"summary_large_image\" \/>\n<meta name=\"twitter:creator\" content=\"@lequotidienmr\" \/>\n<meta name=\"twitter:site\" content=\"@lequotidienmr\" \/>\n<meta name=\"twitter:label1\" content=\"\u0643\u064f\u062a\u0628 \u0628\u0648\u0627\u0633\u0637\u0629\" \/>\n\t<meta name=\"twitter:data1\" content=\"Med Ahmed\" \/>\n\t<meta name=\"twitter:label2\" content=\"\u0648\u0642\u062a \u0627\u0644\u0642\u0631\u0627\u0621\u0629 \u0627\u0644\u0645\u064f\u0642\u062f\u0651\u0631\" \/>\n\t<meta name=\"twitter:data2\" content=\"4 \u062f\u0642\u0627\u0626\u0642\" \/>\n<script type=\"application\/ld+json\" class=\"yoast-schema-graph\">{\"@context\":\"https:\\\/\\\/schema.org\",\"@graph\":[{\"@type\":\"Article\",\"@id\":\"https:\\\/\\\/lequotidien.mr\\\/?p=33202&lang=fr#article\",\"isPartOf\":{\"@id\":\"https:\\\/\\\/lequotidien.mr\\\/?p=33202&lang=fr\"},\"author\":{\"name\":\"Med Ahmed\",\"@id\":\"https:\\\/\\\/lequotidien.mr\\\/#\\\/schema\\\/person\\\/d2d350202a4d599685ed8abc25f97596\"},\"headline\":\"Autonomisation \u00e9conomique des jeunes : 120 b\u00e9n\u00e9ficiaires d\u2019une formation professionnelle polyvalente en marge du Festival des Villes du Patrimoine\",\"datePublished\":\"2025-12-23T20:59:53+00:00\",\"mainEntityOfPage\":{\"@id\":\"https:\\\/\\\/lequotidien.mr\\\/?p=33202&lang=fr\"},\"wordCount\":570,\"commentCount\":0,\"publisher\":{\"@id\":\"https:\\\/\\\/lequotidien.mr\\\/#organization\"},\"image\":{\"@id\":\"https:\\\/\\\/lequotidien.mr\\\/?p=33202&lang=fr#primaryimage\"},\"thumbnailUrl\":\"https:\\\/\\\/lequotidien.mr\\\/wp-content\\\/uploads\\\/2025\\\/12\\\/photo-formation-Ouadane.jpg\",\"articleSection\":[\"ACTUALIT\u00c9\",\"Economie\"],\"inLanguage\":\"ar\",\"potentialAction\":[{\"@type\":\"CommentAction\",\"name\":\"Comment\",\"target\":[\"https:\\\/\\\/lequotidien.mr\\\/?p=33202&lang=fr#respond\"]}]},{\"@type\":\"WebPage\",\"@id\":\"https:\\\/\\\/lequotidien.mr\\\/?p=33202&lang=fr\",\"url\":\"https:\\\/\\\/lequotidien.mr\\\/?p=33202&lang=fr\",\"name\":\"Autonomisation \u00e9conomique des jeunes : 120 b\u00e9n\u00e9ficiaires d\u2019une formation professionnelle polyvalente en marge du Festival des Villes du Patrimoine - Le Quotidien de Nouakchott\",\"isPartOf\":{\"@id\":\"https:\\\/\\\/lequotidien.mr\\\/#website\"},\"primaryImageOfPage\":{\"@id\":\"https:\\\/\\\/lequotidien.mr\\\/?p=33202&lang=fr#primaryimage\"},\"image\":{\"@id\":\"https:\\\/\\\/lequotidien.mr\\\/?p=33202&lang=fr#primaryimage\"},\"thumbnailUrl\":\"https:\\\/\\\/lequotidien.mr\\\/wp-content\\\/uploads\\\/2025\\\/12\\\/photo-formation-Ouadane.jpg\",\"datePublished\":\"2025-12-23T20:59:53+00:00\",\"breadcrumb\":{\"@id\":\"https:\\\/\\\/lequotidien.mr\\\/?p=33202&lang=fr#breadcrumb\"},\"inLanguage\":\"ar\",\"potentialAction\":[{\"@type\":\"ReadAction\",\"target\":[\"https:\\\/\\\/lequotidien.mr\\\/?p=33202&lang=fr\"]}]},{\"@type\":\"ImageObject\",\"inLanguage\":\"ar\",\"@id\":\"https:\\\/\\\/lequotidien.mr\\\/?p=33202&lang=fr#primaryimage\",\"url\":\"https:\\\/\\\/lequotidien.mr\\\/wp-content\\\/uploads\\\/2025\\\/12\\\/photo-formation-Ouadane.jpg\",\"contentUrl\":\"https:\\\/\\\/lequotidien.mr\\\/wp-content\\\/uploads\\\/2025\\\/12\\\/photo-formation-Ouadane.jpg\",\"width\":750,\"height\":430},{\"@type\":\"BreadcrumbList\",\"@id\":\"https:\\\/\\\/lequotidien.mr\\\/?p=33202&lang=fr#breadcrumb\",\"itemListElement\":[{\"@type\":\"ListItem\",\"position\":1,\"name\":\"Home\",\"item\":\"https:\\\/\\\/lequotidien.mr\\\/\"},{\"@type\":\"ListItem\",\"position\":2,\"name\":\"Autonomisation \u00e9conomique des jeunes : 120 b\u00e9n\u00e9ficiaires d\u2019une formation professionnelle polyvalente en marge du Festival des Villes du Patrimoine\"}]},{\"@type\":\"WebSite\",\"@id\":\"https:\\\/\\\/lequotidien.mr\\\/#website\",\"url\":\"https:\\\/\\\/lequotidien.mr\\\/\",\"name\":\"Le Quotidien de Nouakchott\",\"description\":\"\u0625\u062e\u0628\u0627\u0631\u064a\u0629 \u0645\u0633\u062a\u0642\u0644\u0629 \u0644\u0644\u0623\u0646\u0628\u0627\u0621 \u0627\u0644\u0639\u0627\u0645\u0629\",\"publisher\":{\"@id\":\"https:\\\/\\\/lequotidien.mr\\\/#organization\"},\"potentialAction\":[{\"@type\":\"SearchAction\",\"target\":{\"@type\":\"EntryPoint\",\"urlTemplate\":\"https:\\\/\\\/lequotidien.mr\\\/?s={search_term_string}\"},\"query-input\":{\"@type\":\"PropertyValueSpecification\",\"valueRequired\":true,\"valueName\":\"search_term_string\"}}],\"inLanguage\":\"ar\"},{\"@type\":\"Organization\",\"@id\":\"https:\\\/\\\/lequotidien.mr\\\/#organization\",\"name\":\"Le Quotidien de Nouakchott\",\"url\":\"https:\\\/\\\/lequotidien.mr\\\/\",\"logo\":{\"@type\":\"ImageObject\",\"inLanguage\":\"ar\",\"@id\":\"https:\\\/\\\/lequotidien.mr\\\/#\\\/schema\\\/logo\\\/image\\\/\",\"url\":\"https:\\\/\\\/lequotidien.mr\\\/wp-content\\\/uploads\\\/2022\\\/11\\\/logolequotidien.jpg\",\"contentUrl\":\"https:\\\/\\\/lequotidien.mr\\\/wp-content\\\/uploads\\\/2022\\\/11\\\/logolequotidien.jpg\",\"width\":290,\"height\":65,\"caption\":\"Le Quotidien de Nouakchott\"},\"image\":{\"@id\":\"https:\\\/\\\/lequotidien.mr\\\/#\\\/schema\\\/logo\\\/image\\\/\"},\"sameAs\":[\"https:\\\/\\\/web.facebook.com\\\/lequotidienmr\",\"https:\\\/\\\/x.com\\\/lequotidienmr\"]},{\"@type\":\"Person\",\"@id\":\"https:\\\/\\\/lequotidien.mr\\\/#\\\/schema\\\/person\\\/d2d350202a4d599685ed8abc25f97596\",\"name\":\"Med Ahmed\",\"image\":{\"@type\":\"ImageObject\",\"inLanguage\":\"ar\",\"@id\":\"https:\\\/\\\/secure.gravatar.com\\\/avatar\\\/fd2acc62ed50732923d1d39c17172c9b04149f142be92310ecc69e1358f94b52?s=96&d=mm&r=g\",\"url\":\"https:\\\/\\\/secure.gravatar.com\\\/avatar\\\/fd2acc62ed50732923d1d39c17172c9b04149f142be92310ecc69e1358f94b52?s=96&d=mm&r=g\",\"contentUrl\":\"https:\\\/\\\/secure.gravatar.com\\\/avatar\\\/fd2acc62ed50732923d1d39c17172c9b04149f142be92310ecc69e1358f94b52?s=96&d=mm&r=g\",\"caption\":\"Med Ahmed\"},\"url\":\"https:\\\/\\\/lequotidien.mr\\\/?author=12\"}]}<\/script>\n<!-- \/ Yoast SEO plugin. -->","yoast_head_json":{"title":"Autonomisation \u00e9conomique des jeunes : 120 b\u00e9n\u00e9ficiaires d\u2019une formation professionnelle polyvalente en marge du Festival des Villes du Patrimoine - Le Quotidien de Nouakchott","robots":{"index":"index","follow":"follow","max-snippet":"max-snippet:-1","max-image-preview":"max-image-preview:large","max-video-preview":"max-video-preview:-1"},"canonical":"https:\/\/lequotidien.mr\/?p=33202&lang=fr","og_locale":"ar_AR","og_type":"article","og_title":"Autonomisation \u00e9conomique des jeunes : 120 b\u00e9n\u00e9ficiaires d\u2019une formation professionnelle polyvalente en marge du Festival des Villes du Patrimoine - Le Quotidien de Nouakchott","og_description":"Dans une dynamique de valorisation du capital humain, cent vingt (120) jeunes de la moughataa de\u00a0Ouadane\u00a0viennent de d\u00e9buter une formation professionnelle d\u2019envergure. Organis\u00e9e par l\u2019\u00c9cole d\u2019Enseignement Technique et de la Formation Professionnelle d\u2019Atar, cette action s\u2019inscrit dans le cadre de la riche programmation du\u00a0Festival des Villes du Patrimoine, d\u00e9montrant le lien intrins\u00e8que entre la sauvegarde.....","og_url":"https:\/\/lequotidien.mr\/?p=33202&lang=fr","og_site_name":"Le Quotidien de Nouakchott","article_publisher":"https:\/\/web.facebook.com\/lequotidienmr","article_published_time":"2025-12-23T20:59:53+00:00","og_image":[{"width":750,"height":430,"url":"https:\/\/lequotidien.mr\/wp-content\/uploads\/2025\/12\/photo-formation-Ouadane.jpg","type":"image\/jpeg"}],"author":"Med Ahmed","twitter_card":"summary_large_image","twitter_creator":"@lequotidienmr","twitter_site":"@lequotidienmr","twitter_misc":{"\u0643\u064f\u062a\u0628 \u0628\u0648\u0627\u0633\u0637\u0629":"Med Ahmed","\u0648\u0642\u062a \u0627\u0644\u0642\u0631\u0627\u0621\u0629 \u0627\u0644\u0645\u064f\u0642\u062f\u0651\u0631":"4 \u062f\u0642\u0627\u0626\u0642"},"schema":{"@context":"https:\/\/schema.org","@graph":[{"@type":"Article","@id":"https:\/\/lequotidien.mr\/?p=33202&lang=fr#article","isPartOf":{"@id":"https:\/\/lequotidien.mr\/?p=33202&lang=fr"},"author":{"name":"Med Ahmed","@id":"https:\/\/lequotidien.mr\/#\/schema\/person\/d2d350202a4d599685ed8abc25f97596"},"headline":"Autonomisation \u00e9conomique des jeunes : 120 b\u00e9n\u00e9ficiaires d\u2019une formation professionnelle polyvalente en marge du Festival des Villes du Patrimoine","datePublished":"2025-12-23T20:59:53+00:00","mainEntityOfPage":{"@id":"https:\/\/lequotidien.mr\/?p=33202&lang=fr"},"wordCount":570,"commentCount":0,"publisher":{"@id":"https:\/\/lequotidien.mr\/#organization"},"image":{"@id":"https:\/\/lequotidien.mr\/?p=33202&lang=fr#primaryimage"},"thumbnailUrl":"https:\/\/lequotidien.mr\/wp-content\/uploads\/2025\/12\/photo-formation-Ouadane.jpg","articleSection":["ACTUALIT\u00c9","Economie"],"inLanguage":"ar","potentialAction":[{"@type":"CommentAction","name":"Comment","target":["https:\/\/lequotidien.mr\/?p=33202&lang=fr#respond"]}]},{"@type":"WebPage","@id":"https:\/\/lequotidien.mr\/?p=33202&lang=fr","url":"https:\/\/lequotidien.mr\/?p=33202&lang=fr","name":"Autonomisation \u00e9conomique des jeunes : 120 b\u00e9n\u00e9ficiaires d\u2019une formation professionnelle polyvalente en marge du Festival des Villes du Patrimoine - Le Quotidien de Nouakchott","isPartOf":{"@id":"https:\/\/lequotidien.mr\/#website"},"primaryImageOfPage":{"@id":"https:\/\/lequotidien.mr\/?p=33202&lang=fr#primaryimage"},"image":{"@id":"https:\/\/lequotidien.mr\/?p=33202&lang=fr#primaryimage"},"thumbnailUrl":"https:\/\/lequotidien.mr\/wp-content\/uploads\/2025\/12\/photo-formation-Ouadane.jpg","datePublished":"2025-12-23T20:59:53+00:00","breadcrumb":{"@id":"https:\/\/lequotidien.mr\/?p=33202&lang=fr#breadcrumb"},"inLanguage":"ar","potentialAction":[{"@type":"ReadAction","target":["https:\/\/lequotidien.mr\/?p=33202&lang=fr"]}]},{"@type":"ImageObject","inLanguage":"ar","@id":"https:\/\/lequotidien.mr\/?p=33202&lang=fr#primaryimage","url":"https:\/\/lequotidien.mr\/wp-content\/uploads\/2025\/12\/photo-formation-Ouadane.jpg","contentUrl":"https:\/\/lequotidien.mr\/wp-content\/uploads\/2025\/12\/photo-formation-Ouadane.jpg","width":750,"height":430},{"@type":"BreadcrumbList","@id":"https:\/\/lequotidien.mr\/?p=33202&lang=fr#breadcrumb","itemListElement":[{"@type":"ListItem","position":1,"name":"Home","item":"https:\/\/lequotidien.mr\/"},{"@type":"ListItem","position":2,"name":"Autonomisation \u00e9conomique des jeunes : 120 b\u00e9n\u00e9ficiaires d\u2019une formation professionnelle polyvalente en marge du Festival des Villes du Patrimoine"}]},{"@type":"WebSite","@id":"https:\/\/lequotidien.mr\/#website","url":"https:\/\/lequotidien.mr\/","name":"Le Quotidien de Nouakchott","description":"\u0625\u062e\u0628\u0627\u0631\u064a\u0629 \u0645\u0633\u062a\u0642\u0644\u0629 \u0644\u0644\u0623\u0646\u0628\u0627\u0621 \u0627\u0644\u0639\u0627\u0645\u0629","publisher":{"@id":"https:\/\/lequotidien.mr\/#organization"},"potentialAction":[{"@type":"SearchAction","target":{"@type":"EntryPoint","urlTemplate":"https:\/\/lequotidien.mr\/?s={search_term_string}"},"query-input":{"@type":"PropertyValueSpecification","valueRequired":true,"valueName":"search_term_string"}}],"inLanguage":"ar"},{"@type":"Organization","@id":"https:\/\/lequotidien.mr\/#organization","name":"Le Quotidien de Nouakchott","url":"https:\/\/lequotidien.mr\/","logo":{"@type":"ImageObject","inLanguage":"ar","@id":"https:\/\/lequotidien.mr\/#\/schema\/logo\/image\/","url":"https:\/\/lequotidien.mr\/wp-content\/uploads\/2022\/11\/logolequotidien.jpg","contentUrl":"https:\/\/lequotidien.mr\/wp-content\/uploads\/2022\/11\/logolequotidien.jpg","width":290,"height":65,"caption":"Le Quotidien de Nouakchott"},"image":{"@id":"https:\/\/lequotidien.mr\/#\/schema\/logo\/image\/"},"sameAs":["https:\/\/web.facebook.com\/lequotidienmr","https:\/\/x.com\/lequotidienmr"]},{"@type":"Person","@id":"https:\/\/lequotidien.mr\/#\/schema\/person\/d2d350202a4d599685ed8abc25f97596","name":"Med Ahmed","image":{"@type":"ImageObject","inLanguage":"ar","@id":"https:\/\/secure.gravatar.com\/avatar\/fd2acc62ed50732923d1d39c17172c9b04149f142be92310ecc69e1358f94b52?s=96&d=mm&r=g","url":"https:\/\/secure.gravatar.com\/avatar\/fd2acc62ed50732923d1d39c17172c9b04149f142be92310ecc69e1358f94b52?s=96&d=mm&r=g","contentUrl":"https:\/\/secure.gravatar.com\/avatar\/fd2acc62ed50732923d1d39c17172c9b04149f142be92310ecc69e1358f94b52?s=96&d=mm&r=g","caption":"Med Ahmed"},"url":"https:\/\/lequotidien.mr\/?author=12"}]}},"_links":{"self":[{"href":"https:\/\/lequotidien.mr\/index.php?rest_route=\/wp\/v2\/posts\/33202","targetHints":{"allow":["GET"]}}],"collection":[{"href":"https:\/\/lequotidien.mr\/index.php?rest_route=\/wp\/v2\/posts"}],"about":[{"href":"https:\/\/lequotidien.mr\/index.php?rest_route=\/wp\/v2\/types\/post"}],"author":[{"embeddable":true,"href":"https:\/\/lequotidien.mr\/index.php?rest_route=\/wp\/v2\/users\/12"}],"replies":[{"embeddable":true,"href":"https:\/\/lequotidien.mr\/index.php?rest_route=%2Fwp%2Fv2%2Fcomments&post=33202"}],"version-history":[{"count":1,"href":"https:\/\/lequotidien.mr\/index.php?rest_route=\/wp\/v2\/posts\/33202\/revisions"}],"predecessor-version":[{"id":33204,"href":"https:\/\/lequotidien.mr\/index.php?rest_route=\/wp\/v2\/posts\/33202\/revisions\/33204"}],"wp:featuredmedia":[{"embeddable":true,"href":"https:\/\/lequotidien.mr\/index.php?rest_route=\/wp\/v2\/media\/33203"}],"wp:attachment":[{"href":"https:\/\/lequotidien.mr\/index.php?rest_route=%2Fwp%2Fv2%2Fmedia&parent=33202"}],"wp:term":[{"taxonomy":"category","embeddable":true,"href":"https:\/\/lequotidien.mr\/index.php?rest_route=%2Fwp%2Fv2%2Fcategories&post=33202"},{"taxonomy":"post_tag","embeddable":true,"href":"https:\/\/lequotidien.mr\/index.php?rest_route=%2Fwp%2Fv2%2Ftags&post=33202"}],"curies":[{"name":"wp","href":"https:\/\/api.w.org\/{rel}","templated":true}]}}