{"id":33196,"date":"2025-12-23T18:45:40","date_gmt":"2025-12-23T18:45:40","guid":{"rendered":"https:\/\/lequotidien.mr\/?p=33196"},"modified":"2025-12-23T18:45:40","modified_gmt":"2025-12-23T18:45:40","slug":"saison-touristique-2025-2026-103-touristes-inaugurent-la-saison-avec-le-premier-vol-direct-paris-atar","status":"publish","type":"post","link":"https:\/\/lequotidien.mr\/?p=33196&lang=fr","title":{"rendered":"Saison touristique 2025-2026 : 103 touristes inaugurent la saison avec le premier vol direct Paris-Atar"},"content":{"rendered":"<p>L\u2019a\u00e9roport international d\u2019Atar a vibr\u00e9 d\u2019une effervescence particuli\u00e8re ce [Date], marquant un jour historique pour le secteur touristique mauritanien. L\u2019arriv\u00e9e du premier vol direct en provenance de Paris, transportant 103 touristes, a officiellement lanc\u00e9 la saison touristique 2025-2026, symbolisant une relance ambitieuse et structur\u00e9e.<\/p>\n<p>L\u2019\u00e9v\u00e9nement a rev\u00eatu un caract\u00e8re solennel avec la pr\u00e9sence d\u2019un parterre d\u2019autorit\u00e9s venues accueillir les premiers visiteurs. Le groupe a \u00e9t\u00e9 re\u00e7u par le <strong>secr\u00e9taire g\u00e9n\u00e9ral du minist\u00e8re du Commerce et du Tourisme,<\/strong>\u00a0<strong>M. Amadou El Hadj Gu\u00e8ye<\/strong>, accompagn\u00e9 du <strong>wali mou\u00e7aid de l\u2019Adrar<\/strong>,\u00a0<strong>M. Sidi Mohamed Ould Soueilem<\/strong>, du <strong>hakem<\/strong> de la moughataa d\u2019Atar, et de la <strong>maire adjointe de la municipalit\u00e9 d\u2019Atar<\/strong>,\u00a0<strong>Mme Malika Ababa<\/strong>. La <strong>directrice g\u00e9n\u00e9rale de l\u2019Office National du Tourisme (ONT)<\/strong>,\u00a0<strong>Mme Hawa Diallo<\/strong>, \u00e9tait \u00e9galement pr\u00e9sente, soulignant l\u2019importance strat\u00e9gique de ce vol inaugural.<\/p>\n<p><strong>Le tourisme, priorit\u00e9 \u00a0pour le d\u00e9veloppement local<\/strong><\/p>\n<p>Dans son allocution, le secr\u00e9taire g\u00e9n\u00e9ral, M. Amadou El Hadj Gu\u00e8ye, a situ\u00e9 cet \u00e9v\u00e9nement dans le cadre politique national. Il a pr\u00e9cis\u00e9 que l\u2019ouverture de cette saison s\u2019inscrivait dans la mise en \u0153uvre des directives du <strong>Pr\u00e9sident de la R\u00e9publique<\/strong>,<strong> M. Mohamed Cheikh El Ghazouani<\/strong>, visant \u00e0 renforcer le r\u00f4le du tourisme comme pilier du d\u00e9veloppement local. Cette vision place le secteur au c\u0153ur de la strat\u00e9gie \u00e9conomique et sociale du pays.<\/p>\n<p><strong>L&#8217;Adrar, \u00e9picentre d&#8217;un impact \u00e9conomique national<\/strong><\/p>\n<p>Le <strong>wali mou\u00e7aid de l\u2019Adrar, M. Sidi Mohamed Ould Soueilem<\/strong>, a pour sa part mis l\u2019accent sur l\u2019impact \u00e9conomique concret du tourisme. Il a soulign\u00e9 son importance au niveau national, et particuli\u00e8rement pour la wilaya de l\u2019Adrar, r\u00e9gion aux paysages \u00e9poustouflants et au patrimoine culturel riche. Il a lanc\u00e9 un appel aux acteurs du secteur pour redoubler d\u2019efforts dans la promotion et l\u2019accueil, afin de maximiser les retomb\u00e9es pour les populations locales.<\/p>\n<p><strong>Strat\u00e9gies de promotion et facilitation : les cl\u00e9s de la relance<\/strong><\/p>\n<p>Intervenant \u00e0 cette occasion, la directrice g\u00e9n\u00e9rale de l\u2019ONT, Mme Hawa Diallo, a qualifi\u00e9 l\u2019accueil de ce premier vol d\u2019\u00ab \u00e9tape importante dans la relance du tourisme \u00bb. Elle a d\u00e9taill\u00e9 les efforts d\u00e9ploy\u00e9s par son institution pour mieux faire conna\u00eetre les atouts touristiques de la Mauritanie sur la sc\u00e8ne internationale. Elle a \u00e9galement mis en avant la politique de gratuit\u00e9 des visas, un levier essentiel pour faciliter l\u2019attraction et l\u2019accueil des touristes, rendant le pays plus accessible et comp\u00e9titif.<\/p>\n<p><strong>Engagement des collectivit\u00e9s locales pour un tourisme int\u00e9gr\u00e9<\/strong><\/p>\n<p>Repr\u00e9sentant la commune h\u00f4te, la maire adjointe d\u2019Atar, Mme Malika Ababa, a salu\u00e9 avec enthousiasme l\u2019ouverture de cette saison touristique prometteuse. Elle a affirm\u00e9 la volont\u00e9 ferme de la municipalit\u00e9 de travailler en synergie avec toutes les autorit\u00e9s locales pour \u00ab faire du tourisme un levier essentiel du d\u00e9veloppement local \u00bb. Cet engagement au niveau communal est crucial pour garantir que les retomb\u00e9es du tourisme profitent directement aux territoires et am\u00e9liorent le cadre de vie des habitants.<\/p>\n<p>L\u2019arriv\u00e9e de ces 103 touristes par un vol direct depuis Paris est bien plus qu\u2019un simple \u00e9v\u00e9nement op\u00e9rationnel. C\u2019est un signal fort adress\u00e9 au march\u00e9 touristique international, d\u00e9montrant la volont\u00e9 de la Mauritanie de se positionner comme une destination de choix. La mobilisation conjointe du gouvernement, des institutions nationales, des autorit\u00e9s r\u00e9gionales et locales autour de cet accueil illustre une approche coordonn\u00e9e pour b\u00e2tir un tourisme durable, g\u00e9n\u00e9rateur de croissance et fier ambassadeur des tr\u00e9sors culturels et naturels du pays. La saison 2025-2026 s\u2019ouvre ainsi sous les meilleurs auspices.<\/p>\n","protected":false},"excerpt":{"rendered":"<p>L\u2019a\u00e9roport international d\u2019Atar a vibr\u00e9 d\u2019une effervescence particuli\u00e8re ce [Date], marquant un jour historique pour le secteur touristique mauritanien. L\u2019arriv\u00e9e du premier vol direct en provenance de Paris, transportant 103 touristes, a officiellement lanc\u00e9 la saison touristique 2025-2026, symbolisant une relance ambitieuse et structur\u00e9e. L\u2019\u00e9v\u00e9nement a rev\u00eatu un caract\u00e8re solennel avec la pr\u00e9sence d\u2019un parterre&#8230;..<\/p>\n","protected":false},"author":12,"featured_media":33197,"comment_status":"open","ping_status":"open","sticky":false,"template":"","format":"standard","meta":{"footnotes":""},"categories":[23,49],"tags":[],"class_list":["post-33196","post","type-post","status-publish","format-standard","has-post-thumbnail","hentry","category-actualite","category-economie"],"yoast_head":"<!-- This site is optimized with the Yoast SEO plugin v27.5 - https:\/\/yoast.com\/product\/yoast-seo-wordpress\/ -->\n<title>Saison touristique 2025-2026 : 103 touristes inaugurent la saison avec le premier vol direct Paris-Atar - Le Quotidien de Nouakchott<\/title>\n<meta name=\"robots\" content=\"index, follow, max-snippet:-1, max-image-preview:large, max-video-preview:-1\" \/>\n<link rel=\"canonical\" href=\"https:\/\/lequotidien.mr\/?p=33196&lang=fr\" \/>\n<meta property=\"og:locale\" content=\"ar_AR\" \/>\n<meta property=\"og:type\" content=\"article\" \/>\n<meta property=\"og:title\" content=\"Saison touristique 2025-2026 : 103 touristes inaugurent la saison avec le premier vol direct Paris-Atar - Le Quotidien de Nouakchott\" \/>\n<meta property=\"og:description\" content=\"L\u2019a\u00e9roport international d\u2019Atar a vibr\u00e9 d\u2019une effervescence particuli\u00e8re ce [Date], marquant un jour historique pour le secteur touristique mauritanien. L\u2019arriv\u00e9e du premier vol direct en provenance de Paris, transportant 103 touristes, a officiellement lanc\u00e9 la saison touristique 2025-2026, symbolisant une relance ambitieuse et structur\u00e9e. L\u2019\u00e9v\u00e9nement a rev\u00eatu un caract\u00e8re solennel avec la pr\u00e9sence d\u2019un parterre.....\" \/>\n<meta property=\"og:url\" content=\"https:\/\/lequotidien.mr\/?p=33196&amp;lang=fr\" \/>\n<meta property=\"og:site_name\" content=\"Le Quotidien de Nouakchott\" \/>\n<meta property=\"article:publisher\" content=\"https:\/\/web.facebook.com\/lequotidienmr\" \/>\n<meta property=\"article:published_time\" content=\"2025-12-23T18:45:40+00:00\" \/>\n<meta property=\"og:image\" content=\"https:\/\/lequotidien.mr\/wp-content\/uploads\/2025\/12\/photo-saison-tourisme.jpg\" \/>\n\t<meta property=\"og:image:width\" content=\"750\" \/>\n\t<meta property=\"og:image:height\" content=\"430\" \/>\n\t<meta property=\"og:image:type\" content=\"image\/jpeg\" \/>\n<meta name=\"author\" content=\"Med Ahmed\" \/>\n<meta name=\"twitter:card\" content=\"summary_large_image\" \/>\n<meta name=\"twitter:creator\" content=\"@lequotidienmr\" \/>\n<meta name=\"twitter:site\" content=\"@lequotidienmr\" \/>\n<meta name=\"twitter:label1\" content=\"\u0643\u064f\u062a\u0628 \u0628\u0648\u0627\u0633\u0637\u0629\" \/>\n\t<meta name=\"twitter:data1\" content=\"Med Ahmed\" \/>\n\t<meta name=\"twitter:label2\" content=\"\u0648\u0642\u062a \u0627\u0644\u0642\u0631\u0627\u0621\u0629 \u0627\u0644\u0645\u064f\u0642\u062f\u0651\u0631\" \/>\n\t<meta name=\"twitter:data2\" content=\"5 \u062f\u0642\u0627\u0626\u0642\" \/>\n<script type=\"application\/ld+json\" class=\"yoast-schema-graph\">{\"@context\":\"https:\\\/\\\/schema.org\",\"@graph\":[{\"@type\":\"Article\",\"@id\":\"https:\\\/\\\/lequotidien.mr\\\/?p=33196&lang=fr#article\",\"isPartOf\":{\"@id\":\"https:\\\/\\\/lequotidien.mr\\\/?p=33196&lang=fr\"},\"author\":{\"name\":\"Med Ahmed\",\"@id\":\"https:\\\/\\\/lequotidien.mr\\\/#\\\/schema\\\/person\\\/d2d350202a4d599685ed8abc25f97596\"},\"headline\":\"Saison touristique 2025-2026 : 103 touristes inaugurent la saison avec le premier vol direct Paris-Atar\",\"datePublished\":\"2025-12-23T18:45:40+00:00\",\"mainEntityOfPage\":{\"@id\":\"https:\\\/\\\/lequotidien.mr\\\/?p=33196&lang=fr\"},\"wordCount\":659,\"commentCount\":0,\"publisher\":{\"@id\":\"https:\\\/\\\/lequotidien.mr\\\/#organization\"},\"image\":{\"@id\":\"https:\\\/\\\/lequotidien.mr\\\/?p=33196&lang=fr#primaryimage\"},\"thumbnailUrl\":\"https:\\\/\\\/lequotidien.mr\\\/wp-content\\\/uploads\\\/2025\\\/12\\\/photo-saison-tourisme.jpg\",\"articleSection\":[\"ACTUALIT\u00c9\",\"Economie\"],\"inLanguage\":\"ar\",\"potentialAction\":[{\"@type\":\"CommentAction\",\"name\":\"Comment\",\"target\":[\"https:\\\/\\\/lequotidien.mr\\\/?p=33196&lang=fr#respond\"]}]},{\"@type\":\"WebPage\",\"@id\":\"https:\\\/\\\/lequotidien.mr\\\/?p=33196&lang=fr\",\"url\":\"https:\\\/\\\/lequotidien.mr\\\/?p=33196&lang=fr\",\"name\":\"Saison touristique 2025-2026 : 103 touristes inaugurent la saison avec le premier vol direct Paris-Atar - Le Quotidien de Nouakchott\",\"isPartOf\":{\"@id\":\"https:\\\/\\\/lequotidien.mr\\\/#website\"},\"primaryImageOfPage\":{\"@id\":\"https:\\\/\\\/lequotidien.mr\\\/?p=33196&lang=fr#primaryimage\"},\"image\":{\"@id\":\"https:\\\/\\\/lequotidien.mr\\\/?p=33196&lang=fr#primaryimage\"},\"thumbnailUrl\":\"https:\\\/\\\/lequotidien.mr\\\/wp-content\\\/uploads\\\/2025\\\/12\\\/photo-saison-tourisme.jpg\",\"datePublished\":\"2025-12-23T18:45:40+00:00\",\"breadcrumb\":{\"@id\":\"https:\\\/\\\/lequotidien.mr\\\/?p=33196&lang=fr#breadcrumb\"},\"inLanguage\":\"ar\",\"potentialAction\":[{\"@type\":\"ReadAction\",\"target\":[\"https:\\\/\\\/lequotidien.mr\\\/?p=33196&lang=fr\"]}]},{\"@type\":\"ImageObject\",\"inLanguage\":\"ar\",\"@id\":\"https:\\\/\\\/lequotidien.mr\\\/?p=33196&lang=fr#primaryimage\",\"url\":\"https:\\\/\\\/lequotidien.mr\\\/wp-content\\\/uploads\\\/2025\\\/12\\\/photo-saison-tourisme.jpg\",\"contentUrl\":\"https:\\\/\\\/lequotidien.mr\\\/wp-content\\\/uploads\\\/2025\\\/12\\\/photo-saison-tourisme.jpg\",\"width\":750,\"height\":430},{\"@type\":\"BreadcrumbList\",\"@id\":\"https:\\\/\\\/lequotidien.mr\\\/?p=33196&lang=fr#breadcrumb\",\"itemListElement\":[{\"@type\":\"ListItem\",\"position\":1,\"name\":\"Home\",\"item\":\"https:\\\/\\\/lequotidien.mr\\\/\"},{\"@type\":\"ListItem\",\"position\":2,\"name\":\"Saison touristique 2025-2026 : 103 touristes inaugurent la saison avec le premier vol direct Paris-Atar\"}]},{\"@type\":\"WebSite\",\"@id\":\"https:\\\/\\\/lequotidien.mr\\\/#website\",\"url\":\"https:\\\/\\\/lequotidien.mr\\\/\",\"name\":\"Le Quotidien de Nouakchott\",\"description\":\"\u0625\u062e\u0628\u0627\u0631\u064a\u0629 \u0645\u0633\u062a\u0642\u0644\u0629 \u0644\u0644\u0623\u0646\u0628\u0627\u0621 \u0627\u0644\u0639\u0627\u0645\u0629\",\"publisher\":{\"@id\":\"https:\\\/\\\/lequotidien.mr\\\/#organization\"},\"potentialAction\":[{\"@type\":\"SearchAction\",\"target\":{\"@type\":\"EntryPoint\",\"urlTemplate\":\"https:\\\/\\\/lequotidien.mr\\\/?s={search_term_string}\"},\"query-input\":{\"@type\":\"PropertyValueSpecification\",\"valueRequired\":true,\"valueName\":\"search_term_string\"}}],\"inLanguage\":\"ar\"},{\"@type\":\"Organization\",\"@id\":\"https:\\\/\\\/lequotidien.mr\\\/#organization\",\"name\":\"Le Quotidien de Nouakchott\",\"url\":\"https:\\\/\\\/lequotidien.mr\\\/\",\"logo\":{\"@type\":\"ImageObject\",\"inLanguage\":\"ar\",\"@id\":\"https:\\\/\\\/lequotidien.mr\\\/#\\\/schema\\\/logo\\\/image\\\/\",\"url\":\"https:\\\/\\\/lequotidien.mr\\\/wp-content\\\/uploads\\\/2022\\\/11\\\/logolequotidien.jpg\",\"contentUrl\":\"https:\\\/\\\/lequotidien.mr\\\/wp-content\\\/uploads\\\/2022\\\/11\\\/logolequotidien.jpg\",\"width\":290,\"height\":65,\"caption\":\"Le Quotidien de Nouakchott\"},\"image\":{\"@id\":\"https:\\\/\\\/lequotidien.mr\\\/#\\\/schema\\\/logo\\\/image\\\/\"},\"sameAs\":[\"https:\\\/\\\/web.facebook.com\\\/lequotidienmr\",\"https:\\\/\\\/x.com\\\/lequotidienmr\"]},{\"@type\":\"Person\",\"@id\":\"https:\\\/\\\/lequotidien.mr\\\/#\\\/schema\\\/person\\\/d2d350202a4d599685ed8abc25f97596\",\"name\":\"Med Ahmed\",\"image\":{\"@type\":\"ImageObject\",\"inLanguage\":\"ar\",\"@id\":\"https:\\\/\\\/secure.gravatar.com\\\/avatar\\\/fd2acc62ed50732923d1d39c17172c9b04149f142be92310ecc69e1358f94b52?s=96&d=mm&r=g\",\"url\":\"https:\\\/\\\/secure.gravatar.com\\\/avatar\\\/fd2acc62ed50732923d1d39c17172c9b04149f142be92310ecc69e1358f94b52?s=96&d=mm&r=g\",\"contentUrl\":\"https:\\\/\\\/secure.gravatar.com\\\/avatar\\\/fd2acc62ed50732923d1d39c17172c9b04149f142be92310ecc69e1358f94b52?s=96&d=mm&r=g\",\"caption\":\"Med Ahmed\"},\"url\":\"https:\\\/\\\/lequotidien.mr\\\/?author=12\"}]}<\/script>\n<!-- \/ Yoast SEO plugin. -->","yoast_head_json":{"title":"Saison touristique 2025-2026 : 103 touristes inaugurent la saison avec le premier vol direct Paris-Atar - Le Quotidien de Nouakchott","robots":{"index":"index","follow":"follow","max-snippet":"max-snippet:-1","max-image-preview":"max-image-preview:large","max-video-preview":"max-video-preview:-1"},"canonical":"https:\/\/lequotidien.mr\/?p=33196&lang=fr","og_locale":"ar_AR","og_type":"article","og_title":"Saison touristique 2025-2026 : 103 touristes inaugurent la saison avec le premier vol direct Paris-Atar - Le Quotidien de Nouakchott","og_description":"L\u2019a\u00e9roport international d\u2019Atar a vibr\u00e9 d\u2019une effervescence particuli\u00e8re ce [Date], marquant un jour historique pour le secteur touristique mauritanien. L\u2019arriv\u00e9e du premier vol direct en provenance de Paris, transportant 103 touristes, a officiellement lanc\u00e9 la saison touristique 2025-2026, symbolisant une relance ambitieuse et structur\u00e9e. L\u2019\u00e9v\u00e9nement a rev\u00eatu un caract\u00e8re solennel avec la pr\u00e9sence d\u2019un parterre.....","og_url":"https:\/\/lequotidien.mr\/?p=33196&lang=fr","og_site_name":"Le Quotidien de Nouakchott","article_publisher":"https:\/\/web.facebook.com\/lequotidienmr","article_published_time":"2025-12-23T18:45:40+00:00","og_image":[{"width":750,"height":430,"url":"https:\/\/lequotidien.mr\/wp-content\/uploads\/2025\/12\/photo-saison-tourisme.jpg","type":"image\/jpeg"}],"author":"Med Ahmed","twitter_card":"summary_large_image","twitter_creator":"@lequotidienmr","twitter_site":"@lequotidienmr","twitter_misc":{"\u0643\u064f\u062a\u0628 \u0628\u0648\u0627\u0633\u0637\u0629":"Med Ahmed","\u0648\u0642\u062a \u0627\u0644\u0642\u0631\u0627\u0621\u0629 \u0627\u0644\u0645\u064f\u0642\u062f\u0651\u0631":"5 \u062f\u0642\u0627\u0626\u0642"},"schema":{"@context":"https:\/\/schema.org","@graph":[{"@type":"Article","@id":"https:\/\/lequotidien.mr\/?p=33196&lang=fr#article","isPartOf":{"@id":"https:\/\/lequotidien.mr\/?p=33196&lang=fr"},"author":{"name":"Med Ahmed","@id":"https:\/\/lequotidien.mr\/#\/schema\/person\/d2d350202a4d599685ed8abc25f97596"},"headline":"Saison touristique 2025-2026 : 103 touristes inaugurent la saison avec le premier vol direct Paris-Atar","datePublished":"2025-12-23T18:45:40+00:00","mainEntityOfPage":{"@id":"https:\/\/lequotidien.mr\/?p=33196&lang=fr"},"wordCount":659,"commentCount":0,"publisher":{"@id":"https:\/\/lequotidien.mr\/#organization"},"image":{"@id":"https:\/\/lequotidien.mr\/?p=33196&lang=fr#primaryimage"},"thumbnailUrl":"https:\/\/lequotidien.mr\/wp-content\/uploads\/2025\/12\/photo-saison-tourisme.jpg","articleSection":["ACTUALIT\u00c9","Economie"],"inLanguage":"ar","potentialAction":[{"@type":"CommentAction","name":"Comment","target":["https:\/\/lequotidien.mr\/?p=33196&lang=fr#respond"]}]},{"@type":"WebPage","@id":"https:\/\/lequotidien.mr\/?p=33196&lang=fr","url":"https:\/\/lequotidien.mr\/?p=33196&lang=fr","name":"Saison touristique 2025-2026 : 103 touristes inaugurent la saison avec le premier vol direct Paris-Atar - Le Quotidien de Nouakchott","isPartOf":{"@id":"https:\/\/lequotidien.mr\/#website"},"primaryImageOfPage":{"@id":"https:\/\/lequotidien.mr\/?p=33196&lang=fr#primaryimage"},"image":{"@id":"https:\/\/lequotidien.mr\/?p=33196&lang=fr#primaryimage"},"thumbnailUrl":"https:\/\/lequotidien.mr\/wp-content\/uploads\/2025\/12\/photo-saison-tourisme.jpg","datePublished":"2025-12-23T18:45:40+00:00","breadcrumb":{"@id":"https:\/\/lequotidien.mr\/?p=33196&lang=fr#breadcrumb"},"inLanguage":"ar","potentialAction":[{"@type":"ReadAction","target":["https:\/\/lequotidien.mr\/?p=33196&lang=fr"]}]},{"@type":"ImageObject","inLanguage":"ar","@id":"https:\/\/lequotidien.mr\/?p=33196&lang=fr#primaryimage","url":"https:\/\/lequotidien.mr\/wp-content\/uploads\/2025\/12\/photo-saison-tourisme.jpg","contentUrl":"https:\/\/lequotidien.mr\/wp-content\/uploads\/2025\/12\/photo-saison-tourisme.jpg","width":750,"height":430},{"@type":"BreadcrumbList","@id":"https:\/\/lequotidien.mr\/?p=33196&lang=fr#breadcrumb","itemListElement":[{"@type":"ListItem","position":1,"name":"Home","item":"https:\/\/lequotidien.mr\/"},{"@type":"ListItem","position":2,"name":"Saison touristique 2025-2026 : 103 touristes inaugurent la saison avec le premier vol direct Paris-Atar"}]},{"@type":"WebSite","@id":"https:\/\/lequotidien.mr\/#website","url":"https:\/\/lequotidien.mr\/","name":"Le Quotidien de Nouakchott","description":"\u0625\u062e\u0628\u0627\u0631\u064a\u0629 \u0645\u0633\u062a\u0642\u0644\u0629 \u0644\u0644\u0623\u0646\u0628\u0627\u0621 \u0627\u0644\u0639\u0627\u0645\u0629","publisher":{"@id":"https:\/\/lequotidien.mr\/#organization"},"potentialAction":[{"@type":"SearchAction","target":{"@type":"EntryPoint","urlTemplate":"https:\/\/lequotidien.mr\/?s={search_term_string}"},"query-input":{"@type":"PropertyValueSpecification","valueRequired":true,"valueName":"search_term_string"}}],"inLanguage":"ar"},{"@type":"Organization","@id":"https:\/\/lequotidien.mr\/#organization","name":"Le Quotidien de Nouakchott","url":"https:\/\/lequotidien.mr\/","logo":{"@type":"ImageObject","inLanguage":"ar","@id":"https:\/\/lequotidien.mr\/#\/schema\/logo\/image\/","url":"https:\/\/lequotidien.mr\/wp-content\/uploads\/2022\/11\/logolequotidien.jpg","contentUrl":"https:\/\/lequotidien.mr\/wp-content\/uploads\/2022\/11\/logolequotidien.jpg","width":290,"height":65,"caption":"Le Quotidien de Nouakchott"},"image":{"@id":"https:\/\/lequotidien.mr\/#\/schema\/logo\/image\/"},"sameAs":["https:\/\/web.facebook.com\/lequotidienmr","https:\/\/x.com\/lequotidienmr"]},{"@type":"Person","@id":"https:\/\/lequotidien.mr\/#\/schema\/person\/d2d350202a4d599685ed8abc25f97596","name":"Med Ahmed","image":{"@type":"ImageObject","inLanguage":"ar","@id":"https:\/\/secure.gravatar.com\/avatar\/fd2acc62ed50732923d1d39c17172c9b04149f142be92310ecc69e1358f94b52?s=96&d=mm&r=g","url":"https:\/\/secure.gravatar.com\/avatar\/fd2acc62ed50732923d1d39c17172c9b04149f142be92310ecc69e1358f94b52?s=96&d=mm&r=g","contentUrl":"https:\/\/secure.gravatar.com\/avatar\/fd2acc62ed50732923d1d39c17172c9b04149f142be92310ecc69e1358f94b52?s=96&d=mm&r=g","caption":"Med Ahmed"},"url":"https:\/\/lequotidien.mr\/?author=12"}]}},"_links":{"self":[{"href":"https:\/\/lequotidien.mr\/index.php?rest_route=\/wp\/v2\/posts\/33196","targetHints":{"allow":["GET"]}}],"collection":[{"href":"https:\/\/lequotidien.mr\/index.php?rest_route=\/wp\/v2\/posts"}],"about":[{"href":"https:\/\/lequotidien.mr\/index.php?rest_route=\/wp\/v2\/types\/post"}],"author":[{"embeddable":true,"href":"https:\/\/lequotidien.mr\/index.php?rest_route=\/wp\/v2\/users\/12"}],"replies":[{"embeddable":true,"href":"https:\/\/lequotidien.mr\/index.php?rest_route=%2Fwp%2Fv2%2Fcomments&post=33196"}],"version-history":[{"count":1,"href":"https:\/\/lequotidien.mr\/index.php?rest_route=\/wp\/v2\/posts\/33196\/revisions"}],"predecessor-version":[{"id":33198,"href":"https:\/\/lequotidien.mr\/index.php?rest_route=\/wp\/v2\/posts\/33196\/revisions\/33198"}],"wp:featuredmedia":[{"embeddable":true,"href":"https:\/\/lequotidien.mr\/index.php?rest_route=\/wp\/v2\/media\/33197"}],"wp:attachment":[{"href":"https:\/\/lequotidien.mr\/index.php?rest_route=%2Fwp%2Fv2%2Fmedia&parent=33196"}],"wp:term":[{"taxonomy":"category","embeddable":true,"href":"https:\/\/lequotidien.mr\/index.php?rest_route=%2Fwp%2Fv2%2Fcategories&post=33196"},{"taxonomy":"post_tag","embeddable":true,"href":"https:\/\/lequotidien.mr\/index.php?rest_route=%2Fwp%2Fv2%2Ftags&post=33196"}],"curies":[{"name":"wp","href":"https:\/\/api.w.org\/{rel}","templated":true}]}}