{"id":33143,"date":"2025-12-21T14:20:22","date_gmt":"2025-12-21T14:20:22","guid":{"rendered":"https:\/\/lequotidien.mr\/?p=33143"},"modified":"2025-12-21T14:20:22","modified_gmt":"2025-12-21T14:20:22","slug":"le-president-el-ghazouani-inaugure-en-grande-pompe-la-14eme-edition-du-festival-des-cites-du-patrimoine-a-ouadane","status":"publish","type":"post","link":"https:\/\/lequotidien.mr\/?p=33143&lang=fr","title":{"rendered":"Le Pr\u00e9sident El Ghazouani inaugure en grande pompe la 14\u00e8me \u00e9dition du Festival des Cit\u00e9s du Patrimoine \u00e0 Ouadane"},"content":{"rendered":"<p>Le <strong>Pr\u00e9sident de la R\u00e9publique, Monsieur Mohamed Cheikh El Ghazouani<\/strong>, a pr\u00e9sid\u00e9, \u00e0 Ouadane, le lancement solennel de la premi\u00e8re soir\u00e9e culturelle et artistique de la <strong>quatorzi\u00e8me \u00e9dition du Festival des Cit\u00e9s du Patrimoine<\/strong>. Cet \u00e9v\u00e9nement majeur, plac\u00e9 sous le signe de la valorisation du patrimoine national, a mobilis\u00e9 les plus hautes autorit\u00e9s de l\u2019\u00c9tat et mis \u00e0 l\u2019honneur la richesse des expressions artistiques mauritaniennes.<\/p>\n<p><strong>Une c\u00e9l\u00e9bration des racines culturelles\u00a0\u00a0\u00a0\u00a0\u00a0\u00a0\u00a0\u00a0\u00a0\u00a0\u00a0\u00a0\u00a0\u00a0\u00a0\u00a0\u00a0\u00a0\u00a0 <\/strong><\/p>\n<p>La soir\u00e9e d\u2019ouverture a \u00e9t\u00e9 un vibrant hommage aux traditions du pays. Elle a commenc\u00e9 par un d\u00e9fil\u00e9 des troupes participantes, suivi d\u2019une s\u00e9rie de prestations authentiques qui ont captiv\u00e9 l\u2019assistance. Les m\u00e9lodies ancestrales de la\u00a0<em><strong>Tidinit<\/strong><\/em>\u00a0ont r\u00e9sonn\u00e9, entrem\u00eal\u00e9es \u00e0 des lectures de po\u00e9sie et \u00e0 des louanges d\u00e9di\u00e9es au Proph\u00e8te (PSL), le\u00a0<em><strong>Medh<\/strong><\/em>. Un moment fort a \u00e9t\u00e9 l\u2019interpr\u00e9tation de l\u2019hymne officiel du festival, une composition sp\u00e9cialement cr\u00e9\u00e9e pour incarner son message f\u00e9d\u00e9rateur, les valeurs citoyennes et les principes fondamentaux de l\u2019\u00e9cole r\u00e9publicaine.<\/p>\n<p><strong>Unit\u00e9 nationale et patrimoine pr\u00e9serv\u00e9<\/strong><\/p>\n<p>La c\u00e9r\u00e9monie a \u00e9galement \u00e9t\u00e9 marqu\u00e9e par un spectacle artistique unifi\u00e9, mettant en sc\u00e8ne une chor\u00e9graphie symbolisant la diversit\u00e9 culturelle et l\u2019ind\u00e9fectible unit\u00e9 de la nation mauritanienne. La dimension patrimoniale a \u00e9t\u00e9 approfondie par la projection de deux films documentaires. Le premier a d\u00e9taill\u00e9 le projet ambitieux de r\u00e9alisation d\u2019une encyclop\u00e9die de l\u2019artisanat traditionnel, tandis que le second a emmen\u00e9 l\u2019auditoire \u00e0 la d\u00e9couverte des splendeurs naturelles de la R\u00e9serve Naturelle du Banc d\u2019Arguin, class\u00e9e au patrimoine mondial de l\u2019UNESCO.<\/p>\n<p><strong>Les Beaux-Arts \u00e0 l\u2019honneur avec le Prix pr\u00e9sidentiel<\/strong><\/p>\n<p>Le clou de la soir\u00e9e a \u00e9t\u00e9 la remise du prestigieux\u00a0<strong>Prix du Pr\u00e9sident de la R\u00e9publique pour les Beaux-Arts<\/strong>. Le Pr\u00e9sident Ghazouani a personnellement distingu\u00e9 et r\u00e9compens\u00e9 les talents cr\u00e9ateurs de la nation. Les laur\u00e9ats de cette \u00e9dition sont :<\/p>\n<p><strong>-A\u00efcha Dicko<\/strong>, dans le domaine du th\u00e9\u00e2tre pour les femmes cr\u00e9atrices\u00a0;<\/p>\n<p><strong>-Mohamed Taleb<\/strong>, pour le cin\u00e9ma\u00a0;<\/p>\n<p><strong>-Mohamed Ali Bilal<\/strong>, dans le domaine des arts plastiques\u00a0;<\/p>\n<p><strong>-Les artistes Hawa Seck et Jeda Radhi<\/strong>, pour la musique.<\/p>\n<p>Fi\u00e8rement r\u00e9unis sur sc\u00e8ne, les laur\u00e9ats ont partag\u00e9 un moment de photographie officielle avec le Chef de l\u2019\u00c9tat, entour\u00e9s du ministre de la Culture, des Arts, de la Communication et des Relations avec le Parlement, Porte-parole du Gouvernement, et du pr\u00e9sident du jury du Prix.<\/p>\n<p>L\u2019\u00e9v\u00e9nement a rev\u00eatu un caract\u00e8re exceptionnel par la pr\u00e9sence d\u2019un ar\u00e9opage de personnalit\u00e9s officielles, dont le ministre secr\u00e9taire g\u00e9n\u00e9ral de la Pr\u00e9sidence de la R\u00e9publique, le ministre charg\u00e9 du Cabinet du Pr\u00e9sident, la ministre conseill\u00e8re \u00e0 la Pr\u00e9sidence, le wali de l\u2019Adrar, plusieurs membres du gouvernement ainsi que des repr\u00e9sentants du corps diplomatique accr\u00e9dit\u00e9 en Mauritanie. Cette pr\u00e9sence massive souligne l\u2019importance que les plus hautes autorit\u00e9s accordent \u00e0 la culture et au patrimoine comme piliers de l\u2019identit\u00e9 nationale et du d\u00e9veloppement.<\/p>\n<p>Cette soir\u00e9e inaugurale r\u00e9ussie donne le ton pour le reste du festival, promettant une immersion riche et diversifi\u00e9e au c\u0153ur du patrimoine mat\u00e9riel et immat\u00e9riel de la Mauritanie.<\/p>\n","protected":false},"excerpt":{"rendered":"<p>Le Pr\u00e9sident de la R\u00e9publique, Monsieur Mohamed Cheikh El Ghazouani, a pr\u00e9sid\u00e9, \u00e0 Ouadane, le lancement solennel de la premi\u00e8re soir\u00e9e culturelle et artistique de la quatorzi\u00e8me \u00e9dition du Festival des Cit\u00e9s du Patrimoine. Cet \u00e9v\u00e9nement majeur, plac\u00e9 sous le signe de la valorisation du patrimoine national, a mobilis\u00e9 les plus hautes autorit\u00e9s de l\u2019\u00c9tat&#8230;..<\/p>\n","protected":false},"author":12,"featured_media":33144,"comment_status":"open","ping_status":"open","sticky":false,"template":"","format":"standard","meta":{"footnotes":""},"categories":[23,55],"tags":[],"class_list":["post-33143","post","type-post","status-publish","format-standard","has-post-thumbnail","hentry","category-actualite","category-culture"],"yoast_head":"<!-- This site is optimized with the Yoast SEO plugin v27.5 - https:\/\/yoast.com\/product\/yoast-seo-wordpress\/ -->\n<title>Le Pr\u00e9sident El Ghazouani inaugure en grande pompe la 14\u00e8me \u00e9dition du Festival des Cit\u00e9s du Patrimoine \u00e0 Ouadane - Le Quotidien de Nouakchott<\/title>\n<meta name=\"robots\" content=\"index, follow, max-snippet:-1, max-image-preview:large, max-video-preview:-1\" \/>\n<link rel=\"canonical\" href=\"https:\/\/lequotidien.mr\/?p=33143&lang=fr\" \/>\n<meta property=\"og:locale\" content=\"ar_AR\" \/>\n<meta property=\"og:type\" content=\"article\" \/>\n<meta property=\"og:title\" content=\"Le Pr\u00e9sident El Ghazouani inaugure en grande pompe la 14\u00e8me \u00e9dition du Festival des Cit\u00e9s du Patrimoine \u00e0 Ouadane - Le Quotidien de Nouakchott\" \/>\n<meta property=\"og:description\" content=\"Le Pr\u00e9sident de la R\u00e9publique, Monsieur Mohamed Cheikh El Ghazouani, a pr\u00e9sid\u00e9, \u00e0 Ouadane, le lancement solennel de la premi\u00e8re soir\u00e9e culturelle et artistique de la quatorzi\u00e8me \u00e9dition du Festival des Cit\u00e9s du Patrimoine. Cet \u00e9v\u00e9nement majeur, plac\u00e9 sous le signe de la valorisation du patrimoine national, a mobilis\u00e9 les plus hautes autorit\u00e9s de l\u2019\u00c9tat.....\" \/>\n<meta property=\"og:url\" content=\"https:\/\/lequotidien.mr\/?p=33143&amp;lang=fr\" \/>\n<meta property=\"og:site_name\" content=\"Le Quotidien de Nouakchott\" \/>\n<meta property=\"article:publisher\" content=\"https:\/\/web.facebook.com\/lequotidienmr\" \/>\n<meta property=\"article:published_time\" content=\"2025-12-21T14:20:22+00:00\" \/>\n<meta property=\"og:image\" content=\"https:\/\/lequotidien.mr\/wp-content\/uploads\/2025\/12\/photo-Pdt-Ouadane.jpg\" \/>\n\t<meta property=\"og:image:width\" content=\"750\" \/>\n\t<meta property=\"og:image:height\" content=\"430\" \/>\n\t<meta property=\"og:image:type\" content=\"image\/jpeg\" \/>\n<meta name=\"author\" content=\"Med Ahmed\" \/>\n<meta name=\"twitter:card\" content=\"summary_large_image\" \/>\n<meta name=\"twitter:creator\" content=\"@lequotidienmr\" \/>\n<meta name=\"twitter:site\" content=\"@lequotidienmr\" \/>\n<meta name=\"twitter:label1\" content=\"\u0643\u064f\u062a\u0628 \u0628\u0648\u0627\u0633\u0637\u0629\" \/>\n\t<meta name=\"twitter:data1\" content=\"Med Ahmed\" \/>\n\t<meta name=\"twitter:label2\" content=\"\u0648\u0642\u062a \u0627\u0644\u0642\u0631\u0627\u0621\u0629 \u0627\u0644\u0645\u064f\u0642\u062f\u0651\u0631\" \/>\n\t<meta name=\"twitter:data2\" content=\"3 \u062f\u0642\u0627\u0626\u0642\" \/>\n<script type=\"application\/ld+json\" class=\"yoast-schema-graph\">{\"@context\":\"https:\\\/\\\/schema.org\",\"@graph\":[{\"@type\":\"Article\",\"@id\":\"https:\\\/\\\/lequotidien.mr\\\/?p=33143&lang=fr#article\",\"isPartOf\":{\"@id\":\"https:\\\/\\\/lequotidien.mr\\\/?p=33143&lang=fr\"},\"author\":{\"name\":\"Med Ahmed\",\"@id\":\"https:\\\/\\\/lequotidien.mr\\\/#\\\/schema\\\/person\\\/d2d350202a4d599685ed8abc25f97596\"},\"headline\":\"Le Pr\u00e9sident El Ghazouani inaugure en grande pompe la 14\u00e8me \u00e9dition du Festival des Cit\u00e9s du Patrimoine \u00e0 Ouadane\",\"datePublished\":\"2025-12-21T14:20:22+00:00\",\"mainEntityOfPage\":{\"@id\":\"https:\\\/\\\/lequotidien.mr\\\/?p=33143&lang=fr\"},\"wordCount\":594,\"commentCount\":0,\"publisher\":{\"@id\":\"https:\\\/\\\/lequotidien.mr\\\/#organization\"},\"image\":{\"@id\":\"https:\\\/\\\/lequotidien.mr\\\/?p=33143&lang=fr#primaryimage\"},\"thumbnailUrl\":\"https:\\\/\\\/lequotidien.mr\\\/wp-content\\\/uploads\\\/2025\\\/12\\\/photo-Pdt-Ouadane.jpg\",\"articleSection\":[\"ACTUALIT\u00c9\",\"Culture\"],\"inLanguage\":\"ar\",\"potentialAction\":[{\"@type\":\"CommentAction\",\"name\":\"Comment\",\"target\":[\"https:\\\/\\\/lequotidien.mr\\\/?p=33143&lang=fr#respond\"]}]},{\"@type\":\"WebPage\",\"@id\":\"https:\\\/\\\/lequotidien.mr\\\/?p=33143&lang=fr\",\"url\":\"https:\\\/\\\/lequotidien.mr\\\/?p=33143&lang=fr\",\"name\":\"Le Pr\u00e9sident El Ghazouani inaugure en grande pompe la 14\u00e8me \u00e9dition du Festival des Cit\u00e9s du Patrimoine \u00e0 Ouadane - Le Quotidien de Nouakchott\",\"isPartOf\":{\"@id\":\"https:\\\/\\\/lequotidien.mr\\\/#website\"},\"primaryImageOfPage\":{\"@id\":\"https:\\\/\\\/lequotidien.mr\\\/?p=33143&lang=fr#primaryimage\"},\"image\":{\"@id\":\"https:\\\/\\\/lequotidien.mr\\\/?p=33143&lang=fr#primaryimage\"},\"thumbnailUrl\":\"https:\\\/\\\/lequotidien.mr\\\/wp-content\\\/uploads\\\/2025\\\/12\\\/photo-Pdt-Ouadane.jpg\",\"datePublished\":\"2025-12-21T14:20:22+00:00\",\"breadcrumb\":{\"@id\":\"https:\\\/\\\/lequotidien.mr\\\/?p=33143&lang=fr#breadcrumb\"},\"inLanguage\":\"ar\",\"potentialAction\":[{\"@type\":\"ReadAction\",\"target\":[\"https:\\\/\\\/lequotidien.mr\\\/?p=33143&lang=fr\"]}]},{\"@type\":\"ImageObject\",\"inLanguage\":\"ar\",\"@id\":\"https:\\\/\\\/lequotidien.mr\\\/?p=33143&lang=fr#primaryimage\",\"url\":\"https:\\\/\\\/lequotidien.mr\\\/wp-content\\\/uploads\\\/2025\\\/12\\\/photo-Pdt-Ouadane.jpg\",\"contentUrl\":\"https:\\\/\\\/lequotidien.mr\\\/wp-content\\\/uploads\\\/2025\\\/12\\\/photo-Pdt-Ouadane.jpg\",\"width\":750,\"height\":430},{\"@type\":\"BreadcrumbList\",\"@id\":\"https:\\\/\\\/lequotidien.mr\\\/?p=33143&lang=fr#breadcrumb\",\"itemListElement\":[{\"@type\":\"ListItem\",\"position\":1,\"name\":\"Home\",\"item\":\"https:\\\/\\\/lequotidien.mr\\\/\"},{\"@type\":\"ListItem\",\"position\":2,\"name\":\"Le Pr\u00e9sident El Ghazouani inaugure en grande pompe la 14\u00e8me \u00e9dition du Festival des Cit\u00e9s du Patrimoine \u00e0 Ouadane\"}]},{\"@type\":\"WebSite\",\"@id\":\"https:\\\/\\\/lequotidien.mr\\\/#website\",\"url\":\"https:\\\/\\\/lequotidien.mr\\\/\",\"name\":\"Le Quotidien de Nouakchott\",\"description\":\"\u0625\u062e\u0628\u0627\u0631\u064a\u0629 \u0645\u0633\u062a\u0642\u0644\u0629 \u0644\u0644\u0623\u0646\u0628\u0627\u0621 \u0627\u0644\u0639\u0627\u0645\u0629\",\"publisher\":{\"@id\":\"https:\\\/\\\/lequotidien.mr\\\/#organization\"},\"potentialAction\":[{\"@type\":\"SearchAction\",\"target\":{\"@type\":\"EntryPoint\",\"urlTemplate\":\"https:\\\/\\\/lequotidien.mr\\\/?s={search_term_string}\"},\"query-input\":{\"@type\":\"PropertyValueSpecification\",\"valueRequired\":true,\"valueName\":\"search_term_string\"}}],\"inLanguage\":\"ar\"},{\"@type\":\"Organization\",\"@id\":\"https:\\\/\\\/lequotidien.mr\\\/#organization\",\"name\":\"Le Quotidien de Nouakchott\",\"url\":\"https:\\\/\\\/lequotidien.mr\\\/\",\"logo\":{\"@type\":\"ImageObject\",\"inLanguage\":\"ar\",\"@id\":\"https:\\\/\\\/lequotidien.mr\\\/#\\\/schema\\\/logo\\\/image\\\/\",\"url\":\"https:\\\/\\\/lequotidien.mr\\\/wp-content\\\/uploads\\\/2022\\\/11\\\/logolequotidien.jpg\",\"contentUrl\":\"https:\\\/\\\/lequotidien.mr\\\/wp-content\\\/uploads\\\/2022\\\/11\\\/logolequotidien.jpg\",\"width\":290,\"height\":65,\"caption\":\"Le Quotidien de Nouakchott\"},\"image\":{\"@id\":\"https:\\\/\\\/lequotidien.mr\\\/#\\\/schema\\\/logo\\\/image\\\/\"},\"sameAs\":[\"https:\\\/\\\/web.facebook.com\\\/lequotidienmr\",\"https:\\\/\\\/x.com\\\/lequotidienmr\"]},{\"@type\":\"Person\",\"@id\":\"https:\\\/\\\/lequotidien.mr\\\/#\\\/schema\\\/person\\\/d2d350202a4d599685ed8abc25f97596\",\"name\":\"Med Ahmed\",\"image\":{\"@type\":\"ImageObject\",\"inLanguage\":\"ar\",\"@id\":\"https:\\\/\\\/secure.gravatar.com\\\/avatar\\\/fd2acc62ed50732923d1d39c17172c9b04149f142be92310ecc69e1358f94b52?s=96&d=mm&r=g\",\"url\":\"https:\\\/\\\/secure.gravatar.com\\\/avatar\\\/fd2acc62ed50732923d1d39c17172c9b04149f142be92310ecc69e1358f94b52?s=96&d=mm&r=g\",\"contentUrl\":\"https:\\\/\\\/secure.gravatar.com\\\/avatar\\\/fd2acc62ed50732923d1d39c17172c9b04149f142be92310ecc69e1358f94b52?s=96&d=mm&r=g\",\"caption\":\"Med Ahmed\"},\"url\":\"https:\\\/\\\/lequotidien.mr\\\/?author=12\"}]}<\/script>\n<!-- \/ Yoast SEO plugin. -->","yoast_head_json":{"title":"Le Pr\u00e9sident El Ghazouani inaugure en grande pompe la 14\u00e8me \u00e9dition du Festival des Cit\u00e9s du Patrimoine \u00e0 Ouadane - Le Quotidien de Nouakchott","robots":{"index":"index","follow":"follow","max-snippet":"max-snippet:-1","max-image-preview":"max-image-preview:large","max-video-preview":"max-video-preview:-1"},"canonical":"https:\/\/lequotidien.mr\/?p=33143&lang=fr","og_locale":"ar_AR","og_type":"article","og_title":"Le Pr\u00e9sident El Ghazouani inaugure en grande pompe la 14\u00e8me \u00e9dition du Festival des Cit\u00e9s du Patrimoine \u00e0 Ouadane - Le Quotidien de Nouakchott","og_description":"Le Pr\u00e9sident de la R\u00e9publique, Monsieur Mohamed Cheikh El Ghazouani, a pr\u00e9sid\u00e9, \u00e0 Ouadane, le lancement solennel de la premi\u00e8re soir\u00e9e culturelle et artistique de la quatorzi\u00e8me \u00e9dition du Festival des Cit\u00e9s du Patrimoine. Cet \u00e9v\u00e9nement majeur, plac\u00e9 sous le signe de la valorisation du patrimoine national, a mobilis\u00e9 les plus hautes autorit\u00e9s de l\u2019\u00c9tat.....","og_url":"https:\/\/lequotidien.mr\/?p=33143&lang=fr","og_site_name":"Le Quotidien de Nouakchott","article_publisher":"https:\/\/web.facebook.com\/lequotidienmr","article_published_time":"2025-12-21T14:20:22+00:00","og_image":[{"width":750,"height":430,"url":"https:\/\/lequotidien.mr\/wp-content\/uploads\/2025\/12\/photo-Pdt-Ouadane.jpg","type":"image\/jpeg"}],"author":"Med Ahmed","twitter_card":"summary_large_image","twitter_creator":"@lequotidienmr","twitter_site":"@lequotidienmr","twitter_misc":{"\u0643\u064f\u062a\u0628 \u0628\u0648\u0627\u0633\u0637\u0629":"Med Ahmed","\u0648\u0642\u062a \u0627\u0644\u0642\u0631\u0627\u0621\u0629 \u0627\u0644\u0645\u064f\u0642\u062f\u0651\u0631":"3 \u062f\u0642\u0627\u0626\u0642"},"schema":{"@context":"https:\/\/schema.org","@graph":[{"@type":"Article","@id":"https:\/\/lequotidien.mr\/?p=33143&lang=fr#article","isPartOf":{"@id":"https:\/\/lequotidien.mr\/?p=33143&lang=fr"},"author":{"name":"Med Ahmed","@id":"https:\/\/lequotidien.mr\/#\/schema\/person\/d2d350202a4d599685ed8abc25f97596"},"headline":"Le Pr\u00e9sident El Ghazouani inaugure en grande pompe la 14\u00e8me \u00e9dition du Festival des Cit\u00e9s du Patrimoine \u00e0 Ouadane","datePublished":"2025-12-21T14:20:22+00:00","mainEntityOfPage":{"@id":"https:\/\/lequotidien.mr\/?p=33143&lang=fr"},"wordCount":594,"commentCount":0,"publisher":{"@id":"https:\/\/lequotidien.mr\/#organization"},"image":{"@id":"https:\/\/lequotidien.mr\/?p=33143&lang=fr#primaryimage"},"thumbnailUrl":"https:\/\/lequotidien.mr\/wp-content\/uploads\/2025\/12\/photo-Pdt-Ouadane.jpg","articleSection":["ACTUALIT\u00c9","Culture"],"inLanguage":"ar","potentialAction":[{"@type":"CommentAction","name":"Comment","target":["https:\/\/lequotidien.mr\/?p=33143&lang=fr#respond"]}]},{"@type":"WebPage","@id":"https:\/\/lequotidien.mr\/?p=33143&lang=fr","url":"https:\/\/lequotidien.mr\/?p=33143&lang=fr","name":"Le Pr\u00e9sident El Ghazouani inaugure en grande pompe la 14\u00e8me \u00e9dition du Festival des Cit\u00e9s du Patrimoine \u00e0 Ouadane - Le Quotidien de Nouakchott","isPartOf":{"@id":"https:\/\/lequotidien.mr\/#website"},"primaryImageOfPage":{"@id":"https:\/\/lequotidien.mr\/?p=33143&lang=fr#primaryimage"},"image":{"@id":"https:\/\/lequotidien.mr\/?p=33143&lang=fr#primaryimage"},"thumbnailUrl":"https:\/\/lequotidien.mr\/wp-content\/uploads\/2025\/12\/photo-Pdt-Ouadane.jpg","datePublished":"2025-12-21T14:20:22+00:00","breadcrumb":{"@id":"https:\/\/lequotidien.mr\/?p=33143&lang=fr#breadcrumb"},"inLanguage":"ar","potentialAction":[{"@type":"ReadAction","target":["https:\/\/lequotidien.mr\/?p=33143&lang=fr"]}]},{"@type":"ImageObject","inLanguage":"ar","@id":"https:\/\/lequotidien.mr\/?p=33143&lang=fr#primaryimage","url":"https:\/\/lequotidien.mr\/wp-content\/uploads\/2025\/12\/photo-Pdt-Ouadane.jpg","contentUrl":"https:\/\/lequotidien.mr\/wp-content\/uploads\/2025\/12\/photo-Pdt-Ouadane.jpg","width":750,"height":430},{"@type":"BreadcrumbList","@id":"https:\/\/lequotidien.mr\/?p=33143&lang=fr#breadcrumb","itemListElement":[{"@type":"ListItem","position":1,"name":"Home","item":"https:\/\/lequotidien.mr\/"},{"@type":"ListItem","position":2,"name":"Le Pr\u00e9sident El Ghazouani inaugure en grande pompe la 14\u00e8me \u00e9dition du Festival des Cit\u00e9s du Patrimoine \u00e0 Ouadane"}]},{"@type":"WebSite","@id":"https:\/\/lequotidien.mr\/#website","url":"https:\/\/lequotidien.mr\/","name":"Le Quotidien de Nouakchott","description":"\u0625\u062e\u0628\u0627\u0631\u064a\u0629 \u0645\u0633\u062a\u0642\u0644\u0629 \u0644\u0644\u0623\u0646\u0628\u0627\u0621 \u0627\u0644\u0639\u0627\u0645\u0629","publisher":{"@id":"https:\/\/lequotidien.mr\/#organization"},"potentialAction":[{"@type":"SearchAction","target":{"@type":"EntryPoint","urlTemplate":"https:\/\/lequotidien.mr\/?s={search_term_string}"},"query-input":{"@type":"PropertyValueSpecification","valueRequired":true,"valueName":"search_term_string"}}],"inLanguage":"ar"},{"@type":"Organization","@id":"https:\/\/lequotidien.mr\/#organization","name":"Le Quotidien de Nouakchott","url":"https:\/\/lequotidien.mr\/","logo":{"@type":"ImageObject","inLanguage":"ar","@id":"https:\/\/lequotidien.mr\/#\/schema\/logo\/image\/","url":"https:\/\/lequotidien.mr\/wp-content\/uploads\/2022\/11\/logolequotidien.jpg","contentUrl":"https:\/\/lequotidien.mr\/wp-content\/uploads\/2022\/11\/logolequotidien.jpg","width":290,"height":65,"caption":"Le Quotidien de Nouakchott"},"image":{"@id":"https:\/\/lequotidien.mr\/#\/schema\/logo\/image\/"},"sameAs":["https:\/\/web.facebook.com\/lequotidienmr","https:\/\/x.com\/lequotidienmr"]},{"@type":"Person","@id":"https:\/\/lequotidien.mr\/#\/schema\/person\/d2d350202a4d599685ed8abc25f97596","name":"Med Ahmed","image":{"@type":"ImageObject","inLanguage":"ar","@id":"https:\/\/secure.gravatar.com\/avatar\/fd2acc62ed50732923d1d39c17172c9b04149f142be92310ecc69e1358f94b52?s=96&d=mm&r=g","url":"https:\/\/secure.gravatar.com\/avatar\/fd2acc62ed50732923d1d39c17172c9b04149f142be92310ecc69e1358f94b52?s=96&d=mm&r=g","contentUrl":"https:\/\/secure.gravatar.com\/avatar\/fd2acc62ed50732923d1d39c17172c9b04149f142be92310ecc69e1358f94b52?s=96&d=mm&r=g","caption":"Med Ahmed"},"url":"https:\/\/lequotidien.mr\/?author=12"}]}},"_links":{"self":[{"href":"https:\/\/lequotidien.mr\/index.php?rest_route=\/wp\/v2\/posts\/33143","targetHints":{"allow":["GET"]}}],"collection":[{"href":"https:\/\/lequotidien.mr\/index.php?rest_route=\/wp\/v2\/posts"}],"about":[{"href":"https:\/\/lequotidien.mr\/index.php?rest_route=\/wp\/v2\/types\/post"}],"author":[{"embeddable":true,"href":"https:\/\/lequotidien.mr\/index.php?rest_route=\/wp\/v2\/users\/12"}],"replies":[{"embeddable":true,"href":"https:\/\/lequotidien.mr\/index.php?rest_route=%2Fwp%2Fv2%2Fcomments&post=33143"}],"version-history":[{"count":1,"href":"https:\/\/lequotidien.mr\/index.php?rest_route=\/wp\/v2\/posts\/33143\/revisions"}],"predecessor-version":[{"id":33145,"href":"https:\/\/lequotidien.mr\/index.php?rest_route=\/wp\/v2\/posts\/33143\/revisions\/33145"}],"wp:featuredmedia":[{"embeddable":true,"href":"https:\/\/lequotidien.mr\/index.php?rest_route=\/wp\/v2\/media\/33144"}],"wp:attachment":[{"href":"https:\/\/lequotidien.mr\/index.php?rest_route=%2Fwp%2Fv2%2Fmedia&parent=33143"}],"wp:term":[{"taxonomy":"category","embeddable":true,"href":"https:\/\/lequotidien.mr\/index.php?rest_route=%2Fwp%2Fv2%2Fcategories&post=33143"},{"taxonomy":"post_tag","embeddable":true,"href":"https:\/\/lequotidien.mr\/index.php?rest_route=%2Fwp%2Fv2%2Ftags&post=33143"}],"curies":[{"name":"wp","href":"https:\/\/api.w.org\/{rel}","templated":true}]}}