{"id":33140,"date":"2025-12-21T13:56:55","date_gmt":"2025-12-21T13:56:55","guid":{"rendered":"https:\/\/lequotidien.mr\/?p=33140"},"modified":"2025-12-21T13:56:55","modified_gmt":"2025-12-21T13:56:55","slug":"ouadane-le-president-el-ghazouani-lance-la-coupe-presidentielle-de-tir-a-la-cible-traditionnel","status":"publish","type":"post","link":"https:\/\/lequotidien.mr\/?p=33140&lang=fr","title":{"rendered":"Ouadane : Le Pr\u00e9sident El Ghazouani lance la Coupe pr\u00e9sidentielle de Tir \u00e0 la cible traditionnel"},"content":{"rendered":"<p class=\"ds-markdown-paragraph\" style=\"line-height: 16.15pt; background: white; margin: 9.2pt 0cm 9.2pt 0cm;\"><span style=\"font-size: 9.0pt; font-family: 'Segoe UI','sans-serif'; color: #0f1115;\">Le <strong>Pr\u00e9sident de la R\u00e9publique, Monsieur Mohamed Cheikh El Ghazouani<\/strong>, a pr\u00e9sid\u00e9, vendredi dernier, dans la cit\u00e9 historique de Ouadane, la c\u00e9r\u00e9monie solennelle de lancement de la Coupe du Pr\u00e9sident de la R\u00e9publique de tir \u00e0 la cible traditionnelle. Cet \u00e9v\u00e9nement sportif et culturel d\u2019envergure s\u2019inscrit dans le cadre de la quatorzi\u00e8me \u00e9dition du Festival des Cit\u00e9s du Patrimoine.<\/span><\/p>\n<p class=\"ds-markdown-paragraph\" style=\"line-height: 16.15pt; background: white; margin: 9.2pt 0cm 9.2pt 0cm;\"><strong><span style=\"font-size: 9.0pt; font-family: 'Segoe UI','sans-serif'; color: #0f1115;\">Une comp\u00e9tition nationale pour un patrimoine vivant<\/span><\/strong><\/p>\n<p class=\"ds-markdown-paragraph\" style=\"line-height: 16.15pt; background: white; margin: 9.2pt 0cm 9.2pt 0cm;\"><span style=\"font-size: 9.0pt; font-family: 'Segoe UI','sans-serif'; color: #0f1115;\">Cinquante-deux (52) clubs, chacun compos\u00e9 de dix tireurs, participent \u00e0 ce championnat qui transforme la ville en capitale \u00e9ph\u00e9m\u00e8re de ce sport ancestral. Selon les organisateurs, l\u2019objectif d\u00e9passe la seule comp\u00e9tition sportive. Le Comit\u00e9 Provisoire de Tir \u00e0 la Cible Traditionnelle vise, \u00e0 travers cette coupe, \u00e0 pr\u00e9server un \u00e9l\u00e9ment pr\u00e9cieux du patrimoine national, \u00e0 soutenir le tourisme int\u00e9rieur et \u00e0 dynamiser l\u2019activit\u00e9 \u00e9conomique de Ouadane pendant la dur\u00e9e du festival.<\/span><\/p>\n<p class=\"ds-markdown-paragraph\" style=\"line-height: 16.15pt; background: white; margin: 9.2pt 0cm 9.2pt 0cm;\"><span style=\"font-size: 9.0pt; font-family: 'Segoe UI','sans-serif'; color: #0f1115;\">Avant la c\u00e9r\u00e9monie, le Pr\u00e9sident de la R\u00e9publique, accompagn\u00e9 d\u2019une d\u00e9l\u00e9gation minist\u00e9rielle, a visit\u00e9 une exposition organis\u00e9e en marge du championnat. L\u2019exposition, riche en photographies et en archives, retrace l\u2019histoire et les diff\u00e9rentes \u00e9tapes qu\u2019a travers\u00e9es le tir traditionnel \u00e0 travers les wilayas du pays. Son Excellence a suivi avec int\u00e9r\u00eat les explications d\u00e9taill\u00e9es sur l\u2019\u00e9volution de cette pratique.<\/span><\/p>\n<p class=\"ds-markdown-paragraph\" style=\"line-height: 16.15pt; background: white; margin: 9.2pt 0cm 9.2pt 0cm;\"><strong><span style=\"font-size: 9.0pt; font-family: 'Segoe UI','sans-serif'; color: #0f1115;\">Une terre de r\u00e9sistance et d\u2019h\u00e9ro\u00efsme<\/span><\/strong><\/p>\n<p class=\"ds-markdown-paragraph\" style=\"line-height: 16.15pt; background: white; margin: 9.2pt 0cm 9.2pt 0cm;\"><span style=\"font-size: 9.0pt; font-family: 'Segoe UI','sans-serif'; color: #0f1115;\">Dans un discours prononc\u00e9 pour l\u2019occasion, le <strong>pr\u00e9sident du Comit\u00e9 Provisoire de Tir \u00e0 la Cible Traditionnel, M. Ahmed Bemba Baya<\/strong>, a soulign\u00e9 la symbolique du choix de Ouadane<b><i>. \u00ab Il n\u2019est pas surprenant que la ville de Ouadane accueille ces championnats, car cette r\u00e9gion a \u00e9t\u00e9 le th\u00e9\u00e2tre des exploits des r\u00e9sistants nationaux qui ont troubl\u00e9 le sommeil des envahisseurs et pr\u00e9serv\u00e9 les vies et les territoires \u00bb<\/i><\/b>, a-t-il d\u00e9clar\u00e9, \u00e9tablissant un lien direct entre le sport et l\u2019histoire glorieuse de la Mauritanie.<\/span><\/p>\n<p class=\"ds-markdown-paragraph\" style=\"line-height: 16.15pt; background: white; margin: 9.2pt 0cm 9.2pt 0cm;\"><span style=\"font-size: 9.0pt; font-family: 'Segoe UI','sans-serif'; color: #0f1115;\">M. Baya a \u00e9galement mis en lumi\u00e8re l\u2019impulsion donn\u00e9e par le Pr\u00e9sident El Ghazouani pour la structuration de cette discipline. Conform\u00e9ment \u00e0 ses directives, un comit\u00e9 provisoire a \u00e9t\u00e9 mis en place pour organiser et encadrer l\u2019activit\u00e9, la consid\u00e9rant comme <b><i>\u00ab l\u2019un des principaux piliers du tourisme int\u00e9rieur et un soutien \u00e9conomique de poids pour nos villes int\u00e9rieures \u00bb<\/i><\/b>. Le comit\u00e9 a d\u00e9j\u00e0 accompli un travail de fond, notamment la cr\u00e9ation d\u2019une base de donn\u00e9es num\u00e9rique centralisant toutes les informations relatives aux tireurs, aux armes, et aux r\u00e9sultats des comp\u00e9titions.<\/span><\/p>\n<p class=\"ds-markdown-paragraph\" style=\"line-height: 16.15pt; background: white; margin: 9.2pt 0cm 9.2pt 0cm;\"><strong><span style=\"font-size: 9.0pt; font-family: 'Segoe UI','sans-serif'; color: #0f1115;\">Vers une institution p\u00e9renne : L\u2019office mauritanien de tir traditionnel<\/span><\/strong><\/p>\n<p class=\"ds-markdown-paragraph\" style=\"line-height: 16.15pt; background: white; margin: 9.2pt 0cm 9.2pt 0cm;\"><span style=\"font-size: 9.0pt; font-family: 'Segoe UI','sans-serif'; color: #0f1115;\">Une annonce majeure a ponctu\u00e9 le discours de M. Baya. Il a indiqu\u00e9 que, suite \u00e0 la volont\u00e9 du Pr\u00e9sident de la R\u00e9publique de pr\u00e9server et de p\u00e9renniser cette activit\u00e9, les autorit\u00e9s publiques, sous la conduite du ministre de la Culture, des Arts, de la Communication et des Relations avec le Parlement, Porte-parole du Gouvernement, ont \u0153uvr\u00e9 \u00e0 la cr\u00e9ation d\u2019une structure permanente. Un nouveau d\u00e9cret a \u00e9t\u00e9 adopt\u00e9 pour cr\u00e9er un\u00a0<strong><span style=\"font-family: 'Segoe UI','sans-serif';\">Office Mauritanien de Tir \u00e0 la Cible Traditionnel<\/span><\/strong>, qui sera plac\u00e9 sous la tutelle du secteur de la Culture. Cette d\u00e9cision marque une \u00e9tape cruciale dans la reconnaissance officielle et la gestion durable de ce patrimoine.<\/span><\/p>\n<p class=\"ds-markdown-paragraph\" style=\"line-height: 16.15pt; background: white; margin: 9.2pt 0cm 9.2pt 0cm;\"><span style=\"font-size: 9.0pt; font-family: 'Segoe UI','sans-serif'; color: #0f1115;\">La c\u00e9r\u00e9monie de lancement s\u2019est d\u00e9roul\u00e9e en pr\u00e9sence de plusieurs hautes personnalit\u00e9s, t\u00e9moignant de l\u2019importance accord\u00e9e \u00e0 cet \u00e9v\u00e9nement. \u00c9taient notamment pr\u00e9sents le <strong>Ministre charg\u00e9 de Cabinet du Pr\u00e9sident de la R\u00e9publique, le Ministre de la Culture, des Arts, de la Communication et des Relations avec le Parlement, Porte-parole du Gouvernement, et le wali de l\u2019Adrar.<\/strong><\/span><\/p>\n<p class=\"ds-markdown-paragraph\" style=\"margin-top: 9.2pt; line-height: 16.15pt; background: white;\"><span style=\"font-size: 9.0pt; font-family: 'Segoe UI','sans-serif'; color: #0f1115;\">Le lancement de cette Coupe Pr\u00e9sidentielle \u00e0 Ouadane illustre la vision du Pr\u00e9sident El Ghazouani qui place la culture et le patrimoine au c\u0153ur de la strat\u00e9gie de d\u00e9veloppement local et d\u2019affirmation de l\u2019identit\u00e9 nationale. Elle marque le d\u00e9but d\u2019une nouvelle \u00e8re pour le tir traditionnel, d\u00e9sormais appel\u00e9 \u00e0 briller comme un fleuron du patrimoine vivant mauritanien.<\/span><\/p>\n","protected":false},"excerpt":{"rendered":"<p>Le Pr\u00e9sident de la R\u00e9publique, Monsieur Mohamed Cheikh El Ghazouani, a pr\u00e9sid\u00e9, vendredi dernier, dans la cit\u00e9 historique de Ouadane, la c\u00e9r\u00e9monie solennelle de lancement de la Coupe du Pr\u00e9sident de la R\u00e9publique de tir \u00e0 la cible traditionnelle. Cet \u00e9v\u00e9nement sportif et culturel d\u2019envergure s\u2019inscrit dans le cadre de la quatorzi\u00e8me \u00e9dition du Festival&#8230;..<\/p>\n","protected":false},"author":12,"featured_media":33141,"comment_status":"open","ping_status":"open","sticky":false,"template":"","format":"standard","meta":{"footnotes":""},"categories":[23,55],"tags":[],"class_list":["post-33140","post","type-post","status-publish","format-standard","has-post-thumbnail","hentry","category-actualite","category-culture"],"yoast_head":"<!-- This site is optimized with the Yoast SEO plugin v27.5 - https:\/\/yoast.com\/product\/yoast-seo-wordpress\/ -->\n<title>Ouadane : Le Pr\u00e9sident El Ghazouani lance la Coupe pr\u00e9sidentielle de Tir \u00e0 la cible traditionnel - Le Quotidien de Nouakchott<\/title>\n<meta name=\"robots\" content=\"index, follow, max-snippet:-1, max-image-preview:large, max-video-preview:-1\" \/>\n<link rel=\"canonical\" href=\"https:\/\/lequotidien.mr\/?p=33140&lang=fr\" \/>\n<meta property=\"og:locale\" content=\"ar_AR\" \/>\n<meta property=\"og:type\" content=\"article\" \/>\n<meta property=\"og:title\" content=\"Ouadane : Le Pr\u00e9sident El Ghazouani lance la Coupe pr\u00e9sidentielle de Tir \u00e0 la cible traditionnel - Le Quotidien de Nouakchott\" \/>\n<meta property=\"og:description\" content=\"Le Pr\u00e9sident de la R\u00e9publique, Monsieur Mohamed Cheikh El Ghazouani, a pr\u00e9sid\u00e9, vendredi dernier, dans la cit\u00e9 historique de Ouadane, la c\u00e9r\u00e9monie solennelle de lancement de la Coupe du Pr\u00e9sident de la R\u00e9publique de tir \u00e0 la cible traditionnelle. Cet \u00e9v\u00e9nement sportif et culturel d\u2019envergure s\u2019inscrit dans le cadre de la quatorzi\u00e8me \u00e9dition du Festival.....\" \/>\n<meta property=\"og:url\" content=\"https:\/\/lequotidien.mr\/?p=33140&amp;lang=fr\" \/>\n<meta property=\"og:site_name\" content=\"Le Quotidien de Nouakchott\" \/>\n<meta property=\"article:publisher\" content=\"https:\/\/web.facebook.com\/lequotidienmr\" \/>\n<meta property=\"article:published_time\" content=\"2025-12-21T13:56:55+00:00\" \/>\n<meta property=\"og:image\" content=\"https:\/\/lequotidien.mr\/wp-content\/uploads\/2025\/12\/photo-tir-cible.jpg\" \/>\n\t<meta property=\"og:image:width\" content=\"750\" \/>\n\t<meta property=\"og:image:height\" content=\"430\" \/>\n\t<meta property=\"og:image:type\" content=\"image\/jpeg\" \/>\n<meta name=\"author\" content=\"Med Ahmed\" \/>\n<meta name=\"twitter:card\" content=\"summary_large_image\" \/>\n<meta name=\"twitter:creator\" content=\"@lequotidienmr\" \/>\n<meta name=\"twitter:site\" content=\"@lequotidienmr\" \/>\n<meta name=\"twitter:label1\" content=\"\u0643\u064f\u062a\u0628 \u0628\u0648\u0627\u0633\u0637\u0629\" \/>\n\t<meta name=\"twitter:data1\" content=\"Med Ahmed\" \/>\n\t<meta name=\"twitter:label2\" content=\"\u0648\u0642\u062a \u0627\u0644\u0642\u0631\u0627\u0621\u0629 \u0627\u0644\u0645\u064f\u0642\u062f\u0651\u0631\" \/>\n\t<meta name=\"twitter:data2\" content=\"3 \u062f\u0642\u0627\u0626\u0642\" \/>\n<script type=\"application\/ld+json\" class=\"yoast-schema-graph\">{\"@context\":\"https:\\\/\\\/schema.org\",\"@graph\":[{\"@type\":\"Article\",\"@id\":\"https:\\\/\\\/lequotidien.mr\\\/?p=33140&lang=fr#article\",\"isPartOf\":{\"@id\":\"https:\\\/\\\/lequotidien.mr\\\/?p=33140&lang=fr\"},\"author\":{\"name\":\"Med Ahmed\",\"@id\":\"https:\\\/\\\/lequotidien.mr\\\/#\\\/schema\\\/person\\\/d2d350202a4d599685ed8abc25f97596\"},\"headline\":\"Ouadane : Le Pr\u00e9sident El Ghazouani lance la Coupe pr\u00e9sidentielle de Tir \u00e0 la cible traditionnel\",\"datePublished\":\"2025-12-21T13:56:55+00:00\",\"mainEntityOfPage\":{\"@id\":\"https:\\\/\\\/lequotidien.mr\\\/?p=33140&lang=fr\"},\"wordCount\":711,\"commentCount\":0,\"publisher\":{\"@id\":\"https:\\\/\\\/lequotidien.mr\\\/#organization\"},\"image\":{\"@id\":\"https:\\\/\\\/lequotidien.mr\\\/?p=33140&lang=fr#primaryimage\"},\"thumbnailUrl\":\"https:\\\/\\\/lequotidien.mr\\\/wp-content\\\/uploads\\\/2025\\\/12\\\/photo-tir-cible.jpg\",\"articleSection\":[\"ACTUALIT\u00c9\",\"Culture\"],\"inLanguage\":\"ar\",\"potentialAction\":[{\"@type\":\"CommentAction\",\"name\":\"Comment\",\"target\":[\"https:\\\/\\\/lequotidien.mr\\\/?p=33140&lang=fr#respond\"]}]},{\"@type\":\"WebPage\",\"@id\":\"https:\\\/\\\/lequotidien.mr\\\/?p=33140&lang=fr\",\"url\":\"https:\\\/\\\/lequotidien.mr\\\/?p=33140&lang=fr\",\"name\":\"Ouadane : Le Pr\u00e9sident El Ghazouani lance la Coupe pr\u00e9sidentielle de Tir \u00e0 la cible traditionnel - Le Quotidien de Nouakchott\",\"isPartOf\":{\"@id\":\"https:\\\/\\\/lequotidien.mr\\\/#website\"},\"primaryImageOfPage\":{\"@id\":\"https:\\\/\\\/lequotidien.mr\\\/?p=33140&lang=fr#primaryimage\"},\"image\":{\"@id\":\"https:\\\/\\\/lequotidien.mr\\\/?p=33140&lang=fr#primaryimage\"},\"thumbnailUrl\":\"https:\\\/\\\/lequotidien.mr\\\/wp-content\\\/uploads\\\/2025\\\/12\\\/photo-tir-cible.jpg\",\"datePublished\":\"2025-12-21T13:56:55+00:00\",\"breadcrumb\":{\"@id\":\"https:\\\/\\\/lequotidien.mr\\\/?p=33140&lang=fr#breadcrumb\"},\"inLanguage\":\"ar\",\"potentialAction\":[{\"@type\":\"ReadAction\",\"target\":[\"https:\\\/\\\/lequotidien.mr\\\/?p=33140&lang=fr\"]}]},{\"@type\":\"ImageObject\",\"inLanguage\":\"ar\",\"@id\":\"https:\\\/\\\/lequotidien.mr\\\/?p=33140&lang=fr#primaryimage\",\"url\":\"https:\\\/\\\/lequotidien.mr\\\/wp-content\\\/uploads\\\/2025\\\/12\\\/photo-tir-cible.jpg\",\"contentUrl\":\"https:\\\/\\\/lequotidien.mr\\\/wp-content\\\/uploads\\\/2025\\\/12\\\/photo-tir-cible.jpg\",\"width\":750,\"height\":430},{\"@type\":\"BreadcrumbList\",\"@id\":\"https:\\\/\\\/lequotidien.mr\\\/?p=33140&lang=fr#breadcrumb\",\"itemListElement\":[{\"@type\":\"ListItem\",\"position\":1,\"name\":\"Home\",\"item\":\"https:\\\/\\\/lequotidien.mr\\\/\"},{\"@type\":\"ListItem\",\"position\":2,\"name\":\"Ouadane : Le Pr\u00e9sident El Ghazouani lance la Coupe pr\u00e9sidentielle de Tir \u00e0 la cible traditionnel\"}]},{\"@type\":\"WebSite\",\"@id\":\"https:\\\/\\\/lequotidien.mr\\\/#website\",\"url\":\"https:\\\/\\\/lequotidien.mr\\\/\",\"name\":\"Le Quotidien de Nouakchott\",\"description\":\"\u0625\u062e\u0628\u0627\u0631\u064a\u0629 \u0645\u0633\u062a\u0642\u0644\u0629 \u0644\u0644\u0623\u0646\u0628\u0627\u0621 \u0627\u0644\u0639\u0627\u0645\u0629\",\"publisher\":{\"@id\":\"https:\\\/\\\/lequotidien.mr\\\/#organization\"},\"potentialAction\":[{\"@type\":\"SearchAction\",\"target\":{\"@type\":\"EntryPoint\",\"urlTemplate\":\"https:\\\/\\\/lequotidien.mr\\\/?s={search_term_string}\"},\"query-input\":{\"@type\":\"PropertyValueSpecification\",\"valueRequired\":true,\"valueName\":\"search_term_string\"}}],\"inLanguage\":\"ar\"},{\"@type\":\"Organization\",\"@id\":\"https:\\\/\\\/lequotidien.mr\\\/#organization\",\"name\":\"Le Quotidien de Nouakchott\",\"url\":\"https:\\\/\\\/lequotidien.mr\\\/\",\"logo\":{\"@type\":\"ImageObject\",\"inLanguage\":\"ar\",\"@id\":\"https:\\\/\\\/lequotidien.mr\\\/#\\\/schema\\\/logo\\\/image\\\/\",\"url\":\"https:\\\/\\\/lequotidien.mr\\\/wp-content\\\/uploads\\\/2022\\\/11\\\/logolequotidien.jpg\",\"contentUrl\":\"https:\\\/\\\/lequotidien.mr\\\/wp-content\\\/uploads\\\/2022\\\/11\\\/logolequotidien.jpg\",\"width\":290,\"height\":65,\"caption\":\"Le Quotidien de Nouakchott\"},\"image\":{\"@id\":\"https:\\\/\\\/lequotidien.mr\\\/#\\\/schema\\\/logo\\\/image\\\/\"},\"sameAs\":[\"https:\\\/\\\/web.facebook.com\\\/lequotidienmr\",\"https:\\\/\\\/x.com\\\/lequotidienmr\"]},{\"@type\":\"Person\",\"@id\":\"https:\\\/\\\/lequotidien.mr\\\/#\\\/schema\\\/person\\\/d2d350202a4d599685ed8abc25f97596\",\"name\":\"Med Ahmed\",\"image\":{\"@type\":\"ImageObject\",\"inLanguage\":\"ar\",\"@id\":\"https:\\\/\\\/secure.gravatar.com\\\/avatar\\\/fd2acc62ed50732923d1d39c17172c9b04149f142be92310ecc69e1358f94b52?s=96&d=mm&r=g\",\"url\":\"https:\\\/\\\/secure.gravatar.com\\\/avatar\\\/fd2acc62ed50732923d1d39c17172c9b04149f142be92310ecc69e1358f94b52?s=96&d=mm&r=g\",\"contentUrl\":\"https:\\\/\\\/secure.gravatar.com\\\/avatar\\\/fd2acc62ed50732923d1d39c17172c9b04149f142be92310ecc69e1358f94b52?s=96&d=mm&r=g\",\"caption\":\"Med Ahmed\"},\"url\":\"https:\\\/\\\/lequotidien.mr\\\/?author=12\"}]}<\/script>\n<!-- \/ Yoast SEO plugin. -->","yoast_head_json":{"title":"Ouadane : Le Pr\u00e9sident El Ghazouani lance la Coupe pr\u00e9sidentielle de Tir \u00e0 la cible traditionnel - Le Quotidien de Nouakchott","robots":{"index":"index","follow":"follow","max-snippet":"max-snippet:-1","max-image-preview":"max-image-preview:large","max-video-preview":"max-video-preview:-1"},"canonical":"https:\/\/lequotidien.mr\/?p=33140&lang=fr","og_locale":"ar_AR","og_type":"article","og_title":"Ouadane : Le Pr\u00e9sident El Ghazouani lance la Coupe pr\u00e9sidentielle de Tir \u00e0 la cible traditionnel - Le Quotidien de Nouakchott","og_description":"Le Pr\u00e9sident de la R\u00e9publique, Monsieur Mohamed Cheikh El Ghazouani, a pr\u00e9sid\u00e9, vendredi dernier, dans la cit\u00e9 historique de Ouadane, la c\u00e9r\u00e9monie solennelle de lancement de la Coupe du Pr\u00e9sident de la R\u00e9publique de tir \u00e0 la cible traditionnelle. Cet \u00e9v\u00e9nement sportif et culturel d\u2019envergure s\u2019inscrit dans le cadre de la quatorzi\u00e8me \u00e9dition du Festival.....","og_url":"https:\/\/lequotidien.mr\/?p=33140&lang=fr","og_site_name":"Le Quotidien de Nouakchott","article_publisher":"https:\/\/web.facebook.com\/lequotidienmr","article_published_time":"2025-12-21T13:56:55+00:00","og_image":[{"width":750,"height":430,"url":"https:\/\/lequotidien.mr\/wp-content\/uploads\/2025\/12\/photo-tir-cible.jpg","type":"image\/jpeg"}],"author":"Med Ahmed","twitter_card":"summary_large_image","twitter_creator":"@lequotidienmr","twitter_site":"@lequotidienmr","twitter_misc":{"\u0643\u064f\u062a\u0628 \u0628\u0648\u0627\u0633\u0637\u0629":"Med Ahmed","\u0648\u0642\u062a \u0627\u0644\u0642\u0631\u0627\u0621\u0629 \u0627\u0644\u0645\u064f\u0642\u062f\u0651\u0631":"3 \u062f\u0642\u0627\u0626\u0642"},"schema":{"@context":"https:\/\/schema.org","@graph":[{"@type":"Article","@id":"https:\/\/lequotidien.mr\/?p=33140&lang=fr#article","isPartOf":{"@id":"https:\/\/lequotidien.mr\/?p=33140&lang=fr"},"author":{"name":"Med Ahmed","@id":"https:\/\/lequotidien.mr\/#\/schema\/person\/d2d350202a4d599685ed8abc25f97596"},"headline":"Ouadane : Le Pr\u00e9sident El Ghazouani lance la Coupe pr\u00e9sidentielle de Tir \u00e0 la cible traditionnel","datePublished":"2025-12-21T13:56:55+00:00","mainEntityOfPage":{"@id":"https:\/\/lequotidien.mr\/?p=33140&lang=fr"},"wordCount":711,"commentCount":0,"publisher":{"@id":"https:\/\/lequotidien.mr\/#organization"},"image":{"@id":"https:\/\/lequotidien.mr\/?p=33140&lang=fr#primaryimage"},"thumbnailUrl":"https:\/\/lequotidien.mr\/wp-content\/uploads\/2025\/12\/photo-tir-cible.jpg","articleSection":["ACTUALIT\u00c9","Culture"],"inLanguage":"ar","potentialAction":[{"@type":"CommentAction","name":"Comment","target":["https:\/\/lequotidien.mr\/?p=33140&lang=fr#respond"]}]},{"@type":"WebPage","@id":"https:\/\/lequotidien.mr\/?p=33140&lang=fr","url":"https:\/\/lequotidien.mr\/?p=33140&lang=fr","name":"Ouadane : Le Pr\u00e9sident El Ghazouani lance la Coupe pr\u00e9sidentielle de Tir \u00e0 la cible traditionnel - Le Quotidien de Nouakchott","isPartOf":{"@id":"https:\/\/lequotidien.mr\/#website"},"primaryImageOfPage":{"@id":"https:\/\/lequotidien.mr\/?p=33140&lang=fr#primaryimage"},"image":{"@id":"https:\/\/lequotidien.mr\/?p=33140&lang=fr#primaryimage"},"thumbnailUrl":"https:\/\/lequotidien.mr\/wp-content\/uploads\/2025\/12\/photo-tir-cible.jpg","datePublished":"2025-12-21T13:56:55+00:00","breadcrumb":{"@id":"https:\/\/lequotidien.mr\/?p=33140&lang=fr#breadcrumb"},"inLanguage":"ar","potentialAction":[{"@type":"ReadAction","target":["https:\/\/lequotidien.mr\/?p=33140&lang=fr"]}]},{"@type":"ImageObject","inLanguage":"ar","@id":"https:\/\/lequotidien.mr\/?p=33140&lang=fr#primaryimage","url":"https:\/\/lequotidien.mr\/wp-content\/uploads\/2025\/12\/photo-tir-cible.jpg","contentUrl":"https:\/\/lequotidien.mr\/wp-content\/uploads\/2025\/12\/photo-tir-cible.jpg","width":750,"height":430},{"@type":"BreadcrumbList","@id":"https:\/\/lequotidien.mr\/?p=33140&lang=fr#breadcrumb","itemListElement":[{"@type":"ListItem","position":1,"name":"Home","item":"https:\/\/lequotidien.mr\/"},{"@type":"ListItem","position":2,"name":"Ouadane : Le Pr\u00e9sident El Ghazouani lance la Coupe pr\u00e9sidentielle de Tir \u00e0 la cible traditionnel"}]},{"@type":"WebSite","@id":"https:\/\/lequotidien.mr\/#website","url":"https:\/\/lequotidien.mr\/","name":"Le Quotidien de Nouakchott","description":"\u0625\u062e\u0628\u0627\u0631\u064a\u0629 \u0645\u0633\u062a\u0642\u0644\u0629 \u0644\u0644\u0623\u0646\u0628\u0627\u0621 \u0627\u0644\u0639\u0627\u0645\u0629","publisher":{"@id":"https:\/\/lequotidien.mr\/#organization"},"potentialAction":[{"@type":"SearchAction","target":{"@type":"EntryPoint","urlTemplate":"https:\/\/lequotidien.mr\/?s={search_term_string}"},"query-input":{"@type":"PropertyValueSpecification","valueRequired":true,"valueName":"search_term_string"}}],"inLanguage":"ar"},{"@type":"Organization","@id":"https:\/\/lequotidien.mr\/#organization","name":"Le Quotidien de Nouakchott","url":"https:\/\/lequotidien.mr\/","logo":{"@type":"ImageObject","inLanguage":"ar","@id":"https:\/\/lequotidien.mr\/#\/schema\/logo\/image\/","url":"https:\/\/lequotidien.mr\/wp-content\/uploads\/2022\/11\/logolequotidien.jpg","contentUrl":"https:\/\/lequotidien.mr\/wp-content\/uploads\/2022\/11\/logolequotidien.jpg","width":290,"height":65,"caption":"Le Quotidien de Nouakchott"},"image":{"@id":"https:\/\/lequotidien.mr\/#\/schema\/logo\/image\/"},"sameAs":["https:\/\/web.facebook.com\/lequotidienmr","https:\/\/x.com\/lequotidienmr"]},{"@type":"Person","@id":"https:\/\/lequotidien.mr\/#\/schema\/person\/d2d350202a4d599685ed8abc25f97596","name":"Med Ahmed","image":{"@type":"ImageObject","inLanguage":"ar","@id":"https:\/\/secure.gravatar.com\/avatar\/fd2acc62ed50732923d1d39c17172c9b04149f142be92310ecc69e1358f94b52?s=96&d=mm&r=g","url":"https:\/\/secure.gravatar.com\/avatar\/fd2acc62ed50732923d1d39c17172c9b04149f142be92310ecc69e1358f94b52?s=96&d=mm&r=g","contentUrl":"https:\/\/secure.gravatar.com\/avatar\/fd2acc62ed50732923d1d39c17172c9b04149f142be92310ecc69e1358f94b52?s=96&d=mm&r=g","caption":"Med Ahmed"},"url":"https:\/\/lequotidien.mr\/?author=12"}]}},"_links":{"self":[{"href":"https:\/\/lequotidien.mr\/index.php?rest_route=\/wp\/v2\/posts\/33140","targetHints":{"allow":["GET"]}}],"collection":[{"href":"https:\/\/lequotidien.mr\/index.php?rest_route=\/wp\/v2\/posts"}],"about":[{"href":"https:\/\/lequotidien.mr\/index.php?rest_route=\/wp\/v2\/types\/post"}],"author":[{"embeddable":true,"href":"https:\/\/lequotidien.mr\/index.php?rest_route=\/wp\/v2\/users\/12"}],"replies":[{"embeddable":true,"href":"https:\/\/lequotidien.mr\/index.php?rest_route=%2Fwp%2Fv2%2Fcomments&post=33140"}],"version-history":[{"count":1,"href":"https:\/\/lequotidien.mr\/index.php?rest_route=\/wp\/v2\/posts\/33140\/revisions"}],"predecessor-version":[{"id":33142,"href":"https:\/\/lequotidien.mr\/index.php?rest_route=\/wp\/v2\/posts\/33140\/revisions\/33142"}],"wp:featuredmedia":[{"embeddable":true,"href":"https:\/\/lequotidien.mr\/index.php?rest_route=\/wp\/v2\/media\/33141"}],"wp:attachment":[{"href":"https:\/\/lequotidien.mr\/index.php?rest_route=%2Fwp%2Fv2%2Fmedia&parent=33140"}],"wp:term":[{"taxonomy":"category","embeddable":true,"href":"https:\/\/lequotidien.mr\/index.php?rest_route=%2Fwp%2Fv2%2Fcategories&post=33140"},{"taxonomy":"post_tag","embeddable":true,"href":"https:\/\/lequotidien.mr\/index.php?rest_route=%2Fwp%2Fv2%2Ftags&post=33140"}],"curies":[{"name":"wp","href":"https:\/\/api.w.org\/{rel}","templated":true}]}}