{"id":33135,"date":"2025-12-20T22:49:17","date_gmt":"2025-12-20T22:49:17","guid":{"rendered":"https:\/\/lequotidien.mr\/?p=33135"},"modified":"2025-12-20T22:49:17","modified_gmt":"2025-12-20T22:49:17","slug":"le-president-el-ghazouani-met-a-lhonneur-le-patrimoine-vivant-a-ouadane-avec-une-course-de-chameaux-et-de-chevaux","status":"publish","type":"post","link":"https:\/\/lequotidien.mr\/?p=33135&lang=fr","title":{"rendered":"Le Pr\u00e9sident El Ghazouani met \u00e0 l&#8217;honneur le patrimoine vivant \u00e0 Ouadane avec une course de chameaux et de chevaux"},"content":{"rendered":"<p>Ouadane a vibr\u00e9 vendredi soir au rythme des sabots et des pas de course, lors d\u2019une prestigieuse comp\u00e9tition de chameaux et de chevaux, tenue sous le patronage du <strong>Pr\u00e9sident de la R\u00e9publique, Monsieur Mohamed Cheikh El Ghazouani<\/strong>.\u00a0Cet \u00e9v\u00e9nement haut en couleur et riche en traditions s\u2019inscrit dans le cadre des festivit\u00e9s de la quatorzi\u00e8me \u00e9dition du Festival des Villes du Patrimoine, dont Ouadane est l\u2019\u00e9crin historique.<\/p>\n<p>Sur les pistes de sable \u00e9clair\u00e9es par la lueur du soir, plus de <strong>30 chameaux et 22 chevaux,<\/strong> mont\u00e9s par des cavaliers et chameliers aguerris, se sont disput\u00e9 la premi\u00e8re place dans une atmosph\u00e8re de fervente \u00e9mulation. Ces courses, consid\u00e9r\u00e9es comme l\u2019un des sports traditionnels les plus anciens et les plus populaires du pays, sont bien plus qu\u2019une simple comp\u00e9tition ; elles sont l\u2019expression vivante d\u2019un patrimoine culturel et d\u2019un art de vivre ancestral, profond\u00e9ment ancr\u00e9 dans l\u2019identit\u00e9 mauritanienne.<\/p>\n<p>Le Pr\u00e9sident Ghazouani,\u00a0accompagn\u00e9 du ministre charg\u00e9 de cabinet du Pr\u00e9sident de la R\u00e9publique, du <strong>ministre de la Culture, des Arts, de la Communication et des Relations avec le Parlement, porte-parole du gouvernement, M. El Housseine Meddou<\/strong>, ainsi que des autorit\u00e9s r\u00e9gionales et locales, a suivi avec attention les diff\u00e9rentes \u00e9preuves, saluant la ma\u00eetrise des participants et l\u2019enthousiasme du public.<\/p>\n<p>\u00c0 l\u2019issue des courses, le Chef de l\u2019\u00c9tat a\u00a0personnellement remis le premier prix au <strong>cavalier vainqueur, Monsieur Mohamed Amar<\/strong>, et au <strong>chamelier vainqueur, Monsieur M\u2019rabih Cheikh Malainine<\/strong>, marquant ainsi la haute consid\u00e9ration port\u00e9e par les plus hautes autorit\u00e9s du pays \u00e0 la pr\u00e9servation et la promotion de ces traditions.<\/p>\n<p>Les autres laur\u00e9ats des diff\u00e9rentes cat\u00e9gories recevront quant \u00e0 eux leurs r\u00e9compenses, constitu\u00e9es de\u00a0prix de valeur, lors de la c\u00e9r\u00e9monie de cl\u00f4ture solennelle du Festival des Villes du Patrimoine, pr\u00e9vue dans les prochains jours. Cette annonce maintient l\u2019attente et l\u2019engouement autour des festivit\u00e9s.<\/p>\n<p>Cette soir\u00e9e traditionnelle s\u2019est tenue juste apr\u00e8s le lancement, plus t\u00f4t dans la journ\u00e9e, d\u2019un\u00a0vaste programme de d\u00e9veloppement int\u00e9gr\u00e9 pour la ville de Ouadane, supervis\u00e9 \u00e9galement par le Pr\u00e9sident Ghazouani. Les deux \u00e9v\u00e9nements illustrent la double volont\u00e9 des pouvoirs publics :\u00a0soutenir le d\u00e9veloppement infrastructurel et \u00e9conomique des villes historiques, tout en pr\u00e9servant et en c\u00e9l\u00e9brant activement leur patrimoine culturel immat\u00e9riel, socle de l\u2019identit\u00e9 nationale.<\/p>\n<p>La pr\u00e9sence du Pr\u00e9sident de la R\u00e9publique \u00e0 ces deux temps forts du festival envoie un signal fort sur l\u2019importance accord\u00e9e \u00e0 l\u2019ensemble du pays, et particuli\u00e8rement \u00e0 ses r\u00e9gions patrimoniales, dans une vision \u00e9quilibr\u00e9e entre modernit\u00e9 n\u00e9cessaire et fid\u00e9lit\u00e9 aux racines.<\/p>\n<p>&nbsp;<\/p>\n<p>&nbsp;<\/p>\n","protected":false},"excerpt":{"rendered":"<p>Ouadane a vibr\u00e9 vendredi soir au rythme des sabots et des pas de course, lors d\u2019une prestigieuse comp\u00e9tition de chameaux et de chevaux, tenue sous le patronage du Pr\u00e9sident de la R\u00e9publique, Monsieur Mohamed Cheikh El Ghazouani.\u00a0Cet \u00e9v\u00e9nement haut en couleur et riche en traditions s\u2019inscrit dans le cadre des festivit\u00e9s de la quatorzi\u00e8me \u00e9dition&#8230;..<\/p>\n","protected":false},"author":12,"featured_media":33136,"comment_status":"open","ping_status":"open","sticky":false,"template":"","format":"standard","meta":{"footnotes":""},"categories":[23,55],"tags":[],"class_list":["post-33135","post","type-post","status-publish","format-standard","has-post-thumbnail","hentry","category-actualite","category-culture"],"yoast_head":"<!-- This site is optimized with the Yoast SEO plugin v27.5 - https:\/\/yoast.com\/product\/yoast-seo-wordpress\/ -->\n<title>Le Pr\u00e9sident El Ghazouani met \u00e0 l&#039;honneur le patrimoine vivant \u00e0 Ouadane avec une course de chameaux et de chevaux - Le Quotidien de Nouakchott<\/title>\n<meta name=\"robots\" content=\"index, follow, max-snippet:-1, max-image-preview:large, max-video-preview:-1\" \/>\n<link rel=\"canonical\" href=\"https:\/\/lequotidien.mr\/?p=33135&lang=fr\" \/>\n<meta property=\"og:locale\" content=\"ar_AR\" \/>\n<meta property=\"og:type\" content=\"article\" \/>\n<meta property=\"og:title\" content=\"Le Pr\u00e9sident El Ghazouani met \u00e0 l&#039;honneur le patrimoine vivant \u00e0 Ouadane avec une course de chameaux et de chevaux - Le Quotidien de Nouakchott\" \/>\n<meta property=\"og:description\" content=\"Ouadane a vibr\u00e9 vendredi soir au rythme des sabots et des pas de course, lors d\u2019une prestigieuse comp\u00e9tition de chameaux et de chevaux, tenue sous le patronage du Pr\u00e9sident de la R\u00e9publique, Monsieur Mohamed Cheikh El Ghazouani.\u00a0Cet \u00e9v\u00e9nement haut en couleur et riche en traditions s\u2019inscrit dans le cadre des festivit\u00e9s de la quatorzi\u00e8me \u00e9dition.....\" \/>\n<meta property=\"og:url\" content=\"https:\/\/lequotidien.mr\/?p=33135&amp;lang=fr\" \/>\n<meta property=\"og:site_name\" content=\"Le Quotidien de Nouakchott\" \/>\n<meta property=\"article:publisher\" content=\"https:\/\/web.facebook.com\/lequotidienmr\" \/>\n<meta property=\"article:published_time\" content=\"2025-12-20T22:49:17+00:00\" \/>\n<meta property=\"og:image\" content=\"https:\/\/lequotidien.mr\/wp-content\/uploads\/2025\/12\/photo-course-chmx.jpg\" \/>\n\t<meta property=\"og:image:width\" content=\"750\" \/>\n\t<meta property=\"og:image:height\" content=\"365\" \/>\n\t<meta property=\"og:image:type\" content=\"image\/jpeg\" \/>\n<meta name=\"author\" content=\"Med Ahmed\" \/>\n<meta name=\"twitter:card\" content=\"summary_large_image\" \/>\n<meta name=\"twitter:creator\" content=\"@lequotidienmr\" \/>\n<meta name=\"twitter:site\" content=\"@lequotidienmr\" \/>\n<meta name=\"twitter:label1\" content=\"\u0643\u064f\u062a\u0628 \u0628\u0648\u0627\u0633\u0637\u0629\" \/>\n\t<meta name=\"twitter:data1\" content=\"Med Ahmed\" \/>\n\t<meta name=\"twitter:label2\" content=\"\u0648\u0642\u062a \u0627\u0644\u0642\u0631\u0627\u0621\u0629 \u0627\u0644\u0645\u064f\u0642\u062f\u0651\u0631\" \/>\n\t<meta name=\"twitter:data2\" content=\"4 \u062f\u0642\u0627\u0626\u0642\" \/>\n<script type=\"application\/ld+json\" class=\"yoast-schema-graph\">{\"@context\":\"https:\\\/\\\/schema.org\",\"@graph\":[{\"@type\":\"Article\",\"@id\":\"https:\\\/\\\/lequotidien.mr\\\/?p=33135&lang=fr#article\",\"isPartOf\":{\"@id\":\"https:\\\/\\\/lequotidien.mr\\\/?p=33135&lang=fr\"},\"author\":{\"name\":\"Med Ahmed\",\"@id\":\"https:\\\/\\\/lequotidien.mr\\\/#\\\/schema\\\/person\\\/d2d350202a4d599685ed8abc25f97596\"},\"headline\":\"Le Pr\u00e9sident El Ghazouani met \u00e0 l&#8217;honneur le patrimoine vivant \u00e0 Ouadane avec une course de chameaux et de chevaux\",\"datePublished\":\"2025-12-20T22:49:17+00:00\",\"mainEntityOfPage\":{\"@id\":\"https:\\\/\\\/lequotidien.mr\\\/?p=33135&lang=fr\"},\"wordCount\":497,\"commentCount\":0,\"publisher\":{\"@id\":\"https:\\\/\\\/lequotidien.mr\\\/#organization\"},\"image\":{\"@id\":\"https:\\\/\\\/lequotidien.mr\\\/?p=33135&lang=fr#primaryimage\"},\"thumbnailUrl\":\"https:\\\/\\\/lequotidien.mr\\\/wp-content\\\/uploads\\\/2025\\\/12\\\/photo-course-chmx.jpg\",\"articleSection\":[\"ACTUALIT\u00c9\",\"Culture\"],\"inLanguage\":\"ar\",\"potentialAction\":[{\"@type\":\"CommentAction\",\"name\":\"Comment\",\"target\":[\"https:\\\/\\\/lequotidien.mr\\\/?p=33135&lang=fr#respond\"]}]},{\"@type\":\"WebPage\",\"@id\":\"https:\\\/\\\/lequotidien.mr\\\/?p=33135&lang=fr\",\"url\":\"https:\\\/\\\/lequotidien.mr\\\/?p=33135&lang=fr\",\"name\":\"Le Pr\u00e9sident El Ghazouani met \u00e0 l'honneur le patrimoine vivant \u00e0 Ouadane avec une course de chameaux et de chevaux - Le Quotidien de Nouakchott\",\"isPartOf\":{\"@id\":\"https:\\\/\\\/lequotidien.mr\\\/#website\"},\"primaryImageOfPage\":{\"@id\":\"https:\\\/\\\/lequotidien.mr\\\/?p=33135&lang=fr#primaryimage\"},\"image\":{\"@id\":\"https:\\\/\\\/lequotidien.mr\\\/?p=33135&lang=fr#primaryimage\"},\"thumbnailUrl\":\"https:\\\/\\\/lequotidien.mr\\\/wp-content\\\/uploads\\\/2025\\\/12\\\/photo-course-chmx.jpg\",\"datePublished\":\"2025-12-20T22:49:17+00:00\",\"breadcrumb\":{\"@id\":\"https:\\\/\\\/lequotidien.mr\\\/?p=33135&lang=fr#breadcrumb\"},\"inLanguage\":\"ar\",\"potentialAction\":[{\"@type\":\"ReadAction\",\"target\":[\"https:\\\/\\\/lequotidien.mr\\\/?p=33135&lang=fr\"]}]},{\"@type\":\"ImageObject\",\"inLanguage\":\"ar\",\"@id\":\"https:\\\/\\\/lequotidien.mr\\\/?p=33135&lang=fr#primaryimage\",\"url\":\"https:\\\/\\\/lequotidien.mr\\\/wp-content\\\/uploads\\\/2025\\\/12\\\/photo-course-chmx.jpg\",\"contentUrl\":\"https:\\\/\\\/lequotidien.mr\\\/wp-content\\\/uploads\\\/2025\\\/12\\\/photo-course-chmx.jpg\",\"width\":750,\"height\":365},{\"@type\":\"BreadcrumbList\",\"@id\":\"https:\\\/\\\/lequotidien.mr\\\/?p=33135&lang=fr#breadcrumb\",\"itemListElement\":[{\"@type\":\"ListItem\",\"position\":1,\"name\":\"Home\",\"item\":\"https:\\\/\\\/lequotidien.mr\\\/\"},{\"@type\":\"ListItem\",\"position\":2,\"name\":\"Le Pr\u00e9sident El Ghazouani met \u00e0 l&rsquo;honneur le patrimoine vivant \u00e0 Ouadane avec une course de chameaux et de chevaux\"}]},{\"@type\":\"WebSite\",\"@id\":\"https:\\\/\\\/lequotidien.mr\\\/#website\",\"url\":\"https:\\\/\\\/lequotidien.mr\\\/\",\"name\":\"Le Quotidien de Nouakchott\",\"description\":\"\u0625\u062e\u0628\u0627\u0631\u064a\u0629 \u0645\u0633\u062a\u0642\u0644\u0629 \u0644\u0644\u0623\u0646\u0628\u0627\u0621 \u0627\u0644\u0639\u0627\u0645\u0629\",\"publisher\":{\"@id\":\"https:\\\/\\\/lequotidien.mr\\\/#organization\"},\"potentialAction\":[{\"@type\":\"SearchAction\",\"target\":{\"@type\":\"EntryPoint\",\"urlTemplate\":\"https:\\\/\\\/lequotidien.mr\\\/?s={search_term_string}\"},\"query-input\":{\"@type\":\"PropertyValueSpecification\",\"valueRequired\":true,\"valueName\":\"search_term_string\"}}],\"inLanguage\":\"ar\"},{\"@type\":\"Organization\",\"@id\":\"https:\\\/\\\/lequotidien.mr\\\/#organization\",\"name\":\"Le Quotidien de Nouakchott\",\"url\":\"https:\\\/\\\/lequotidien.mr\\\/\",\"logo\":{\"@type\":\"ImageObject\",\"inLanguage\":\"ar\",\"@id\":\"https:\\\/\\\/lequotidien.mr\\\/#\\\/schema\\\/logo\\\/image\\\/\",\"url\":\"https:\\\/\\\/lequotidien.mr\\\/wp-content\\\/uploads\\\/2022\\\/11\\\/logolequotidien.jpg\",\"contentUrl\":\"https:\\\/\\\/lequotidien.mr\\\/wp-content\\\/uploads\\\/2022\\\/11\\\/logolequotidien.jpg\",\"width\":290,\"height\":65,\"caption\":\"Le Quotidien de Nouakchott\"},\"image\":{\"@id\":\"https:\\\/\\\/lequotidien.mr\\\/#\\\/schema\\\/logo\\\/image\\\/\"},\"sameAs\":[\"https:\\\/\\\/web.facebook.com\\\/lequotidienmr\",\"https:\\\/\\\/x.com\\\/lequotidienmr\"]},{\"@type\":\"Person\",\"@id\":\"https:\\\/\\\/lequotidien.mr\\\/#\\\/schema\\\/person\\\/d2d350202a4d599685ed8abc25f97596\",\"name\":\"Med Ahmed\",\"image\":{\"@type\":\"ImageObject\",\"inLanguage\":\"ar\",\"@id\":\"https:\\\/\\\/secure.gravatar.com\\\/avatar\\\/fd2acc62ed50732923d1d39c17172c9b04149f142be92310ecc69e1358f94b52?s=96&d=mm&r=g\",\"url\":\"https:\\\/\\\/secure.gravatar.com\\\/avatar\\\/fd2acc62ed50732923d1d39c17172c9b04149f142be92310ecc69e1358f94b52?s=96&d=mm&r=g\",\"contentUrl\":\"https:\\\/\\\/secure.gravatar.com\\\/avatar\\\/fd2acc62ed50732923d1d39c17172c9b04149f142be92310ecc69e1358f94b52?s=96&d=mm&r=g\",\"caption\":\"Med Ahmed\"},\"url\":\"https:\\\/\\\/lequotidien.mr\\\/?author=12\"}]}<\/script>\n<!-- \/ Yoast SEO plugin. -->","yoast_head_json":{"title":"Le Pr\u00e9sident El Ghazouani met \u00e0 l'honneur le patrimoine vivant \u00e0 Ouadane avec une course de chameaux et de chevaux - Le Quotidien de Nouakchott","robots":{"index":"index","follow":"follow","max-snippet":"max-snippet:-1","max-image-preview":"max-image-preview:large","max-video-preview":"max-video-preview:-1"},"canonical":"https:\/\/lequotidien.mr\/?p=33135&lang=fr","og_locale":"ar_AR","og_type":"article","og_title":"Le Pr\u00e9sident El Ghazouani met \u00e0 l'honneur le patrimoine vivant \u00e0 Ouadane avec une course de chameaux et de chevaux - Le Quotidien de Nouakchott","og_description":"Ouadane a vibr\u00e9 vendredi soir au rythme des sabots et des pas de course, lors d\u2019une prestigieuse comp\u00e9tition de chameaux et de chevaux, tenue sous le patronage du Pr\u00e9sident de la R\u00e9publique, Monsieur Mohamed Cheikh El Ghazouani.\u00a0Cet \u00e9v\u00e9nement haut en couleur et riche en traditions s\u2019inscrit dans le cadre des festivit\u00e9s de la quatorzi\u00e8me \u00e9dition.....","og_url":"https:\/\/lequotidien.mr\/?p=33135&lang=fr","og_site_name":"Le Quotidien de Nouakchott","article_publisher":"https:\/\/web.facebook.com\/lequotidienmr","article_published_time":"2025-12-20T22:49:17+00:00","og_image":[{"width":750,"height":365,"url":"https:\/\/lequotidien.mr\/wp-content\/uploads\/2025\/12\/photo-course-chmx.jpg","type":"image\/jpeg"}],"author":"Med Ahmed","twitter_card":"summary_large_image","twitter_creator":"@lequotidienmr","twitter_site":"@lequotidienmr","twitter_misc":{"\u0643\u064f\u062a\u0628 \u0628\u0648\u0627\u0633\u0637\u0629":"Med Ahmed","\u0648\u0642\u062a \u0627\u0644\u0642\u0631\u0627\u0621\u0629 \u0627\u0644\u0645\u064f\u0642\u062f\u0651\u0631":"4 \u062f\u0642\u0627\u0626\u0642"},"schema":{"@context":"https:\/\/schema.org","@graph":[{"@type":"Article","@id":"https:\/\/lequotidien.mr\/?p=33135&lang=fr#article","isPartOf":{"@id":"https:\/\/lequotidien.mr\/?p=33135&lang=fr"},"author":{"name":"Med Ahmed","@id":"https:\/\/lequotidien.mr\/#\/schema\/person\/d2d350202a4d599685ed8abc25f97596"},"headline":"Le Pr\u00e9sident El Ghazouani met \u00e0 l&#8217;honneur le patrimoine vivant \u00e0 Ouadane avec une course de chameaux et de chevaux","datePublished":"2025-12-20T22:49:17+00:00","mainEntityOfPage":{"@id":"https:\/\/lequotidien.mr\/?p=33135&lang=fr"},"wordCount":497,"commentCount":0,"publisher":{"@id":"https:\/\/lequotidien.mr\/#organization"},"image":{"@id":"https:\/\/lequotidien.mr\/?p=33135&lang=fr#primaryimage"},"thumbnailUrl":"https:\/\/lequotidien.mr\/wp-content\/uploads\/2025\/12\/photo-course-chmx.jpg","articleSection":["ACTUALIT\u00c9","Culture"],"inLanguage":"ar","potentialAction":[{"@type":"CommentAction","name":"Comment","target":["https:\/\/lequotidien.mr\/?p=33135&lang=fr#respond"]}]},{"@type":"WebPage","@id":"https:\/\/lequotidien.mr\/?p=33135&lang=fr","url":"https:\/\/lequotidien.mr\/?p=33135&lang=fr","name":"Le Pr\u00e9sident El Ghazouani met \u00e0 l'honneur le patrimoine vivant \u00e0 Ouadane avec une course de chameaux et de chevaux - Le Quotidien de Nouakchott","isPartOf":{"@id":"https:\/\/lequotidien.mr\/#website"},"primaryImageOfPage":{"@id":"https:\/\/lequotidien.mr\/?p=33135&lang=fr#primaryimage"},"image":{"@id":"https:\/\/lequotidien.mr\/?p=33135&lang=fr#primaryimage"},"thumbnailUrl":"https:\/\/lequotidien.mr\/wp-content\/uploads\/2025\/12\/photo-course-chmx.jpg","datePublished":"2025-12-20T22:49:17+00:00","breadcrumb":{"@id":"https:\/\/lequotidien.mr\/?p=33135&lang=fr#breadcrumb"},"inLanguage":"ar","potentialAction":[{"@type":"ReadAction","target":["https:\/\/lequotidien.mr\/?p=33135&lang=fr"]}]},{"@type":"ImageObject","inLanguage":"ar","@id":"https:\/\/lequotidien.mr\/?p=33135&lang=fr#primaryimage","url":"https:\/\/lequotidien.mr\/wp-content\/uploads\/2025\/12\/photo-course-chmx.jpg","contentUrl":"https:\/\/lequotidien.mr\/wp-content\/uploads\/2025\/12\/photo-course-chmx.jpg","width":750,"height":365},{"@type":"BreadcrumbList","@id":"https:\/\/lequotidien.mr\/?p=33135&lang=fr#breadcrumb","itemListElement":[{"@type":"ListItem","position":1,"name":"Home","item":"https:\/\/lequotidien.mr\/"},{"@type":"ListItem","position":2,"name":"Le Pr\u00e9sident El Ghazouani met \u00e0 l&rsquo;honneur le patrimoine vivant \u00e0 Ouadane avec une course de chameaux et de chevaux"}]},{"@type":"WebSite","@id":"https:\/\/lequotidien.mr\/#website","url":"https:\/\/lequotidien.mr\/","name":"Le Quotidien de Nouakchott","description":"\u0625\u062e\u0628\u0627\u0631\u064a\u0629 \u0645\u0633\u062a\u0642\u0644\u0629 \u0644\u0644\u0623\u0646\u0628\u0627\u0621 \u0627\u0644\u0639\u0627\u0645\u0629","publisher":{"@id":"https:\/\/lequotidien.mr\/#organization"},"potentialAction":[{"@type":"SearchAction","target":{"@type":"EntryPoint","urlTemplate":"https:\/\/lequotidien.mr\/?s={search_term_string}"},"query-input":{"@type":"PropertyValueSpecification","valueRequired":true,"valueName":"search_term_string"}}],"inLanguage":"ar"},{"@type":"Organization","@id":"https:\/\/lequotidien.mr\/#organization","name":"Le Quotidien de Nouakchott","url":"https:\/\/lequotidien.mr\/","logo":{"@type":"ImageObject","inLanguage":"ar","@id":"https:\/\/lequotidien.mr\/#\/schema\/logo\/image\/","url":"https:\/\/lequotidien.mr\/wp-content\/uploads\/2022\/11\/logolequotidien.jpg","contentUrl":"https:\/\/lequotidien.mr\/wp-content\/uploads\/2022\/11\/logolequotidien.jpg","width":290,"height":65,"caption":"Le Quotidien de Nouakchott"},"image":{"@id":"https:\/\/lequotidien.mr\/#\/schema\/logo\/image\/"},"sameAs":["https:\/\/web.facebook.com\/lequotidienmr","https:\/\/x.com\/lequotidienmr"]},{"@type":"Person","@id":"https:\/\/lequotidien.mr\/#\/schema\/person\/d2d350202a4d599685ed8abc25f97596","name":"Med Ahmed","image":{"@type":"ImageObject","inLanguage":"ar","@id":"https:\/\/secure.gravatar.com\/avatar\/fd2acc62ed50732923d1d39c17172c9b04149f142be92310ecc69e1358f94b52?s=96&d=mm&r=g","url":"https:\/\/secure.gravatar.com\/avatar\/fd2acc62ed50732923d1d39c17172c9b04149f142be92310ecc69e1358f94b52?s=96&d=mm&r=g","contentUrl":"https:\/\/secure.gravatar.com\/avatar\/fd2acc62ed50732923d1d39c17172c9b04149f142be92310ecc69e1358f94b52?s=96&d=mm&r=g","caption":"Med Ahmed"},"url":"https:\/\/lequotidien.mr\/?author=12"}]}},"_links":{"self":[{"href":"https:\/\/lequotidien.mr\/index.php?rest_route=\/wp\/v2\/posts\/33135","targetHints":{"allow":["GET"]}}],"collection":[{"href":"https:\/\/lequotidien.mr\/index.php?rest_route=\/wp\/v2\/posts"}],"about":[{"href":"https:\/\/lequotidien.mr\/index.php?rest_route=\/wp\/v2\/types\/post"}],"author":[{"embeddable":true,"href":"https:\/\/lequotidien.mr\/index.php?rest_route=\/wp\/v2\/users\/12"}],"replies":[{"embeddable":true,"href":"https:\/\/lequotidien.mr\/index.php?rest_route=%2Fwp%2Fv2%2Fcomments&post=33135"}],"version-history":[{"count":1,"href":"https:\/\/lequotidien.mr\/index.php?rest_route=\/wp\/v2\/posts\/33135\/revisions"}],"predecessor-version":[{"id":33137,"href":"https:\/\/lequotidien.mr\/index.php?rest_route=\/wp\/v2\/posts\/33135\/revisions\/33137"}],"wp:featuredmedia":[{"embeddable":true,"href":"https:\/\/lequotidien.mr\/index.php?rest_route=\/wp\/v2\/media\/33136"}],"wp:attachment":[{"href":"https:\/\/lequotidien.mr\/index.php?rest_route=%2Fwp%2Fv2%2Fmedia&parent=33135"}],"wp:term":[{"taxonomy":"category","embeddable":true,"href":"https:\/\/lequotidien.mr\/index.php?rest_route=%2Fwp%2Fv2%2Fcategories&post=33135"},{"taxonomy":"post_tag","embeddable":true,"href":"https:\/\/lequotidien.mr\/index.php?rest_route=%2Fwp%2Fv2%2Ftags&post=33135"}],"curies":[{"name":"wp","href":"https:\/\/api.w.org\/{rel}","templated":true}]}}