{"id":33027,"date":"2025-12-15T21:08:10","date_gmt":"2025-12-15T21:08:10","guid":{"rendered":"https:\/\/lequotidien.mr\/?p=33027"},"modified":"2025-12-15T21:08:10","modified_gmt":"2025-12-15T21:08:10","slug":"assaba-pose-de-la-premiere-pierre-du-projet-dapprovisionnement-en-eau-potable-de-la-ville-kiffa-depuis-le-fleuve-senegal","status":"publish","type":"post","link":"https:\/\/lequotidien.mr\/?p=33027&lang=fr","title":{"rendered":"Assaba : Pose de la premi\u00e8re pierre du projet d\u2019approvisionnement en eau potable de la ville Kiffa depuis le fleuve S\u00e9n\u00e9gal"},"content":{"rendered":"<p>Le <strong>Pr\u00e9sident de la R\u00e9publique, Monsieur Mohamed Cheikh El Ghazouani<\/strong>, a pr\u00e9sid\u00e9, dimanche soir depuis la localit\u00e9 de <strong><em>\u00ab Toueimirt Voullane \u00bb<\/em><\/strong>, au sud de Kiffa, la c\u00e9r\u00e9monie solennelle de pose de la premi\u00e8re pierre du projet strat\u00e9gique d\u2019approvisionnement en eau potable de la ville de Kiffa et des localit\u00e9s avoisinantes depuis le fleuve S\u00e9n\u00e9gal. Cet \u00e9v\u00e9nement marque le d\u00e9but des travaux d\u2019une infrastructure majeure destin\u00e9e \u00e0 r\u00e9soudre durablement le d\u00e9ficit hydrique dans la r\u00e9gion de l\u2019Assaba.<\/p>\n<p><strong>Un projet d\u2019envergure nationale<\/strong><\/p>\n<p>Avant de proc\u00e9der \u00e0 la pose de la pierre inaugurale et au d\u00e9voilement de la plaque comm\u00e9morative, le Chef de l\u2019\u00c9tat a suivi une pr\u00e9sentation d\u00e9taill\u00e9e des composantes du projet. Ce dernier pr\u00e9voit la construction de plus de\u00a0<strong>780 kilom\u00e8tres de canalisations<\/strong>\u00a0pour acheminer l\u2019eau du fleuve S\u00e9n\u00e9gal vers des dizaines de villes et villages, de <strong>Kour\u00e9<\/strong> \u00e0 <strong>S\u00e9libabi<\/strong>, en passant par <strong>Kankoussa<\/strong>, <strong>Hassi Chegar<\/strong> et <strong>Kiffa<\/strong>. Avec un\u00a0<strong>co\u00fbt total de plus de 317 millions de dollars<\/strong>\u00a0(soit plus de 300 millions d\u2019euros), financ\u00e9 par un consortium de six fonds arabes, islamiques et internationaux, le projet b\u00e9n\u00e9ficiera, une fois achev\u00e9, \u00e0\u00a0<strong>plus de 180 000 citoyens<\/strong>\u00a0directement, avec un impact positif attendu sur pr\u00e8s d\u2019un demi-million de personnes \u00e0 terme.<\/p>\n<p><strong>Discours de la Ministre de l\u2019Hydraulique : Une vision de transformation<\/strong><\/p>\n<p>La <strong>ministre de l\u2019Hydraulique et de l\u2019Assainissement, Mme\u00a0Amal Maouloud<\/strong>, a ouvert les allocutions en exprimant la gratitude du gouvernement envers le Pr\u00e9sident de la R\u00e9publique et les partenaires au d\u00e9veloppement. Elle a soulign\u00e9 le caract\u00e8re\u00a0<strong><em>\u00ab strat\u00e9gique \u00bb<\/em><\/strong>\u00a0de cette r\u00e9alisation, qui <strong><em>\u00ab incarne l\u2019ampleur de l\u2019ambition nationale et la volont\u00e9 sinc\u00e8re de transformer les d\u00e9fis en opportunit\u00e9s \u00bb.<\/em><\/strong><\/p>\n<p><strong><em>\u00ab Ce projet, attendu depuis longtemps par les habitants de Kiffa et sa r\u00e9gion, s\u2019inscrit dans une\u00a0vision gouvernementale garantissant l\u2019\u00e9quit\u00e9 dans l\u2019acc\u00e8s aux services de base<\/em><\/strong>\u00a0<strong><em>\u00bb<\/em><\/strong>, a-t-elle d\u00e9clar\u00e9. Elle a \u00e9galement salu\u00e9 le r\u00f4le crucial de la diplomatie nationale dans la mobilisation des financements et la confiance des bailleurs.<\/p>\n<p><strong>Les autorit\u00e9s locales saluent une initiative historique<\/strong><\/p>\n<p>Le <strong>pr\u00e9sident de la r\u00e9gion de l\u2019Assaba, M.\u00a0<\/strong><strong>Mohamed Mahmoud Habib<\/strong>, a affirm\u00e9 que ce projet permettra \u00e0 Kiffa,\u00a0<strong><em>\u00ab deuxi\u00e8me grande ville du pays \u00bb<\/em><\/strong><em>, <strong>de surmonter \u00ab le plus grand obstacle au d\u00e9veloppement \u00bb<\/strong> <\/em>qu\u2019elle connaissait. Il a \u00e9voqu\u00e9 les autres projets hydrauliques en cours dans la wilaya, dont 112 puits art\u00e9siens dans le cadre du programme d\u2019urgence de d\u00e9veloppement local.<\/p>\n<p>Le <strong>maire de la commune de Kiffa, M.\u00a0Jemal Keboud<\/strong>, a pour sa part qualifi\u00e9 ce moment\u00a0<strong><em>\u00ab d\u2019historique \u00bb<\/em><\/strong><em>. <strong>\u00ab La ville de Kiffa a souffert pendant plusieurs d\u00e9cennies d\u2019une grave p\u00e9nurie d\u2019eau due \u00e0 la raret\u00e9 des eaux souterraines. Aujourd\u2019hui, nous r\u00e9coltons les fruits de la politique de d\u00e9veloppement du Pr\u00e9sident El Ghazouani, une politique bas\u00e9e sur la justice et l\u2019\u00e9quit\u00e9 \u00bb<\/strong><\/em><strong>,<\/strong> a-t-il d\u00e9clar\u00e9.<\/p>\n<p><strong>Les partenaires financiers : Un soutien multilat\u00e9ral affirm\u00e9<\/strong><\/p>\n<p>La c\u00e9r\u00e9monie a \u00e9t\u00e9 marqu\u00e9e par les interventions des principaux bailleurs de fonds, illustrant le large soutien international dont b\u00e9n\u00e9ficie le projet.<\/p>\n<p><strong>Le Fonds Saoudien pour le D\u00e9veloppement (FSD)<\/strong>\u00a0: Repr\u00e9sent\u00e9 par son <strong>PDG, M.\u00a0Sultan ben Abderrahmane Al-Marshad<\/strong>, pr\u00e9sident de la coalition des bailleurs, le FSD contribue \u00e0 hauteur de\u00a0<strong>100 millions de dollars<\/strong>, soit plus de 30% du financement. M. Al-Marshad a rappel\u00e9 le\u00a0<strong>partenariat de plus de 45 ans<\/strong>\u00a0entre son institution et la Mauritanie, ayant mobilis\u00e9 pr\u00e8s d\u2019un milliard de dollars pour 31 projets.<\/p>\n<p><strong>Le Fonds Arabe pour le D\u00e9veloppement \u00c9conomique et Social (FADES)<\/strong>\u00a0: Son <strong>pr\u00e9sident, M.\u00a0Fawzi Youssef Al-Haneef<\/strong>, a soulign\u00e9 que l\u2019eau \u00e9tait une\u00a0<strong><em>\u00ab priorit\u00e9 absolue \u00bb<\/em><\/strong>\u00a0pour les interventions du Fonds. Il a indiqu\u00e9 que\u00a0<strong>92 villes et villages<\/strong>\u00a0b\u00e9n\u00e9ficieront de ce projet <strong>\u00ab pionnier \u00bb.<\/strong><\/p>\n<p><strong>La Banque Islamique de D\u00e9veloppement (BID)<\/strong>\u00a0: <strong>M.\u00a0Ahmed AG ABOUBACRINE, directeur du bureau r\u00e9gional \u00e0 Rabat<\/strong>, a mis en avant l\u2019alignement du projet avec les\u00a0<strong>Objectifs de D\u00e9veloppement Durable (ODD)<\/strong>, notamment l\u2019ODD 6 sur l\u2019acc\u00e8s \u00e0 l\u2019eau pour tous. Il a salu\u00e9 le leadership du Pr\u00e9sident El Ghazouani.<\/p>\n<p><strong>Le Fonds Kowe\u00eftien pour le D\u00e9veloppement \u00c9conomique Arabe<\/strong>\u00a0: Son <strong>Directeur G\u00e9n\u00e9ral, M.\u00a0Walid Shamlan Ahmed Al-Bahar<\/strong>, a vu dans ce projet une nouvelle \u00e9tape de la\u00a0<strong>coop\u00e9ration fructueuse<\/strong>\u00a0entre le Kowe\u00eft et la Mauritanie.<\/p>\n<p><strong>Le Fonds de l\u2019OPEP pour le D\u00e9veloppement (OFID)<\/strong>\u00a0: M.\u00a0<strong>Mahmoud Khan<\/strong>, Directeur G\u00e9n\u00e9ral des Op\u00e9rations, a r\u00e9affirm\u00e9 l\u2019engagement de l\u2019OFID, pr\u00e9sent depuis 1976, \u00e0 soutenir les efforts de d\u00e9veloppement durable en Mauritanie.<\/p>\n<p>La pr\u00e9sence et le patronage direct du Pr\u00e9sident\u00a0<strong>Mohamed Cheikh El Ghazouani<\/strong>\u00a0\u00e0 cette c\u00e9r\u00e9monie soulignent la place centrale que rev\u00eat le\u00a0<strong>secteur de l\u2019eau<\/strong>\u00a0dans la politique de d\u00e9veloppement et de coh\u00e9sion sociale de son quinquennat. En visant \u00e0 garantir l\u2019acc\u00e8s \u00e9quitable \u00e0 l\u2019eau potable, ce projet s\u2019attaque \u00e0 un d\u00e9fi fondamental pour la sant\u00e9 publique, la stabilit\u00e9 des populations, le d\u00e9veloppement \u00e9conomique local et l\u2019\u00e9quit\u00e9 territoriale.<\/p>\n<p>La conclusion des discours a r\u00e9it\u00e9r\u00e9 l\u2019engagement du gouvernement \u00e0 poursuivre la mise en \u0153uvre de grands projets structurants,\u00a0<strong><em>\u00ab en application des directives du Pr\u00e9sident de la R\u00e9publique \u00bb<\/em><\/strong><em>,<\/em> traduisant ainsi une volont\u00e9 politique forte de transformer concr\u00e8tement les conditions de vie des Mauritaniens, particuli\u00e8rement dans les r\u00e9gions de l\u2019int\u00e9rieur du pays.<\/p>\n","protected":false},"excerpt":{"rendered":"<p>Le Pr\u00e9sident de la R\u00e9publique, Monsieur Mohamed Cheikh El Ghazouani, a pr\u00e9sid\u00e9, dimanche soir depuis la localit\u00e9 de \u00ab Toueimirt Voullane \u00bb, au sud de Kiffa, la c\u00e9r\u00e9monie solennelle de pose de la premi\u00e8re pierre du projet strat\u00e9gique d\u2019approvisionnement en eau potable de la ville de Kiffa et des localit\u00e9s avoisinantes depuis le fleuve S\u00e9n\u00e9gal&#8230;&#8230;<\/p>\n","protected":false},"author":12,"featured_media":33028,"comment_status":"open","ping_status":"open","sticky":false,"template":"","format":"standard","meta":{"footnotes":""},"categories":[23,49],"tags":[],"class_list":["post-33027","post","type-post","status-publish","format-standard","has-post-thumbnail","hentry","category-actualite","category-economie"],"yoast_head":"<!-- This site is optimized with the Yoast SEO plugin v27.5 - https:\/\/yoast.com\/product\/yoast-seo-wordpress\/ -->\n<title>Assaba : Pose de la premi\u00e8re pierre du projet d\u2019approvisionnement en eau potable de la ville Kiffa depuis le fleuve S\u00e9n\u00e9gal - Le Quotidien de Nouakchott<\/title>\n<meta name=\"robots\" content=\"index, follow, max-snippet:-1, max-image-preview:large, max-video-preview:-1\" \/>\n<link rel=\"canonical\" href=\"https:\/\/lequotidien.mr\/?p=33027&lang=fr\" \/>\n<meta property=\"og:locale\" content=\"ar_AR\" \/>\n<meta property=\"og:type\" content=\"article\" \/>\n<meta property=\"og:title\" content=\"Assaba : Pose de la premi\u00e8re pierre du projet d\u2019approvisionnement en eau potable de la ville Kiffa depuis le fleuve S\u00e9n\u00e9gal - Le Quotidien de Nouakchott\" \/>\n<meta property=\"og:description\" content=\"Le Pr\u00e9sident de la R\u00e9publique, Monsieur Mohamed Cheikh El Ghazouani, a pr\u00e9sid\u00e9, dimanche soir depuis la localit\u00e9 de \u00ab Toueimirt Voullane \u00bb, au sud de Kiffa, la c\u00e9r\u00e9monie solennelle de pose de la premi\u00e8re pierre du projet strat\u00e9gique d\u2019approvisionnement en eau potable de la ville de Kiffa et des localit\u00e9s avoisinantes depuis le fleuve S\u00e9n\u00e9gal......\" \/>\n<meta property=\"og:url\" content=\"https:\/\/lequotidien.mr\/?p=33027&amp;lang=fr\" \/>\n<meta property=\"og:site_name\" content=\"Le Quotidien de Nouakchott\" \/>\n<meta property=\"article:publisher\" content=\"https:\/\/web.facebook.com\/lequotidienmr\" \/>\n<meta property=\"article:published_time\" content=\"2025-12-15T21:08:10+00:00\" \/>\n<meta property=\"og:image\" content=\"https:\/\/lequotidien.mr\/wp-content\/uploads\/2025\/12\/photo-eau-Kiffa.jpg\" \/>\n\t<meta property=\"og:image:width\" content=\"750\" \/>\n\t<meta property=\"og:image:height\" content=\"430\" \/>\n\t<meta property=\"og:image:type\" content=\"image\/jpeg\" \/>\n<meta name=\"author\" content=\"Med Ahmed\" \/>\n<meta name=\"twitter:card\" content=\"summary_large_image\" \/>\n<meta name=\"twitter:creator\" content=\"@lequotidienmr\" \/>\n<meta name=\"twitter:site\" content=\"@lequotidienmr\" \/>\n<meta name=\"twitter:label1\" content=\"\u0643\u064f\u062a\u0628 \u0628\u0648\u0627\u0633\u0637\u0629\" \/>\n\t<meta name=\"twitter:data1\" content=\"Med Ahmed\" \/>\n\t<meta name=\"twitter:label2\" content=\"\u0648\u0642\u062a \u0627\u0644\u0642\u0631\u0627\u0621\u0629 \u0627\u0644\u0645\u064f\u0642\u062f\u0651\u0631\" \/>\n\t<meta name=\"twitter:data2\" content=\"7 \u062f\u0642\u0627\u0626\u0642\" \/>\n<script type=\"application\/ld+json\" class=\"yoast-schema-graph\">{\"@context\":\"https:\\\/\\\/schema.org\",\"@graph\":[{\"@type\":\"Article\",\"@id\":\"https:\\\/\\\/lequotidien.mr\\\/?p=33027&lang=fr#article\",\"isPartOf\":{\"@id\":\"https:\\\/\\\/lequotidien.mr\\\/?p=33027&lang=fr\"},\"author\":{\"name\":\"Med Ahmed\",\"@id\":\"https:\\\/\\\/lequotidien.mr\\\/#\\\/schema\\\/person\\\/d2d350202a4d599685ed8abc25f97596\"},\"headline\":\"Assaba : Pose de la premi\u00e8re pierre du projet d\u2019approvisionnement en eau potable de la ville Kiffa depuis le fleuve S\u00e9n\u00e9gal\",\"datePublished\":\"2025-12-15T21:08:10+00:00\",\"mainEntityOfPage\":{\"@id\":\"https:\\\/\\\/lequotidien.mr\\\/?p=33027&lang=fr\"},\"wordCount\":955,\"commentCount\":0,\"publisher\":{\"@id\":\"https:\\\/\\\/lequotidien.mr\\\/#organization\"},\"image\":{\"@id\":\"https:\\\/\\\/lequotidien.mr\\\/?p=33027&lang=fr#primaryimage\"},\"thumbnailUrl\":\"https:\\\/\\\/lequotidien.mr\\\/wp-content\\\/uploads\\\/2025\\\/12\\\/photo-eau-Kiffa.jpg\",\"articleSection\":[\"ACTUALIT\u00c9\",\"Economie\"],\"inLanguage\":\"ar\",\"potentialAction\":[{\"@type\":\"CommentAction\",\"name\":\"Comment\",\"target\":[\"https:\\\/\\\/lequotidien.mr\\\/?p=33027&lang=fr#respond\"]}]},{\"@type\":\"WebPage\",\"@id\":\"https:\\\/\\\/lequotidien.mr\\\/?p=33027&lang=fr\",\"url\":\"https:\\\/\\\/lequotidien.mr\\\/?p=33027&lang=fr\",\"name\":\"Assaba : Pose de la premi\u00e8re pierre du projet d\u2019approvisionnement en eau potable de la ville Kiffa depuis le fleuve S\u00e9n\u00e9gal - Le Quotidien de Nouakchott\",\"isPartOf\":{\"@id\":\"https:\\\/\\\/lequotidien.mr\\\/#website\"},\"primaryImageOfPage\":{\"@id\":\"https:\\\/\\\/lequotidien.mr\\\/?p=33027&lang=fr#primaryimage\"},\"image\":{\"@id\":\"https:\\\/\\\/lequotidien.mr\\\/?p=33027&lang=fr#primaryimage\"},\"thumbnailUrl\":\"https:\\\/\\\/lequotidien.mr\\\/wp-content\\\/uploads\\\/2025\\\/12\\\/photo-eau-Kiffa.jpg\",\"datePublished\":\"2025-12-15T21:08:10+00:00\",\"breadcrumb\":{\"@id\":\"https:\\\/\\\/lequotidien.mr\\\/?p=33027&lang=fr#breadcrumb\"},\"inLanguage\":\"ar\",\"potentialAction\":[{\"@type\":\"ReadAction\",\"target\":[\"https:\\\/\\\/lequotidien.mr\\\/?p=33027&lang=fr\"]}]},{\"@type\":\"ImageObject\",\"inLanguage\":\"ar\",\"@id\":\"https:\\\/\\\/lequotidien.mr\\\/?p=33027&lang=fr#primaryimage\",\"url\":\"https:\\\/\\\/lequotidien.mr\\\/wp-content\\\/uploads\\\/2025\\\/12\\\/photo-eau-Kiffa.jpg\",\"contentUrl\":\"https:\\\/\\\/lequotidien.mr\\\/wp-content\\\/uploads\\\/2025\\\/12\\\/photo-eau-Kiffa.jpg\",\"width\":750,\"height\":430},{\"@type\":\"BreadcrumbList\",\"@id\":\"https:\\\/\\\/lequotidien.mr\\\/?p=33027&lang=fr#breadcrumb\",\"itemListElement\":[{\"@type\":\"ListItem\",\"position\":1,\"name\":\"Home\",\"item\":\"https:\\\/\\\/lequotidien.mr\\\/\"},{\"@type\":\"ListItem\",\"position\":2,\"name\":\"Assaba : Pose de la premi\u00e8re pierre du projet d\u2019approvisionnement en eau potable de la ville Kiffa depuis le fleuve S\u00e9n\u00e9gal\"}]},{\"@type\":\"WebSite\",\"@id\":\"https:\\\/\\\/lequotidien.mr\\\/#website\",\"url\":\"https:\\\/\\\/lequotidien.mr\\\/\",\"name\":\"Le Quotidien de Nouakchott\",\"description\":\"\u0625\u062e\u0628\u0627\u0631\u064a\u0629 \u0645\u0633\u062a\u0642\u0644\u0629 \u0644\u0644\u0623\u0646\u0628\u0627\u0621 \u0627\u0644\u0639\u0627\u0645\u0629\",\"publisher\":{\"@id\":\"https:\\\/\\\/lequotidien.mr\\\/#organization\"},\"potentialAction\":[{\"@type\":\"SearchAction\",\"target\":{\"@type\":\"EntryPoint\",\"urlTemplate\":\"https:\\\/\\\/lequotidien.mr\\\/?s={search_term_string}\"},\"query-input\":{\"@type\":\"PropertyValueSpecification\",\"valueRequired\":true,\"valueName\":\"search_term_string\"}}],\"inLanguage\":\"ar\"},{\"@type\":\"Organization\",\"@id\":\"https:\\\/\\\/lequotidien.mr\\\/#organization\",\"name\":\"Le Quotidien de Nouakchott\",\"url\":\"https:\\\/\\\/lequotidien.mr\\\/\",\"logo\":{\"@type\":\"ImageObject\",\"inLanguage\":\"ar\",\"@id\":\"https:\\\/\\\/lequotidien.mr\\\/#\\\/schema\\\/logo\\\/image\\\/\",\"url\":\"https:\\\/\\\/lequotidien.mr\\\/wp-content\\\/uploads\\\/2022\\\/11\\\/logolequotidien.jpg\",\"contentUrl\":\"https:\\\/\\\/lequotidien.mr\\\/wp-content\\\/uploads\\\/2022\\\/11\\\/logolequotidien.jpg\",\"width\":290,\"height\":65,\"caption\":\"Le Quotidien de Nouakchott\"},\"image\":{\"@id\":\"https:\\\/\\\/lequotidien.mr\\\/#\\\/schema\\\/logo\\\/image\\\/\"},\"sameAs\":[\"https:\\\/\\\/web.facebook.com\\\/lequotidienmr\",\"https:\\\/\\\/x.com\\\/lequotidienmr\"]},{\"@type\":\"Person\",\"@id\":\"https:\\\/\\\/lequotidien.mr\\\/#\\\/schema\\\/person\\\/d2d350202a4d599685ed8abc25f97596\",\"name\":\"Med Ahmed\",\"image\":{\"@type\":\"ImageObject\",\"inLanguage\":\"ar\",\"@id\":\"https:\\\/\\\/secure.gravatar.com\\\/avatar\\\/fd2acc62ed50732923d1d39c17172c9b04149f142be92310ecc69e1358f94b52?s=96&d=mm&r=g\",\"url\":\"https:\\\/\\\/secure.gravatar.com\\\/avatar\\\/fd2acc62ed50732923d1d39c17172c9b04149f142be92310ecc69e1358f94b52?s=96&d=mm&r=g\",\"contentUrl\":\"https:\\\/\\\/secure.gravatar.com\\\/avatar\\\/fd2acc62ed50732923d1d39c17172c9b04149f142be92310ecc69e1358f94b52?s=96&d=mm&r=g\",\"caption\":\"Med Ahmed\"},\"url\":\"https:\\\/\\\/lequotidien.mr\\\/?author=12\"}]}<\/script>\n<!-- \/ Yoast SEO plugin. -->","yoast_head_json":{"title":"Assaba : Pose de la premi\u00e8re pierre du projet d\u2019approvisionnement en eau potable de la ville Kiffa depuis le fleuve S\u00e9n\u00e9gal - Le Quotidien de Nouakchott","robots":{"index":"index","follow":"follow","max-snippet":"max-snippet:-1","max-image-preview":"max-image-preview:large","max-video-preview":"max-video-preview:-1"},"canonical":"https:\/\/lequotidien.mr\/?p=33027&lang=fr","og_locale":"ar_AR","og_type":"article","og_title":"Assaba : Pose de la premi\u00e8re pierre du projet d\u2019approvisionnement en eau potable de la ville Kiffa depuis le fleuve S\u00e9n\u00e9gal - Le Quotidien de Nouakchott","og_description":"Le Pr\u00e9sident de la R\u00e9publique, Monsieur Mohamed Cheikh El Ghazouani, a pr\u00e9sid\u00e9, dimanche soir depuis la localit\u00e9 de \u00ab Toueimirt Voullane \u00bb, au sud de Kiffa, la c\u00e9r\u00e9monie solennelle de pose de la premi\u00e8re pierre du projet strat\u00e9gique d\u2019approvisionnement en eau potable de la ville de Kiffa et des localit\u00e9s avoisinantes depuis le fleuve S\u00e9n\u00e9gal......","og_url":"https:\/\/lequotidien.mr\/?p=33027&lang=fr","og_site_name":"Le Quotidien de Nouakchott","article_publisher":"https:\/\/web.facebook.com\/lequotidienmr","article_published_time":"2025-12-15T21:08:10+00:00","og_image":[{"width":750,"height":430,"url":"https:\/\/lequotidien.mr\/wp-content\/uploads\/2025\/12\/photo-eau-Kiffa.jpg","type":"image\/jpeg"}],"author":"Med Ahmed","twitter_card":"summary_large_image","twitter_creator":"@lequotidienmr","twitter_site":"@lequotidienmr","twitter_misc":{"\u0643\u064f\u062a\u0628 \u0628\u0648\u0627\u0633\u0637\u0629":"Med Ahmed","\u0648\u0642\u062a \u0627\u0644\u0642\u0631\u0627\u0621\u0629 \u0627\u0644\u0645\u064f\u0642\u062f\u0651\u0631":"7 \u062f\u0642\u0627\u0626\u0642"},"schema":{"@context":"https:\/\/schema.org","@graph":[{"@type":"Article","@id":"https:\/\/lequotidien.mr\/?p=33027&lang=fr#article","isPartOf":{"@id":"https:\/\/lequotidien.mr\/?p=33027&lang=fr"},"author":{"name":"Med Ahmed","@id":"https:\/\/lequotidien.mr\/#\/schema\/person\/d2d350202a4d599685ed8abc25f97596"},"headline":"Assaba : Pose de la premi\u00e8re pierre du projet d\u2019approvisionnement en eau potable de la ville Kiffa depuis le fleuve S\u00e9n\u00e9gal","datePublished":"2025-12-15T21:08:10+00:00","mainEntityOfPage":{"@id":"https:\/\/lequotidien.mr\/?p=33027&lang=fr"},"wordCount":955,"commentCount":0,"publisher":{"@id":"https:\/\/lequotidien.mr\/#organization"},"image":{"@id":"https:\/\/lequotidien.mr\/?p=33027&lang=fr#primaryimage"},"thumbnailUrl":"https:\/\/lequotidien.mr\/wp-content\/uploads\/2025\/12\/photo-eau-Kiffa.jpg","articleSection":["ACTUALIT\u00c9","Economie"],"inLanguage":"ar","potentialAction":[{"@type":"CommentAction","name":"Comment","target":["https:\/\/lequotidien.mr\/?p=33027&lang=fr#respond"]}]},{"@type":"WebPage","@id":"https:\/\/lequotidien.mr\/?p=33027&lang=fr","url":"https:\/\/lequotidien.mr\/?p=33027&lang=fr","name":"Assaba : Pose de la premi\u00e8re pierre du projet d\u2019approvisionnement en eau potable de la ville Kiffa depuis le fleuve S\u00e9n\u00e9gal - Le Quotidien de Nouakchott","isPartOf":{"@id":"https:\/\/lequotidien.mr\/#website"},"primaryImageOfPage":{"@id":"https:\/\/lequotidien.mr\/?p=33027&lang=fr#primaryimage"},"image":{"@id":"https:\/\/lequotidien.mr\/?p=33027&lang=fr#primaryimage"},"thumbnailUrl":"https:\/\/lequotidien.mr\/wp-content\/uploads\/2025\/12\/photo-eau-Kiffa.jpg","datePublished":"2025-12-15T21:08:10+00:00","breadcrumb":{"@id":"https:\/\/lequotidien.mr\/?p=33027&lang=fr#breadcrumb"},"inLanguage":"ar","potentialAction":[{"@type":"ReadAction","target":["https:\/\/lequotidien.mr\/?p=33027&lang=fr"]}]},{"@type":"ImageObject","inLanguage":"ar","@id":"https:\/\/lequotidien.mr\/?p=33027&lang=fr#primaryimage","url":"https:\/\/lequotidien.mr\/wp-content\/uploads\/2025\/12\/photo-eau-Kiffa.jpg","contentUrl":"https:\/\/lequotidien.mr\/wp-content\/uploads\/2025\/12\/photo-eau-Kiffa.jpg","width":750,"height":430},{"@type":"BreadcrumbList","@id":"https:\/\/lequotidien.mr\/?p=33027&lang=fr#breadcrumb","itemListElement":[{"@type":"ListItem","position":1,"name":"Home","item":"https:\/\/lequotidien.mr\/"},{"@type":"ListItem","position":2,"name":"Assaba : Pose de la premi\u00e8re pierre du projet d\u2019approvisionnement en eau potable de la ville Kiffa depuis le fleuve S\u00e9n\u00e9gal"}]},{"@type":"WebSite","@id":"https:\/\/lequotidien.mr\/#website","url":"https:\/\/lequotidien.mr\/","name":"Le Quotidien de Nouakchott","description":"\u0625\u062e\u0628\u0627\u0631\u064a\u0629 \u0645\u0633\u062a\u0642\u0644\u0629 \u0644\u0644\u0623\u0646\u0628\u0627\u0621 \u0627\u0644\u0639\u0627\u0645\u0629","publisher":{"@id":"https:\/\/lequotidien.mr\/#organization"},"potentialAction":[{"@type":"SearchAction","target":{"@type":"EntryPoint","urlTemplate":"https:\/\/lequotidien.mr\/?s={search_term_string}"},"query-input":{"@type":"PropertyValueSpecification","valueRequired":true,"valueName":"search_term_string"}}],"inLanguage":"ar"},{"@type":"Organization","@id":"https:\/\/lequotidien.mr\/#organization","name":"Le Quotidien de Nouakchott","url":"https:\/\/lequotidien.mr\/","logo":{"@type":"ImageObject","inLanguage":"ar","@id":"https:\/\/lequotidien.mr\/#\/schema\/logo\/image\/","url":"https:\/\/lequotidien.mr\/wp-content\/uploads\/2022\/11\/logolequotidien.jpg","contentUrl":"https:\/\/lequotidien.mr\/wp-content\/uploads\/2022\/11\/logolequotidien.jpg","width":290,"height":65,"caption":"Le Quotidien de Nouakchott"},"image":{"@id":"https:\/\/lequotidien.mr\/#\/schema\/logo\/image\/"},"sameAs":["https:\/\/web.facebook.com\/lequotidienmr","https:\/\/x.com\/lequotidienmr"]},{"@type":"Person","@id":"https:\/\/lequotidien.mr\/#\/schema\/person\/d2d350202a4d599685ed8abc25f97596","name":"Med Ahmed","image":{"@type":"ImageObject","inLanguage":"ar","@id":"https:\/\/secure.gravatar.com\/avatar\/fd2acc62ed50732923d1d39c17172c9b04149f142be92310ecc69e1358f94b52?s=96&d=mm&r=g","url":"https:\/\/secure.gravatar.com\/avatar\/fd2acc62ed50732923d1d39c17172c9b04149f142be92310ecc69e1358f94b52?s=96&d=mm&r=g","contentUrl":"https:\/\/secure.gravatar.com\/avatar\/fd2acc62ed50732923d1d39c17172c9b04149f142be92310ecc69e1358f94b52?s=96&d=mm&r=g","caption":"Med Ahmed"},"url":"https:\/\/lequotidien.mr\/?author=12"}]}},"_links":{"self":[{"href":"https:\/\/lequotidien.mr\/index.php?rest_route=\/wp\/v2\/posts\/33027","targetHints":{"allow":["GET"]}}],"collection":[{"href":"https:\/\/lequotidien.mr\/index.php?rest_route=\/wp\/v2\/posts"}],"about":[{"href":"https:\/\/lequotidien.mr\/index.php?rest_route=\/wp\/v2\/types\/post"}],"author":[{"embeddable":true,"href":"https:\/\/lequotidien.mr\/index.php?rest_route=\/wp\/v2\/users\/12"}],"replies":[{"embeddable":true,"href":"https:\/\/lequotidien.mr\/index.php?rest_route=%2Fwp%2Fv2%2Fcomments&post=33027"}],"version-history":[{"count":1,"href":"https:\/\/lequotidien.mr\/index.php?rest_route=\/wp\/v2\/posts\/33027\/revisions"}],"predecessor-version":[{"id":33029,"href":"https:\/\/lequotidien.mr\/index.php?rest_route=\/wp\/v2\/posts\/33027\/revisions\/33029"}],"wp:featuredmedia":[{"embeddable":true,"href":"https:\/\/lequotidien.mr\/index.php?rest_route=\/wp\/v2\/media\/33028"}],"wp:attachment":[{"href":"https:\/\/lequotidien.mr\/index.php?rest_route=%2Fwp%2Fv2%2Fmedia&parent=33027"}],"wp:term":[{"taxonomy":"category","embeddable":true,"href":"https:\/\/lequotidien.mr\/index.php?rest_route=%2Fwp%2Fv2%2Fcategories&post=33027"},{"taxonomy":"post_tag","embeddable":true,"href":"https:\/\/lequotidien.mr\/index.php?rest_route=%2Fwp%2Fv2%2Ftags&post=33027"}],"curies":[{"name":"wp","href":"https:\/\/api.w.org\/{rel}","templated":true}]}}