{"id":32961,"date":"2025-12-11T22:43:31","date_gmt":"2025-12-11T22:43:31","guid":{"rendered":"https:\/\/lequotidien.mr\/?p=32961"},"modified":"2025-12-11T22:43:31","modified_gmt":"2025-12-11T22:43:31","slug":"nouakchott-abrite-un-atelier-pour-lelaboration-dune-strategie-nationale-de-migration-de-travail-pour-une-gestion-structuree-de-la-mobilite-professionnelle","status":"publish","type":"post","link":"https:\/\/lequotidien.mr\/?p=32961&lang=fr","title":{"rendered":"Nouakchott abrite un atelier pour l&#8217;\u00e9laboration d&#8217;une strat\u00e9gie nationale de migration de travail : Pour une gestion structur\u00e9e de la mobilit\u00e9 professionnelle"},"content":{"rendered":"<p>Le <strong>minist\u00e8re de la Fonction publique et du Travail<\/strong>, en partenariat strat\u00e9gique avec <strong>l\u2019Organisation internationale du Travail (OIT)<\/strong>, a organis\u00e9, mercredi \u00e0 Nouakchott, un atelier de travail d\u00e9di\u00e9 \u00e0 l\u2019\u00e9laboration d\u2019une strat\u00e9gie nationale de migration de travail en Mauritanie. Cet atelier d\u2019une journ\u00e9e a r\u00e9uni 25 participants issus d\u2019organismes nationaux et internationaux, d\u2019institutions publiques, de la soci\u00e9t\u00e9 civile et d\u2019experts sp\u00e9cialis\u00e9s, refl\u00e9tant une approche inclusive et multipartite.<\/p>\n<p><strong style=\"font-weight: inherit;\">Objectifs : examiner, harmoniser et planifier<\/strong><\/p>\n<p>L\u2019atelier poursuivait un triple objectif :<\/p>\n<p><strong>-Pr\u00e9senter et examiner<\/strong>\u00a0l\u2019approche et les normes de l\u2019OIT en mati\u00e8re de politiques nationales de migration de travail\u00a0;<\/p>\n<p><strong>-Travailler concr\u00e8tement<\/strong>\u00a0au cadre et au contenu de la future strat\u00e9gie nationale mauritanienne\u00a0;<\/p>\n<p><strong>-Impliquer tous les acteurs du march\u00e9 du travail<\/strong>\u00a0pour discuter des prochaines \u00e9tapes et de la m\u00e9thodologie n\u00e9cessaires. L\u2019accent a \u00e9t\u00e9 mis sur l\u2019am\u00e9lioration et l\u2019harmonisation du plan d\u2019action pour donner \u00e0 cette strat\u00e9gie une base op\u00e9rationnelle solide et consensuelle.<\/p>\n<p>Dans son allocution d\u2019ouverture, <strong>le secr\u00e9taire g\u00e9n\u00e9ral du minist\u00e8re de la Fonction publique et du Travail, M. El Bekaye Abdelkader El Khou<\/strong>, a situ\u00e9 cette initiative dans le cadre de la vision du <strong>Pr\u00e9sident de la R\u00e9publique, M. Mohamed Cheikh El Ghazouani<\/strong>. Il a indiqu\u00e9 que cette strat\u00e9gie <strong><em>\u00ab refl\u00e8te l\u2019engagement du Pr\u00e9sident de la R\u00e9publique \u00e0 mettre en place un syst\u00e8me global de gestion de tous les aspects de la vie dans notre pays \u00bb<\/em><\/strong>, permettant une meilleure ex\u00e9cution des missions par toutes les parties prenantes.<\/p>\n<p>Il a pr\u00e9cis\u00e9 que cela impliquait de\u00a0<strong>r\u00e9glementer la migration professionnelle en conformit\u00e9 avec les engagements internationaux de la Mauritanie<\/strong>, tout en ouvrant <strong><em>\u00ab de nouvelles perspectives pour l\u2019emploi, le d\u00e9veloppement du capital humain et le renforcement des partenariats en mati\u00e8re de mobilit\u00e9 professionnelle \u00bb.<\/em><\/strong><\/p>\n<p><strong style=\"font-weight: inherit;\">Une approche \u00e9quilibr\u00e9e : Accueil et protection des diasporas<\/strong><\/p>\n<p>M. El Khou a soulign\u00e9 la double dimension de la politique migratoire mauritanienne : <strong><em>\u00ab Notre pays accueille les travailleurs des nations s\u0153urs et amies, [et] compte \u00e9galement sur ses propres citoyens qui choisissent d\u2019\u00e9migrer. \u00bb<\/em><\/strong> Il a salu\u00e9 le partenariat fructueux avec l\u2019OIT, qui a, selon lui, permis <strong><em>\u00ab des progr\u00e8s significatifs en mati\u00e8re de principes et de droits fondamentaux au travail \u00bb<\/em><\/strong>, renfor\u00e7ant ainsi les efforts nationaux pour garantir \u00e0 tous les travailleurs, nationaux et \u00e9trangers, le droit de \u00ab travailler dans la dignit\u00e9 \u00bb.<\/p>\n<p><strong style=\"font-weight: inherit;\">L&#8217;Engagement de l&#8217;OIT pour un cadre prot\u00e9g\u00e9 et harmonieux<\/strong><\/p>\n<p>Prenant la parole, <strong>Mme Aur\u00e9lia Sacatti, repr\u00e9sentante de l\u2019OIT<\/strong>, a salu\u00e9 la\u00a0<strong>participation active et la coop\u00e9ration historique des institutions mauritaniennes<\/strong><strong>. <\/strong>Elle a mis en avant l\u2019importance d\u2019une collaboration \u00e9largie incluant les partenaires sociaux, la soci\u00e9t\u00e9 civile et les institutions de protection.<\/p>\n<p>Elle a r\u00e9affirm\u00e9 l\u2019engagement de l\u2019OIT \u00e0\u00a0<strong>mobiliser toutes les parties prenantes dans le respect des sp\u00e9cificit\u00e9s nationales<\/strong>, et \u00e0 travailler \u00e0 l\u2019harmonisation des politiques avec les syst\u00e8mes existants des secteurs public et priv\u00e9. L\u2019objectif ultime, a-t-elle insist\u00e9, est <em>de\u00a0<strong>\u00ab garantir la s\u00e9curit\u00e9 r\u00e9elle des travailleurs migrants \u00bb<\/strong><\/em>\u00a0tant \u00e0 l\u2019entr\u00e9e qu\u2019\u00e0 la sortie du territoire national.<\/p>\n<p>La pr\u00e9sence notable du secr\u00e9taire g\u00e9n\u00e9ral du minist\u00e8re de l\u2019Autonomisation des jeunes, de l\u2019Emploi et des Sports, ainsi que de repr\u00e9sentants d\u2019organisations de la soci\u00e9t\u00e9 civile et d\u2019experts, a permis des \u00e9changes riches et concrets. Cet atelier constitue une premi\u00e8re \u00e9tape cruciale vers l\u2019adoption d\u2019un cadre strat\u00e9gique visant \u00e0 transformer la migration de travail d\u2019un ph\u00e9nom\u00e8ne subi en un levier de d\u00e9veloppement, de coop\u00e9ration et de protection des droits, pour et par tous les acteurs concern\u00e9s.<\/p>\n","protected":false},"excerpt":{"rendered":"<p>Le minist\u00e8re de la Fonction publique et du Travail, en partenariat strat\u00e9gique avec l\u2019Organisation internationale du Travail (OIT), a organis\u00e9, mercredi \u00e0 Nouakchott, un atelier de travail d\u00e9di\u00e9 \u00e0 l\u2019\u00e9laboration d\u2019une strat\u00e9gie nationale de migration de travail en Mauritanie. Cet atelier d\u2019une journ\u00e9e a r\u00e9uni 25 participants issus d\u2019organismes nationaux et internationaux, d\u2019institutions publiques, de&#8230;..<\/p>\n","protected":false},"author":12,"featured_media":32962,"comment_status":"open","ping_status":"open","sticky":false,"template":"","format":"standard","meta":{"footnotes":""},"categories":[23,49],"tags":[],"class_list":["post-32961","post","type-post","status-publish","format-standard","has-post-thumbnail","hentry","category-actualite","category-economie"],"yoast_head":"<!-- This site is optimized with the Yoast SEO plugin v27.5 - https:\/\/yoast.com\/product\/yoast-seo-wordpress\/ -->\n<title>Nouakchott abrite un atelier pour l&#039;\u00e9laboration d&#039;une strat\u00e9gie nationale de migration de travail : Pour une gestion structur\u00e9e de la mobilit\u00e9 professionnelle - Le Quotidien de Nouakchott<\/title>\n<meta name=\"robots\" content=\"index, follow, max-snippet:-1, max-image-preview:large, max-video-preview:-1\" \/>\n<link rel=\"canonical\" href=\"https:\/\/lequotidien.mr\/?p=32961&lang=fr\" \/>\n<meta property=\"og:locale\" content=\"ar_AR\" \/>\n<meta property=\"og:type\" content=\"article\" \/>\n<meta property=\"og:title\" content=\"Nouakchott abrite un atelier pour l&#039;\u00e9laboration d&#039;une strat\u00e9gie nationale de migration de travail : Pour une gestion structur\u00e9e de la mobilit\u00e9 professionnelle - Le Quotidien de Nouakchott\" \/>\n<meta property=\"og:description\" content=\"Le minist\u00e8re de la Fonction publique et du Travail, en partenariat strat\u00e9gique avec l\u2019Organisation internationale du Travail (OIT), a organis\u00e9, mercredi \u00e0 Nouakchott, un atelier de travail d\u00e9di\u00e9 \u00e0 l\u2019\u00e9laboration d\u2019une strat\u00e9gie nationale de migration de travail en Mauritanie. Cet atelier d\u2019une journ\u00e9e a r\u00e9uni 25 participants issus d\u2019organismes nationaux et internationaux, d\u2019institutions publiques, de.....\" \/>\n<meta property=\"og:url\" content=\"https:\/\/lequotidien.mr\/?p=32961&amp;lang=fr\" \/>\n<meta property=\"og:site_name\" content=\"Le Quotidien de Nouakchott\" \/>\n<meta property=\"article:publisher\" content=\"https:\/\/web.facebook.com\/lequotidienmr\" \/>\n<meta property=\"article:published_time\" content=\"2025-12-11T22:43:31+00:00\" \/>\n<meta property=\"og:image\" content=\"https:\/\/lequotidien.mr\/wp-content\/uploads\/2025\/12\/photo-migration-travail.jpg\" \/>\n\t<meta property=\"og:image:width\" content=\"717\" \/>\n\t<meta property=\"og:image:height\" content=\"384\" \/>\n\t<meta property=\"og:image:type\" content=\"image\/jpeg\" \/>\n<meta name=\"author\" content=\"Med Ahmed\" \/>\n<meta name=\"twitter:card\" content=\"summary_large_image\" \/>\n<meta name=\"twitter:creator\" content=\"@lequotidienmr\" \/>\n<meta name=\"twitter:site\" content=\"@lequotidienmr\" \/>\n<meta name=\"twitter:label1\" content=\"\u0643\u064f\u062a\u0628 \u0628\u0648\u0627\u0633\u0637\u0629\" \/>\n\t<meta name=\"twitter:data1\" content=\"Med Ahmed\" \/>\n\t<meta name=\"twitter:label2\" content=\"\u0648\u0642\u062a \u0627\u0644\u0642\u0631\u0627\u0621\u0629 \u0627\u0644\u0645\u064f\u0642\u062f\u0651\u0631\" \/>\n\t<meta name=\"twitter:data2\" content=\"5 \u062f\u0642\u0627\u0626\u0642\" \/>\n<script type=\"application\/ld+json\" class=\"yoast-schema-graph\">{\"@context\":\"https:\\\/\\\/schema.org\",\"@graph\":[{\"@type\":\"Article\",\"@id\":\"https:\\\/\\\/lequotidien.mr\\\/?p=32961&lang=fr#article\",\"isPartOf\":{\"@id\":\"https:\\\/\\\/lequotidien.mr\\\/?p=32961&lang=fr\"},\"author\":{\"name\":\"Med Ahmed\",\"@id\":\"https:\\\/\\\/lequotidien.mr\\\/#\\\/schema\\\/person\\\/d2d350202a4d599685ed8abc25f97596\"},\"headline\":\"Nouakchott abrite un atelier pour l&#8217;\u00e9laboration d&#8217;une strat\u00e9gie nationale de migration de travail : Pour une gestion structur\u00e9e de la mobilit\u00e9 professionnelle\",\"datePublished\":\"2025-12-11T22:43:31+00:00\",\"mainEntityOfPage\":{\"@id\":\"https:\\\/\\\/lequotidien.mr\\\/?p=32961&lang=fr\"},\"wordCount\":663,\"commentCount\":0,\"publisher\":{\"@id\":\"https:\\\/\\\/lequotidien.mr\\\/#organization\"},\"image\":{\"@id\":\"https:\\\/\\\/lequotidien.mr\\\/?p=32961&lang=fr#primaryimage\"},\"thumbnailUrl\":\"https:\\\/\\\/lequotidien.mr\\\/wp-content\\\/uploads\\\/2025\\\/12\\\/photo-migration-travail.jpg\",\"articleSection\":[\"ACTUALIT\u00c9\",\"Economie\"],\"inLanguage\":\"ar\",\"potentialAction\":[{\"@type\":\"CommentAction\",\"name\":\"Comment\",\"target\":[\"https:\\\/\\\/lequotidien.mr\\\/?p=32961&lang=fr#respond\"]}]},{\"@type\":\"WebPage\",\"@id\":\"https:\\\/\\\/lequotidien.mr\\\/?p=32961&lang=fr\",\"url\":\"https:\\\/\\\/lequotidien.mr\\\/?p=32961&lang=fr\",\"name\":\"Nouakchott abrite un atelier pour l'\u00e9laboration d'une strat\u00e9gie nationale de migration de travail : Pour une gestion structur\u00e9e de la mobilit\u00e9 professionnelle - Le Quotidien de Nouakchott\",\"isPartOf\":{\"@id\":\"https:\\\/\\\/lequotidien.mr\\\/#website\"},\"primaryImageOfPage\":{\"@id\":\"https:\\\/\\\/lequotidien.mr\\\/?p=32961&lang=fr#primaryimage\"},\"image\":{\"@id\":\"https:\\\/\\\/lequotidien.mr\\\/?p=32961&lang=fr#primaryimage\"},\"thumbnailUrl\":\"https:\\\/\\\/lequotidien.mr\\\/wp-content\\\/uploads\\\/2025\\\/12\\\/photo-migration-travail.jpg\",\"datePublished\":\"2025-12-11T22:43:31+00:00\",\"breadcrumb\":{\"@id\":\"https:\\\/\\\/lequotidien.mr\\\/?p=32961&lang=fr#breadcrumb\"},\"inLanguage\":\"ar\",\"potentialAction\":[{\"@type\":\"ReadAction\",\"target\":[\"https:\\\/\\\/lequotidien.mr\\\/?p=32961&lang=fr\"]}]},{\"@type\":\"ImageObject\",\"inLanguage\":\"ar\",\"@id\":\"https:\\\/\\\/lequotidien.mr\\\/?p=32961&lang=fr#primaryimage\",\"url\":\"https:\\\/\\\/lequotidien.mr\\\/wp-content\\\/uploads\\\/2025\\\/12\\\/photo-migration-travail.jpg\",\"contentUrl\":\"https:\\\/\\\/lequotidien.mr\\\/wp-content\\\/uploads\\\/2025\\\/12\\\/photo-migration-travail.jpg\",\"width\":717,\"height\":384},{\"@type\":\"BreadcrumbList\",\"@id\":\"https:\\\/\\\/lequotidien.mr\\\/?p=32961&lang=fr#breadcrumb\",\"itemListElement\":[{\"@type\":\"ListItem\",\"position\":1,\"name\":\"Home\",\"item\":\"https:\\\/\\\/lequotidien.mr\\\/\"},{\"@type\":\"ListItem\",\"position\":2,\"name\":\"Nouakchott abrite un atelier pour l&rsquo;\u00e9laboration d&rsquo;une strat\u00e9gie nationale de migration de travail : Pour une gestion structur\u00e9e de la mobilit\u00e9 professionnelle\"}]},{\"@type\":\"WebSite\",\"@id\":\"https:\\\/\\\/lequotidien.mr\\\/#website\",\"url\":\"https:\\\/\\\/lequotidien.mr\\\/\",\"name\":\"Le Quotidien de Nouakchott\",\"description\":\"\u0625\u062e\u0628\u0627\u0631\u064a\u0629 \u0645\u0633\u062a\u0642\u0644\u0629 \u0644\u0644\u0623\u0646\u0628\u0627\u0621 \u0627\u0644\u0639\u0627\u0645\u0629\",\"publisher\":{\"@id\":\"https:\\\/\\\/lequotidien.mr\\\/#organization\"},\"potentialAction\":[{\"@type\":\"SearchAction\",\"target\":{\"@type\":\"EntryPoint\",\"urlTemplate\":\"https:\\\/\\\/lequotidien.mr\\\/?s={search_term_string}\"},\"query-input\":{\"@type\":\"PropertyValueSpecification\",\"valueRequired\":true,\"valueName\":\"search_term_string\"}}],\"inLanguage\":\"ar\"},{\"@type\":\"Organization\",\"@id\":\"https:\\\/\\\/lequotidien.mr\\\/#organization\",\"name\":\"Le Quotidien de Nouakchott\",\"url\":\"https:\\\/\\\/lequotidien.mr\\\/\",\"logo\":{\"@type\":\"ImageObject\",\"inLanguage\":\"ar\",\"@id\":\"https:\\\/\\\/lequotidien.mr\\\/#\\\/schema\\\/logo\\\/image\\\/\",\"url\":\"https:\\\/\\\/lequotidien.mr\\\/wp-content\\\/uploads\\\/2022\\\/11\\\/logolequotidien.jpg\",\"contentUrl\":\"https:\\\/\\\/lequotidien.mr\\\/wp-content\\\/uploads\\\/2022\\\/11\\\/logolequotidien.jpg\",\"width\":290,\"height\":65,\"caption\":\"Le Quotidien de Nouakchott\"},\"image\":{\"@id\":\"https:\\\/\\\/lequotidien.mr\\\/#\\\/schema\\\/logo\\\/image\\\/\"},\"sameAs\":[\"https:\\\/\\\/web.facebook.com\\\/lequotidienmr\",\"https:\\\/\\\/x.com\\\/lequotidienmr\"]},{\"@type\":\"Person\",\"@id\":\"https:\\\/\\\/lequotidien.mr\\\/#\\\/schema\\\/person\\\/d2d350202a4d599685ed8abc25f97596\",\"name\":\"Med Ahmed\",\"image\":{\"@type\":\"ImageObject\",\"inLanguage\":\"ar\",\"@id\":\"https:\\\/\\\/secure.gravatar.com\\\/avatar\\\/fd2acc62ed50732923d1d39c17172c9b04149f142be92310ecc69e1358f94b52?s=96&d=mm&r=g\",\"url\":\"https:\\\/\\\/secure.gravatar.com\\\/avatar\\\/fd2acc62ed50732923d1d39c17172c9b04149f142be92310ecc69e1358f94b52?s=96&d=mm&r=g\",\"contentUrl\":\"https:\\\/\\\/secure.gravatar.com\\\/avatar\\\/fd2acc62ed50732923d1d39c17172c9b04149f142be92310ecc69e1358f94b52?s=96&d=mm&r=g\",\"caption\":\"Med Ahmed\"},\"url\":\"https:\\\/\\\/lequotidien.mr\\\/?author=12\"}]}<\/script>\n<!-- \/ Yoast SEO plugin. -->","yoast_head_json":{"title":"Nouakchott abrite un atelier pour l'\u00e9laboration d'une strat\u00e9gie nationale de migration de travail : Pour une gestion structur\u00e9e de la mobilit\u00e9 professionnelle - Le Quotidien de Nouakchott","robots":{"index":"index","follow":"follow","max-snippet":"max-snippet:-1","max-image-preview":"max-image-preview:large","max-video-preview":"max-video-preview:-1"},"canonical":"https:\/\/lequotidien.mr\/?p=32961&lang=fr","og_locale":"ar_AR","og_type":"article","og_title":"Nouakchott abrite un atelier pour l'\u00e9laboration d'une strat\u00e9gie nationale de migration de travail : Pour une gestion structur\u00e9e de la mobilit\u00e9 professionnelle - Le Quotidien de Nouakchott","og_description":"Le minist\u00e8re de la Fonction publique et du Travail, en partenariat strat\u00e9gique avec l\u2019Organisation internationale du Travail (OIT), a organis\u00e9, mercredi \u00e0 Nouakchott, un atelier de travail d\u00e9di\u00e9 \u00e0 l\u2019\u00e9laboration d\u2019une strat\u00e9gie nationale de migration de travail en Mauritanie. Cet atelier d\u2019une journ\u00e9e a r\u00e9uni 25 participants issus d\u2019organismes nationaux et internationaux, d\u2019institutions publiques, de.....","og_url":"https:\/\/lequotidien.mr\/?p=32961&lang=fr","og_site_name":"Le Quotidien de Nouakchott","article_publisher":"https:\/\/web.facebook.com\/lequotidienmr","article_published_time":"2025-12-11T22:43:31+00:00","og_image":[{"width":717,"height":384,"url":"https:\/\/lequotidien.mr\/wp-content\/uploads\/2025\/12\/photo-migration-travail.jpg","type":"image\/jpeg"}],"author":"Med Ahmed","twitter_card":"summary_large_image","twitter_creator":"@lequotidienmr","twitter_site":"@lequotidienmr","twitter_misc":{"\u0643\u064f\u062a\u0628 \u0628\u0648\u0627\u0633\u0637\u0629":"Med Ahmed","\u0648\u0642\u062a \u0627\u0644\u0642\u0631\u0627\u0621\u0629 \u0627\u0644\u0645\u064f\u0642\u062f\u0651\u0631":"5 \u062f\u0642\u0627\u0626\u0642"},"schema":{"@context":"https:\/\/schema.org","@graph":[{"@type":"Article","@id":"https:\/\/lequotidien.mr\/?p=32961&lang=fr#article","isPartOf":{"@id":"https:\/\/lequotidien.mr\/?p=32961&lang=fr"},"author":{"name":"Med Ahmed","@id":"https:\/\/lequotidien.mr\/#\/schema\/person\/d2d350202a4d599685ed8abc25f97596"},"headline":"Nouakchott abrite un atelier pour l&#8217;\u00e9laboration d&#8217;une strat\u00e9gie nationale de migration de travail : Pour une gestion structur\u00e9e de la mobilit\u00e9 professionnelle","datePublished":"2025-12-11T22:43:31+00:00","mainEntityOfPage":{"@id":"https:\/\/lequotidien.mr\/?p=32961&lang=fr"},"wordCount":663,"commentCount":0,"publisher":{"@id":"https:\/\/lequotidien.mr\/#organization"},"image":{"@id":"https:\/\/lequotidien.mr\/?p=32961&lang=fr#primaryimage"},"thumbnailUrl":"https:\/\/lequotidien.mr\/wp-content\/uploads\/2025\/12\/photo-migration-travail.jpg","articleSection":["ACTUALIT\u00c9","Economie"],"inLanguage":"ar","potentialAction":[{"@type":"CommentAction","name":"Comment","target":["https:\/\/lequotidien.mr\/?p=32961&lang=fr#respond"]}]},{"@type":"WebPage","@id":"https:\/\/lequotidien.mr\/?p=32961&lang=fr","url":"https:\/\/lequotidien.mr\/?p=32961&lang=fr","name":"Nouakchott abrite un atelier pour l'\u00e9laboration d'une strat\u00e9gie nationale de migration de travail : Pour une gestion structur\u00e9e de la mobilit\u00e9 professionnelle - Le Quotidien de Nouakchott","isPartOf":{"@id":"https:\/\/lequotidien.mr\/#website"},"primaryImageOfPage":{"@id":"https:\/\/lequotidien.mr\/?p=32961&lang=fr#primaryimage"},"image":{"@id":"https:\/\/lequotidien.mr\/?p=32961&lang=fr#primaryimage"},"thumbnailUrl":"https:\/\/lequotidien.mr\/wp-content\/uploads\/2025\/12\/photo-migration-travail.jpg","datePublished":"2025-12-11T22:43:31+00:00","breadcrumb":{"@id":"https:\/\/lequotidien.mr\/?p=32961&lang=fr#breadcrumb"},"inLanguage":"ar","potentialAction":[{"@type":"ReadAction","target":["https:\/\/lequotidien.mr\/?p=32961&lang=fr"]}]},{"@type":"ImageObject","inLanguage":"ar","@id":"https:\/\/lequotidien.mr\/?p=32961&lang=fr#primaryimage","url":"https:\/\/lequotidien.mr\/wp-content\/uploads\/2025\/12\/photo-migration-travail.jpg","contentUrl":"https:\/\/lequotidien.mr\/wp-content\/uploads\/2025\/12\/photo-migration-travail.jpg","width":717,"height":384},{"@type":"BreadcrumbList","@id":"https:\/\/lequotidien.mr\/?p=32961&lang=fr#breadcrumb","itemListElement":[{"@type":"ListItem","position":1,"name":"Home","item":"https:\/\/lequotidien.mr\/"},{"@type":"ListItem","position":2,"name":"Nouakchott abrite un atelier pour l&rsquo;\u00e9laboration d&rsquo;une strat\u00e9gie nationale de migration de travail : Pour une gestion structur\u00e9e de la mobilit\u00e9 professionnelle"}]},{"@type":"WebSite","@id":"https:\/\/lequotidien.mr\/#website","url":"https:\/\/lequotidien.mr\/","name":"Le Quotidien de Nouakchott","description":"\u0625\u062e\u0628\u0627\u0631\u064a\u0629 \u0645\u0633\u062a\u0642\u0644\u0629 \u0644\u0644\u0623\u0646\u0628\u0627\u0621 \u0627\u0644\u0639\u0627\u0645\u0629","publisher":{"@id":"https:\/\/lequotidien.mr\/#organization"},"potentialAction":[{"@type":"SearchAction","target":{"@type":"EntryPoint","urlTemplate":"https:\/\/lequotidien.mr\/?s={search_term_string}"},"query-input":{"@type":"PropertyValueSpecification","valueRequired":true,"valueName":"search_term_string"}}],"inLanguage":"ar"},{"@type":"Organization","@id":"https:\/\/lequotidien.mr\/#organization","name":"Le Quotidien de Nouakchott","url":"https:\/\/lequotidien.mr\/","logo":{"@type":"ImageObject","inLanguage":"ar","@id":"https:\/\/lequotidien.mr\/#\/schema\/logo\/image\/","url":"https:\/\/lequotidien.mr\/wp-content\/uploads\/2022\/11\/logolequotidien.jpg","contentUrl":"https:\/\/lequotidien.mr\/wp-content\/uploads\/2022\/11\/logolequotidien.jpg","width":290,"height":65,"caption":"Le Quotidien de Nouakchott"},"image":{"@id":"https:\/\/lequotidien.mr\/#\/schema\/logo\/image\/"},"sameAs":["https:\/\/web.facebook.com\/lequotidienmr","https:\/\/x.com\/lequotidienmr"]},{"@type":"Person","@id":"https:\/\/lequotidien.mr\/#\/schema\/person\/d2d350202a4d599685ed8abc25f97596","name":"Med Ahmed","image":{"@type":"ImageObject","inLanguage":"ar","@id":"https:\/\/secure.gravatar.com\/avatar\/fd2acc62ed50732923d1d39c17172c9b04149f142be92310ecc69e1358f94b52?s=96&d=mm&r=g","url":"https:\/\/secure.gravatar.com\/avatar\/fd2acc62ed50732923d1d39c17172c9b04149f142be92310ecc69e1358f94b52?s=96&d=mm&r=g","contentUrl":"https:\/\/secure.gravatar.com\/avatar\/fd2acc62ed50732923d1d39c17172c9b04149f142be92310ecc69e1358f94b52?s=96&d=mm&r=g","caption":"Med Ahmed"},"url":"https:\/\/lequotidien.mr\/?author=12"}]}},"_links":{"self":[{"href":"https:\/\/lequotidien.mr\/index.php?rest_route=\/wp\/v2\/posts\/32961","targetHints":{"allow":["GET"]}}],"collection":[{"href":"https:\/\/lequotidien.mr\/index.php?rest_route=\/wp\/v2\/posts"}],"about":[{"href":"https:\/\/lequotidien.mr\/index.php?rest_route=\/wp\/v2\/types\/post"}],"author":[{"embeddable":true,"href":"https:\/\/lequotidien.mr\/index.php?rest_route=\/wp\/v2\/users\/12"}],"replies":[{"embeddable":true,"href":"https:\/\/lequotidien.mr\/index.php?rest_route=%2Fwp%2Fv2%2Fcomments&post=32961"}],"version-history":[{"count":1,"href":"https:\/\/lequotidien.mr\/index.php?rest_route=\/wp\/v2\/posts\/32961\/revisions"}],"predecessor-version":[{"id":32963,"href":"https:\/\/lequotidien.mr\/index.php?rest_route=\/wp\/v2\/posts\/32961\/revisions\/32963"}],"wp:featuredmedia":[{"embeddable":true,"href":"https:\/\/lequotidien.mr\/index.php?rest_route=\/wp\/v2\/media\/32962"}],"wp:attachment":[{"href":"https:\/\/lequotidien.mr\/index.php?rest_route=%2Fwp%2Fv2%2Fmedia&parent=32961"}],"wp:term":[{"taxonomy":"category","embeddable":true,"href":"https:\/\/lequotidien.mr\/index.php?rest_route=%2Fwp%2Fv2%2Fcategories&post=32961"},{"taxonomy":"post_tag","embeddable":true,"href":"https:\/\/lequotidien.mr\/index.php?rest_route=%2Fwp%2Fv2%2Ftags&post=32961"}],"curies":[{"name":"wp","href":"https:\/\/api.w.org\/{rel}","templated":true}]}}