{"id":32955,"date":"2025-12-11T21:54:48","date_gmt":"2025-12-11T21:54:48","guid":{"rendered":"https:\/\/lequotidien.mr\/?p=32955"},"modified":"2025-12-11T21:54:48","modified_gmt":"2025-12-11T21:54:48","slug":"transparence-dans-les-industries-extractives-le-premier-ministre-mobilise-le-comite-ministeriel-sur-litie","status":"publish","type":"post","link":"https:\/\/lequotidien.mr\/?p=32955&lang=fr","title":{"rendered":"Transparence dans les industries extractives : Le Premier ministre mobilise le comit\u00e9 minist\u00e9riel sur  l&#8217;ITIE"},"content":{"rendered":"<p>Le <strong>Premier ministre, M. El Moctar Djay<\/strong>, a pr\u00e9sid\u00e9, mardi dernier dans les locaux du Premier minist\u00e8re, une r\u00e9union cruciale du <strong>comit\u00e9 minist\u00e9riel d\u00e9di\u00e9 \u00e0 l&#8217;Initiative pour la Transparence dans les Industries Extractives (ITIE)<\/strong>. Cette session de travail, rassemblant les principaux minist\u00e8res et institutions concern\u00e9s, souligne l&#8217;engagement des plus hautes autorit\u00e9s \u00e0 renforcer la gouvernance et la redevabilit\u00e9 dans un secteur vital pour l&#8217;\u00e9conomie nationale. Elle s&#8217;inscrit dans le cadre des r\u00e9formes continues visant \u00e0 optimiser la gestion des ressources mini\u00e8res, p\u00e9troli\u00e8res et gazi\u00e8res.<\/p>\n<p>Au c\u0153ur des discussions, les participants ont assist\u00e9 \u00e0 une pr\u00e9sentation exhaustive des principes et des objectifs de l&#8217;ITIE, ainsi qu&#8217;une analyse approfondie des recommandations cl\u00e9s issues des <strong>rapports du pays pour les exercices 2023 et 2024<\/strong>. Ces documents, \u00e9labor\u00e9s selon un processus multipartite incluant l&#8217;administration, les entreprises et la soci\u00e9t\u00e9 civile, servent de barom\u00e8tre objectif de la transparence. Ils \u00e9valuent la conformit\u00e9 aux standards internationaux en mati\u00e8re de publication des revenus, de clart\u00e9 des contrats, de propri\u00e9t\u00e9 effective et d&#8217;impact \u00e9conomique et social des projets extractifs.<\/p>\n<p>\u00c0 l&#8217;issue des expos\u00e9s, le Premier ministre a donn\u00e9 des directives pr\u00e9cises et imp\u00e9ratives aux d\u00e9partements minist\u00e9riels impliqu\u00e9s. Il les a instruits de :<\/p>\n<p><strong>-Proc\u00e9der \u00e0 un examen minutieux<\/strong>\u00a0et une analyse technique d\u00e9taill\u00e9e de toutes les observations formul\u00e9es dans les rapports de l&#8217;ITIE\u00a0;<\/p>\n<p><strong>-\u00c9valuer la pertinence et l&#8217;applicabilit\u00e9<\/strong>\u00a0de ces observations dans chacun de leurs secteurs de comp\u00e9tence respectifs\u00a0;<\/p>\n<p><strong>-D\u00e9finir et ex\u00e9cuter un plan d&#8217;action concret<\/strong>\u00a0pour la mise en \u0153uvre effective des recommandations, avec des indicateurs de suivi et des \u00e9ch\u00e9ances claires\u00a0;<\/p>\n<p>Cette approche m\u00e9thodique vise \u00e0 transformer les engagements de transparence en actions administratives tangibles, garantissant ainsi une am\u00e9lioration mesurable des pratiques.<\/p>\n<p>Le Premier ministre a r\u00e9affirm\u00e9 que cette mobilisation gouvernementale s&#8217;effectue en stricte conformit\u00e9 avec les directives du Pr\u00e9sident de la R\u00e9publique, M. Mohamed Cheikh El Ghazouani. Le Chef de l&#8217;\u00c9tat a en effet plac\u00e9 la consolidation de la transparence, notamment dans le secteur strat\u00e9gique des industries extractives, au rang des priorit\u00e9s absolues de son action. Cette vision politique forte postule qu&#8217;une gestion ouverte et int\u00e8gre des ressources naturelles est le socle indispensable d&#8217;un d\u00e9veloppement durable, cr\u00e9ateur de valeur partag\u00e9e et de confiance entre l&#8217;\u00c9tat, les investisseurs et les citoyens.<\/p>\n<p>Cette r\u00e9union de haut niveau marque une \u00e9tape op\u00e9rationnelle significative dans le processus de l&#8217;ITIE. Elle t\u00e9moigne d&#8217;une volont\u00e9 politique de passer du diagnostic \u00e0 l&#8217;action corrective. La mise en \u0153uvre rigoureuse des recommandations devrait permettre :<\/p>\n<p><strong>-D&#8217;am\u00e9liorer l&#8217;attractivit\u00e9 des investissements<\/strong>\u00a0gr\u00e2ce \u00e0 un cadre juridique et fiscal plus pr\u00e9visible et transparent\u00a0;<\/p>\n<p><strong>-De renforcer la l\u00e9gitimit\u00e9 sociale<\/strong>\u00a0des projets extractifs en garantissant que les revenus qu&#8217;ils g\u00e9n\u00e8rent sont connus et contribuent effectivement au financement des politiques publiques et du d\u00e9veloppement local\u00a0;<\/p>\n<p><strong>-De consolider la r\u00e9putation internationale<\/strong>\u00a0du pays en tant que partenaire fiable et attach\u00e9 aux principes de bonne gouvernance\u00a0;<\/p>\n<p><strong>-D&#8217;offrir aux citoyens une visibilit\u00e9 accrue<\/strong>\u00a0sur la gestion de leur patrimoine naturel, fondement de la redevabilit\u00e9 d\u00e9mocratique.<\/p>\n","protected":false},"excerpt":{"rendered":"<p>Le Premier ministre, M. El Moctar Djay, a pr\u00e9sid\u00e9, mardi dernier dans les locaux du Premier minist\u00e8re, une r\u00e9union cruciale du comit\u00e9 minist\u00e9riel d\u00e9di\u00e9 \u00e0 l&#8217;Initiative pour la Transparence dans les Industries Extractives (ITIE). Cette session de travail, rassemblant les principaux minist\u00e8res et institutions concern\u00e9s, souligne l&#8217;engagement des plus hautes autorit\u00e9s \u00e0 renforcer la gouvernance&#8230;..<\/p>\n","protected":false},"author":12,"featured_media":32956,"comment_status":"open","ping_status":"open","sticky":false,"template":"","format":"standard","meta":{"footnotes":""},"categories":[23,49],"tags":[],"class_list":["post-32955","post","type-post","status-publish","format-standard","has-post-thumbnail","hentry","category-actualite","category-economie"],"yoast_head":"<!-- This site is optimized with the Yoast SEO plugin v27.5 - https:\/\/yoast.com\/product\/yoast-seo-wordpress\/ -->\n<title>Transparence dans les industries extractives : Le Premier ministre mobilise le comit\u00e9 minist\u00e9riel sur l&#039;ITIE - Le Quotidien de Nouakchott<\/title>\n<meta name=\"robots\" content=\"index, follow, max-snippet:-1, max-image-preview:large, max-video-preview:-1\" \/>\n<link rel=\"canonical\" href=\"https:\/\/lequotidien.mr\/?p=32955&lang=fr\" \/>\n<meta property=\"og:locale\" content=\"ar_AR\" \/>\n<meta property=\"og:type\" content=\"article\" \/>\n<meta property=\"og:title\" content=\"Transparence dans les industries extractives : Le Premier ministre mobilise le comit\u00e9 minist\u00e9riel sur l&#039;ITIE - Le Quotidien de Nouakchott\" \/>\n<meta property=\"og:description\" content=\"Le Premier ministre, M. El Moctar Djay, a pr\u00e9sid\u00e9, mardi dernier dans les locaux du Premier minist\u00e8re, une r\u00e9union cruciale du comit\u00e9 minist\u00e9riel d\u00e9di\u00e9 \u00e0 l&#8217;Initiative pour la Transparence dans les Industries Extractives (ITIE). Cette session de travail, rassemblant les principaux minist\u00e8res et institutions concern\u00e9s, souligne l&#8217;engagement des plus hautes autorit\u00e9s \u00e0 renforcer la gouvernance.....\" \/>\n<meta property=\"og:url\" content=\"https:\/\/lequotidien.mr\/?p=32955&amp;lang=fr\" \/>\n<meta property=\"og:site_name\" content=\"Le Quotidien de Nouakchott\" \/>\n<meta property=\"article:publisher\" content=\"https:\/\/web.facebook.com\/lequotidienmr\" \/>\n<meta property=\"article:published_time\" content=\"2025-12-11T21:54:48+00:00\" \/>\n<meta property=\"og:image\" content=\"https:\/\/lequotidien.mr\/wp-content\/uploads\/2025\/12\/photo-PM-cmte-industries.jpg\" \/>\n\t<meta property=\"og:image:width\" content=\"647\" \/>\n\t<meta property=\"og:image:height\" content=\"387\" \/>\n\t<meta property=\"og:image:type\" content=\"image\/jpeg\" \/>\n<meta name=\"author\" content=\"Med Ahmed\" \/>\n<meta name=\"twitter:card\" content=\"summary_large_image\" \/>\n<meta name=\"twitter:creator\" content=\"@lequotidienmr\" \/>\n<meta name=\"twitter:site\" content=\"@lequotidienmr\" \/>\n<meta name=\"twitter:label1\" content=\"\u0643\u064f\u062a\u0628 \u0628\u0648\u0627\u0633\u0637\u0629\" \/>\n\t<meta name=\"twitter:data1\" content=\"Med Ahmed\" \/>\n\t<meta name=\"twitter:label2\" content=\"\u0648\u0642\u062a \u0627\u0644\u0642\u0631\u0627\u0621\u0629 \u0627\u0644\u0645\u064f\u0642\u062f\u0651\u0631\" \/>\n\t<meta name=\"twitter:data2\" content=\"4 \u062f\u0642\u0627\u0626\u0642\" \/>\n<script type=\"application\/ld+json\" class=\"yoast-schema-graph\">{\"@context\":\"https:\\\/\\\/schema.org\",\"@graph\":[{\"@type\":\"Article\",\"@id\":\"https:\\\/\\\/lequotidien.mr\\\/?p=32955&lang=fr#article\",\"isPartOf\":{\"@id\":\"https:\\\/\\\/lequotidien.mr\\\/?p=32955&lang=fr\"},\"author\":{\"name\":\"Med Ahmed\",\"@id\":\"https:\\\/\\\/lequotidien.mr\\\/#\\\/schema\\\/person\\\/d2d350202a4d599685ed8abc25f97596\"},\"headline\":\"Transparence dans les industries extractives : Le Premier ministre mobilise le comit\u00e9 minist\u00e9riel sur l&#8217;ITIE\",\"datePublished\":\"2025-12-11T21:54:48+00:00\",\"mainEntityOfPage\":{\"@id\":\"https:\\\/\\\/lequotidien.mr\\\/?p=32955&lang=fr\"},\"wordCount\":569,\"commentCount\":0,\"publisher\":{\"@id\":\"https:\\\/\\\/lequotidien.mr\\\/#organization\"},\"image\":{\"@id\":\"https:\\\/\\\/lequotidien.mr\\\/?p=32955&lang=fr#primaryimage\"},\"thumbnailUrl\":\"https:\\\/\\\/lequotidien.mr\\\/wp-content\\\/uploads\\\/2025\\\/12\\\/photo-PM-cmte-industries.jpg\",\"articleSection\":[\"ACTUALIT\u00c9\",\"Economie\"],\"inLanguage\":\"ar\",\"potentialAction\":[{\"@type\":\"CommentAction\",\"name\":\"Comment\",\"target\":[\"https:\\\/\\\/lequotidien.mr\\\/?p=32955&lang=fr#respond\"]}]},{\"@type\":\"WebPage\",\"@id\":\"https:\\\/\\\/lequotidien.mr\\\/?p=32955&lang=fr\",\"url\":\"https:\\\/\\\/lequotidien.mr\\\/?p=32955&lang=fr\",\"name\":\"Transparence dans les industries extractives : Le Premier ministre mobilise le comit\u00e9 minist\u00e9riel sur l'ITIE - Le Quotidien de Nouakchott\",\"isPartOf\":{\"@id\":\"https:\\\/\\\/lequotidien.mr\\\/#website\"},\"primaryImageOfPage\":{\"@id\":\"https:\\\/\\\/lequotidien.mr\\\/?p=32955&lang=fr#primaryimage\"},\"image\":{\"@id\":\"https:\\\/\\\/lequotidien.mr\\\/?p=32955&lang=fr#primaryimage\"},\"thumbnailUrl\":\"https:\\\/\\\/lequotidien.mr\\\/wp-content\\\/uploads\\\/2025\\\/12\\\/photo-PM-cmte-industries.jpg\",\"datePublished\":\"2025-12-11T21:54:48+00:00\",\"breadcrumb\":{\"@id\":\"https:\\\/\\\/lequotidien.mr\\\/?p=32955&lang=fr#breadcrumb\"},\"inLanguage\":\"ar\",\"potentialAction\":[{\"@type\":\"ReadAction\",\"target\":[\"https:\\\/\\\/lequotidien.mr\\\/?p=32955&lang=fr\"]}]},{\"@type\":\"ImageObject\",\"inLanguage\":\"ar\",\"@id\":\"https:\\\/\\\/lequotidien.mr\\\/?p=32955&lang=fr#primaryimage\",\"url\":\"https:\\\/\\\/lequotidien.mr\\\/wp-content\\\/uploads\\\/2025\\\/12\\\/photo-PM-cmte-industries.jpg\",\"contentUrl\":\"https:\\\/\\\/lequotidien.mr\\\/wp-content\\\/uploads\\\/2025\\\/12\\\/photo-PM-cmte-industries.jpg\",\"width\":647,\"height\":387},{\"@type\":\"BreadcrumbList\",\"@id\":\"https:\\\/\\\/lequotidien.mr\\\/?p=32955&lang=fr#breadcrumb\",\"itemListElement\":[{\"@type\":\"ListItem\",\"position\":1,\"name\":\"Home\",\"item\":\"https:\\\/\\\/lequotidien.mr\\\/\"},{\"@type\":\"ListItem\",\"position\":2,\"name\":\"Transparence dans les industries extractives : Le Premier ministre mobilise le comit\u00e9 minist\u00e9riel sur l&rsquo;ITIE\"}]},{\"@type\":\"WebSite\",\"@id\":\"https:\\\/\\\/lequotidien.mr\\\/#website\",\"url\":\"https:\\\/\\\/lequotidien.mr\\\/\",\"name\":\"Le Quotidien de Nouakchott\",\"description\":\"\u0625\u062e\u0628\u0627\u0631\u064a\u0629 \u0645\u0633\u062a\u0642\u0644\u0629 \u0644\u0644\u0623\u0646\u0628\u0627\u0621 \u0627\u0644\u0639\u0627\u0645\u0629\",\"publisher\":{\"@id\":\"https:\\\/\\\/lequotidien.mr\\\/#organization\"},\"potentialAction\":[{\"@type\":\"SearchAction\",\"target\":{\"@type\":\"EntryPoint\",\"urlTemplate\":\"https:\\\/\\\/lequotidien.mr\\\/?s={search_term_string}\"},\"query-input\":{\"@type\":\"PropertyValueSpecification\",\"valueRequired\":true,\"valueName\":\"search_term_string\"}}],\"inLanguage\":\"ar\"},{\"@type\":\"Organization\",\"@id\":\"https:\\\/\\\/lequotidien.mr\\\/#organization\",\"name\":\"Le Quotidien de Nouakchott\",\"url\":\"https:\\\/\\\/lequotidien.mr\\\/\",\"logo\":{\"@type\":\"ImageObject\",\"inLanguage\":\"ar\",\"@id\":\"https:\\\/\\\/lequotidien.mr\\\/#\\\/schema\\\/logo\\\/image\\\/\",\"url\":\"https:\\\/\\\/lequotidien.mr\\\/wp-content\\\/uploads\\\/2022\\\/11\\\/logolequotidien.jpg\",\"contentUrl\":\"https:\\\/\\\/lequotidien.mr\\\/wp-content\\\/uploads\\\/2022\\\/11\\\/logolequotidien.jpg\",\"width\":290,\"height\":65,\"caption\":\"Le Quotidien de Nouakchott\"},\"image\":{\"@id\":\"https:\\\/\\\/lequotidien.mr\\\/#\\\/schema\\\/logo\\\/image\\\/\"},\"sameAs\":[\"https:\\\/\\\/web.facebook.com\\\/lequotidienmr\",\"https:\\\/\\\/x.com\\\/lequotidienmr\"]},{\"@type\":\"Person\",\"@id\":\"https:\\\/\\\/lequotidien.mr\\\/#\\\/schema\\\/person\\\/d2d350202a4d599685ed8abc25f97596\",\"name\":\"Med Ahmed\",\"image\":{\"@type\":\"ImageObject\",\"inLanguage\":\"ar\",\"@id\":\"https:\\\/\\\/secure.gravatar.com\\\/avatar\\\/fd2acc62ed50732923d1d39c17172c9b04149f142be92310ecc69e1358f94b52?s=96&d=mm&r=g\",\"url\":\"https:\\\/\\\/secure.gravatar.com\\\/avatar\\\/fd2acc62ed50732923d1d39c17172c9b04149f142be92310ecc69e1358f94b52?s=96&d=mm&r=g\",\"contentUrl\":\"https:\\\/\\\/secure.gravatar.com\\\/avatar\\\/fd2acc62ed50732923d1d39c17172c9b04149f142be92310ecc69e1358f94b52?s=96&d=mm&r=g\",\"caption\":\"Med Ahmed\"},\"url\":\"https:\\\/\\\/lequotidien.mr\\\/?author=12\"}]}<\/script>\n<!-- \/ Yoast SEO plugin. -->","yoast_head_json":{"title":"Transparence dans les industries extractives : Le Premier ministre mobilise le comit\u00e9 minist\u00e9riel sur l'ITIE - Le Quotidien de Nouakchott","robots":{"index":"index","follow":"follow","max-snippet":"max-snippet:-1","max-image-preview":"max-image-preview:large","max-video-preview":"max-video-preview:-1"},"canonical":"https:\/\/lequotidien.mr\/?p=32955&lang=fr","og_locale":"ar_AR","og_type":"article","og_title":"Transparence dans les industries extractives : Le Premier ministre mobilise le comit\u00e9 minist\u00e9riel sur l'ITIE - Le Quotidien de Nouakchott","og_description":"Le Premier ministre, M. El Moctar Djay, a pr\u00e9sid\u00e9, mardi dernier dans les locaux du Premier minist\u00e8re, une r\u00e9union cruciale du comit\u00e9 minist\u00e9riel d\u00e9di\u00e9 \u00e0 l&#8217;Initiative pour la Transparence dans les Industries Extractives (ITIE). Cette session de travail, rassemblant les principaux minist\u00e8res et institutions concern\u00e9s, souligne l&#8217;engagement des plus hautes autorit\u00e9s \u00e0 renforcer la gouvernance.....","og_url":"https:\/\/lequotidien.mr\/?p=32955&lang=fr","og_site_name":"Le Quotidien de Nouakchott","article_publisher":"https:\/\/web.facebook.com\/lequotidienmr","article_published_time":"2025-12-11T21:54:48+00:00","og_image":[{"width":647,"height":387,"url":"https:\/\/lequotidien.mr\/wp-content\/uploads\/2025\/12\/photo-PM-cmte-industries.jpg","type":"image\/jpeg"}],"author":"Med Ahmed","twitter_card":"summary_large_image","twitter_creator":"@lequotidienmr","twitter_site":"@lequotidienmr","twitter_misc":{"\u0643\u064f\u062a\u0628 \u0628\u0648\u0627\u0633\u0637\u0629":"Med Ahmed","\u0648\u0642\u062a \u0627\u0644\u0642\u0631\u0627\u0621\u0629 \u0627\u0644\u0645\u064f\u0642\u062f\u0651\u0631":"4 \u062f\u0642\u0627\u0626\u0642"},"schema":{"@context":"https:\/\/schema.org","@graph":[{"@type":"Article","@id":"https:\/\/lequotidien.mr\/?p=32955&lang=fr#article","isPartOf":{"@id":"https:\/\/lequotidien.mr\/?p=32955&lang=fr"},"author":{"name":"Med Ahmed","@id":"https:\/\/lequotidien.mr\/#\/schema\/person\/d2d350202a4d599685ed8abc25f97596"},"headline":"Transparence dans les industries extractives : Le Premier ministre mobilise le comit\u00e9 minist\u00e9riel sur l&#8217;ITIE","datePublished":"2025-12-11T21:54:48+00:00","mainEntityOfPage":{"@id":"https:\/\/lequotidien.mr\/?p=32955&lang=fr"},"wordCount":569,"commentCount":0,"publisher":{"@id":"https:\/\/lequotidien.mr\/#organization"},"image":{"@id":"https:\/\/lequotidien.mr\/?p=32955&lang=fr#primaryimage"},"thumbnailUrl":"https:\/\/lequotidien.mr\/wp-content\/uploads\/2025\/12\/photo-PM-cmte-industries.jpg","articleSection":["ACTUALIT\u00c9","Economie"],"inLanguage":"ar","potentialAction":[{"@type":"CommentAction","name":"Comment","target":["https:\/\/lequotidien.mr\/?p=32955&lang=fr#respond"]}]},{"@type":"WebPage","@id":"https:\/\/lequotidien.mr\/?p=32955&lang=fr","url":"https:\/\/lequotidien.mr\/?p=32955&lang=fr","name":"Transparence dans les industries extractives : Le Premier ministre mobilise le comit\u00e9 minist\u00e9riel sur l'ITIE - Le Quotidien de Nouakchott","isPartOf":{"@id":"https:\/\/lequotidien.mr\/#website"},"primaryImageOfPage":{"@id":"https:\/\/lequotidien.mr\/?p=32955&lang=fr#primaryimage"},"image":{"@id":"https:\/\/lequotidien.mr\/?p=32955&lang=fr#primaryimage"},"thumbnailUrl":"https:\/\/lequotidien.mr\/wp-content\/uploads\/2025\/12\/photo-PM-cmte-industries.jpg","datePublished":"2025-12-11T21:54:48+00:00","breadcrumb":{"@id":"https:\/\/lequotidien.mr\/?p=32955&lang=fr#breadcrumb"},"inLanguage":"ar","potentialAction":[{"@type":"ReadAction","target":["https:\/\/lequotidien.mr\/?p=32955&lang=fr"]}]},{"@type":"ImageObject","inLanguage":"ar","@id":"https:\/\/lequotidien.mr\/?p=32955&lang=fr#primaryimage","url":"https:\/\/lequotidien.mr\/wp-content\/uploads\/2025\/12\/photo-PM-cmte-industries.jpg","contentUrl":"https:\/\/lequotidien.mr\/wp-content\/uploads\/2025\/12\/photo-PM-cmte-industries.jpg","width":647,"height":387},{"@type":"BreadcrumbList","@id":"https:\/\/lequotidien.mr\/?p=32955&lang=fr#breadcrumb","itemListElement":[{"@type":"ListItem","position":1,"name":"Home","item":"https:\/\/lequotidien.mr\/"},{"@type":"ListItem","position":2,"name":"Transparence dans les industries extractives : Le Premier ministre mobilise le comit\u00e9 minist\u00e9riel sur l&rsquo;ITIE"}]},{"@type":"WebSite","@id":"https:\/\/lequotidien.mr\/#website","url":"https:\/\/lequotidien.mr\/","name":"Le Quotidien de Nouakchott","description":"\u0625\u062e\u0628\u0627\u0631\u064a\u0629 \u0645\u0633\u062a\u0642\u0644\u0629 \u0644\u0644\u0623\u0646\u0628\u0627\u0621 \u0627\u0644\u0639\u0627\u0645\u0629","publisher":{"@id":"https:\/\/lequotidien.mr\/#organization"},"potentialAction":[{"@type":"SearchAction","target":{"@type":"EntryPoint","urlTemplate":"https:\/\/lequotidien.mr\/?s={search_term_string}"},"query-input":{"@type":"PropertyValueSpecification","valueRequired":true,"valueName":"search_term_string"}}],"inLanguage":"ar"},{"@type":"Organization","@id":"https:\/\/lequotidien.mr\/#organization","name":"Le Quotidien de Nouakchott","url":"https:\/\/lequotidien.mr\/","logo":{"@type":"ImageObject","inLanguage":"ar","@id":"https:\/\/lequotidien.mr\/#\/schema\/logo\/image\/","url":"https:\/\/lequotidien.mr\/wp-content\/uploads\/2022\/11\/logolequotidien.jpg","contentUrl":"https:\/\/lequotidien.mr\/wp-content\/uploads\/2022\/11\/logolequotidien.jpg","width":290,"height":65,"caption":"Le Quotidien de Nouakchott"},"image":{"@id":"https:\/\/lequotidien.mr\/#\/schema\/logo\/image\/"},"sameAs":["https:\/\/web.facebook.com\/lequotidienmr","https:\/\/x.com\/lequotidienmr"]},{"@type":"Person","@id":"https:\/\/lequotidien.mr\/#\/schema\/person\/d2d350202a4d599685ed8abc25f97596","name":"Med Ahmed","image":{"@type":"ImageObject","inLanguage":"ar","@id":"https:\/\/secure.gravatar.com\/avatar\/fd2acc62ed50732923d1d39c17172c9b04149f142be92310ecc69e1358f94b52?s=96&d=mm&r=g","url":"https:\/\/secure.gravatar.com\/avatar\/fd2acc62ed50732923d1d39c17172c9b04149f142be92310ecc69e1358f94b52?s=96&d=mm&r=g","contentUrl":"https:\/\/secure.gravatar.com\/avatar\/fd2acc62ed50732923d1d39c17172c9b04149f142be92310ecc69e1358f94b52?s=96&d=mm&r=g","caption":"Med Ahmed"},"url":"https:\/\/lequotidien.mr\/?author=12"}]}},"_links":{"self":[{"href":"https:\/\/lequotidien.mr\/index.php?rest_route=\/wp\/v2\/posts\/32955","targetHints":{"allow":["GET"]}}],"collection":[{"href":"https:\/\/lequotidien.mr\/index.php?rest_route=\/wp\/v2\/posts"}],"about":[{"href":"https:\/\/lequotidien.mr\/index.php?rest_route=\/wp\/v2\/types\/post"}],"author":[{"embeddable":true,"href":"https:\/\/lequotidien.mr\/index.php?rest_route=\/wp\/v2\/users\/12"}],"replies":[{"embeddable":true,"href":"https:\/\/lequotidien.mr\/index.php?rest_route=%2Fwp%2Fv2%2Fcomments&post=32955"}],"version-history":[{"count":1,"href":"https:\/\/lequotidien.mr\/index.php?rest_route=\/wp\/v2\/posts\/32955\/revisions"}],"predecessor-version":[{"id":32957,"href":"https:\/\/lequotidien.mr\/index.php?rest_route=\/wp\/v2\/posts\/32955\/revisions\/32957"}],"wp:featuredmedia":[{"embeddable":true,"href":"https:\/\/lequotidien.mr\/index.php?rest_route=\/wp\/v2\/media\/32956"}],"wp:attachment":[{"href":"https:\/\/lequotidien.mr\/index.php?rest_route=%2Fwp%2Fv2%2Fmedia&parent=32955"}],"wp:term":[{"taxonomy":"category","embeddable":true,"href":"https:\/\/lequotidien.mr\/index.php?rest_route=%2Fwp%2Fv2%2Fcategories&post=32955"},{"taxonomy":"post_tag","embeddable":true,"href":"https:\/\/lequotidien.mr\/index.php?rest_route=%2Fwp%2Fv2%2Ftags&post=32955"}],"curies":[{"name":"wp","href":"https:\/\/api.w.org\/{rel}","templated":true}]}}