{"id":32909,"date":"2025-12-10T09:58:36","date_gmt":"2025-12-10T09:58:36","guid":{"rendered":"https:\/\/lequotidien.mr\/?p=32909"},"modified":"2025-12-10T09:58:36","modified_gmt":"2025-12-10T09:58:36","slug":"agriculture-un-atelier-pour-lancer-la-micro-assurance-agricole-un-filet-de-securite-face-aux-chocs-climatiques","status":"publish","type":"post","link":"https:\/\/lequotidien.mr\/?p=32909&lang=fr","title":{"rendered":"Agriculture : Un atelier pour lancer la micro-assurance agricole, un filet de s\u00e9curit\u00e9 face aux chocs climatiques"},"content":{"rendered":"<p>Ouverture, mardi dernier, \u00e0 Nouakchott, \u00a0d\u2019un atelier de deux jours consacr\u00e9 aux\u00a0micro-assurances agricoles\u00a0en Mauritanie. Supervis\u00e9 par le <strong>Commissaire adjoint \u00e0 la s\u00e9curit\u00e9 alimentaire,\u00a0M. Limam Abdawa<\/strong>, et organis\u00e9 avec l\u2019appui du\u00a0Programme alimentaire mondial (PAM)\u00a0et du\u00a0Fonds international de d\u00e9veloppement agricole (FIDA), cet \u00e9v\u00e9nement marque une \u00e9tape cl\u00e9 vers la mise en place d\u2019un m\u00e9canisme de protection des agriculteurs contre les risques climatiques.<\/p>\n<p><strong>Un contexte de vuln\u00e9rabilit\u00e9 climatique aigu\u00eb<\/strong><\/p>\n<p>Dans son allocution d\u2019ouverture, M. Limam Abdawa a rappel\u00e9 l\u2019exposition extr\u00eame de la Mauritanie aux\u00a0al\u00e9as climatiques. <strong><em>\u00ab S\u00e9cheresses r\u00e9currentes, inondations, invasions acridiennes, maladies animales et vagues de chaleur extr\u00eame \u00bb<\/em><\/strong> affectent directement la s\u00e9curit\u00e9 alimentaire et les moyens de subsistance des populations rurales. Cette r\u00e9alit\u00e9 justifie, selon lui, la place prioritaire qu\u2019occupe la s\u00e9curit\u00e9 alimentaire dans la politique nationale, en ligne avec le programme du <strong>pr\u00e9sident\u00a0Mohamed Cheikh El Ghazouani<\/strong>\u00a0et les actions du gouvernement dirig\u00e9 par <strong>le Premier ministre\u00a0El Moctar Djay.<\/strong><\/p>\n<p><strong>Un programme sous-r\u00e9gional innovant<\/strong><\/p>\n<p>Le commissaire adjoint a pr\u00e9cis\u00e9 que l\u2019atelier s\u2019inscrit dans le cadre du\u00a0Programme africain de gestion int\u00e9gr\u00e9e des risques climatiques, lanc\u00e9 en mai 2025 et b\u00e9n\u00e9ficiant \u00e0 sept pays du Sahel. Ce programme, ax\u00e9 sur l\u2019innovation, repose sur trois piliers :\u00a0gestion, r\u00e9duction et transfert des risques climatiques. Sa mise en \u0153uvre en Mauritanie s\u2019appuie sur un partenariat solide avec la\u00a0Banque africaine de d\u00e9veloppement, l\u2019Agence africaine de gestion des risques\u00a0et le\u00a0PAM. M. Abdawa a salu\u00e9 le r\u00f4le crucial du\u00a0FIDA, principal bailleur du projet.<\/p>\n<p><strong>La micro-assurance, pierre angulaire de la r\u00e9silience<\/strong><\/p>\n<p>L\u2019objectif central de cet atelier est de pr\u00e9senter les\u00a0r\u00e9sultats de l\u2019\u00e9tude de faisabilit\u00e9\u00a0sur l\u2019assurance agricole men\u00e9e par le PAM. Selon M. Abdawa, ces conclusions permettront d\u2019enrichir la palette des\u00a0instruments de financement climatique\u00a0d\u00e9j\u00e0 adopt\u00e9s par le pays<strong><em>. \u00ab La mise en place d\u2019un syst\u00e8me d\u2019assurance agricole constitue une \u00e9tape charni\u00e8re de la strat\u00e9gie nationale de d\u00e9veloppement agricole \u00bb<\/em><\/strong>, a-t-il insist\u00e9, pr\u00e9cisant que cette d\u00e9marche s\u2019articule avec la\u00a0Strat\u00e9gie nationale de croissance acc\u00e9l\u00e9r\u00e9e et de prosp\u00e9rit\u00e9 partag\u00e9e. Il s\u2019agit de renforcer la protection sociale tout en r\u00e9duisant la d\u00e9pendance aux financements d\u2019urgence.<\/p>\n<p><strong>Un engagement fort des partenaires internationaux<\/strong><\/p>\n<p>Le <strong>repr\u00e9sentant r\u00e9sident adjoint du PAM en Mauritanie,\u00a0M. Wilfried Kodjo<\/strong>, a salu\u00e9 cette <strong><em>\u00ab \u00e9tape d\u00e9cisive pour l\u2019avenir de l\u2019agriculture \u00bb <\/em><\/strong>dans le pays. Il a indiqu\u00e9 que l\u2019\u00e9tude ouvre la voie \u00e0 une\u00a0innovation majeure\u00a0: l\u2019introduction effective de la micro-assurance agricole, financ\u00e9e par le FIDA via le\u00a0Fonds vert pour le climat.<\/p>\n<p>De son c\u00f4t\u00e9, le <strong>repr\u00e9sentant du FIDA,\u00a0M. Marcelin Novelis<\/strong>, a r\u00e9affirm\u00e9 l\u2019engagement de son institution \u00e0 accompagner tous les programmes visant \u00e0 renforcer la s\u00e9curit\u00e9 alimentaire et \u00e0 att\u00e9nuer les effets du changement climatique.<\/p>\n<p>La c\u00e9r\u00e9monie s\u2019est d\u00e9roul\u00e9e en pr\u00e9sence de cadres des minist\u00e8res concern\u00e9s et de repr\u00e9sentants d\u2019organisations internationales. Elle illustre la volont\u00e9 des autorit\u00e9s et de leurs partenaires de doter la Mauritanie d\u2019outils\u00a0proactifs et durables\u00a0pour faire face aux chocs climatiques. La micro-assurance agricole appara\u00eet ainsi non seulement comme un instrument \u00e9conomique, mais aussi comme un levier de\u00a0stabilit\u00e9 sociale et de r\u00e9silience nationale.<\/p>\n<p>\u00c0 travers cet atelier, la Mauritanie franchit une \u00e9tape concr\u00e8te vers la s\u00e9curisation de son agriculture face aux d\u00e9fis climatiques. En associant innovation financi\u00e8re, partenariat international et priorit\u00e9 politique, le pays cherche \u00e0 construire un\u00a0syst\u00e8me de protection int\u00e9gr\u00e9\u00a0qui prot\u00e8ge les vuln\u00e9rables, stabilise les revenus agricoles et contribue \u00e0 long terme \u00e0 la souverainet\u00e9 alimentaire nationale.<\/p>\n<p>&nbsp;<\/p>\n","protected":false},"excerpt":{"rendered":"<p>Ouverture, mardi dernier, \u00e0 Nouakchott, \u00a0d\u2019un atelier de deux jours consacr\u00e9 aux\u00a0micro-assurances agricoles\u00a0en Mauritanie. Supervis\u00e9 par le Commissaire adjoint \u00e0 la s\u00e9curit\u00e9 alimentaire,\u00a0M. Limam Abdawa, et organis\u00e9 avec l\u2019appui du\u00a0Programme alimentaire mondial (PAM)\u00a0et du\u00a0Fonds international de d\u00e9veloppement agricole (FIDA), cet \u00e9v\u00e9nement marque une \u00e9tape cl\u00e9 vers la mise en place d\u2019un m\u00e9canisme de protection des&#8230;..<\/p>\n","protected":false},"author":12,"featured_media":32910,"comment_status":"open","ping_status":"open","sticky":false,"template":"","format":"standard","meta":{"footnotes":""},"categories":[23,49],"tags":[],"class_list":["post-32909","post","type-post","status-publish","format-standard","has-post-thumbnail","hentry","category-actualite","category-economie"],"yoast_head":"<!-- This site is optimized with the Yoast SEO plugin v27.5 - https:\/\/yoast.com\/product\/yoast-seo-wordpress\/ -->\n<title>Agriculture : Un atelier pour lancer la micro-assurance agricole, un filet de s\u00e9curit\u00e9 face aux chocs climatiques - Le Quotidien de Nouakchott<\/title>\n<meta name=\"robots\" content=\"index, follow, max-snippet:-1, max-image-preview:large, max-video-preview:-1\" \/>\n<link rel=\"canonical\" href=\"https:\/\/lequotidien.mr\/?p=32909&lang=fr\" \/>\n<meta property=\"og:locale\" content=\"ar_AR\" \/>\n<meta property=\"og:type\" content=\"article\" \/>\n<meta property=\"og:title\" content=\"Agriculture : Un atelier pour lancer la micro-assurance agricole, un filet de s\u00e9curit\u00e9 face aux chocs climatiques - Le Quotidien de Nouakchott\" \/>\n<meta property=\"og:description\" content=\"Ouverture, mardi dernier, \u00e0 Nouakchott, \u00a0d\u2019un atelier de deux jours consacr\u00e9 aux\u00a0micro-assurances agricoles\u00a0en Mauritanie. Supervis\u00e9 par le Commissaire adjoint \u00e0 la s\u00e9curit\u00e9 alimentaire,\u00a0M. Limam Abdawa, et organis\u00e9 avec l\u2019appui du\u00a0Programme alimentaire mondial (PAM)\u00a0et du\u00a0Fonds international de d\u00e9veloppement agricole (FIDA), cet \u00e9v\u00e9nement marque une \u00e9tape cl\u00e9 vers la mise en place d\u2019un m\u00e9canisme de protection des.....\" \/>\n<meta property=\"og:url\" content=\"https:\/\/lequotidien.mr\/?p=32909&amp;lang=fr\" \/>\n<meta property=\"og:site_name\" content=\"Le Quotidien de Nouakchott\" \/>\n<meta property=\"article:publisher\" content=\"https:\/\/web.facebook.com\/lequotidienmr\" \/>\n<meta property=\"article:published_time\" content=\"2025-12-10T09:58:36+00:00\" \/>\n<meta property=\"og:image\" content=\"https:\/\/lequotidien.mr\/wp-content\/uploads\/2025\/12\/photo-micro-entrprises-agricoles.jpg\" \/>\n\t<meta property=\"og:image:width\" content=\"651\" \/>\n\t<meta property=\"og:image:height\" content=\"384\" \/>\n\t<meta property=\"og:image:type\" content=\"image\/jpeg\" \/>\n<meta name=\"author\" content=\"Med Ahmed\" \/>\n<meta name=\"twitter:card\" content=\"summary_large_image\" \/>\n<meta name=\"twitter:creator\" content=\"@lequotidienmr\" \/>\n<meta name=\"twitter:site\" content=\"@lequotidienmr\" \/>\n<meta name=\"twitter:label1\" content=\"\u0643\u064f\u062a\u0628 \u0628\u0648\u0627\u0633\u0637\u0629\" \/>\n\t<meta name=\"twitter:data1\" content=\"Med Ahmed\" \/>\n\t<meta name=\"twitter:label2\" content=\"\u0648\u0642\u062a \u0627\u0644\u0642\u0631\u0627\u0621\u0629 \u0627\u0644\u0645\u064f\u0642\u062f\u0651\u0631\" \/>\n\t<meta name=\"twitter:data2\" content=\"5 \u062f\u0642\u0627\u0626\u0642\" \/>\n<script type=\"application\/ld+json\" class=\"yoast-schema-graph\">{\"@context\":\"https:\\\/\\\/schema.org\",\"@graph\":[{\"@type\":\"Article\",\"@id\":\"https:\\\/\\\/lequotidien.mr\\\/?p=32909&lang=fr#article\",\"isPartOf\":{\"@id\":\"https:\\\/\\\/lequotidien.mr\\\/?p=32909&lang=fr\"},\"author\":{\"name\":\"Med Ahmed\",\"@id\":\"https:\\\/\\\/lequotidien.mr\\\/#\\\/schema\\\/person\\\/d2d350202a4d599685ed8abc25f97596\"},\"headline\":\"Agriculture : Un atelier pour lancer la micro-assurance agricole, un filet de s\u00e9curit\u00e9 face aux chocs climatiques\",\"datePublished\":\"2025-12-10T09:58:36+00:00\",\"mainEntityOfPage\":{\"@id\":\"https:\\\/\\\/lequotidien.mr\\\/?p=32909&lang=fr\"},\"wordCount\":661,\"commentCount\":0,\"publisher\":{\"@id\":\"https:\\\/\\\/lequotidien.mr\\\/#organization\"},\"image\":{\"@id\":\"https:\\\/\\\/lequotidien.mr\\\/?p=32909&lang=fr#primaryimage\"},\"thumbnailUrl\":\"https:\\\/\\\/lequotidien.mr\\\/wp-content\\\/uploads\\\/2025\\\/12\\\/photo-micro-entrprises-agricoles.jpg\",\"articleSection\":[\"ACTUALIT\u00c9\",\"Economie\"],\"inLanguage\":\"ar\",\"potentialAction\":[{\"@type\":\"CommentAction\",\"name\":\"Comment\",\"target\":[\"https:\\\/\\\/lequotidien.mr\\\/?p=32909&lang=fr#respond\"]}]},{\"@type\":\"WebPage\",\"@id\":\"https:\\\/\\\/lequotidien.mr\\\/?p=32909&lang=fr\",\"url\":\"https:\\\/\\\/lequotidien.mr\\\/?p=32909&lang=fr\",\"name\":\"Agriculture : Un atelier pour lancer la micro-assurance agricole, un filet de s\u00e9curit\u00e9 face aux chocs climatiques - Le Quotidien de Nouakchott\",\"isPartOf\":{\"@id\":\"https:\\\/\\\/lequotidien.mr\\\/#website\"},\"primaryImageOfPage\":{\"@id\":\"https:\\\/\\\/lequotidien.mr\\\/?p=32909&lang=fr#primaryimage\"},\"image\":{\"@id\":\"https:\\\/\\\/lequotidien.mr\\\/?p=32909&lang=fr#primaryimage\"},\"thumbnailUrl\":\"https:\\\/\\\/lequotidien.mr\\\/wp-content\\\/uploads\\\/2025\\\/12\\\/photo-micro-entrprises-agricoles.jpg\",\"datePublished\":\"2025-12-10T09:58:36+00:00\",\"breadcrumb\":{\"@id\":\"https:\\\/\\\/lequotidien.mr\\\/?p=32909&lang=fr#breadcrumb\"},\"inLanguage\":\"ar\",\"potentialAction\":[{\"@type\":\"ReadAction\",\"target\":[\"https:\\\/\\\/lequotidien.mr\\\/?p=32909&lang=fr\"]}]},{\"@type\":\"ImageObject\",\"inLanguage\":\"ar\",\"@id\":\"https:\\\/\\\/lequotidien.mr\\\/?p=32909&lang=fr#primaryimage\",\"url\":\"https:\\\/\\\/lequotidien.mr\\\/wp-content\\\/uploads\\\/2025\\\/12\\\/photo-micro-entrprises-agricoles.jpg\",\"contentUrl\":\"https:\\\/\\\/lequotidien.mr\\\/wp-content\\\/uploads\\\/2025\\\/12\\\/photo-micro-entrprises-agricoles.jpg\",\"width\":651,\"height\":384},{\"@type\":\"BreadcrumbList\",\"@id\":\"https:\\\/\\\/lequotidien.mr\\\/?p=32909&lang=fr#breadcrumb\",\"itemListElement\":[{\"@type\":\"ListItem\",\"position\":1,\"name\":\"Home\",\"item\":\"https:\\\/\\\/lequotidien.mr\\\/\"},{\"@type\":\"ListItem\",\"position\":2,\"name\":\"Agriculture : Un atelier pour lancer la micro-assurance agricole, un filet de s\u00e9curit\u00e9 face aux chocs climatiques\"}]},{\"@type\":\"WebSite\",\"@id\":\"https:\\\/\\\/lequotidien.mr\\\/#website\",\"url\":\"https:\\\/\\\/lequotidien.mr\\\/\",\"name\":\"Le Quotidien de Nouakchott\",\"description\":\"\u0625\u062e\u0628\u0627\u0631\u064a\u0629 \u0645\u0633\u062a\u0642\u0644\u0629 \u0644\u0644\u0623\u0646\u0628\u0627\u0621 \u0627\u0644\u0639\u0627\u0645\u0629\",\"publisher\":{\"@id\":\"https:\\\/\\\/lequotidien.mr\\\/#organization\"},\"potentialAction\":[{\"@type\":\"SearchAction\",\"target\":{\"@type\":\"EntryPoint\",\"urlTemplate\":\"https:\\\/\\\/lequotidien.mr\\\/?s={search_term_string}\"},\"query-input\":{\"@type\":\"PropertyValueSpecification\",\"valueRequired\":true,\"valueName\":\"search_term_string\"}}],\"inLanguage\":\"ar\"},{\"@type\":\"Organization\",\"@id\":\"https:\\\/\\\/lequotidien.mr\\\/#organization\",\"name\":\"Le Quotidien de Nouakchott\",\"url\":\"https:\\\/\\\/lequotidien.mr\\\/\",\"logo\":{\"@type\":\"ImageObject\",\"inLanguage\":\"ar\",\"@id\":\"https:\\\/\\\/lequotidien.mr\\\/#\\\/schema\\\/logo\\\/image\\\/\",\"url\":\"https:\\\/\\\/lequotidien.mr\\\/wp-content\\\/uploads\\\/2022\\\/11\\\/logolequotidien.jpg\",\"contentUrl\":\"https:\\\/\\\/lequotidien.mr\\\/wp-content\\\/uploads\\\/2022\\\/11\\\/logolequotidien.jpg\",\"width\":290,\"height\":65,\"caption\":\"Le Quotidien de Nouakchott\"},\"image\":{\"@id\":\"https:\\\/\\\/lequotidien.mr\\\/#\\\/schema\\\/logo\\\/image\\\/\"},\"sameAs\":[\"https:\\\/\\\/web.facebook.com\\\/lequotidienmr\",\"https:\\\/\\\/x.com\\\/lequotidienmr\"]},{\"@type\":\"Person\",\"@id\":\"https:\\\/\\\/lequotidien.mr\\\/#\\\/schema\\\/person\\\/d2d350202a4d599685ed8abc25f97596\",\"name\":\"Med Ahmed\",\"image\":{\"@type\":\"ImageObject\",\"inLanguage\":\"ar\",\"@id\":\"https:\\\/\\\/secure.gravatar.com\\\/avatar\\\/fd2acc62ed50732923d1d39c17172c9b04149f142be92310ecc69e1358f94b52?s=96&d=mm&r=g\",\"url\":\"https:\\\/\\\/secure.gravatar.com\\\/avatar\\\/fd2acc62ed50732923d1d39c17172c9b04149f142be92310ecc69e1358f94b52?s=96&d=mm&r=g\",\"contentUrl\":\"https:\\\/\\\/secure.gravatar.com\\\/avatar\\\/fd2acc62ed50732923d1d39c17172c9b04149f142be92310ecc69e1358f94b52?s=96&d=mm&r=g\",\"caption\":\"Med Ahmed\"},\"url\":\"https:\\\/\\\/lequotidien.mr\\\/?author=12\"}]}<\/script>\n<!-- \/ Yoast SEO plugin. -->","yoast_head_json":{"title":"Agriculture : Un atelier pour lancer la micro-assurance agricole, un filet de s\u00e9curit\u00e9 face aux chocs climatiques - Le Quotidien de Nouakchott","robots":{"index":"index","follow":"follow","max-snippet":"max-snippet:-1","max-image-preview":"max-image-preview:large","max-video-preview":"max-video-preview:-1"},"canonical":"https:\/\/lequotidien.mr\/?p=32909&lang=fr","og_locale":"ar_AR","og_type":"article","og_title":"Agriculture : Un atelier pour lancer la micro-assurance agricole, un filet de s\u00e9curit\u00e9 face aux chocs climatiques - Le Quotidien de Nouakchott","og_description":"Ouverture, mardi dernier, \u00e0 Nouakchott, \u00a0d\u2019un atelier de deux jours consacr\u00e9 aux\u00a0micro-assurances agricoles\u00a0en Mauritanie. Supervis\u00e9 par le Commissaire adjoint \u00e0 la s\u00e9curit\u00e9 alimentaire,\u00a0M. Limam Abdawa, et organis\u00e9 avec l\u2019appui du\u00a0Programme alimentaire mondial (PAM)\u00a0et du\u00a0Fonds international de d\u00e9veloppement agricole (FIDA), cet \u00e9v\u00e9nement marque une \u00e9tape cl\u00e9 vers la mise en place d\u2019un m\u00e9canisme de protection des.....","og_url":"https:\/\/lequotidien.mr\/?p=32909&lang=fr","og_site_name":"Le Quotidien de Nouakchott","article_publisher":"https:\/\/web.facebook.com\/lequotidienmr","article_published_time":"2025-12-10T09:58:36+00:00","og_image":[{"width":651,"height":384,"url":"https:\/\/lequotidien.mr\/wp-content\/uploads\/2025\/12\/photo-micro-entrprises-agricoles.jpg","type":"image\/jpeg"}],"author":"Med Ahmed","twitter_card":"summary_large_image","twitter_creator":"@lequotidienmr","twitter_site":"@lequotidienmr","twitter_misc":{"\u0643\u064f\u062a\u0628 \u0628\u0648\u0627\u0633\u0637\u0629":"Med Ahmed","\u0648\u0642\u062a \u0627\u0644\u0642\u0631\u0627\u0621\u0629 \u0627\u0644\u0645\u064f\u0642\u062f\u0651\u0631":"5 \u062f\u0642\u0627\u0626\u0642"},"schema":{"@context":"https:\/\/schema.org","@graph":[{"@type":"Article","@id":"https:\/\/lequotidien.mr\/?p=32909&lang=fr#article","isPartOf":{"@id":"https:\/\/lequotidien.mr\/?p=32909&lang=fr"},"author":{"name":"Med Ahmed","@id":"https:\/\/lequotidien.mr\/#\/schema\/person\/d2d350202a4d599685ed8abc25f97596"},"headline":"Agriculture : Un atelier pour lancer la micro-assurance agricole, un filet de s\u00e9curit\u00e9 face aux chocs climatiques","datePublished":"2025-12-10T09:58:36+00:00","mainEntityOfPage":{"@id":"https:\/\/lequotidien.mr\/?p=32909&lang=fr"},"wordCount":661,"commentCount":0,"publisher":{"@id":"https:\/\/lequotidien.mr\/#organization"},"image":{"@id":"https:\/\/lequotidien.mr\/?p=32909&lang=fr#primaryimage"},"thumbnailUrl":"https:\/\/lequotidien.mr\/wp-content\/uploads\/2025\/12\/photo-micro-entrprises-agricoles.jpg","articleSection":["ACTUALIT\u00c9","Economie"],"inLanguage":"ar","potentialAction":[{"@type":"CommentAction","name":"Comment","target":["https:\/\/lequotidien.mr\/?p=32909&lang=fr#respond"]}]},{"@type":"WebPage","@id":"https:\/\/lequotidien.mr\/?p=32909&lang=fr","url":"https:\/\/lequotidien.mr\/?p=32909&lang=fr","name":"Agriculture : Un atelier pour lancer la micro-assurance agricole, un filet de s\u00e9curit\u00e9 face aux chocs climatiques - Le Quotidien de Nouakchott","isPartOf":{"@id":"https:\/\/lequotidien.mr\/#website"},"primaryImageOfPage":{"@id":"https:\/\/lequotidien.mr\/?p=32909&lang=fr#primaryimage"},"image":{"@id":"https:\/\/lequotidien.mr\/?p=32909&lang=fr#primaryimage"},"thumbnailUrl":"https:\/\/lequotidien.mr\/wp-content\/uploads\/2025\/12\/photo-micro-entrprises-agricoles.jpg","datePublished":"2025-12-10T09:58:36+00:00","breadcrumb":{"@id":"https:\/\/lequotidien.mr\/?p=32909&lang=fr#breadcrumb"},"inLanguage":"ar","potentialAction":[{"@type":"ReadAction","target":["https:\/\/lequotidien.mr\/?p=32909&lang=fr"]}]},{"@type":"ImageObject","inLanguage":"ar","@id":"https:\/\/lequotidien.mr\/?p=32909&lang=fr#primaryimage","url":"https:\/\/lequotidien.mr\/wp-content\/uploads\/2025\/12\/photo-micro-entrprises-agricoles.jpg","contentUrl":"https:\/\/lequotidien.mr\/wp-content\/uploads\/2025\/12\/photo-micro-entrprises-agricoles.jpg","width":651,"height":384},{"@type":"BreadcrumbList","@id":"https:\/\/lequotidien.mr\/?p=32909&lang=fr#breadcrumb","itemListElement":[{"@type":"ListItem","position":1,"name":"Home","item":"https:\/\/lequotidien.mr\/"},{"@type":"ListItem","position":2,"name":"Agriculture : Un atelier pour lancer la micro-assurance agricole, un filet de s\u00e9curit\u00e9 face aux chocs climatiques"}]},{"@type":"WebSite","@id":"https:\/\/lequotidien.mr\/#website","url":"https:\/\/lequotidien.mr\/","name":"Le Quotidien de Nouakchott","description":"\u0625\u062e\u0628\u0627\u0631\u064a\u0629 \u0645\u0633\u062a\u0642\u0644\u0629 \u0644\u0644\u0623\u0646\u0628\u0627\u0621 \u0627\u0644\u0639\u0627\u0645\u0629","publisher":{"@id":"https:\/\/lequotidien.mr\/#organization"},"potentialAction":[{"@type":"SearchAction","target":{"@type":"EntryPoint","urlTemplate":"https:\/\/lequotidien.mr\/?s={search_term_string}"},"query-input":{"@type":"PropertyValueSpecification","valueRequired":true,"valueName":"search_term_string"}}],"inLanguage":"ar"},{"@type":"Organization","@id":"https:\/\/lequotidien.mr\/#organization","name":"Le Quotidien de Nouakchott","url":"https:\/\/lequotidien.mr\/","logo":{"@type":"ImageObject","inLanguage":"ar","@id":"https:\/\/lequotidien.mr\/#\/schema\/logo\/image\/","url":"https:\/\/lequotidien.mr\/wp-content\/uploads\/2022\/11\/logolequotidien.jpg","contentUrl":"https:\/\/lequotidien.mr\/wp-content\/uploads\/2022\/11\/logolequotidien.jpg","width":290,"height":65,"caption":"Le Quotidien de Nouakchott"},"image":{"@id":"https:\/\/lequotidien.mr\/#\/schema\/logo\/image\/"},"sameAs":["https:\/\/web.facebook.com\/lequotidienmr","https:\/\/x.com\/lequotidienmr"]},{"@type":"Person","@id":"https:\/\/lequotidien.mr\/#\/schema\/person\/d2d350202a4d599685ed8abc25f97596","name":"Med Ahmed","image":{"@type":"ImageObject","inLanguage":"ar","@id":"https:\/\/secure.gravatar.com\/avatar\/fd2acc62ed50732923d1d39c17172c9b04149f142be92310ecc69e1358f94b52?s=96&d=mm&r=g","url":"https:\/\/secure.gravatar.com\/avatar\/fd2acc62ed50732923d1d39c17172c9b04149f142be92310ecc69e1358f94b52?s=96&d=mm&r=g","contentUrl":"https:\/\/secure.gravatar.com\/avatar\/fd2acc62ed50732923d1d39c17172c9b04149f142be92310ecc69e1358f94b52?s=96&d=mm&r=g","caption":"Med Ahmed"},"url":"https:\/\/lequotidien.mr\/?author=12"}]}},"_links":{"self":[{"href":"https:\/\/lequotidien.mr\/index.php?rest_route=\/wp\/v2\/posts\/32909","targetHints":{"allow":["GET"]}}],"collection":[{"href":"https:\/\/lequotidien.mr\/index.php?rest_route=\/wp\/v2\/posts"}],"about":[{"href":"https:\/\/lequotidien.mr\/index.php?rest_route=\/wp\/v2\/types\/post"}],"author":[{"embeddable":true,"href":"https:\/\/lequotidien.mr\/index.php?rest_route=\/wp\/v2\/users\/12"}],"replies":[{"embeddable":true,"href":"https:\/\/lequotidien.mr\/index.php?rest_route=%2Fwp%2Fv2%2Fcomments&post=32909"}],"version-history":[{"count":1,"href":"https:\/\/lequotidien.mr\/index.php?rest_route=\/wp\/v2\/posts\/32909\/revisions"}],"predecessor-version":[{"id":32911,"href":"https:\/\/lequotidien.mr\/index.php?rest_route=\/wp\/v2\/posts\/32909\/revisions\/32911"}],"wp:featuredmedia":[{"embeddable":true,"href":"https:\/\/lequotidien.mr\/index.php?rest_route=\/wp\/v2\/media\/32910"}],"wp:attachment":[{"href":"https:\/\/lequotidien.mr\/index.php?rest_route=%2Fwp%2Fv2%2Fmedia&parent=32909"}],"wp:term":[{"taxonomy":"category","embeddable":true,"href":"https:\/\/lequotidien.mr\/index.php?rest_route=%2Fwp%2Fv2%2Fcategories&post=32909"},{"taxonomy":"post_tag","embeddable":true,"href":"https:\/\/lequotidien.mr\/index.php?rest_route=%2Fwp%2Fv2%2Ftags&post=32909"}],"curies":[{"name":"wp","href":"https:\/\/api.w.org\/{rel}","templated":true}]}}