{"id":32855,"date":"2025-12-06T17:03:21","date_gmt":"2025-12-06T17:03:21","guid":{"rendered":"https:\/\/lequotidien.mr\/?p=32855"},"modified":"2025-12-06T17:03:21","modified_gmt":"2025-12-06T17:03:21","slug":"ladrar-et-le-tagant-integres-aux-programmes-du-fida-un-atelier-strategique-pour-booster-le-developpement-agricole-et-pastoral","status":"publish","type":"post","link":"https:\/\/lequotidien.mr\/?p=32855&lang=fr","title":{"rendered":"L\u2019Adrar et le Tagant int\u00e9gr\u00e9s aux programmes du FIDA : Un atelier strat\u00e9gique pour booster le d\u00e9veloppement agricole et pastoral"},"content":{"rendered":"<p>Un pas important vers le d\u00e9veloppement des zones rurales de l\u2019Adrar et du Tagant a \u00e9t\u00e9 franchi, ce jeudi soir \u00e0 Atar. Le <strong>wali de l\u2019Adrar<\/strong>, <strong>M.<\/strong>\u00a0<strong>Abdallahi Mohamed Mahmoud<\/strong>, en compagnie de <strong>M.<\/strong>\u00a0<strong>Marcelin Morfelus<\/strong>, <strong>directeur du secteur Mauritanie au Fonds international de d\u00e9veloppement agricole (FIDA)<\/strong>, a supervis\u00e9 la cl\u00f4ture d\u2019un atelier consultatif crucial. L\u2019objectif central de cette rencontre \u00e9tait de poser les bases pour\u00a0<strong>\u00e9tendre la port\u00e9e g\u00e9ographique des op\u00e9rations du programme Mauritanie-FIDA<\/strong>\u00a0afin d\u2019y inclure les wilayas de l\u2019Adrar et du Tagant, reconnaissant ainsi leur potentiel et leurs besoins sp\u00e9cifiques en mati\u00e8re de d\u00e9veloppement agricole et pastoral.<\/p>\n<p><strong>Des recommandations cibl\u00e9es pour des d\u00e9fis concrets<\/strong><\/p>\n<p>Les travaux de l\u2019atelier, ayant r\u00e9uni divers acteurs locaux et experts, ont abouti \u00e0 une s\u00e9rie de recommandations pratiques et prioritaires. Celles-ci se sont concentr\u00e9es sur les leviers essentiels pour transformer l\u2019\u00e9conomie rurale des deux r\u00e9gions :<\/p>\n<p><strong>-Gestion des ressources :<\/strong>\u00a0Traiter la\u00a0<strong>raret\u00e9 de l\u2019eau<\/strong>\u00a0par le d\u00e9veloppement de techniques de mobilisation des eaux de surface et la r\u00e9habilitation des barrages, et optimiser\u00a0<strong>l\u2019exploitation des terres agricoles\u00a0<\/strong>;<\/p>\n<p><strong>-D\u00e9veloppement productif :<\/strong>\u00a0Soutenir les agriculteurs via l\u2019<strong>am\u00e9lioration des \u00e9quipements agricoles<\/strong>\u00a0et le d\u00e9veloppement des\u00a0<strong>cha\u00eenes de valeur\u00a0<\/strong>;<\/p>\n<p><strong>-Valorisation du capital animal :<\/strong>\u00a0Int\u00e9grer\u00a0<strong>l\u2019\u00e9levage de chameaux<\/strong>\u00a0et d\u00e9velopper la race de ch\u00e8vres localement appel\u00e9es\u00a0<strong>\u00ab Gweirat \u00bb<\/strong>, r\u00e9put\u00e9e pour son adaptation au milieu. La cr\u00e9ation de\u00a0<strong>couloirs pastoraux<\/strong>\u00a0figure \u00e9galement parmi les mesures phares pour s\u00e9curiser la transhumance.<\/p>\n<p><strong>Un engagement partag\u00e9 et des potentiels reconnus<\/strong><\/p>\n<p>Dans son discours, le <strong>wali de l\u2019Adrar, M. Abdallahi Mohamed Mahmoud<\/strong>, a\u00a0<strong>exprim\u00e9 sa gratitude au FIDA<\/strong>\u00a0pour le choix port\u00e9 sur sa wilaya pour abriter ces consultations. Il a salu\u00e9 la qualit\u00e9 des d\u00e9bats et le s\u00e9rieux apport\u00e9 \u00e0 l\u2019identification des\u00a0<strong>obstacles au d\u00e9veloppement local<\/strong>, consid\u00e9rant cet atelier comme un jalon important pour l\u2019avenir des deux r\u00e9gions.<\/p>\n<p>De son c\u00f4t\u00e9, <strong>M. Marcelin Morfelus<\/strong> du FIDA a fait part de sa\u00a0<strong>satisfaction quant au d\u00e9roulement des travaux<\/strong>, mettant en avant le s\u00e9rieux, le respect des d\u00e9lais et l\u2019interaction constructive des participants. <strong><em>\u00ab J\u2019ai une grande admiration pour le niveau des interventions, malgr\u00e9 la diversit\u00e9 des participants \u00bb<\/em><\/strong>, a-t-il d\u00e9clar\u00e9, avant de souligner que\u00a0<strong>les wilayas de l\u2019Adrar et du Tagant poss\u00e8dent de grandes richesses<\/strong>. Il a particuli\u00e8rement salu\u00e9\u00a0<strong>la volont\u00e9 et la pr\u00e9paration de leurs habitants \u00e0 \u0153uvrer pour le d\u00e9veloppement local<\/strong>, un facteur cl\u00e9 de succ\u00e8s pour les futurs projets.<\/p>\n<p>La c\u00e9r\u00e9monie de cl\u00f4ture, tenue en pr\u00e9sence du directeur de cabinet du wali, du hakem d\u2019Atar, d\u2019\u00e9lus locaux et des autorit\u00e9s s\u00e9curitaires, marque la fin de la phase consultative et ouvre la voie \u00e0 la\u00a0<strong>phase op\u00e9rationnelle<\/strong>. L\u2019int\u00e9gration officielle de l\u2019Adrar et du Tagant dans le portefeuille du FIDA devrait permettre de mobiliser des financements et des expertises techniques align\u00e9s sur les recommandations de l\u2019atelier.<\/p>\n<p>Cet atelier consultatif entre les autorit\u00e9s mauritaniennes et le FIDA illustre une\u00a0<strong>d\u00e9marche partenariale et ascendante<\/strong>\u00a0pour le d\u00e9veloppement. En ciblant les wilayas de l\u2019Adrar et du Tagant, le FIDA reconna\u00eet la n\u00e9cessit\u00e9 d\u2019un appui sp\u00e9cifique \u00e0 des r\u00e9gions au\u00a0<strong>potentiel agro-pastoral riche mais confront\u00e9 \u00e0 des contraintes climatiques et structurelles<\/strong>. Les recommandations issues des discussions dessinent une feuille de route r\u00e9aliste centr\u00e9e sur la r\u00e9silience, la valorisation des produits locaux et l\u2019am\u00e9lioration des conditions de vie des populations rurales. La prochaine \u00e9tape, attendue avec impatience sur le terrain, sera la concr\u00e9tisation de ces projets en interventions tangibles pour les agriculteurs et \u00e9leveurs de l\u2019Adrar et du Tagant.<\/p>\n","protected":false},"excerpt":{"rendered":"<p>Un pas important vers le d\u00e9veloppement des zones rurales de l\u2019Adrar et du Tagant a \u00e9t\u00e9 franchi, ce jeudi soir \u00e0 Atar. Le wali de l\u2019Adrar, M.\u00a0Abdallahi Mohamed Mahmoud, en compagnie de M.\u00a0Marcelin Morfelus, directeur du secteur Mauritanie au Fonds international de d\u00e9veloppement agricole (FIDA), a supervis\u00e9 la cl\u00f4ture d\u2019un atelier consultatif crucial. L\u2019objectif central&#8230;..<\/p>\n","protected":false},"author":12,"featured_media":32856,"comment_status":"open","ping_status":"open","sticky":false,"template":"","format":"standard","meta":{"footnotes":""},"categories":[23,49],"tags":[],"class_list":["post-32855","post","type-post","status-publish","format-standard","has-post-thumbnail","hentry","category-actualite","category-economie"],"yoast_head":"<!-- This site is optimized with the Yoast SEO plugin v27.5 - https:\/\/yoast.com\/product\/yoast-seo-wordpress\/ -->\n<title>L\u2019Adrar et le Tagant int\u00e9gr\u00e9s aux programmes du FIDA : Un atelier strat\u00e9gique pour booster le d\u00e9veloppement agricole et pastoral - Le Quotidien de Nouakchott<\/title>\n<meta name=\"robots\" content=\"index, follow, max-snippet:-1, max-image-preview:large, max-video-preview:-1\" \/>\n<link rel=\"canonical\" href=\"https:\/\/lequotidien.mr\/?p=32855&lang=fr\" \/>\n<meta property=\"og:locale\" content=\"ar_AR\" \/>\n<meta property=\"og:type\" content=\"article\" \/>\n<meta property=\"og:title\" content=\"L\u2019Adrar et le Tagant int\u00e9gr\u00e9s aux programmes du FIDA : Un atelier strat\u00e9gique pour booster le d\u00e9veloppement agricole et pastoral - Le Quotidien de Nouakchott\" \/>\n<meta property=\"og:description\" content=\"Un pas important vers le d\u00e9veloppement des zones rurales de l\u2019Adrar et du Tagant a \u00e9t\u00e9 franchi, ce jeudi soir \u00e0 Atar. Le wali de l\u2019Adrar, M.\u00a0Abdallahi Mohamed Mahmoud, en compagnie de M.\u00a0Marcelin Morfelus, directeur du secteur Mauritanie au Fonds international de d\u00e9veloppement agricole (FIDA), a supervis\u00e9 la cl\u00f4ture d\u2019un atelier consultatif crucial. L\u2019objectif central.....\" \/>\n<meta property=\"og:url\" content=\"https:\/\/lequotidien.mr\/?p=32855&amp;lang=fr\" \/>\n<meta property=\"og:site_name\" content=\"Le Quotidien de Nouakchott\" \/>\n<meta property=\"article:publisher\" content=\"https:\/\/web.facebook.com\/lequotidienmr\" \/>\n<meta property=\"article:published_time\" content=\"2025-12-06T17:03:21+00:00\" \/>\n<meta property=\"og:image\" content=\"https:\/\/lequotidien.mr\/wp-content\/uploads\/2025\/12\/photo-fonds-dev-agricole.jpg\" \/>\n\t<meta property=\"og:image:width\" content=\"580\" \/>\n\t<meta property=\"og:image:height\" content=\"430\" \/>\n\t<meta property=\"og:image:type\" content=\"image\/jpeg\" \/>\n<meta name=\"author\" content=\"Med Ahmed\" \/>\n<meta name=\"twitter:card\" content=\"summary_large_image\" \/>\n<meta name=\"twitter:creator\" content=\"@lequotidienmr\" \/>\n<meta name=\"twitter:site\" content=\"@lequotidienmr\" \/>\n<meta name=\"twitter:label1\" content=\"\u0643\u064f\u062a\u0628 \u0628\u0648\u0627\u0633\u0637\u0629\" \/>\n\t<meta name=\"twitter:data1\" content=\"Med Ahmed\" \/>\n\t<meta name=\"twitter:label2\" content=\"\u0648\u0642\u062a \u0627\u0644\u0642\u0631\u0627\u0621\u0629 \u0627\u0644\u0645\u064f\u0642\u062f\u0651\u0631\" \/>\n\t<meta name=\"twitter:data2\" content=\"5 \u062f\u0642\u0627\u0626\u0642\" \/>\n<script type=\"application\/ld+json\" class=\"yoast-schema-graph\">{\"@context\":\"https:\\\/\\\/schema.org\",\"@graph\":[{\"@type\":\"Article\",\"@id\":\"https:\\\/\\\/lequotidien.mr\\\/?p=32855&lang=fr#article\",\"isPartOf\":{\"@id\":\"https:\\\/\\\/lequotidien.mr\\\/?p=32855&lang=fr\"},\"author\":{\"name\":\"Med Ahmed\",\"@id\":\"https:\\\/\\\/lequotidien.mr\\\/#\\\/schema\\\/person\\\/d2d350202a4d599685ed8abc25f97596\"},\"headline\":\"L\u2019Adrar et le Tagant int\u00e9gr\u00e9s aux programmes du FIDA : Un atelier strat\u00e9gique pour booster le d\u00e9veloppement agricole et pastoral\",\"datePublished\":\"2025-12-06T17:03:21+00:00\",\"mainEntityOfPage\":{\"@id\":\"https:\\\/\\\/lequotidien.mr\\\/?p=32855&lang=fr\"},\"wordCount\":666,\"commentCount\":0,\"publisher\":{\"@id\":\"https:\\\/\\\/lequotidien.mr\\\/#organization\"},\"image\":{\"@id\":\"https:\\\/\\\/lequotidien.mr\\\/?p=32855&lang=fr#primaryimage\"},\"thumbnailUrl\":\"https:\\\/\\\/lequotidien.mr\\\/wp-content\\\/uploads\\\/2025\\\/12\\\/photo-fonds-dev-agricole.jpg\",\"articleSection\":[\"ACTUALIT\u00c9\",\"Economie\"],\"inLanguage\":\"ar\",\"potentialAction\":[{\"@type\":\"CommentAction\",\"name\":\"Comment\",\"target\":[\"https:\\\/\\\/lequotidien.mr\\\/?p=32855&lang=fr#respond\"]}]},{\"@type\":\"WebPage\",\"@id\":\"https:\\\/\\\/lequotidien.mr\\\/?p=32855&lang=fr\",\"url\":\"https:\\\/\\\/lequotidien.mr\\\/?p=32855&lang=fr\",\"name\":\"L\u2019Adrar et le Tagant int\u00e9gr\u00e9s aux programmes du FIDA : Un atelier strat\u00e9gique pour booster le d\u00e9veloppement agricole et pastoral - Le Quotidien de Nouakchott\",\"isPartOf\":{\"@id\":\"https:\\\/\\\/lequotidien.mr\\\/#website\"},\"primaryImageOfPage\":{\"@id\":\"https:\\\/\\\/lequotidien.mr\\\/?p=32855&lang=fr#primaryimage\"},\"image\":{\"@id\":\"https:\\\/\\\/lequotidien.mr\\\/?p=32855&lang=fr#primaryimage\"},\"thumbnailUrl\":\"https:\\\/\\\/lequotidien.mr\\\/wp-content\\\/uploads\\\/2025\\\/12\\\/photo-fonds-dev-agricole.jpg\",\"datePublished\":\"2025-12-06T17:03:21+00:00\",\"breadcrumb\":{\"@id\":\"https:\\\/\\\/lequotidien.mr\\\/?p=32855&lang=fr#breadcrumb\"},\"inLanguage\":\"ar\",\"potentialAction\":[{\"@type\":\"ReadAction\",\"target\":[\"https:\\\/\\\/lequotidien.mr\\\/?p=32855&lang=fr\"]}]},{\"@type\":\"ImageObject\",\"inLanguage\":\"ar\",\"@id\":\"https:\\\/\\\/lequotidien.mr\\\/?p=32855&lang=fr#primaryimage\",\"url\":\"https:\\\/\\\/lequotidien.mr\\\/wp-content\\\/uploads\\\/2025\\\/12\\\/photo-fonds-dev-agricole.jpg\",\"contentUrl\":\"https:\\\/\\\/lequotidien.mr\\\/wp-content\\\/uploads\\\/2025\\\/12\\\/photo-fonds-dev-agricole.jpg\",\"width\":580,\"height\":430},{\"@type\":\"BreadcrumbList\",\"@id\":\"https:\\\/\\\/lequotidien.mr\\\/?p=32855&lang=fr#breadcrumb\",\"itemListElement\":[{\"@type\":\"ListItem\",\"position\":1,\"name\":\"Home\",\"item\":\"https:\\\/\\\/lequotidien.mr\\\/\"},{\"@type\":\"ListItem\",\"position\":2,\"name\":\"L\u2019Adrar et le Tagant int\u00e9gr\u00e9s aux programmes du FIDA : Un atelier strat\u00e9gique pour booster le d\u00e9veloppement agricole et pastoral\"}]},{\"@type\":\"WebSite\",\"@id\":\"https:\\\/\\\/lequotidien.mr\\\/#website\",\"url\":\"https:\\\/\\\/lequotidien.mr\\\/\",\"name\":\"Le Quotidien de Nouakchott\",\"description\":\"\u0625\u062e\u0628\u0627\u0631\u064a\u0629 \u0645\u0633\u062a\u0642\u0644\u0629 \u0644\u0644\u0623\u0646\u0628\u0627\u0621 \u0627\u0644\u0639\u0627\u0645\u0629\",\"publisher\":{\"@id\":\"https:\\\/\\\/lequotidien.mr\\\/#organization\"},\"potentialAction\":[{\"@type\":\"SearchAction\",\"target\":{\"@type\":\"EntryPoint\",\"urlTemplate\":\"https:\\\/\\\/lequotidien.mr\\\/?s={search_term_string}\"},\"query-input\":{\"@type\":\"PropertyValueSpecification\",\"valueRequired\":true,\"valueName\":\"search_term_string\"}}],\"inLanguage\":\"ar\"},{\"@type\":\"Organization\",\"@id\":\"https:\\\/\\\/lequotidien.mr\\\/#organization\",\"name\":\"Le Quotidien de Nouakchott\",\"url\":\"https:\\\/\\\/lequotidien.mr\\\/\",\"logo\":{\"@type\":\"ImageObject\",\"inLanguage\":\"ar\",\"@id\":\"https:\\\/\\\/lequotidien.mr\\\/#\\\/schema\\\/logo\\\/image\\\/\",\"url\":\"https:\\\/\\\/lequotidien.mr\\\/wp-content\\\/uploads\\\/2022\\\/11\\\/logolequotidien.jpg\",\"contentUrl\":\"https:\\\/\\\/lequotidien.mr\\\/wp-content\\\/uploads\\\/2022\\\/11\\\/logolequotidien.jpg\",\"width\":290,\"height\":65,\"caption\":\"Le Quotidien de Nouakchott\"},\"image\":{\"@id\":\"https:\\\/\\\/lequotidien.mr\\\/#\\\/schema\\\/logo\\\/image\\\/\"},\"sameAs\":[\"https:\\\/\\\/web.facebook.com\\\/lequotidienmr\",\"https:\\\/\\\/x.com\\\/lequotidienmr\"]},{\"@type\":\"Person\",\"@id\":\"https:\\\/\\\/lequotidien.mr\\\/#\\\/schema\\\/person\\\/d2d350202a4d599685ed8abc25f97596\",\"name\":\"Med Ahmed\",\"image\":{\"@type\":\"ImageObject\",\"inLanguage\":\"ar\",\"@id\":\"https:\\\/\\\/secure.gravatar.com\\\/avatar\\\/fd2acc62ed50732923d1d39c17172c9b04149f142be92310ecc69e1358f94b52?s=96&d=mm&r=g\",\"url\":\"https:\\\/\\\/secure.gravatar.com\\\/avatar\\\/fd2acc62ed50732923d1d39c17172c9b04149f142be92310ecc69e1358f94b52?s=96&d=mm&r=g\",\"contentUrl\":\"https:\\\/\\\/secure.gravatar.com\\\/avatar\\\/fd2acc62ed50732923d1d39c17172c9b04149f142be92310ecc69e1358f94b52?s=96&d=mm&r=g\",\"caption\":\"Med Ahmed\"},\"url\":\"https:\\\/\\\/lequotidien.mr\\\/?author=12\"}]}<\/script>\n<!-- \/ Yoast SEO plugin. -->","yoast_head_json":{"title":"L\u2019Adrar et le Tagant int\u00e9gr\u00e9s aux programmes du FIDA : Un atelier strat\u00e9gique pour booster le d\u00e9veloppement agricole et pastoral - Le Quotidien de Nouakchott","robots":{"index":"index","follow":"follow","max-snippet":"max-snippet:-1","max-image-preview":"max-image-preview:large","max-video-preview":"max-video-preview:-1"},"canonical":"https:\/\/lequotidien.mr\/?p=32855&lang=fr","og_locale":"ar_AR","og_type":"article","og_title":"L\u2019Adrar et le Tagant int\u00e9gr\u00e9s aux programmes du FIDA : Un atelier strat\u00e9gique pour booster le d\u00e9veloppement agricole et pastoral - Le Quotidien de Nouakchott","og_description":"Un pas important vers le d\u00e9veloppement des zones rurales de l\u2019Adrar et du Tagant a \u00e9t\u00e9 franchi, ce jeudi soir \u00e0 Atar. Le wali de l\u2019Adrar, M.\u00a0Abdallahi Mohamed Mahmoud, en compagnie de M.\u00a0Marcelin Morfelus, directeur du secteur Mauritanie au Fonds international de d\u00e9veloppement agricole (FIDA), a supervis\u00e9 la cl\u00f4ture d\u2019un atelier consultatif crucial. L\u2019objectif central.....","og_url":"https:\/\/lequotidien.mr\/?p=32855&lang=fr","og_site_name":"Le Quotidien de Nouakchott","article_publisher":"https:\/\/web.facebook.com\/lequotidienmr","article_published_time":"2025-12-06T17:03:21+00:00","og_image":[{"width":580,"height":430,"url":"https:\/\/lequotidien.mr\/wp-content\/uploads\/2025\/12\/photo-fonds-dev-agricole.jpg","type":"image\/jpeg"}],"author":"Med Ahmed","twitter_card":"summary_large_image","twitter_creator":"@lequotidienmr","twitter_site":"@lequotidienmr","twitter_misc":{"\u0643\u064f\u062a\u0628 \u0628\u0648\u0627\u0633\u0637\u0629":"Med Ahmed","\u0648\u0642\u062a \u0627\u0644\u0642\u0631\u0627\u0621\u0629 \u0627\u0644\u0645\u064f\u0642\u062f\u0651\u0631":"5 \u062f\u0642\u0627\u0626\u0642"},"schema":{"@context":"https:\/\/schema.org","@graph":[{"@type":"Article","@id":"https:\/\/lequotidien.mr\/?p=32855&lang=fr#article","isPartOf":{"@id":"https:\/\/lequotidien.mr\/?p=32855&lang=fr"},"author":{"name":"Med Ahmed","@id":"https:\/\/lequotidien.mr\/#\/schema\/person\/d2d350202a4d599685ed8abc25f97596"},"headline":"L\u2019Adrar et le Tagant int\u00e9gr\u00e9s aux programmes du FIDA : Un atelier strat\u00e9gique pour booster le d\u00e9veloppement agricole et pastoral","datePublished":"2025-12-06T17:03:21+00:00","mainEntityOfPage":{"@id":"https:\/\/lequotidien.mr\/?p=32855&lang=fr"},"wordCount":666,"commentCount":0,"publisher":{"@id":"https:\/\/lequotidien.mr\/#organization"},"image":{"@id":"https:\/\/lequotidien.mr\/?p=32855&lang=fr#primaryimage"},"thumbnailUrl":"https:\/\/lequotidien.mr\/wp-content\/uploads\/2025\/12\/photo-fonds-dev-agricole.jpg","articleSection":["ACTUALIT\u00c9","Economie"],"inLanguage":"ar","potentialAction":[{"@type":"CommentAction","name":"Comment","target":["https:\/\/lequotidien.mr\/?p=32855&lang=fr#respond"]}]},{"@type":"WebPage","@id":"https:\/\/lequotidien.mr\/?p=32855&lang=fr","url":"https:\/\/lequotidien.mr\/?p=32855&lang=fr","name":"L\u2019Adrar et le Tagant int\u00e9gr\u00e9s aux programmes du FIDA : Un atelier strat\u00e9gique pour booster le d\u00e9veloppement agricole et pastoral - Le Quotidien de Nouakchott","isPartOf":{"@id":"https:\/\/lequotidien.mr\/#website"},"primaryImageOfPage":{"@id":"https:\/\/lequotidien.mr\/?p=32855&lang=fr#primaryimage"},"image":{"@id":"https:\/\/lequotidien.mr\/?p=32855&lang=fr#primaryimage"},"thumbnailUrl":"https:\/\/lequotidien.mr\/wp-content\/uploads\/2025\/12\/photo-fonds-dev-agricole.jpg","datePublished":"2025-12-06T17:03:21+00:00","breadcrumb":{"@id":"https:\/\/lequotidien.mr\/?p=32855&lang=fr#breadcrumb"},"inLanguage":"ar","potentialAction":[{"@type":"ReadAction","target":["https:\/\/lequotidien.mr\/?p=32855&lang=fr"]}]},{"@type":"ImageObject","inLanguage":"ar","@id":"https:\/\/lequotidien.mr\/?p=32855&lang=fr#primaryimage","url":"https:\/\/lequotidien.mr\/wp-content\/uploads\/2025\/12\/photo-fonds-dev-agricole.jpg","contentUrl":"https:\/\/lequotidien.mr\/wp-content\/uploads\/2025\/12\/photo-fonds-dev-agricole.jpg","width":580,"height":430},{"@type":"BreadcrumbList","@id":"https:\/\/lequotidien.mr\/?p=32855&lang=fr#breadcrumb","itemListElement":[{"@type":"ListItem","position":1,"name":"Home","item":"https:\/\/lequotidien.mr\/"},{"@type":"ListItem","position":2,"name":"L\u2019Adrar et le Tagant int\u00e9gr\u00e9s aux programmes du FIDA : Un atelier strat\u00e9gique pour booster le d\u00e9veloppement agricole et pastoral"}]},{"@type":"WebSite","@id":"https:\/\/lequotidien.mr\/#website","url":"https:\/\/lequotidien.mr\/","name":"Le Quotidien de Nouakchott","description":"\u0625\u062e\u0628\u0627\u0631\u064a\u0629 \u0645\u0633\u062a\u0642\u0644\u0629 \u0644\u0644\u0623\u0646\u0628\u0627\u0621 \u0627\u0644\u0639\u0627\u0645\u0629","publisher":{"@id":"https:\/\/lequotidien.mr\/#organization"},"potentialAction":[{"@type":"SearchAction","target":{"@type":"EntryPoint","urlTemplate":"https:\/\/lequotidien.mr\/?s={search_term_string}"},"query-input":{"@type":"PropertyValueSpecification","valueRequired":true,"valueName":"search_term_string"}}],"inLanguage":"ar"},{"@type":"Organization","@id":"https:\/\/lequotidien.mr\/#organization","name":"Le Quotidien de Nouakchott","url":"https:\/\/lequotidien.mr\/","logo":{"@type":"ImageObject","inLanguage":"ar","@id":"https:\/\/lequotidien.mr\/#\/schema\/logo\/image\/","url":"https:\/\/lequotidien.mr\/wp-content\/uploads\/2022\/11\/logolequotidien.jpg","contentUrl":"https:\/\/lequotidien.mr\/wp-content\/uploads\/2022\/11\/logolequotidien.jpg","width":290,"height":65,"caption":"Le Quotidien de Nouakchott"},"image":{"@id":"https:\/\/lequotidien.mr\/#\/schema\/logo\/image\/"},"sameAs":["https:\/\/web.facebook.com\/lequotidienmr","https:\/\/x.com\/lequotidienmr"]},{"@type":"Person","@id":"https:\/\/lequotidien.mr\/#\/schema\/person\/d2d350202a4d599685ed8abc25f97596","name":"Med Ahmed","image":{"@type":"ImageObject","inLanguage":"ar","@id":"https:\/\/secure.gravatar.com\/avatar\/fd2acc62ed50732923d1d39c17172c9b04149f142be92310ecc69e1358f94b52?s=96&d=mm&r=g","url":"https:\/\/secure.gravatar.com\/avatar\/fd2acc62ed50732923d1d39c17172c9b04149f142be92310ecc69e1358f94b52?s=96&d=mm&r=g","contentUrl":"https:\/\/secure.gravatar.com\/avatar\/fd2acc62ed50732923d1d39c17172c9b04149f142be92310ecc69e1358f94b52?s=96&d=mm&r=g","caption":"Med Ahmed"},"url":"https:\/\/lequotidien.mr\/?author=12"}]}},"_links":{"self":[{"href":"https:\/\/lequotidien.mr\/index.php?rest_route=\/wp\/v2\/posts\/32855","targetHints":{"allow":["GET"]}}],"collection":[{"href":"https:\/\/lequotidien.mr\/index.php?rest_route=\/wp\/v2\/posts"}],"about":[{"href":"https:\/\/lequotidien.mr\/index.php?rest_route=\/wp\/v2\/types\/post"}],"author":[{"embeddable":true,"href":"https:\/\/lequotidien.mr\/index.php?rest_route=\/wp\/v2\/users\/12"}],"replies":[{"embeddable":true,"href":"https:\/\/lequotidien.mr\/index.php?rest_route=%2Fwp%2Fv2%2Fcomments&post=32855"}],"version-history":[{"count":1,"href":"https:\/\/lequotidien.mr\/index.php?rest_route=\/wp\/v2\/posts\/32855\/revisions"}],"predecessor-version":[{"id":32857,"href":"https:\/\/lequotidien.mr\/index.php?rest_route=\/wp\/v2\/posts\/32855\/revisions\/32857"}],"wp:featuredmedia":[{"embeddable":true,"href":"https:\/\/lequotidien.mr\/index.php?rest_route=\/wp\/v2\/media\/32856"}],"wp:attachment":[{"href":"https:\/\/lequotidien.mr\/index.php?rest_route=%2Fwp%2Fv2%2Fmedia&parent=32855"}],"wp:term":[{"taxonomy":"category","embeddable":true,"href":"https:\/\/lequotidien.mr\/index.php?rest_route=%2Fwp%2Fv2%2Fcategories&post=32855"},{"taxonomy":"post_tag","embeddable":true,"href":"https:\/\/lequotidien.mr\/index.php?rest_route=%2Fwp%2Fv2%2Ftags&post=32855"}],"curies":[{"name":"wp","href":"https:\/\/api.w.org\/{rel}","templated":true}]}}