{"id":32742,"date":"2025-12-03T10:47:18","date_gmt":"2025-12-03T10:47:18","guid":{"rendered":"https:\/\/lequotidien.mr\/?p=32742"},"modified":"2025-12-03T10:47:18","modified_gmt":"2025-12-03T10:47:18","slug":"tamourt-naaj-40-millions-deuros-pour-un-developpement-encore-sous-tutelle","status":"publish","type":"post","link":"https:\/\/lequotidien.mr\/?p=32742&lang=fr","title":{"rendered":"Tamourt Naaj : 40 millions d\u2019euros pour un d\u00e9veloppement\u2026 encore sous tutelle ?"},"content":{"rendered":"<p>La Mauritanie et la France ont sign\u00e9 mardi \u00e0 Nouakchott deux nouveaux accords de financement destin\u00e9s au projet \u00ab N\u00e9ma \u2013 Tamourt Naaj \u00bb, cens\u00e9 d\u00e9velopper l\u2019une des zones agricoles les plus prometteuses du pays. Montant affich\u00e9 : <strong>40 millions d\u2019euros de pr\u00eat<\/strong>, auxquels s\u2019ajoutent <strong>3 millions d\u2019euros de don<\/strong>. Une enveloppe cons\u00e9quente \u2014 mais qui relance immanquablement le d\u00e9bat r\u00e9current sur la d\u00e9pendance financi\u00e8re, la priorisation des projets et la faible capacit\u00e9 nationale \u00e0 porter, seule, des programmes structurants.<\/p>\n<h3><strong>Un financement massif, mais encore un pr\u00eat<\/strong><\/h3>\n<p>Le gouvernement a pr\u00e9sent\u00e9 l\u2019accord comme une avanc\u00e9e majeure. Pourtant, l\u2019essentiel des fonds se pr\u00e9sente <strong>sous forme d\u2019endettement suppl\u00e9mentaire<\/strong>. Alors que la dette ext\u00e9rieure atteint d\u00e9j\u00e0 des niveaux pr\u00e9occupants, ce nouveau pr\u00eat interroge : <strong>faut-il syst\u00e9matiquement s\u2019endetter pour am\u00e9nager nos propres zones agricoles ?<\/strong> Et surtout : o\u00f9 sont les contreparties nationales, les r\u00e9formes structurelles et le suivi r\u00e9el des performances des projets financ\u00e9s par la France depuis deux d\u00e9cennies ?<\/p>\n<h3><strong>Des promesses d\u00e9j\u00e0 entendues<\/strong><\/h3>\n<p>Construction de barrages, retenues d\u2019eau, soutien \u00e0 l\u2019agriculture et aux activit\u00e9s f\u00e9minines, valorisation touristique\u2026 Le discours officiel ressemble \u00e9trangement \u00e0 celui de dizaines de projets annonc\u00e9s depuis 15 ans. Beaucoup avaient les m\u00eames ambitions : <strong>\u201cd\u00e9velopper un p\u00f4le int\u00e9gr\u00e9\u201d, \u201cr\u00e9duire la pauvret\u00e9\u201d, \u201crestaurer le couvert v\u00e9g\u00e9tal\u201d, \u201csoutenir les cha\u00eenes de valeur\u201d<\/strong>.<br \/>\nMais sur le terrain, rares sont ceux qui ont transform\u00e9 durablement les conditions de vie des populations rurales, faute d\u2019une gouvernance efficace, d\u2019un suivi ind\u00e9pendant, ou d\u2019une appropriation locale.<\/p>\n<h3><strong>L\u2019AFD, encore et toujours le partenaire pilote<\/strong><\/h3>\n<p>L\u2019ambassadeur de France a mis en avant les <strong>41 projets en cours<\/strong>, pour une valeur de <strong>430 millions d\u2019euros<\/strong>. Un volume impressionnant qui pose une question simple : <strong>La coop\u00e9ration mauritano-fran\u00e7aise finance-t-elle r\u00e9ellement un mod\u00e8le de d\u00e9veloppement durable, ou entretient-elle une d\u00e9pendance chronique ?<\/strong><\/p>\n<p>La pr\u00e9sence syst\u00e9matique de l\u2019AFD dans les grands projets ruraux, \u00e9nerg\u00e9tiques ou environnementaux r\u00e9v\u00e8le surtout l\u2019incapacit\u00e9 de la Mauritanie \u00e0 mobiliser des financements internes ou \u00e0 attirer des investisseurs priv\u00e9s sur des zones pourtant riches en potentiel agricole.<\/p>\n<h3><strong>Les populations de Tamourt Naaj attendent des r\u00e9sultats, pas des c\u00e9r\u00e9monies<\/strong><\/h3>\n<p>Sur le papier, le projet promet des miracles : remise en \u00e9tat de milliers d\u2019hectares ; restauration du couvert v\u00e9g\u00e9tal ; d\u00e9veloppement des comp\u00e9tences agricoles ; am\u00e9lioration de la r\u00e9silience climatique.<\/p>\n<p>Mais les habitants de la r\u00e9gion ont d\u00e9j\u00e0 vu passer <strong>plusieurs programmes similaires<\/strong>, souvent sans v\u00e9ritable changement. Ce qu\u2019ils demandent aujourd\u2019hui, ce n\u2019est pas un nouvel accord sign\u00e9 \u00e0 Nouakchott, mais <strong>des r\u00e9alisations mesurables, le suivi des fonds, et la transparence dans l\u2019ex\u00e9cution<\/strong>.<\/p>\n<h3><strong>La grande absente : la gouvernance<\/strong><\/h3>\n<p>Comme souvent dans ce type d\u2019annonce, on parle financement, on parle d\u00e9veloppement, on parle coop\u00e9ration internationale\u2026 Mais on ne dit presque rien du <strong>syst\u00e8me de gouvernance<\/strong>, du contr\u00f4le des d\u00e9penses, ni des m\u00e9canismes de lutte contre la corruption \u2014 pourtant d\u00e9cisifs dans des r\u00e9gions o\u00f9 les ressources pr\u00e9c\u00e9dentes ont trop souvent \u00e9t\u00e9 mal utilis\u00e9es.<\/p>\n<p>Si les infrastructures annonc\u00e9es voient le jour, si elles sont entretenues, si les populations en b\u00e9n\u00e9ficient r\u00e9ellement, alors le projet Tamourt Naaj pourra \u00eatre consid\u00e9r\u00e9 comme un tournant.<br \/>\nMais sans <strong>r\u00e9formes locales profondes<\/strong>, ce nouvel accord risque bien de rejoindre la longue liste des financements internationaux dont l\u2019impact tangible reste \u00e0 prouver.<\/p>\n<p>&nbsp;<\/p>\n","protected":false},"excerpt":{"rendered":"<p>La Mauritanie et la France ont sign\u00e9 mardi \u00e0 Nouakchott deux nouveaux accords de financement destin\u00e9s au projet \u00ab N\u00e9ma \u2013 Tamourt Naaj \u00bb, cens\u00e9 d\u00e9velopper l\u2019une des zones agricoles les plus prometteuses du pays. Montant affich\u00e9 : 40 millions d\u2019euros de pr\u00eat, auxquels s\u2019ajoutent 3 millions d\u2019euros de don. Une enveloppe cons\u00e9quente \u2014 mais&#8230;..<\/p>\n","protected":false},"author":4,"featured_media":32743,"comment_status":"open","ping_status":"open","sticky":false,"template":"","format":"standard","meta":{"footnotes":""},"categories":[23,49,57],"tags":[],"class_list":["post-32742","post","type-post","status-publish","format-standard","has-post-thumbnail","hentry","category-actualite","category-economie","category-couverture-specilale"],"yoast_head":"<!-- This site is optimized with the Yoast SEO plugin v27.5 - https:\/\/yoast.com\/product\/yoast-seo-wordpress\/ -->\n<title>Tamourt Naaj : 40 millions d\u2019euros pour un d\u00e9veloppement\u2026 encore sous tutelle ? - Le Quotidien de Nouakchott<\/title>\n<meta name=\"robots\" content=\"index, follow, max-snippet:-1, max-image-preview:large, max-video-preview:-1\" \/>\n<link rel=\"canonical\" href=\"https:\/\/lequotidien.mr\/?p=32742&lang=fr\" \/>\n<meta property=\"og:locale\" content=\"ar_AR\" \/>\n<meta property=\"og:type\" content=\"article\" \/>\n<meta property=\"og:title\" content=\"Tamourt Naaj : 40 millions d\u2019euros pour un d\u00e9veloppement\u2026 encore sous tutelle ? - Le Quotidien de Nouakchott\" \/>\n<meta property=\"og:description\" content=\"La Mauritanie et la France ont sign\u00e9 mardi \u00e0 Nouakchott deux nouveaux accords de financement destin\u00e9s au projet \u00ab N\u00e9ma \u2013 Tamourt Naaj \u00bb, cens\u00e9 d\u00e9velopper l\u2019une des zones agricoles les plus prometteuses du pays. Montant affich\u00e9 : 40 millions d\u2019euros de pr\u00eat, auxquels s\u2019ajoutent 3 millions d\u2019euros de don. Une enveloppe cons\u00e9quente \u2014 mais.....\" \/>\n<meta property=\"og:url\" content=\"https:\/\/lequotidien.mr\/?p=32742&amp;lang=fr\" \/>\n<meta property=\"og:site_name\" content=\"Le Quotidien de Nouakchott\" \/>\n<meta property=\"article:publisher\" content=\"https:\/\/web.facebook.com\/lequotidienmr\" \/>\n<meta property=\"article:published_time\" content=\"2025-12-03T10:47:18+00:00\" \/>\n<meta property=\"og:image\" content=\"https:\/\/lequotidien.mr\/wp-content\/uploads\/2025\/12\/02-12-2025-015-750x430-1.jpg\" \/>\n\t<meta property=\"og:image:width\" content=\"750\" \/>\n\t<meta property=\"og:image:height\" content=\"430\" \/>\n\t<meta property=\"og:image:type\" content=\"image\/jpeg\" \/>\n<meta name=\"author\" content=\"Le Quotidien\" \/>\n<meta name=\"twitter:card\" content=\"summary_large_image\" \/>\n<meta name=\"twitter:creator\" content=\"@lequotidienmr\" \/>\n<meta name=\"twitter:site\" content=\"@lequotidienmr\" \/>\n<meta name=\"twitter:label1\" content=\"\u0643\u064f\u062a\u0628 \u0628\u0648\u0627\u0633\u0637\u0629\" \/>\n\t<meta name=\"twitter:data1\" content=\"Le Quotidien\" \/>\n\t<meta name=\"twitter:label2\" content=\"\u0648\u0642\u062a \u0627\u0644\u0642\u0631\u0627\u0621\u0629 \u0627\u0644\u0645\u064f\u0642\u062f\u0651\u0631\" \/>\n\t<meta name=\"twitter:data2\" content=\"4 \u062f\u0642\u0627\u0626\u0642\" \/>\n<script type=\"application\/ld+json\" class=\"yoast-schema-graph\">{\"@context\":\"https:\\\/\\\/schema.org\",\"@graph\":[{\"@type\":\"Article\",\"@id\":\"https:\\\/\\\/lequotidien.mr\\\/?p=32742&lang=fr#article\",\"isPartOf\":{\"@id\":\"https:\\\/\\\/lequotidien.mr\\\/?p=32742&lang=fr\"},\"author\":{\"name\":\"Le Quotidien\",\"@id\":\"https:\\\/\\\/lequotidien.mr\\\/#\\\/schema\\\/person\\\/f90fcdaa970c60288de4ed2e64a56472\"},\"headline\":\"Tamourt Naaj : 40 millions d\u2019euros pour un d\u00e9veloppement\u2026 encore sous tutelle ?\",\"datePublished\":\"2025-12-03T10:47:18+00:00\",\"mainEntityOfPage\":{\"@id\":\"https:\\\/\\\/lequotidien.mr\\\/?p=32742&lang=fr\"},\"wordCount\":615,\"commentCount\":0,\"publisher\":{\"@id\":\"https:\\\/\\\/lequotidien.mr\\\/#organization\"},\"image\":{\"@id\":\"https:\\\/\\\/lequotidien.mr\\\/?p=32742&lang=fr#primaryimage\"},\"thumbnailUrl\":\"https:\\\/\\\/lequotidien.mr\\\/wp-content\\\/uploads\\\/2025\\\/12\\\/02-12-2025-015-750x430-1.jpg\",\"articleSection\":[\"ACTUALIT\u00c9\",\"Economie\",\"Couverture sp\u00e9cilale\"],\"inLanguage\":\"ar\",\"potentialAction\":[{\"@type\":\"CommentAction\",\"name\":\"Comment\",\"target\":[\"https:\\\/\\\/lequotidien.mr\\\/?p=32742&lang=fr#respond\"]}]},{\"@type\":\"WebPage\",\"@id\":\"https:\\\/\\\/lequotidien.mr\\\/?p=32742&lang=fr\",\"url\":\"https:\\\/\\\/lequotidien.mr\\\/?p=32742&lang=fr\",\"name\":\"Tamourt Naaj : 40 millions d\u2019euros pour un d\u00e9veloppement\u2026 encore sous tutelle ? - Le Quotidien de Nouakchott\",\"isPartOf\":{\"@id\":\"https:\\\/\\\/lequotidien.mr\\\/#website\"},\"primaryImageOfPage\":{\"@id\":\"https:\\\/\\\/lequotidien.mr\\\/?p=32742&lang=fr#primaryimage\"},\"image\":{\"@id\":\"https:\\\/\\\/lequotidien.mr\\\/?p=32742&lang=fr#primaryimage\"},\"thumbnailUrl\":\"https:\\\/\\\/lequotidien.mr\\\/wp-content\\\/uploads\\\/2025\\\/12\\\/02-12-2025-015-750x430-1.jpg\",\"datePublished\":\"2025-12-03T10:47:18+00:00\",\"breadcrumb\":{\"@id\":\"https:\\\/\\\/lequotidien.mr\\\/?p=32742&lang=fr#breadcrumb\"},\"inLanguage\":\"ar\",\"potentialAction\":[{\"@type\":\"ReadAction\",\"target\":[\"https:\\\/\\\/lequotidien.mr\\\/?p=32742&lang=fr\"]}]},{\"@type\":\"ImageObject\",\"inLanguage\":\"ar\",\"@id\":\"https:\\\/\\\/lequotidien.mr\\\/?p=32742&lang=fr#primaryimage\",\"url\":\"https:\\\/\\\/lequotidien.mr\\\/wp-content\\\/uploads\\\/2025\\\/12\\\/02-12-2025-015-750x430-1.jpg\",\"contentUrl\":\"https:\\\/\\\/lequotidien.mr\\\/wp-content\\\/uploads\\\/2025\\\/12\\\/02-12-2025-015-750x430-1.jpg\",\"width\":750,\"height\":430},{\"@type\":\"BreadcrumbList\",\"@id\":\"https:\\\/\\\/lequotidien.mr\\\/?p=32742&lang=fr#breadcrumb\",\"itemListElement\":[{\"@type\":\"ListItem\",\"position\":1,\"name\":\"Home\",\"item\":\"https:\\\/\\\/lequotidien.mr\\\/\"},{\"@type\":\"ListItem\",\"position\":2,\"name\":\"Tamourt Naaj : 40 millions d\u2019euros pour un d\u00e9veloppement\u2026 encore sous tutelle ?\"}]},{\"@type\":\"WebSite\",\"@id\":\"https:\\\/\\\/lequotidien.mr\\\/#website\",\"url\":\"https:\\\/\\\/lequotidien.mr\\\/\",\"name\":\"Le Quotidien de Nouakchott\",\"description\":\"\u0625\u062e\u0628\u0627\u0631\u064a\u0629 \u0645\u0633\u062a\u0642\u0644\u0629 \u0644\u0644\u0623\u0646\u0628\u0627\u0621 \u0627\u0644\u0639\u0627\u0645\u0629\",\"publisher\":{\"@id\":\"https:\\\/\\\/lequotidien.mr\\\/#organization\"},\"potentialAction\":[{\"@type\":\"SearchAction\",\"target\":{\"@type\":\"EntryPoint\",\"urlTemplate\":\"https:\\\/\\\/lequotidien.mr\\\/?s={search_term_string}\"},\"query-input\":{\"@type\":\"PropertyValueSpecification\",\"valueRequired\":true,\"valueName\":\"search_term_string\"}}],\"inLanguage\":\"ar\"},{\"@type\":\"Organization\",\"@id\":\"https:\\\/\\\/lequotidien.mr\\\/#organization\",\"name\":\"Le Quotidien de Nouakchott\",\"url\":\"https:\\\/\\\/lequotidien.mr\\\/\",\"logo\":{\"@type\":\"ImageObject\",\"inLanguage\":\"ar\",\"@id\":\"https:\\\/\\\/lequotidien.mr\\\/#\\\/schema\\\/logo\\\/image\\\/\",\"url\":\"https:\\\/\\\/lequotidien.mr\\\/wp-content\\\/uploads\\\/2022\\\/11\\\/logolequotidien.jpg\",\"contentUrl\":\"https:\\\/\\\/lequotidien.mr\\\/wp-content\\\/uploads\\\/2022\\\/11\\\/logolequotidien.jpg\",\"width\":290,\"height\":65,\"caption\":\"Le Quotidien de Nouakchott\"},\"image\":{\"@id\":\"https:\\\/\\\/lequotidien.mr\\\/#\\\/schema\\\/logo\\\/image\\\/\"},\"sameAs\":[\"https:\\\/\\\/web.facebook.com\\\/lequotidienmr\",\"https:\\\/\\\/x.com\\\/lequotidienmr\"]},{\"@type\":\"Person\",\"@id\":\"https:\\\/\\\/lequotidien.mr\\\/#\\\/schema\\\/person\\\/f90fcdaa970c60288de4ed2e64a56472\",\"name\":\"Le Quotidien\",\"image\":{\"@type\":\"ImageObject\",\"inLanguage\":\"ar\",\"@id\":\"https:\\\/\\\/secure.gravatar.com\\\/avatar\\\/374cb39a1a458a912465a93e5a3ce6546886fc3da809a1f10c63e4e8fcbca30f?s=96&d=mm&r=g\",\"url\":\"https:\\\/\\\/secure.gravatar.com\\\/avatar\\\/374cb39a1a458a912465a93e5a3ce6546886fc3da809a1f10c63e4e8fcbca30f?s=96&d=mm&r=g\",\"contentUrl\":\"https:\\\/\\\/secure.gravatar.com\\\/avatar\\\/374cb39a1a458a912465a93e5a3ce6546886fc3da809a1f10c63e4e8fcbca30f?s=96&d=mm&r=g\",\"caption\":\"Le Quotidien\"},\"sameAs\":[\"https:\\\/\\\/lequotidien.mr\\\/\"],\"url\":\"https:\\\/\\\/lequotidien.mr\\\/?author=4\"}]}<\/script>\n<!-- \/ Yoast SEO plugin. -->","yoast_head_json":{"title":"Tamourt Naaj : 40 millions d\u2019euros pour un d\u00e9veloppement\u2026 encore sous tutelle ? - Le Quotidien de Nouakchott","robots":{"index":"index","follow":"follow","max-snippet":"max-snippet:-1","max-image-preview":"max-image-preview:large","max-video-preview":"max-video-preview:-1"},"canonical":"https:\/\/lequotidien.mr\/?p=32742&lang=fr","og_locale":"ar_AR","og_type":"article","og_title":"Tamourt Naaj : 40 millions d\u2019euros pour un d\u00e9veloppement\u2026 encore sous tutelle ? - Le Quotidien de Nouakchott","og_description":"La Mauritanie et la France ont sign\u00e9 mardi \u00e0 Nouakchott deux nouveaux accords de financement destin\u00e9s au projet \u00ab N\u00e9ma \u2013 Tamourt Naaj \u00bb, cens\u00e9 d\u00e9velopper l\u2019une des zones agricoles les plus prometteuses du pays. Montant affich\u00e9 : 40 millions d\u2019euros de pr\u00eat, auxquels s\u2019ajoutent 3 millions d\u2019euros de don. Une enveloppe cons\u00e9quente \u2014 mais.....","og_url":"https:\/\/lequotidien.mr\/?p=32742&lang=fr","og_site_name":"Le Quotidien de Nouakchott","article_publisher":"https:\/\/web.facebook.com\/lequotidienmr","article_published_time":"2025-12-03T10:47:18+00:00","og_image":[{"width":750,"height":430,"url":"https:\/\/lequotidien.mr\/wp-content\/uploads\/2025\/12\/02-12-2025-015-750x430-1.jpg","type":"image\/jpeg"}],"author":"Le Quotidien","twitter_card":"summary_large_image","twitter_creator":"@lequotidienmr","twitter_site":"@lequotidienmr","twitter_misc":{"\u0643\u064f\u062a\u0628 \u0628\u0648\u0627\u0633\u0637\u0629":"Le Quotidien","\u0648\u0642\u062a \u0627\u0644\u0642\u0631\u0627\u0621\u0629 \u0627\u0644\u0645\u064f\u0642\u062f\u0651\u0631":"4 \u062f\u0642\u0627\u0626\u0642"},"schema":{"@context":"https:\/\/schema.org","@graph":[{"@type":"Article","@id":"https:\/\/lequotidien.mr\/?p=32742&lang=fr#article","isPartOf":{"@id":"https:\/\/lequotidien.mr\/?p=32742&lang=fr"},"author":{"name":"Le Quotidien","@id":"https:\/\/lequotidien.mr\/#\/schema\/person\/f90fcdaa970c60288de4ed2e64a56472"},"headline":"Tamourt Naaj : 40 millions d\u2019euros pour un d\u00e9veloppement\u2026 encore sous tutelle ?","datePublished":"2025-12-03T10:47:18+00:00","mainEntityOfPage":{"@id":"https:\/\/lequotidien.mr\/?p=32742&lang=fr"},"wordCount":615,"commentCount":0,"publisher":{"@id":"https:\/\/lequotidien.mr\/#organization"},"image":{"@id":"https:\/\/lequotidien.mr\/?p=32742&lang=fr#primaryimage"},"thumbnailUrl":"https:\/\/lequotidien.mr\/wp-content\/uploads\/2025\/12\/02-12-2025-015-750x430-1.jpg","articleSection":["ACTUALIT\u00c9","Economie","Couverture sp\u00e9cilale"],"inLanguage":"ar","potentialAction":[{"@type":"CommentAction","name":"Comment","target":["https:\/\/lequotidien.mr\/?p=32742&lang=fr#respond"]}]},{"@type":"WebPage","@id":"https:\/\/lequotidien.mr\/?p=32742&lang=fr","url":"https:\/\/lequotidien.mr\/?p=32742&lang=fr","name":"Tamourt Naaj : 40 millions d\u2019euros pour un d\u00e9veloppement\u2026 encore sous tutelle ? - Le Quotidien de Nouakchott","isPartOf":{"@id":"https:\/\/lequotidien.mr\/#website"},"primaryImageOfPage":{"@id":"https:\/\/lequotidien.mr\/?p=32742&lang=fr#primaryimage"},"image":{"@id":"https:\/\/lequotidien.mr\/?p=32742&lang=fr#primaryimage"},"thumbnailUrl":"https:\/\/lequotidien.mr\/wp-content\/uploads\/2025\/12\/02-12-2025-015-750x430-1.jpg","datePublished":"2025-12-03T10:47:18+00:00","breadcrumb":{"@id":"https:\/\/lequotidien.mr\/?p=32742&lang=fr#breadcrumb"},"inLanguage":"ar","potentialAction":[{"@type":"ReadAction","target":["https:\/\/lequotidien.mr\/?p=32742&lang=fr"]}]},{"@type":"ImageObject","inLanguage":"ar","@id":"https:\/\/lequotidien.mr\/?p=32742&lang=fr#primaryimage","url":"https:\/\/lequotidien.mr\/wp-content\/uploads\/2025\/12\/02-12-2025-015-750x430-1.jpg","contentUrl":"https:\/\/lequotidien.mr\/wp-content\/uploads\/2025\/12\/02-12-2025-015-750x430-1.jpg","width":750,"height":430},{"@type":"BreadcrumbList","@id":"https:\/\/lequotidien.mr\/?p=32742&lang=fr#breadcrumb","itemListElement":[{"@type":"ListItem","position":1,"name":"Home","item":"https:\/\/lequotidien.mr\/"},{"@type":"ListItem","position":2,"name":"Tamourt Naaj : 40 millions d\u2019euros pour un d\u00e9veloppement\u2026 encore sous tutelle ?"}]},{"@type":"WebSite","@id":"https:\/\/lequotidien.mr\/#website","url":"https:\/\/lequotidien.mr\/","name":"Le Quotidien de Nouakchott","description":"\u0625\u062e\u0628\u0627\u0631\u064a\u0629 \u0645\u0633\u062a\u0642\u0644\u0629 \u0644\u0644\u0623\u0646\u0628\u0627\u0621 \u0627\u0644\u0639\u0627\u0645\u0629","publisher":{"@id":"https:\/\/lequotidien.mr\/#organization"},"potentialAction":[{"@type":"SearchAction","target":{"@type":"EntryPoint","urlTemplate":"https:\/\/lequotidien.mr\/?s={search_term_string}"},"query-input":{"@type":"PropertyValueSpecification","valueRequired":true,"valueName":"search_term_string"}}],"inLanguage":"ar"},{"@type":"Organization","@id":"https:\/\/lequotidien.mr\/#organization","name":"Le Quotidien de Nouakchott","url":"https:\/\/lequotidien.mr\/","logo":{"@type":"ImageObject","inLanguage":"ar","@id":"https:\/\/lequotidien.mr\/#\/schema\/logo\/image\/","url":"https:\/\/lequotidien.mr\/wp-content\/uploads\/2022\/11\/logolequotidien.jpg","contentUrl":"https:\/\/lequotidien.mr\/wp-content\/uploads\/2022\/11\/logolequotidien.jpg","width":290,"height":65,"caption":"Le Quotidien de Nouakchott"},"image":{"@id":"https:\/\/lequotidien.mr\/#\/schema\/logo\/image\/"},"sameAs":["https:\/\/web.facebook.com\/lequotidienmr","https:\/\/x.com\/lequotidienmr"]},{"@type":"Person","@id":"https:\/\/lequotidien.mr\/#\/schema\/person\/f90fcdaa970c60288de4ed2e64a56472","name":"Le Quotidien","image":{"@type":"ImageObject","inLanguage":"ar","@id":"https:\/\/secure.gravatar.com\/avatar\/374cb39a1a458a912465a93e5a3ce6546886fc3da809a1f10c63e4e8fcbca30f?s=96&d=mm&r=g","url":"https:\/\/secure.gravatar.com\/avatar\/374cb39a1a458a912465a93e5a3ce6546886fc3da809a1f10c63e4e8fcbca30f?s=96&d=mm&r=g","contentUrl":"https:\/\/secure.gravatar.com\/avatar\/374cb39a1a458a912465a93e5a3ce6546886fc3da809a1f10c63e4e8fcbca30f?s=96&d=mm&r=g","caption":"Le Quotidien"},"sameAs":["https:\/\/lequotidien.mr\/"],"url":"https:\/\/lequotidien.mr\/?author=4"}]}},"_links":{"self":[{"href":"https:\/\/lequotidien.mr\/index.php?rest_route=\/wp\/v2\/posts\/32742","targetHints":{"allow":["GET"]}}],"collection":[{"href":"https:\/\/lequotidien.mr\/index.php?rest_route=\/wp\/v2\/posts"}],"about":[{"href":"https:\/\/lequotidien.mr\/index.php?rest_route=\/wp\/v2\/types\/post"}],"author":[{"embeddable":true,"href":"https:\/\/lequotidien.mr\/index.php?rest_route=\/wp\/v2\/users\/4"}],"replies":[{"embeddable":true,"href":"https:\/\/lequotidien.mr\/index.php?rest_route=%2Fwp%2Fv2%2Fcomments&post=32742"}],"version-history":[{"count":1,"href":"https:\/\/lequotidien.mr\/index.php?rest_route=\/wp\/v2\/posts\/32742\/revisions"}],"predecessor-version":[{"id":32744,"href":"https:\/\/lequotidien.mr\/index.php?rest_route=\/wp\/v2\/posts\/32742\/revisions\/32744"}],"wp:featuredmedia":[{"embeddable":true,"href":"https:\/\/lequotidien.mr\/index.php?rest_route=\/wp\/v2\/media\/32743"}],"wp:attachment":[{"href":"https:\/\/lequotidien.mr\/index.php?rest_route=%2Fwp%2Fv2%2Fmedia&parent=32742"}],"wp:term":[{"taxonomy":"category","embeddable":true,"href":"https:\/\/lequotidien.mr\/index.php?rest_route=%2Fwp%2Fv2%2Fcategories&post=32742"},{"taxonomy":"post_tag","embeddable":true,"href":"https:\/\/lequotidien.mr\/index.php?rest_route=%2Fwp%2Fv2%2Ftags&post=32742"}],"curies":[{"name":"wp","href":"https:\/\/api.w.org\/{rel}","templated":true}]}}