{"id":32588,"date":"2025-11-25T18:36:00","date_gmt":"2025-11-25T18:36:00","guid":{"rendered":"https:\/\/lequotidien.mr\/?p=32588"},"modified":"2025-11-25T18:36:00","modified_gmt":"2025-11-25T18:36:00","slug":"nouakchott-lancement-du-forum-national-de-presentation-des-resultats-de-la-premiere-phase-du-plan-national-damenagement-du-territoire","status":"publish","type":"post","link":"https:\/\/lequotidien.mr\/?p=32588&lang=fr","title":{"rendered":"Nouakchott : Lancement du Forum national de pr\u00e9sentation des r\u00e9sultats de la premi\u00e8re phase du Plan national d&#8217;am\u00e9nagement du territoire"},"content":{"rendered":"<p>Le <strong>minist\u00e8re de l&#8217;Habitat, de l&#8217;Urbanisme et de l&#8217;Am\u00e9nagement du<\/strong> <strong>Territoire<\/strong> a lanc\u00e9, ce lundi \u00e0 Nouakchott, le <strong>Forum national de pr\u00e9sentation des r\u00e9sultats de la premi\u00e8re phase du Plan national d&#8217;am\u00e9nagement du territoire<\/strong>, un \u00e9v\u00e9nement marquant une \u00e9tape cruciale dans la planification du d\u00e9veloppement mauritanien pour les deux prochaines d\u00e9cennies.<\/p>\n<p><strong>Une vision strat\u00e9gique pour l&#8217;avenir<\/strong><\/p>\n<p>Supervisant l&#8217;ouverture des travaux du forum, la ministre de l&#8217;Habitat, de l&#8217;Urbanisme et de l&#8217;Am\u00e9nagement du Territoire,\u00a0<strong>Mme Naha <\/strong><strong>Hamdi Mouknass<\/strong>, a d\u00e9clar\u00e9 \u00eatre <strong><em>&#8220;honor\u00e9e de poser une nouvelle pierre de l&#8217;\u00e9difice de la planification du d\u00e9veloppement&#8221;<\/em><\/strong>, une planification men\u00e9e par le\u00a0<strong>Pr\u00e9sident de la R\u00e9publique, Monsieur Mohamed Cheikh El Ghazouani<\/strong>, <strong><em>&#8220;sur des bases solides de modernisation et de d\u00e9veloppement, renforc\u00e9es par une vision de d\u00e9veloppement ambitieuse et globale&#8221;.<\/em><\/strong><\/p>\n<p>La ministre a soulign\u00e9 que ce forum constitue <strong><em>&#8220;un grand acquis r\u00e9alis\u00e9 par le gouvernement du Premier ministre, Monsieur Moctar Djay&#8221;<\/em><\/strong>, pr\u00e9cisant que ce plan national sera <strong><em>&#8220;un outil strat\u00e9gique pour organiser l&#8217;espace, orienter les investissements publics et garantir un acc\u00e8s \u00e9quitable aux services et aux infrastructures&#8221;.<\/em><\/strong><\/p>\n<p><strong>Un processus participatif et technique<\/strong><\/p>\n<p>Les travaux du forum ont \u00e9t\u00e9 marqu\u00e9s par la projection d&#8217;un documentaire sur le Plan et la pr\u00e9sentation du bilan du rapport par des experts du bureau d&#8217;\u00e9tudes. L&#8217;\u00e9laboration de ce plan a \u00e9t\u00e9 supervis\u00e9e par\u00a0<strong>des comit\u00e9s sp\u00e9cialis\u00e9s compos\u00e9s d&#8217;experts de divers secteurs<\/strong>, en plus d&#8217;<strong>un bureau d&#8217;\u00e9tude international<\/strong>\u00a0dot\u00e9 d&#8217;une grande exp\u00e9rience et comp\u00e9tence.<\/p>\n<p>Le processus, initi\u00e9 en\u00a0<strong>2022<\/strong>, s&#8217;est d\u00e9roul\u00e9 en \u00e9troite collaboration avec le\u00a0<strong>minist\u00e8re de la D\u00e9fense<\/strong><strong>, des Affaires des Retrait\u00e9s et des Enfants des Martyrs<\/strong>, repr\u00e9sent\u00e9 par la direction militaire de la g\u00e9ographie de l&#8217;\u00c9tat-Major G\u00e9n\u00e9ral des Arm\u00e9e. Le\u00a0<strong>23 mai 2024<\/strong>, sous le haut patronage du Pr\u00e9sident de la R\u00e9publique, le gouvernement a lanc\u00e9 les premi\u00e8res \u00e9tapes officielles de r\u00e9alisation du Plan national d&#8217;am\u00e9nagement du territoire.<\/p>\n<p>Ce travail s&#8217;est concr\u00e9tis\u00e9 \u00e0 travers\u00a0<strong>plusieurs forums r\u00e9gionaux<\/strong>\u00a0organis\u00e9s \u00e0\u00a0<strong>N\u00e9ma, Aleg puis Zou\u00e9rate<\/strong>, en pr\u00e9sence des walis, des \u00e9lus, des experts et des repr\u00e9sentants de la soci\u00e9t\u00e9 civile de toutes les wilayas du pays.<\/p>\n<p><strong>Port\u00e9e et perspectives du plan<\/strong><\/p>\n<p>Une vision nationale s&#8217;\u00e9tendant sur au moins\u00a0<strong>vingt ans<\/strong>\u00a0dans un cadre juridique sous\u00a0<strong>forme d&#8217;une loi<\/strong>\u00a0apr\u00e8s approbation.<\/p>\n<p><strong>La finalit\u00e9<\/strong>\u00a0\u00e9tant l\u2019exploitation optimale des ressources nationales (mines, agriculture, \u00e9levage, \u00e9nergies renouvelables et p\u00eache)<\/p>\n<p>Le rapport de diagnostic complet pr\u00e9sent\u00e9 lors du forum repr\u00e9sente la\u00a0<strong>premi\u00e8re phase du Plan<\/strong>, qui doit \u00eatre soumis \u00e0 l&#8217;<strong>Observatoire national de l&#8217;am\u00e9nagement du territoire<\/strong>, pr\u00e9sid\u00e9 par le\u00a0<strong>Premier ministre, Monsieur Moctar Djay<\/strong>, pour approbation.<\/p>\n<p>Ce forum s&#8217;inscrit dans un contexte de renouvellement de l&#8217;action gouvernementale, avec la\u00a0<strong>r\u00e9cente formation du nouveau gouvernement<\/strong>\u00a0refl\u00e9tant la priorit\u00e9 accord\u00e9e par le Pr\u00e9sident de la R\u00e9publique \u00e0 la jeunesse, \u00e0 la formation professionnelle, \u00e0 l&#8217;\u00e9ducation et au d\u00e9veloppement local.<\/p>\n<p>Parall\u00e8lement, la Mauritanie conna\u00eet une dynamique importante en mati\u00e8re de d\u00e9veloppement urbain. Le\u00a0<strong>Pr\u00e9sident El Ghazouani a r\u00e9cemment lanc\u00e9 un programme d&#8217;urgence de d\u00e9veloppement urbain<\/strong>\u00a0visant \u00e0 moderniser la capitale Nouakchott, avec des investissements majeurs dans les infrastructures et services publics.<\/p>\n<p>Cette vision urbaine se concr\u00e9tise \u00e9galement par\u00a0<strong>l&#8217;inauguration r\u00e9cente de places publiques<\/strong>\u00a0\u00e0 Nouakchott, dont la place El Hadj Mahmoud Ba, la place Lehzam Mayouf et la place Bilal El-Weli, pour un co\u00fbt total d&#8217;environ\u00a0<strong>1,4 milliard MRU<\/strong>.<\/p>\n<p>Ont assist\u00e9 \u00e0 l&#8217;ouverture des travaux du forum\u00a0<strong>plusieurs personnalit\u00e9s de haut rang<\/strong>, dont\u00a0: <strong>M. Abdallahi Souleymane Cheikh Sidiya<\/strong>, ministre des Affaires \u00c9conomiques et du D\u00e9veloppement\u00a0; <strong>Mme Messaouda Baham Ould Mohamed Laghdaf<\/strong>, ministre de l&#8217;Environnement et du D\u00e9veloppement Durable\u00a0; <strong>M. Yacoub Salem Vall<\/strong>, ministre D\u00e9l\u00e9gu\u00e9 charg\u00e9 de la D\u00e9centralisation et du D\u00e9veloppement Local\u00a0; <strong>Mme Fatimetou Abdel Malick<\/strong>, pr\u00e9sidente de la R\u00e9gion de Nouakchott\u00a0; et <strong>Plusieurs walis, autorit\u00e9s administratives et s\u00e9curitaires<\/strong>, ainsi que les\u00a0<strong>pr\u00e9sidents de r\u00e9gions<\/strong><\/p>\n<p><strong>Vers une Mauritanie plus planifi\u00e9e<\/strong><\/p>\n<p>Mme la ministre a exprim\u00e9 l&#8217;espoir que ce forum constitue<strong><em> &#8220;une nouvelle \u00e9tape vers la construction d&#8217;une\u00a0<\/em><\/strong><strong><em>Mauritanie plus planifi\u00e9e<\/em><\/strong><strong><em>\u00a0en mati\u00e8re de d\u00e9veloppement,\u00a0<\/em><\/strong><strong><em>plus juste<\/em><\/strong><strong><em>\u00a0dans la r\u00e9partition de ses richesses et\u00a0<\/em><\/strong><strong><em>plus capable<\/em><\/strong><strong><em>\u00a0d&#8217;investir ses ressources&#8221;.<\/em><\/strong><\/p>\n<p>Ce Plan national d&#8217;am\u00e9nagement du territoire repr\u00e9sente ainsi\u00a0<strong>l&#8217;un des projets structurants majeurs<\/strong>\u00a0du second mandat du Pr\u00e9sident El \u00a0Ghazouani, visant \u00e0 harmoniser les d\u00e9fis \u00e9conomiques, sociaux et environnementaux pour am\u00e9liorer durablement la qualit\u00e9 de vie des populations mauritaniennes.<\/p>\n<p>Avec cette initiative, la Mauritanie s&#8217;engage r\u00e9solument dans une planification spatiale strat\u00e9gique qui devrait red\u00e9finir l&#8217;organisation du territoire national et optimiser l&#8217;utilisation de ses ressources pour les g\u00e9n\u00e9rations futures.<\/p>\n","protected":false},"excerpt":{"rendered":"<p>Le minist\u00e8re de l&#8217;Habitat, de l&#8217;Urbanisme et de l&#8217;Am\u00e9nagement du Territoire a lanc\u00e9, ce lundi \u00e0 Nouakchott, le Forum national de pr\u00e9sentation des r\u00e9sultats de la premi\u00e8re phase du Plan national d&#8217;am\u00e9nagement du territoire, un \u00e9v\u00e9nement marquant une \u00e9tape cruciale dans la planification du d\u00e9veloppement mauritanien pour les deux prochaines d\u00e9cennies. Une vision strat\u00e9gique pour&#8230;..<\/p>\n","protected":false},"author":12,"featured_media":32589,"comment_status":"open","ping_status":"open","sticky":false,"template":"","format":"standard","meta":{"footnotes":""},"categories":[23,49],"tags":[],"class_list":["post-32588","post","type-post","status-publish","format-standard","has-post-thumbnail","hentry","category-actualite","category-economie"],"yoast_head":"<!-- This site is optimized with the Yoast SEO plugin v27.5 - https:\/\/yoast.com\/product\/yoast-seo-wordpress\/ -->\n<title>Nouakchott : Lancement du Forum national de pr\u00e9sentation des r\u00e9sultats de la premi\u00e8re phase du Plan national d&#039;am\u00e9nagement du territoire - Le Quotidien de Nouakchott<\/title>\n<meta name=\"robots\" content=\"index, follow, max-snippet:-1, max-image-preview:large, max-video-preview:-1\" \/>\n<link rel=\"canonical\" href=\"https:\/\/lequotidien.mr\/?p=32588&lang=fr\" \/>\n<meta property=\"og:locale\" content=\"ar_AR\" \/>\n<meta property=\"og:type\" content=\"article\" \/>\n<meta property=\"og:title\" content=\"Nouakchott : Lancement du Forum national de pr\u00e9sentation des r\u00e9sultats de la premi\u00e8re phase du Plan national d&#039;am\u00e9nagement du territoire - Le Quotidien de Nouakchott\" \/>\n<meta property=\"og:description\" content=\"Le minist\u00e8re de l&#8217;Habitat, de l&#8217;Urbanisme et de l&#8217;Am\u00e9nagement du Territoire a lanc\u00e9, ce lundi \u00e0 Nouakchott, le Forum national de pr\u00e9sentation des r\u00e9sultats de la premi\u00e8re phase du Plan national d&#8217;am\u00e9nagement du territoire, un \u00e9v\u00e9nement marquant une \u00e9tape cruciale dans la planification du d\u00e9veloppement mauritanien pour les deux prochaines d\u00e9cennies. Une vision strat\u00e9gique pour.....\" \/>\n<meta property=\"og:url\" content=\"https:\/\/lequotidien.mr\/?p=32588&amp;lang=fr\" \/>\n<meta property=\"og:site_name\" content=\"Le Quotidien de Nouakchott\" \/>\n<meta property=\"article:publisher\" content=\"https:\/\/web.facebook.com\/lequotidienmr\" \/>\n<meta property=\"article:published_time\" content=\"2025-11-25T18:36:00+00:00\" \/>\n<meta property=\"og:image\" content=\"https:\/\/lequotidien.mr\/wp-content\/uploads\/2025\/11\/photo-amenagement-territoire.jpeg\" \/>\n\t<meta property=\"og:image:width\" content=\"642\" \/>\n\t<meta property=\"og:image:height\" content=\"375\" \/>\n\t<meta property=\"og:image:type\" content=\"image\/jpeg\" \/>\n<meta name=\"author\" content=\"Med Ahmed\" \/>\n<meta name=\"twitter:card\" content=\"summary_large_image\" \/>\n<meta name=\"twitter:creator\" content=\"@lequotidienmr\" \/>\n<meta name=\"twitter:site\" content=\"@lequotidienmr\" \/>\n<meta name=\"twitter:label1\" content=\"\u0643\u064f\u062a\u0628 \u0628\u0648\u0627\u0633\u0637\u0629\" \/>\n\t<meta name=\"twitter:data1\" content=\"Med Ahmed\" \/>\n\t<meta name=\"twitter:label2\" content=\"\u0648\u0642\u062a \u0627\u0644\u0642\u0631\u0627\u0621\u0629 \u0627\u0644\u0645\u064f\u0642\u062f\u0651\u0631\" \/>\n\t<meta name=\"twitter:data2\" content=\"6 \u062f\u0642\u0627\u0626\u0642\" \/>\n<script type=\"application\/ld+json\" class=\"yoast-schema-graph\">{\"@context\":\"https:\\\/\\\/schema.org\",\"@graph\":[{\"@type\":\"Article\",\"@id\":\"https:\\\/\\\/lequotidien.mr\\\/?p=32588&lang=fr#article\",\"isPartOf\":{\"@id\":\"https:\\\/\\\/lequotidien.mr\\\/?p=32588&lang=fr\"},\"author\":{\"name\":\"Med Ahmed\",\"@id\":\"https:\\\/\\\/lequotidien.mr\\\/#\\\/schema\\\/person\\\/d2d350202a4d599685ed8abc25f97596\"},\"headline\":\"Nouakchott : Lancement du Forum national de pr\u00e9sentation des r\u00e9sultats de la premi\u00e8re phase du Plan national d&#8217;am\u00e9nagement du territoire\",\"datePublished\":\"2025-11-25T18:36:00+00:00\",\"mainEntityOfPage\":{\"@id\":\"https:\\\/\\\/lequotidien.mr\\\/?p=32588&lang=fr\"},\"wordCount\":877,\"commentCount\":0,\"publisher\":{\"@id\":\"https:\\\/\\\/lequotidien.mr\\\/#organization\"},\"image\":{\"@id\":\"https:\\\/\\\/lequotidien.mr\\\/?p=32588&lang=fr#primaryimage\"},\"thumbnailUrl\":\"https:\\\/\\\/lequotidien.mr\\\/wp-content\\\/uploads\\\/2025\\\/11\\\/photo-amenagement-territoire.jpeg\",\"articleSection\":[\"ACTUALIT\u00c9\",\"Economie\"],\"inLanguage\":\"ar\",\"potentialAction\":[{\"@type\":\"CommentAction\",\"name\":\"Comment\",\"target\":[\"https:\\\/\\\/lequotidien.mr\\\/?p=32588&lang=fr#respond\"]}]},{\"@type\":\"WebPage\",\"@id\":\"https:\\\/\\\/lequotidien.mr\\\/?p=32588&lang=fr\",\"url\":\"https:\\\/\\\/lequotidien.mr\\\/?p=32588&lang=fr\",\"name\":\"Nouakchott : Lancement du Forum national de pr\u00e9sentation des r\u00e9sultats de la premi\u00e8re phase du Plan national d'am\u00e9nagement du territoire - Le Quotidien de Nouakchott\",\"isPartOf\":{\"@id\":\"https:\\\/\\\/lequotidien.mr\\\/#website\"},\"primaryImageOfPage\":{\"@id\":\"https:\\\/\\\/lequotidien.mr\\\/?p=32588&lang=fr#primaryimage\"},\"image\":{\"@id\":\"https:\\\/\\\/lequotidien.mr\\\/?p=32588&lang=fr#primaryimage\"},\"thumbnailUrl\":\"https:\\\/\\\/lequotidien.mr\\\/wp-content\\\/uploads\\\/2025\\\/11\\\/photo-amenagement-territoire.jpeg\",\"datePublished\":\"2025-11-25T18:36:00+00:00\",\"breadcrumb\":{\"@id\":\"https:\\\/\\\/lequotidien.mr\\\/?p=32588&lang=fr#breadcrumb\"},\"inLanguage\":\"ar\",\"potentialAction\":[{\"@type\":\"ReadAction\",\"target\":[\"https:\\\/\\\/lequotidien.mr\\\/?p=32588&lang=fr\"]}]},{\"@type\":\"ImageObject\",\"inLanguage\":\"ar\",\"@id\":\"https:\\\/\\\/lequotidien.mr\\\/?p=32588&lang=fr#primaryimage\",\"url\":\"https:\\\/\\\/lequotidien.mr\\\/wp-content\\\/uploads\\\/2025\\\/11\\\/photo-amenagement-territoire.jpeg\",\"contentUrl\":\"https:\\\/\\\/lequotidien.mr\\\/wp-content\\\/uploads\\\/2025\\\/11\\\/photo-amenagement-territoire.jpeg\",\"width\":642,\"height\":375},{\"@type\":\"BreadcrumbList\",\"@id\":\"https:\\\/\\\/lequotidien.mr\\\/?p=32588&lang=fr#breadcrumb\",\"itemListElement\":[{\"@type\":\"ListItem\",\"position\":1,\"name\":\"Home\",\"item\":\"https:\\\/\\\/lequotidien.mr\\\/\"},{\"@type\":\"ListItem\",\"position\":2,\"name\":\"Nouakchott : Lancement du Forum national de pr\u00e9sentation des r\u00e9sultats de la premi\u00e8re phase du Plan national d&rsquo;am\u00e9nagement du territoire\"}]},{\"@type\":\"WebSite\",\"@id\":\"https:\\\/\\\/lequotidien.mr\\\/#website\",\"url\":\"https:\\\/\\\/lequotidien.mr\\\/\",\"name\":\"Le Quotidien de Nouakchott\",\"description\":\"\u0625\u062e\u0628\u0627\u0631\u064a\u0629 \u0645\u0633\u062a\u0642\u0644\u0629 \u0644\u0644\u0623\u0646\u0628\u0627\u0621 \u0627\u0644\u0639\u0627\u0645\u0629\",\"publisher\":{\"@id\":\"https:\\\/\\\/lequotidien.mr\\\/#organization\"},\"potentialAction\":[{\"@type\":\"SearchAction\",\"target\":{\"@type\":\"EntryPoint\",\"urlTemplate\":\"https:\\\/\\\/lequotidien.mr\\\/?s={search_term_string}\"},\"query-input\":{\"@type\":\"PropertyValueSpecification\",\"valueRequired\":true,\"valueName\":\"search_term_string\"}}],\"inLanguage\":\"ar\"},{\"@type\":\"Organization\",\"@id\":\"https:\\\/\\\/lequotidien.mr\\\/#organization\",\"name\":\"Le Quotidien de Nouakchott\",\"url\":\"https:\\\/\\\/lequotidien.mr\\\/\",\"logo\":{\"@type\":\"ImageObject\",\"inLanguage\":\"ar\",\"@id\":\"https:\\\/\\\/lequotidien.mr\\\/#\\\/schema\\\/logo\\\/image\\\/\",\"url\":\"https:\\\/\\\/lequotidien.mr\\\/wp-content\\\/uploads\\\/2022\\\/11\\\/logolequotidien.jpg\",\"contentUrl\":\"https:\\\/\\\/lequotidien.mr\\\/wp-content\\\/uploads\\\/2022\\\/11\\\/logolequotidien.jpg\",\"width\":290,\"height\":65,\"caption\":\"Le Quotidien de Nouakchott\"},\"image\":{\"@id\":\"https:\\\/\\\/lequotidien.mr\\\/#\\\/schema\\\/logo\\\/image\\\/\"},\"sameAs\":[\"https:\\\/\\\/web.facebook.com\\\/lequotidienmr\",\"https:\\\/\\\/x.com\\\/lequotidienmr\"]},{\"@type\":\"Person\",\"@id\":\"https:\\\/\\\/lequotidien.mr\\\/#\\\/schema\\\/person\\\/d2d350202a4d599685ed8abc25f97596\",\"name\":\"Med Ahmed\",\"image\":{\"@type\":\"ImageObject\",\"inLanguage\":\"ar\",\"@id\":\"https:\\\/\\\/secure.gravatar.com\\\/avatar\\\/fd2acc62ed50732923d1d39c17172c9b04149f142be92310ecc69e1358f94b52?s=96&d=mm&r=g\",\"url\":\"https:\\\/\\\/secure.gravatar.com\\\/avatar\\\/fd2acc62ed50732923d1d39c17172c9b04149f142be92310ecc69e1358f94b52?s=96&d=mm&r=g\",\"contentUrl\":\"https:\\\/\\\/secure.gravatar.com\\\/avatar\\\/fd2acc62ed50732923d1d39c17172c9b04149f142be92310ecc69e1358f94b52?s=96&d=mm&r=g\",\"caption\":\"Med Ahmed\"},\"url\":\"https:\\\/\\\/lequotidien.mr\\\/?author=12\"}]}<\/script>\n<!-- \/ Yoast SEO plugin. -->","yoast_head_json":{"title":"Nouakchott : Lancement du Forum national de pr\u00e9sentation des r\u00e9sultats de la premi\u00e8re phase du Plan national d'am\u00e9nagement du territoire - Le Quotidien de Nouakchott","robots":{"index":"index","follow":"follow","max-snippet":"max-snippet:-1","max-image-preview":"max-image-preview:large","max-video-preview":"max-video-preview:-1"},"canonical":"https:\/\/lequotidien.mr\/?p=32588&lang=fr","og_locale":"ar_AR","og_type":"article","og_title":"Nouakchott : Lancement du Forum national de pr\u00e9sentation des r\u00e9sultats de la premi\u00e8re phase du Plan national d'am\u00e9nagement du territoire - Le Quotidien de Nouakchott","og_description":"Le minist\u00e8re de l&#8217;Habitat, de l&#8217;Urbanisme et de l&#8217;Am\u00e9nagement du Territoire a lanc\u00e9, ce lundi \u00e0 Nouakchott, le Forum national de pr\u00e9sentation des r\u00e9sultats de la premi\u00e8re phase du Plan national d&#8217;am\u00e9nagement du territoire, un \u00e9v\u00e9nement marquant une \u00e9tape cruciale dans la planification du d\u00e9veloppement mauritanien pour les deux prochaines d\u00e9cennies. Une vision strat\u00e9gique pour.....","og_url":"https:\/\/lequotidien.mr\/?p=32588&lang=fr","og_site_name":"Le Quotidien de Nouakchott","article_publisher":"https:\/\/web.facebook.com\/lequotidienmr","article_published_time":"2025-11-25T18:36:00+00:00","og_image":[{"width":642,"height":375,"url":"https:\/\/lequotidien.mr\/wp-content\/uploads\/2025\/11\/photo-amenagement-territoire.jpeg","type":"image\/jpeg"}],"author":"Med Ahmed","twitter_card":"summary_large_image","twitter_creator":"@lequotidienmr","twitter_site":"@lequotidienmr","twitter_misc":{"\u0643\u064f\u062a\u0628 \u0628\u0648\u0627\u0633\u0637\u0629":"Med Ahmed","\u0648\u0642\u062a \u0627\u0644\u0642\u0631\u0627\u0621\u0629 \u0627\u0644\u0645\u064f\u0642\u062f\u0651\u0631":"6 \u062f\u0642\u0627\u0626\u0642"},"schema":{"@context":"https:\/\/schema.org","@graph":[{"@type":"Article","@id":"https:\/\/lequotidien.mr\/?p=32588&lang=fr#article","isPartOf":{"@id":"https:\/\/lequotidien.mr\/?p=32588&lang=fr"},"author":{"name":"Med Ahmed","@id":"https:\/\/lequotidien.mr\/#\/schema\/person\/d2d350202a4d599685ed8abc25f97596"},"headline":"Nouakchott : Lancement du Forum national de pr\u00e9sentation des r\u00e9sultats de la premi\u00e8re phase du Plan national d&#8217;am\u00e9nagement du territoire","datePublished":"2025-11-25T18:36:00+00:00","mainEntityOfPage":{"@id":"https:\/\/lequotidien.mr\/?p=32588&lang=fr"},"wordCount":877,"commentCount":0,"publisher":{"@id":"https:\/\/lequotidien.mr\/#organization"},"image":{"@id":"https:\/\/lequotidien.mr\/?p=32588&lang=fr#primaryimage"},"thumbnailUrl":"https:\/\/lequotidien.mr\/wp-content\/uploads\/2025\/11\/photo-amenagement-territoire.jpeg","articleSection":["ACTUALIT\u00c9","Economie"],"inLanguage":"ar","potentialAction":[{"@type":"CommentAction","name":"Comment","target":["https:\/\/lequotidien.mr\/?p=32588&lang=fr#respond"]}]},{"@type":"WebPage","@id":"https:\/\/lequotidien.mr\/?p=32588&lang=fr","url":"https:\/\/lequotidien.mr\/?p=32588&lang=fr","name":"Nouakchott : Lancement du Forum national de pr\u00e9sentation des r\u00e9sultats de la premi\u00e8re phase du Plan national d'am\u00e9nagement du territoire - Le Quotidien de Nouakchott","isPartOf":{"@id":"https:\/\/lequotidien.mr\/#website"},"primaryImageOfPage":{"@id":"https:\/\/lequotidien.mr\/?p=32588&lang=fr#primaryimage"},"image":{"@id":"https:\/\/lequotidien.mr\/?p=32588&lang=fr#primaryimage"},"thumbnailUrl":"https:\/\/lequotidien.mr\/wp-content\/uploads\/2025\/11\/photo-amenagement-territoire.jpeg","datePublished":"2025-11-25T18:36:00+00:00","breadcrumb":{"@id":"https:\/\/lequotidien.mr\/?p=32588&lang=fr#breadcrumb"},"inLanguage":"ar","potentialAction":[{"@type":"ReadAction","target":["https:\/\/lequotidien.mr\/?p=32588&lang=fr"]}]},{"@type":"ImageObject","inLanguage":"ar","@id":"https:\/\/lequotidien.mr\/?p=32588&lang=fr#primaryimage","url":"https:\/\/lequotidien.mr\/wp-content\/uploads\/2025\/11\/photo-amenagement-territoire.jpeg","contentUrl":"https:\/\/lequotidien.mr\/wp-content\/uploads\/2025\/11\/photo-amenagement-territoire.jpeg","width":642,"height":375},{"@type":"BreadcrumbList","@id":"https:\/\/lequotidien.mr\/?p=32588&lang=fr#breadcrumb","itemListElement":[{"@type":"ListItem","position":1,"name":"Home","item":"https:\/\/lequotidien.mr\/"},{"@type":"ListItem","position":2,"name":"Nouakchott : Lancement du Forum national de pr\u00e9sentation des r\u00e9sultats de la premi\u00e8re phase du Plan national d&rsquo;am\u00e9nagement du territoire"}]},{"@type":"WebSite","@id":"https:\/\/lequotidien.mr\/#website","url":"https:\/\/lequotidien.mr\/","name":"Le Quotidien de Nouakchott","description":"\u0625\u062e\u0628\u0627\u0631\u064a\u0629 \u0645\u0633\u062a\u0642\u0644\u0629 \u0644\u0644\u0623\u0646\u0628\u0627\u0621 \u0627\u0644\u0639\u0627\u0645\u0629","publisher":{"@id":"https:\/\/lequotidien.mr\/#organization"},"potentialAction":[{"@type":"SearchAction","target":{"@type":"EntryPoint","urlTemplate":"https:\/\/lequotidien.mr\/?s={search_term_string}"},"query-input":{"@type":"PropertyValueSpecification","valueRequired":true,"valueName":"search_term_string"}}],"inLanguage":"ar"},{"@type":"Organization","@id":"https:\/\/lequotidien.mr\/#organization","name":"Le Quotidien de Nouakchott","url":"https:\/\/lequotidien.mr\/","logo":{"@type":"ImageObject","inLanguage":"ar","@id":"https:\/\/lequotidien.mr\/#\/schema\/logo\/image\/","url":"https:\/\/lequotidien.mr\/wp-content\/uploads\/2022\/11\/logolequotidien.jpg","contentUrl":"https:\/\/lequotidien.mr\/wp-content\/uploads\/2022\/11\/logolequotidien.jpg","width":290,"height":65,"caption":"Le Quotidien de Nouakchott"},"image":{"@id":"https:\/\/lequotidien.mr\/#\/schema\/logo\/image\/"},"sameAs":["https:\/\/web.facebook.com\/lequotidienmr","https:\/\/x.com\/lequotidienmr"]},{"@type":"Person","@id":"https:\/\/lequotidien.mr\/#\/schema\/person\/d2d350202a4d599685ed8abc25f97596","name":"Med Ahmed","image":{"@type":"ImageObject","inLanguage":"ar","@id":"https:\/\/secure.gravatar.com\/avatar\/fd2acc62ed50732923d1d39c17172c9b04149f142be92310ecc69e1358f94b52?s=96&d=mm&r=g","url":"https:\/\/secure.gravatar.com\/avatar\/fd2acc62ed50732923d1d39c17172c9b04149f142be92310ecc69e1358f94b52?s=96&d=mm&r=g","contentUrl":"https:\/\/secure.gravatar.com\/avatar\/fd2acc62ed50732923d1d39c17172c9b04149f142be92310ecc69e1358f94b52?s=96&d=mm&r=g","caption":"Med Ahmed"},"url":"https:\/\/lequotidien.mr\/?author=12"}]}},"_links":{"self":[{"href":"https:\/\/lequotidien.mr\/index.php?rest_route=\/wp\/v2\/posts\/32588","targetHints":{"allow":["GET"]}}],"collection":[{"href":"https:\/\/lequotidien.mr\/index.php?rest_route=\/wp\/v2\/posts"}],"about":[{"href":"https:\/\/lequotidien.mr\/index.php?rest_route=\/wp\/v2\/types\/post"}],"author":[{"embeddable":true,"href":"https:\/\/lequotidien.mr\/index.php?rest_route=\/wp\/v2\/users\/12"}],"replies":[{"embeddable":true,"href":"https:\/\/lequotidien.mr\/index.php?rest_route=%2Fwp%2Fv2%2Fcomments&post=32588"}],"version-history":[{"count":1,"href":"https:\/\/lequotidien.mr\/index.php?rest_route=\/wp\/v2\/posts\/32588\/revisions"}],"predecessor-version":[{"id":32590,"href":"https:\/\/lequotidien.mr\/index.php?rest_route=\/wp\/v2\/posts\/32588\/revisions\/32590"}],"wp:featuredmedia":[{"embeddable":true,"href":"https:\/\/lequotidien.mr\/index.php?rest_route=\/wp\/v2\/media\/32589"}],"wp:attachment":[{"href":"https:\/\/lequotidien.mr\/index.php?rest_route=%2Fwp%2Fv2%2Fmedia&parent=32588"}],"wp:term":[{"taxonomy":"category","embeddable":true,"href":"https:\/\/lequotidien.mr\/index.php?rest_route=%2Fwp%2Fv2%2Fcategories&post=32588"},{"taxonomy":"post_tag","embeddable":true,"href":"https:\/\/lequotidien.mr\/index.php?rest_route=%2Fwp%2Fv2%2Ftags&post=32588"}],"curies":[{"name":"wp","href":"https:\/\/api.w.org\/{rel}","templated":true}]}}