{"id":3255,"date":"2023-01-16T22:28:47","date_gmt":"2023-01-16T22:28:47","guid":{"rendered":"https:\/\/lequotidien.mr\/?p=3255"},"modified":"2023-01-16T22:28:47","modified_gmt":"2023-01-16T22:28:47","slug":"entretien-avec-ahmed-baba-aziz-pdg-du-group-azizi","status":"publish","type":"post","link":"https:\/\/lequotidien.mr\/?p=3255&lang=fr","title":{"rendered":"Entretien avec Ahmed Baba Aziz, PDG du group AZIZI"},"content":{"rendered":"<p>Financial Afrik &#8211; Pr\u00e9sident-fondateur de l\u2019AJEM (Association des Jeunes Entrepreneurs Mauritaniens) dans les ann\u00e9es 1990, Ahmed Baba Azizi deviendra plus tard Pr\u00e9sident du Patronat de Mauritanie.<\/p>\n<p>Il pr\u00e9side aux destin\u00e9es du Groupe Azizi dont les filiales Transac, Macoba TP et ID-Geoservices, entre autres, sont fortement pr\u00e9sentes dans de multiples secteurs tels que le BTP, la p\u00eache industrielle, le transport maritime, le fret a\u00e9rien, les mines et les hydrocarbures.<\/p>\n<p>Dans un entretien exclusif accord\u00e9 \u00e0 Financial Afrik, Ahmed Baba Azizi nous livre son avis et son analyse des perspectives de d\u00e9veloppement \u00e9conomique de la Mauritanie dans un contexte international post- covid marqu\u00e9 par la guerre en Ukraine et la crise \u00e9nerg\u00e9tique subs\u00e9quente.<\/p>\n<p>Au plan national domin\u00e9 par les nouveaux d\u00e9veloppements des projets gaziers et d\u2019hydrog\u00e8ne vert, il nous livre sa lecture des enjeux li\u00e9s \u00e0 l\u2019attraction des investissements \u00e9trangers, \u00e0 l\u2019am\u00e9lioration du climat des affaires ainsi qu\u2019au r\u00f4le majeur du secteur priv\u00e9 en tant que gage de croissance et de prosp\u00e9rit\u00e9.<\/p>\n<p>En tant qu\u2019ancien Pr\u00e9sident du Patronat de Mauritanie et PDG du Groupe Azizi, quel regard en perspective portez-vous par rapport aux opportunit\u00e9s d\u2019investissement en Mauritanie dans le secteur gazier ainsi que dans la production de l\u2019hydrog\u00e8ne vert.<\/p>\n<p>J\u2019ai un regard optimiste quant aux perspectives prometteuses pour la Mauritanie par rapport aux investissements dans ces deux secteurs \u00e9nerg\u00e9tiques. D\u2019un c\u00f4t\u00e9, la d\u00e9couverte et l\u2019exploitation imminente du gaz chez nous dans un contexte de crise \u00e9nerg\u00e9tique mondiale majeure est une chance que la Mauritanie va saisir pour asseoir les bases d\u2019une politique d\u2019industrialisation \u00e0 m\u00eame d\u2019assurer le d\u00e9veloppement et la prosp\u00e9rit\u00e9 du pays.<\/p>\n<p>Et d\u2019un autre c\u00f4t\u00e9, la tendance plan\u00e9taire vers le d\u00e9veloppement des \u00e9nergies renouvelables solaires et \u00e9oliennes ainsi que la production d\u2019hydrog\u00e8ne vert sont une autre source d\u2019optimiste. Car, la Mauritanie dispose de gisements solaires et \u00e9oliens intarissables qui attirent d\u00e9j\u00e0 des projets majeurs de production d\u2019hydrog\u00e8ne vert.<\/p>\n<p>Mon optimisme est en outre renforc\u00e9 par la vision strat\u00e9gique de notre politique de d\u00e9veloppement mise en place par notre gouvernement et qui s\u2019articule autour d\u2019axes principaux tels que le renforcement des institutions publiques, la consolidation du climat des affaires, la promotion des investissements et le d\u00e9veloppement multisectoriel des chaines de valeur.<\/p>\n<p>Pensez-vous que le secteur priv\u00e9 mauritanien est aujourd\u2019hui assez pr\u00e9par\u00e9 pour saisir les opportunit\u00e9s multiformes qu\u2019offre le d\u00e9veloppement des projets gaziers et d\u2019hydrog\u00e8ne vert?<\/p>\n<p>D\u2019abord, sachez que l\u2019approche du partenariat public-priv\u00e9 est la voie aujourd\u2019hui privil\u00e9gi\u00e9e en Mauritanie, ce qui instaure d\u00e9j\u00e0 un climat de dialogue serein entre les pouvoirs publics et le secteur priv\u00e9. Le capital priv\u00e9 est non seulement mis \u00e0 contribution mais il est encourag\u00e9 avec de multiples m\u00e9canismes d\u2019incitation \u00e0 l\u2019investissement.<\/p>\n<p>Cependant, pour saisir pleinement les opportunit\u00e9s en lien avec les pro- jets gaziers, notre secteur priv\u00e9 s\u2019est d\u00e9j\u00e0 engag\u00e9 dans une dynamique de mise aux normes et de renforce- ment des capacit\u00e9s de notre capital humain afin de pouvoir r\u00e9pondre aux crit\u00e8res des standards internationaux en la mati\u00e8re. Nous savons que c\u2019est la voie \u00e0 prendre pour capter le maxi- mum des investissements internationaux dans ces projets tout en optimisant notre contribution en tant que \u00ab contenu local \u00bb.<\/p>\n<p>Quant aux projets d\u2019hydrog\u00e8ne vert, les opportunit\u00e9s pour notre secteur priv\u00e9 se manifesteront pour l\u2019essentiel dans l\u2019investissement et le d\u00e9veloppement des chaines de valeurs associ\u00e9es \u00e0 ce type de projets : logis- tique sp\u00e9cialis\u00e9e, fabrication et fourniture des composants et pi\u00e8ces de rechange, assemblage, montage et maintenance op\u00e9rationnelle, etc.A savoir que c\u2019est notre degr\u00e9 de pr\u00e9paration aujourd\u2019hui qui est le gage de notre expertise de demain.<\/p>\n<p>Avec le gaz d\u00e9couvert en Mauritanie et au S\u00e9n\u00e9gal, comment percevez-vous ces opportunit\u00e9s pour les deux pays en termes d\u2019industrialisation et de d\u00e9veloppement?<\/p>\n<p>Autant pour la Mauritanie que pour le S\u00e9n\u00e9gal, ces opportunit\u00e9s vont se traduire d\u2019abord par la disponibilit\u00e9 d\u2019une \u00e9lectricit\u00e9 propre et abordable<\/p>\n<p>pour servir les projets de d\u00e9veloppe- ment industriel. Ainsi, se cr\u00e9era un tissu industriel assez viable pour attirer les investissements \u00e9trangers et du coup assurer un certain niveau de prosp\u00e9rit\u00e9 socio\u00e9conomique \u00e0 travers la cr\u00e9ation d\u2019emplois et la contribution au PIB des deux pays. Ensuite, la rente gazi\u00e8re servira \u00e0 d\u00e9velopper les autres secteurs productifs tels que l\u2019agriculture et la p\u00eache.<\/p>\n<p>En outre, l\u2019interconnexion r\u00e9gionale et les \u00e9changes transfrontaliers connaitront un essor substantiel \u00e0 la faveur de ces deux facteurs : la production d\u2019une \u00e9lectricit\u00e9 \u00e0 moindre co\u00fbt et le d\u00e9veloppement industriel.<\/p>\n<p>Vous \u00eates Consul G\u00e9n\u00e9ral d\u2019Italie en Mauritanie et \u00e0 ce titre comment envisagez-vous la coop\u00e9ration bilat\u00e9rale ainsi que les \u00e9changes commerciaux avec l\u2019Europe dans le contexte de la crise \u00e9nerg\u00e9tique mondiale actuelle?<\/p>\n<p>La Mauritanie a toujours eu de tr\u00e8s bonnes relations de partenariat avec l\u2019Europe et, aujourd\u2019hui plus que ja- mais, celles-ci se verront consolid\u00e9es dans le contexte de la crise \u00e9nerg\u00e9tique actuelle. Que ce soit avec l\u2019Union Europ\u00e9enne en tant qu\u2019entit\u00e9 ou avec les pays europ\u00e9ens \u2013 en particulier l\u2019Italie, la France, l\u2019Allemagne et l\u2019Espagne \u2013 nos relations continuent de se renforcer en mati\u00e8re d\u2019\u00e9changes commerciaux, d\u2019aide au d\u00e9veloppement et de coop\u00e9ration bilat\u00e9rale.<\/p>\n<p>Le monde tend vers une transition \u00e9nerg\u00e9tique pleine d\u2019incertitudes et de d\u00e9fis, quel r\u00f4le pensez-vous que l\u2019Afrique pourra y jouer \u00e0 l\u2019\u00e9chelle internationale?<\/p>\n<p>D\u2019abord, l\u2019Afrique a encore besoin d\u2019exploiter ses ressources \u00e9nerg\u00e9tiques fossiles pour sortir de la pr\u00e9carit\u00e9 \u00e9conomique tout en consid\u00e9rant le d\u00e9veloppement du mix \u00e9nerg\u00e9tique comme premi\u00e8re \u00e9tape vers une transition \u00e9nerg\u00e9tique \u00e0 terme. Cependant, l\u2019agenda pour l\u2019Afrique ne peut pas rejoindre celui des pays industrialis\u00e9s qui d\u00e9j\u00e0 \u2013 pour la plu- part \u2013 pr\u00f4nent la limitation des investissements dans l\u2019exploitation des combustibles fossiles.<\/p>\n<p>Toutefois, le respect de l\u2019Accord de Paris sur le Climat avec ses louables objectifs de neutralit\u00e9 carbone d\u2019ici le milieu du si\u00e8cle s\u2019est vu confront\u00e9 \u00e0 un contexte g\u00e9opolitique mondial \u2013 impr\u00e9vu dans son ampleur \u2013 qui est venu bousculer plus d\u2019un agenda. N\u00e9anmoins, l\u2019Afrique est aujourd\u2019hui au c\u0153ur de tous les enjeux g\u00e9ostrat\u00e9giques internationaux ; de l\u2019exploitation p\u00e9troli\u00e8re et gazi\u00e8re \u00e0 celle des ressources mini\u00e8res en passant par la production de l\u2019hydrog\u00e8ne vert.<\/p>\n","protected":false},"excerpt":{"rendered":"<p>Financial Afrik &#8211; Pr\u00e9sident-fondateur de l\u2019AJEM (Association des Jeunes Entrepreneurs Mauritaniens) dans les ann\u00e9es 1990, Ahmed Baba Azizi deviendra plus tard Pr\u00e9sident du Patronat de Mauritanie. Il pr\u00e9side aux destin\u00e9es du Groupe Azizi dont les filiales Transac, Macoba TP et ID-Geoservices, entre autres, sont fortement pr\u00e9sentes dans de multiples secteurs tels que le BTP, la&#8230;..<\/p>\n","protected":false},"author":5,"featured_media":3256,"comment_status":"open","ping_status":"open","sticky":false,"template":"","format":"standard","meta":{"footnotes":""},"categories":[23,49],"tags":[],"class_list":["post-3255","post","type-post","status-publish","format-standard","has-post-thumbnail","hentry","category-actualite","category-economie"],"yoast_head":"<!-- This site is optimized with the Yoast SEO plugin v27.5 - https:\/\/yoast.com\/product\/yoast-seo-wordpress\/ -->\n<title>Entretien avec Ahmed Baba Aziz, PDG du group AZIZI - Le Quotidien de Nouakchott<\/title>\n<meta name=\"robots\" content=\"index, follow, max-snippet:-1, max-image-preview:large, max-video-preview:-1\" \/>\n<link rel=\"canonical\" href=\"https:\/\/lequotidien.mr\/?p=3255&lang=fr\" \/>\n<meta property=\"og:locale\" content=\"ar_AR\" \/>\n<meta property=\"og:type\" content=\"article\" \/>\n<meta property=\"og:title\" content=\"Entretien avec Ahmed Baba Aziz, PDG du group AZIZI - Le Quotidien de Nouakchott\" \/>\n<meta property=\"og:description\" content=\"Financial Afrik &#8211; Pr\u00e9sident-fondateur de l\u2019AJEM (Association des Jeunes Entrepreneurs Mauritaniens) dans les ann\u00e9es 1990, Ahmed Baba Azizi deviendra plus tard Pr\u00e9sident du Patronat de Mauritanie. Il pr\u00e9side aux destin\u00e9es du Groupe Azizi dont les filiales Transac, Macoba TP et ID-Geoservices, entre autres, sont fortement pr\u00e9sentes dans de multiples secteurs tels que le BTP, la.....\" \/>\n<meta property=\"og:url\" content=\"https:\/\/lequotidien.mr\/?p=3255&amp;lang=fr\" \/>\n<meta property=\"og:site_name\" content=\"Le Quotidien de Nouakchott\" \/>\n<meta property=\"article:publisher\" content=\"https:\/\/web.facebook.com\/lequotidienmr\" \/>\n<meta property=\"article:published_time\" content=\"2023-01-16T22:28:47+00:00\" \/>\n<meta property=\"og:image\" content=\"https:\/\/lequotidien.mr\/wp-content\/uploads\/2023\/01\/ahmed_baba_aziz_65_gh.jpg\" \/>\n\t<meta property=\"og:image:width\" content=\"473\" \/>\n\t<meta property=\"og:image:height\" content=\"330\" \/>\n\t<meta property=\"og:image:type\" content=\"image\/jpeg\" \/>\n<meta name=\"author\" content=\"Gayi Diawara\" \/>\n<meta name=\"twitter:card\" content=\"summary_large_image\" \/>\n<meta name=\"twitter:creator\" content=\"@lequotidienmr\" \/>\n<meta name=\"twitter:site\" content=\"@lequotidienmr\" \/>\n<meta name=\"twitter:label1\" content=\"\u0643\u064f\u062a\u0628 \u0628\u0648\u0627\u0633\u0637\u0629\" \/>\n\t<meta name=\"twitter:data1\" content=\"Gayi Diawara\" \/>\n\t<meta name=\"twitter:label2\" content=\"\u0648\u0642\u062a \u0627\u0644\u0642\u0631\u0627\u0621\u0629 \u0627\u0644\u0645\u064f\u0642\u062f\u0651\u0631\" \/>\n\t<meta name=\"twitter:data2\" content=\"5 \u062f\u0642\u0627\u0626\u0642\" \/>\n<script type=\"application\/ld+json\" class=\"yoast-schema-graph\">{\"@context\":\"https:\\\/\\\/schema.org\",\"@graph\":[{\"@type\":\"Article\",\"@id\":\"https:\\\/\\\/lequotidien.mr\\\/?p=3255&lang=fr#article\",\"isPartOf\":{\"@id\":\"https:\\\/\\\/lequotidien.mr\\\/?p=3255&lang=fr\"},\"author\":{\"name\":\"Gayi Diawara\",\"@id\":\"https:\\\/\\\/lequotidien.mr\\\/#\\\/schema\\\/person\\\/1077c8abd5640a6514b909318d271dee\"},\"headline\":\"Entretien avec Ahmed Baba Aziz, PDG du group AZIZI\",\"datePublished\":\"2023-01-16T22:28:47+00:00\",\"mainEntityOfPage\":{\"@id\":\"https:\\\/\\\/lequotidien.mr\\\/?p=3255&lang=fr\"},\"wordCount\":1149,\"commentCount\":0,\"publisher\":{\"@id\":\"https:\\\/\\\/lequotidien.mr\\\/#organization\"},\"image\":{\"@id\":\"https:\\\/\\\/lequotidien.mr\\\/?p=3255&lang=fr#primaryimage\"},\"thumbnailUrl\":\"https:\\\/\\\/lequotidien.mr\\\/wp-content\\\/uploads\\\/2023\\\/01\\\/ahmed_baba_aziz_65_gh.jpg\",\"articleSection\":[\"ACTUALIT\u00c9\",\"Economie\"],\"inLanguage\":\"ar\",\"potentialAction\":[{\"@type\":\"CommentAction\",\"name\":\"Comment\",\"target\":[\"https:\\\/\\\/lequotidien.mr\\\/?p=3255&lang=fr#respond\"]}]},{\"@type\":\"WebPage\",\"@id\":\"https:\\\/\\\/lequotidien.mr\\\/?p=3255&lang=fr\",\"url\":\"https:\\\/\\\/lequotidien.mr\\\/?p=3255&lang=fr\",\"name\":\"Entretien avec Ahmed Baba Aziz, PDG du group AZIZI - Le Quotidien de Nouakchott\",\"isPartOf\":{\"@id\":\"https:\\\/\\\/lequotidien.mr\\\/#website\"},\"primaryImageOfPage\":{\"@id\":\"https:\\\/\\\/lequotidien.mr\\\/?p=3255&lang=fr#primaryimage\"},\"image\":{\"@id\":\"https:\\\/\\\/lequotidien.mr\\\/?p=3255&lang=fr#primaryimage\"},\"thumbnailUrl\":\"https:\\\/\\\/lequotidien.mr\\\/wp-content\\\/uploads\\\/2023\\\/01\\\/ahmed_baba_aziz_65_gh.jpg\",\"datePublished\":\"2023-01-16T22:28:47+00:00\",\"breadcrumb\":{\"@id\":\"https:\\\/\\\/lequotidien.mr\\\/?p=3255&lang=fr#breadcrumb\"},\"inLanguage\":\"ar\",\"potentialAction\":[{\"@type\":\"ReadAction\",\"target\":[\"https:\\\/\\\/lequotidien.mr\\\/?p=3255&lang=fr\"]}]},{\"@type\":\"ImageObject\",\"inLanguage\":\"ar\",\"@id\":\"https:\\\/\\\/lequotidien.mr\\\/?p=3255&lang=fr#primaryimage\",\"url\":\"https:\\\/\\\/lequotidien.mr\\\/wp-content\\\/uploads\\\/2023\\\/01\\\/ahmed_baba_aziz_65_gh.jpg\",\"contentUrl\":\"https:\\\/\\\/lequotidien.mr\\\/wp-content\\\/uploads\\\/2023\\\/01\\\/ahmed_baba_aziz_65_gh.jpg\",\"width\":473,\"height\":330},{\"@type\":\"BreadcrumbList\",\"@id\":\"https:\\\/\\\/lequotidien.mr\\\/?p=3255&lang=fr#breadcrumb\",\"itemListElement\":[{\"@type\":\"ListItem\",\"position\":1,\"name\":\"Home\",\"item\":\"https:\\\/\\\/lequotidien.mr\\\/\"},{\"@type\":\"ListItem\",\"position\":2,\"name\":\"Entretien avec Ahmed Baba Aziz, PDG du group AZIZI\"}]},{\"@type\":\"WebSite\",\"@id\":\"https:\\\/\\\/lequotidien.mr\\\/#website\",\"url\":\"https:\\\/\\\/lequotidien.mr\\\/\",\"name\":\"Le Quotidien de Nouakchott\",\"description\":\"\u0625\u062e\u0628\u0627\u0631\u064a\u0629 \u0645\u0633\u062a\u0642\u0644\u0629 \u0644\u0644\u0623\u0646\u0628\u0627\u0621 \u0627\u0644\u0639\u0627\u0645\u0629\",\"publisher\":{\"@id\":\"https:\\\/\\\/lequotidien.mr\\\/#organization\"},\"potentialAction\":[{\"@type\":\"SearchAction\",\"target\":{\"@type\":\"EntryPoint\",\"urlTemplate\":\"https:\\\/\\\/lequotidien.mr\\\/?s={search_term_string}\"},\"query-input\":{\"@type\":\"PropertyValueSpecification\",\"valueRequired\":true,\"valueName\":\"search_term_string\"}}],\"inLanguage\":\"ar\"},{\"@type\":\"Organization\",\"@id\":\"https:\\\/\\\/lequotidien.mr\\\/#organization\",\"name\":\"Le Quotidien de Nouakchott\",\"url\":\"https:\\\/\\\/lequotidien.mr\\\/\",\"logo\":{\"@type\":\"ImageObject\",\"inLanguage\":\"ar\",\"@id\":\"https:\\\/\\\/lequotidien.mr\\\/#\\\/schema\\\/logo\\\/image\\\/\",\"url\":\"https:\\\/\\\/lequotidien.mr\\\/wp-content\\\/uploads\\\/2022\\\/11\\\/logolequotidien.jpg\",\"contentUrl\":\"https:\\\/\\\/lequotidien.mr\\\/wp-content\\\/uploads\\\/2022\\\/11\\\/logolequotidien.jpg\",\"width\":290,\"height\":65,\"caption\":\"Le Quotidien de Nouakchott\"},\"image\":{\"@id\":\"https:\\\/\\\/lequotidien.mr\\\/#\\\/schema\\\/logo\\\/image\\\/\"},\"sameAs\":[\"https:\\\/\\\/web.facebook.com\\\/lequotidienmr\",\"https:\\\/\\\/x.com\\\/lequotidienmr\"]},{\"@type\":\"Person\",\"@id\":\"https:\\\/\\\/lequotidien.mr\\\/#\\\/schema\\\/person\\\/1077c8abd5640a6514b909318d271dee\",\"name\":\"Gayi Diawara\",\"image\":{\"@type\":\"ImageObject\",\"inLanguage\":\"ar\",\"@id\":\"https:\\\/\\\/secure.gravatar.com\\\/avatar\\\/63ea8db1e19a6d2d608b24c0f78b5f3a7d6e0bc11959fec273410af333e4d0ac?s=96&d=mm&r=g\",\"url\":\"https:\\\/\\\/secure.gravatar.com\\\/avatar\\\/63ea8db1e19a6d2d608b24c0f78b5f3a7d6e0bc11959fec273410af333e4d0ac?s=96&d=mm&r=g\",\"contentUrl\":\"https:\\\/\\\/secure.gravatar.com\\\/avatar\\\/63ea8db1e19a6d2d608b24c0f78b5f3a7d6e0bc11959fec273410af333e4d0ac?s=96&d=mm&r=g\",\"caption\":\"Gayi Diawara\"},\"sameAs\":[\"http:\\\/\\\/lequotidien.mr\"],\"url\":\"https:\\\/\\\/lequotidien.mr\\\/?author=5\"}]}<\/script>\n<!-- \/ Yoast SEO plugin. -->","yoast_head_json":{"title":"Entretien avec Ahmed Baba Aziz, PDG du group AZIZI - Le Quotidien de Nouakchott","robots":{"index":"index","follow":"follow","max-snippet":"max-snippet:-1","max-image-preview":"max-image-preview:large","max-video-preview":"max-video-preview:-1"},"canonical":"https:\/\/lequotidien.mr\/?p=3255&lang=fr","og_locale":"ar_AR","og_type":"article","og_title":"Entretien avec Ahmed Baba Aziz, PDG du group AZIZI - Le Quotidien de Nouakchott","og_description":"Financial Afrik &#8211; Pr\u00e9sident-fondateur de l\u2019AJEM (Association des Jeunes Entrepreneurs Mauritaniens) dans les ann\u00e9es 1990, Ahmed Baba Azizi deviendra plus tard Pr\u00e9sident du Patronat de Mauritanie. Il pr\u00e9side aux destin\u00e9es du Groupe Azizi dont les filiales Transac, Macoba TP et ID-Geoservices, entre autres, sont fortement pr\u00e9sentes dans de multiples secteurs tels que le BTP, la.....","og_url":"https:\/\/lequotidien.mr\/?p=3255&lang=fr","og_site_name":"Le Quotidien de Nouakchott","article_publisher":"https:\/\/web.facebook.com\/lequotidienmr","article_published_time":"2023-01-16T22:28:47+00:00","og_image":[{"width":473,"height":330,"url":"https:\/\/lequotidien.mr\/wp-content\/uploads\/2023\/01\/ahmed_baba_aziz_65_gh.jpg","type":"image\/jpeg"}],"author":"Gayi Diawara","twitter_card":"summary_large_image","twitter_creator":"@lequotidienmr","twitter_site":"@lequotidienmr","twitter_misc":{"\u0643\u064f\u062a\u0628 \u0628\u0648\u0627\u0633\u0637\u0629":"Gayi Diawara","\u0648\u0642\u062a \u0627\u0644\u0642\u0631\u0627\u0621\u0629 \u0627\u0644\u0645\u064f\u0642\u062f\u0651\u0631":"5 \u062f\u0642\u0627\u0626\u0642"},"schema":{"@context":"https:\/\/schema.org","@graph":[{"@type":"Article","@id":"https:\/\/lequotidien.mr\/?p=3255&lang=fr#article","isPartOf":{"@id":"https:\/\/lequotidien.mr\/?p=3255&lang=fr"},"author":{"name":"Gayi Diawara","@id":"https:\/\/lequotidien.mr\/#\/schema\/person\/1077c8abd5640a6514b909318d271dee"},"headline":"Entretien avec Ahmed Baba Aziz, PDG du group AZIZI","datePublished":"2023-01-16T22:28:47+00:00","mainEntityOfPage":{"@id":"https:\/\/lequotidien.mr\/?p=3255&lang=fr"},"wordCount":1149,"commentCount":0,"publisher":{"@id":"https:\/\/lequotidien.mr\/#organization"},"image":{"@id":"https:\/\/lequotidien.mr\/?p=3255&lang=fr#primaryimage"},"thumbnailUrl":"https:\/\/lequotidien.mr\/wp-content\/uploads\/2023\/01\/ahmed_baba_aziz_65_gh.jpg","articleSection":["ACTUALIT\u00c9","Economie"],"inLanguage":"ar","potentialAction":[{"@type":"CommentAction","name":"Comment","target":["https:\/\/lequotidien.mr\/?p=3255&lang=fr#respond"]}]},{"@type":"WebPage","@id":"https:\/\/lequotidien.mr\/?p=3255&lang=fr","url":"https:\/\/lequotidien.mr\/?p=3255&lang=fr","name":"Entretien avec Ahmed Baba Aziz, PDG du group AZIZI - Le Quotidien de Nouakchott","isPartOf":{"@id":"https:\/\/lequotidien.mr\/#website"},"primaryImageOfPage":{"@id":"https:\/\/lequotidien.mr\/?p=3255&lang=fr#primaryimage"},"image":{"@id":"https:\/\/lequotidien.mr\/?p=3255&lang=fr#primaryimage"},"thumbnailUrl":"https:\/\/lequotidien.mr\/wp-content\/uploads\/2023\/01\/ahmed_baba_aziz_65_gh.jpg","datePublished":"2023-01-16T22:28:47+00:00","breadcrumb":{"@id":"https:\/\/lequotidien.mr\/?p=3255&lang=fr#breadcrumb"},"inLanguage":"ar","potentialAction":[{"@type":"ReadAction","target":["https:\/\/lequotidien.mr\/?p=3255&lang=fr"]}]},{"@type":"ImageObject","inLanguage":"ar","@id":"https:\/\/lequotidien.mr\/?p=3255&lang=fr#primaryimage","url":"https:\/\/lequotidien.mr\/wp-content\/uploads\/2023\/01\/ahmed_baba_aziz_65_gh.jpg","contentUrl":"https:\/\/lequotidien.mr\/wp-content\/uploads\/2023\/01\/ahmed_baba_aziz_65_gh.jpg","width":473,"height":330},{"@type":"BreadcrumbList","@id":"https:\/\/lequotidien.mr\/?p=3255&lang=fr#breadcrumb","itemListElement":[{"@type":"ListItem","position":1,"name":"Home","item":"https:\/\/lequotidien.mr\/"},{"@type":"ListItem","position":2,"name":"Entretien avec Ahmed Baba Aziz, PDG du group AZIZI"}]},{"@type":"WebSite","@id":"https:\/\/lequotidien.mr\/#website","url":"https:\/\/lequotidien.mr\/","name":"Le Quotidien de Nouakchott","description":"\u0625\u062e\u0628\u0627\u0631\u064a\u0629 \u0645\u0633\u062a\u0642\u0644\u0629 \u0644\u0644\u0623\u0646\u0628\u0627\u0621 \u0627\u0644\u0639\u0627\u0645\u0629","publisher":{"@id":"https:\/\/lequotidien.mr\/#organization"},"potentialAction":[{"@type":"SearchAction","target":{"@type":"EntryPoint","urlTemplate":"https:\/\/lequotidien.mr\/?s={search_term_string}"},"query-input":{"@type":"PropertyValueSpecification","valueRequired":true,"valueName":"search_term_string"}}],"inLanguage":"ar"},{"@type":"Organization","@id":"https:\/\/lequotidien.mr\/#organization","name":"Le Quotidien de Nouakchott","url":"https:\/\/lequotidien.mr\/","logo":{"@type":"ImageObject","inLanguage":"ar","@id":"https:\/\/lequotidien.mr\/#\/schema\/logo\/image\/","url":"https:\/\/lequotidien.mr\/wp-content\/uploads\/2022\/11\/logolequotidien.jpg","contentUrl":"https:\/\/lequotidien.mr\/wp-content\/uploads\/2022\/11\/logolequotidien.jpg","width":290,"height":65,"caption":"Le Quotidien de Nouakchott"},"image":{"@id":"https:\/\/lequotidien.mr\/#\/schema\/logo\/image\/"},"sameAs":["https:\/\/web.facebook.com\/lequotidienmr","https:\/\/x.com\/lequotidienmr"]},{"@type":"Person","@id":"https:\/\/lequotidien.mr\/#\/schema\/person\/1077c8abd5640a6514b909318d271dee","name":"Gayi Diawara","image":{"@type":"ImageObject","inLanguage":"ar","@id":"https:\/\/secure.gravatar.com\/avatar\/63ea8db1e19a6d2d608b24c0f78b5f3a7d6e0bc11959fec273410af333e4d0ac?s=96&d=mm&r=g","url":"https:\/\/secure.gravatar.com\/avatar\/63ea8db1e19a6d2d608b24c0f78b5f3a7d6e0bc11959fec273410af333e4d0ac?s=96&d=mm&r=g","contentUrl":"https:\/\/secure.gravatar.com\/avatar\/63ea8db1e19a6d2d608b24c0f78b5f3a7d6e0bc11959fec273410af333e4d0ac?s=96&d=mm&r=g","caption":"Gayi Diawara"},"sameAs":["http:\/\/lequotidien.mr"],"url":"https:\/\/lequotidien.mr\/?author=5"}]}},"_links":{"self":[{"href":"https:\/\/lequotidien.mr\/index.php?rest_route=\/wp\/v2\/posts\/3255","targetHints":{"allow":["GET"]}}],"collection":[{"href":"https:\/\/lequotidien.mr\/index.php?rest_route=\/wp\/v2\/posts"}],"about":[{"href":"https:\/\/lequotidien.mr\/index.php?rest_route=\/wp\/v2\/types\/post"}],"author":[{"embeddable":true,"href":"https:\/\/lequotidien.mr\/index.php?rest_route=\/wp\/v2\/users\/5"}],"replies":[{"embeddable":true,"href":"https:\/\/lequotidien.mr\/index.php?rest_route=%2Fwp%2Fv2%2Fcomments&post=3255"}],"version-history":[{"count":1,"href":"https:\/\/lequotidien.mr\/index.php?rest_route=\/wp\/v2\/posts\/3255\/revisions"}],"predecessor-version":[{"id":3257,"href":"https:\/\/lequotidien.mr\/index.php?rest_route=\/wp\/v2\/posts\/3255\/revisions\/3257"}],"wp:featuredmedia":[{"embeddable":true,"href":"https:\/\/lequotidien.mr\/index.php?rest_route=\/wp\/v2\/media\/3256"}],"wp:attachment":[{"href":"https:\/\/lequotidien.mr\/index.php?rest_route=%2Fwp%2Fv2%2Fmedia&parent=3255"}],"wp:term":[{"taxonomy":"category","embeddable":true,"href":"https:\/\/lequotidien.mr\/index.php?rest_route=%2Fwp%2Fv2%2Fcategories&post=3255"},{"taxonomy":"post_tag","embeddable":true,"href":"https:\/\/lequotidien.mr\/index.php?rest_route=%2Fwp%2Fv2%2Ftags&post=3255"}],"curies":[{"name":"wp","href":"https:\/\/api.w.org\/{rel}","templated":true}]}}